{"id":21212,"date":"2021-05-13T12:00:07","date_gmt":"2021-05-13T11:00:07","guid":{"rendered":"https:\/\/jornaldasoficinas.com\/pt\/?p=21212"},"modified":"2021-05-11T22:25:17","modified_gmt":"2021-05-11T21:25:17","slug":"liqui-moly-nao-para-de-crescer","status":"publish","type":"post","link":"https:\/\/jornaldasoficinas.com\/pt\/liqui-moly-nao-para-de-crescer\/","title":{"rendered":"LIQUI MOLY n\u00e3o para de crescer"},"content":{"rendered":"<p><strong><img loading=\"lazy\" decoding=\"async\" class=\"alignnone wp-image-21183 size-full\" src=\"https:\/\/jornaldasoficinas.com\/pt\/wp-content\/uploads\/2021\/05\/LIQUI-MOLY-nao-para-de-crescer.jpeg\" alt=\"05 - LIQUI-MOLY-nao-para-de-crescer\" width=\"1024\" height=\"581\" srcset=\"https:\/\/jornaldasoficinas.com\/pt\/wp-content\/uploads\/2021\/05\/LIQUI-MOLY-nao-para-de-crescer.jpeg 1024w, https:\/\/jornaldasoficinas.com\/pt\/wp-content\/uploads\/2021\/05\/LIQUI-MOLY-nao-para-de-crescer-300x170.jpeg 300w, https:\/\/jornaldasoficinas.com\/pt\/wp-content\/uploads\/2021\/05\/LIQUI-MOLY-nao-para-de-crescer-150x85.jpeg 150w, https:\/\/jornaldasoficinas.com\/pt\/wp-content\/uploads\/2021\/05\/LIQUI-MOLY-nao-para-de-crescer-768x436.jpeg 768w\" sizes=\"auto, (max-width: 1024px) 100vw, 1024px\" \/><\/strong><\/p>\n<p><strong>O forte crescimento das vendas da LIQUI MOLY continuou tamb\u00e9m no m\u00eas de abril. Com 60 milh\u00f5es de euros, o volume de vendas ficou 60 por cento acima do m\u00eas hom\u00f3logo do ano anterior, que naturalmente tamb\u00e9m j\u00e1 tinha sido marcado pela quebra da procura provocada pela pandemia. Mas mesmo em compara\u00e7\u00e3o com abril de 2019, o aumento \u00e9 de 26 por cento.<\/strong><\/p>\n<p>O m\u00eas de mar\u00e7o foi o m\u00eas mais bem-sucedido da hist\u00f3ria da empresa, com um volume de vendas de 65 milh\u00f5es de euros. &#8220;N\u00e3o conseguimos chegar a este n\u00edvel em abril, mas este m\u00eas mostra tamb\u00e9m um enorme desempenho de toda a equipa&#8221;, afirma Ernst Prost. Tradicionalmente, o crescimento foi mais forte a n\u00edvel internacional do que na Alemanha, onde a <a href=\"https:\/\/www.liqui-moly.com\/pt\/pt\/\" target=\"_blank\" rel=\"noopener\">LIQUI MOLY<\/a> j\u00e1 tem uma quota de mercado significativa, pelo que \u00e9 dif\u00edcil continuar a crescer.<\/p>\n<p>Na LIQUI MOLY Iberia, o m\u00eas de abril foi tamb\u00e9m de forte crescimento, mantendo o elevado ritmo do primeiro trimestre deste ano, o melhor de sempre na sucursal ib\u00e9rica. &#8220;Em compara\u00e7\u00e3o com o m\u00eas de abril de 2020, o crescimento em 2021 rondou os 400%, ainda que a compara\u00e7\u00e3o seja afetada pelas limita\u00e7\u00f5es globais no ano passado. Ainda assim, se compararmos com o mesmo m\u00eas de 2019, o crescimento foi de uns s\u00f3lidos 37%\u201c, sublinha Matthias Bleicher, CEO da LIQUI MOLY Iberia.<\/p>\n<p>Ao olhar para os primeiros quatro meses deste ano, a LIQUI MOLY, a n\u00edvel global, cresceu sobretudo nas regi\u00f5es estrat\u00e9gicas onde opera atrav\u00e9s de filiais pr\u00f3prias: em It\u00e1lia, na Austr\u00e1lia e na \u00c1frica do Sul, o volume de vendas duplicou em compara\u00e7\u00e3o com o per\u00edodo hom\u00f3logo do ano anterior, sendo que, at\u00e9 nos EUA e no Canad\u00e1, o maior mercado depois da Alemanha, o volume de vendas aumentou mais de 40%. Na LIQUI MOLY Iberia o crescimento acumulado nos primeiros quatro meses do ano \u00e9 de 82% face ao mesmo per\u00edodo de 2020 e de 59% em compara\u00e7\u00e3o com 2019.<\/p>\n<p>Este crescimento \u00e9 o resultado da estrat\u00e9gia de investimento anti-c\u00edclica dos \u00faltimos 12 meses. &#8220;Al\u00e9m disso, alguns concorrentes parecem estar ainda em hiberna\u00e7\u00e3o&#8221;, indica Ernst Prost. No entanto, o \u00eaxito tem tamb\u00e9m um inconveniente: &#8220;Temos de nos esfor\u00e7ar para conseguir receber mat\u00e9rias-primas suficientes. E, depois, temos de procurar desesperadamente contentores para o transporte mar\u00edtimo, de forma a conseguirmos fazer chegar os nossos \u00f3leos e aditivos at\u00e9 aos nossos clientes&#8221;, explica Ernst Prost. &#8220;\u00c9 uma luta di\u00e1ria, mas acabamos sempre por conseguir.&#8221;<\/p>\n<p>\u00c9 claro que a LIQUI MOLY tamb\u00e9m se ressente das limita\u00e7\u00f5es impostas pela pandemia em muitos pa\u00edses. No entanto, gra\u00e7as \u00e0 sua estrat\u00e9gia de diversifica\u00e7\u00e3o a n\u00edvel internacional, a empresa consegue compensar a quebra da atividade num pa\u00eds com o aumento do neg\u00f3cio noutros pa\u00edses. &#8220;De uma forma geral, vemos, no entanto, que a vida empresarial a n\u00edvel mundial est\u00e1 cada vez mais a retomar&#8221;, afirma Ernst Prost. &#8220;Esperamos poder regressar \u00e0 normalidade ao longo do ano.&#8221;<\/p>\n","protected":false},"excerpt":{"rendered":"<p>O forte crescimento das vendas da&#8230;<\/p>\n","protected":false},"author":15,"featured_media":21183,"comment_status":"closed","ping_status":"closed","sticky":false,"template":"","format":"standard","meta":{"footnotes":""},"categories":[29],"tags":[272],"class_list":["post-21212","post","type-post","status-publish","format-standard","has-post-thumbnail","hentry","category-empresas","tag-liqui-moly"],"yoast_head":"<!-- This site is optimized with the Yoast SEO plugin v27.4 - https:\/\/yoast.com\/product\/yoast-seo-wordpress\/ -->\n<title>LIQUI MOLY n\u00e3o para de crescer - Jornal das Oficinas<\/title>\n<meta name=\"description\" content=\"O forte crescimento das vendas da LIQUI MOLY continuou tamb\u00e9m no m\u00eas de abril. Com 60 milh\u00f5es de euros, o volume de vendas ficou 60 por cento acima\" \/>\n<meta name=\"robots\" content=\"index, follow, max-snippet:-1, max-image-preview:large, max-video-preview:-1\" \/>\n<link rel=\"canonical\" href=\"https:\/\/jornaldasoficinas.com\/pt\/liqui-moly-nao-para-de-crescer\/\" \/>\n<meta property=\"og:locale\" content=\"pt_PT\" \/>\n<meta property=\"og:type\" content=\"article\" \/>\n<meta property=\"og:title\" content=\"LIQUI MOLY n\u00e3o para de crescer - Jornal das Oficinas\" \/>\n<meta property=\"og:description\" content=\"O forte crescimento das vendas da LIQUI MOLY continuou tamb\u00e9m no m\u00eas de abril. Com 60 milh\u00f5es de euros, o volume de vendas ficou 60 por cento acima\" \/>\n<meta property=\"og:url\" content=\"https:\/\/jornaldasoficinas.com\/pt\/liqui-moly-nao-para-de-crescer\/\" \/>\n<meta property=\"og:site_name\" content=\"Jornal das Oficinas\" \/>\n<meta property=\"article:publisher\" content=\"https:\/\/www.facebook.com\/jornaloficinas\" \/>\n<meta property=\"article:published_time\" content=\"2021-05-13T11:00:07+00:00\" \/>\n<meta property=\"og:image\" content=\"https:\/\/jornaldasoficinas.com\/pt\/wp-content\/uploads\/2021\/05\/LIQUI-MOLY-nao-para-de-crescer.jpeg\" \/>\n\t<meta property=\"og:image:width\" content=\"1024\" \/>\n\t<meta property=\"og:image:height\" content=\"581\" \/>\n\t<meta property=\"og:image:type\" content=\"image\/jpeg\" \/>\n<meta name=\"author\" content=\"Reda\u00e7\u00e3o JO\" \/>\n<meta name=\"twitter:card\" content=\"summary_large_image\" \/>\n<meta name=\"twitter:creator\" content=\"@jornaloficinas\" \/>\n<meta name=\"twitter:site\" content=\"@jornaloficinas\" \/>\n<meta name=\"twitter:label1\" content=\"Escrito por\" \/>\n\t<meta name=\"twitter:data1\" content=\"Reda\u00e7\u00e3o JO\" \/>\n\t<meta name=\"twitter:label2\" content=\"Tempo estimado de leitura\" \/>\n\t<meta name=\"twitter:data2\" content=\"3 minutos\" \/>\n<script type=\"application\/ld+json\" class=\"yoast-schema-graph\">{\"@context\":\"https:\\\/\\\/schema.org\",\"@graph\":[{\"@type\":\"Article\",\"@id\":\"https:\\\/\\\/jornaldasoficinas.com\\\/pt\\\/liqui-moly-nao-para-de-crescer\\\/#article\",\"isPartOf\":{\"@id\":\"https:\\\/\\\/jornaldasoficinas.com\\\/pt\\\/liqui-moly-nao-para-de-crescer\\\/\"},\"author\":{\"name\":\"Reda\u00e7\u00e3o JO\",\"@id\":\"https:\\\/\\\/jornaldasoficinas.com\\\/pt\\\/#\\\/schema\\\/person\\\/a38eef5de2c41d9e7c9ac10141afddf3\"},\"headline\":\"LIQUI MOLY n\u00e3o para de crescer\",\"datePublished\":\"2021-05-13T11:00:07+00:00\",\"mainEntityOfPage\":{\"@id\":\"https:\\\/\\\/jornaldasoficinas.com\\\/pt\\\/liqui-moly-nao-para-de-crescer\\\/\"},\"wordCount\":522,\"publisher\":{\"@id\":\"https:\\\/\\\/jornaldasoficinas.com\\\/pt\\\/#organization\"},\"image\":{\"@id\":\"https:\\\/\\\/jornaldasoficinas.com\\\/pt\\\/liqui-moly-nao-para-de-crescer\\\/#primaryimage\"},\"thumbnailUrl\":\"https:\\\/\\\/jornaldasoficinas.com\\\/pt\\\/wp-content\\\/uploads\\\/2021\\\/05\\\/LIQUI-MOLY-nao-para-de-crescer.jpeg\",\"keywords\":[\"LIQUI MOLY\"],\"articleSection\":[\"Empresas\"],\"inLanguage\":\"pt-PT\"},{\"@type\":\"WebPage\",\"@id\":\"https:\\\/\\\/jornaldasoficinas.com\\\/pt\\\/liqui-moly-nao-para-de-crescer\\\/\",\"url\":\"https:\\\/\\\/jornaldasoficinas.com\\\/pt\\\/liqui-moly-nao-para-de-crescer\\\/\",\"name\":\"LIQUI MOLY n\u00e3o para de crescer - Jornal das Oficinas\",\"isPartOf\":{\"@id\":\"https:\\\/\\\/jornaldasoficinas.com\\\/pt\\\/#website\"},\"primaryImageOfPage\":{\"@id\":\"https:\\\/\\\/jornaldasoficinas.com\\\/pt\\\/liqui-moly-nao-para-de-crescer\\\/#primaryimage\"},\"image\":{\"@id\":\"https:\\\/\\\/jornaldasoficinas.com\\\/pt\\\/liqui-moly-nao-para-de-crescer\\\/#primaryimage\"},\"thumbnailUrl\":\"https:\\\/\\\/jornaldasoficinas.com\\\/pt\\\/wp-content\\\/uploads\\\/2021\\\/05\\\/LIQUI-MOLY-nao-para-de-crescer.jpeg\",\"datePublished\":\"2021-05-13T11:00:07+00:00\",\"description\":\"O forte crescimento das vendas da LIQUI MOLY continuou tamb\u00e9m no m\u00eas de abril. Com 60 milh\u00f5es de euros, o volume de vendas ficou 60 por cento acima\",\"breadcrumb\":{\"@id\":\"https:\\\/\\\/jornaldasoficinas.com\\\/pt\\\/liqui-moly-nao-para-de-crescer\\\/#breadcrumb\"},\"inLanguage\":\"pt-PT\",\"potentialAction\":[{\"@type\":\"ReadAction\",\"target\":[\"https:\\\/\\\/jornaldasoficinas.com\\\/pt\\\/liqui-moly-nao-para-de-crescer\\\/\"]}]},{\"@type\":\"ImageObject\",\"inLanguage\":\"pt-PT\",\"@id\":\"https:\\\/\\\/jornaldasoficinas.com\\\/pt\\\/liqui-moly-nao-para-de-crescer\\\/#primaryimage\",\"url\":\"https:\\\/\\\/jornaldasoficinas.com\\\/pt\\\/wp-content\\\/uploads\\\/2021\\\/05\\\/LIQUI-MOLY-nao-para-de-crescer.jpeg\",\"contentUrl\":\"https:\\\/\\\/jornaldasoficinas.com\\\/pt\\\/wp-content\\\/uploads\\\/2021\\\/05\\\/LIQUI-MOLY-nao-para-de-crescer.jpeg\",\"width\":1024,\"height\":581,\"caption\":\"05 - LIQUI-MOLY-nao-para-de-crescer\"},{\"@type\":\"BreadcrumbList\",\"@id\":\"https:\\\/\\\/jornaldasoficinas.com\\\/pt\\\/liqui-moly-nao-para-de-crescer\\\/#breadcrumb\",\"itemListElement\":[{\"@type\":\"ListItem\",\"position\":1,\"name\":\"In\u00edcio\",\"item\":\"https:\\\/\\\/jornaldasoficinas.com\\\/pt\\\/\"},{\"@type\":\"ListItem\",\"position\":2,\"name\":\"LIQUI MOLY n\u00e3o para de crescer\"}]},{\"@type\":\"WebSite\",\"@id\":\"https:\\\/\\\/jornaldasoficinas.com\\\/pt\\\/#website\",\"url\":\"https:\\\/\\\/jornaldasoficinas.com\\\/pt\\\/\",\"name\":\"Jornal das Oficinas\",\"description\":\"Jornal independente do Aftermarket Autom\u00f3vel em Portugal\",\"publisher\":{\"@id\":\"https:\\\/\\\/jornaldasoficinas.com\\\/pt\\\/#organization\"},\"potentialAction\":[{\"@type\":\"SearchAction\",\"target\":{\"@type\":\"EntryPoint\",\"urlTemplate\":\"https:\\\/\\\/jornaldasoficinas.com\\\/pt\\\/?s={search_term_string}\"},\"query-input\":{\"@type\":\"PropertyValueSpecification\",\"valueRequired\":true,\"valueName\":\"search_term_string\"}}],\"inLanguage\":\"pt-PT\"},{\"@type\":\"Organization\",\"@id\":\"https:\\\/\\\/jornaldasoficinas.com\\\/pt\\\/#organization\",\"name\":\"Jornal das Oficinas\",\"url\":\"https:\\\/\\\/jornaldasoficinas.com\\\/pt\\\/\",\"logo\":{\"@type\":\"ImageObject\",\"inLanguage\":\"pt-PT\",\"@id\":\"https:\\\/\\\/jornaldasoficinas.com\\\/pt\\\/#\\\/schema\\\/logo\\\/image\\\/\",\"url\":\"https:\\\/\\\/jornaldasoficinas.com\\\/pt\\\/wp-content\\\/uploads\\\/logoJO-SEO.png\",\"contentUrl\":\"https:\\\/\\\/jornaldasoficinas.com\\\/pt\\\/wp-content\\\/uploads\\\/logoJO-SEO.png\",\"width\":285,\"height\":450,\"caption\":\"Jornal das Oficinas\"},\"image\":{\"@id\":\"https:\\\/\\\/jornaldasoficinas.com\\\/pt\\\/#\\\/schema\\\/logo\\\/image\\\/\"},\"sameAs\":[\"https:\\\/\\\/www.facebook.com\\\/jornaloficinas\",\"https:\\\/\\\/x.com\\\/jornaloficinas\",\"https:\\\/\\\/www.instagram.com\\\/jornal_oficinas\\\/\",\"https:\\\/\\\/www.linkedin.com\\\/company\\\/jornal-das-oficinas\\\/\",\"https:\\\/\\\/www.youtube.com\\\/channel\\\/UCbQZBqtcvV-oSQrr7RzINGg\"]},{\"@type\":\"Person\",\"@id\":\"https:\\\/\\\/jornaldasoficinas.com\\\/pt\\\/#\\\/schema\\\/person\\\/a38eef5de2c41d9e7c9ac10141afddf3\",\"name\":\"Reda\u00e7\u00e3o JO\",\"image\":{\"@type\":\"ImageObject\",\"inLanguage\":\"pt-PT\",\"@id\":\"https:\\\/\\\/secure.gravatar.com\\\/avatar\\\/71f2fa71737ad68a84fea94bc708ddac8ea5b0c4788dc2ad202f3ccb2887742f?s=96&d=wp_user_avatar&r=g\",\"url\":\"https:\\\/\\\/secure.gravatar.com\\\/avatar\\\/71f2fa71737ad68a84fea94bc708ddac8ea5b0c4788dc2ad202f3ccb2887742f?s=96&d=wp_user_avatar&r=g\",\"contentUrl\":\"https:\\\/\\\/secure.gravatar.com\\\/avatar\\\/71f2fa71737ad68a84fea94bc708ddac8ea5b0c4788dc2ad202f3ccb2887742f?s=96&d=wp_user_avatar&r=g\",\"caption\":\"Reda\u00e7\u00e3o JO\"},\"url\":\"https:\\\/\\\/jornaldasoficinas.com\\\/pt\\\/author\\\/joredacao\\\/\"}]}<\/script>\n<!-- \/ Yoast SEO plugin. -->","yoast_head_json":{"title":"LIQUI MOLY n\u00e3o para de crescer - Jornal das Oficinas","description":"O forte crescimento das vendas da LIQUI MOLY continuou tamb\u00e9m no m\u00eas de abril. Com 60 milh\u00f5es de euros, o volume de vendas ficou 60 por cento acima","robots":{"index":"index","follow":"follow","max-snippet":"max-snippet:-1","max-image-preview":"max-image-preview:large","max-video-preview":"max-video-preview:-1"},"canonical":"https:\/\/jornaldasoficinas.com\/pt\/liqui-moly-nao-para-de-crescer\/","og_locale":"pt_PT","og_type":"article","og_title":"LIQUI MOLY n\u00e3o para de crescer - Jornal das Oficinas","og_description":"O forte crescimento das vendas da LIQUI MOLY continuou tamb\u00e9m no m\u00eas de abril. Com 60 milh\u00f5es de euros, o volume de vendas ficou 60 por cento acima","og_url":"https:\/\/jornaldasoficinas.com\/pt\/liqui-moly-nao-para-de-crescer\/","og_site_name":"Jornal das Oficinas","article_publisher":"https:\/\/www.facebook.com\/jornaloficinas","article_published_time":"2021-05-13T11:00:07+00:00","og_image":[{"width":1024,"height":581,"url":"https:\/\/jornaldasoficinas.com\/pt\/wp-content\/uploads\/2021\/05\/LIQUI-MOLY-nao-para-de-crescer.jpeg","type":"image\/jpeg"}],"author":"Reda\u00e7\u00e3o JO","twitter_card":"summary_large_image","twitter_creator":"@jornaloficinas","twitter_site":"@jornaloficinas","twitter_misc":{"Escrito por":"Reda\u00e7\u00e3o JO","Tempo estimado de leitura":"3 minutos"},"schema":{"@context":"https:\/\/schema.org","@graph":[{"@type":"Article","@id":"https:\/\/jornaldasoficinas.com\/pt\/liqui-moly-nao-para-de-crescer\/#article","isPartOf":{"@id":"https:\/\/jornaldasoficinas.com\/pt\/liqui-moly-nao-para-de-crescer\/"},"author":{"name":"Reda\u00e7\u00e3o JO","@id":"https:\/\/jornaldasoficinas.com\/pt\/#\/schema\/person\/a38eef5de2c41d9e7c9ac10141afddf3"},"headline":"LIQUI MOLY n\u00e3o para de crescer","datePublished":"2021-05-13T11:00:07+00:00","mainEntityOfPage":{"@id":"https:\/\/jornaldasoficinas.com\/pt\/liqui-moly-nao-para-de-crescer\/"},"wordCount":522,"publisher":{"@id":"https:\/\/jornaldasoficinas.com\/pt\/#organization"},"image":{"@id":"https:\/\/jornaldasoficinas.com\/pt\/liqui-moly-nao-para-de-crescer\/#primaryimage"},"thumbnailUrl":"https:\/\/jornaldasoficinas.com\/pt\/wp-content\/uploads\/2021\/05\/LIQUI-MOLY-nao-para-de-crescer.jpeg","keywords":["LIQUI MOLY"],"articleSection":["Empresas"],"inLanguage":"pt-PT"},{"@type":"WebPage","@id":"https:\/\/jornaldasoficinas.com\/pt\/liqui-moly-nao-para-de-crescer\/","url":"https:\/\/jornaldasoficinas.com\/pt\/liqui-moly-nao-para-de-crescer\/","name":"LIQUI MOLY n\u00e3o para de crescer - Jornal das Oficinas","isPartOf":{"@id":"https:\/\/jornaldasoficinas.com\/pt\/#website"},"primaryImageOfPage":{"@id":"https:\/\/jornaldasoficinas.com\/pt\/liqui-moly-nao-para-de-crescer\/#primaryimage"},"image":{"@id":"https:\/\/jornaldasoficinas.com\/pt\/liqui-moly-nao-para-de-crescer\/#primaryimage"},"thumbnailUrl":"https:\/\/jornaldasoficinas.com\/pt\/wp-content\/uploads\/2021\/05\/LIQUI-MOLY-nao-para-de-crescer.jpeg","datePublished":"2021-05-13T11:00:07+00:00","description":"O forte crescimento das vendas da LIQUI MOLY continuou tamb\u00e9m no m\u00eas de abril. Com 60 milh\u00f5es de euros, o volume de vendas ficou 60 por cento acima","breadcrumb":{"@id":"https:\/\/jornaldasoficinas.com\/pt\/liqui-moly-nao-para-de-crescer\/#breadcrumb"},"inLanguage":"pt-PT","potentialAction":[{"@type":"ReadAction","target":["https:\/\/jornaldasoficinas.com\/pt\/liqui-moly-nao-para-de-crescer\/"]}]},{"@type":"ImageObject","inLanguage":"pt-PT","@id":"https:\/\/jornaldasoficinas.com\/pt\/liqui-moly-nao-para-de-crescer\/#primaryimage","url":"https:\/\/jornaldasoficinas.com\/pt\/wp-content\/uploads\/2021\/05\/LIQUI-MOLY-nao-para-de-crescer.jpeg","contentUrl":"https:\/\/jornaldasoficinas.com\/pt\/wp-content\/uploads\/2021\/05\/LIQUI-MOLY-nao-para-de-crescer.jpeg","width":1024,"height":581,"caption":"05 - LIQUI-MOLY-nao-para-de-crescer"},{"@type":"BreadcrumbList","@id":"https:\/\/jornaldasoficinas.com\/pt\/liqui-moly-nao-para-de-crescer\/#breadcrumb","itemListElement":[{"@type":"ListItem","position":1,"name":"In\u00edcio","item":"https:\/\/jornaldasoficinas.com\/pt\/"},{"@type":"ListItem","position":2,"name":"LIQUI MOLY n\u00e3o para de crescer"}]},{"@type":"WebSite","@id":"https:\/\/jornaldasoficinas.com\/pt\/#website","url":"https:\/\/jornaldasoficinas.com\/pt\/","name":"Jornal das Oficinas","description":"Jornal independente do Aftermarket Autom\u00f3vel em Portugal","publisher":{"@id":"https:\/\/jornaldasoficinas.com\/pt\/#organization"},"potentialAction":[{"@type":"SearchAction","target":{"@type":"EntryPoint","urlTemplate":"https:\/\/jornaldasoficinas.com\/pt\/?s={search_term_string}"},"query-input":{"@type":"PropertyValueSpecification","valueRequired":true,"valueName":"search_term_string"}}],"inLanguage":"pt-PT"},{"@type":"Organization","@id":"https:\/\/jornaldasoficinas.com\/pt\/#organization","name":"Jornal das Oficinas","url":"https:\/\/jornaldasoficinas.com\/pt\/","logo":{"@type":"ImageObject","inLanguage":"pt-PT","@id":"https:\/\/jornaldasoficinas.com\/pt\/#\/schema\/logo\/image\/","url":"https:\/\/jornaldasoficinas.com\/pt\/wp-content\/uploads\/logoJO-SEO.png","contentUrl":"https:\/\/jornaldasoficinas.com\/pt\/wp-content\/uploads\/logoJO-SEO.png","width":285,"height":450,"caption":"Jornal das Oficinas"},"image":{"@id":"https:\/\/jornaldasoficinas.com\/pt\/#\/schema\/logo\/image\/"},"sameAs":["https:\/\/www.facebook.com\/jornaloficinas","https:\/\/x.com\/jornaloficinas","https:\/\/www.instagram.com\/jornal_oficinas\/","https:\/\/www.linkedin.com\/company\/jornal-das-oficinas\/","https:\/\/www.youtube.com\/channel\/UCbQZBqtcvV-oSQrr7RzINGg"]},{"@type":"Person","@id":"https:\/\/jornaldasoficinas.com\/pt\/#\/schema\/person\/a38eef5de2c41d9e7c9ac10141afddf3","name":"Reda\u00e7\u00e3o JO","image":{"@type":"ImageObject","inLanguage":"pt-PT","@id":"https:\/\/secure.gravatar.com\/avatar\/71f2fa71737ad68a84fea94bc708ddac8ea5b0c4788dc2ad202f3ccb2887742f?s=96&d=wp_user_avatar&r=g","url":"https:\/\/secure.gravatar.com\/avatar\/71f2fa71737ad68a84fea94bc708ddac8ea5b0c4788dc2ad202f3ccb2887742f?s=96&d=wp_user_avatar&r=g","contentUrl":"https:\/\/secure.gravatar.com\/avatar\/71f2fa71737ad68a84fea94bc708ddac8ea5b0c4788dc2ad202f3ccb2887742f?s=96&d=wp_user_avatar&r=g","caption":"Reda\u00e7\u00e3o JO"},"url":"https:\/\/jornaldasoficinas.com\/pt\/author\/joredacao\/"}]}},"_links":{"self":[{"href":"https:\/\/jornaldasoficinas.com\/pt\/wp-json\/wp\/v2\/posts\/21212","targetHints":{"allow":["GET"]}}],"collection":[{"href":"https:\/\/jornaldasoficinas.com\/pt\/wp-json\/wp\/v2\/posts"}],"about":[{"href":"https:\/\/jornaldasoficinas.com\/pt\/wp-json\/wp\/v2\/types\/post"}],"author":[{"embeddable":true,"href":"https:\/\/jornaldasoficinas.com\/pt\/wp-json\/wp\/v2\/users\/15"}],"replies":[{"embeddable":true,"href":"https:\/\/jornaldasoficinas.com\/pt\/wp-json\/wp\/v2\/comments?post=21212"}],"version-history":[{"count":0,"href":"https:\/\/jornaldasoficinas.com\/pt\/wp-json\/wp\/v2\/posts\/21212\/revisions"}],"wp:featuredmedia":[{"embeddable":true,"href":"https:\/\/jornaldasoficinas.com\/pt\/wp-json\/wp\/v2\/media\/21183"}],"wp:attachment":[{"href":"https:\/\/jornaldasoficinas.com\/pt\/wp-json\/wp\/v2\/media?parent=21212"}],"wp:term":[{"taxonomy":"category","embeddable":true,"href":"https:\/\/jornaldasoficinas.com\/pt\/wp-json\/wp\/v2\/categories?post=21212"},{"taxonomy":"post_tag","embeddable":true,"href":"https:\/\/jornaldasoficinas.com\/pt\/wp-json\/wp\/v2\/tags?post=21212"}],"curies":[{"name":"wp","href":"https:\/\/api.w.org\/{rel}","templated":true}]}}