{"id":21312,"date":"2021-05-15T08:00:12","date_gmt":"2021-05-15T07:00:12","guid":{"rendered":"https:\/\/jornaldasoficinas.com\/pt\/?p=21312"},"modified":"2021-05-17T19:18:45","modified_gmt":"2021-05-17T18:18:45","slug":"marelli-e-punch-desenvolvem-eixos-para-veiculos-eletricos","status":"publish","type":"post","link":"https:\/\/jornaldasoficinas.com\/pt\/marelli-e-punch-desenvolvem-eixos-para-veiculos-eletricos\/","title":{"rendered":"Marelli e PUNCH desenvolvem eixos para ve\u00edculos el\u00e9tricos"},"content":{"rendered":"<p><strong><img loading=\"lazy\" decoding=\"async\" class=\"alignnone wp-image-21300 size-full\" src=\"https:\/\/jornaldasoficinas.com\/pt\/wp-content\/uploads\/2021\/05\/Marelli-e-PUNCH.jpg\" alt=\"05 - Marelli-e-PUNCH\" width=\"1024\" height=\"581\" srcset=\"https:\/\/jornaldasoficinas.com\/pt\/wp-content\/uploads\/2021\/05\/Marelli-e-PUNCH.jpg 1024w, https:\/\/jornaldasoficinas.com\/pt\/wp-content\/uploads\/2021\/05\/Marelli-e-PUNCH-300x170.jpg 300w, https:\/\/jornaldasoficinas.com\/pt\/wp-content\/uploads\/2021\/05\/Marelli-e-PUNCH-150x85.jpg 150w, https:\/\/jornaldasoficinas.com\/pt\/wp-content\/uploads\/2021\/05\/Marelli-e-PUNCH-768x436.jpg 768w\" sizes=\"auto, (max-width: 1024px) 100vw, 1024px\" \/><\/strong><\/p>\n<p><strong>A Marelli e PUNCH, um fornecedor para o desenvolvimento, integra\u00e7\u00e3o e fabrica\u00e7\u00e3o de solu\u00e7\u00f5es de transmiss\u00e3o e transmiss\u00e3o, chegaram a um acordo para formar uma joint venture focada em solu\u00e7\u00f5es de e-eixos para ve\u00edculos el\u00e9tricos. <\/strong><\/p>\n<p>Ambas as empresas combinam sua vasta experi\u00eancia na \u00e1rea de grupos motopropulsores el\u00e9tricos para oferecer sistemas integrados para ve\u00edculos el\u00e9tricos.<\/p>\n<p>A joint venture &#8211; que ser\u00e1 de propriedade maiorit\u00e1ria da Marelli &#8211; ser\u00e1 focada numa abordagem de sistema para solu\u00e7\u00f5es integradas otimizadas de eixo eletr\u00f3nico. A empresa desenvolver\u00e1 e montar\u00e1 sistemas de eixo eletr\u00f3nico e ser\u00e1 direcionada especificamente para os mercados na Europa e das Am\u00e9ricas.<\/p>\n<p>A nova empresa, Marelli Electric Powertrain Strasbourg (Fran\u00e7a) SAS, ser\u00e1 sediada nas instala\u00e7\u00f5es da PUNCH em Estrasburgo, Fran\u00e7a, pr\u00f3ximo aos principais fabricantes de ve\u00edculos europeus. A joint venture ter\u00e1 uma unidade de produ\u00e7\u00e3o, prototipagem e testes no local.<\/p>\n<p>Os eixos eletr\u00f3nicos s\u00e3o um sistema chave dos ve\u00edculos el\u00e9tricos. Enquanto a Marelli fornecer\u00e1 motores el\u00e9tricos e inversores, incluindo software para os e-eixos, a PUNCH contribuir\u00e1 com componentes e desenvolvimento da caixa de engrenagens, bem como experi\u00eancia em fabrica\u00e7\u00e3o.<\/p>\n<p>\u201cOs pontos fortes de PUNCH e Marelli no campo de motoriza\u00e7\u00f5es el\u00e9tricas s\u00e3o uma grande combina\u00e7\u00e3o. A joint venture \u00e9 um marco importante na estrat\u00e9gia de crescimento da mobilidade eletr\u00f3nica da Marelli \u201d, disse Hannes Prenn, vice-presidente executivo e diretor executivo da divis\u00e3o Electric Powertrain da Marelli.<\/p>\n<p>\u201cCom esta coopera\u00e7\u00e3o, expandimos ainda mais a nossa oferta exclusiva como um fornecedor de sistema completo para conjuntos de for\u00e7a el\u00e9tricos, que \u00e9 complementado por nossas solu\u00e7\u00f5es de gest\u00e3o t\u00e9rmica e de bateria.\u201d disse Guido Dumarey, fundador e CEO da PUNCH.<\/p>\n","protected":false},"excerpt":{"rendered":"<p>A Marelli e PUNCH, um fornecedor&#8230;<\/p>\n","protected":false},"author":15,"featured_media":21300,"comment_status":"closed","ping_status":"closed","sticky":false,"template":"","format":"standard","meta":{"footnotes":""},"categories":[29],"tags":[2618],"class_list":["post-21312","post","type-post","status-publish","format-standard","has-post-thumbnail","hentry","category-empresas","tag-marelli"],"yoast_head":"<!-- This site is optimized with the Yoast SEO plugin v27.4 - https:\/\/yoast.com\/product\/yoast-seo-wordpress\/ -->\n<title>Marelli e PUNCH desenvolvem eixos para ve\u00edculos el\u00e9tricos - Jornal das Oficinas<\/title>\n<meta name=\"description\" content=\"A Marelli e PUNCH chegaram a um acordo para formar uma joint venture focada em solu\u00e7\u00f5es de e-eixos para ve\u00edculos el\u00e9tricos\" \/>\n<meta name=\"robots\" content=\"index, follow, max-snippet:-1, max-image-preview:large, max-video-preview:-1\" \/>\n<link rel=\"canonical\" href=\"https:\/\/jornaldasoficinas.com\/pt\/marelli-e-punch-desenvolvem-eixos-para-veiculos-eletricos\/\" \/>\n<meta property=\"og:locale\" content=\"pt_PT\" \/>\n<meta property=\"og:type\" content=\"article\" \/>\n<meta property=\"og:title\" content=\"Marelli e PUNCH desenvolvem eixos para ve\u00edculos el\u00e9tricos - Jornal das Oficinas\" \/>\n<meta property=\"og:description\" content=\"A Marelli e PUNCH chegaram a um acordo para formar uma joint venture focada em solu\u00e7\u00f5es de e-eixos para ve\u00edculos el\u00e9tricos\" \/>\n<meta property=\"og:url\" content=\"https:\/\/jornaldasoficinas.com\/pt\/marelli-e-punch-desenvolvem-eixos-para-veiculos-eletricos\/\" \/>\n<meta property=\"og:site_name\" content=\"Jornal das Oficinas\" \/>\n<meta property=\"article:publisher\" content=\"https:\/\/www.facebook.com\/jornaloficinas\" \/>\n<meta property=\"article:published_time\" content=\"2021-05-15T07:00:12+00:00\" \/>\n<meta property=\"article:modified_time\" content=\"2021-05-17T18:18:45+00:00\" \/>\n<meta property=\"og:image\" content=\"https:\/\/jornaldasoficinas.com\/pt\/wp-content\/uploads\/2021\/05\/Marelli-e-PUNCH.jpg\" \/>\n\t<meta property=\"og:image:width\" content=\"1024\" \/>\n\t<meta property=\"og:image:height\" content=\"581\" \/>\n\t<meta property=\"og:image:type\" content=\"image\/jpeg\" \/>\n<meta name=\"author\" content=\"Reda\u00e7\u00e3o JO\" \/>\n<meta name=\"twitter:card\" content=\"summary_large_image\" \/>\n<meta name=\"twitter:creator\" content=\"@jornaloficinas\" \/>\n<meta name=\"twitter:site\" content=\"@jornaloficinas\" \/>\n<meta name=\"twitter:label1\" content=\"Escrito por\" \/>\n\t<meta name=\"twitter:data1\" content=\"Reda\u00e7\u00e3o JO\" \/>\n\t<meta name=\"twitter:label2\" content=\"Tempo estimado de leitura\" \/>\n\t<meta name=\"twitter:data2\" content=\"2 minutos\" \/>\n<script type=\"application\/ld+json\" class=\"yoast-schema-graph\">{\"@context\":\"https:\\\/\\\/schema.org\",\"@graph\":[{\"@type\":\"Article\",\"@id\":\"https:\\\/\\\/jornaldasoficinas.com\\\/pt\\\/marelli-e-punch-desenvolvem-eixos-para-veiculos-eletricos\\\/#article\",\"isPartOf\":{\"@id\":\"https:\\\/\\\/jornaldasoficinas.com\\\/pt\\\/marelli-e-punch-desenvolvem-eixos-para-veiculos-eletricos\\\/\"},\"author\":{\"name\":\"Reda\u00e7\u00e3o JO\",\"@id\":\"https:\\\/\\\/jornaldasoficinas.com\\\/pt\\\/#\\\/schema\\\/person\\\/a38eef5de2c41d9e7c9ac10141afddf3\"},\"headline\":\"Marelli e PUNCH desenvolvem eixos para ve\u00edculos el\u00e9tricos\",\"datePublished\":\"2021-05-15T07:00:12+00:00\",\"dateModified\":\"2021-05-17T18:18:45+00:00\",\"mainEntityOfPage\":{\"@id\":\"https:\\\/\\\/jornaldasoficinas.com\\\/pt\\\/marelli-e-punch-desenvolvem-eixos-para-veiculos-eletricos\\\/\"},\"wordCount\":316,\"publisher\":{\"@id\":\"https:\\\/\\\/jornaldasoficinas.com\\\/pt\\\/#organization\"},\"image\":{\"@id\":\"https:\\\/\\\/jornaldasoficinas.com\\\/pt\\\/marelli-e-punch-desenvolvem-eixos-para-veiculos-eletricos\\\/#primaryimage\"},\"thumbnailUrl\":\"https:\\\/\\\/jornaldasoficinas.com\\\/pt\\\/wp-content\\\/uploads\\\/2021\\\/05\\\/Marelli-e-PUNCH.jpg\",\"keywords\":[\"Marelli\"],\"articleSection\":[\"Empresas\"],\"inLanguage\":\"pt-PT\"},{\"@type\":\"WebPage\",\"@id\":\"https:\\\/\\\/jornaldasoficinas.com\\\/pt\\\/marelli-e-punch-desenvolvem-eixos-para-veiculos-eletricos\\\/\",\"url\":\"https:\\\/\\\/jornaldasoficinas.com\\\/pt\\\/marelli-e-punch-desenvolvem-eixos-para-veiculos-eletricos\\\/\",\"name\":\"Marelli e PUNCH desenvolvem eixos para ve\u00edculos el\u00e9tricos - Jornal das Oficinas\",\"isPartOf\":{\"@id\":\"https:\\\/\\\/jornaldasoficinas.com\\\/pt\\\/#website\"},\"primaryImageOfPage\":{\"@id\":\"https:\\\/\\\/jornaldasoficinas.com\\\/pt\\\/marelli-e-punch-desenvolvem-eixos-para-veiculos-eletricos\\\/#primaryimage\"},\"image\":{\"@id\":\"https:\\\/\\\/jornaldasoficinas.com\\\/pt\\\/marelli-e-punch-desenvolvem-eixos-para-veiculos-eletricos\\\/#primaryimage\"},\"thumbnailUrl\":\"https:\\\/\\\/jornaldasoficinas.com\\\/pt\\\/wp-content\\\/uploads\\\/2021\\\/05\\\/Marelli-e-PUNCH.jpg\",\"datePublished\":\"2021-05-15T07:00:12+00:00\",\"dateModified\":\"2021-05-17T18:18:45+00:00\",\"description\":\"A Marelli e PUNCH chegaram a um acordo para formar uma joint venture focada em solu\u00e7\u00f5es de e-eixos para ve\u00edculos el\u00e9tricos\",\"breadcrumb\":{\"@id\":\"https:\\\/\\\/jornaldasoficinas.com\\\/pt\\\/marelli-e-punch-desenvolvem-eixos-para-veiculos-eletricos\\\/#breadcrumb\"},\"inLanguage\":\"pt-PT\",\"potentialAction\":[{\"@type\":\"ReadAction\",\"target\":[\"https:\\\/\\\/jornaldasoficinas.com\\\/pt\\\/marelli-e-punch-desenvolvem-eixos-para-veiculos-eletricos\\\/\"]}]},{\"@type\":\"ImageObject\",\"inLanguage\":\"pt-PT\",\"@id\":\"https:\\\/\\\/jornaldasoficinas.com\\\/pt\\\/marelli-e-punch-desenvolvem-eixos-para-veiculos-eletricos\\\/#primaryimage\",\"url\":\"https:\\\/\\\/jornaldasoficinas.com\\\/pt\\\/wp-content\\\/uploads\\\/2021\\\/05\\\/Marelli-e-PUNCH.jpg\",\"contentUrl\":\"https:\\\/\\\/jornaldasoficinas.com\\\/pt\\\/wp-content\\\/uploads\\\/2021\\\/05\\\/Marelli-e-PUNCH.jpg\",\"width\":1024,\"height\":581,\"caption\":\"05 - Marelli-e-PUNCH\"},{\"@type\":\"BreadcrumbList\",\"@id\":\"https:\\\/\\\/jornaldasoficinas.com\\\/pt\\\/marelli-e-punch-desenvolvem-eixos-para-veiculos-eletricos\\\/#breadcrumb\",\"itemListElement\":[{\"@type\":\"ListItem\",\"position\":1,\"name\":\"In\u00edcio\",\"item\":\"https:\\\/\\\/jornaldasoficinas.com\\\/pt\\\/\"},{\"@type\":\"ListItem\",\"position\":2,\"name\":\"Marelli e PUNCH desenvolvem eixos para ve\u00edculos el\u00e9tricos\"}]},{\"@type\":\"WebSite\",\"@id\":\"https:\\\/\\\/jornaldasoficinas.com\\\/pt\\\/#website\",\"url\":\"https:\\\/\\\/jornaldasoficinas.com\\\/pt\\\/\",\"name\":\"Jornal das Oficinas\",\"description\":\"Jornal independente do Aftermarket Autom\u00f3vel em Portugal\",\"publisher\":{\"@id\":\"https:\\\/\\\/jornaldasoficinas.com\\\/pt\\\/#organization\"},\"potentialAction\":[{\"@type\":\"SearchAction\",\"target\":{\"@type\":\"EntryPoint\",\"urlTemplate\":\"https:\\\/\\\/jornaldasoficinas.com\\\/pt\\\/?s={search_term_string}\"},\"query-input\":{\"@type\":\"PropertyValueSpecification\",\"valueRequired\":true,\"valueName\":\"search_term_string\"}}],\"inLanguage\":\"pt-PT\"},{\"@type\":\"Organization\",\"@id\":\"https:\\\/\\\/jornaldasoficinas.com\\\/pt\\\/#organization\",\"name\":\"Jornal das Oficinas\",\"url\":\"https:\\\/\\\/jornaldasoficinas.com\\\/pt\\\/\",\"logo\":{\"@type\":\"ImageObject\",\"inLanguage\":\"pt-PT\",\"@id\":\"https:\\\/\\\/jornaldasoficinas.com\\\/pt\\\/#\\\/schema\\\/logo\\\/image\\\/\",\"url\":\"https:\\\/\\\/jornaldasoficinas.com\\\/pt\\\/wp-content\\\/uploads\\\/logoJO-SEO.png\",\"contentUrl\":\"https:\\\/\\\/jornaldasoficinas.com\\\/pt\\\/wp-content\\\/uploads\\\/logoJO-SEO.png\",\"width\":285,\"height\":450,\"caption\":\"Jornal das Oficinas\"},\"image\":{\"@id\":\"https:\\\/\\\/jornaldasoficinas.com\\\/pt\\\/#\\\/schema\\\/logo\\\/image\\\/\"},\"sameAs\":[\"https:\\\/\\\/www.facebook.com\\\/jornaloficinas\",\"https:\\\/\\\/x.com\\\/jornaloficinas\",\"https:\\\/\\\/www.instagram.com\\\/jornal_oficinas\\\/\",\"https:\\\/\\\/www.linkedin.com\\\/company\\\/jornal-das-oficinas\\\/\",\"https:\\\/\\\/www.youtube.com\\\/channel\\\/UCbQZBqtcvV-oSQrr7RzINGg\"]},{\"@type\":\"Person\",\"@id\":\"https:\\\/\\\/jornaldasoficinas.com\\\/pt\\\/#\\\/schema\\\/person\\\/a38eef5de2c41d9e7c9ac10141afddf3\",\"name\":\"Reda\u00e7\u00e3o JO\",\"image\":{\"@type\":\"ImageObject\",\"inLanguage\":\"pt-PT\",\"@id\":\"https:\\\/\\\/secure.gravatar.com\\\/avatar\\\/71f2fa71737ad68a84fea94bc708ddac8ea5b0c4788dc2ad202f3ccb2887742f?s=96&d=wp_user_avatar&r=g\",\"url\":\"https:\\\/\\\/secure.gravatar.com\\\/avatar\\\/71f2fa71737ad68a84fea94bc708ddac8ea5b0c4788dc2ad202f3ccb2887742f?s=96&d=wp_user_avatar&r=g\",\"contentUrl\":\"https:\\\/\\\/secure.gravatar.com\\\/avatar\\\/71f2fa71737ad68a84fea94bc708ddac8ea5b0c4788dc2ad202f3ccb2887742f?s=96&d=wp_user_avatar&r=g\",\"caption\":\"Reda\u00e7\u00e3o JO\"},\"url\":\"https:\\\/\\\/jornaldasoficinas.com\\\/pt\\\/author\\\/joredacao\\\/\"}]}<\/script>\n<!-- \/ Yoast SEO plugin. -->","yoast_head_json":{"title":"Marelli e PUNCH desenvolvem eixos para ve\u00edculos el\u00e9tricos - Jornal das Oficinas","description":"A Marelli e PUNCH chegaram a um acordo para formar uma joint venture focada em solu\u00e7\u00f5es de e-eixos para ve\u00edculos el\u00e9tricos","robots":{"index":"index","follow":"follow","max-snippet":"max-snippet:-1","max-image-preview":"max-image-preview:large","max-video-preview":"max-video-preview:-1"},"canonical":"https:\/\/jornaldasoficinas.com\/pt\/marelli-e-punch-desenvolvem-eixos-para-veiculos-eletricos\/","og_locale":"pt_PT","og_type":"article","og_title":"Marelli e PUNCH desenvolvem eixos para ve\u00edculos el\u00e9tricos - Jornal das Oficinas","og_description":"A Marelli e PUNCH chegaram a um acordo para formar uma joint venture focada em solu\u00e7\u00f5es de e-eixos para ve\u00edculos el\u00e9tricos","og_url":"https:\/\/jornaldasoficinas.com\/pt\/marelli-e-punch-desenvolvem-eixos-para-veiculos-eletricos\/","og_site_name":"Jornal das Oficinas","article_publisher":"https:\/\/www.facebook.com\/jornaloficinas","article_published_time":"2021-05-15T07:00:12+00:00","article_modified_time":"2021-05-17T18:18:45+00:00","og_image":[{"width":1024,"height":581,"url":"https:\/\/jornaldasoficinas.com\/pt\/wp-content\/uploads\/2021\/05\/Marelli-e-PUNCH.jpg","type":"image\/jpeg"}],"author":"Reda\u00e7\u00e3o JO","twitter_card":"summary_large_image","twitter_creator":"@jornaloficinas","twitter_site":"@jornaloficinas","twitter_misc":{"Escrito por":"Reda\u00e7\u00e3o JO","Tempo estimado de leitura":"2 minutos"},"schema":{"@context":"https:\/\/schema.org","@graph":[{"@type":"Article","@id":"https:\/\/jornaldasoficinas.com\/pt\/marelli-e-punch-desenvolvem-eixos-para-veiculos-eletricos\/#article","isPartOf":{"@id":"https:\/\/jornaldasoficinas.com\/pt\/marelli-e-punch-desenvolvem-eixos-para-veiculos-eletricos\/"},"author":{"name":"Reda\u00e7\u00e3o JO","@id":"https:\/\/jornaldasoficinas.com\/pt\/#\/schema\/person\/a38eef5de2c41d9e7c9ac10141afddf3"},"headline":"Marelli e PUNCH desenvolvem eixos para ve\u00edculos el\u00e9tricos","datePublished":"2021-05-15T07:00:12+00:00","dateModified":"2021-05-17T18:18:45+00:00","mainEntityOfPage":{"@id":"https:\/\/jornaldasoficinas.com\/pt\/marelli-e-punch-desenvolvem-eixos-para-veiculos-eletricos\/"},"wordCount":316,"publisher":{"@id":"https:\/\/jornaldasoficinas.com\/pt\/#organization"},"image":{"@id":"https:\/\/jornaldasoficinas.com\/pt\/marelli-e-punch-desenvolvem-eixos-para-veiculos-eletricos\/#primaryimage"},"thumbnailUrl":"https:\/\/jornaldasoficinas.com\/pt\/wp-content\/uploads\/2021\/05\/Marelli-e-PUNCH.jpg","keywords":["Marelli"],"articleSection":["Empresas"],"inLanguage":"pt-PT"},{"@type":"WebPage","@id":"https:\/\/jornaldasoficinas.com\/pt\/marelli-e-punch-desenvolvem-eixos-para-veiculos-eletricos\/","url":"https:\/\/jornaldasoficinas.com\/pt\/marelli-e-punch-desenvolvem-eixos-para-veiculos-eletricos\/","name":"Marelli e PUNCH desenvolvem eixos para ve\u00edculos el\u00e9tricos - Jornal das Oficinas","isPartOf":{"@id":"https:\/\/jornaldasoficinas.com\/pt\/#website"},"primaryImageOfPage":{"@id":"https:\/\/jornaldasoficinas.com\/pt\/marelli-e-punch-desenvolvem-eixos-para-veiculos-eletricos\/#primaryimage"},"image":{"@id":"https:\/\/jornaldasoficinas.com\/pt\/marelli-e-punch-desenvolvem-eixos-para-veiculos-eletricos\/#primaryimage"},"thumbnailUrl":"https:\/\/jornaldasoficinas.com\/pt\/wp-content\/uploads\/2021\/05\/Marelli-e-PUNCH.jpg","datePublished":"2021-05-15T07:00:12+00:00","dateModified":"2021-05-17T18:18:45+00:00","description":"A Marelli e PUNCH chegaram a um acordo para formar uma joint venture focada em solu\u00e7\u00f5es de e-eixos para ve\u00edculos el\u00e9tricos","breadcrumb":{"@id":"https:\/\/jornaldasoficinas.com\/pt\/marelli-e-punch-desenvolvem-eixos-para-veiculos-eletricos\/#breadcrumb"},"inLanguage":"pt-PT","potentialAction":[{"@type":"ReadAction","target":["https:\/\/jornaldasoficinas.com\/pt\/marelli-e-punch-desenvolvem-eixos-para-veiculos-eletricos\/"]}]},{"@type":"ImageObject","inLanguage":"pt-PT","@id":"https:\/\/jornaldasoficinas.com\/pt\/marelli-e-punch-desenvolvem-eixos-para-veiculos-eletricos\/#primaryimage","url":"https:\/\/jornaldasoficinas.com\/pt\/wp-content\/uploads\/2021\/05\/Marelli-e-PUNCH.jpg","contentUrl":"https:\/\/jornaldasoficinas.com\/pt\/wp-content\/uploads\/2021\/05\/Marelli-e-PUNCH.jpg","width":1024,"height":581,"caption":"05 - Marelli-e-PUNCH"},{"@type":"BreadcrumbList","@id":"https:\/\/jornaldasoficinas.com\/pt\/marelli-e-punch-desenvolvem-eixos-para-veiculos-eletricos\/#breadcrumb","itemListElement":[{"@type":"ListItem","position":1,"name":"In\u00edcio","item":"https:\/\/jornaldasoficinas.com\/pt\/"},{"@type":"ListItem","position":2,"name":"Marelli e PUNCH desenvolvem eixos para ve\u00edculos el\u00e9tricos"}]},{"@type":"WebSite","@id":"https:\/\/jornaldasoficinas.com\/pt\/#website","url":"https:\/\/jornaldasoficinas.com\/pt\/","name":"Jornal das Oficinas","description":"Jornal independente do Aftermarket Autom\u00f3vel em Portugal","publisher":{"@id":"https:\/\/jornaldasoficinas.com\/pt\/#organization"},"potentialAction":[{"@type":"SearchAction","target":{"@type":"EntryPoint","urlTemplate":"https:\/\/jornaldasoficinas.com\/pt\/?s={search_term_string}"},"query-input":{"@type":"PropertyValueSpecification","valueRequired":true,"valueName":"search_term_string"}}],"inLanguage":"pt-PT"},{"@type":"Organization","@id":"https:\/\/jornaldasoficinas.com\/pt\/#organization","name":"Jornal das Oficinas","url":"https:\/\/jornaldasoficinas.com\/pt\/","logo":{"@type":"ImageObject","inLanguage":"pt-PT","@id":"https:\/\/jornaldasoficinas.com\/pt\/#\/schema\/logo\/image\/","url":"https:\/\/jornaldasoficinas.com\/pt\/wp-content\/uploads\/logoJO-SEO.png","contentUrl":"https:\/\/jornaldasoficinas.com\/pt\/wp-content\/uploads\/logoJO-SEO.png","width":285,"height":450,"caption":"Jornal das Oficinas"},"image":{"@id":"https:\/\/jornaldasoficinas.com\/pt\/#\/schema\/logo\/image\/"},"sameAs":["https:\/\/www.facebook.com\/jornaloficinas","https:\/\/x.com\/jornaloficinas","https:\/\/www.instagram.com\/jornal_oficinas\/","https:\/\/www.linkedin.com\/company\/jornal-das-oficinas\/","https:\/\/www.youtube.com\/channel\/UCbQZBqtcvV-oSQrr7RzINGg"]},{"@type":"Person","@id":"https:\/\/jornaldasoficinas.com\/pt\/#\/schema\/person\/a38eef5de2c41d9e7c9ac10141afddf3","name":"Reda\u00e7\u00e3o JO","image":{"@type":"ImageObject","inLanguage":"pt-PT","@id":"https:\/\/secure.gravatar.com\/avatar\/71f2fa71737ad68a84fea94bc708ddac8ea5b0c4788dc2ad202f3ccb2887742f?s=96&d=wp_user_avatar&r=g","url":"https:\/\/secure.gravatar.com\/avatar\/71f2fa71737ad68a84fea94bc708ddac8ea5b0c4788dc2ad202f3ccb2887742f?s=96&d=wp_user_avatar&r=g","contentUrl":"https:\/\/secure.gravatar.com\/avatar\/71f2fa71737ad68a84fea94bc708ddac8ea5b0c4788dc2ad202f3ccb2887742f?s=96&d=wp_user_avatar&r=g","caption":"Reda\u00e7\u00e3o JO"},"url":"https:\/\/jornaldasoficinas.com\/pt\/author\/joredacao\/"}]}},"_links":{"self":[{"href":"https:\/\/jornaldasoficinas.com\/pt\/wp-json\/wp\/v2\/posts\/21312","targetHints":{"allow":["GET"]}}],"collection":[{"href":"https:\/\/jornaldasoficinas.com\/pt\/wp-json\/wp\/v2\/posts"}],"about":[{"href":"https:\/\/jornaldasoficinas.com\/pt\/wp-json\/wp\/v2\/types\/post"}],"author":[{"embeddable":true,"href":"https:\/\/jornaldasoficinas.com\/pt\/wp-json\/wp\/v2\/users\/15"}],"replies":[{"embeddable":true,"href":"https:\/\/jornaldasoficinas.com\/pt\/wp-json\/wp\/v2\/comments?post=21312"}],"version-history":[{"count":0,"href":"https:\/\/jornaldasoficinas.com\/pt\/wp-json\/wp\/v2\/posts\/21312\/revisions"}],"wp:featuredmedia":[{"embeddable":true,"href":"https:\/\/jornaldasoficinas.com\/pt\/wp-json\/wp\/v2\/media\/21300"}],"wp:attachment":[{"href":"https:\/\/jornaldasoficinas.com\/pt\/wp-json\/wp\/v2\/media?parent=21312"}],"wp:term":[{"taxonomy":"category","embeddable":true,"href":"https:\/\/jornaldasoficinas.com\/pt\/wp-json\/wp\/v2\/categories?post=21312"},{"taxonomy":"post_tag","embeddable":true,"href":"https:\/\/jornaldasoficinas.com\/pt\/wp-json\/wp\/v2\/tags?post=21312"}],"curies":[{"name":"wp","href":"https:\/\/api.w.org\/{rel}","templated":true}]}}