{"id":21338,"date":"2021-05-15T12:00:35","date_gmt":"2021-05-15T11:00:35","guid":{"rendered":"https:\/\/jornaldasoficinas.com\/pt\/?p=21338"},"modified":"2021-05-17T19:20:35","modified_gmt":"2021-05-17T18:20:35","slug":"ciberseguranca-desafios-da-tecnologia","status":"publish","type":"post","link":"https:\/\/jornaldasoficinas.com\/pt\/ciberseguranca-desafios-da-tecnologia\/","title":{"rendered":"Ciberseguran\u00e7a\u00a0 &#8211; Desafios da tecnologia"},"content":{"rendered":"<p><img loading=\"lazy\" decoding=\"async\" class=\"alignnone wp-image-21339 size-full\" src=\"https:\/\/jornaldasoficinas.com\/pt\/wp-content\/uploads\/2021\/05\/ciberseguranca-II-parte.jpeg\" alt=\"05 - ciberseguranca-II-parte\" width=\"1024\" height=\"581\" srcset=\"https:\/\/jornaldasoficinas.com\/pt\/wp-content\/uploads\/2021\/05\/ciberseguranca-II-parte.jpeg 1024w, https:\/\/jornaldasoficinas.com\/pt\/wp-content\/uploads\/2021\/05\/ciberseguranca-II-parte-300x170.jpeg 300w, https:\/\/jornaldasoficinas.com\/pt\/wp-content\/uploads\/2021\/05\/ciberseguranca-II-parte-150x85.jpeg 150w, https:\/\/jornaldasoficinas.com\/pt\/wp-content\/uploads\/2021\/05\/ciberseguranca-II-parte-768x436.jpeg 768w\" sizes=\"auto, (max-width: 1024px) 100vw, 1024px\" \/><\/p>\n<p><strong>Nesta edi\u00e7\u00e3o damos continuidade ao artigo iniciado no \u00faltimo n\u00famero, com enfoque nos riscos da ciberseguran\u00e7a. Com o testemunho exclusivo de Sylvia Gotzen, diretora executiva da Federa\u00e7\u00e3o Internacional dos Distribuidores de Aftermarket (FIGIEFA), vamos mergulhar mais fundo nos meandros deste tema que trar\u00e1 muitas altera\u00e7\u00f5es \u00e0 realidade di\u00e1ria das oficinas multimarca independentes<\/strong><\/p>\n<p>As regras de seguran\u00e7a n\u00e3o s\u00e3o novidade para ningu\u00e9m. H\u00e1 muito que \u00e9 obrigat\u00f3rio, por exemplo, coisas b\u00e1sicas como o uso de cinto de seguran\u00e7a, far\u00f3is ou at\u00e9 cada vez mais sistemas de apoio \u00e0 condu\u00e7\u00e3o que vieram aumentar exponencialmente a seguran\u00e7a rodovi\u00e1ria e diminuir o n\u00famero de v\u00edtimas em acidentes na estrada. Tema novo \u00e9 a ciberseguran\u00e7a e os riscos que adv\u00e9m da tecnologia implementada nos ve\u00edculos que, apesar de invis\u00edveis aos nossos olhos, podem ter consequ\u00eancias muito graves, se n\u00e3o forem desde j\u00e1 acautelados.<\/p>\n<p>Transformados em computadores com rodas, os autom\u00f3veis da atualidade s\u00e3o potenciais alvos a abater e j\u00e1 despertaram a necessidade de trabalhar no sentido de criar barreiras de prote\u00e7\u00e3o que bloqueiem o acesso il\u00edcito aos mesmos. No que toca ao primeiro equipamento, estes riscos j\u00e1 come\u00e7aram a ser debatidos e regulados e \u00e9 agora o aftermarket que gera as maiores preocupa\u00e7\u00f5es, por falta de legisla\u00e7\u00e3o aprovada que apoie as necessidades espec\u00edficas, com relevo para as permiss\u00f5es de acesso aos ve\u00edculos nas opera\u00e7\u00f5es de repara\u00e7\u00e3o. Para perceber melhor o que est\u00e1 em causa, contamos com o testemunho de Sylvia Gotzen, da <a href=\"https:\/\/www.figiefa.eu\/\" target=\"_blank\" rel=\"noopener\">FIGIEFA<\/a>, que nos explica o ponto de situa\u00e7\u00e3o atual.<\/p>\n<p>Leia o artigo completo <a href=\"https:\/\/www.yumpu.com\/pt\/document\/read\/65569888\/jornal-das-oficinas-186\/12\" target=\"_blank\" rel=\"noopener\">aqui<\/a><\/p>\n","protected":false},"excerpt":{"rendered":"<p>Nesta edi\u00e7\u00e3o damos continuidade ao artigo&#8230;<\/p>\n","protected":false},"author":15,"featured_media":21339,"comment_status":"closed","ping_status":"closed","sticky":false,"template":"","format":"standard","meta":{"footnotes":""},"categories":[37],"tags":[2588],"class_list":["post-21338","post","type-post","status-publish","format-standard","has-post-thumbnail","hentry","category-mercado","tag-figiefa"],"yoast_head":"<!-- This site is optimized with the Yoast SEO plugin v27.4 - https:\/\/yoast.com\/product\/yoast-seo-wordpress\/ -->\n<title>Ciberseguran\u00e7a\u00a0 - Desafios da tecnologia - Jornal das Oficinas<\/title>\n<meta name=\"description\" content=\"Nesta edi\u00e7\u00e3o damos continuidade ao artigo iniciado no \u00faltimo n\u00famero, com enfoque nos riscos da ciberseguran\u00e7a\" \/>\n<meta name=\"robots\" content=\"index, follow, max-snippet:-1, max-image-preview:large, max-video-preview:-1\" \/>\n<link rel=\"canonical\" href=\"https:\/\/jornaldasoficinas.com\/pt\/ciberseguranca-desafios-da-tecnologia\/\" \/>\n<meta property=\"og:locale\" content=\"pt_PT\" \/>\n<meta property=\"og:type\" content=\"article\" \/>\n<meta property=\"og:title\" content=\"Ciberseguran\u00e7a\u00a0 - Desafios da tecnologia - Jornal das Oficinas\" \/>\n<meta property=\"og:description\" content=\"Nesta edi\u00e7\u00e3o damos continuidade ao artigo iniciado no \u00faltimo n\u00famero, com enfoque nos riscos da ciberseguran\u00e7a\" \/>\n<meta property=\"og:url\" content=\"https:\/\/jornaldasoficinas.com\/pt\/ciberseguranca-desafios-da-tecnologia\/\" \/>\n<meta property=\"og:site_name\" content=\"Jornal das Oficinas\" \/>\n<meta property=\"article:publisher\" content=\"https:\/\/www.facebook.com\/jornaloficinas\" \/>\n<meta property=\"article:published_time\" content=\"2021-05-15T11:00:35+00:00\" \/>\n<meta property=\"article:modified_time\" content=\"2021-05-17T18:20:35+00:00\" \/>\n<meta property=\"og:image\" content=\"https:\/\/jornaldasoficinas.com\/pt\/wp-content\/uploads\/2021\/05\/ciberseguranca-II-parte.jpeg\" \/>\n\t<meta property=\"og:image:width\" content=\"1024\" \/>\n\t<meta property=\"og:image:height\" content=\"581\" \/>\n\t<meta property=\"og:image:type\" content=\"image\/jpeg\" \/>\n<meta name=\"author\" content=\"Reda\u00e7\u00e3o JO\" \/>\n<meta name=\"twitter:card\" content=\"summary_large_image\" \/>\n<meta name=\"twitter:creator\" content=\"@jornaloficinas\" \/>\n<meta name=\"twitter:site\" content=\"@jornaloficinas\" \/>\n<meta name=\"twitter:label1\" content=\"Escrito por\" \/>\n\t<meta name=\"twitter:data1\" content=\"Reda\u00e7\u00e3o JO\" \/>\n\t<meta name=\"twitter:label2\" content=\"Tempo estimado de leitura\" \/>\n\t<meta name=\"twitter:data2\" content=\"2 minutos\" \/>\n<script type=\"application\/ld+json\" class=\"yoast-schema-graph\">{\"@context\":\"https:\\\/\\\/schema.org\",\"@graph\":[{\"@type\":\"Article\",\"@id\":\"https:\\\/\\\/jornaldasoficinas.com\\\/pt\\\/ciberseguranca-desafios-da-tecnologia\\\/#article\",\"isPartOf\":{\"@id\":\"https:\\\/\\\/jornaldasoficinas.com\\\/pt\\\/ciberseguranca-desafios-da-tecnologia\\\/\"},\"author\":{\"name\":\"Reda\u00e7\u00e3o JO\",\"@id\":\"https:\\\/\\\/jornaldasoficinas.com\\\/pt\\\/#\\\/schema\\\/person\\\/a38eef5de2c41d9e7c9ac10141afddf3\"},\"headline\":\"Ciberseguran\u00e7a\u00a0 &#8211; Desafios da tecnologia\",\"datePublished\":\"2021-05-15T11:00:35+00:00\",\"dateModified\":\"2021-05-17T18:20:35+00:00\",\"mainEntityOfPage\":{\"@id\":\"https:\\\/\\\/jornaldasoficinas.com\\\/pt\\\/ciberseguranca-desafios-da-tecnologia\\\/\"},\"wordCount\":290,\"publisher\":{\"@id\":\"https:\\\/\\\/jornaldasoficinas.com\\\/pt\\\/#organization\"},\"image\":{\"@id\":\"https:\\\/\\\/jornaldasoficinas.com\\\/pt\\\/ciberseguranca-desafios-da-tecnologia\\\/#primaryimage\"},\"thumbnailUrl\":\"https:\\\/\\\/jornaldasoficinas.com\\\/pt\\\/wp-content\\\/uploads\\\/2021\\\/05\\\/ciberseguranca-II-parte.jpeg\",\"keywords\":[\"FIGIEFA\"],\"articleSection\":[\"Mercado\"],\"inLanguage\":\"pt-PT\"},{\"@type\":\"WebPage\",\"@id\":\"https:\\\/\\\/jornaldasoficinas.com\\\/pt\\\/ciberseguranca-desafios-da-tecnologia\\\/\",\"url\":\"https:\\\/\\\/jornaldasoficinas.com\\\/pt\\\/ciberseguranca-desafios-da-tecnologia\\\/\",\"name\":\"Ciberseguran\u00e7a\u00a0 - Desafios da tecnologia - Jornal das Oficinas\",\"isPartOf\":{\"@id\":\"https:\\\/\\\/jornaldasoficinas.com\\\/pt\\\/#website\"},\"primaryImageOfPage\":{\"@id\":\"https:\\\/\\\/jornaldasoficinas.com\\\/pt\\\/ciberseguranca-desafios-da-tecnologia\\\/#primaryimage\"},\"image\":{\"@id\":\"https:\\\/\\\/jornaldasoficinas.com\\\/pt\\\/ciberseguranca-desafios-da-tecnologia\\\/#primaryimage\"},\"thumbnailUrl\":\"https:\\\/\\\/jornaldasoficinas.com\\\/pt\\\/wp-content\\\/uploads\\\/2021\\\/05\\\/ciberseguranca-II-parte.jpeg\",\"datePublished\":\"2021-05-15T11:00:35+00:00\",\"dateModified\":\"2021-05-17T18:20:35+00:00\",\"description\":\"Nesta edi\u00e7\u00e3o damos continuidade ao artigo iniciado no \u00faltimo n\u00famero, com enfoque nos riscos da ciberseguran\u00e7a\",\"breadcrumb\":{\"@id\":\"https:\\\/\\\/jornaldasoficinas.com\\\/pt\\\/ciberseguranca-desafios-da-tecnologia\\\/#breadcrumb\"},\"inLanguage\":\"pt-PT\",\"potentialAction\":[{\"@type\":\"ReadAction\",\"target\":[\"https:\\\/\\\/jornaldasoficinas.com\\\/pt\\\/ciberseguranca-desafios-da-tecnologia\\\/\"]}]},{\"@type\":\"ImageObject\",\"inLanguage\":\"pt-PT\",\"@id\":\"https:\\\/\\\/jornaldasoficinas.com\\\/pt\\\/ciberseguranca-desafios-da-tecnologia\\\/#primaryimage\",\"url\":\"https:\\\/\\\/jornaldasoficinas.com\\\/pt\\\/wp-content\\\/uploads\\\/2021\\\/05\\\/ciberseguranca-II-parte.jpeg\",\"contentUrl\":\"https:\\\/\\\/jornaldasoficinas.com\\\/pt\\\/wp-content\\\/uploads\\\/2021\\\/05\\\/ciberseguranca-II-parte.jpeg\",\"width\":1024,\"height\":581,\"caption\":\"05 - ciberseguranca-II-parte\"},{\"@type\":\"BreadcrumbList\",\"@id\":\"https:\\\/\\\/jornaldasoficinas.com\\\/pt\\\/ciberseguranca-desafios-da-tecnologia\\\/#breadcrumb\",\"itemListElement\":[{\"@type\":\"ListItem\",\"position\":1,\"name\":\"In\u00edcio\",\"item\":\"https:\\\/\\\/jornaldasoficinas.com\\\/pt\\\/\"},{\"@type\":\"ListItem\",\"position\":2,\"name\":\"Ciberseguran\u00e7a\u00a0 &#8211; Desafios da tecnologia\"}]},{\"@type\":\"WebSite\",\"@id\":\"https:\\\/\\\/jornaldasoficinas.com\\\/pt\\\/#website\",\"url\":\"https:\\\/\\\/jornaldasoficinas.com\\\/pt\\\/\",\"name\":\"Jornal das Oficinas\",\"description\":\"Jornal independente do Aftermarket Autom\u00f3vel em Portugal\",\"publisher\":{\"@id\":\"https:\\\/\\\/jornaldasoficinas.com\\\/pt\\\/#organization\"},\"potentialAction\":[{\"@type\":\"SearchAction\",\"target\":{\"@type\":\"EntryPoint\",\"urlTemplate\":\"https:\\\/\\\/jornaldasoficinas.com\\\/pt\\\/?s={search_term_string}\"},\"query-input\":{\"@type\":\"PropertyValueSpecification\",\"valueRequired\":true,\"valueName\":\"search_term_string\"}}],\"inLanguage\":\"pt-PT\"},{\"@type\":\"Organization\",\"@id\":\"https:\\\/\\\/jornaldasoficinas.com\\\/pt\\\/#organization\",\"name\":\"Jornal das Oficinas\",\"url\":\"https:\\\/\\\/jornaldasoficinas.com\\\/pt\\\/\",\"logo\":{\"@type\":\"ImageObject\",\"inLanguage\":\"pt-PT\",\"@id\":\"https:\\\/\\\/jornaldasoficinas.com\\\/pt\\\/#\\\/schema\\\/logo\\\/image\\\/\",\"url\":\"https:\\\/\\\/jornaldasoficinas.com\\\/pt\\\/wp-content\\\/uploads\\\/logoJO-SEO.png\",\"contentUrl\":\"https:\\\/\\\/jornaldasoficinas.com\\\/pt\\\/wp-content\\\/uploads\\\/logoJO-SEO.png\",\"width\":285,\"height\":450,\"caption\":\"Jornal das Oficinas\"},\"image\":{\"@id\":\"https:\\\/\\\/jornaldasoficinas.com\\\/pt\\\/#\\\/schema\\\/logo\\\/image\\\/\"},\"sameAs\":[\"https:\\\/\\\/www.facebook.com\\\/jornaloficinas\",\"https:\\\/\\\/x.com\\\/jornaloficinas\",\"https:\\\/\\\/www.instagram.com\\\/jornal_oficinas\\\/\",\"https:\\\/\\\/www.linkedin.com\\\/company\\\/jornal-das-oficinas\\\/\",\"https:\\\/\\\/www.youtube.com\\\/channel\\\/UCbQZBqtcvV-oSQrr7RzINGg\"]},{\"@type\":\"Person\",\"@id\":\"https:\\\/\\\/jornaldasoficinas.com\\\/pt\\\/#\\\/schema\\\/person\\\/a38eef5de2c41d9e7c9ac10141afddf3\",\"name\":\"Reda\u00e7\u00e3o JO\",\"image\":{\"@type\":\"ImageObject\",\"inLanguage\":\"pt-PT\",\"@id\":\"https:\\\/\\\/secure.gravatar.com\\\/avatar\\\/71f2fa71737ad68a84fea94bc708ddac8ea5b0c4788dc2ad202f3ccb2887742f?s=96&d=wp_user_avatar&r=g\",\"url\":\"https:\\\/\\\/secure.gravatar.com\\\/avatar\\\/71f2fa71737ad68a84fea94bc708ddac8ea5b0c4788dc2ad202f3ccb2887742f?s=96&d=wp_user_avatar&r=g\",\"contentUrl\":\"https:\\\/\\\/secure.gravatar.com\\\/avatar\\\/71f2fa71737ad68a84fea94bc708ddac8ea5b0c4788dc2ad202f3ccb2887742f?s=96&d=wp_user_avatar&r=g\",\"caption\":\"Reda\u00e7\u00e3o JO\"},\"url\":\"https:\\\/\\\/jornaldasoficinas.com\\\/pt\\\/author\\\/joredacao\\\/\"}]}<\/script>\n<!-- \/ Yoast SEO plugin. -->","yoast_head_json":{"title":"Ciberseguran\u00e7a\u00a0 - Desafios da tecnologia - Jornal das Oficinas","description":"Nesta edi\u00e7\u00e3o damos continuidade ao artigo iniciado no \u00faltimo n\u00famero, com enfoque nos riscos da ciberseguran\u00e7a","robots":{"index":"index","follow":"follow","max-snippet":"max-snippet:-1","max-image-preview":"max-image-preview:large","max-video-preview":"max-video-preview:-1"},"canonical":"https:\/\/jornaldasoficinas.com\/pt\/ciberseguranca-desafios-da-tecnologia\/","og_locale":"pt_PT","og_type":"article","og_title":"Ciberseguran\u00e7a\u00a0 - Desafios da tecnologia - Jornal das Oficinas","og_description":"Nesta edi\u00e7\u00e3o damos continuidade ao artigo iniciado no \u00faltimo n\u00famero, com enfoque nos riscos da ciberseguran\u00e7a","og_url":"https:\/\/jornaldasoficinas.com\/pt\/ciberseguranca-desafios-da-tecnologia\/","og_site_name":"Jornal das Oficinas","article_publisher":"https:\/\/www.facebook.com\/jornaloficinas","article_published_time":"2021-05-15T11:00:35+00:00","article_modified_time":"2021-05-17T18:20:35+00:00","og_image":[{"width":1024,"height":581,"url":"https:\/\/jornaldasoficinas.com\/pt\/wp-content\/uploads\/2021\/05\/ciberseguranca-II-parte.jpeg","type":"image\/jpeg"}],"author":"Reda\u00e7\u00e3o JO","twitter_card":"summary_large_image","twitter_creator":"@jornaloficinas","twitter_site":"@jornaloficinas","twitter_misc":{"Escrito por":"Reda\u00e7\u00e3o JO","Tempo estimado de leitura":"2 minutos"},"schema":{"@context":"https:\/\/schema.org","@graph":[{"@type":"Article","@id":"https:\/\/jornaldasoficinas.com\/pt\/ciberseguranca-desafios-da-tecnologia\/#article","isPartOf":{"@id":"https:\/\/jornaldasoficinas.com\/pt\/ciberseguranca-desafios-da-tecnologia\/"},"author":{"name":"Reda\u00e7\u00e3o JO","@id":"https:\/\/jornaldasoficinas.com\/pt\/#\/schema\/person\/a38eef5de2c41d9e7c9ac10141afddf3"},"headline":"Ciberseguran\u00e7a\u00a0 &#8211; Desafios da tecnologia","datePublished":"2021-05-15T11:00:35+00:00","dateModified":"2021-05-17T18:20:35+00:00","mainEntityOfPage":{"@id":"https:\/\/jornaldasoficinas.com\/pt\/ciberseguranca-desafios-da-tecnologia\/"},"wordCount":290,"publisher":{"@id":"https:\/\/jornaldasoficinas.com\/pt\/#organization"},"image":{"@id":"https:\/\/jornaldasoficinas.com\/pt\/ciberseguranca-desafios-da-tecnologia\/#primaryimage"},"thumbnailUrl":"https:\/\/jornaldasoficinas.com\/pt\/wp-content\/uploads\/2021\/05\/ciberseguranca-II-parte.jpeg","keywords":["FIGIEFA"],"articleSection":["Mercado"],"inLanguage":"pt-PT"},{"@type":"WebPage","@id":"https:\/\/jornaldasoficinas.com\/pt\/ciberseguranca-desafios-da-tecnologia\/","url":"https:\/\/jornaldasoficinas.com\/pt\/ciberseguranca-desafios-da-tecnologia\/","name":"Ciberseguran\u00e7a\u00a0 - Desafios da tecnologia - Jornal das Oficinas","isPartOf":{"@id":"https:\/\/jornaldasoficinas.com\/pt\/#website"},"primaryImageOfPage":{"@id":"https:\/\/jornaldasoficinas.com\/pt\/ciberseguranca-desafios-da-tecnologia\/#primaryimage"},"image":{"@id":"https:\/\/jornaldasoficinas.com\/pt\/ciberseguranca-desafios-da-tecnologia\/#primaryimage"},"thumbnailUrl":"https:\/\/jornaldasoficinas.com\/pt\/wp-content\/uploads\/2021\/05\/ciberseguranca-II-parte.jpeg","datePublished":"2021-05-15T11:00:35+00:00","dateModified":"2021-05-17T18:20:35+00:00","description":"Nesta edi\u00e7\u00e3o damos continuidade ao artigo iniciado no \u00faltimo n\u00famero, com enfoque nos riscos da ciberseguran\u00e7a","breadcrumb":{"@id":"https:\/\/jornaldasoficinas.com\/pt\/ciberseguranca-desafios-da-tecnologia\/#breadcrumb"},"inLanguage":"pt-PT","potentialAction":[{"@type":"ReadAction","target":["https:\/\/jornaldasoficinas.com\/pt\/ciberseguranca-desafios-da-tecnologia\/"]}]},{"@type":"ImageObject","inLanguage":"pt-PT","@id":"https:\/\/jornaldasoficinas.com\/pt\/ciberseguranca-desafios-da-tecnologia\/#primaryimage","url":"https:\/\/jornaldasoficinas.com\/pt\/wp-content\/uploads\/2021\/05\/ciberseguranca-II-parte.jpeg","contentUrl":"https:\/\/jornaldasoficinas.com\/pt\/wp-content\/uploads\/2021\/05\/ciberseguranca-II-parte.jpeg","width":1024,"height":581,"caption":"05 - ciberseguranca-II-parte"},{"@type":"BreadcrumbList","@id":"https:\/\/jornaldasoficinas.com\/pt\/ciberseguranca-desafios-da-tecnologia\/#breadcrumb","itemListElement":[{"@type":"ListItem","position":1,"name":"In\u00edcio","item":"https:\/\/jornaldasoficinas.com\/pt\/"},{"@type":"ListItem","position":2,"name":"Ciberseguran\u00e7a\u00a0 &#8211; Desafios da tecnologia"}]},{"@type":"WebSite","@id":"https:\/\/jornaldasoficinas.com\/pt\/#website","url":"https:\/\/jornaldasoficinas.com\/pt\/","name":"Jornal das Oficinas","description":"Jornal independente do Aftermarket Autom\u00f3vel em Portugal","publisher":{"@id":"https:\/\/jornaldasoficinas.com\/pt\/#organization"},"potentialAction":[{"@type":"SearchAction","target":{"@type":"EntryPoint","urlTemplate":"https:\/\/jornaldasoficinas.com\/pt\/?s={search_term_string}"},"query-input":{"@type":"PropertyValueSpecification","valueRequired":true,"valueName":"search_term_string"}}],"inLanguage":"pt-PT"},{"@type":"Organization","@id":"https:\/\/jornaldasoficinas.com\/pt\/#organization","name":"Jornal das Oficinas","url":"https:\/\/jornaldasoficinas.com\/pt\/","logo":{"@type":"ImageObject","inLanguage":"pt-PT","@id":"https:\/\/jornaldasoficinas.com\/pt\/#\/schema\/logo\/image\/","url":"https:\/\/jornaldasoficinas.com\/pt\/wp-content\/uploads\/logoJO-SEO.png","contentUrl":"https:\/\/jornaldasoficinas.com\/pt\/wp-content\/uploads\/logoJO-SEO.png","width":285,"height":450,"caption":"Jornal das Oficinas"},"image":{"@id":"https:\/\/jornaldasoficinas.com\/pt\/#\/schema\/logo\/image\/"},"sameAs":["https:\/\/www.facebook.com\/jornaloficinas","https:\/\/x.com\/jornaloficinas","https:\/\/www.instagram.com\/jornal_oficinas\/","https:\/\/www.linkedin.com\/company\/jornal-das-oficinas\/","https:\/\/www.youtube.com\/channel\/UCbQZBqtcvV-oSQrr7RzINGg"]},{"@type":"Person","@id":"https:\/\/jornaldasoficinas.com\/pt\/#\/schema\/person\/a38eef5de2c41d9e7c9ac10141afddf3","name":"Reda\u00e7\u00e3o JO","image":{"@type":"ImageObject","inLanguage":"pt-PT","@id":"https:\/\/secure.gravatar.com\/avatar\/71f2fa71737ad68a84fea94bc708ddac8ea5b0c4788dc2ad202f3ccb2887742f?s=96&d=wp_user_avatar&r=g","url":"https:\/\/secure.gravatar.com\/avatar\/71f2fa71737ad68a84fea94bc708ddac8ea5b0c4788dc2ad202f3ccb2887742f?s=96&d=wp_user_avatar&r=g","contentUrl":"https:\/\/secure.gravatar.com\/avatar\/71f2fa71737ad68a84fea94bc708ddac8ea5b0c4788dc2ad202f3ccb2887742f?s=96&d=wp_user_avatar&r=g","caption":"Reda\u00e7\u00e3o JO"},"url":"https:\/\/jornaldasoficinas.com\/pt\/author\/joredacao\/"}]}},"_links":{"self":[{"href":"https:\/\/jornaldasoficinas.com\/pt\/wp-json\/wp\/v2\/posts\/21338","targetHints":{"allow":["GET"]}}],"collection":[{"href":"https:\/\/jornaldasoficinas.com\/pt\/wp-json\/wp\/v2\/posts"}],"about":[{"href":"https:\/\/jornaldasoficinas.com\/pt\/wp-json\/wp\/v2\/types\/post"}],"author":[{"embeddable":true,"href":"https:\/\/jornaldasoficinas.com\/pt\/wp-json\/wp\/v2\/users\/15"}],"replies":[{"embeddable":true,"href":"https:\/\/jornaldasoficinas.com\/pt\/wp-json\/wp\/v2\/comments?post=21338"}],"version-history":[{"count":0,"href":"https:\/\/jornaldasoficinas.com\/pt\/wp-json\/wp\/v2\/posts\/21338\/revisions"}],"wp:featuredmedia":[{"embeddable":true,"href":"https:\/\/jornaldasoficinas.com\/pt\/wp-json\/wp\/v2\/media\/21339"}],"wp:attachment":[{"href":"https:\/\/jornaldasoficinas.com\/pt\/wp-json\/wp\/v2\/media?parent=21338"}],"wp:term":[{"taxonomy":"category","embeddable":true,"href":"https:\/\/jornaldasoficinas.com\/pt\/wp-json\/wp\/v2\/categories?post=21338"},{"taxonomy":"post_tag","embeddable":true,"href":"https:\/\/jornaldasoficinas.com\/pt\/wp-json\/wp\/v2\/tags?post=21338"}],"curies":[{"name":"wp","href":"https:\/\/api.w.org\/{rel}","templated":true}]}}