{"id":21380,"date":"2021-05-18T16:00:38","date_gmt":"2021-05-18T15:00:38","guid":{"rendered":"https:\/\/jornaldasoficinas.com\/pt\/?p=21380"},"modified":"2021-05-20T11:25:54","modified_gmt":"2021-05-20T10:25:54","slug":"airtex-reafirma-marca-no-reino-unido","status":"publish","type":"post","link":"https:\/\/jornaldasoficinas.com\/pt\/airtex-reafirma-marca-no-reino-unido\/","title":{"rendered":"Airtex reafirma marca no Reino Unido"},"content":{"rendered":"<p><strong><img loading=\"lazy\" decoding=\"async\" class=\"alignnone wp-image-21368 size-full\" src=\"https:\/\/jornaldasoficinas.com\/pt\/wp-content\/uploads\/2021\/05\/Airtex-reafirma-marca-no-Reino-Unido.jpg\" alt=\"05 - Airtex-reafirma-marca-no-Reino-Unido\" width=\"1024\" height=\"581\" srcset=\"https:\/\/jornaldasoficinas.com\/pt\/wp-content\/uploads\/2021\/05\/Airtex-reafirma-marca-no-Reino-Unido.jpg 1024w, https:\/\/jornaldasoficinas.com\/pt\/wp-content\/uploads\/2021\/05\/Airtex-reafirma-marca-no-Reino-Unido-300x170.jpg 300w, https:\/\/jornaldasoficinas.com\/pt\/wp-content\/uploads\/2021\/05\/Airtex-reafirma-marca-no-Reino-Unido-150x85.jpg 150w, https:\/\/jornaldasoficinas.com\/pt\/wp-content\/uploads\/2021\/05\/Airtex-reafirma-marca-no-Reino-Unido-768x436.jpg 768w\" sizes=\"auto, (max-width: 1024px) 100vw, 1024px\" \/><\/strong><\/p>\n<p><strong>A Airtex, reafirma o seu compromisso com o Reino Unido, aumentando a sua atividade comercial no mercado<\/strong><\/p>\n<p>Presentes no mercado h\u00e1 mais de 85 anos, desde 1935, a Airtex \u00e9 um fabricante dedicado de equipamento original (OE), e a sua f\u00e1brica na Europa \u00e9 uma das provas do seu compromisso com a qualidade. Com sede em Sarago\u00e7a (entre Barcelona e Madrid), a f\u00e1brica de 13.000 m2 com certifica\u00e7\u00e3o ISO emprega quase 150 funcion\u00e1rios e tem capacidade para produzir mais de cinco milh\u00f5es de bombas de \u00e1gua todos os anos.<\/p>\n<p>Tamb\u00e9m fornece uma ampla gama de fabricantes de ve\u00edculos, incluindo marcas tradicionais como Ford, Grupo Volkswagen Audi, Land Rover, GM e PSA, bem como fabricantes especiais de \u201coff road\u201d e agr\u00edcolas, incluindo Caterpillar e Perkins. A gama de \u201caftermarket\u201d engloba bombas de combust\u00edvel, bombas de \u00e1gua e kits de bomba de \u00e1gua que incluem uma correia OE, fabricada em It\u00e1lia por um fornecedor reconhecido.<\/p>\n<p>Neste momento, a prestigiada empresa procura envolver-se em workshops o m\u00e1ximo poss\u00edvel. Estes t\u00eam como objetivo oferecer suporte t\u00e9cnico avan\u00e7ado, incentivos e a\u00e7\u00f5es promocionais, de forma a recompensar clientes fi\u00e9is. Estas a\u00e7\u00f5es passam pela introdu\u00e7\u00e3o \u201cworkwear\u201d da marca, aumento de atividade no seu canal de YouTube para auxiliar os t\u00e9cnicos com v\u00eddeos de montagem e atualiza\u00e7\u00e3o do site da Airtex, para torn\u00e1-lo mais amig\u00e1vel.<\/p>\n<p>O gestor da marca e marketing do grupo (Europa), Sam Robinson, afirmou: \u201cEmbora os produtos Airtex estejam sempre presentes no mercado, nos \u00faltimos anos concentr\u00e1mo-nos nos nossos neg\u00f3cios principais de OEM e OES. No entanto, como os t\u00e9cnicos est\u00e3o cada vez mais experientes ao considerar as op\u00e7\u00f5es de \u201caftermarket\u201d e est\u00e3o focados na longevidade e especifica\u00e7\u00f5es das pe\u00e7as, o produto Airtex destaca-se. Devido \u00e0 nossa pesquisa e desenvolvimento constantes, as bombas de \u00e1gua, kits de distribui\u00e7\u00e3o e bombas de combust\u00edvel Airtex fornecem-lhes os produtos de qualidade OE que procuram, apoiados pela nossa garantia de tr\u00eas anos. Como resultado, acreditamos que agora \u00e9 o momento certo para revigorar a nossa presen\u00e7a no mercado e dar aos t\u00e9cnicos a oportunidade de escolher a Airtex para as suas necessidades de substitui\u00e7\u00e3o de bombas de \u00e1gua e combust\u00edvel. Temos d\u00e9cadas de experi\u00eancia fornecendo aos mais prestigiados fabricantes de ve\u00edculos e marcas de \u201caftermarket\u201d bombas de alta qualidade, e estamos entusiasmados por agora apresentarmos ainda mais t\u00e9cnicos \u00e0 marca Airtex e dar-lhes a confian\u00e7a para fornecer e ajustar os nossos produtos.&#8221;<\/p>\n","protected":false},"excerpt":{"rendered":"<p>A Airtex, reafirma o seu compromisso&#8230;<\/p>\n","protected":false},"author":15,"featured_media":21368,"comment_status":"closed","ping_status":"closed","sticky":false,"template":"","format":"standard","meta":{"footnotes":""},"categories":[29],"tags":[1537],"class_list":["post-21380","post","type-post","status-publish","format-standard","has-post-thumbnail","hentry","category-empresas","tag-airtex"],"yoast_head":"<!-- This site is optimized with the Yoast SEO plugin v27.4 - https:\/\/yoast.com\/product\/yoast-seo-wordpress\/ -->\n<title>Airtex reafirma marca no Reino Unido - Jornal das Oficinas<\/title>\n<meta name=\"description\" content=\"A Airtex, reafirma o seu compromisso com o Reino Unido, aumentando a sua atividade comercial no mercado\" \/>\n<meta name=\"robots\" content=\"index, follow, max-snippet:-1, max-image-preview:large, max-video-preview:-1\" \/>\n<link rel=\"canonical\" href=\"https:\/\/jornaldasoficinas.com\/pt\/airtex-reafirma-marca-no-reino-unido\/\" \/>\n<meta property=\"og:locale\" content=\"pt_PT\" \/>\n<meta property=\"og:type\" content=\"article\" \/>\n<meta property=\"og:title\" content=\"Airtex reafirma marca no Reino Unido - Jornal das Oficinas\" \/>\n<meta property=\"og:description\" content=\"A Airtex, reafirma o seu compromisso com o Reino Unido, aumentando a sua atividade comercial no mercado\" \/>\n<meta property=\"og:url\" content=\"https:\/\/jornaldasoficinas.com\/pt\/airtex-reafirma-marca-no-reino-unido\/\" \/>\n<meta property=\"og:site_name\" content=\"Jornal das Oficinas\" \/>\n<meta property=\"article:publisher\" content=\"https:\/\/www.facebook.com\/jornaloficinas\" \/>\n<meta property=\"article:published_time\" content=\"2021-05-18T15:00:38+00:00\" \/>\n<meta property=\"article:modified_time\" content=\"2021-05-20T10:25:54+00:00\" \/>\n<meta property=\"og:image\" content=\"https:\/\/jornaldasoficinas.com\/pt\/wp-content\/uploads\/2021\/05\/Airtex-reafirma-marca-no-Reino-Unido.jpg\" \/>\n\t<meta property=\"og:image:width\" content=\"1024\" \/>\n\t<meta property=\"og:image:height\" content=\"581\" \/>\n\t<meta property=\"og:image:type\" content=\"image\/jpeg\" \/>\n<meta name=\"author\" content=\"Reda\u00e7\u00e3o JO\" \/>\n<meta name=\"twitter:card\" content=\"summary_large_image\" \/>\n<meta name=\"twitter:creator\" content=\"@jornaloficinas\" \/>\n<meta name=\"twitter:site\" content=\"@jornaloficinas\" \/>\n<meta name=\"twitter:label1\" content=\"Escrito por\" \/>\n\t<meta name=\"twitter:data1\" content=\"Reda\u00e7\u00e3o JO\" \/>\n\t<meta name=\"twitter:label2\" content=\"Tempo estimado de leitura\" \/>\n\t<meta name=\"twitter:data2\" content=\"2 minutos\" \/>\n<script type=\"application\/ld+json\" class=\"yoast-schema-graph\">{\"@context\":\"https:\\\/\\\/schema.org\",\"@graph\":[{\"@type\":\"Article\",\"@id\":\"https:\\\/\\\/jornaldasoficinas.com\\\/pt\\\/airtex-reafirma-marca-no-reino-unido\\\/#article\",\"isPartOf\":{\"@id\":\"https:\\\/\\\/jornaldasoficinas.com\\\/pt\\\/airtex-reafirma-marca-no-reino-unido\\\/\"},\"author\":{\"name\":\"Reda\u00e7\u00e3o JO\",\"@id\":\"https:\\\/\\\/jornaldasoficinas.com\\\/pt\\\/#\\\/schema\\\/person\\\/a38eef5de2c41d9e7c9ac10141afddf3\"},\"headline\":\"Airtex reafirma marca no Reino Unido\",\"datePublished\":\"2021-05-18T15:00:38+00:00\",\"dateModified\":\"2021-05-20T10:25:54+00:00\",\"mainEntityOfPage\":{\"@id\":\"https:\\\/\\\/jornaldasoficinas.com\\\/pt\\\/airtex-reafirma-marca-no-reino-unido\\\/\"},\"wordCount\":435,\"publisher\":{\"@id\":\"https:\\\/\\\/jornaldasoficinas.com\\\/pt\\\/#organization\"},\"image\":{\"@id\":\"https:\\\/\\\/jornaldasoficinas.com\\\/pt\\\/airtex-reafirma-marca-no-reino-unido\\\/#primaryimage\"},\"thumbnailUrl\":\"https:\\\/\\\/jornaldasoficinas.com\\\/pt\\\/wp-content\\\/uploads\\\/2021\\\/05\\\/Airtex-reafirma-marca-no-Reino-Unido.jpg\",\"keywords\":[\"Airtex\"],\"articleSection\":[\"Empresas\"],\"inLanguage\":\"pt-PT\"},{\"@type\":\"WebPage\",\"@id\":\"https:\\\/\\\/jornaldasoficinas.com\\\/pt\\\/airtex-reafirma-marca-no-reino-unido\\\/\",\"url\":\"https:\\\/\\\/jornaldasoficinas.com\\\/pt\\\/airtex-reafirma-marca-no-reino-unido\\\/\",\"name\":\"Airtex reafirma marca no Reino Unido - Jornal das Oficinas\",\"isPartOf\":{\"@id\":\"https:\\\/\\\/jornaldasoficinas.com\\\/pt\\\/#website\"},\"primaryImageOfPage\":{\"@id\":\"https:\\\/\\\/jornaldasoficinas.com\\\/pt\\\/airtex-reafirma-marca-no-reino-unido\\\/#primaryimage\"},\"image\":{\"@id\":\"https:\\\/\\\/jornaldasoficinas.com\\\/pt\\\/airtex-reafirma-marca-no-reino-unido\\\/#primaryimage\"},\"thumbnailUrl\":\"https:\\\/\\\/jornaldasoficinas.com\\\/pt\\\/wp-content\\\/uploads\\\/2021\\\/05\\\/Airtex-reafirma-marca-no-Reino-Unido.jpg\",\"datePublished\":\"2021-05-18T15:00:38+00:00\",\"dateModified\":\"2021-05-20T10:25:54+00:00\",\"description\":\"A Airtex, reafirma o seu compromisso com o Reino Unido, aumentando a sua atividade comercial no mercado\",\"breadcrumb\":{\"@id\":\"https:\\\/\\\/jornaldasoficinas.com\\\/pt\\\/airtex-reafirma-marca-no-reino-unido\\\/#breadcrumb\"},\"inLanguage\":\"pt-PT\",\"potentialAction\":[{\"@type\":\"ReadAction\",\"target\":[\"https:\\\/\\\/jornaldasoficinas.com\\\/pt\\\/airtex-reafirma-marca-no-reino-unido\\\/\"]}]},{\"@type\":\"ImageObject\",\"inLanguage\":\"pt-PT\",\"@id\":\"https:\\\/\\\/jornaldasoficinas.com\\\/pt\\\/airtex-reafirma-marca-no-reino-unido\\\/#primaryimage\",\"url\":\"https:\\\/\\\/jornaldasoficinas.com\\\/pt\\\/wp-content\\\/uploads\\\/2021\\\/05\\\/Airtex-reafirma-marca-no-Reino-Unido.jpg\",\"contentUrl\":\"https:\\\/\\\/jornaldasoficinas.com\\\/pt\\\/wp-content\\\/uploads\\\/2021\\\/05\\\/Airtex-reafirma-marca-no-Reino-Unido.jpg\",\"width\":1024,\"height\":581,\"caption\":\"05 - Airtex-reafirma-marca-no-Reino-Unido\"},{\"@type\":\"BreadcrumbList\",\"@id\":\"https:\\\/\\\/jornaldasoficinas.com\\\/pt\\\/airtex-reafirma-marca-no-reino-unido\\\/#breadcrumb\",\"itemListElement\":[{\"@type\":\"ListItem\",\"position\":1,\"name\":\"In\u00edcio\",\"item\":\"https:\\\/\\\/jornaldasoficinas.com\\\/pt\\\/\"},{\"@type\":\"ListItem\",\"position\":2,\"name\":\"Airtex reafirma marca no Reino Unido\"}]},{\"@type\":\"WebSite\",\"@id\":\"https:\\\/\\\/jornaldasoficinas.com\\\/pt\\\/#website\",\"url\":\"https:\\\/\\\/jornaldasoficinas.com\\\/pt\\\/\",\"name\":\"Jornal das Oficinas\",\"description\":\"Jornal independente do Aftermarket Autom\u00f3vel em Portugal\",\"publisher\":{\"@id\":\"https:\\\/\\\/jornaldasoficinas.com\\\/pt\\\/#organization\"},\"potentialAction\":[{\"@type\":\"SearchAction\",\"target\":{\"@type\":\"EntryPoint\",\"urlTemplate\":\"https:\\\/\\\/jornaldasoficinas.com\\\/pt\\\/?s={search_term_string}\"},\"query-input\":{\"@type\":\"PropertyValueSpecification\",\"valueRequired\":true,\"valueName\":\"search_term_string\"}}],\"inLanguage\":\"pt-PT\"},{\"@type\":\"Organization\",\"@id\":\"https:\\\/\\\/jornaldasoficinas.com\\\/pt\\\/#organization\",\"name\":\"Jornal das Oficinas\",\"url\":\"https:\\\/\\\/jornaldasoficinas.com\\\/pt\\\/\",\"logo\":{\"@type\":\"ImageObject\",\"inLanguage\":\"pt-PT\",\"@id\":\"https:\\\/\\\/jornaldasoficinas.com\\\/pt\\\/#\\\/schema\\\/logo\\\/image\\\/\",\"url\":\"https:\\\/\\\/jornaldasoficinas.com\\\/pt\\\/wp-content\\\/uploads\\\/logoJO-SEO.png\",\"contentUrl\":\"https:\\\/\\\/jornaldasoficinas.com\\\/pt\\\/wp-content\\\/uploads\\\/logoJO-SEO.png\",\"width\":285,\"height\":450,\"caption\":\"Jornal das Oficinas\"},\"image\":{\"@id\":\"https:\\\/\\\/jornaldasoficinas.com\\\/pt\\\/#\\\/schema\\\/logo\\\/image\\\/\"},\"sameAs\":[\"https:\\\/\\\/www.facebook.com\\\/jornaloficinas\",\"https:\\\/\\\/x.com\\\/jornaloficinas\",\"https:\\\/\\\/www.instagram.com\\\/jornal_oficinas\\\/\",\"https:\\\/\\\/www.linkedin.com\\\/company\\\/jornal-das-oficinas\\\/\",\"https:\\\/\\\/www.youtube.com\\\/channel\\\/UCbQZBqtcvV-oSQrr7RzINGg\"]},{\"@type\":\"Person\",\"@id\":\"https:\\\/\\\/jornaldasoficinas.com\\\/pt\\\/#\\\/schema\\\/person\\\/a38eef5de2c41d9e7c9ac10141afddf3\",\"name\":\"Reda\u00e7\u00e3o JO\",\"image\":{\"@type\":\"ImageObject\",\"inLanguage\":\"pt-PT\",\"@id\":\"https:\\\/\\\/secure.gravatar.com\\\/avatar\\\/71f2fa71737ad68a84fea94bc708ddac8ea5b0c4788dc2ad202f3ccb2887742f?s=96&d=wp_user_avatar&r=g\",\"url\":\"https:\\\/\\\/secure.gravatar.com\\\/avatar\\\/71f2fa71737ad68a84fea94bc708ddac8ea5b0c4788dc2ad202f3ccb2887742f?s=96&d=wp_user_avatar&r=g\",\"contentUrl\":\"https:\\\/\\\/secure.gravatar.com\\\/avatar\\\/71f2fa71737ad68a84fea94bc708ddac8ea5b0c4788dc2ad202f3ccb2887742f?s=96&d=wp_user_avatar&r=g\",\"caption\":\"Reda\u00e7\u00e3o JO\"},\"url\":\"https:\\\/\\\/jornaldasoficinas.com\\\/pt\\\/author\\\/joredacao\\\/\"}]}<\/script>\n<!-- \/ Yoast SEO plugin. -->","yoast_head_json":{"title":"Airtex reafirma marca no Reino Unido - Jornal das Oficinas","description":"A Airtex, reafirma o seu compromisso com o Reino Unido, aumentando a sua atividade comercial no mercado","robots":{"index":"index","follow":"follow","max-snippet":"max-snippet:-1","max-image-preview":"max-image-preview:large","max-video-preview":"max-video-preview:-1"},"canonical":"https:\/\/jornaldasoficinas.com\/pt\/airtex-reafirma-marca-no-reino-unido\/","og_locale":"pt_PT","og_type":"article","og_title":"Airtex reafirma marca no Reino Unido - Jornal das Oficinas","og_description":"A Airtex, reafirma o seu compromisso com o Reino Unido, aumentando a sua atividade comercial no mercado","og_url":"https:\/\/jornaldasoficinas.com\/pt\/airtex-reafirma-marca-no-reino-unido\/","og_site_name":"Jornal das Oficinas","article_publisher":"https:\/\/www.facebook.com\/jornaloficinas","article_published_time":"2021-05-18T15:00:38+00:00","article_modified_time":"2021-05-20T10:25:54+00:00","og_image":[{"width":1024,"height":581,"url":"https:\/\/jornaldasoficinas.com\/pt\/wp-content\/uploads\/2021\/05\/Airtex-reafirma-marca-no-Reino-Unido.jpg","type":"image\/jpeg"}],"author":"Reda\u00e7\u00e3o JO","twitter_card":"summary_large_image","twitter_creator":"@jornaloficinas","twitter_site":"@jornaloficinas","twitter_misc":{"Escrito por":"Reda\u00e7\u00e3o JO","Tempo estimado de leitura":"2 minutos"},"schema":{"@context":"https:\/\/schema.org","@graph":[{"@type":"Article","@id":"https:\/\/jornaldasoficinas.com\/pt\/airtex-reafirma-marca-no-reino-unido\/#article","isPartOf":{"@id":"https:\/\/jornaldasoficinas.com\/pt\/airtex-reafirma-marca-no-reino-unido\/"},"author":{"name":"Reda\u00e7\u00e3o JO","@id":"https:\/\/jornaldasoficinas.com\/pt\/#\/schema\/person\/a38eef5de2c41d9e7c9ac10141afddf3"},"headline":"Airtex reafirma marca no Reino Unido","datePublished":"2021-05-18T15:00:38+00:00","dateModified":"2021-05-20T10:25:54+00:00","mainEntityOfPage":{"@id":"https:\/\/jornaldasoficinas.com\/pt\/airtex-reafirma-marca-no-reino-unido\/"},"wordCount":435,"publisher":{"@id":"https:\/\/jornaldasoficinas.com\/pt\/#organization"},"image":{"@id":"https:\/\/jornaldasoficinas.com\/pt\/airtex-reafirma-marca-no-reino-unido\/#primaryimage"},"thumbnailUrl":"https:\/\/jornaldasoficinas.com\/pt\/wp-content\/uploads\/2021\/05\/Airtex-reafirma-marca-no-Reino-Unido.jpg","keywords":["Airtex"],"articleSection":["Empresas"],"inLanguage":"pt-PT"},{"@type":"WebPage","@id":"https:\/\/jornaldasoficinas.com\/pt\/airtex-reafirma-marca-no-reino-unido\/","url":"https:\/\/jornaldasoficinas.com\/pt\/airtex-reafirma-marca-no-reino-unido\/","name":"Airtex reafirma marca no Reino Unido - Jornal das Oficinas","isPartOf":{"@id":"https:\/\/jornaldasoficinas.com\/pt\/#website"},"primaryImageOfPage":{"@id":"https:\/\/jornaldasoficinas.com\/pt\/airtex-reafirma-marca-no-reino-unido\/#primaryimage"},"image":{"@id":"https:\/\/jornaldasoficinas.com\/pt\/airtex-reafirma-marca-no-reino-unido\/#primaryimage"},"thumbnailUrl":"https:\/\/jornaldasoficinas.com\/pt\/wp-content\/uploads\/2021\/05\/Airtex-reafirma-marca-no-Reino-Unido.jpg","datePublished":"2021-05-18T15:00:38+00:00","dateModified":"2021-05-20T10:25:54+00:00","description":"A Airtex, reafirma o seu compromisso com o Reino Unido, aumentando a sua atividade comercial no mercado","breadcrumb":{"@id":"https:\/\/jornaldasoficinas.com\/pt\/airtex-reafirma-marca-no-reino-unido\/#breadcrumb"},"inLanguage":"pt-PT","potentialAction":[{"@type":"ReadAction","target":["https:\/\/jornaldasoficinas.com\/pt\/airtex-reafirma-marca-no-reino-unido\/"]}]},{"@type":"ImageObject","inLanguage":"pt-PT","@id":"https:\/\/jornaldasoficinas.com\/pt\/airtex-reafirma-marca-no-reino-unido\/#primaryimage","url":"https:\/\/jornaldasoficinas.com\/pt\/wp-content\/uploads\/2021\/05\/Airtex-reafirma-marca-no-Reino-Unido.jpg","contentUrl":"https:\/\/jornaldasoficinas.com\/pt\/wp-content\/uploads\/2021\/05\/Airtex-reafirma-marca-no-Reino-Unido.jpg","width":1024,"height":581,"caption":"05 - Airtex-reafirma-marca-no-Reino-Unido"},{"@type":"BreadcrumbList","@id":"https:\/\/jornaldasoficinas.com\/pt\/airtex-reafirma-marca-no-reino-unido\/#breadcrumb","itemListElement":[{"@type":"ListItem","position":1,"name":"In\u00edcio","item":"https:\/\/jornaldasoficinas.com\/pt\/"},{"@type":"ListItem","position":2,"name":"Airtex reafirma marca no Reino Unido"}]},{"@type":"WebSite","@id":"https:\/\/jornaldasoficinas.com\/pt\/#website","url":"https:\/\/jornaldasoficinas.com\/pt\/","name":"Jornal das Oficinas","description":"Jornal independente do Aftermarket Autom\u00f3vel em Portugal","publisher":{"@id":"https:\/\/jornaldasoficinas.com\/pt\/#organization"},"potentialAction":[{"@type":"SearchAction","target":{"@type":"EntryPoint","urlTemplate":"https:\/\/jornaldasoficinas.com\/pt\/?s={search_term_string}"},"query-input":{"@type":"PropertyValueSpecification","valueRequired":true,"valueName":"search_term_string"}}],"inLanguage":"pt-PT"},{"@type":"Organization","@id":"https:\/\/jornaldasoficinas.com\/pt\/#organization","name":"Jornal das Oficinas","url":"https:\/\/jornaldasoficinas.com\/pt\/","logo":{"@type":"ImageObject","inLanguage":"pt-PT","@id":"https:\/\/jornaldasoficinas.com\/pt\/#\/schema\/logo\/image\/","url":"https:\/\/jornaldasoficinas.com\/pt\/wp-content\/uploads\/logoJO-SEO.png","contentUrl":"https:\/\/jornaldasoficinas.com\/pt\/wp-content\/uploads\/logoJO-SEO.png","width":285,"height":450,"caption":"Jornal das Oficinas"},"image":{"@id":"https:\/\/jornaldasoficinas.com\/pt\/#\/schema\/logo\/image\/"},"sameAs":["https:\/\/www.facebook.com\/jornaloficinas","https:\/\/x.com\/jornaloficinas","https:\/\/www.instagram.com\/jornal_oficinas\/","https:\/\/www.linkedin.com\/company\/jornal-das-oficinas\/","https:\/\/www.youtube.com\/channel\/UCbQZBqtcvV-oSQrr7RzINGg"]},{"@type":"Person","@id":"https:\/\/jornaldasoficinas.com\/pt\/#\/schema\/person\/a38eef5de2c41d9e7c9ac10141afddf3","name":"Reda\u00e7\u00e3o JO","image":{"@type":"ImageObject","inLanguage":"pt-PT","@id":"https:\/\/secure.gravatar.com\/avatar\/71f2fa71737ad68a84fea94bc708ddac8ea5b0c4788dc2ad202f3ccb2887742f?s=96&d=wp_user_avatar&r=g","url":"https:\/\/secure.gravatar.com\/avatar\/71f2fa71737ad68a84fea94bc708ddac8ea5b0c4788dc2ad202f3ccb2887742f?s=96&d=wp_user_avatar&r=g","contentUrl":"https:\/\/secure.gravatar.com\/avatar\/71f2fa71737ad68a84fea94bc708ddac8ea5b0c4788dc2ad202f3ccb2887742f?s=96&d=wp_user_avatar&r=g","caption":"Reda\u00e7\u00e3o JO"},"url":"https:\/\/jornaldasoficinas.com\/pt\/author\/joredacao\/"}]}},"_links":{"self":[{"href":"https:\/\/jornaldasoficinas.com\/pt\/wp-json\/wp\/v2\/posts\/21380","targetHints":{"allow":["GET"]}}],"collection":[{"href":"https:\/\/jornaldasoficinas.com\/pt\/wp-json\/wp\/v2\/posts"}],"about":[{"href":"https:\/\/jornaldasoficinas.com\/pt\/wp-json\/wp\/v2\/types\/post"}],"author":[{"embeddable":true,"href":"https:\/\/jornaldasoficinas.com\/pt\/wp-json\/wp\/v2\/users\/15"}],"replies":[{"embeddable":true,"href":"https:\/\/jornaldasoficinas.com\/pt\/wp-json\/wp\/v2\/comments?post=21380"}],"version-history":[{"count":0,"href":"https:\/\/jornaldasoficinas.com\/pt\/wp-json\/wp\/v2\/posts\/21380\/revisions"}],"wp:featuredmedia":[{"embeddable":true,"href":"https:\/\/jornaldasoficinas.com\/pt\/wp-json\/wp\/v2\/media\/21368"}],"wp:attachment":[{"href":"https:\/\/jornaldasoficinas.com\/pt\/wp-json\/wp\/v2\/media?parent=21380"}],"wp:term":[{"taxonomy":"category","embeddable":true,"href":"https:\/\/jornaldasoficinas.com\/pt\/wp-json\/wp\/v2\/categories?post=21380"},{"taxonomy":"post_tag","embeddable":true,"href":"https:\/\/jornaldasoficinas.com\/pt\/wp-json\/wp\/v2\/tags?post=21380"}],"curies":[{"name":"wp","href":"https:\/\/api.w.org\/{rel}","templated":true}]}}