{"id":21382,"date":"2021-05-18T18:00:23","date_gmt":"2021-05-18T17:00:23","guid":{"rendered":"https:\/\/jornaldasoficinas.com\/pt\/?p=21382"},"modified":"2023-07-20T16:13:33","modified_gmt":"2023-07-20T15:13:33","slug":"camioes-man-conquistam-dois-if-design-awards","status":"publish","type":"post","link":"https:\/\/jornaldasoficinas.com\/pt\/camioes-man-conquistam-dois-if-design-awards\/","title":{"rendered":"Cami\u00f5es MAN conquistam dois iF DESIGN AWARDS"},"content":{"rendered":"<p><strong><img loading=\"lazy\" decoding=\"async\" class=\"alignnone wp-image-21365 size-full\" src=\"https:\/\/jornaldasoficinas.com\/pt\/wp-content\/uploads\/2021\/05\/Camio\u0303es-MAN-conquistam.jpg\" alt=\"05 - Camio\u0303es-MAN-conquistam\" width=\"1024\" height=\"581\" srcset=\"https:\/\/jornaldasoficinas.com\/pt\/wp-content\/uploads\/2021\/05\/Camio\u0303es-MAN-conquistam.jpg 1024w, https:\/\/jornaldasoficinas.com\/pt\/wp-content\/uploads\/2021\/05\/Camio\u0303es-MAN-conquistam-300x170.jpg 300w, https:\/\/jornaldasoficinas.com\/pt\/wp-content\/uploads\/2021\/05\/Camio\u0303es-MAN-conquistam-150x85.jpg 150w, https:\/\/jornaldasoficinas.com\/pt\/wp-content\/uploads\/2021\/05\/Camio\u0303es-MAN-conquistam-768x436.jpg 768w\" sizes=\"auto, (max-width: 1024px) 100vw, 1024px\" \/><\/strong><\/p>\n<p><strong>A Nova Gera\u00e7\u00e3o de Cami\u00f5es MAN impressiona cr\u00edticos e clientes com o seu design excecional. No cobi\u00e7ado iF DESIGN AWARD, o novo MAN TGX pontuou pela funcionalidade especial do seu design. Toda a nova gama de modelos de cami\u00f5es tamb\u00e9m impressionou o j\u00fari de especialistas com a sua escolha de materiais e cores<\/strong><\/p>\n<p>O n\u00famero de inscritos para o iF DESIGN AWARD 2021 foi grande: os jurados tiveram que considerar para o cobi\u00e7ado selo de qualidade quase 10.000 inscri\u00e7\u00f5es de 52 pa\u00edses. Apesar da forte concorr\u00eancia, a Nova Gera\u00e7\u00e3o de Cami\u00f5es MAN convenceu o internacional e independente j\u00fari de 98 especialistas com a harmonia geral de materiais e cores, bem como o MAN TGX como uma entrada adicional de competi\u00e7\u00e3o com o seu design particularmente funcional.<\/p>\n<p>&#8220;Por fora, o design din\u00e2mico traduz progresso, tradi\u00e7\u00e3o e sustentabilidade e cria uma personalidade poderosa e emocional para o cami\u00e3o com o logotipo do le\u00e3o. Por dentro, \u00e9 consistentemente voltado para a necessidade do motorista de um ambiente de trabalho e de vida intuitivo, seguro e confort\u00e1vel, mesmo para viagens longas &#8220;, diz Rudolf Ku-pitza, chefe da Truck Design MAN, explicando a liga\u00e7\u00e3o entre a expressividade e a praticidade para criar a apar\u00eancia geral inconfund\u00edvel da Nova Gera\u00e7\u00e3o de Cami\u00f5es MAN.<\/p>\n<p>&#8220;Estamos muito orgulhosos deste novo pr\u00e9mio. \u00c9 um grande reconhecimento da criatividade e paix\u00e3o de toda a nossa equipa de design. Os novos cami\u00f5es MAN s\u00e3o companheiros fortes para cada motorista&#8221;, disse G\u00f6ran Nyberg, membro do Conselho Executivo de Vendas e Solu\u00e7\u00f5es para o Cliente na MAN Truck &amp; Bus, encantado com os iF DESIGN AWARDS, que foram precedidos por um Red Dot no Red Dot Design Award e um pr\u00e9mio Gold no German Design Award pelo design particularmente pr\u00e1tico do local de trabalho do motorista.<\/p>\n<p><strong>Design com foco cont\u00ednuo no motorista<br \/>\n<\/strong>No desenvolvimento da nova Gera\u00e7\u00e3o de Cami\u00f5es, a MAN envolveu mais de 700 motoristas em v\u00e1rios tipos de modelos, simulador de dire\u00e7\u00e3o e estudos de pista de teste, integrando assim a sua experi\u00eancia no design da Nova Gera\u00e7\u00e3o de Cami\u00f5es.<\/p>\n<p>O local de trabalho \u00e9 definido por tr\u00eas sistemas que podem ser operados individualmente: de um lado o painel de instrumentos, de outro o sistema de media e navega\u00e7\u00e3o com display de at\u00e9 12,3 polegadas e o inovador elemento operacional MAN SmartSelect, e, nas cabines de longa dist\u00e2ncia, o controlo remoto interno para controlar as fun\u00e7\u00f5es de conforto e entretenimento da \u00e1rea de descanso. Cada sistema tem a sua pr\u00f3pria l\u00f3gica de controlo espec\u00edfica do cami\u00e3o e, ao mesmo tempo, \u00e9 integrado no conceito de intera\u00e7\u00e3o hol\u00edstica.<\/p>\n<p>Os materiais pr\u00e1ticos e de alta qualidade, os assentos ergonomicamente aperfei\u00e7oados e o conforto para dormir, bem como os numerosos sistemas de assist\u00eancia e seguran\u00e7a, mas tamb\u00e9m a conectividade orientada para o futuro da Nova Gera\u00e7\u00e3o de Cami\u00f5es tamb\u00e9m contribuem de forma duradoura para simplificar o dia a dia cada vez mais exigente da vida profissional dos motoristas.<\/p>\n<p><strong>\u00a0<\/strong><\/p>\n","protected":false},"excerpt":{"rendered":"<p>A Nova Gera\u00e7\u00e3o de Cami\u00f5es MAN&#8230;<\/p>\n","protected":false},"author":15,"featured_media":21365,"comment_status":"closed","ping_status":"closed","sticky":false,"template":"","format":"standard","meta":{"footnotes":""},"categories":[29],"tags":[10],"class_list":["post-21382","post","type-post","status-publish","format-standard","has-post-thumbnail","hentry","category-empresas","tag-man"],"yoast_head":"<!-- This site is optimized with the Yoast SEO plugin v27.4 - https:\/\/yoast.com\/product\/yoast-seo-wordpress\/ -->\n<title>Cami\u00f5es MAN conquistam dois iF DESIGN AWARDS - Jornal das Oficinas<\/title>\n<meta name=\"description\" content=\"No cobi\u00e7ado iF DESIGN AWARD, o novo MAN TGX pontuou pela funcionalidade especial do seu design\" \/>\n<meta name=\"robots\" content=\"index, follow, max-snippet:-1, max-image-preview:large, max-video-preview:-1\" \/>\n<link rel=\"canonical\" href=\"https:\/\/jornaldasoficinas.com\/pt\/camioes-man-conquistam-dois-if-design-awards\/\" \/>\n<meta property=\"og:locale\" content=\"pt_PT\" \/>\n<meta property=\"og:type\" content=\"article\" \/>\n<meta property=\"og:title\" content=\"Cami\u00f5es MAN conquistam dois iF DESIGN AWARDS - Jornal das Oficinas\" \/>\n<meta property=\"og:description\" content=\"No cobi\u00e7ado iF DESIGN AWARD, o novo MAN TGX pontuou pela funcionalidade especial do seu design\" \/>\n<meta property=\"og:url\" content=\"https:\/\/jornaldasoficinas.com\/pt\/camioes-man-conquistam-dois-if-design-awards\/\" \/>\n<meta property=\"og:site_name\" content=\"Jornal das Oficinas\" \/>\n<meta property=\"article:publisher\" content=\"https:\/\/www.facebook.com\/jornaloficinas\" \/>\n<meta property=\"article:published_time\" content=\"2021-05-18T17:00:23+00:00\" \/>\n<meta property=\"article:modified_time\" content=\"2023-07-20T15:13:33+00:00\" \/>\n<meta property=\"og:image\" content=\"https:\/\/jornaldasoficinas.com\/pt\/wp-content\/uploads\/2021\/05\/Camio\u0303es-MAN-conquistam.jpg\" \/>\n\t<meta property=\"og:image:width\" content=\"1024\" \/>\n\t<meta property=\"og:image:height\" content=\"581\" \/>\n\t<meta property=\"og:image:type\" content=\"image\/jpeg\" \/>\n<meta name=\"author\" content=\"Reda\u00e7\u00e3o JO\" \/>\n<meta name=\"twitter:card\" content=\"summary_large_image\" \/>\n<meta name=\"twitter:creator\" content=\"@jornaloficinas\" \/>\n<meta name=\"twitter:site\" content=\"@jornaloficinas\" \/>\n<meta name=\"twitter:label1\" content=\"Escrito por\" \/>\n\t<meta name=\"twitter:data1\" content=\"Reda\u00e7\u00e3o JO\" \/>\n\t<meta name=\"twitter:label2\" content=\"Tempo estimado de leitura\" \/>\n\t<meta name=\"twitter:data2\" content=\"3 minutos\" \/>\n<script type=\"application\/ld+json\" class=\"yoast-schema-graph\">{\"@context\":\"https:\\\/\\\/schema.org\",\"@graph\":[{\"@type\":\"Article\",\"@id\":\"https:\\\/\\\/jornaldasoficinas.com\\\/pt\\\/camioes-man-conquistam-dois-if-design-awards\\\/#article\",\"isPartOf\":{\"@id\":\"https:\\\/\\\/jornaldasoficinas.com\\\/pt\\\/camioes-man-conquistam-dois-if-design-awards\\\/\"},\"author\":{\"name\":\"Reda\u00e7\u00e3o JO\",\"@id\":\"https:\\\/\\\/jornaldasoficinas.com\\\/pt\\\/#\\\/schema\\\/person\\\/a38eef5de2c41d9e7c9ac10141afddf3\"},\"headline\":\"Cami\u00f5es MAN conquistam dois iF DESIGN AWARDS\",\"datePublished\":\"2021-05-18T17:00:23+00:00\",\"dateModified\":\"2023-07-20T15:13:33+00:00\",\"mainEntityOfPage\":{\"@id\":\"https:\\\/\\\/jornaldasoficinas.com\\\/pt\\\/camioes-man-conquistam-dois-if-design-awards\\\/\"},\"wordCount\":541,\"publisher\":{\"@id\":\"https:\\\/\\\/jornaldasoficinas.com\\\/pt\\\/#organization\"},\"image\":{\"@id\":\"https:\\\/\\\/jornaldasoficinas.com\\\/pt\\\/camioes-man-conquistam-dois-if-design-awards\\\/#primaryimage\"},\"thumbnailUrl\":\"https:\\\/\\\/jornaldasoficinas.com\\\/pt\\\/wp-content\\\/uploads\\\/2021\\\/05\\\/Camio\u0303es-MAN-conquistam.jpg\",\"keywords\":[\"Man\"],\"articleSection\":[\"Empresas\"],\"inLanguage\":\"pt-PT\"},{\"@type\":\"WebPage\",\"@id\":\"https:\\\/\\\/jornaldasoficinas.com\\\/pt\\\/camioes-man-conquistam-dois-if-design-awards\\\/\",\"url\":\"https:\\\/\\\/jornaldasoficinas.com\\\/pt\\\/camioes-man-conquistam-dois-if-design-awards\\\/\",\"name\":\"Cami\u00f5es MAN conquistam dois iF DESIGN AWARDS - Jornal das Oficinas\",\"isPartOf\":{\"@id\":\"https:\\\/\\\/jornaldasoficinas.com\\\/pt\\\/#website\"},\"primaryImageOfPage\":{\"@id\":\"https:\\\/\\\/jornaldasoficinas.com\\\/pt\\\/camioes-man-conquistam-dois-if-design-awards\\\/#primaryimage\"},\"image\":{\"@id\":\"https:\\\/\\\/jornaldasoficinas.com\\\/pt\\\/camioes-man-conquistam-dois-if-design-awards\\\/#primaryimage\"},\"thumbnailUrl\":\"https:\\\/\\\/jornaldasoficinas.com\\\/pt\\\/wp-content\\\/uploads\\\/2021\\\/05\\\/Camio\u0303es-MAN-conquistam.jpg\",\"datePublished\":\"2021-05-18T17:00:23+00:00\",\"dateModified\":\"2023-07-20T15:13:33+00:00\",\"description\":\"No cobi\u00e7ado iF DESIGN AWARD, o novo MAN TGX pontuou pela funcionalidade especial do seu design\",\"breadcrumb\":{\"@id\":\"https:\\\/\\\/jornaldasoficinas.com\\\/pt\\\/camioes-man-conquistam-dois-if-design-awards\\\/#breadcrumb\"},\"inLanguage\":\"pt-PT\",\"potentialAction\":[{\"@type\":\"ReadAction\",\"target\":[\"https:\\\/\\\/jornaldasoficinas.com\\\/pt\\\/camioes-man-conquistam-dois-if-design-awards\\\/\"]}]},{\"@type\":\"ImageObject\",\"inLanguage\":\"pt-PT\",\"@id\":\"https:\\\/\\\/jornaldasoficinas.com\\\/pt\\\/camioes-man-conquistam-dois-if-design-awards\\\/#primaryimage\",\"url\":\"https:\\\/\\\/jornaldasoficinas.com\\\/pt\\\/wp-content\\\/uploads\\\/2021\\\/05\\\/Camio\u0303es-MAN-conquistam.jpg\",\"contentUrl\":\"https:\\\/\\\/jornaldasoficinas.com\\\/pt\\\/wp-content\\\/uploads\\\/2021\\\/05\\\/Camio\u0303es-MAN-conquistam.jpg\",\"width\":1024,\"height\":581,\"caption\":\"05 - Camio\u0303es-MAN-conquistam\"},{\"@type\":\"BreadcrumbList\",\"@id\":\"https:\\\/\\\/jornaldasoficinas.com\\\/pt\\\/camioes-man-conquistam-dois-if-design-awards\\\/#breadcrumb\",\"itemListElement\":[{\"@type\":\"ListItem\",\"position\":1,\"name\":\"In\u00edcio\",\"item\":\"https:\\\/\\\/jornaldasoficinas.com\\\/pt\\\/\"},{\"@type\":\"ListItem\",\"position\":2,\"name\":\"Cami\u00f5es MAN conquistam dois iF DESIGN AWARDS\"}]},{\"@type\":\"WebSite\",\"@id\":\"https:\\\/\\\/jornaldasoficinas.com\\\/pt\\\/#website\",\"url\":\"https:\\\/\\\/jornaldasoficinas.com\\\/pt\\\/\",\"name\":\"Jornal das Oficinas\",\"description\":\"Jornal independente do Aftermarket Autom\u00f3vel em Portugal\",\"publisher\":{\"@id\":\"https:\\\/\\\/jornaldasoficinas.com\\\/pt\\\/#organization\"},\"potentialAction\":[{\"@type\":\"SearchAction\",\"target\":{\"@type\":\"EntryPoint\",\"urlTemplate\":\"https:\\\/\\\/jornaldasoficinas.com\\\/pt\\\/?s={search_term_string}\"},\"query-input\":{\"@type\":\"PropertyValueSpecification\",\"valueRequired\":true,\"valueName\":\"search_term_string\"}}],\"inLanguage\":\"pt-PT\"},{\"@type\":\"Organization\",\"@id\":\"https:\\\/\\\/jornaldasoficinas.com\\\/pt\\\/#organization\",\"name\":\"Jornal das Oficinas\",\"url\":\"https:\\\/\\\/jornaldasoficinas.com\\\/pt\\\/\",\"logo\":{\"@type\":\"ImageObject\",\"inLanguage\":\"pt-PT\",\"@id\":\"https:\\\/\\\/jornaldasoficinas.com\\\/pt\\\/#\\\/schema\\\/logo\\\/image\\\/\",\"url\":\"https:\\\/\\\/jornaldasoficinas.com\\\/pt\\\/wp-content\\\/uploads\\\/logoJO-SEO.png\",\"contentUrl\":\"https:\\\/\\\/jornaldasoficinas.com\\\/pt\\\/wp-content\\\/uploads\\\/logoJO-SEO.png\",\"width\":285,\"height\":450,\"caption\":\"Jornal das Oficinas\"},\"image\":{\"@id\":\"https:\\\/\\\/jornaldasoficinas.com\\\/pt\\\/#\\\/schema\\\/logo\\\/image\\\/\"},\"sameAs\":[\"https:\\\/\\\/www.facebook.com\\\/jornaloficinas\",\"https:\\\/\\\/x.com\\\/jornaloficinas\",\"https:\\\/\\\/www.instagram.com\\\/jornal_oficinas\\\/\",\"https:\\\/\\\/www.linkedin.com\\\/company\\\/jornal-das-oficinas\\\/\",\"https:\\\/\\\/www.youtube.com\\\/channel\\\/UCbQZBqtcvV-oSQrr7RzINGg\"]},{\"@type\":\"Person\",\"@id\":\"https:\\\/\\\/jornaldasoficinas.com\\\/pt\\\/#\\\/schema\\\/person\\\/a38eef5de2c41d9e7c9ac10141afddf3\",\"name\":\"Reda\u00e7\u00e3o JO\",\"image\":{\"@type\":\"ImageObject\",\"inLanguage\":\"pt-PT\",\"@id\":\"https:\\\/\\\/secure.gravatar.com\\\/avatar\\\/71f2fa71737ad68a84fea94bc708ddac8ea5b0c4788dc2ad202f3ccb2887742f?s=96&d=wp_user_avatar&r=g\",\"url\":\"https:\\\/\\\/secure.gravatar.com\\\/avatar\\\/71f2fa71737ad68a84fea94bc708ddac8ea5b0c4788dc2ad202f3ccb2887742f?s=96&d=wp_user_avatar&r=g\",\"contentUrl\":\"https:\\\/\\\/secure.gravatar.com\\\/avatar\\\/71f2fa71737ad68a84fea94bc708ddac8ea5b0c4788dc2ad202f3ccb2887742f?s=96&d=wp_user_avatar&r=g\",\"caption\":\"Reda\u00e7\u00e3o JO\"},\"url\":\"https:\\\/\\\/jornaldasoficinas.com\\\/pt\\\/author\\\/joredacao\\\/\"}]}<\/script>\n<!-- \/ Yoast SEO plugin. -->","yoast_head_json":{"title":"Cami\u00f5es MAN conquistam dois iF DESIGN AWARDS - Jornal das Oficinas","description":"No cobi\u00e7ado iF DESIGN AWARD, o novo MAN TGX pontuou pela funcionalidade especial do seu design","robots":{"index":"index","follow":"follow","max-snippet":"max-snippet:-1","max-image-preview":"max-image-preview:large","max-video-preview":"max-video-preview:-1"},"canonical":"https:\/\/jornaldasoficinas.com\/pt\/camioes-man-conquistam-dois-if-design-awards\/","og_locale":"pt_PT","og_type":"article","og_title":"Cami\u00f5es MAN conquistam dois iF DESIGN AWARDS - Jornal das Oficinas","og_description":"No cobi\u00e7ado iF DESIGN AWARD, o novo MAN TGX pontuou pela funcionalidade especial do seu design","og_url":"https:\/\/jornaldasoficinas.com\/pt\/camioes-man-conquistam-dois-if-design-awards\/","og_site_name":"Jornal das Oficinas","article_publisher":"https:\/\/www.facebook.com\/jornaloficinas","article_published_time":"2021-05-18T17:00:23+00:00","article_modified_time":"2023-07-20T15:13:33+00:00","og_image":[{"width":1024,"height":581,"url":"https:\/\/jornaldasoficinas.com\/pt\/wp-content\/uploads\/2021\/05\/Camio\u0303es-MAN-conquistam.jpg","type":"image\/jpeg"}],"author":"Reda\u00e7\u00e3o JO","twitter_card":"summary_large_image","twitter_creator":"@jornaloficinas","twitter_site":"@jornaloficinas","twitter_misc":{"Escrito por":"Reda\u00e7\u00e3o JO","Tempo estimado de leitura":"3 minutos"},"schema":{"@context":"https:\/\/schema.org","@graph":[{"@type":"Article","@id":"https:\/\/jornaldasoficinas.com\/pt\/camioes-man-conquistam-dois-if-design-awards\/#article","isPartOf":{"@id":"https:\/\/jornaldasoficinas.com\/pt\/camioes-man-conquistam-dois-if-design-awards\/"},"author":{"name":"Reda\u00e7\u00e3o JO","@id":"https:\/\/jornaldasoficinas.com\/pt\/#\/schema\/person\/a38eef5de2c41d9e7c9ac10141afddf3"},"headline":"Cami\u00f5es MAN conquistam dois iF DESIGN AWARDS","datePublished":"2021-05-18T17:00:23+00:00","dateModified":"2023-07-20T15:13:33+00:00","mainEntityOfPage":{"@id":"https:\/\/jornaldasoficinas.com\/pt\/camioes-man-conquistam-dois-if-design-awards\/"},"wordCount":541,"publisher":{"@id":"https:\/\/jornaldasoficinas.com\/pt\/#organization"},"image":{"@id":"https:\/\/jornaldasoficinas.com\/pt\/camioes-man-conquistam-dois-if-design-awards\/#primaryimage"},"thumbnailUrl":"https:\/\/jornaldasoficinas.com\/pt\/wp-content\/uploads\/2021\/05\/Camio\u0303es-MAN-conquistam.jpg","keywords":["Man"],"articleSection":["Empresas"],"inLanguage":"pt-PT"},{"@type":"WebPage","@id":"https:\/\/jornaldasoficinas.com\/pt\/camioes-man-conquistam-dois-if-design-awards\/","url":"https:\/\/jornaldasoficinas.com\/pt\/camioes-man-conquistam-dois-if-design-awards\/","name":"Cami\u00f5es MAN conquistam dois iF DESIGN AWARDS - Jornal das Oficinas","isPartOf":{"@id":"https:\/\/jornaldasoficinas.com\/pt\/#website"},"primaryImageOfPage":{"@id":"https:\/\/jornaldasoficinas.com\/pt\/camioes-man-conquistam-dois-if-design-awards\/#primaryimage"},"image":{"@id":"https:\/\/jornaldasoficinas.com\/pt\/camioes-man-conquistam-dois-if-design-awards\/#primaryimage"},"thumbnailUrl":"https:\/\/jornaldasoficinas.com\/pt\/wp-content\/uploads\/2021\/05\/Camio\u0303es-MAN-conquistam.jpg","datePublished":"2021-05-18T17:00:23+00:00","dateModified":"2023-07-20T15:13:33+00:00","description":"No cobi\u00e7ado iF DESIGN AWARD, o novo MAN TGX pontuou pela funcionalidade especial do seu design","breadcrumb":{"@id":"https:\/\/jornaldasoficinas.com\/pt\/camioes-man-conquistam-dois-if-design-awards\/#breadcrumb"},"inLanguage":"pt-PT","potentialAction":[{"@type":"ReadAction","target":["https:\/\/jornaldasoficinas.com\/pt\/camioes-man-conquistam-dois-if-design-awards\/"]}]},{"@type":"ImageObject","inLanguage":"pt-PT","@id":"https:\/\/jornaldasoficinas.com\/pt\/camioes-man-conquistam-dois-if-design-awards\/#primaryimage","url":"https:\/\/jornaldasoficinas.com\/pt\/wp-content\/uploads\/2021\/05\/Camio\u0303es-MAN-conquistam.jpg","contentUrl":"https:\/\/jornaldasoficinas.com\/pt\/wp-content\/uploads\/2021\/05\/Camio\u0303es-MAN-conquistam.jpg","width":1024,"height":581,"caption":"05 - Camio\u0303es-MAN-conquistam"},{"@type":"BreadcrumbList","@id":"https:\/\/jornaldasoficinas.com\/pt\/camioes-man-conquistam-dois-if-design-awards\/#breadcrumb","itemListElement":[{"@type":"ListItem","position":1,"name":"In\u00edcio","item":"https:\/\/jornaldasoficinas.com\/pt\/"},{"@type":"ListItem","position":2,"name":"Cami\u00f5es MAN conquistam dois iF DESIGN AWARDS"}]},{"@type":"WebSite","@id":"https:\/\/jornaldasoficinas.com\/pt\/#website","url":"https:\/\/jornaldasoficinas.com\/pt\/","name":"Jornal das Oficinas","description":"Jornal independente do Aftermarket Autom\u00f3vel em Portugal","publisher":{"@id":"https:\/\/jornaldasoficinas.com\/pt\/#organization"},"potentialAction":[{"@type":"SearchAction","target":{"@type":"EntryPoint","urlTemplate":"https:\/\/jornaldasoficinas.com\/pt\/?s={search_term_string}"},"query-input":{"@type":"PropertyValueSpecification","valueRequired":true,"valueName":"search_term_string"}}],"inLanguage":"pt-PT"},{"@type":"Organization","@id":"https:\/\/jornaldasoficinas.com\/pt\/#organization","name":"Jornal das Oficinas","url":"https:\/\/jornaldasoficinas.com\/pt\/","logo":{"@type":"ImageObject","inLanguage":"pt-PT","@id":"https:\/\/jornaldasoficinas.com\/pt\/#\/schema\/logo\/image\/","url":"https:\/\/jornaldasoficinas.com\/pt\/wp-content\/uploads\/logoJO-SEO.png","contentUrl":"https:\/\/jornaldasoficinas.com\/pt\/wp-content\/uploads\/logoJO-SEO.png","width":285,"height":450,"caption":"Jornal das Oficinas"},"image":{"@id":"https:\/\/jornaldasoficinas.com\/pt\/#\/schema\/logo\/image\/"},"sameAs":["https:\/\/www.facebook.com\/jornaloficinas","https:\/\/x.com\/jornaloficinas","https:\/\/www.instagram.com\/jornal_oficinas\/","https:\/\/www.linkedin.com\/company\/jornal-das-oficinas\/","https:\/\/www.youtube.com\/channel\/UCbQZBqtcvV-oSQrr7RzINGg"]},{"@type":"Person","@id":"https:\/\/jornaldasoficinas.com\/pt\/#\/schema\/person\/a38eef5de2c41d9e7c9ac10141afddf3","name":"Reda\u00e7\u00e3o JO","image":{"@type":"ImageObject","inLanguage":"pt-PT","@id":"https:\/\/secure.gravatar.com\/avatar\/71f2fa71737ad68a84fea94bc708ddac8ea5b0c4788dc2ad202f3ccb2887742f?s=96&d=wp_user_avatar&r=g","url":"https:\/\/secure.gravatar.com\/avatar\/71f2fa71737ad68a84fea94bc708ddac8ea5b0c4788dc2ad202f3ccb2887742f?s=96&d=wp_user_avatar&r=g","contentUrl":"https:\/\/secure.gravatar.com\/avatar\/71f2fa71737ad68a84fea94bc708ddac8ea5b0c4788dc2ad202f3ccb2887742f?s=96&d=wp_user_avatar&r=g","caption":"Reda\u00e7\u00e3o JO"},"url":"https:\/\/jornaldasoficinas.com\/pt\/author\/joredacao\/"}]}},"_links":{"self":[{"href":"https:\/\/jornaldasoficinas.com\/pt\/wp-json\/wp\/v2\/posts\/21382","targetHints":{"allow":["GET"]}}],"collection":[{"href":"https:\/\/jornaldasoficinas.com\/pt\/wp-json\/wp\/v2\/posts"}],"about":[{"href":"https:\/\/jornaldasoficinas.com\/pt\/wp-json\/wp\/v2\/types\/post"}],"author":[{"embeddable":true,"href":"https:\/\/jornaldasoficinas.com\/pt\/wp-json\/wp\/v2\/users\/15"}],"replies":[{"embeddable":true,"href":"https:\/\/jornaldasoficinas.com\/pt\/wp-json\/wp\/v2\/comments?post=21382"}],"version-history":[{"count":0,"href":"https:\/\/jornaldasoficinas.com\/pt\/wp-json\/wp\/v2\/posts\/21382\/revisions"}],"wp:featuredmedia":[{"embeddable":true,"href":"https:\/\/jornaldasoficinas.com\/pt\/wp-json\/wp\/v2\/media\/21365"}],"wp:attachment":[{"href":"https:\/\/jornaldasoficinas.com\/pt\/wp-json\/wp\/v2\/media?parent=21382"}],"wp:term":[{"taxonomy":"category","embeddable":true,"href":"https:\/\/jornaldasoficinas.com\/pt\/wp-json\/wp\/v2\/categories?post=21382"},{"taxonomy":"post_tag","embeddable":true,"href":"https:\/\/jornaldasoficinas.com\/pt\/wp-json\/wp\/v2\/tags?post=21382"}],"curies":[{"name":"wp","href":"https:\/\/api.w.org\/{rel}","templated":true}]}}