{"id":21394,"date":"2021-05-19T14:00:30","date_gmt":"2021-05-19T13:00:30","guid":{"rendered":"https:\/\/jornaldasoficinas.com\/pt\/?p=21394"},"modified":"2021-05-20T01:13:33","modified_gmt":"2021-05-20T00:13:33","slug":"mann-hummel-aposta-em-aterro-proprio-em-zaragoza","status":"publish","type":"post","link":"https:\/\/jornaldasoficinas.com\/pt\/mann-hummel-aposta-em-aterro-proprio-em-zaragoza\/","title":{"rendered":"MANN + HUMMEL aposta em aterro pr\u00f3prio em Zaragoza"},"content":{"rendered":"<p><strong><img loading=\"lazy\" decoding=\"async\" class=\"alignnone wp-image-21372 size-full\" src=\"https:\/\/jornaldasoficinas.com\/pt\/wp-content\/uploads\/2021\/05\/MANN-HUMMEL-aposta-em-aterro-proprio-em-Zaragoza.jpg\" alt=\"05 - MANN-HUMMEL-aposta-em-aterro-proprio-em-Zaragoza\" width=\"1024\" height=\"581\" srcset=\"https:\/\/jornaldasoficinas.com\/pt\/wp-content\/uploads\/2021\/05\/MANN-HUMMEL-aposta-em-aterro-proprio-em-Zaragoza.jpg 1024w, https:\/\/jornaldasoficinas.com\/pt\/wp-content\/uploads\/2021\/05\/MANN-HUMMEL-aposta-em-aterro-proprio-em-Zaragoza-300x170.jpg 300w, https:\/\/jornaldasoficinas.com\/pt\/wp-content\/uploads\/2021\/05\/MANN-HUMMEL-aposta-em-aterro-proprio-em-Zaragoza-150x85.jpg 150w, https:\/\/jornaldasoficinas.com\/pt\/wp-content\/uploads\/2021\/05\/MANN-HUMMEL-aposta-em-aterro-proprio-em-Zaragoza-768x436.jpg 768w\" sizes=\"auto, (max-width: 1024px) 100vw, 1024px\" \/><\/strong><\/p>\n<p><strong>Em 2020, apenas 2,05% dos res\u00edduos da unidade de produ\u00e7\u00e3o da MANN + HUMMEL Ib\u00e9rica tinham como destino o aterro, at\u00e9 2035 estes n\u00fameros v\u00e3o sofrer altera\u00e7\u00f5es<\/strong><\/p>\n<p>A Uni\u00e3o Europeia estabeleceu uma meta para os estados membros at\u00e9 2035 para limitar o uso do aterro a um m\u00e1ximo de 10% de res\u00edduos. Ao n\u00edvel do cidad\u00e3o ou da empresa, este objetivo implicar\u00e1 uma maior procura de separa\u00e7\u00e3o na fonte e tratamento correto dos res\u00edduos<\/p>\n<p>Assim, h\u00e1 anos empresas como a <a href=\"https:\/\/www.mann-hummel.com\/en.html\" target=\"_blank\" rel=\"noopener\">MANN + HUMMEL<\/a> Ib\u00e9rica trabalham no seu plano de &#8220;aterro zero&#8221;. \u201cA nossa estrat\u00e9gia ambiental para 2018-2023 contempla alcan\u00e7ar a reciclabilidade total dos res\u00edduos. Em 2019 j\u00e1 atingimos uma taxa de reciclagem de quase 99%. Em 2020, apenas 2,05% dos nossos res\u00edduos foram destinados a aterro, o que representa uma diminui\u00e7\u00e3o na taxa de reciclagem (97,95%), uma diminui\u00e7\u00e3o motivada pela introdu\u00e7\u00e3o na empresa da gest\u00e3o de m\u00e1scaras como res\u00edduos biossanit\u00e1rios \u201dadicionado de MANN + HUMMEL Ib\u00e9rica.<\/p>\n<p>Durante o ano passado, a empresa sediada em Zaragoza registou uma redu\u00e7\u00e3o de 15,5% no volume de res\u00edduos, o que implica uma melhoria na utiliza\u00e7\u00e3o interna dos recursos. \u201cO nosso percentual de res\u00edduos continua ano ap\u00f3s ano a sua evolu\u00e7\u00e3o no sentido do objetivo estrat\u00e9gico\u201c aterro zero \u201d, objetivo que esperamos atingir at\u00e9 2023. Para isso, procuramos sempre a gest\u00e3o mais sustent\u00e1vel poss\u00edvel para cada tipo de res\u00edduo, promovemos o consumo respons\u00e1vel, o reaproveitamento interno de res\u00edduos e a reciclagem externa de tudo o que n\u00e3o pode ser aproveitado internamente. Dentro das op\u00e7\u00f5es de tratamento sustent\u00e1veis \u200b\u200b(reciclagem ou recupera\u00e7\u00e3o de energia), as op\u00e7\u00f5es de reciclagem s\u00e3o sempre priorizadas se estiverem dispon\u00edveis \u201d, afirma o departamento de comunica\u00e7\u00e3o da empresa de Zaragoza.<\/p>\n<p>Al\u00e9m disso, como parte da estrat\u00e9gia de redu\u00e7\u00e3o das emiss\u00f5es de gases de efeito estufa, a MANN + HUMMEL Ib\u00e9rica continua a apoiar a compacta\u00e7\u00e3o de res\u00edduos (pe\u00e7as termopl\u00e1sticas, papel e papel\u00e3o e s\u00f3lidos inertes). \u201c2,3% dos res\u00edduos gerados na nossa unidade de produ\u00e7\u00e3o s\u00e3o considerados perigosos e, como tal, s\u00e3o tratados por gestores especificamente autorizados para cada tipo de res\u00edduo. Em 2020, as m\u00e1scaras cir\u00fargicas utilizadas pelos colaboradores foram inclu\u00eddas neste tipo de res\u00edduos para que tenham um tratamento adequado e amigo do ambiente \u201d, acrescentam da MANN + HUMMEL Ib\u00e9rica.<\/p>\n","protected":false},"excerpt":{"rendered":"<p>Em 2020, apenas 2,05% dos res\u00edduos&#8230;<\/p>\n","protected":false},"author":15,"featured_media":21372,"comment_status":"closed","ping_status":"closed","sticky":false,"template":"","format":"standard","meta":{"footnotes":""},"categories":[29],"tags":[2451],"class_list":["post-21394","post","type-post","status-publish","format-standard","has-post-thumbnail","hentry","category-empresas","tag-mann-hummel"],"yoast_head":"<!-- This site is optimized with the Yoast SEO plugin v27.4 - https:\/\/yoast.com\/product\/yoast-seo-wordpress\/ -->\n<title>MANN + HUMMEL aposta em aterro pr\u00f3prio em Zaragoza - Jornal das Oficinas<\/title>\n<meta name=\"description\" content=\"Em 2020, apenas 2,05% dos res\u00edduos da unidade de produ\u00e7\u00e3o da MANN + HUMMEL Ib\u00e9rica tinham como destino o aterro, at\u00e9 2035 estes n\u00fameros v\u00e3o sofrer altera\u00e7\u00f5es\" \/>\n<meta name=\"robots\" content=\"index, follow, max-snippet:-1, max-image-preview:large, max-video-preview:-1\" \/>\n<link rel=\"canonical\" href=\"https:\/\/jornaldasoficinas.com\/pt\/mann-hummel-aposta-em-aterro-proprio-em-zaragoza\/\" \/>\n<meta property=\"og:locale\" content=\"pt_PT\" \/>\n<meta property=\"og:type\" content=\"article\" \/>\n<meta property=\"og:title\" content=\"MANN + HUMMEL aposta em aterro pr\u00f3prio em Zaragoza - Jornal das Oficinas\" \/>\n<meta property=\"og:description\" content=\"Em 2020, apenas 2,05% dos res\u00edduos da unidade de produ\u00e7\u00e3o da MANN + HUMMEL Ib\u00e9rica tinham como destino o aterro, at\u00e9 2035 estes n\u00fameros v\u00e3o sofrer altera\u00e7\u00f5es\" \/>\n<meta property=\"og:url\" content=\"https:\/\/jornaldasoficinas.com\/pt\/mann-hummel-aposta-em-aterro-proprio-em-zaragoza\/\" \/>\n<meta property=\"og:site_name\" content=\"Jornal das Oficinas\" \/>\n<meta property=\"article:publisher\" content=\"https:\/\/www.facebook.com\/jornaloficinas\" \/>\n<meta property=\"article:published_time\" content=\"2021-05-19T13:00:30+00:00\" \/>\n<meta property=\"article:modified_time\" content=\"2021-05-20T00:13:33+00:00\" \/>\n<meta property=\"og:image\" content=\"https:\/\/jornaldasoficinas.com\/pt\/wp-content\/uploads\/2021\/05\/MANN-HUMMEL-aposta-em-aterro-proprio-em-Zaragoza.jpg\" \/>\n\t<meta property=\"og:image:width\" content=\"1024\" \/>\n\t<meta property=\"og:image:height\" content=\"581\" \/>\n\t<meta property=\"og:image:type\" content=\"image\/jpeg\" \/>\n<meta name=\"author\" content=\"Reda\u00e7\u00e3o JO\" \/>\n<meta name=\"twitter:card\" content=\"summary_large_image\" \/>\n<meta name=\"twitter:creator\" content=\"@jornaloficinas\" \/>\n<meta name=\"twitter:site\" content=\"@jornaloficinas\" \/>\n<meta name=\"twitter:label1\" content=\"Escrito por\" \/>\n\t<meta name=\"twitter:data1\" content=\"Reda\u00e7\u00e3o JO\" \/>\n\t<meta name=\"twitter:label2\" content=\"Tempo estimado de leitura\" \/>\n\t<meta name=\"twitter:data2\" content=\"2 minutos\" \/>\n<script type=\"application\/ld+json\" class=\"yoast-schema-graph\">{\"@context\":\"https:\\\/\\\/schema.org\",\"@graph\":[{\"@type\":\"Article\",\"@id\":\"https:\\\/\\\/jornaldasoficinas.com\\\/pt\\\/mann-hummel-aposta-em-aterro-proprio-em-zaragoza\\\/#article\",\"isPartOf\":{\"@id\":\"https:\\\/\\\/jornaldasoficinas.com\\\/pt\\\/mann-hummel-aposta-em-aterro-proprio-em-zaragoza\\\/\"},\"author\":{\"name\":\"Reda\u00e7\u00e3o JO\",\"@id\":\"https:\\\/\\\/jornaldasoficinas.com\\\/pt\\\/#\\\/schema\\\/person\\\/a38eef5de2c41d9e7c9ac10141afddf3\"},\"headline\":\"MANN + HUMMEL aposta em aterro pr\u00f3prio em Zaragoza\",\"datePublished\":\"2021-05-19T13:00:30+00:00\",\"dateModified\":\"2021-05-20T00:13:33+00:00\",\"mainEntityOfPage\":{\"@id\":\"https:\\\/\\\/jornaldasoficinas.com\\\/pt\\\/mann-hummel-aposta-em-aterro-proprio-em-zaragoza\\\/\"},\"wordCount\":424,\"publisher\":{\"@id\":\"https:\\\/\\\/jornaldasoficinas.com\\\/pt\\\/#organization\"},\"image\":{\"@id\":\"https:\\\/\\\/jornaldasoficinas.com\\\/pt\\\/mann-hummel-aposta-em-aterro-proprio-em-zaragoza\\\/#primaryimage\"},\"thumbnailUrl\":\"https:\\\/\\\/jornaldasoficinas.com\\\/pt\\\/wp-content\\\/uploads\\\/2021\\\/05\\\/MANN-HUMMEL-aposta-em-aterro-proprio-em-Zaragoza.jpg\",\"keywords\":[\"MANN + HUMMEL\"],\"articleSection\":[\"Empresas\"],\"inLanguage\":\"pt-PT\"},{\"@type\":\"WebPage\",\"@id\":\"https:\\\/\\\/jornaldasoficinas.com\\\/pt\\\/mann-hummel-aposta-em-aterro-proprio-em-zaragoza\\\/\",\"url\":\"https:\\\/\\\/jornaldasoficinas.com\\\/pt\\\/mann-hummel-aposta-em-aterro-proprio-em-zaragoza\\\/\",\"name\":\"MANN + HUMMEL aposta em aterro pr\u00f3prio em Zaragoza - Jornal das Oficinas\",\"isPartOf\":{\"@id\":\"https:\\\/\\\/jornaldasoficinas.com\\\/pt\\\/#website\"},\"primaryImageOfPage\":{\"@id\":\"https:\\\/\\\/jornaldasoficinas.com\\\/pt\\\/mann-hummel-aposta-em-aterro-proprio-em-zaragoza\\\/#primaryimage\"},\"image\":{\"@id\":\"https:\\\/\\\/jornaldasoficinas.com\\\/pt\\\/mann-hummel-aposta-em-aterro-proprio-em-zaragoza\\\/#primaryimage\"},\"thumbnailUrl\":\"https:\\\/\\\/jornaldasoficinas.com\\\/pt\\\/wp-content\\\/uploads\\\/2021\\\/05\\\/MANN-HUMMEL-aposta-em-aterro-proprio-em-Zaragoza.jpg\",\"datePublished\":\"2021-05-19T13:00:30+00:00\",\"dateModified\":\"2021-05-20T00:13:33+00:00\",\"description\":\"Em 2020, apenas 2,05% dos res\u00edduos da unidade de produ\u00e7\u00e3o da MANN + HUMMEL Ib\u00e9rica tinham como destino o aterro, at\u00e9 2035 estes n\u00fameros v\u00e3o sofrer altera\u00e7\u00f5es\",\"breadcrumb\":{\"@id\":\"https:\\\/\\\/jornaldasoficinas.com\\\/pt\\\/mann-hummel-aposta-em-aterro-proprio-em-zaragoza\\\/#breadcrumb\"},\"inLanguage\":\"pt-PT\",\"potentialAction\":[{\"@type\":\"ReadAction\",\"target\":[\"https:\\\/\\\/jornaldasoficinas.com\\\/pt\\\/mann-hummel-aposta-em-aterro-proprio-em-zaragoza\\\/\"]}]},{\"@type\":\"ImageObject\",\"inLanguage\":\"pt-PT\",\"@id\":\"https:\\\/\\\/jornaldasoficinas.com\\\/pt\\\/mann-hummel-aposta-em-aterro-proprio-em-zaragoza\\\/#primaryimage\",\"url\":\"https:\\\/\\\/jornaldasoficinas.com\\\/pt\\\/wp-content\\\/uploads\\\/2021\\\/05\\\/MANN-HUMMEL-aposta-em-aterro-proprio-em-Zaragoza.jpg\",\"contentUrl\":\"https:\\\/\\\/jornaldasoficinas.com\\\/pt\\\/wp-content\\\/uploads\\\/2021\\\/05\\\/MANN-HUMMEL-aposta-em-aterro-proprio-em-Zaragoza.jpg\",\"width\":1024,\"height\":581,\"caption\":\"05 - MANN-HUMMEL-aposta-em-aterro-proprio-em-Zaragoza\"},{\"@type\":\"BreadcrumbList\",\"@id\":\"https:\\\/\\\/jornaldasoficinas.com\\\/pt\\\/mann-hummel-aposta-em-aterro-proprio-em-zaragoza\\\/#breadcrumb\",\"itemListElement\":[{\"@type\":\"ListItem\",\"position\":1,\"name\":\"In\u00edcio\",\"item\":\"https:\\\/\\\/jornaldasoficinas.com\\\/pt\\\/\"},{\"@type\":\"ListItem\",\"position\":2,\"name\":\"MANN + HUMMEL aposta em aterro pr\u00f3prio em Zaragoza\"}]},{\"@type\":\"WebSite\",\"@id\":\"https:\\\/\\\/jornaldasoficinas.com\\\/pt\\\/#website\",\"url\":\"https:\\\/\\\/jornaldasoficinas.com\\\/pt\\\/\",\"name\":\"Jornal das Oficinas\",\"description\":\"Jornal independente do Aftermarket Autom\u00f3vel em Portugal\",\"publisher\":{\"@id\":\"https:\\\/\\\/jornaldasoficinas.com\\\/pt\\\/#organization\"},\"potentialAction\":[{\"@type\":\"SearchAction\",\"target\":{\"@type\":\"EntryPoint\",\"urlTemplate\":\"https:\\\/\\\/jornaldasoficinas.com\\\/pt\\\/?s={search_term_string}\"},\"query-input\":{\"@type\":\"PropertyValueSpecification\",\"valueRequired\":true,\"valueName\":\"search_term_string\"}}],\"inLanguage\":\"pt-PT\"},{\"@type\":\"Organization\",\"@id\":\"https:\\\/\\\/jornaldasoficinas.com\\\/pt\\\/#organization\",\"name\":\"Jornal das Oficinas\",\"url\":\"https:\\\/\\\/jornaldasoficinas.com\\\/pt\\\/\",\"logo\":{\"@type\":\"ImageObject\",\"inLanguage\":\"pt-PT\",\"@id\":\"https:\\\/\\\/jornaldasoficinas.com\\\/pt\\\/#\\\/schema\\\/logo\\\/image\\\/\",\"url\":\"https:\\\/\\\/jornaldasoficinas.com\\\/pt\\\/wp-content\\\/uploads\\\/logoJO-SEO.png\",\"contentUrl\":\"https:\\\/\\\/jornaldasoficinas.com\\\/pt\\\/wp-content\\\/uploads\\\/logoJO-SEO.png\",\"width\":285,\"height\":450,\"caption\":\"Jornal das Oficinas\"},\"image\":{\"@id\":\"https:\\\/\\\/jornaldasoficinas.com\\\/pt\\\/#\\\/schema\\\/logo\\\/image\\\/\"},\"sameAs\":[\"https:\\\/\\\/www.facebook.com\\\/jornaloficinas\",\"https:\\\/\\\/x.com\\\/jornaloficinas\",\"https:\\\/\\\/www.instagram.com\\\/jornal_oficinas\\\/\",\"https:\\\/\\\/www.linkedin.com\\\/company\\\/jornal-das-oficinas\\\/\",\"https:\\\/\\\/www.youtube.com\\\/channel\\\/UCbQZBqtcvV-oSQrr7RzINGg\"]},{\"@type\":\"Person\",\"@id\":\"https:\\\/\\\/jornaldasoficinas.com\\\/pt\\\/#\\\/schema\\\/person\\\/a38eef5de2c41d9e7c9ac10141afddf3\",\"name\":\"Reda\u00e7\u00e3o JO\",\"image\":{\"@type\":\"ImageObject\",\"inLanguage\":\"pt-PT\",\"@id\":\"https:\\\/\\\/secure.gravatar.com\\\/avatar\\\/71f2fa71737ad68a84fea94bc708ddac8ea5b0c4788dc2ad202f3ccb2887742f?s=96&d=wp_user_avatar&r=g\",\"url\":\"https:\\\/\\\/secure.gravatar.com\\\/avatar\\\/71f2fa71737ad68a84fea94bc708ddac8ea5b0c4788dc2ad202f3ccb2887742f?s=96&d=wp_user_avatar&r=g\",\"contentUrl\":\"https:\\\/\\\/secure.gravatar.com\\\/avatar\\\/71f2fa71737ad68a84fea94bc708ddac8ea5b0c4788dc2ad202f3ccb2887742f?s=96&d=wp_user_avatar&r=g\",\"caption\":\"Reda\u00e7\u00e3o JO\"},\"url\":\"https:\\\/\\\/jornaldasoficinas.com\\\/pt\\\/author\\\/joredacao\\\/\"}]}<\/script>\n<!-- \/ Yoast SEO plugin. -->","yoast_head_json":{"title":"MANN + HUMMEL aposta em aterro pr\u00f3prio em Zaragoza - Jornal das Oficinas","description":"Em 2020, apenas 2,05% dos res\u00edduos da unidade de produ\u00e7\u00e3o da MANN + HUMMEL Ib\u00e9rica tinham como destino o aterro, at\u00e9 2035 estes n\u00fameros v\u00e3o sofrer altera\u00e7\u00f5es","robots":{"index":"index","follow":"follow","max-snippet":"max-snippet:-1","max-image-preview":"max-image-preview:large","max-video-preview":"max-video-preview:-1"},"canonical":"https:\/\/jornaldasoficinas.com\/pt\/mann-hummel-aposta-em-aterro-proprio-em-zaragoza\/","og_locale":"pt_PT","og_type":"article","og_title":"MANN + HUMMEL aposta em aterro pr\u00f3prio em Zaragoza - Jornal das Oficinas","og_description":"Em 2020, apenas 2,05% dos res\u00edduos da unidade de produ\u00e7\u00e3o da MANN + HUMMEL Ib\u00e9rica tinham como destino o aterro, at\u00e9 2035 estes n\u00fameros v\u00e3o sofrer altera\u00e7\u00f5es","og_url":"https:\/\/jornaldasoficinas.com\/pt\/mann-hummel-aposta-em-aterro-proprio-em-zaragoza\/","og_site_name":"Jornal das Oficinas","article_publisher":"https:\/\/www.facebook.com\/jornaloficinas","article_published_time":"2021-05-19T13:00:30+00:00","article_modified_time":"2021-05-20T00:13:33+00:00","og_image":[{"width":1024,"height":581,"url":"https:\/\/jornaldasoficinas.com\/pt\/wp-content\/uploads\/2021\/05\/MANN-HUMMEL-aposta-em-aterro-proprio-em-Zaragoza.jpg","type":"image\/jpeg"}],"author":"Reda\u00e7\u00e3o JO","twitter_card":"summary_large_image","twitter_creator":"@jornaloficinas","twitter_site":"@jornaloficinas","twitter_misc":{"Escrito por":"Reda\u00e7\u00e3o JO","Tempo estimado de leitura":"2 minutos"},"schema":{"@context":"https:\/\/schema.org","@graph":[{"@type":"Article","@id":"https:\/\/jornaldasoficinas.com\/pt\/mann-hummel-aposta-em-aterro-proprio-em-zaragoza\/#article","isPartOf":{"@id":"https:\/\/jornaldasoficinas.com\/pt\/mann-hummel-aposta-em-aterro-proprio-em-zaragoza\/"},"author":{"name":"Reda\u00e7\u00e3o JO","@id":"https:\/\/jornaldasoficinas.com\/pt\/#\/schema\/person\/a38eef5de2c41d9e7c9ac10141afddf3"},"headline":"MANN + HUMMEL aposta em aterro pr\u00f3prio em Zaragoza","datePublished":"2021-05-19T13:00:30+00:00","dateModified":"2021-05-20T00:13:33+00:00","mainEntityOfPage":{"@id":"https:\/\/jornaldasoficinas.com\/pt\/mann-hummel-aposta-em-aterro-proprio-em-zaragoza\/"},"wordCount":424,"publisher":{"@id":"https:\/\/jornaldasoficinas.com\/pt\/#organization"},"image":{"@id":"https:\/\/jornaldasoficinas.com\/pt\/mann-hummel-aposta-em-aterro-proprio-em-zaragoza\/#primaryimage"},"thumbnailUrl":"https:\/\/jornaldasoficinas.com\/pt\/wp-content\/uploads\/2021\/05\/MANN-HUMMEL-aposta-em-aterro-proprio-em-Zaragoza.jpg","keywords":["MANN + HUMMEL"],"articleSection":["Empresas"],"inLanguage":"pt-PT"},{"@type":"WebPage","@id":"https:\/\/jornaldasoficinas.com\/pt\/mann-hummel-aposta-em-aterro-proprio-em-zaragoza\/","url":"https:\/\/jornaldasoficinas.com\/pt\/mann-hummel-aposta-em-aterro-proprio-em-zaragoza\/","name":"MANN + HUMMEL aposta em aterro pr\u00f3prio em Zaragoza - Jornal das Oficinas","isPartOf":{"@id":"https:\/\/jornaldasoficinas.com\/pt\/#website"},"primaryImageOfPage":{"@id":"https:\/\/jornaldasoficinas.com\/pt\/mann-hummel-aposta-em-aterro-proprio-em-zaragoza\/#primaryimage"},"image":{"@id":"https:\/\/jornaldasoficinas.com\/pt\/mann-hummel-aposta-em-aterro-proprio-em-zaragoza\/#primaryimage"},"thumbnailUrl":"https:\/\/jornaldasoficinas.com\/pt\/wp-content\/uploads\/2021\/05\/MANN-HUMMEL-aposta-em-aterro-proprio-em-Zaragoza.jpg","datePublished":"2021-05-19T13:00:30+00:00","dateModified":"2021-05-20T00:13:33+00:00","description":"Em 2020, apenas 2,05% dos res\u00edduos da unidade de produ\u00e7\u00e3o da MANN + HUMMEL Ib\u00e9rica tinham como destino o aterro, at\u00e9 2035 estes n\u00fameros v\u00e3o sofrer altera\u00e7\u00f5es","breadcrumb":{"@id":"https:\/\/jornaldasoficinas.com\/pt\/mann-hummel-aposta-em-aterro-proprio-em-zaragoza\/#breadcrumb"},"inLanguage":"pt-PT","potentialAction":[{"@type":"ReadAction","target":["https:\/\/jornaldasoficinas.com\/pt\/mann-hummel-aposta-em-aterro-proprio-em-zaragoza\/"]}]},{"@type":"ImageObject","inLanguage":"pt-PT","@id":"https:\/\/jornaldasoficinas.com\/pt\/mann-hummel-aposta-em-aterro-proprio-em-zaragoza\/#primaryimage","url":"https:\/\/jornaldasoficinas.com\/pt\/wp-content\/uploads\/2021\/05\/MANN-HUMMEL-aposta-em-aterro-proprio-em-Zaragoza.jpg","contentUrl":"https:\/\/jornaldasoficinas.com\/pt\/wp-content\/uploads\/2021\/05\/MANN-HUMMEL-aposta-em-aterro-proprio-em-Zaragoza.jpg","width":1024,"height":581,"caption":"05 - MANN-HUMMEL-aposta-em-aterro-proprio-em-Zaragoza"},{"@type":"BreadcrumbList","@id":"https:\/\/jornaldasoficinas.com\/pt\/mann-hummel-aposta-em-aterro-proprio-em-zaragoza\/#breadcrumb","itemListElement":[{"@type":"ListItem","position":1,"name":"In\u00edcio","item":"https:\/\/jornaldasoficinas.com\/pt\/"},{"@type":"ListItem","position":2,"name":"MANN + HUMMEL aposta em aterro pr\u00f3prio em Zaragoza"}]},{"@type":"WebSite","@id":"https:\/\/jornaldasoficinas.com\/pt\/#website","url":"https:\/\/jornaldasoficinas.com\/pt\/","name":"Jornal das Oficinas","description":"Jornal independente do Aftermarket Autom\u00f3vel em Portugal","publisher":{"@id":"https:\/\/jornaldasoficinas.com\/pt\/#organization"},"potentialAction":[{"@type":"SearchAction","target":{"@type":"EntryPoint","urlTemplate":"https:\/\/jornaldasoficinas.com\/pt\/?s={search_term_string}"},"query-input":{"@type":"PropertyValueSpecification","valueRequired":true,"valueName":"search_term_string"}}],"inLanguage":"pt-PT"},{"@type":"Organization","@id":"https:\/\/jornaldasoficinas.com\/pt\/#organization","name":"Jornal das Oficinas","url":"https:\/\/jornaldasoficinas.com\/pt\/","logo":{"@type":"ImageObject","inLanguage":"pt-PT","@id":"https:\/\/jornaldasoficinas.com\/pt\/#\/schema\/logo\/image\/","url":"https:\/\/jornaldasoficinas.com\/pt\/wp-content\/uploads\/logoJO-SEO.png","contentUrl":"https:\/\/jornaldasoficinas.com\/pt\/wp-content\/uploads\/logoJO-SEO.png","width":285,"height":450,"caption":"Jornal das Oficinas"},"image":{"@id":"https:\/\/jornaldasoficinas.com\/pt\/#\/schema\/logo\/image\/"},"sameAs":["https:\/\/www.facebook.com\/jornaloficinas","https:\/\/x.com\/jornaloficinas","https:\/\/www.instagram.com\/jornal_oficinas\/","https:\/\/www.linkedin.com\/company\/jornal-das-oficinas\/","https:\/\/www.youtube.com\/channel\/UCbQZBqtcvV-oSQrr7RzINGg"]},{"@type":"Person","@id":"https:\/\/jornaldasoficinas.com\/pt\/#\/schema\/person\/a38eef5de2c41d9e7c9ac10141afddf3","name":"Reda\u00e7\u00e3o JO","image":{"@type":"ImageObject","inLanguage":"pt-PT","@id":"https:\/\/secure.gravatar.com\/avatar\/71f2fa71737ad68a84fea94bc708ddac8ea5b0c4788dc2ad202f3ccb2887742f?s=96&d=wp_user_avatar&r=g","url":"https:\/\/secure.gravatar.com\/avatar\/71f2fa71737ad68a84fea94bc708ddac8ea5b0c4788dc2ad202f3ccb2887742f?s=96&d=wp_user_avatar&r=g","contentUrl":"https:\/\/secure.gravatar.com\/avatar\/71f2fa71737ad68a84fea94bc708ddac8ea5b0c4788dc2ad202f3ccb2887742f?s=96&d=wp_user_avatar&r=g","caption":"Reda\u00e7\u00e3o JO"},"url":"https:\/\/jornaldasoficinas.com\/pt\/author\/joredacao\/"}]}},"_links":{"self":[{"href":"https:\/\/jornaldasoficinas.com\/pt\/wp-json\/wp\/v2\/posts\/21394","targetHints":{"allow":["GET"]}}],"collection":[{"href":"https:\/\/jornaldasoficinas.com\/pt\/wp-json\/wp\/v2\/posts"}],"about":[{"href":"https:\/\/jornaldasoficinas.com\/pt\/wp-json\/wp\/v2\/types\/post"}],"author":[{"embeddable":true,"href":"https:\/\/jornaldasoficinas.com\/pt\/wp-json\/wp\/v2\/users\/15"}],"replies":[{"embeddable":true,"href":"https:\/\/jornaldasoficinas.com\/pt\/wp-json\/wp\/v2\/comments?post=21394"}],"version-history":[{"count":0,"href":"https:\/\/jornaldasoficinas.com\/pt\/wp-json\/wp\/v2\/posts\/21394\/revisions"}],"wp:featuredmedia":[{"embeddable":true,"href":"https:\/\/jornaldasoficinas.com\/pt\/wp-json\/wp\/v2\/media\/21372"}],"wp:attachment":[{"href":"https:\/\/jornaldasoficinas.com\/pt\/wp-json\/wp\/v2\/media?parent=21394"}],"wp:term":[{"taxonomy":"category","embeddable":true,"href":"https:\/\/jornaldasoficinas.com\/pt\/wp-json\/wp\/v2\/categories?post=21394"},{"taxonomy":"post_tag","embeddable":true,"href":"https:\/\/jornaldasoficinas.com\/pt\/wp-json\/wp\/v2\/tags?post=21394"}],"curies":[{"name":"wp","href":"https:\/\/api.w.org\/{rel}","templated":true}]}}