{"id":21570,"date":"2021-05-27T08:00:13","date_gmt":"2021-05-27T07:00:13","guid":{"rendered":"https:\/\/jornaldasoficinas.com\/pt\/?p=21570"},"modified":"2021-05-27T09:50:27","modified_gmt":"2021-05-27T08:50:27","slug":"ufi-filters-abre-nova-sede-na-australia","status":"publish","type":"post","link":"https:\/\/jornaldasoficinas.com\/pt\/ufi-filters-abre-nova-sede-na-australia\/","title":{"rendered":"UFI Filters abre nova sede na Austr\u00e1lia"},"content":{"rendered":"<p><strong><img loading=\"lazy\" decoding=\"async\" class=\"alignnone wp-image-21562 size-full\" src=\"https:\/\/jornaldasoficinas.com\/pt\/wp-content\/uploads\/2021\/05\/UFI-Filters-abre-nova.jpg\" alt=\"05 - UFI-Filters-abre-nova\" width=\"1024\" height=\"581\" srcset=\"https:\/\/jornaldasoficinas.com\/pt\/wp-content\/uploads\/2021\/05\/UFI-Filters-abre-nova.jpg 1024w, https:\/\/jornaldasoficinas.com\/pt\/wp-content\/uploads\/2021\/05\/UFI-Filters-abre-nova-300x170.jpg 300w, https:\/\/jornaldasoficinas.com\/pt\/wp-content\/uploads\/2021\/05\/UFI-Filters-abre-nova-150x85.jpg 150w, https:\/\/jornaldasoficinas.com\/pt\/wp-content\/uploads\/2021\/05\/UFI-Filters-abre-nova-768x436.jpg 768w\" sizes=\"auto, (max-width: 1024px) 100vw, 1024px\" \/><\/strong><\/p>\n<p><strong>A UFI Filters, l\u00edder na filtra\u00e7\u00e3o e produ\u00e7\u00e3o de intercambiadores de calor para ve\u00edculos a combust\u00e3o, el\u00e9tricos e h\u00edbridos, inaugurou um novo departamento comercial na Austr\u00e1lia<\/strong><\/p>\n<p>Um marco importante para o Grupo no ano em que celebra 50 anos de hist\u00f3ria. A UFI Filters Australia Pty Ltd,na sua nova sede em Sydney, ter\u00e1 como objetivo inicial o desenvolvimento do mercado Aftermarket, para ve\u00edculos ligeiros, pesados e todo-o-terreno na Austr\u00e1lia e ser\u00e1 o trampolim para outros mercados, como a vizinha Nova Zel\u00e2ndia.<\/p>\n<p>Assim, sobem para 57 departamentos comerciais da <a href=\"https:\/\/www.ufifilters.com\/en\/\" target=\"_blank\" rel=\"noopener\">UFI<\/a> no mundo e para 21 pa\u00edses onde est\u00e1 presente, com 19 instala\u00e7\u00f5es industriais, 3 Innovation Centers e mais de 4.000 funcion\u00e1rios.<\/p>\n<p>A UFI Filters v\u00ea neste novo mercado uma grande oportunidade para o desenvolvimento de neg\u00f3cios, nomeadamente para os ve\u00edculos pesados, sector em que a empresa est\u00e1 a investir muito, que ser\u00e1 predominante nos pr\u00f3ximos anos e que deveria triplicar at\u00e9 2025.<\/p>\n<p>A UFI Filters poder\u00e1 dar um contributo fundamental para os ve\u00edculos utilizados no sector mineiro, num pa\u00eds como a Austr\u00e1lia, um dos mais ricos em recursos do mundo.<\/p>\n<p>Para al\u00e9m, o mercado da filtra\u00e7\u00e3o do habit\u00e1culo na Oceania oferece boas oportunidades de neg\u00f3cios para a empresa. Com a sua gama de \u00faltima gera\u00e7\u00e3o, o Grupo UFI est\u00e1 pronto para atender \u00e0s exig\u00eancias mais desafiantes.<\/p>\n<p>Os filtros da fam\u00edlia habit\u00e1culo UFI Filters ARGENTIUM, recentemente introduzidos no cat\u00e1logo Aftermarket, inibem o crescimento bacteriano e t\u00eam uma capacidade de filtra\u00e7\u00e3o das part\u00edculas de poeira fina PM2.5 e PM10. Os filtros de p\u00f3lenes e de carv\u00e3o ativado da UFI Filters s\u00e3o a melhor prote\u00e7\u00e3o dentro dos ve\u00edculos, mesmo nas zonas mais poeirentas da Austr\u00e1lia, com solos ricos em s\u00edlica cristalina.<\/p>\n<p>O 5\u00ba continente beneficiar\u00e1, assim, do know-how da UFI Filters como fabricante de Equipamento Original para marcas como o Grupo Volkswagen, Stellantis, General Motors, Ford, Nissan-Renault, Hyundai-Kia, BMW, Daimler AG, Mitsubishi Fuso, MAN, CNH Industrial, Volvo, Scania, para citar somente alguns. O Grupo UFI \u00e9 escolhido por 95% dos fabricantes de ve\u00edculos do mundo, tanto para ve\u00edculos movidos a combust\u00edveis tradicionais, como para os h\u00edbridos e el\u00e9tricos, gra\u00e7as \u00e0 oferta de \u00faltima gera\u00e7\u00e3o que inclui m\u00f3dulos de filtra\u00e7\u00e3o completos, sistemas de gest\u00e3o t\u00e9rmica, pe\u00e7as sobressalentes e meios filtrantes.<\/p>\n<p>Um dos principais ativos da UFI Filters s\u00e3o os meios filtrantes, desenvolvidos nos seus centros de Investiga\u00e7\u00e3o e Desenvolvimento e realizados internamente nas f\u00e1bricas do Grupo, de acordo com a exclusiva FormulaUFI. Al\u00e9m disso, alguns dos produtos mais avan\u00e7ados para o sector de corridas s\u00e3o estudados pela High-Tech Division da empresa, que desenvolve solu\u00e7\u00f5es de filtra\u00e7\u00e3o com desempenho extremo para as melhores competi\u00e7\u00f5es do mundo. De facto, 9 das 10 escuderias de F\u00f3rmula 1 escolheram as tecnologias da UFI Filters; h\u00e1 cerca de 10.000 componentes que s\u00e3o fornecidos todos os anos entre filtros hidr\u00e1ulicos, \u00f3leo, combust\u00edvel, last chance e ar para as melhores equipas.<\/p>\n<p>Rinaldo Facchini, Administrador Delegado do Grupo UFI Filters, comenta: &#8220;A presen\u00e7a no 5\u00ba continente, representa um marco importante para a UFI Filters no desenvolvimento dos neg\u00f3cios a n\u00edvel mundial. A Austr\u00e1lia e a vizinha Nova Zel\u00e2ndia s\u00e3o territ\u00f3rios com grande potencial para o mercado Aftermarket. O nosso Grupo pode dar um contributo fundamental com tecnologias de \u00faltima gera\u00e7\u00e3o tanto para ve\u00edculos ligeiros, como para os pesados e m\u00e1quinas de trabalho (para agricultura, terraplenagem e sector minero). Este \u00e9 apenas o primeiro passo no nosso caminho para oferecer as nossas tecnologias a outros sectores num futuro pr\u00f3ximo.&#8221;<\/p>\n","protected":false},"excerpt":{"rendered":"<p>A UFI Filters, l\u00edder na filtra\u00e7\u00e3o&#8230;<\/p>\n","protected":false},"author":15,"featured_media":21562,"comment_status":"closed","ping_status":"closed","sticky":false,"template":"","format":"standard","meta":{"footnotes":""},"categories":[29],"tags":[546],"class_list":["post-21570","post","type-post","status-publish","format-standard","has-post-thumbnail","hentry","category-empresas","tag-ufi-filters"],"yoast_head":"<!-- This site is optimized with the Yoast SEO plugin v27.4 - https:\/\/yoast.com\/product\/yoast-seo-wordpress\/ -->\n<title>UFI Filters abre nova sede na Austr\u00e1lia - Jornal das Oficinas<\/title>\n<meta name=\"description\" content=\"A UFI Filters, l\u00edder na filtra\u00e7\u00e3o e produ\u00e7\u00e3o de intercambiadores de calor para ve\u00edculos a combust\u00e3o, el\u00e9tricos e h\u00edbridos, inaugurou um novo departamento comercial na Austr\u00e1lia\" \/>\n<meta name=\"robots\" content=\"index, follow, max-snippet:-1, max-image-preview:large, max-video-preview:-1\" \/>\n<link rel=\"canonical\" href=\"https:\/\/jornaldasoficinas.com\/pt\/ufi-filters-abre-nova-sede-na-australia\/\" \/>\n<meta property=\"og:locale\" content=\"pt_PT\" \/>\n<meta property=\"og:type\" content=\"article\" \/>\n<meta property=\"og:title\" content=\"UFI Filters abre nova sede na Austr\u00e1lia - Jornal das Oficinas\" \/>\n<meta property=\"og:description\" content=\"A UFI Filters, l\u00edder na filtra\u00e7\u00e3o e produ\u00e7\u00e3o de intercambiadores de calor para ve\u00edculos a combust\u00e3o, el\u00e9tricos e h\u00edbridos, inaugurou um novo departamento comercial na Austr\u00e1lia\" \/>\n<meta property=\"og:url\" content=\"https:\/\/jornaldasoficinas.com\/pt\/ufi-filters-abre-nova-sede-na-australia\/\" \/>\n<meta property=\"og:site_name\" content=\"Jornal das Oficinas\" \/>\n<meta property=\"article:publisher\" content=\"https:\/\/www.facebook.com\/jornaloficinas\" \/>\n<meta property=\"article:published_time\" content=\"2021-05-27T07:00:13+00:00\" \/>\n<meta property=\"article:modified_time\" content=\"2021-05-27T08:50:27+00:00\" \/>\n<meta property=\"og:image\" content=\"https:\/\/jornaldasoficinas.com\/pt\/wp-content\/uploads\/2021\/05\/UFI-Filters-abre-nova.jpg\" \/>\n\t<meta property=\"og:image:width\" content=\"1024\" \/>\n\t<meta property=\"og:image:height\" content=\"581\" \/>\n\t<meta property=\"og:image:type\" content=\"image\/jpeg\" \/>\n<meta name=\"author\" content=\"Reda\u00e7\u00e3o JO\" \/>\n<meta name=\"twitter:card\" content=\"summary_large_image\" \/>\n<meta name=\"twitter:creator\" content=\"@jornaloficinas\" \/>\n<meta name=\"twitter:site\" content=\"@jornaloficinas\" \/>\n<meta name=\"twitter:label1\" content=\"Escrito por\" \/>\n\t<meta name=\"twitter:data1\" content=\"Reda\u00e7\u00e3o JO\" \/>\n\t<meta name=\"twitter:label2\" content=\"Tempo estimado de leitura\" \/>\n\t<meta name=\"twitter:data2\" content=\"3 minutos\" \/>\n<script type=\"application\/ld+json\" class=\"yoast-schema-graph\">{\"@context\":\"https:\\\/\\\/schema.org\",\"@graph\":[{\"@type\":\"Article\",\"@id\":\"https:\\\/\\\/jornaldasoficinas.com\\\/pt\\\/ufi-filters-abre-nova-sede-na-australia\\\/#article\",\"isPartOf\":{\"@id\":\"https:\\\/\\\/jornaldasoficinas.com\\\/pt\\\/ufi-filters-abre-nova-sede-na-australia\\\/\"},\"author\":{\"name\":\"Reda\u00e7\u00e3o JO\",\"@id\":\"https:\\\/\\\/jornaldasoficinas.com\\\/pt\\\/#\\\/schema\\\/person\\\/a38eef5de2c41d9e7c9ac10141afddf3\"},\"headline\":\"UFI Filters abre nova sede na Austr\u00e1lia\",\"datePublished\":\"2021-05-27T07:00:13+00:00\",\"dateModified\":\"2021-05-27T08:50:27+00:00\",\"mainEntityOfPage\":{\"@id\":\"https:\\\/\\\/jornaldasoficinas.com\\\/pt\\\/ufi-filters-abre-nova-sede-na-australia\\\/\"},\"wordCount\":633,\"publisher\":{\"@id\":\"https:\\\/\\\/jornaldasoficinas.com\\\/pt\\\/#organization\"},\"image\":{\"@id\":\"https:\\\/\\\/jornaldasoficinas.com\\\/pt\\\/ufi-filters-abre-nova-sede-na-australia\\\/#primaryimage\"},\"thumbnailUrl\":\"https:\\\/\\\/jornaldasoficinas.com\\\/pt\\\/wp-content\\\/uploads\\\/2021\\\/05\\\/UFI-Filters-abre-nova.jpg\",\"keywords\":[\"UFI Filters\"],\"articleSection\":[\"Empresas\"],\"inLanguage\":\"pt-PT\"},{\"@type\":\"WebPage\",\"@id\":\"https:\\\/\\\/jornaldasoficinas.com\\\/pt\\\/ufi-filters-abre-nova-sede-na-australia\\\/\",\"url\":\"https:\\\/\\\/jornaldasoficinas.com\\\/pt\\\/ufi-filters-abre-nova-sede-na-australia\\\/\",\"name\":\"UFI Filters abre nova sede na Austr\u00e1lia - Jornal das Oficinas\",\"isPartOf\":{\"@id\":\"https:\\\/\\\/jornaldasoficinas.com\\\/pt\\\/#website\"},\"primaryImageOfPage\":{\"@id\":\"https:\\\/\\\/jornaldasoficinas.com\\\/pt\\\/ufi-filters-abre-nova-sede-na-australia\\\/#primaryimage\"},\"image\":{\"@id\":\"https:\\\/\\\/jornaldasoficinas.com\\\/pt\\\/ufi-filters-abre-nova-sede-na-australia\\\/#primaryimage\"},\"thumbnailUrl\":\"https:\\\/\\\/jornaldasoficinas.com\\\/pt\\\/wp-content\\\/uploads\\\/2021\\\/05\\\/UFI-Filters-abre-nova.jpg\",\"datePublished\":\"2021-05-27T07:00:13+00:00\",\"dateModified\":\"2021-05-27T08:50:27+00:00\",\"description\":\"A UFI Filters, l\u00edder na filtra\u00e7\u00e3o e produ\u00e7\u00e3o de intercambiadores de calor para ve\u00edculos a combust\u00e3o, el\u00e9tricos e h\u00edbridos, inaugurou um novo departamento comercial na Austr\u00e1lia\",\"breadcrumb\":{\"@id\":\"https:\\\/\\\/jornaldasoficinas.com\\\/pt\\\/ufi-filters-abre-nova-sede-na-australia\\\/#breadcrumb\"},\"inLanguage\":\"pt-PT\",\"potentialAction\":[{\"@type\":\"ReadAction\",\"target\":[\"https:\\\/\\\/jornaldasoficinas.com\\\/pt\\\/ufi-filters-abre-nova-sede-na-australia\\\/\"]}]},{\"@type\":\"ImageObject\",\"inLanguage\":\"pt-PT\",\"@id\":\"https:\\\/\\\/jornaldasoficinas.com\\\/pt\\\/ufi-filters-abre-nova-sede-na-australia\\\/#primaryimage\",\"url\":\"https:\\\/\\\/jornaldasoficinas.com\\\/pt\\\/wp-content\\\/uploads\\\/2021\\\/05\\\/UFI-Filters-abre-nova.jpg\",\"contentUrl\":\"https:\\\/\\\/jornaldasoficinas.com\\\/pt\\\/wp-content\\\/uploads\\\/2021\\\/05\\\/UFI-Filters-abre-nova.jpg\",\"width\":1024,\"height\":581,\"caption\":\"05 - UFI-Filters-abre-nova\"},{\"@type\":\"BreadcrumbList\",\"@id\":\"https:\\\/\\\/jornaldasoficinas.com\\\/pt\\\/ufi-filters-abre-nova-sede-na-australia\\\/#breadcrumb\",\"itemListElement\":[{\"@type\":\"ListItem\",\"position\":1,\"name\":\"In\u00edcio\",\"item\":\"https:\\\/\\\/jornaldasoficinas.com\\\/pt\\\/\"},{\"@type\":\"ListItem\",\"position\":2,\"name\":\"UFI Filters abre nova sede na Austr\u00e1lia\"}]},{\"@type\":\"WebSite\",\"@id\":\"https:\\\/\\\/jornaldasoficinas.com\\\/pt\\\/#website\",\"url\":\"https:\\\/\\\/jornaldasoficinas.com\\\/pt\\\/\",\"name\":\"Jornal das Oficinas\",\"description\":\"Jornal independente do Aftermarket Autom\u00f3vel em Portugal\",\"publisher\":{\"@id\":\"https:\\\/\\\/jornaldasoficinas.com\\\/pt\\\/#organization\"},\"potentialAction\":[{\"@type\":\"SearchAction\",\"target\":{\"@type\":\"EntryPoint\",\"urlTemplate\":\"https:\\\/\\\/jornaldasoficinas.com\\\/pt\\\/?s={search_term_string}\"},\"query-input\":{\"@type\":\"PropertyValueSpecification\",\"valueRequired\":true,\"valueName\":\"search_term_string\"}}],\"inLanguage\":\"pt-PT\"},{\"@type\":\"Organization\",\"@id\":\"https:\\\/\\\/jornaldasoficinas.com\\\/pt\\\/#organization\",\"name\":\"Jornal das Oficinas\",\"url\":\"https:\\\/\\\/jornaldasoficinas.com\\\/pt\\\/\",\"logo\":{\"@type\":\"ImageObject\",\"inLanguage\":\"pt-PT\",\"@id\":\"https:\\\/\\\/jornaldasoficinas.com\\\/pt\\\/#\\\/schema\\\/logo\\\/image\\\/\",\"url\":\"https:\\\/\\\/jornaldasoficinas.com\\\/pt\\\/wp-content\\\/uploads\\\/logoJO-SEO.png\",\"contentUrl\":\"https:\\\/\\\/jornaldasoficinas.com\\\/pt\\\/wp-content\\\/uploads\\\/logoJO-SEO.png\",\"width\":285,\"height\":450,\"caption\":\"Jornal das Oficinas\"},\"image\":{\"@id\":\"https:\\\/\\\/jornaldasoficinas.com\\\/pt\\\/#\\\/schema\\\/logo\\\/image\\\/\"},\"sameAs\":[\"https:\\\/\\\/www.facebook.com\\\/jornaloficinas\",\"https:\\\/\\\/x.com\\\/jornaloficinas\",\"https:\\\/\\\/www.instagram.com\\\/jornal_oficinas\\\/\",\"https:\\\/\\\/www.linkedin.com\\\/company\\\/jornal-das-oficinas\\\/\",\"https:\\\/\\\/www.youtube.com\\\/channel\\\/UCbQZBqtcvV-oSQrr7RzINGg\"]},{\"@type\":\"Person\",\"@id\":\"https:\\\/\\\/jornaldasoficinas.com\\\/pt\\\/#\\\/schema\\\/person\\\/a38eef5de2c41d9e7c9ac10141afddf3\",\"name\":\"Reda\u00e7\u00e3o JO\",\"image\":{\"@type\":\"ImageObject\",\"inLanguage\":\"pt-PT\",\"@id\":\"https:\\\/\\\/secure.gravatar.com\\\/avatar\\\/71f2fa71737ad68a84fea94bc708ddac8ea5b0c4788dc2ad202f3ccb2887742f?s=96&d=wp_user_avatar&r=g\",\"url\":\"https:\\\/\\\/secure.gravatar.com\\\/avatar\\\/71f2fa71737ad68a84fea94bc708ddac8ea5b0c4788dc2ad202f3ccb2887742f?s=96&d=wp_user_avatar&r=g\",\"contentUrl\":\"https:\\\/\\\/secure.gravatar.com\\\/avatar\\\/71f2fa71737ad68a84fea94bc708ddac8ea5b0c4788dc2ad202f3ccb2887742f?s=96&d=wp_user_avatar&r=g\",\"caption\":\"Reda\u00e7\u00e3o JO\"},\"url\":\"https:\\\/\\\/jornaldasoficinas.com\\\/pt\\\/author\\\/joredacao\\\/\"}]}<\/script>\n<!-- \/ Yoast SEO plugin. -->","yoast_head_json":{"title":"UFI Filters abre nova sede na Austr\u00e1lia - Jornal das Oficinas","description":"A UFI Filters, l\u00edder na filtra\u00e7\u00e3o e produ\u00e7\u00e3o de intercambiadores de calor para ve\u00edculos a combust\u00e3o, el\u00e9tricos e h\u00edbridos, inaugurou um novo departamento comercial na Austr\u00e1lia","robots":{"index":"index","follow":"follow","max-snippet":"max-snippet:-1","max-image-preview":"max-image-preview:large","max-video-preview":"max-video-preview:-1"},"canonical":"https:\/\/jornaldasoficinas.com\/pt\/ufi-filters-abre-nova-sede-na-australia\/","og_locale":"pt_PT","og_type":"article","og_title":"UFI Filters abre nova sede na Austr\u00e1lia - Jornal das Oficinas","og_description":"A UFI Filters, l\u00edder na filtra\u00e7\u00e3o e produ\u00e7\u00e3o de intercambiadores de calor para ve\u00edculos a combust\u00e3o, el\u00e9tricos e h\u00edbridos, inaugurou um novo departamento comercial na Austr\u00e1lia","og_url":"https:\/\/jornaldasoficinas.com\/pt\/ufi-filters-abre-nova-sede-na-australia\/","og_site_name":"Jornal das Oficinas","article_publisher":"https:\/\/www.facebook.com\/jornaloficinas","article_published_time":"2021-05-27T07:00:13+00:00","article_modified_time":"2021-05-27T08:50:27+00:00","og_image":[{"width":1024,"height":581,"url":"https:\/\/jornaldasoficinas.com\/pt\/wp-content\/uploads\/2021\/05\/UFI-Filters-abre-nova.jpg","type":"image\/jpeg"}],"author":"Reda\u00e7\u00e3o JO","twitter_card":"summary_large_image","twitter_creator":"@jornaloficinas","twitter_site":"@jornaloficinas","twitter_misc":{"Escrito por":"Reda\u00e7\u00e3o JO","Tempo estimado de leitura":"3 minutos"},"schema":{"@context":"https:\/\/schema.org","@graph":[{"@type":"Article","@id":"https:\/\/jornaldasoficinas.com\/pt\/ufi-filters-abre-nova-sede-na-australia\/#article","isPartOf":{"@id":"https:\/\/jornaldasoficinas.com\/pt\/ufi-filters-abre-nova-sede-na-australia\/"},"author":{"name":"Reda\u00e7\u00e3o JO","@id":"https:\/\/jornaldasoficinas.com\/pt\/#\/schema\/person\/a38eef5de2c41d9e7c9ac10141afddf3"},"headline":"UFI Filters abre nova sede na Austr\u00e1lia","datePublished":"2021-05-27T07:00:13+00:00","dateModified":"2021-05-27T08:50:27+00:00","mainEntityOfPage":{"@id":"https:\/\/jornaldasoficinas.com\/pt\/ufi-filters-abre-nova-sede-na-australia\/"},"wordCount":633,"publisher":{"@id":"https:\/\/jornaldasoficinas.com\/pt\/#organization"},"image":{"@id":"https:\/\/jornaldasoficinas.com\/pt\/ufi-filters-abre-nova-sede-na-australia\/#primaryimage"},"thumbnailUrl":"https:\/\/jornaldasoficinas.com\/pt\/wp-content\/uploads\/2021\/05\/UFI-Filters-abre-nova.jpg","keywords":["UFI Filters"],"articleSection":["Empresas"],"inLanguage":"pt-PT"},{"@type":"WebPage","@id":"https:\/\/jornaldasoficinas.com\/pt\/ufi-filters-abre-nova-sede-na-australia\/","url":"https:\/\/jornaldasoficinas.com\/pt\/ufi-filters-abre-nova-sede-na-australia\/","name":"UFI Filters abre nova sede na Austr\u00e1lia - Jornal das Oficinas","isPartOf":{"@id":"https:\/\/jornaldasoficinas.com\/pt\/#website"},"primaryImageOfPage":{"@id":"https:\/\/jornaldasoficinas.com\/pt\/ufi-filters-abre-nova-sede-na-australia\/#primaryimage"},"image":{"@id":"https:\/\/jornaldasoficinas.com\/pt\/ufi-filters-abre-nova-sede-na-australia\/#primaryimage"},"thumbnailUrl":"https:\/\/jornaldasoficinas.com\/pt\/wp-content\/uploads\/2021\/05\/UFI-Filters-abre-nova.jpg","datePublished":"2021-05-27T07:00:13+00:00","dateModified":"2021-05-27T08:50:27+00:00","description":"A UFI Filters, l\u00edder na filtra\u00e7\u00e3o e produ\u00e7\u00e3o de intercambiadores de calor para ve\u00edculos a combust\u00e3o, el\u00e9tricos e h\u00edbridos, inaugurou um novo departamento comercial na Austr\u00e1lia","breadcrumb":{"@id":"https:\/\/jornaldasoficinas.com\/pt\/ufi-filters-abre-nova-sede-na-australia\/#breadcrumb"},"inLanguage":"pt-PT","potentialAction":[{"@type":"ReadAction","target":["https:\/\/jornaldasoficinas.com\/pt\/ufi-filters-abre-nova-sede-na-australia\/"]}]},{"@type":"ImageObject","inLanguage":"pt-PT","@id":"https:\/\/jornaldasoficinas.com\/pt\/ufi-filters-abre-nova-sede-na-australia\/#primaryimage","url":"https:\/\/jornaldasoficinas.com\/pt\/wp-content\/uploads\/2021\/05\/UFI-Filters-abre-nova.jpg","contentUrl":"https:\/\/jornaldasoficinas.com\/pt\/wp-content\/uploads\/2021\/05\/UFI-Filters-abre-nova.jpg","width":1024,"height":581,"caption":"05 - UFI-Filters-abre-nova"},{"@type":"BreadcrumbList","@id":"https:\/\/jornaldasoficinas.com\/pt\/ufi-filters-abre-nova-sede-na-australia\/#breadcrumb","itemListElement":[{"@type":"ListItem","position":1,"name":"In\u00edcio","item":"https:\/\/jornaldasoficinas.com\/pt\/"},{"@type":"ListItem","position":2,"name":"UFI Filters abre nova sede na Austr\u00e1lia"}]},{"@type":"WebSite","@id":"https:\/\/jornaldasoficinas.com\/pt\/#website","url":"https:\/\/jornaldasoficinas.com\/pt\/","name":"Jornal das Oficinas","description":"Jornal independente do Aftermarket Autom\u00f3vel em Portugal","publisher":{"@id":"https:\/\/jornaldasoficinas.com\/pt\/#organization"},"potentialAction":[{"@type":"SearchAction","target":{"@type":"EntryPoint","urlTemplate":"https:\/\/jornaldasoficinas.com\/pt\/?s={search_term_string}"},"query-input":{"@type":"PropertyValueSpecification","valueRequired":true,"valueName":"search_term_string"}}],"inLanguage":"pt-PT"},{"@type":"Organization","@id":"https:\/\/jornaldasoficinas.com\/pt\/#organization","name":"Jornal das Oficinas","url":"https:\/\/jornaldasoficinas.com\/pt\/","logo":{"@type":"ImageObject","inLanguage":"pt-PT","@id":"https:\/\/jornaldasoficinas.com\/pt\/#\/schema\/logo\/image\/","url":"https:\/\/jornaldasoficinas.com\/pt\/wp-content\/uploads\/logoJO-SEO.png","contentUrl":"https:\/\/jornaldasoficinas.com\/pt\/wp-content\/uploads\/logoJO-SEO.png","width":285,"height":450,"caption":"Jornal das Oficinas"},"image":{"@id":"https:\/\/jornaldasoficinas.com\/pt\/#\/schema\/logo\/image\/"},"sameAs":["https:\/\/www.facebook.com\/jornaloficinas","https:\/\/x.com\/jornaloficinas","https:\/\/www.instagram.com\/jornal_oficinas\/","https:\/\/www.linkedin.com\/company\/jornal-das-oficinas\/","https:\/\/www.youtube.com\/channel\/UCbQZBqtcvV-oSQrr7RzINGg"]},{"@type":"Person","@id":"https:\/\/jornaldasoficinas.com\/pt\/#\/schema\/person\/a38eef5de2c41d9e7c9ac10141afddf3","name":"Reda\u00e7\u00e3o JO","image":{"@type":"ImageObject","inLanguage":"pt-PT","@id":"https:\/\/secure.gravatar.com\/avatar\/71f2fa71737ad68a84fea94bc708ddac8ea5b0c4788dc2ad202f3ccb2887742f?s=96&d=wp_user_avatar&r=g","url":"https:\/\/secure.gravatar.com\/avatar\/71f2fa71737ad68a84fea94bc708ddac8ea5b0c4788dc2ad202f3ccb2887742f?s=96&d=wp_user_avatar&r=g","contentUrl":"https:\/\/secure.gravatar.com\/avatar\/71f2fa71737ad68a84fea94bc708ddac8ea5b0c4788dc2ad202f3ccb2887742f?s=96&d=wp_user_avatar&r=g","caption":"Reda\u00e7\u00e3o JO"},"url":"https:\/\/jornaldasoficinas.com\/pt\/author\/joredacao\/"}]}},"_links":{"self":[{"href":"https:\/\/jornaldasoficinas.com\/pt\/wp-json\/wp\/v2\/posts\/21570","targetHints":{"allow":["GET"]}}],"collection":[{"href":"https:\/\/jornaldasoficinas.com\/pt\/wp-json\/wp\/v2\/posts"}],"about":[{"href":"https:\/\/jornaldasoficinas.com\/pt\/wp-json\/wp\/v2\/types\/post"}],"author":[{"embeddable":true,"href":"https:\/\/jornaldasoficinas.com\/pt\/wp-json\/wp\/v2\/users\/15"}],"replies":[{"embeddable":true,"href":"https:\/\/jornaldasoficinas.com\/pt\/wp-json\/wp\/v2\/comments?post=21570"}],"version-history":[{"count":0,"href":"https:\/\/jornaldasoficinas.com\/pt\/wp-json\/wp\/v2\/posts\/21570\/revisions"}],"wp:featuredmedia":[{"embeddable":true,"href":"https:\/\/jornaldasoficinas.com\/pt\/wp-json\/wp\/v2\/media\/21562"}],"wp:attachment":[{"href":"https:\/\/jornaldasoficinas.com\/pt\/wp-json\/wp\/v2\/media?parent=21570"}],"wp:term":[{"taxonomy":"category","embeddable":true,"href":"https:\/\/jornaldasoficinas.com\/pt\/wp-json\/wp\/v2\/categories?post=21570"},{"taxonomy":"post_tag","embeddable":true,"href":"https:\/\/jornaldasoficinas.com\/pt\/wp-json\/wp\/v2\/tags?post=21570"}],"curies":[{"name":"wp","href":"https:\/\/api.w.org\/{rel}","templated":true}]}}