{"id":21953,"date":"2021-06-16T12:00:20","date_gmt":"2021-06-16T11:00:20","guid":{"rendered":"https:\/\/jornaldasoficinas.com\/pt\/?p=21953"},"modified":"2021-06-15T13:05:11","modified_gmt":"2021-06-15T12:05:11","slug":"clarios-da-dicas-para-ampliar-vida-util-das-baterias-veiculos-pesados","status":"publish","type":"post","link":"https:\/\/jornaldasoficinas.com\/pt\/clarios-da-dicas-para-ampliar-vida-util-das-baterias-veiculos-pesados\/","title":{"rendered":"Clarios d\u00e1 dicas para ampliar vida \u00fatil das baterias ve\u00edculos pesados"},"content":{"rendered":"<p><img loading=\"lazy\" decoding=\"async\" class=\"alignnone wp-image-21908 size-full\" src=\"https:\/\/jornaldasoficinas.com\/pt\/wp-content\/uploads\/2021\/06\/Clarios-da-dicas-para.jpg\" alt=\"06 - Clarios-da-dicas-para\" width=\"1024\" height=\"581\" srcset=\"https:\/\/jornaldasoficinas.com\/pt\/wp-content\/uploads\/2021\/06\/Clarios-da-dicas-para.jpg 1024w, https:\/\/jornaldasoficinas.com\/pt\/wp-content\/uploads\/2021\/06\/Clarios-da-dicas-para-300x170.jpg 300w, https:\/\/jornaldasoficinas.com\/pt\/wp-content\/uploads\/2021\/06\/Clarios-da-dicas-para-150x85.jpg 150w, https:\/\/jornaldasoficinas.com\/pt\/wp-content\/uploads\/2021\/06\/Clarios-da-dicas-para-768x436.jpg 768w\" sizes=\"auto, (max-width: 1024px) 100vw, 1024px\" \/><\/p>\n<p><strong>Os engenheiros da <a href=\"https:\/\/www.clarios.com\/\" target=\"_blank\" rel=\"noopener\">Clarios<\/a>, empresa detentora da marca Varta, explicam que a vida \u00fatil da bateria para cami\u00f5es est\u00e1 relacionada com o segmento de trabalho de cada ve\u00edculo<\/strong><\/p>\n<p>\u201cFatores como horas de trabalho do ve\u00edculo podem influenciar. O tempo em que o ve\u00edculo fica parado, mas com acess\u00f3rios ligados (ar condicionado, climatizadores, geladeiras, r\u00e1dios&#8230;etc) podem diminuir muito a vida da bateria\u201d, referem.<\/p>\n<p><strong>Para elevar a vida \u00fatil da bateria nos ve\u00edculos pesados, confira as dicas a seguir:<\/strong><\/p>\n<ul>\n<li>Manter o estado de carga da bateria sempre superior a 80% para que o desempenho seja alcan\u00e7ado;<\/li>\n<li>Terminais, cabos el\u00e9tricos e o sistema de carga e partida t\u00eam um papel fundamental na passagem da energia que entra e sai da bateria. Ent\u00e3o, o indicado \u00e9 sempre observar o estado desses componentes;<\/li>\n<li>A bateria \u00e9 um componente altamente impactado pelo ambiente em que est\u00e1 aplicada. Fatores como temperatura, vibra\u00e7\u00e3o e armazenamento podem comprometer o correto funcionamento e causar danos irrevers\u00edveis ao produto;<\/li>\n<li>Detalhes simples como controle de carga no armazenamento antes da instala\u00e7\u00e3o, fixa\u00e7\u00e3o do conjunto no alojamento do ve\u00edculo, limpeza dos terminais, verifica\u00e7\u00e3o dos n\u00edveis de solu\u00e7\u00e3o \u00e1cida, entre outros, s\u00e3o cuidados que interferem diretamente na vida \u00fatil;<\/li>\n<li>O funcionamento incorreto do motor a combust\u00e3o pode alterar a carga e a descarga que a bateria recebe, permitindo que ocorram falhas de forma prematura.<\/li>\n<\/ul>\n<p>Sinais como partida \u201cpesada\u201d, oscila\u00e7\u00f5es em l\u00e2mpadas e aquecimento excessivo na bateria podem indicar que o produto j\u00e1 est\u00e1 chegando no final de vida. Para confirmar que \u00e9 hora de fazer a substitui\u00e7\u00e3o, o correto \u00e9 sempre aplicar o teste de capacidade de corrente de partida que indicar\u00e1 se o produto deve ou n\u00e3o ser mantido em uso.<\/p>\n","protected":false},"excerpt":{"rendered":"<p>Os engenheiros da Clarios, empresa detentora&#8230;<\/p>\n","protected":false},"author":15,"featured_media":21908,"comment_status":"closed","ping_status":"closed","sticky":false,"template":"","format":"standard","meta":{"footnotes":""},"categories":[29],"tags":[514],"class_list":["post-21953","post","type-post","status-publish","format-standard","has-post-thumbnail","hentry","category-empresas","tag-clarios"],"yoast_head":"<!-- This site is optimized with the Yoast SEO plugin v27.4 - https:\/\/yoast.com\/product\/yoast-seo-wordpress\/ -->\n<title>Clarios d\u00e1 dicas para ampliar vida \u00fatil das baterias ve\u00edculos pesados - Jornal das Oficinas<\/title>\n<meta name=\"robots\" content=\"index, follow, max-snippet:-1, max-image-preview:large, max-video-preview:-1\" \/>\n<link rel=\"canonical\" href=\"https:\/\/jornaldasoficinas.com\/pt\/clarios-da-dicas-para-ampliar-vida-util-das-baterias-veiculos-pesados\/\" \/>\n<meta property=\"og:locale\" content=\"pt_PT\" \/>\n<meta property=\"og:type\" content=\"article\" \/>\n<meta property=\"og:title\" content=\"Clarios d\u00e1 dicas para ampliar vida \u00fatil das baterias ve\u00edculos pesados - Jornal das Oficinas\" \/>\n<meta property=\"og:description\" content=\"Os engenheiros da Clarios, empresa detentora...\" \/>\n<meta property=\"og:url\" content=\"https:\/\/jornaldasoficinas.com\/pt\/clarios-da-dicas-para-ampliar-vida-util-das-baterias-veiculos-pesados\/\" \/>\n<meta property=\"og:site_name\" content=\"Jornal das Oficinas\" \/>\n<meta property=\"article:publisher\" content=\"https:\/\/www.facebook.com\/jornaloficinas\" \/>\n<meta property=\"article:published_time\" content=\"2021-06-16T11:00:20+00:00\" \/>\n<meta property=\"og:image\" content=\"https:\/\/jornaldasoficinas.com\/pt\/wp-content\/uploads\/2021\/06\/Clarios-da-dicas-para.jpg\" \/>\n\t<meta property=\"og:image:width\" content=\"1024\" \/>\n\t<meta property=\"og:image:height\" content=\"581\" \/>\n\t<meta property=\"og:image:type\" content=\"image\/jpeg\" \/>\n<meta name=\"author\" content=\"Reda\u00e7\u00e3o JO\" \/>\n<meta name=\"twitter:card\" content=\"summary_large_image\" \/>\n<meta name=\"twitter:creator\" content=\"@jornaloficinas\" \/>\n<meta name=\"twitter:site\" content=\"@jornaloficinas\" \/>\n<meta name=\"twitter:label1\" content=\"Escrito por\" \/>\n\t<meta name=\"twitter:data1\" content=\"Reda\u00e7\u00e3o JO\" \/>\n\t<meta name=\"twitter:label2\" content=\"Tempo estimado de leitura\" \/>\n\t<meta name=\"twitter:data2\" content=\"2 minutos\" \/>\n<script type=\"application\/ld+json\" class=\"yoast-schema-graph\">{\"@context\":\"https:\\\/\\\/schema.org\",\"@graph\":[{\"@type\":\"Article\",\"@id\":\"https:\\\/\\\/jornaldasoficinas.com\\\/pt\\\/clarios-da-dicas-para-ampliar-vida-util-das-baterias-veiculos-pesados\\\/#article\",\"isPartOf\":{\"@id\":\"https:\\\/\\\/jornaldasoficinas.com\\\/pt\\\/clarios-da-dicas-para-ampliar-vida-util-das-baterias-veiculos-pesados\\\/\"},\"author\":{\"name\":\"Reda\u00e7\u00e3o JO\",\"@id\":\"https:\\\/\\\/jornaldasoficinas.com\\\/pt\\\/#\\\/schema\\\/person\\\/a38eef5de2c41d9e7c9ac10141afddf3\"},\"headline\":\"Clarios d\u00e1 dicas para ampliar vida \u00fatil das baterias ve\u00edculos pesados\",\"datePublished\":\"2021-06-16T11:00:20+00:00\",\"mainEntityOfPage\":{\"@id\":\"https:\\\/\\\/jornaldasoficinas.com\\\/pt\\\/clarios-da-dicas-para-ampliar-vida-util-das-baterias-veiculos-pesados\\\/\"},\"wordCount\":311,\"publisher\":{\"@id\":\"https:\\\/\\\/jornaldasoficinas.com\\\/pt\\\/#organization\"},\"image\":{\"@id\":\"https:\\\/\\\/jornaldasoficinas.com\\\/pt\\\/clarios-da-dicas-para-ampliar-vida-util-das-baterias-veiculos-pesados\\\/#primaryimage\"},\"thumbnailUrl\":\"https:\\\/\\\/jornaldasoficinas.com\\\/pt\\\/wp-content\\\/uploads\\\/2021\\\/06\\\/Clarios-da-dicas-para.jpg\",\"keywords\":[\"Clarios\"],\"articleSection\":[\"Empresas\"],\"inLanguage\":\"pt-PT\"},{\"@type\":\"WebPage\",\"@id\":\"https:\\\/\\\/jornaldasoficinas.com\\\/pt\\\/clarios-da-dicas-para-ampliar-vida-util-das-baterias-veiculos-pesados\\\/\",\"url\":\"https:\\\/\\\/jornaldasoficinas.com\\\/pt\\\/clarios-da-dicas-para-ampliar-vida-util-das-baterias-veiculos-pesados\\\/\",\"name\":\"Clarios d\u00e1 dicas para ampliar vida \u00fatil das baterias ve\u00edculos pesados - Jornal das Oficinas\",\"isPartOf\":{\"@id\":\"https:\\\/\\\/jornaldasoficinas.com\\\/pt\\\/#website\"},\"primaryImageOfPage\":{\"@id\":\"https:\\\/\\\/jornaldasoficinas.com\\\/pt\\\/clarios-da-dicas-para-ampliar-vida-util-das-baterias-veiculos-pesados\\\/#primaryimage\"},\"image\":{\"@id\":\"https:\\\/\\\/jornaldasoficinas.com\\\/pt\\\/clarios-da-dicas-para-ampliar-vida-util-das-baterias-veiculos-pesados\\\/#primaryimage\"},\"thumbnailUrl\":\"https:\\\/\\\/jornaldasoficinas.com\\\/pt\\\/wp-content\\\/uploads\\\/2021\\\/06\\\/Clarios-da-dicas-para.jpg\",\"datePublished\":\"2021-06-16T11:00:20+00:00\",\"breadcrumb\":{\"@id\":\"https:\\\/\\\/jornaldasoficinas.com\\\/pt\\\/clarios-da-dicas-para-ampliar-vida-util-das-baterias-veiculos-pesados\\\/#breadcrumb\"},\"inLanguage\":\"pt-PT\",\"potentialAction\":[{\"@type\":\"ReadAction\",\"target\":[\"https:\\\/\\\/jornaldasoficinas.com\\\/pt\\\/clarios-da-dicas-para-ampliar-vida-util-das-baterias-veiculos-pesados\\\/\"]}]},{\"@type\":\"ImageObject\",\"inLanguage\":\"pt-PT\",\"@id\":\"https:\\\/\\\/jornaldasoficinas.com\\\/pt\\\/clarios-da-dicas-para-ampliar-vida-util-das-baterias-veiculos-pesados\\\/#primaryimage\",\"url\":\"https:\\\/\\\/jornaldasoficinas.com\\\/pt\\\/wp-content\\\/uploads\\\/2021\\\/06\\\/Clarios-da-dicas-para.jpg\",\"contentUrl\":\"https:\\\/\\\/jornaldasoficinas.com\\\/pt\\\/wp-content\\\/uploads\\\/2021\\\/06\\\/Clarios-da-dicas-para.jpg\",\"width\":1024,\"height\":581,\"caption\":\"MICHELIN SOLUTIONS POUR L\u2019OFFRE EFFITRAILER 2015\"},{\"@type\":\"BreadcrumbList\",\"@id\":\"https:\\\/\\\/jornaldasoficinas.com\\\/pt\\\/clarios-da-dicas-para-ampliar-vida-util-das-baterias-veiculos-pesados\\\/#breadcrumb\",\"itemListElement\":[{\"@type\":\"ListItem\",\"position\":1,\"name\":\"In\u00edcio\",\"item\":\"https:\\\/\\\/jornaldasoficinas.com\\\/pt\\\/\"},{\"@type\":\"ListItem\",\"position\":2,\"name\":\"Clarios d\u00e1 dicas para ampliar vida \u00fatil das baterias ve\u00edculos pesados\"}]},{\"@type\":\"WebSite\",\"@id\":\"https:\\\/\\\/jornaldasoficinas.com\\\/pt\\\/#website\",\"url\":\"https:\\\/\\\/jornaldasoficinas.com\\\/pt\\\/\",\"name\":\"Jornal das Oficinas\",\"description\":\"Jornal independente do Aftermarket Autom\u00f3vel em Portugal\",\"publisher\":{\"@id\":\"https:\\\/\\\/jornaldasoficinas.com\\\/pt\\\/#organization\"},\"potentialAction\":[{\"@type\":\"SearchAction\",\"target\":{\"@type\":\"EntryPoint\",\"urlTemplate\":\"https:\\\/\\\/jornaldasoficinas.com\\\/pt\\\/?s={search_term_string}\"},\"query-input\":{\"@type\":\"PropertyValueSpecification\",\"valueRequired\":true,\"valueName\":\"search_term_string\"}}],\"inLanguage\":\"pt-PT\"},{\"@type\":\"Organization\",\"@id\":\"https:\\\/\\\/jornaldasoficinas.com\\\/pt\\\/#organization\",\"name\":\"Jornal das Oficinas\",\"url\":\"https:\\\/\\\/jornaldasoficinas.com\\\/pt\\\/\",\"logo\":{\"@type\":\"ImageObject\",\"inLanguage\":\"pt-PT\",\"@id\":\"https:\\\/\\\/jornaldasoficinas.com\\\/pt\\\/#\\\/schema\\\/logo\\\/image\\\/\",\"url\":\"https:\\\/\\\/jornaldasoficinas.com\\\/pt\\\/wp-content\\\/uploads\\\/logoJO-SEO.png\",\"contentUrl\":\"https:\\\/\\\/jornaldasoficinas.com\\\/pt\\\/wp-content\\\/uploads\\\/logoJO-SEO.png\",\"width\":285,\"height\":450,\"caption\":\"Jornal das Oficinas\"},\"image\":{\"@id\":\"https:\\\/\\\/jornaldasoficinas.com\\\/pt\\\/#\\\/schema\\\/logo\\\/image\\\/\"},\"sameAs\":[\"https:\\\/\\\/www.facebook.com\\\/jornaloficinas\",\"https:\\\/\\\/x.com\\\/jornaloficinas\",\"https:\\\/\\\/www.instagram.com\\\/jornal_oficinas\\\/\",\"https:\\\/\\\/www.linkedin.com\\\/company\\\/jornal-das-oficinas\\\/\",\"https:\\\/\\\/www.youtube.com\\\/channel\\\/UCbQZBqtcvV-oSQrr7RzINGg\"]},{\"@type\":\"Person\",\"@id\":\"https:\\\/\\\/jornaldasoficinas.com\\\/pt\\\/#\\\/schema\\\/person\\\/a38eef5de2c41d9e7c9ac10141afddf3\",\"name\":\"Reda\u00e7\u00e3o JO\",\"image\":{\"@type\":\"ImageObject\",\"inLanguage\":\"pt-PT\",\"@id\":\"https:\\\/\\\/secure.gravatar.com\\\/avatar\\\/71f2fa71737ad68a84fea94bc708ddac8ea5b0c4788dc2ad202f3ccb2887742f?s=96&d=wp_user_avatar&r=g\",\"url\":\"https:\\\/\\\/secure.gravatar.com\\\/avatar\\\/71f2fa71737ad68a84fea94bc708ddac8ea5b0c4788dc2ad202f3ccb2887742f?s=96&d=wp_user_avatar&r=g\",\"contentUrl\":\"https:\\\/\\\/secure.gravatar.com\\\/avatar\\\/71f2fa71737ad68a84fea94bc708ddac8ea5b0c4788dc2ad202f3ccb2887742f?s=96&d=wp_user_avatar&r=g\",\"caption\":\"Reda\u00e7\u00e3o JO\"},\"url\":\"https:\\\/\\\/jornaldasoficinas.com\\\/pt\\\/author\\\/joredacao\\\/\"}]}<\/script>\n<!-- \/ Yoast SEO plugin. -->","yoast_head_json":{"title":"Clarios d\u00e1 dicas para ampliar vida \u00fatil das baterias ve\u00edculos pesados - Jornal das Oficinas","robots":{"index":"index","follow":"follow","max-snippet":"max-snippet:-1","max-image-preview":"max-image-preview:large","max-video-preview":"max-video-preview:-1"},"canonical":"https:\/\/jornaldasoficinas.com\/pt\/clarios-da-dicas-para-ampliar-vida-util-das-baterias-veiculos-pesados\/","og_locale":"pt_PT","og_type":"article","og_title":"Clarios d\u00e1 dicas para ampliar vida \u00fatil das baterias ve\u00edculos pesados - Jornal das Oficinas","og_description":"Os engenheiros da Clarios, empresa detentora...","og_url":"https:\/\/jornaldasoficinas.com\/pt\/clarios-da-dicas-para-ampliar-vida-util-das-baterias-veiculos-pesados\/","og_site_name":"Jornal das Oficinas","article_publisher":"https:\/\/www.facebook.com\/jornaloficinas","article_published_time":"2021-06-16T11:00:20+00:00","og_image":[{"width":1024,"height":581,"url":"https:\/\/jornaldasoficinas.com\/pt\/wp-content\/uploads\/2021\/06\/Clarios-da-dicas-para.jpg","type":"image\/jpeg"}],"author":"Reda\u00e7\u00e3o JO","twitter_card":"summary_large_image","twitter_creator":"@jornaloficinas","twitter_site":"@jornaloficinas","twitter_misc":{"Escrito por":"Reda\u00e7\u00e3o JO","Tempo estimado de leitura":"2 minutos"},"schema":{"@context":"https:\/\/schema.org","@graph":[{"@type":"Article","@id":"https:\/\/jornaldasoficinas.com\/pt\/clarios-da-dicas-para-ampliar-vida-util-das-baterias-veiculos-pesados\/#article","isPartOf":{"@id":"https:\/\/jornaldasoficinas.com\/pt\/clarios-da-dicas-para-ampliar-vida-util-das-baterias-veiculos-pesados\/"},"author":{"name":"Reda\u00e7\u00e3o JO","@id":"https:\/\/jornaldasoficinas.com\/pt\/#\/schema\/person\/a38eef5de2c41d9e7c9ac10141afddf3"},"headline":"Clarios d\u00e1 dicas para ampliar vida \u00fatil das baterias ve\u00edculos pesados","datePublished":"2021-06-16T11:00:20+00:00","mainEntityOfPage":{"@id":"https:\/\/jornaldasoficinas.com\/pt\/clarios-da-dicas-para-ampliar-vida-util-das-baterias-veiculos-pesados\/"},"wordCount":311,"publisher":{"@id":"https:\/\/jornaldasoficinas.com\/pt\/#organization"},"image":{"@id":"https:\/\/jornaldasoficinas.com\/pt\/clarios-da-dicas-para-ampliar-vida-util-das-baterias-veiculos-pesados\/#primaryimage"},"thumbnailUrl":"https:\/\/jornaldasoficinas.com\/pt\/wp-content\/uploads\/2021\/06\/Clarios-da-dicas-para.jpg","keywords":["Clarios"],"articleSection":["Empresas"],"inLanguage":"pt-PT"},{"@type":"WebPage","@id":"https:\/\/jornaldasoficinas.com\/pt\/clarios-da-dicas-para-ampliar-vida-util-das-baterias-veiculos-pesados\/","url":"https:\/\/jornaldasoficinas.com\/pt\/clarios-da-dicas-para-ampliar-vida-util-das-baterias-veiculos-pesados\/","name":"Clarios d\u00e1 dicas para ampliar vida \u00fatil das baterias ve\u00edculos pesados - Jornal das Oficinas","isPartOf":{"@id":"https:\/\/jornaldasoficinas.com\/pt\/#website"},"primaryImageOfPage":{"@id":"https:\/\/jornaldasoficinas.com\/pt\/clarios-da-dicas-para-ampliar-vida-util-das-baterias-veiculos-pesados\/#primaryimage"},"image":{"@id":"https:\/\/jornaldasoficinas.com\/pt\/clarios-da-dicas-para-ampliar-vida-util-das-baterias-veiculos-pesados\/#primaryimage"},"thumbnailUrl":"https:\/\/jornaldasoficinas.com\/pt\/wp-content\/uploads\/2021\/06\/Clarios-da-dicas-para.jpg","datePublished":"2021-06-16T11:00:20+00:00","breadcrumb":{"@id":"https:\/\/jornaldasoficinas.com\/pt\/clarios-da-dicas-para-ampliar-vida-util-das-baterias-veiculos-pesados\/#breadcrumb"},"inLanguage":"pt-PT","potentialAction":[{"@type":"ReadAction","target":["https:\/\/jornaldasoficinas.com\/pt\/clarios-da-dicas-para-ampliar-vida-util-das-baterias-veiculos-pesados\/"]}]},{"@type":"ImageObject","inLanguage":"pt-PT","@id":"https:\/\/jornaldasoficinas.com\/pt\/clarios-da-dicas-para-ampliar-vida-util-das-baterias-veiculos-pesados\/#primaryimage","url":"https:\/\/jornaldasoficinas.com\/pt\/wp-content\/uploads\/2021\/06\/Clarios-da-dicas-para.jpg","contentUrl":"https:\/\/jornaldasoficinas.com\/pt\/wp-content\/uploads\/2021\/06\/Clarios-da-dicas-para.jpg","width":1024,"height":581,"caption":"MICHELIN SOLUTIONS POUR L\u2019OFFRE EFFITRAILER 2015"},{"@type":"BreadcrumbList","@id":"https:\/\/jornaldasoficinas.com\/pt\/clarios-da-dicas-para-ampliar-vida-util-das-baterias-veiculos-pesados\/#breadcrumb","itemListElement":[{"@type":"ListItem","position":1,"name":"In\u00edcio","item":"https:\/\/jornaldasoficinas.com\/pt\/"},{"@type":"ListItem","position":2,"name":"Clarios d\u00e1 dicas para ampliar vida \u00fatil das baterias ve\u00edculos pesados"}]},{"@type":"WebSite","@id":"https:\/\/jornaldasoficinas.com\/pt\/#website","url":"https:\/\/jornaldasoficinas.com\/pt\/","name":"Jornal das Oficinas","description":"Jornal independente do Aftermarket Autom\u00f3vel em Portugal","publisher":{"@id":"https:\/\/jornaldasoficinas.com\/pt\/#organization"},"potentialAction":[{"@type":"SearchAction","target":{"@type":"EntryPoint","urlTemplate":"https:\/\/jornaldasoficinas.com\/pt\/?s={search_term_string}"},"query-input":{"@type":"PropertyValueSpecification","valueRequired":true,"valueName":"search_term_string"}}],"inLanguage":"pt-PT"},{"@type":"Organization","@id":"https:\/\/jornaldasoficinas.com\/pt\/#organization","name":"Jornal das Oficinas","url":"https:\/\/jornaldasoficinas.com\/pt\/","logo":{"@type":"ImageObject","inLanguage":"pt-PT","@id":"https:\/\/jornaldasoficinas.com\/pt\/#\/schema\/logo\/image\/","url":"https:\/\/jornaldasoficinas.com\/pt\/wp-content\/uploads\/logoJO-SEO.png","contentUrl":"https:\/\/jornaldasoficinas.com\/pt\/wp-content\/uploads\/logoJO-SEO.png","width":285,"height":450,"caption":"Jornal das Oficinas"},"image":{"@id":"https:\/\/jornaldasoficinas.com\/pt\/#\/schema\/logo\/image\/"},"sameAs":["https:\/\/www.facebook.com\/jornaloficinas","https:\/\/x.com\/jornaloficinas","https:\/\/www.instagram.com\/jornal_oficinas\/","https:\/\/www.linkedin.com\/company\/jornal-das-oficinas\/","https:\/\/www.youtube.com\/channel\/UCbQZBqtcvV-oSQrr7RzINGg"]},{"@type":"Person","@id":"https:\/\/jornaldasoficinas.com\/pt\/#\/schema\/person\/a38eef5de2c41d9e7c9ac10141afddf3","name":"Reda\u00e7\u00e3o JO","image":{"@type":"ImageObject","inLanguage":"pt-PT","@id":"https:\/\/secure.gravatar.com\/avatar\/71f2fa71737ad68a84fea94bc708ddac8ea5b0c4788dc2ad202f3ccb2887742f?s=96&d=wp_user_avatar&r=g","url":"https:\/\/secure.gravatar.com\/avatar\/71f2fa71737ad68a84fea94bc708ddac8ea5b0c4788dc2ad202f3ccb2887742f?s=96&d=wp_user_avatar&r=g","contentUrl":"https:\/\/secure.gravatar.com\/avatar\/71f2fa71737ad68a84fea94bc708ddac8ea5b0c4788dc2ad202f3ccb2887742f?s=96&d=wp_user_avatar&r=g","caption":"Reda\u00e7\u00e3o JO"},"url":"https:\/\/jornaldasoficinas.com\/pt\/author\/joredacao\/"}]}},"_links":{"self":[{"href":"https:\/\/jornaldasoficinas.com\/pt\/wp-json\/wp\/v2\/posts\/21953","targetHints":{"allow":["GET"]}}],"collection":[{"href":"https:\/\/jornaldasoficinas.com\/pt\/wp-json\/wp\/v2\/posts"}],"about":[{"href":"https:\/\/jornaldasoficinas.com\/pt\/wp-json\/wp\/v2\/types\/post"}],"author":[{"embeddable":true,"href":"https:\/\/jornaldasoficinas.com\/pt\/wp-json\/wp\/v2\/users\/15"}],"replies":[{"embeddable":true,"href":"https:\/\/jornaldasoficinas.com\/pt\/wp-json\/wp\/v2\/comments?post=21953"}],"version-history":[{"count":0,"href":"https:\/\/jornaldasoficinas.com\/pt\/wp-json\/wp\/v2\/posts\/21953\/revisions"}],"wp:featuredmedia":[{"embeddable":true,"href":"https:\/\/jornaldasoficinas.com\/pt\/wp-json\/wp\/v2\/media\/21908"}],"wp:attachment":[{"href":"https:\/\/jornaldasoficinas.com\/pt\/wp-json\/wp\/v2\/media?parent=21953"}],"wp:term":[{"taxonomy":"category","embeddable":true,"href":"https:\/\/jornaldasoficinas.com\/pt\/wp-json\/wp\/v2\/categories?post=21953"},{"taxonomy":"post_tag","embeddable":true,"href":"https:\/\/jornaldasoficinas.com\/pt\/wp-json\/wp\/v2\/tags?post=21953"}],"curies":[{"name":"wp","href":"https:\/\/api.w.org\/{rel}","templated":true}]}}