{"id":21992,"date":"2021-06-16T15:00:51","date_gmt":"2021-06-16T14:00:51","guid":{"rendered":"https:\/\/jornaldasoficinas.com\/pt\/?p=21992"},"modified":"2021-06-16T16:31:26","modified_gmt":"2021-06-16T15:31:26","slug":"compartilhar-valores-nas-oficinas","status":"publish","type":"post","link":"https:\/\/jornaldasoficinas.com\/pt\/compartilhar-valores-nas-oficinas\/","title":{"rendered":"Compartilhar valores nas oficinas"},"content":{"rendered":"<p><strong><img loading=\"lazy\" decoding=\"async\" class=\"alignnone wp-image-21988 size-full\" src=\"https:\/\/jornaldasoficinas.com\/pt\/wp-content\/uploads\/2021\/06\/compartilhar-valores.jpeg\" alt=\"06 - compartilhar-valores\" width=\"1024\" height=\"581\" srcset=\"https:\/\/jornaldasoficinas.com\/pt\/wp-content\/uploads\/2021\/06\/compartilhar-valores.jpeg 1024w, https:\/\/jornaldasoficinas.com\/pt\/wp-content\/uploads\/2021\/06\/compartilhar-valores-300x170.jpeg 300w, https:\/\/jornaldasoficinas.com\/pt\/wp-content\/uploads\/2021\/06\/compartilhar-valores-150x85.jpeg 150w, https:\/\/jornaldasoficinas.com\/pt\/wp-content\/uploads\/2021\/06\/compartilhar-valores-768x436.jpeg 768w\" sizes=\"auto, (max-width: 1024px) 100vw, 1024px\" \/><\/strong><\/p>\n<p><strong>A cultura refere-se a um local de trabalho onde todos os membros da equipa se sentem valorizados e respeitados. Podemos ter uma boa cultura no setor das oficinas independentes? A resposta \u00e9 sim.<\/strong><\/p>\n<p>Nos dias de hoje, com um mercado cada vez mais competitivo, trabalhar em prol da evolu\u00e7\u00e3o no funcionamento interno da empresa \u00e9 fundamental para todo o gestor. Uma forma eficiente de alcan\u00e7ar esse objetivo \u00e9 implementando uma cultura empresarial. Como o conseguimos? N\u00e3o basta proporcionar festas de Natal, b\u00f3nus de fim de ano ou pequenos-almo\u00e7os numa sexta-feira. Estas coisas s\u00e3o importantes, mas n\u00e3o chegam. O gestor deve ter uma vis\u00e3o. Isto ir\u00e1 defini-lo, \u00e0 sua paix\u00e3o e aos seus valores, e todos os membros da equipa t\u00eam de corresponder \u00e0 sua \u00e9tica de trabalho e ao seu compromisso para com os clientes. \u00c9 vital que tenha uma boa cultura empresarial, se quiser que os seus funcion\u00e1rios deem o seu melhor e tenham uma vis\u00e3o que defina padr\u00f5es. O nosso setor evolui diariamente. Ningu\u00e9m pode dizer que \u00e9 totalmente qualificado, seja em que fun\u00e7\u00e3o for, pois existe sempre algo a aprender. O gestor deve dar o seu melhor para que os seus funcion\u00e1rios continuem a aprender, oferecer-lhes todas as oportunidades que possa para receberem forma\u00e7\u00e3o e adquirirem novas compet\u00eancias. Afinal, \u00e9 para seu pr\u00f3prio benef\u00edcio.<\/p>\n<p><strong>Autonomia<br \/>\n<\/strong>Crie condi\u00e7\u00f5es que d\u00ea autonomia aos funcion\u00e1rios, pe\u00e7a que definam os seus pr\u00f3prios objetivos, o que ir\u00e1 capacit\u00e1-los. \u00c9 mais prov\u00e1vel que os funcion\u00e1rios se esforcem por atingir objetivos que eles pr\u00f3prios estabeleceram do que aqueles que lhes s\u00e3o impostos.<br \/>\nQuando as pessoas s\u00e3o reconhecidas pelo que fazem e entendem o impacto das suas atividades, sentem-se motivadas a fazer cada vez mais. Num ambiente com a cultur a bem desenvolvida a motiva\u00e7\u00e3o aumenta e progride.<\/p>\n<p><strong>Escute<br \/>\n<\/strong>Os seus funcion\u00e1rios executam as respetivas fun\u00e7\u00f5es diariamente. S\u00e3o quem est\u00e1 na linha da frente, quem possui mais conhecimentos quanto aos procedimentos e quanto ao que resulta e ao que n\u00e3o resulta. Escute as suas opini\u00f5es. Como gerente, nem sempre sabe o que \u00e9 melhor. Adote as suas ideias e pontos de vista e permita-lhes alcan\u00e7ar o seu pleno potencial. Isso n\u00e3o s\u00f3 os far\u00e1 sentirem-se valorizados, mas pode poupar-lhe tempo e dinheiro no processo.<\/p>\n<p><strong>Erros<br \/>\n<\/strong>Acontecem, somos todos humanos. A forma como lidamos com eles \u00e9 crucial. Quer que os seus funcion\u00e1rios tenham receio de assumir os erros que cometem e os tentem esconder? Em alternativa, pode realizar um encontro\/reuni\u00e3o para os seus funcion\u00e1rios serem abertos e honestos acerca dos erros que cometem e utilizar essas ocasi\u00f5es como oportunidades para aprender e n\u00e3o para criticar ou culpar. Isto ir\u00e1 incentivar a sua equipa a empenhar-se mais. Esteja ciente de que cada um tem as suas pr\u00f3prias \u00e1reas de especializa\u00e7\u00e3o, pontos fortes e fracos e incentive a sua equipa a pedir ajuda.<\/p>\n<p><strong>Quem se \u00e9 na verdade<br \/>\n<\/strong>Ao possuir uma boa cultura, os funcion\u00e1rios rapidamente mostram quem s\u00e3o na verdade. A pergunta que tem de fazer a si pr\u00f3prio \u00e9 se quer um funcion\u00e1rio que, no papel, possui todas as compet\u00eancias certas, mas que tem uma abordagem negativa, ou se quer um funcion\u00e1rio que se enquadre na sua cultura? \u00c9 poss\u00edvel aprender novas compet\u00eancias, mas n\u00e3o \u00e9 poss\u00edvel alterar a mentalidade de uma pessoa. S\u00f3 ela pode. Se n\u00e3o puder confiar em algu\u00e9m para fazer o trabalho para o qual foi contratado, ent\u00e3o tem a pessoa errada. Defina par\u00e2metros, processos e medidas.<\/p>\n<p><strong>Benef\u00edcios da cultura empresarial<br \/>\n<\/strong>\u00c0 medida que a cultura se constr\u00f3i, as pessoas assumem a responsabilidade tamb\u00e9m pelos custos, ou seja, passam a pensar no todo e dessa forma os custos diminuem. Uma cultura que envolve profundamente as pessoas \u00e9 muito mais produtiva e com maior produtividade, tamb\u00e9m aumentam as vendas e os resultados. A maioria dos clientes est\u00e1 sintonizada com a cultura dos fornecedores e percebem quando as coisas est\u00e3o funcionando bem e quando n\u00e3o est\u00e3o. Com a cultura, todos aprendem a relacionar-se melhor, e quando os clientes gostam de relacionar-se com uma empresa querem fazer neg\u00f3cio com ela. A cultura melhora as rela\u00e7\u00f5es entre as pessoas, equipas e departamentos. Da mesma forma que melhora a comunica\u00e7\u00e3o entre todos, aumentando assim a coopera\u00e7\u00e3o e desenvolvendo o trabalho em equipa. Quando se trabalha numa empresa com cultura empresarial desenvolvida e estruturada, a satisfa\u00e7\u00e3o dos colaboradores fica evidente no dia a dia e ela est\u00e1 de m\u00e3os dadas com o desempenho e o sucesso. l<\/p>\n","protected":false},"excerpt":{"rendered":"<p>A cultura refere-se a um local&#8230;<\/p>\n","protected":false},"author":15,"featured_media":21988,"comment_status":"closed","ping_status":"closed","sticky":false,"template":"","format":"standard","meta":{"footnotes":""},"categories":[37],"tags":[],"class_list":["post-21992","post","type-post","status-publish","format-standard","has-post-thumbnail","hentry","category-mercado"],"yoast_head":"<!-- This site is optimized with the Yoast SEO plugin v27.4 - https:\/\/yoast.com\/product\/yoast-seo-wordpress\/ -->\n<title>Compartilhar valores nas oficinas - Jornal das Oficinas<\/title>\n<meta name=\"robots\" content=\"index, follow, max-snippet:-1, max-image-preview:large, max-video-preview:-1\" \/>\n<link rel=\"canonical\" href=\"https:\/\/jornaldasoficinas.com\/pt\/compartilhar-valores-nas-oficinas\/\" \/>\n<meta property=\"og:locale\" content=\"pt_PT\" \/>\n<meta property=\"og:type\" content=\"article\" \/>\n<meta property=\"og:title\" content=\"Compartilhar valores nas oficinas - Jornal das Oficinas\" \/>\n<meta property=\"og:description\" content=\"A cultura refere-se a um local...\" \/>\n<meta property=\"og:url\" content=\"https:\/\/jornaldasoficinas.com\/pt\/compartilhar-valores-nas-oficinas\/\" \/>\n<meta property=\"og:site_name\" content=\"Jornal das Oficinas\" \/>\n<meta property=\"article:publisher\" content=\"https:\/\/www.facebook.com\/jornaloficinas\" \/>\n<meta property=\"article:published_time\" content=\"2021-06-16T14:00:51+00:00\" \/>\n<meta property=\"article:modified_time\" content=\"2021-06-16T15:31:26+00:00\" \/>\n<meta property=\"og:image\" content=\"https:\/\/jornaldasoficinas.com\/pt\/wp-content\/uploads\/2021\/06\/compartilhar-valores.jpeg\" \/>\n\t<meta property=\"og:image:width\" content=\"1024\" \/>\n\t<meta property=\"og:image:height\" content=\"581\" \/>\n\t<meta property=\"og:image:type\" content=\"image\/jpeg\" \/>\n<meta name=\"author\" content=\"Reda\u00e7\u00e3o JO\" \/>\n<meta name=\"twitter:card\" content=\"summary_large_image\" \/>\n<meta name=\"twitter:creator\" content=\"@jornaloficinas\" \/>\n<meta name=\"twitter:site\" content=\"@jornaloficinas\" \/>\n<meta name=\"twitter:label1\" content=\"Escrito por\" \/>\n\t<meta name=\"twitter:data1\" content=\"Reda\u00e7\u00e3o JO\" \/>\n\t<meta name=\"twitter:label2\" content=\"Tempo estimado de leitura\" \/>\n\t<meta name=\"twitter:data2\" content=\"4 minutos\" \/>\n<script type=\"application\/ld+json\" class=\"yoast-schema-graph\">{\"@context\":\"https:\\\/\\\/schema.org\",\"@graph\":[{\"@type\":\"Article\",\"@id\":\"https:\\\/\\\/jornaldasoficinas.com\\\/pt\\\/compartilhar-valores-nas-oficinas\\\/#article\",\"isPartOf\":{\"@id\":\"https:\\\/\\\/jornaldasoficinas.com\\\/pt\\\/compartilhar-valores-nas-oficinas\\\/\"},\"author\":{\"name\":\"Reda\u00e7\u00e3o JO\",\"@id\":\"https:\\\/\\\/jornaldasoficinas.com\\\/pt\\\/#\\\/schema\\\/person\\\/a38eef5de2c41d9e7c9ac10141afddf3\"},\"headline\":\"Compartilhar valores nas oficinas\",\"datePublished\":\"2021-06-16T14:00:51+00:00\",\"dateModified\":\"2021-06-16T15:31:26+00:00\",\"mainEntityOfPage\":{\"@id\":\"https:\\\/\\\/jornaldasoficinas.com\\\/pt\\\/compartilhar-valores-nas-oficinas\\\/\"},\"wordCount\":790,\"publisher\":{\"@id\":\"https:\\\/\\\/jornaldasoficinas.com\\\/pt\\\/#organization\"},\"image\":{\"@id\":\"https:\\\/\\\/jornaldasoficinas.com\\\/pt\\\/compartilhar-valores-nas-oficinas\\\/#primaryimage\"},\"thumbnailUrl\":\"https:\\\/\\\/jornaldasoficinas.com\\\/pt\\\/wp-content\\\/uploads\\\/2021\\\/06\\\/compartilhar-valores.jpeg\",\"articleSection\":[\"Mercado\"],\"inLanguage\":\"pt-PT\"},{\"@type\":\"WebPage\",\"@id\":\"https:\\\/\\\/jornaldasoficinas.com\\\/pt\\\/compartilhar-valores-nas-oficinas\\\/\",\"url\":\"https:\\\/\\\/jornaldasoficinas.com\\\/pt\\\/compartilhar-valores-nas-oficinas\\\/\",\"name\":\"Compartilhar valores nas oficinas - Jornal das Oficinas\",\"isPartOf\":{\"@id\":\"https:\\\/\\\/jornaldasoficinas.com\\\/pt\\\/#website\"},\"primaryImageOfPage\":{\"@id\":\"https:\\\/\\\/jornaldasoficinas.com\\\/pt\\\/compartilhar-valores-nas-oficinas\\\/#primaryimage\"},\"image\":{\"@id\":\"https:\\\/\\\/jornaldasoficinas.com\\\/pt\\\/compartilhar-valores-nas-oficinas\\\/#primaryimage\"},\"thumbnailUrl\":\"https:\\\/\\\/jornaldasoficinas.com\\\/pt\\\/wp-content\\\/uploads\\\/2021\\\/06\\\/compartilhar-valores.jpeg\",\"datePublished\":\"2021-06-16T14:00:51+00:00\",\"dateModified\":\"2021-06-16T15:31:26+00:00\",\"breadcrumb\":{\"@id\":\"https:\\\/\\\/jornaldasoficinas.com\\\/pt\\\/compartilhar-valores-nas-oficinas\\\/#breadcrumb\"},\"inLanguage\":\"pt-PT\",\"potentialAction\":[{\"@type\":\"ReadAction\",\"target\":[\"https:\\\/\\\/jornaldasoficinas.com\\\/pt\\\/compartilhar-valores-nas-oficinas\\\/\"]}]},{\"@type\":\"ImageObject\",\"inLanguage\":\"pt-PT\",\"@id\":\"https:\\\/\\\/jornaldasoficinas.com\\\/pt\\\/compartilhar-valores-nas-oficinas\\\/#primaryimage\",\"url\":\"https:\\\/\\\/jornaldasoficinas.com\\\/pt\\\/wp-content\\\/uploads\\\/2021\\\/06\\\/compartilhar-valores.jpeg\",\"contentUrl\":\"https:\\\/\\\/jornaldasoficinas.com\\\/pt\\\/wp-content\\\/uploads\\\/2021\\\/06\\\/compartilhar-valores.jpeg\",\"width\":1024,\"height\":581,\"caption\":\"06 - compartilhar-valores\"},{\"@type\":\"BreadcrumbList\",\"@id\":\"https:\\\/\\\/jornaldasoficinas.com\\\/pt\\\/compartilhar-valores-nas-oficinas\\\/#breadcrumb\",\"itemListElement\":[{\"@type\":\"ListItem\",\"position\":1,\"name\":\"In\u00edcio\",\"item\":\"https:\\\/\\\/jornaldasoficinas.com\\\/pt\\\/\"},{\"@type\":\"ListItem\",\"position\":2,\"name\":\"Compartilhar valores nas oficinas\"}]},{\"@type\":\"WebSite\",\"@id\":\"https:\\\/\\\/jornaldasoficinas.com\\\/pt\\\/#website\",\"url\":\"https:\\\/\\\/jornaldasoficinas.com\\\/pt\\\/\",\"name\":\"Jornal das Oficinas\",\"description\":\"Jornal independente do Aftermarket Autom\u00f3vel em Portugal\",\"publisher\":{\"@id\":\"https:\\\/\\\/jornaldasoficinas.com\\\/pt\\\/#organization\"},\"potentialAction\":[{\"@type\":\"SearchAction\",\"target\":{\"@type\":\"EntryPoint\",\"urlTemplate\":\"https:\\\/\\\/jornaldasoficinas.com\\\/pt\\\/?s={search_term_string}\"},\"query-input\":{\"@type\":\"PropertyValueSpecification\",\"valueRequired\":true,\"valueName\":\"search_term_string\"}}],\"inLanguage\":\"pt-PT\"},{\"@type\":\"Organization\",\"@id\":\"https:\\\/\\\/jornaldasoficinas.com\\\/pt\\\/#organization\",\"name\":\"Jornal das Oficinas\",\"url\":\"https:\\\/\\\/jornaldasoficinas.com\\\/pt\\\/\",\"logo\":{\"@type\":\"ImageObject\",\"inLanguage\":\"pt-PT\",\"@id\":\"https:\\\/\\\/jornaldasoficinas.com\\\/pt\\\/#\\\/schema\\\/logo\\\/image\\\/\",\"url\":\"https:\\\/\\\/jornaldasoficinas.com\\\/pt\\\/wp-content\\\/uploads\\\/logoJO-SEO.png\",\"contentUrl\":\"https:\\\/\\\/jornaldasoficinas.com\\\/pt\\\/wp-content\\\/uploads\\\/logoJO-SEO.png\",\"width\":285,\"height\":450,\"caption\":\"Jornal das Oficinas\"},\"image\":{\"@id\":\"https:\\\/\\\/jornaldasoficinas.com\\\/pt\\\/#\\\/schema\\\/logo\\\/image\\\/\"},\"sameAs\":[\"https:\\\/\\\/www.facebook.com\\\/jornaloficinas\",\"https:\\\/\\\/x.com\\\/jornaloficinas\",\"https:\\\/\\\/www.instagram.com\\\/jornal_oficinas\\\/\",\"https:\\\/\\\/www.linkedin.com\\\/company\\\/jornal-das-oficinas\\\/\",\"https:\\\/\\\/www.youtube.com\\\/channel\\\/UCbQZBqtcvV-oSQrr7RzINGg\"]},{\"@type\":\"Person\",\"@id\":\"https:\\\/\\\/jornaldasoficinas.com\\\/pt\\\/#\\\/schema\\\/person\\\/a38eef5de2c41d9e7c9ac10141afddf3\",\"name\":\"Reda\u00e7\u00e3o JO\",\"image\":{\"@type\":\"ImageObject\",\"inLanguage\":\"pt-PT\",\"@id\":\"https:\\\/\\\/secure.gravatar.com\\\/avatar\\\/71f2fa71737ad68a84fea94bc708ddac8ea5b0c4788dc2ad202f3ccb2887742f?s=96&d=wp_user_avatar&r=g\",\"url\":\"https:\\\/\\\/secure.gravatar.com\\\/avatar\\\/71f2fa71737ad68a84fea94bc708ddac8ea5b0c4788dc2ad202f3ccb2887742f?s=96&d=wp_user_avatar&r=g\",\"contentUrl\":\"https:\\\/\\\/secure.gravatar.com\\\/avatar\\\/71f2fa71737ad68a84fea94bc708ddac8ea5b0c4788dc2ad202f3ccb2887742f?s=96&d=wp_user_avatar&r=g\",\"caption\":\"Reda\u00e7\u00e3o JO\"},\"url\":\"https:\\\/\\\/jornaldasoficinas.com\\\/pt\\\/author\\\/joredacao\\\/\"}]}<\/script>\n<!-- \/ Yoast SEO plugin. -->","yoast_head_json":{"title":"Compartilhar valores nas oficinas - Jornal das Oficinas","robots":{"index":"index","follow":"follow","max-snippet":"max-snippet:-1","max-image-preview":"max-image-preview:large","max-video-preview":"max-video-preview:-1"},"canonical":"https:\/\/jornaldasoficinas.com\/pt\/compartilhar-valores-nas-oficinas\/","og_locale":"pt_PT","og_type":"article","og_title":"Compartilhar valores nas oficinas - Jornal das Oficinas","og_description":"A cultura refere-se a um local...","og_url":"https:\/\/jornaldasoficinas.com\/pt\/compartilhar-valores-nas-oficinas\/","og_site_name":"Jornal das Oficinas","article_publisher":"https:\/\/www.facebook.com\/jornaloficinas","article_published_time":"2021-06-16T14:00:51+00:00","article_modified_time":"2021-06-16T15:31:26+00:00","og_image":[{"width":1024,"height":581,"url":"https:\/\/jornaldasoficinas.com\/pt\/wp-content\/uploads\/2021\/06\/compartilhar-valores.jpeg","type":"image\/jpeg"}],"author":"Reda\u00e7\u00e3o JO","twitter_card":"summary_large_image","twitter_creator":"@jornaloficinas","twitter_site":"@jornaloficinas","twitter_misc":{"Escrito por":"Reda\u00e7\u00e3o JO","Tempo estimado de leitura":"4 minutos"},"schema":{"@context":"https:\/\/schema.org","@graph":[{"@type":"Article","@id":"https:\/\/jornaldasoficinas.com\/pt\/compartilhar-valores-nas-oficinas\/#article","isPartOf":{"@id":"https:\/\/jornaldasoficinas.com\/pt\/compartilhar-valores-nas-oficinas\/"},"author":{"name":"Reda\u00e7\u00e3o JO","@id":"https:\/\/jornaldasoficinas.com\/pt\/#\/schema\/person\/a38eef5de2c41d9e7c9ac10141afddf3"},"headline":"Compartilhar valores nas oficinas","datePublished":"2021-06-16T14:00:51+00:00","dateModified":"2021-06-16T15:31:26+00:00","mainEntityOfPage":{"@id":"https:\/\/jornaldasoficinas.com\/pt\/compartilhar-valores-nas-oficinas\/"},"wordCount":790,"publisher":{"@id":"https:\/\/jornaldasoficinas.com\/pt\/#organization"},"image":{"@id":"https:\/\/jornaldasoficinas.com\/pt\/compartilhar-valores-nas-oficinas\/#primaryimage"},"thumbnailUrl":"https:\/\/jornaldasoficinas.com\/pt\/wp-content\/uploads\/2021\/06\/compartilhar-valores.jpeg","articleSection":["Mercado"],"inLanguage":"pt-PT"},{"@type":"WebPage","@id":"https:\/\/jornaldasoficinas.com\/pt\/compartilhar-valores-nas-oficinas\/","url":"https:\/\/jornaldasoficinas.com\/pt\/compartilhar-valores-nas-oficinas\/","name":"Compartilhar valores nas oficinas - Jornal das Oficinas","isPartOf":{"@id":"https:\/\/jornaldasoficinas.com\/pt\/#website"},"primaryImageOfPage":{"@id":"https:\/\/jornaldasoficinas.com\/pt\/compartilhar-valores-nas-oficinas\/#primaryimage"},"image":{"@id":"https:\/\/jornaldasoficinas.com\/pt\/compartilhar-valores-nas-oficinas\/#primaryimage"},"thumbnailUrl":"https:\/\/jornaldasoficinas.com\/pt\/wp-content\/uploads\/2021\/06\/compartilhar-valores.jpeg","datePublished":"2021-06-16T14:00:51+00:00","dateModified":"2021-06-16T15:31:26+00:00","breadcrumb":{"@id":"https:\/\/jornaldasoficinas.com\/pt\/compartilhar-valores-nas-oficinas\/#breadcrumb"},"inLanguage":"pt-PT","potentialAction":[{"@type":"ReadAction","target":["https:\/\/jornaldasoficinas.com\/pt\/compartilhar-valores-nas-oficinas\/"]}]},{"@type":"ImageObject","inLanguage":"pt-PT","@id":"https:\/\/jornaldasoficinas.com\/pt\/compartilhar-valores-nas-oficinas\/#primaryimage","url":"https:\/\/jornaldasoficinas.com\/pt\/wp-content\/uploads\/2021\/06\/compartilhar-valores.jpeg","contentUrl":"https:\/\/jornaldasoficinas.com\/pt\/wp-content\/uploads\/2021\/06\/compartilhar-valores.jpeg","width":1024,"height":581,"caption":"06 - compartilhar-valores"},{"@type":"BreadcrumbList","@id":"https:\/\/jornaldasoficinas.com\/pt\/compartilhar-valores-nas-oficinas\/#breadcrumb","itemListElement":[{"@type":"ListItem","position":1,"name":"In\u00edcio","item":"https:\/\/jornaldasoficinas.com\/pt\/"},{"@type":"ListItem","position":2,"name":"Compartilhar valores nas oficinas"}]},{"@type":"WebSite","@id":"https:\/\/jornaldasoficinas.com\/pt\/#website","url":"https:\/\/jornaldasoficinas.com\/pt\/","name":"Jornal das Oficinas","description":"Jornal independente do Aftermarket Autom\u00f3vel em Portugal","publisher":{"@id":"https:\/\/jornaldasoficinas.com\/pt\/#organization"},"potentialAction":[{"@type":"SearchAction","target":{"@type":"EntryPoint","urlTemplate":"https:\/\/jornaldasoficinas.com\/pt\/?s={search_term_string}"},"query-input":{"@type":"PropertyValueSpecification","valueRequired":true,"valueName":"search_term_string"}}],"inLanguage":"pt-PT"},{"@type":"Organization","@id":"https:\/\/jornaldasoficinas.com\/pt\/#organization","name":"Jornal das Oficinas","url":"https:\/\/jornaldasoficinas.com\/pt\/","logo":{"@type":"ImageObject","inLanguage":"pt-PT","@id":"https:\/\/jornaldasoficinas.com\/pt\/#\/schema\/logo\/image\/","url":"https:\/\/jornaldasoficinas.com\/pt\/wp-content\/uploads\/logoJO-SEO.png","contentUrl":"https:\/\/jornaldasoficinas.com\/pt\/wp-content\/uploads\/logoJO-SEO.png","width":285,"height":450,"caption":"Jornal das Oficinas"},"image":{"@id":"https:\/\/jornaldasoficinas.com\/pt\/#\/schema\/logo\/image\/"},"sameAs":["https:\/\/www.facebook.com\/jornaloficinas","https:\/\/x.com\/jornaloficinas","https:\/\/www.instagram.com\/jornal_oficinas\/","https:\/\/www.linkedin.com\/company\/jornal-das-oficinas\/","https:\/\/www.youtube.com\/channel\/UCbQZBqtcvV-oSQrr7RzINGg"]},{"@type":"Person","@id":"https:\/\/jornaldasoficinas.com\/pt\/#\/schema\/person\/a38eef5de2c41d9e7c9ac10141afddf3","name":"Reda\u00e7\u00e3o JO","image":{"@type":"ImageObject","inLanguage":"pt-PT","@id":"https:\/\/secure.gravatar.com\/avatar\/71f2fa71737ad68a84fea94bc708ddac8ea5b0c4788dc2ad202f3ccb2887742f?s=96&d=wp_user_avatar&r=g","url":"https:\/\/secure.gravatar.com\/avatar\/71f2fa71737ad68a84fea94bc708ddac8ea5b0c4788dc2ad202f3ccb2887742f?s=96&d=wp_user_avatar&r=g","contentUrl":"https:\/\/secure.gravatar.com\/avatar\/71f2fa71737ad68a84fea94bc708ddac8ea5b0c4788dc2ad202f3ccb2887742f?s=96&d=wp_user_avatar&r=g","caption":"Reda\u00e7\u00e3o JO"},"url":"https:\/\/jornaldasoficinas.com\/pt\/author\/joredacao\/"}]}},"_links":{"self":[{"href":"https:\/\/jornaldasoficinas.com\/pt\/wp-json\/wp\/v2\/posts\/21992","targetHints":{"allow":["GET"]}}],"collection":[{"href":"https:\/\/jornaldasoficinas.com\/pt\/wp-json\/wp\/v2\/posts"}],"about":[{"href":"https:\/\/jornaldasoficinas.com\/pt\/wp-json\/wp\/v2\/types\/post"}],"author":[{"embeddable":true,"href":"https:\/\/jornaldasoficinas.com\/pt\/wp-json\/wp\/v2\/users\/15"}],"replies":[{"embeddable":true,"href":"https:\/\/jornaldasoficinas.com\/pt\/wp-json\/wp\/v2\/comments?post=21992"}],"version-history":[{"count":0,"href":"https:\/\/jornaldasoficinas.com\/pt\/wp-json\/wp\/v2\/posts\/21992\/revisions"}],"wp:featuredmedia":[{"embeddable":true,"href":"https:\/\/jornaldasoficinas.com\/pt\/wp-json\/wp\/v2\/media\/21988"}],"wp:attachment":[{"href":"https:\/\/jornaldasoficinas.com\/pt\/wp-json\/wp\/v2\/media?parent=21992"}],"wp:term":[{"taxonomy":"category","embeddable":true,"href":"https:\/\/jornaldasoficinas.com\/pt\/wp-json\/wp\/v2\/categories?post=21992"},{"taxonomy":"post_tag","embeddable":true,"href":"https:\/\/jornaldasoficinas.com\/pt\/wp-json\/wp\/v2\/tags?post=21992"}],"curies":[{"name":"wp","href":"https:\/\/api.w.org\/{rel}","templated":true}]}}