{"id":22099,"date":"2021-06-23T08:00:42","date_gmt":"2021-06-23T07:00:42","guid":{"rendered":"https:\/\/jornaldasoficinas.com\/pt\/?p=22099"},"modified":"2021-06-24T22:00:46","modified_gmt":"2021-06-24T21:00:46","slug":"bilstein-group-patrocina-campeonato-de-portugal-de-novas-energias-2021","status":"publish","type":"post","link":"https:\/\/jornaldasoficinas.com\/pt\/bilstein-group-patrocina-campeonato-de-portugal-de-novas-energias-2021\/","title":{"rendered":"bilstein group patrocina Campeonato de Portugal de Novas Energias 2021"},"content":{"rendered":"<p><strong><img loading=\"lazy\" decoding=\"async\" class=\"alignnone wp-image-22096 size-full\" src=\"https:\/\/jornaldasoficinas.com\/pt\/wp-content\/uploads\/2021\/06\/bilstein-group-patrocina.jpeg\" alt=\"06 - bilstein-group-patrocina\" width=\"1024\" height=\"581\" srcset=\"https:\/\/jornaldasoficinas.com\/pt\/wp-content\/uploads\/2021\/06\/bilstein-group-patrocina.jpeg 1024w, https:\/\/jornaldasoficinas.com\/pt\/wp-content\/uploads\/2021\/06\/bilstein-group-patrocina-300x170.jpeg 300w, https:\/\/jornaldasoficinas.com\/pt\/wp-content\/uploads\/2021\/06\/bilstein-group-patrocina-150x85.jpeg 150w, https:\/\/jornaldasoficinas.com\/pt\/wp-content\/uploads\/2021\/06\/bilstein-group-patrocina-768x436.jpeg 768w\" sizes=\"auto, (max-width: 1024px) 100vw, 1024px\" \/><\/strong><\/p>\n<p><strong>O &#8220;Campeonato de Portugal de Novas Energias 2021&#8221; segue o que j\u00e1 tinha sido come\u00e7ado em 2019 com a \u201cTa\u00e7a de Portugal de Novas Energias\u201d e vai disputar, atrav\u00e9s de quatro etapas, provas na modalidade de regularidade com ve\u00edculos totalmente descarbonizados.<\/strong><\/p>\n<p>Aberta a participantes nacionais e estrangeiros, a prova \u00e9 uma iniciativa da Federa\u00e7\u00e3o Portuguesa de Automobilismo e Karting (<a href=\"https:\/\/www.fpak.pt\/\" target=\"_blank\" rel=\"noopener\">FPAK<\/a>) que, com os olhos postos no futuro, pretende, assim, inovar e criar condi\u00e7\u00f5es para uma sociedade sustent\u00e1vel. Orientada pelas denominadas \u201cenergias limpas\u201d, com preocupa\u00e7\u00f5es ambientais e ecol\u00f3gicas, este campeonato \u00e9 inteiramente dedicado a ve\u00edculos de estrada normais, sendo admitidos apenas ve\u00edculos BEV (battery electric vehicle).<\/p>\n<p>Este \u00e9 o primeiro ano que a Federa\u00e7\u00e3o Portuguesa de Automobilismo e Karting (FPAK) promove esta iniciativa a n\u00edvel nacional e internacional com a cria\u00e7\u00e3o de um campeonato composto por 4 provas.<\/p>\n<p>Em 2021, o <a href=\"https:\/\/www.bilsteingroup.com\/pt\/\" target=\"_blank\" rel=\"noopener\">bilstein group<\/a> decidiu marcar presen\u00e7a nesta iniciativa apoiando a dupla Rodolfo Serrano e Andreia Serrano e o seu Tesla Model 3 branco.<\/p>\n<p>O ve\u00edculo da competi\u00e7\u00e3o ter\u00e1 as marcas do bilstein group: febi, SWAG e Blue Print em destaque, assinalando a associa\u00e7\u00e3o do grupo a este evento. O bilstein group est\u00e1 atento \u00e0s novas tend\u00eancias de mercado com particular foco nos ve\u00edculos el\u00e9tricos e componentes associados. Lembre-se que j\u00e1 existe uma gama alargada para v\u00e1rios modelos Tesla mas tamb\u00e9m para outros ve\u00edculos el\u00e9tricos.<\/p>\n<p>Naturalmente que a tend\u00eancia e a ambi\u00e7\u00e3o ser\u00e1 que a aposta em pe\u00e7as e componentes para estes novos ve\u00edculos continue a crescer, sempre a par com as necessidades e a evolu\u00e7\u00e3o do mercado e dos pr\u00f3prios ve\u00edculos.<\/p>\n<p>A primeira prova aconteceu nos dias 18 e 20 de junho no Oeiras Eco Rally, uma prova realizada com o apoio do Munic\u00edpio de Oeiras e insere-se no FIA Electric and New Energy Championship, campeonato organizado, como o pr\u00f3prio nome indica, pela Federa\u00e7\u00e3o Internacional de Automobilismo (FIA), que conta com a realiza\u00e7\u00e3o de outras etapas mundiais.<\/p>\n<p>Segue-se a Eco Race Proen\u00e7a-a-Nova entre os dias 24 e 25 de julho; a Rota N2 Electric nos dias 6 e 7 de novembro e, por fim, o Circuito UVE ainda com data por definir.<\/p>\n<p>De acordo com a Federa\u00e7\u00e3o Portuguesa de Automobilismo e Karting, \u201cO automobilismo portugu\u00eas vai escrever mais uma importante p\u00e1gina na sua hist\u00f3ria com a realiza\u00e7\u00e3o, este ano, de um campeonato nacional 100% el\u00e9trico.\u201d<\/p>\n<p>Todos os detalhes da iniciativa podem ser consultados <a href=\"http:\/\/www.cpnovasenergias.pt\/\" target=\"_blank\" rel=\"noopener\"><strong>aqui<\/strong><\/a><\/p>\n","protected":false},"excerpt":{"rendered":"<p>O &#8220;Campeonato de Portugal de Novas&#8230;<\/p>\n","protected":false},"author":15,"featured_media":22096,"comment_status":"closed","ping_status":"closed","sticky":false,"template":"","format":"standard","meta":{"footnotes":""},"categories":[29],"tags":[1012],"class_list":["post-22099","post","type-post","status-publish","format-standard","has-post-thumbnail","hentry","category-empresas","tag-bilstein"],"yoast_head":"<!-- This site is optimized with the Yoast SEO plugin v27.4 - https:\/\/yoast.com\/product\/yoast-seo-wordpress\/ -->\n<title>bilstein group patrocina Campeonato de Portugal de Novas Energias 2021 - Jornal das Oficinas<\/title>\n<meta name=\"description\" content=\"O &quot;Campeonato de Portugal de Novas Energias 2021&quot; vai disputar, atrav\u00e9s de quatro etapas, provas na modalidade de regularidade com ve\u00edculos totalmente descarbonizados\" \/>\n<meta name=\"robots\" content=\"index, follow, max-snippet:-1, max-image-preview:large, max-video-preview:-1\" \/>\n<link rel=\"canonical\" href=\"https:\/\/jornaldasoficinas.com\/pt\/bilstein-group-patrocina-campeonato-de-portugal-de-novas-energias-2021\/\" \/>\n<meta property=\"og:locale\" content=\"pt_PT\" \/>\n<meta property=\"og:type\" content=\"article\" \/>\n<meta property=\"og:title\" content=\"bilstein group patrocina Campeonato de Portugal de Novas Energias 2021 - Jornal das Oficinas\" \/>\n<meta property=\"og:description\" content=\"O &quot;Campeonato de Portugal de Novas Energias 2021&quot; vai disputar, atrav\u00e9s de quatro etapas, provas na modalidade de regularidade com ve\u00edculos totalmente descarbonizados\" \/>\n<meta property=\"og:url\" content=\"https:\/\/jornaldasoficinas.com\/pt\/bilstein-group-patrocina-campeonato-de-portugal-de-novas-energias-2021\/\" \/>\n<meta property=\"og:site_name\" content=\"Jornal das Oficinas\" \/>\n<meta property=\"article:publisher\" content=\"https:\/\/www.facebook.com\/jornaloficinas\" \/>\n<meta property=\"article:published_time\" content=\"2021-06-23T07:00:42+00:00\" \/>\n<meta property=\"article:modified_time\" content=\"2021-06-24T21:00:46+00:00\" \/>\n<meta property=\"og:image\" content=\"https:\/\/jornaldasoficinas.com\/pt\/wp-content\/uploads\/2021\/06\/bilstein-group-patrocina.jpeg\" \/>\n\t<meta property=\"og:image:width\" content=\"1024\" \/>\n\t<meta property=\"og:image:height\" content=\"581\" \/>\n\t<meta property=\"og:image:type\" content=\"image\/jpeg\" \/>\n<meta name=\"author\" content=\"Reda\u00e7\u00e3o JO\" \/>\n<meta name=\"twitter:card\" content=\"summary_large_image\" \/>\n<meta name=\"twitter:creator\" content=\"@jornaloficinas\" \/>\n<meta name=\"twitter:site\" content=\"@jornaloficinas\" \/>\n<meta name=\"twitter:label1\" content=\"Escrito por\" \/>\n\t<meta name=\"twitter:data1\" content=\"Reda\u00e7\u00e3o JO\" \/>\n\t<meta name=\"twitter:label2\" content=\"Tempo estimado de leitura\" \/>\n\t<meta name=\"twitter:data2\" content=\"2 minutos\" \/>\n<script type=\"application\/ld+json\" class=\"yoast-schema-graph\">{\"@context\":\"https:\\\/\\\/schema.org\",\"@graph\":[{\"@type\":\"Article\",\"@id\":\"https:\\\/\\\/jornaldasoficinas.com\\\/pt\\\/bilstein-group-patrocina-campeonato-de-portugal-de-novas-energias-2021\\\/#article\",\"isPartOf\":{\"@id\":\"https:\\\/\\\/jornaldasoficinas.com\\\/pt\\\/bilstein-group-patrocina-campeonato-de-portugal-de-novas-energias-2021\\\/\"},\"author\":{\"name\":\"Reda\u00e7\u00e3o JO\",\"@id\":\"https:\\\/\\\/jornaldasoficinas.com\\\/pt\\\/#\\\/schema\\\/person\\\/a38eef5de2c41d9e7c9ac10141afddf3\"},\"headline\":\"bilstein group patrocina Campeonato de Portugal de Novas Energias 2021\",\"datePublished\":\"2021-06-23T07:00:42+00:00\",\"dateModified\":\"2021-06-24T21:00:46+00:00\",\"mainEntityOfPage\":{\"@id\":\"https:\\\/\\\/jornaldasoficinas.com\\\/pt\\\/bilstein-group-patrocina-campeonato-de-portugal-de-novas-energias-2021\\\/\"},\"wordCount\":430,\"publisher\":{\"@id\":\"https:\\\/\\\/jornaldasoficinas.com\\\/pt\\\/#organization\"},\"image\":{\"@id\":\"https:\\\/\\\/jornaldasoficinas.com\\\/pt\\\/bilstein-group-patrocina-campeonato-de-portugal-de-novas-energias-2021\\\/#primaryimage\"},\"thumbnailUrl\":\"https:\\\/\\\/jornaldasoficinas.com\\\/pt\\\/wp-content\\\/uploads\\\/2021\\\/06\\\/bilstein-group-patrocina.jpeg\",\"keywords\":[\"Bilstein\"],\"articleSection\":[\"Empresas\"],\"inLanguage\":\"pt-PT\"},{\"@type\":\"WebPage\",\"@id\":\"https:\\\/\\\/jornaldasoficinas.com\\\/pt\\\/bilstein-group-patrocina-campeonato-de-portugal-de-novas-energias-2021\\\/\",\"url\":\"https:\\\/\\\/jornaldasoficinas.com\\\/pt\\\/bilstein-group-patrocina-campeonato-de-portugal-de-novas-energias-2021\\\/\",\"name\":\"bilstein group patrocina Campeonato de Portugal de Novas Energias 2021 - Jornal das Oficinas\",\"isPartOf\":{\"@id\":\"https:\\\/\\\/jornaldasoficinas.com\\\/pt\\\/#website\"},\"primaryImageOfPage\":{\"@id\":\"https:\\\/\\\/jornaldasoficinas.com\\\/pt\\\/bilstein-group-patrocina-campeonato-de-portugal-de-novas-energias-2021\\\/#primaryimage\"},\"image\":{\"@id\":\"https:\\\/\\\/jornaldasoficinas.com\\\/pt\\\/bilstein-group-patrocina-campeonato-de-portugal-de-novas-energias-2021\\\/#primaryimage\"},\"thumbnailUrl\":\"https:\\\/\\\/jornaldasoficinas.com\\\/pt\\\/wp-content\\\/uploads\\\/2021\\\/06\\\/bilstein-group-patrocina.jpeg\",\"datePublished\":\"2021-06-23T07:00:42+00:00\",\"dateModified\":\"2021-06-24T21:00:46+00:00\",\"description\":\"O \\\"Campeonato de Portugal de Novas Energias 2021\\\" vai disputar, atrav\u00e9s de quatro etapas, provas na modalidade de regularidade com ve\u00edculos totalmente descarbonizados\",\"breadcrumb\":{\"@id\":\"https:\\\/\\\/jornaldasoficinas.com\\\/pt\\\/bilstein-group-patrocina-campeonato-de-portugal-de-novas-energias-2021\\\/#breadcrumb\"},\"inLanguage\":\"pt-PT\",\"potentialAction\":[{\"@type\":\"ReadAction\",\"target\":[\"https:\\\/\\\/jornaldasoficinas.com\\\/pt\\\/bilstein-group-patrocina-campeonato-de-portugal-de-novas-energias-2021\\\/\"]}]},{\"@type\":\"ImageObject\",\"inLanguage\":\"pt-PT\",\"@id\":\"https:\\\/\\\/jornaldasoficinas.com\\\/pt\\\/bilstein-group-patrocina-campeonato-de-portugal-de-novas-energias-2021\\\/#primaryimage\",\"url\":\"https:\\\/\\\/jornaldasoficinas.com\\\/pt\\\/wp-content\\\/uploads\\\/2021\\\/06\\\/bilstein-group-patrocina.jpeg\",\"contentUrl\":\"https:\\\/\\\/jornaldasoficinas.com\\\/pt\\\/wp-content\\\/uploads\\\/2021\\\/06\\\/bilstein-group-patrocina.jpeg\",\"width\":1024,\"height\":581,\"caption\":\"06 - bilstein-group-patrocina\"},{\"@type\":\"BreadcrumbList\",\"@id\":\"https:\\\/\\\/jornaldasoficinas.com\\\/pt\\\/bilstein-group-patrocina-campeonato-de-portugal-de-novas-energias-2021\\\/#breadcrumb\",\"itemListElement\":[{\"@type\":\"ListItem\",\"position\":1,\"name\":\"In\u00edcio\",\"item\":\"https:\\\/\\\/jornaldasoficinas.com\\\/pt\\\/\"},{\"@type\":\"ListItem\",\"position\":2,\"name\":\"bilstein group patrocina Campeonato de Portugal de Novas Energias 2021\"}]},{\"@type\":\"WebSite\",\"@id\":\"https:\\\/\\\/jornaldasoficinas.com\\\/pt\\\/#website\",\"url\":\"https:\\\/\\\/jornaldasoficinas.com\\\/pt\\\/\",\"name\":\"Jornal das Oficinas\",\"description\":\"Jornal independente do Aftermarket Autom\u00f3vel em Portugal\",\"publisher\":{\"@id\":\"https:\\\/\\\/jornaldasoficinas.com\\\/pt\\\/#organization\"},\"potentialAction\":[{\"@type\":\"SearchAction\",\"target\":{\"@type\":\"EntryPoint\",\"urlTemplate\":\"https:\\\/\\\/jornaldasoficinas.com\\\/pt\\\/?s={search_term_string}\"},\"query-input\":{\"@type\":\"PropertyValueSpecification\",\"valueRequired\":true,\"valueName\":\"search_term_string\"}}],\"inLanguage\":\"pt-PT\"},{\"@type\":\"Organization\",\"@id\":\"https:\\\/\\\/jornaldasoficinas.com\\\/pt\\\/#organization\",\"name\":\"Jornal das Oficinas\",\"url\":\"https:\\\/\\\/jornaldasoficinas.com\\\/pt\\\/\",\"logo\":{\"@type\":\"ImageObject\",\"inLanguage\":\"pt-PT\",\"@id\":\"https:\\\/\\\/jornaldasoficinas.com\\\/pt\\\/#\\\/schema\\\/logo\\\/image\\\/\",\"url\":\"https:\\\/\\\/jornaldasoficinas.com\\\/pt\\\/wp-content\\\/uploads\\\/logoJO-SEO.png\",\"contentUrl\":\"https:\\\/\\\/jornaldasoficinas.com\\\/pt\\\/wp-content\\\/uploads\\\/logoJO-SEO.png\",\"width\":285,\"height\":450,\"caption\":\"Jornal das Oficinas\"},\"image\":{\"@id\":\"https:\\\/\\\/jornaldasoficinas.com\\\/pt\\\/#\\\/schema\\\/logo\\\/image\\\/\"},\"sameAs\":[\"https:\\\/\\\/www.facebook.com\\\/jornaloficinas\",\"https:\\\/\\\/x.com\\\/jornaloficinas\",\"https:\\\/\\\/www.instagram.com\\\/jornal_oficinas\\\/\",\"https:\\\/\\\/www.linkedin.com\\\/company\\\/jornal-das-oficinas\\\/\",\"https:\\\/\\\/www.youtube.com\\\/channel\\\/UCbQZBqtcvV-oSQrr7RzINGg\"]},{\"@type\":\"Person\",\"@id\":\"https:\\\/\\\/jornaldasoficinas.com\\\/pt\\\/#\\\/schema\\\/person\\\/a38eef5de2c41d9e7c9ac10141afddf3\",\"name\":\"Reda\u00e7\u00e3o JO\",\"image\":{\"@type\":\"ImageObject\",\"inLanguage\":\"pt-PT\",\"@id\":\"https:\\\/\\\/secure.gravatar.com\\\/avatar\\\/71f2fa71737ad68a84fea94bc708ddac8ea5b0c4788dc2ad202f3ccb2887742f?s=96&d=wp_user_avatar&r=g\",\"url\":\"https:\\\/\\\/secure.gravatar.com\\\/avatar\\\/71f2fa71737ad68a84fea94bc708ddac8ea5b0c4788dc2ad202f3ccb2887742f?s=96&d=wp_user_avatar&r=g\",\"contentUrl\":\"https:\\\/\\\/secure.gravatar.com\\\/avatar\\\/71f2fa71737ad68a84fea94bc708ddac8ea5b0c4788dc2ad202f3ccb2887742f?s=96&d=wp_user_avatar&r=g\",\"caption\":\"Reda\u00e7\u00e3o JO\"},\"url\":\"https:\\\/\\\/jornaldasoficinas.com\\\/pt\\\/author\\\/joredacao\\\/\"}]}<\/script>\n<!-- \/ Yoast SEO plugin. -->","yoast_head_json":{"title":"bilstein group patrocina Campeonato de Portugal de Novas Energias 2021 - Jornal das Oficinas","description":"O \"Campeonato de Portugal de Novas Energias 2021\" vai disputar, atrav\u00e9s de quatro etapas, provas na modalidade de regularidade com ve\u00edculos totalmente descarbonizados","robots":{"index":"index","follow":"follow","max-snippet":"max-snippet:-1","max-image-preview":"max-image-preview:large","max-video-preview":"max-video-preview:-1"},"canonical":"https:\/\/jornaldasoficinas.com\/pt\/bilstein-group-patrocina-campeonato-de-portugal-de-novas-energias-2021\/","og_locale":"pt_PT","og_type":"article","og_title":"bilstein group patrocina Campeonato de Portugal de Novas Energias 2021 - Jornal das Oficinas","og_description":"O \"Campeonato de Portugal de Novas Energias 2021\" vai disputar, atrav\u00e9s de quatro etapas, provas na modalidade de regularidade com ve\u00edculos totalmente descarbonizados","og_url":"https:\/\/jornaldasoficinas.com\/pt\/bilstein-group-patrocina-campeonato-de-portugal-de-novas-energias-2021\/","og_site_name":"Jornal das Oficinas","article_publisher":"https:\/\/www.facebook.com\/jornaloficinas","article_published_time":"2021-06-23T07:00:42+00:00","article_modified_time":"2021-06-24T21:00:46+00:00","og_image":[{"width":1024,"height":581,"url":"https:\/\/jornaldasoficinas.com\/pt\/wp-content\/uploads\/2021\/06\/bilstein-group-patrocina.jpeg","type":"image\/jpeg"}],"author":"Reda\u00e7\u00e3o JO","twitter_card":"summary_large_image","twitter_creator":"@jornaloficinas","twitter_site":"@jornaloficinas","twitter_misc":{"Escrito por":"Reda\u00e7\u00e3o JO","Tempo estimado de leitura":"2 minutos"},"schema":{"@context":"https:\/\/schema.org","@graph":[{"@type":"Article","@id":"https:\/\/jornaldasoficinas.com\/pt\/bilstein-group-patrocina-campeonato-de-portugal-de-novas-energias-2021\/#article","isPartOf":{"@id":"https:\/\/jornaldasoficinas.com\/pt\/bilstein-group-patrocina-campeonato-de-portugal-de-novas-energias-2021\/"},"author":{"name":"Reda\u00e7\u00e3o JO","@id":"https:\/\/jornaldasoficinas.com\/pt\/#\/schema\/person\/a38eef5de2c41d9e7c9ac10141afddf3"},"headline":"bilstein group patrocina Campeonato de Portugal de Novas Energias 2021","datePublished":"2021-06-23T07:00:42+00:00","dateModified":"2021-06-24T21:00:46+00:00","mainEntityOfPage":{"@id":"https:\/\/jornaldasoficinas.com\/pt\/bilstein-group-patrocina-campeonato-de-portugal-de-novas-energias-2021\/"},"wordCount":430,"publisher":{"@id":"https:\/\/jornaldasoficinas.com\/pt\/#organization"},"image":{"@id":"https:\/\/jornaldasoficinas.com\/pt\/bilstein-group-patrocina-campeonato-de-portugal-de-novas-energias-2021\/#primaryimage"},"thumbnailUrl":"https:\/\/jornaldasoficinas.com\/pt\/wp-content\/uploads\/2021\/06\/bilstein-group-patrocina.jpeg","keywords":["Bilstein"],"articleSection":["Empresas"],"inLanguage":"pt-PT"},{"@type":"WebPage","@id":"https:\/\/jornaldasoficinas.com\/pt\/bilstein-group-patrocina-campeonato-de-portugal-de-novas-energias-2021\/","url":"https:\/\/jornaldasoficinas.com\/pt\/bilstein-group-patrocina-campeonato-de-portugal-de-novas-energias-2021\/","name":"bilstein group patrocina Campeonato de Portugal de Novas Energias 2021 - Jornal das Oficinas","isPartOf":{"@id":"https:\/\/jornaldasoficinas.com\/pt\/#website"},"primaryImageOfPage":{"@id":"https:\/\/jornaldasoficinas.com\/pt\/bilstein-group-patrocina-campeonato-de-portugal-de-novas-energias-2021\/#primaryimage"},"image":{"@id":"https:\/\/jornaldasoficinas.com\/pt\/bilstein-group-patrocina-campeonato-de-portugal-de-novas-energias-2021\/#primaryimage"},"thumbnailUrl":"https:\/\/jornaldasoficinas.com\/pt\/wp-content\/uploads\/2021\/06\/bilstein-group-patrocina.jpeg","datePublished":"2021-06-23T07:00:42+00:00","dateModified":"2021-06-24T21:00:46+00:00","description":"O \"Campeonato de Portugal de Novas Energias 2021\" vai disputar, atrav\u00e9s de quatro etapas, provas na modalidade de regularidade com ve\u00edculos totalmente descarbonizados","breadcrumb":{"@id":"https:\/\/jornaldasoficinas.com\/pt\/bilstein-group-patrocina-campeonato-de-portugal-de-novas-energias-2021\/#breadcrumb"},"inLanguage":"pt-PT","potentialAction":[{"@type":"ReadAction","target":["https:\/\/jornaldasoficinas.com\/pt\/bilstein-group-patrocina-campeonato-de-portugal-de-novas-energias-2021\/"]}]},{"@type":"ImageObject","inLanguage":"pt-PT","@id":"https:\/\/jornaldasoficinas.com\/pt\/bilstein-group-patrocina-campeonato-de-portugal-de-novas-energias-2021\/#primaryimage","url":"https:\/\/jornaldasoficinas.com\/pt\/wp-content\/uploads\/2021\/06\/bilstein-group-patrocina.jpeg","contentUrl":"https:\/\/jornaldasoficinas.com\/pt\/wp-content\/uploads\/2021\/06\/bilstein-group-patrocina.jpeg","width":1024,"height":581,"caption":"06 - bilstein-group-patrocina"},{"@type":"BreadcrumbList","@id":"https:\/\/jornaldasoficinas.com\/pt\/bilstein-group-patrocina-campeonato-de-portugal-de-novas-energias-2021\/#breadcrumb","itemListElement":[{"@type":"ListItem","position":1,"name":"In\u00edcio","item":"https:\/\/jornaldasoficinas.com\/pt\/"},{"@type":"ListItem","position":2,"name":"bilstein group patrocina Campeonato de Portugal de Novas Energias 2021"}]},{"@type":"WebSite","@id":"https:\/\/jornaldasoficinas.com\/pt\/#website","url":"https:\/\/jornaldasoficinas.com\/pt\/","name":"Jornal das Oficinas","description":"Jornal independente do Aftermarket Autom\u00f3vel em Portugal","publisher":{"@id":"https:\/\/jornaldasoficinas.com\/pt\/#organization"},"potentialAction":[{"@type":"SearchAction","target":{"@type":"EntryPoint","urlTemplate":"https:\/\/jornaldasoficinas.com\/pt\/?s={search_term_string}"},"query-input":{"@type":"PropertyValueSpecification","valueRequired":true,"valueName":"search_term_string"}}],"inLanguage":"pt-PT"},{"@type":"Organization","@id":"https:\/\/jornaldasoficinas.com\/pt\/#organization","name":"Jornal das Oficinas","url":"https:\/\/jornaldasoficinas.com\/pt\/","logo":{"@type":"ImageObject","inLanguage":"pt-PT","@id":"https:\/\/jornaldasoficinas.com\/pt\/#\/schema\/logo\/image\/","url":"https:\/\/jornaldasoficinas.com\/pt\/wp-content\/uploads\/logoJO-SEO.png","contentUrl":"https:\/\/jornaldasoficinas.com\/pt\/wp-content\/uploads\/logoJO-SEO.png","width":285,"height":450,"caption":"Jornal das Oficinas"},"image":{"@id":"https:\/\/jornaldasoficinas.com\/pt\/#\/schema\/logo\/image\/"},"sameAs":["https:\/\/www.facebook.com\/jornaloficinas","https:\/\/x.com\/jornaloficinas","https:\/\/www.instagram.com\/jornal_oficinas\/","https:\/\/www.linkedin.com\/company\/jornal-das-oficinas\/","https:\/\/www.youtube.com\/channel\/UCbQZBqtcvV-oSQrr7RzINGg"]},{"@type":"Person","@id":"https:\/\/jornaldasoficinas.com\/pt\/#\/schema\/person\/a38eef5de2c41d9e7c9ac10141afddf3","name":"Reda\u00e7\u00e3o JO","image":{"@type":"ImageObject","inLanguage":"pt-PT","@id":"https:\/\/secure.gravatar.com\/avatar\/71f2fa71737ad68a84fea94bc708ddac8ea5b0c4788dc2ad202f3ccb2887742f?s=96&d=wp_user_avatar&r=g","url":"https:\/\/secure.gravatar.com\/avatar\/71f2fa71737ad68a84fea94bc708ddac8ea5b0c4788dc2ad202f3ccb2887742f?s=96&d=wp_user_avatar&r=g","contentUrl":"https:\/\/secure.gravatar.com\/avatar\/71f2fa71737ad68a84fea94bc708ddac8ea5b0c4788dc2ad202f3ccb2887742f?s=96&d=wp_user_avatar&r=g","caption":"Reda\u00e7\u00e3o JO"},"url":"https:\/\/jornaldasoficinas.com\/pt\/author\/joredacao\/"}]}},"_links":{"self":[{"href":"https:\/\/jornaldasoficinas.com\/pt\/wp-json\/wp\/v2\/posts\/22099","targetHints":{"allow":["GET"]}}],"collection":[{"href":"https:\/\/jornaldasoficinas.com\/pt\/wp-json\/wp\/v2\/posts"}],"about":[{"href":"https:\/\/jornaldasoficinas.com\/pt\/wp-json\/wp\/v2\/types\/post"}],"author":[{"embeddable":true,"href":"https:\/\/jornaldasoficinas.com\/pt\/wp-json\/wp\/v2\/users\/15"}],"replies":[{"embeddable":true,"href":"https:\/\/jornaldasoficinas.com\/pt\/wp-json\/wp\/v2\/comments?post=22099"}],"version-history":[{"count":0,"href":"https:\/\/jornaldasoficinas.com\/pt\/wp-json\/wp\/v2\/posts\/22099\/revisions"}],"wp:featuredmedia":[{"embeddable":true,"href":"https:\/\/jornaldasoficinas.com\/pt\/wp-json\/wp\/v2\/media\/22096"}],"wp:attachment":[{"href":"https:\/\/jornaldasoficinas.com\/pt\/wp-json\/wp\/v2\/media?parent=22099"}],"wp:term":[{"taxonomy":"category","embeddable":true,"href":"https:\/\/jornaldasoficinas.com\/pt\/wp-json\/wp\/v2\/categories?post=22099"},{"taxonomy":"post_tag","embeddable":true,"href":"https:\/\/jornaldasoficinas.com\/pt\/wp-json\/wp\/v2\/tags?post=22099"}],"curies":[{"name":"wp","href":"https:\/\/api.w.org\/{rel}","templated":true}]}}