{"id":22289,"date":"2021-07-01T10:00:40","date_gmt":"2021-07-01T09:00:40","guid":{"rendered":"https:\/\/jornaldasoficinas.com\/pt\/?p=22289"},"modified":"2021-07-05T22:13:40","modified_gmt":"2021-07-05T21:13:40","slug":"mercado-de-pecas-aftermarket-recupera-em-espanha","status":"publish","type":"post","link":"https:\/\/jornaldasoficinas.com\/pt\/mercado-de-pecas-aftermarket-recupera-em-espanha\/","title":{"rendered":"Mercado de pe\u00e7as aftermarket recupera em Espanha"},"content":{"rendered":"<p><img loading=\"lazy\" decoding=\"async\" class=\"alignnone wp-image-22243 size-full\" src=\"https:\/\/jornaldasoficinas.com\/pt\/wp-content\/uploads\/2021\/06\/Mercado-de-Pecas.jpg\" alt=\"06 - Mercado-de-Pecas\" width=\"1024\" height=\"581\" srcset=\"https:\/\/jornaldasoficinas.com\/pt\/wp-content\/uploads\/2021\/06\/Mercado-de-Pecas.jpg 1024w, https:\/\/jornaldasoficinas.com\/pt\/wp-content\/uploads\/2021\/06\/Mercado-de-Pecas-300x170.jpg 300w, https:\/\/jornaldasoficinas.com\/pt\/wp-content\/uploads\/2021\/06\/Mercado-de-Pecas-150x85.jpg 150w, https:\/\/jornaldasoficinas.com\/pt\/wp-content\/uploads\/2021\/06\/Mercado-de-Pecas-768x436.jpg 768w\" sizes=\"auto, (max-width: 1024px) 100vw, 1024px\" \/><\/p>\n<p><strong>A nova edi\u00e7\u00e3o do Observat\u00f3rio dos Profissionais de P\u00f3s-Venda SERNAUTO mostra dados positivos na recupera\u00e7\u00e3o do mercado de pe\u00e7as e reposi\u00e7\u00e3o no primeiro trimestre de 2021 em Espanha<\/strong><\/p>\n<p>O Observat\u00f3rio conta com o apoio do GIPA e a colabora\u00e7\u00e3o da Associa\u00e7\u00e3o Nacional de Comerciantes de Equipamentos Automotivos, Pe\u00e7as Sobressalentes, Pneus e Acess\u00f3rios (ANCERA).<\/p>\n<p>Para esta nova edi\u00e7\u00e3o, os dados foram coletados durante os meses de abril e maio e foram fornecidos por fabricantes de pe\u00e7as de reposi\u00e7\u00e3o e grupos de distribui\u00e7\u00e3o que participam do Observat\u00f3rio, podendo ter informa\u00e7\u00f5es sobre como funciona o 1\u00ba. um quarto de 2021 e suas proje\u00e7\u00f5es para o pr\u00f3ximo per\u00edodo.<\/p>\n<p><strong>Dados fornecidos pelos fabricantes de pe\u00e7as de reposi\u00e7\u00e3o:<br \/>\n<\/strong>A atividade de fabricantes de pe\u00e7as de reposi\u00e7\u00e3o aumentou 12% no 1\u00ba. um quarto de 2021 em compara\u00e7\u00e3o com o mesmo per\u00edodo em 2020;<\/p>\n<p>Apenas 5% dos fabricantes dispensaram definitivamente um funcion\u00e1rio;<\/p>\n<p>Para 35% os retornos ou reajustes de stock aumentaram no 1\u00ba. Trimestre de 2021 em rela\u00e7\u00e3o ao trimestre anterior;<\/p>\n<p>O n\u00famero de pedidos urgentes aumentou 4% no 1\u00ba. trimestre de 2021 em compara\u00e7\u00e3o com o \u00faltimo trimestre de 2020;<\/p>\n<p>40% esperam aumentar o n\u00famero de clientes no 2\u00ba trimestre de 2021.<\/p>\n<p><strong>Dados fornecidos por distribuidores de pe\u00e7as de reposi\u00e7\u00e3o:<\/strong><\/p>\n<p>A atividade do distribuidor aumentou 8% no 1\u00ba. trimestre de 2021 com em compara\u00e7\u00e3o com o mesmo per\u00edodo em 2020;<\/p>\n<p>25% dos distribuidores tiveram que demitir um funcion\u00e1rio de alguma forma definitivo;<\/p>\n<p>42% manter\u00e3o os pontos de venda no 2\u00ba trimestre de 2021;<\/p>\n<p>17% aumentar\u00e1 o n\u00famero de parceiros no 2\u00ba trimestre de 2021.<\/p>\n<p>Benito Tesier, presidente da Comiss\u00e3o de Pe\u00e7as de Reposi\u00e7\u00e3o SERNAUTO, destaca que: \u201cApesar de todas as dificuldades que estamos a passar, vemos que o mercado de reposi\u00e7\u00e3o est\u00e1 a reagir e as proje\u00e7\u00f5es para o ano s\u00e3o positivas\u201d, concluiu.<\/p>\n","protected":false},"excerpt":{"rendered":"<p>A nova edi\u00e7\u00e3o do Observat\u00f3rio dos&#8230;<\/p>\n","protected":false},"author":15,"featured_media":22243,"comment_status":"closed","ping_status":"closed","sticky":false,"template":"","format":"standard","meta":{"footnotes":""},"categories":[37],"tags":[1321],"class_list":["post-22289","post","type-post","status-publish","format-standard","has-post-thumbnail","hentry","category-mercado","tag-sernauto"],"yoast_head":"<!-- This site is optimized with the Yoast SEO plugin v27.4 - https:\/\/yoast.com\/product\/yoast-seo-wordpress\/ -->\n<title>Mercado de pe\u00e7as aftermarket recupera em Espanha - Jornal das Oficinas<\/title>\n<meta name=\"description\" content=\"Observat\u00f3rio dos Profissionais de P\u00f3s-Venda SERNAUTO mostra dados positivos na recupera\u00e7\u00e3o do mercado de pe\u00e7as e reposi\u00e7\u00e3o no primeiro trimestre de 2021 em Espanha\" \/>\n<meta name=\"robots\" content=\"index, follow, max-snippet:-1, max-image-preview:large, max-video-preview:-1\" \/>\n<link rel=\"canonical\" href=\"https:\/\/jornaldasoficinas.com\/pt\/mercado-de-pecas-aftermarket-recupera-em-espanha\/\" \/>\n<meta property=\"og:locale\" content=\"pt_PT\" \/>\n<meta property=\"og:type\" content=\"article\" \/>\n<meta property=\"og:title\" content=\"Mercado de pe\u00e7as aftermarket recupera em Espanha - Jornal das Oficinas\" \/>\n<meta property=\"og:description\" content=\"Observat\u00f3rio dos Profissionais de P\u00f3s-Venda SERNAUTO mostra dados positivos na recupera\u00e7\u00e3o do mercado de pe\u00e7as e reposi\u00e7\u00e3o no primeiro trimestre de 2021 em Espanha\" \/>\n<meta property=\"og:url\" content=\"https:\/\/jornaldasoficinas.com\/pt\/mercado-de-pecas-aftermarket-recupera-em-espanha\/\" \/>\n<meta property=\"og:site_name\" content=\"Jornal das Oficinas\" \/>\n<meta property=\"article:publisher\" content=\"https:\/\/www.facebook.com\/jornaloficinas\" \/>\n<meta property=\"article:published_time\" content=\"2021-07-01T09:00:40+00:00\" \/>\n<meta property=\"article:modified_time\" content=\"2021-07-05T21:13:40+00:00\" \/>\n<meta property=\"og:image\" content=\"https:\/\/jornaldasoficinas.com\/pt\/wp-content\/uploads\/2021\/06\/Mercado-de-Pecas.jpg\" \/>\n\t<meta property=\"og:image:width\" content=\"1024\" \/>\n\t<meta property=\"og:image:height\" content=\"581\" \/>\n\t<meta property=\"og:image:type\" content=\"image\/jpeg\" \/>\n<meta name=\"author\" content=\"Reda\u00e7\u00e3o JO\" \/>\n<meta name=\"twitter:card\" content=\"summary_large_image\" \/>\n<meta name=\"twitter:creator\" content=\"@jornaloficinas\" \/>\n<meta name=\"twitter:site\" content=\"@jornaloficinas\" \/>\n<meta name=\"twitter:label1\" content=\"Escrito por\" \/>\n\t<meta name=\"twitter:data1\" content=\"Reda\u00e7\u00e3o JO\" \/>\n\t<meta name=\"twitter:label2\" content=\"Tempo estimado de leitura\" \/>\n\t<meta name=\"twitter:data2\" content=\"2 minutos\" \/>\n<script type=\"application\/ld+json\" class=\"yoast-schema-graph\">{\"@context\":\"https:\\\/\\\/schema.org\",\"@graph\":[{\"@type\":\"Article\",\"@id\":\"https:\\\/\\\/jornaldasoficinas.com\\\/pt\\\/mercado-de-pecas-aftermarket-recupera-em-espanha\\\/#article\",\"isPartOf\":{\"@id\":\"https:\\\/\\\/jornaldasoficinas.com\\\/pt\\\/mercado-de-pecas-aftermarket-recupera-em-espanha\\\/\"},\"author\":{\"name\":\"Reda\u00e7\u00e3o JO\",\"@id\":\"https:\\\/\\\/jornaldasoficinas.com\\\/pt\\\/#\\\/schema\\\/person\\\/a38eef5de2c41d9e7c9ac10141afddf3\"},\"headline\":\"Mercado de pe\u00e7as aftermarket recupera em Espanha\",\"datePublished\":\"2021-07-01T09:00:40+00:00\",\"dateModified\":\"2021-07-05T21:13:40+00:00\",\"mainEntityOfPage\":{\"@id\":\"https:\\\/\\\/jornaldasoficinas.com\\\/pt\\\/mercado-de-pecas-aftermarket-recupera-em-espanha\\\/\"},\"wordCount\":319,\"publisher\":{\"@id\":\"https:\\\/\\\/jornaldasoficinas.com\\\/pt\\\/#organization\"},\"image\":{\"@id\":\"https:\\\/\\\/jornaldasoficinas.com\\\/pt\\\/mercado-de-pecas-aftermarket-recupera-em-espanha\\\/#primaryimage\"},\"thumbnailUrl\":\"https:\\\/\\\/jornaldasoficinas.com\\\/pt\\\/wp-content\\\/uploads\\\/2021\\\/06\\\/Mercado-de-Pecas.jpg\",\"keywords\":[\"Sernauto\"],\"articleSection\":[\"Mercado\"],\"inLanguage\":\"pt-PT\"},{\"@type\":\"WebPage\",\"@id\":\"https:\\\/\\\/jornaldasoficinas.com\\\/pt\\\/mercado-de-pecas-aftermarket-recupera-em-espanha\\\/\",\"url\":\"https:\\\/\\\/jornaldasoficinas.com\\\/pt\\\/mercado-de-pecas-aftermarket-recupera-em-espanha\\\/\",\"name\":\"Mercado de pe\u00e7as aftermarket recupera em Espanha - Jornal das Oficinas\",\"isPartOf\":{\"@id\":\"https:\\\/\\\/jornaldasoficinas.com\\\/pt\\\/#website\"},\"primaryImageOfPage\":{\"@id\":\"https:\\\/\\\/jornaldasoficinas.com\\\/pt\\\/mercado-de-pecas-aftermarket-recupera-em-espanha\\\/#primaryimage\"},\"image\":{\"@id\":\"https:\\\/\\\/jornaldasoficinas.com\\\/pt\\\/mercado-de-pecas-aftermarket-recupera-em-espanha\\\/#primaryimage\"},\"thumbnailUrl\":\"https:\\\/\\\/jornaldasoficinas.com\\\/pt\\\/wp-content\\\/uploads\\\/2021\\\/06\\\/Mercado-de-Pecas.jpg\",\"datePublished\":\"2021-07-01T09:00:40+00:00\",\"dateModified\":\"2021-07-05T21:13:40+00:00\",\"description\":\"Observat\u00f3rio dos Profissionais de P\u00f3s-Venda SERNAUTO mostra dados positivos na recupera\u00e7\u00e3o do mercado de pe\u00e7as e reposi\u00e7\u00e3o no primeiro trimestre de 2021 em Espanha\",\"breadcrumb\":{\"@id\":\"https:\\\/\\\/jornaldasoficinas.com\\\/pt\\\/mercado-de-pecas-aftermarket-recupera-em-espanha\\\/#breadcrumb\"},\"inLanguage\":\"pt-PT\",\"potentialAction\":[{\"@type\":\"ReadAction\",\"target\":[\"https:\\\/\\\/jornaldasoficinas.com\\\/pt\\\/mercado-de-pecas-aftermarket-recupera-em-espanha\\\/\"]}]},{\"@type\":\"ImageObject\",\"inLanguage\":\"pt-PT\",\"@id\":\"https:\\\/\\\/jornaldasoficinas.com\\\/pt\\\/mercado-de-pecas-aftermarket-recupera-em-espanha\\\/#primaryimage\",\"url\":\"https:\\\/\\\/jornaldasoficinas.com\\\/pt\\\/wp-content\\\/uploads\\\/2021\\\/06\\\/Mercado-de-Pecas.jpg\",\"contentUrl\":\"https:\\\/\\\/jornaldasoficinas.com\\\/pt\\\/wp-content\\\/uploads\\\/2021\\\/06\\\/Mercado-de-Pecas.jpg\",\"width\":1024,\"height\":581,\"caption\":\"06 - Mercado-de-Pecas\"},{\"@type\":\"BreadcrumbList\",\"@id\":\"https:\\\/\\\/jornaldasoficinas.com\\\/pt\\\/mercado-de-pecas-aftermarket-recupera-em-espanha\\\/#breadcrumb\",\"itemListElement\":[{\"@type\":\"ListItem\",\"position\":1,\"name\":\"In\u00edcio\",\"item\":\"https:\\\/\\\/jornaldasoficinas.com\\\/pt\\\/\"},{\"@type\":\"ListItem\",\"position\":2,\"name\":\"Mercado de pe\u00e7as aftermarket recupera em Espanha\"}]},{\"@type\":\"WebSite\",\"@id\":\"https:\\\/\\\/jornaldasoficinas.com\\\/pt\\\/#website\",\"url\":\"https:\\\/\\\/jornaldasoficinas.com\\\/pt\\\/\",\"name\":\"Jornal das Oficinas\",\"description\":\"Jornal independente do Aftermarket Autom\u00f3vel em Portugal\",\"publisher\":{\"@id\":\"https:\\\/\\\/jornaldasoficinas.com\\\/pt\\\/#organization\"},\"potentialAction\":[{\"@type\":\"SearchAction\",\"target\":{\"@type\":\"EntryPoint\",\"urlTemplate\":\"https:\\\/\\\/jornaldasoficinas.com\\\/pt\\\/?s={search_term_string}\"},\"query-input\":{\"@type\":\"PropertyValueSpecification\",\"valueRequired\":true,\"valueName\":\"search_term_string\"}}],\"inLanguage\":\"pt-PT\"},{\"@type\":\"Organization\",\"@id\":\"https:\\\/\\\/jornaldasoficinas.com\\\/pt\\\/#organization\",\"name\":\"Jornal das Oficinas\",\"url\":\"https:\\\/\\\/jornaldasoficinas.com\\\/pt\\\/\",\"logo\":{\"@type\":\"ImageObject\",\"inLanguage\":\"pt-PT\",\"@id\":\"https:\\\/\\\/jornaldasoficinas.com\\\/pt\\\/#\\\/schema\\\/logo\\\/image\\\/\",\"url\":\"https:\\\/\\\/jornaldasoficinas.com\\\/pt\\\/wp-content\\\/uploads\\\/logoJO-SEO.png\",\"contentUrl\":\"https:\\\/\\\/jornaldasoficinas.com\\\/pt\\\/wp-content\\\/uploads\\\/logoJO-SEO.png\",\"width\":285,\"height\":450,\"caption\":\"Jornal das Oficinas\"},\"image\":{\"@id\":\"https:\\\/\\\/jornaldasoficinas.com\\\/pt\\\/#\\\/schema\\\/logo\\\/image\\\/\"},\"sameAs\":[\"https:\\\/\\\/www.facebook.com\\\/jornaloficinas\",\"https:\\\/\\\/x.com\\\/jornaloficinas\",\"https:\\\/\\\/www.instagram.com\\\/jornal_oficinas\\\/\",\"https:\\\/\\\/www.linkedin.com\\\/company\\\/jornal-das-oficinas\\\/\",\"https:\\\/\\\/www.youtube.com\\\/channel\\\/UCbQZBqtcvV-oSQrr7RzINGg\"]},{\"@type\":\"Person\",\"@id\":\"https:\\\/\\\/jornaldasoficinas.com\\\/pt\\\/#\\\/schema\\\/person\\\/a38eef5de2c41d9e7c9ac10141afddf3\",\"name\":\"Reda\u00e7\u00e3o JO\",\"image\":{\"@type\":\"ImageObject\",\"inLanguage\":\"pt-PT\",\"@id\":\"https:\\\/\\\/secure.gravatar.com\\\/avatar\\\/71f2fa71737ad68a84fea94bc708ddac8ea5b0c4788dc2ad202f3ccb2887742f?s=96&d=wp_user_avatar&r=g\",\"url\":\"https:\\\/\\\/secure.gravatar.com\\\/avatar\\\/71f2fa71737ad68a84fea94bc708ddac8ea5b0c4788dc2ad202f3ccb2887742f?s=96&d=wp_user_avatar&r=g\",\"contentUrl\":\"https:\\\/\\\/secure.gravatar.com\\\/avatar\\\/71f2fa71737ad68a84fea94bc708ddac8ea5b0c4788dc2ad202f3ccb2887742f?s=96&d=wp_user_avatar&r=g\",\"caption\":\"Reda\u00e7\u00e3o JO\"},\"url\":\"https:\\\/\\\/jornaldasoficinas.com\\\/pt\\\/author\\\/joredacao\\\/\"}]}<\/script>\n<!-- \/ Yoast SEO plugin. -->","yoast_head_json":{"title":"Mercado de pe\u00e7as aftermarket recupera em Espanha - Jornal das Oficinas","description":"Observat\u00f3rio dos Profissionais de P\u00f3s-Venda SERNAUTO mostra dados positivos na recupera\u00e7\u00e3o do mercado de pe\u00e7as e reposi\u00e7\u00e3o no primeiro trimestre de 2021 em Espanha","robots":{"index":"index","follow":"follow","max-snippet":"max-snippet:-1","max-image-preview":"max-image-preview:large","max-video-preview":"max-video-preview:-1"},"canonical":"https:\/\/jornaldasoficinas.com\/pt\/mercado-de-pecas-aftermarket-recupera-em-espanha\/","og_locale":"pt_PT","og_type":"article","og_title":"Mercado de pe\u00e7as aftermarket recupera em Espanha - Jornal das Oficinas","og_description":"Observat\u00f3rio dos Profissionais de P\u00f3s-Venda SERNAUTO mostra dados positivos na recupera\u00e7\u00e3o do mercado de pe\u00e7as e reposi\u00e7\u00e3o no primeiro trimestre de 2021 em Espanha","og_url":"https:\/\/jornaldasoficinas.com\/pt\/mercado-de-pecas-aftermarket-recupera-em-espanha\/","og_site_name":"Jornal das Oficinas","article_publisher":"https:\/\/www.facebook.com\/jornaloficinas","article_published_time":"2021-07-01T09:00:40+00:00","article_modified_time":"2021-07-05T21:13:40+00:00","og_image":[{"width":1024,"height":581,"url":"https:\/\/jornaldasoficinas.com\/pt\/wp-content\/uploads\/2021\/06\/Mercado-de-Pecas.jpg","type":"image\/jpeg"}],"author":"Reda\u00e7\u00e3o JO","twitter_card":"summary_large_image","twitter_creator":"@jornaloficinas","twitter_site":"@jornaloficinas","twitter_misc":{"Escrito por":"Reda\u00e7\u00e3o JO","Tempo estimado de leitura":"2 minutos"},"schema":{"@context":"https:\/\/schema.org","@graph":[{"@type":"Article","@id":"https:\/\/jornaldasoficinas.com\/pt\/mercado-de-pecas-aftermarket-recupera-em-espanha\/#article","isPartOf":{"@id":"https:\/\/jornaldasoficinas.com\/pt\/mercado-de-pecas-aftermarket-recupera-em-espanha\/"},"author":{"name":"Reda\u00e7\u00e3o JO","@id":"https:\/\/jornaldasoficinas.com\/pt\/#\/schema\/person\/a38eef5de2c41d9e7c9ac10141afddf3"},"headline":"Mercado de pe\u00e7as aftermarket recupera em Espanha","datePublished":"2021-07-01T09:00:40+00:00","dateModified":"2021-07-05T21:13:40+00:00","mainEntityOfPage":{"@id":"https:\/\/jornaldasoficinas.com\/pt\/mercado-de-pecas-aftermarket-recupera-em-espanha\/"},"wordCount":319,"publisher":{"@id":"https:\/\/jornaldasoficinas.com\/pt\/#organization"},"image":{"@id":"https:\/\/jornaldasoficinas.com\/pt\/mercado-de-pecas-aftermarket-recupera-em-espanha\/#primaryimage"},"thumbnailUrl":"https:\/\/jornaldasoficinas.com\/pt\/wp-content\/uploads\/2021\/06\/Mercado-de-Pecas.jpg","keywords":["Sernauto"],"articleSection":["Mercado"],"inLanguage":"pt-PT"},{"@type":"WebPage","@id":"https:\/\/jornaldasoficinas.com\/pt\/mercado-de-pecas-aftermarket-recupera-em-espanha\/","url":"https:\/\/jornaldasoficinas.com\/pt\/mercado-de-pecas-aftermarket-recupera-em-espanha\/","name":"Mercado de pe\u00e7as aftermarket recupera em Espanha - Jornal das Oficinas","isPartOf":{"@id":"https:\/\/jornaldasoficinas.com\/pt\/#website"},"primaryImageOfPage":{"@id":"https:\/\/jornaldasoficinas.com\/pt\/mercado-de-pecas-aftermarket-recupera-em-espanha\/#primaryimage"},"image":{"@id":"https:\/\/jornaldasoficinas.com\/pt\/mercado-de-pecas-aftermarket-recupera-em-espanha\/#primaryimage"},"thumbnailUrl":"https:\/\/jornaldasoficinas.com\/pt\/wp-content\/uploads\/2021\/06\/Mercado-de-Pecas.jpg","datePublished":"2021-07-01T09:00:40+00:00","dateModified":"2021-07-05T21:13:40+00:00","description":"Observat\u00f3rio dos Profissionais de P\u00f3s-Venda SERNAUTO mostra dados positivos na recupera\u00e7\u00e3o do mercado de pe\u00e7as e reposi\u00e7\u00e3o no primeiro trimestre de 2021 em Espanha","breadcrumb":{"@id":"https:\/\/jornaldasoficinas.com\/pt\/mercado-de-pecas-aftermarket-recupera-em-espanha\/#breadcrumb"},"inLanguage":"pt-PT","potentialAction":[{"@type":"ReadAction","target":["https:\/\/jornaldasoficinas.com\/pt\/mercado-de-pecas-aftermarket-recupera-em-espanha\/"]}]},{"@type":"ImageObject","inLanguage":"pt-PT","@id":"https:\/\/jornaldasoficinas.com\/pt\/mercado-de-pecas-aftermarket-recupera-em-espanha\/#primaryimage","url":"https:\/\/jornaldasoficinas.com\/pt\/wp-content\/uploads\/2021\/06\/Mercado-de-Pecas.jpg","contentUrl":"https:\/\/jornaldasoficinas.com\/pt\/wp-content\/uploads\/2021\/06\/Mercado-de-Pecas.jpg","width":1024,"height":581,"caption":"06 - Mercado-de-Pecas"},{"@type":"BreadcrumbList","@id":"https:\/\/jornaldasoficinas.com\/pt\/mercado-de-pecas-aftermarket-recupera-em-espanha\/#breadcrumb","itemListElement":[{"@type":"ListItem","position":1,"name":"In\u00edcio","item":"https:\/\/jornaldasoficinas.com\/pt\/"},{"@type":"ListItem","position":2,"name":"Mercado de pe\u00e7as aftermarket recupera em Espanha"}]},{"@type":"WebSite","@id":"https:\/\/jornaldasoficinas.com\/pt\/#website","url":"https:\/\/jornaldasoficinas.com\/pt\/","name":"Jornal das Oficinas","description":"Jornal independente do Aftermarket Autom\u00f3vel em Portugal","publisher":{"@id":"https:\/\/jornaldasoficinas.com\/pt\/#organization"},"potentialAction":[{"@type":"SearchAction","target":{"@type":"EntryPoint","urlTemplate":"https:\/\/jornaldasoficinas.com\/pt\/?s={search_term_string}"},"query-input":{"@type":"PropertyValueSpecification","valueRequired":true,"valueName":"search_term_string"}}],"inLanguage":"pt-PT"},{"@type":"Organization","@id":"https:\/\/jornaldasoficinas.com\/pt\/#organization","name":"Jornal das Oficinas","url":"https:\/\/jornaldasoficinas.com\/pt\/","logo":{"@type":"ImageObject","inLanguage":"pt-PT","@id":"https:\/\/jornaldasoficinas.com\/pt\/#\/schema\/logo\/image\/","url":"https:\/\/jornaldasoficinas.com\/pt\/wp-content\/uploads\/logoJO-SEO.png","contentUrl":"https:\/\/jornaldasoficinas.com\/pt\/wp-content\/uploads\/logoJO-SEO.png","width":285,"height":450,"caption":"Jornal das Oficinas"},"image":{"@id":"https:\/\/jornaldasoficinas.com\/pt\/#\/schema\/logo\/image\/"},"sameAs":["https:\/\/www.facebook.com\/jornaloficinas","https:\/\/x.com\/jornaloficinas","https:\/\/www.instagram.com\/jornal_oficinas\/","https:\/\/www.linkedin.com\/company\/jornal-das-oficinas\/","https:\/\/www.youtube.com\/channel\/UCbQZBqtcvV-oSQrr7RzINGg"]},{"@type":"Person","@id":"https:\/\/jornaldasoficinas.com\/pt\/#\/schema\/person\/a38eef5de2c41d9e7c9ac10141afddf3","name":"Reda\u00e7\u00e3o JO","image":{"@type":"ImageObject","inLanguage":"pt-PT","@id":"https:\/\/secure.gravatar.com\/avatar\/71f2fa71737ad68a84fea94bc708ddac8ea5b0c4788dc2ad202f3ccb2887742f?s=96&d=wp_user_avatar&r=g","url":"https:\/\/secure.gravatar.com\/avatar\/71f2fa71737ad68a84fea94bc708ddac8ea5b0c4788dc2ad202f3ccb2887742f?s=96&d=wp_user_avatar&r=g","contentUrl":"https:\/\/secure.gravatar.com\/avatar\/71f2fa71737ad68a84fea94bc708ddac8ea5b0c4788dc2ad202f3ccb2887742f?s=96&d=wp_user_avatar&r=g","caption":"Reda\u00e7\u00e3o JO"},"url":"https:\/\/jornaldasoficinas.com\/pt\/author\/joredacao\/"}]}},"_links":{"self":[{"href":"https:\/\/jornaldasoficinas.com\/pt\/wp-json\/wp\/v2\/posts\/22289","targetHints":{"allow":["GET"]}}],"collection":[{"href":"https:\/\/jornaldasoficinas.com\/pt\/wp-json\/wp\/v2\/posts"}],"about":[{"href":"https:\/\/jornaldasoficinas.com\/pt\/wp-json\/wp\/v2\/types\/post"}],"author":[{"embeddable":true,"href":"https:\/\/jornaldasoficinas.com\/pt\/wp-json\/wp\/v2\/users\/15"}],"replies":[{"embeddable":true,"href":"https:\/\/jornaldasoficinas.com\/pt\/wp-json\/wp\/v2\/comments?post=22289"}],"version-history":[{"count":0,"href":"https:\/\/jornaldasoficinas.com\/pt\/wp-json\/wp\/v2\/posts\/22289\/revisions"}],"wp:featuredmedia":[{"embeddable":true,"href":"https:\/\/jornaldasoficinas.com\/pt\/wp-json\/wp\/v2\/media\/22243"}],"wp:attachment":[{"href":"https:\/\/jornaldasoficinas.com\/pt\/wp-json\/wp\/v2\/media?parent=22289"}],"wp:term":[{"taxonomy":"category","embeddable":true,"href":"https:\/\/jornaldasoficinas.com\/pt\/wp-json\/wp\/v2\/categories?post=22289"},{"taxonomy":"post_tag","embeddable":true,"href":"https:\/\/jornaldasoficinas.com\/pt\/wp-json\/wp\/v2\/tags?post=22289"}],"curies":[{"name":"wp","href":"https:\/\/api.w.org\/{rel}","templated":true}]}}