{"id":22335,"date":"2021-07-02T18:00:34","date_gmt":"2021-07-02T17:00:34","guid":{"rendered":"https:\/\/jornaldasoficinas.com\/pt\/?p=22335"},"modified":"2021-07-05T22:01:43","modified_gmt":"2021-07-05T21:01:43","slug":"deco-afirma-que-comprar-carro-eletrico-ja-compensa","status":"publish","type":"post","link":"https:\/\/jornaldasoficinas.com\/pt\/deco-afirma-que-comprar-carro-eletrico-ja-compensa\/","title":{"rendered":"DECO afirma que comprar carro el\u00e9trico j\u00e1 compensa"},"content":{"rendered":"<p><strong><img loading=\"lazy\" decoding=\"async\" class=\"alignnone wp-image-22317 size-full\" src=\"https:\/\/jornaldasoficinas.com\/pt\/wp-content\/uploads\/2021\/06\/DECO-afirma.jpg\" alt=\"06 - DECO-afirma\" width=\"1024\" height=\"581\" srcset=\"https:\/\/jornaldasoficinas.com\/pt\/wp-content\/uploads\/2021\/06\/DECO-afirma.jpg 1024w, https:\/\/jornaldasoficinas.com\/pt\/wp-content\/uploads\/2021\/06\/DECO-afirma-300x170.jpg 300w, https:\/\/jornaldasoficinas.com\/pt\/wp-content\/uploads\/2021\/06\/DECO-afirma-150x85.jpg 150w, https:\/\/jornaldasoficinas.com\/pt\/wp-content\/uploads\/2021\/06\/DECO-afirma-768x436.jpg 768w\" sizes=\"auto, (max-width: 1024px) 100vw, 1024px\" \/><\/strong><\/p>\n<p><strong>A organiza\u00e7\u00e3o de defesa dos consumidores realizou um estudo que calcula os custos associados \u00e0s v\u00e1rias tecnologias de autom\u00f3veis. Comprar um carro el\u00e9trico \u00e9 um bom neg\u00f3cio e, se for em segunda ou terceira m\u00e3o, compensa ainda mais<\/strong><\/p>\n<p>A <a href=\"https:\/\/www.deco.proteste.pt\/\" target=\"_blank\" rel=\"noopener\">DECO PROTESTE<\/a>, calculou os custos de propriedade e utiliza\u00e7\u00e3o das v\u00e1rias tecnologias dispon\u00edveis para tr\u00eas dimens\u00f5es de autom\u00f3veis: pequenos, do segmento m\u00e9dio e grandes. Os carros el\u00e9tricos do segmento pequeno e m\u00e9dio comprados hoje em Portugal s\u00e3o a op\u00e7\u00e3o mais barata para muitos consumidores e a melhor escolha ao longo da vida do ve\u00edculo. A poupan\u00e7a e a sustentabilidade ambiental tamb\u00e9m est\u00e3o garantidas na compra de um carro el\u00e9trico.<\/p>\n<p>Para condutores que andam mais de 25 mil quil\u00f3metros por ano e mant\u00eam o carro durante 6 anos, um el\u00e9trico do segmento m\u00e9dio permite uma economia, sobre a primeira compra, de 12 600 euros e 6 300 euros, em compara\u00e7\u00e3o com um modelo a gasolina e a gas\u00f3leo, respetivamente. Mas, nalguns cen\u00e1rios, mesmo para baixas quilometragens anuais (at\u00e9 5 mil quil\u00f3metros), j\u00e1 \u00e9 poss\u00edvel obter vantagens com a op\u00e7\u00e3o pelo carro el\u00e9trico.<\/p>\n<p>A poupan\u00e7a \u00e9, sobretudo, significativa para quem \u00e9 propriet\u00e1rio de um el\u00e9trico em segunda e terceira m\u00e3o, pois sofre menor desvaloriza\u00e7\u00e3o e beneficia ao m\u00e1ximo dos baixos custos de energia e de manuten\u00e7\u00e3o.<\/p>\n<p>O estudo \u2013 no qual tamb\u00e9m participaram as cong\u00e9neres de Espanha, B\u00e9lgica, It\u00e1lia, Fran\u00e7a, Alemanha, Chipre, Litu\u00e2nia e Eslov\u00e9nia &#8211; simulou a compra com base nas tend\u00eancias de evolu\u00e7\u00e3o dos custos at\u00e9 2030. No c\u00e1lculo total foram considerados todos os custos com a utiliza\u00e7\u00e3o e a propriedade de autom\u00f3veis das v\u00e1rias tecnologias, como o pre\u00e7o dos ve\u00edculos e a deprecia\u00e7\u00e3o do mercado; os custos e o consumo de combust\u00edvel\/eletricidade; impostos (IVA, ISV, registo, IUC); e custos de seguro e manuten\u00e7\u00e3o. O carro el\u00e9trico foi o que apresentou um custo de posse e utiliza\u00e7\u00e3o mais baixo.<\/p>\n<p>Segundo Alexandre Marv\u00e3o, especialista em Mobilidade da DECO PROTESTE, \u00e9 necess\u00e1rio \u201cgarantir estabilidade fiscal a longo prazo e a redu\u00e7\u00e3o efetiva do pre\u00e7o dos el\u00e9tricos, quer pelo aumento da oferta, quer pela redu\u00e7\u00e3o do custo das baterias e, por consequ\u00eancia, do custo de aquisi\u00e7\u00e3o\u201d. Para o especialista, \u201co incentivo tamb\u00e9m deve passar pela retoma dos subs\u00eddios ao abate de ve\u00edculos em fim de vida que tenham emiss\u00f5es elevadas, quando a troca se fa\u00e7a para aquisi\u00e7\u00e3o de ve\u00edculos el\u00e9tricos (carros, motas ou bicicletas)\u201d.<\/p>\n<p>Mesmo excluindo os incentivos \u00e0 compra, que n\u00e3o foram tidos em conta nos c\u00e1lculos, em Portugal os carros 100% el\u00e9tricos j\u00e1 s\u00e3o a tecnologia mais barata para modelos pequenos e m\u00e9dios. Com apoios e financiamento adequados, os consumidores conseguem poupar desde o primeiro dia. No caso dos modelos maiores, os el\u00e9tricos s\u00f3 come\u00e7am a ser competitivos nesta an\u00e1lise a partir de 2023, com a redu\u00e7\u00e3o expect\u00e1vel do custo de aquisi\u00e7\u00e3o e a aproxima\u00e7\u00e3o aos ve\u00edculos id\u00eanticos de outras tecnologias.<\/p>\n","protected":false},"excerpt":{"rendered":"<p>A organiza\u00e7\u00e3o de defesa dos consumidores&#8230;<\/p>\n","protected":false},"author":15,"featured_media":22317,"comment_status":"closed","ping_status":"closed","sticky":false,"template":"","format":"standard","meta":{"footnotes":""},"categories":[37],"tags":[2647],"class_list":["post-22335","post","type-post","status-publish","format-standard","has-post-thumbnail","hentry","category-mercado","tag-deco"],"yoast_head":"<!-- This site is optimized with the Yoast SEO plugin v27.4 - https:\/\/yoast.com\/product\/yoast-seo-wordpress\/ -->\n<title>DECO afirma que comprar carro el\u00e9trico j\u00e1 compensa - Jornal das Oficinas<\/title>\n<meta name=\"description\" content=\"A DECO realizou um estudo que calcula os custos associados \u00e0s v\u00e1rias tecnologias de autom\u00f3veis, concluiu que comprar carro el\u00e9trico \u00e9 um bom neg\u00f3cio\" \/>\n<meta name=\"robots\" content=\"index, follow, max-snippet:-1, max-image-preview:large, max-video-preview:-1\" \/>\n<link rel=\"canonical\" href=\"https:\/\/jornaldasoficinas.com\/pt\/deco-afirma-que-comprar-carro-eletrico-ja-compensa\/\" \/>\n<meta property=\"og:locale\" content=\"pt_PT\" \/>\n<meta property=\"og:type\" content=\"article\" \/>\n<meta property=\"og:title\" content=\"DECO afirma que comprar carro el\u00e9trico j\u00e1 compensa - Jornal das Oficinas\" \/>\n<meta property=\"og:description\" content=\"A DECO realizou um estudo que calcula os custos associados \u00e0s v\u00e1rias tecnologias de autom\u00f3veis, concluiu que comprar carro el\u00e9trico \u00e9 um bom neg\u00f3cio\" \/>\n<meta property=\"og:url\" content=\"https:\/\/jornaldasoficinas.com\/pt\/deco-afirma-que-comprar-carro-eletrico-ja-compensa\/\" \/>\n<meta property=\"og:site_name\" content=\"Jornal das Oficinas\" \/>\n<meta property=\"article:publisher\" content=\"https:\/\/www.facebook.com\/jornaloficinas\" \/>\n<meta property=\"article:published_time\" content=\"2021-07-02T17:00:34+00:00\" \/>\n<meta property=\"article:modified_time\" content=\"2021-07-05T21:01:43+00:00\" \/>\n<meta property=\"og:image\" content=\"https:\/\/jornaldasoficinas.com\/pt\/wp-content\/uploads\/2021\/06\/DECO-afirma.jpg\" \/>\n\t<meta property=\"og:image:width\" content=\"1024\" \/>\n\t<meta property=\"og:image:height\" content=\"581\" \/>\n\t<meta property=\"og:image:type\" content=\"image\/jpeg\" \/>\n<meta name=\"author\" content=\"Reda\u00e7\u00e3o JO\" \/>\n<meta name=\"twitter:card\" content=\"summary_large_image\" \/>\n<meta name=\"twitter:creator\" content=\"@jornaloficinas\" \/>\n<meta name=\"twitter:site\" content=\"@jornaloficinas\" \/>\n<meta name=\"twitter:label1\" content=\"Escrito por\" \/>\n\t<meta name=\"twitter:data1\" content=\"Reda\u00e7\u00e3o JO\" \/>\n\t<meta name=\"twitter:label2\" content=\"Tempo estimado de leitura\" \/>\n\t<meta name=\"twitter:data2\" content=\"3 minutos\" \/>\n<script type=\"application\/ld+json\" class=\"yoast-schema-graph\">{\"@context\":\"https:\\\/\\\/schema.org\",\"@graph\":[{\"@type\":\"Article\",\"@id\":\"https:\\\/\\\/jornaldasoficinas.com\\\/pt\\\/deco-afirma-que-comprar-carro-eletrico-ja-compensa\\\/#article\",\"isPartOf\":{\"@id\":\"https:\\\/\\\/jornaldasoficinas.com\\\/pt\\\/deco-afirma-que-comprar-carro-eletrico-ja-compensa\\\/\"},\"author\":{\"name\":\"Reda\u00e7\u00e3o JO\",\"@id\":\"https:\\\/\\\/jornaldasoficinas.com\\\/pt\\\/#\\\/schema\\\/person\\\/a38eef5de2c41d9e7c9ac10141afddf3\"},\"headline\":\"DECO afirma que comprar carro el\u00e9trico j\u00e1 compensa\",\"datePublished\":\"2021-07-02T17:00:34+00:00\",\"dateModified\":\"2021-07-05T21:01:43+00:00\",\"mainEntityOfPage\":{\"@id\":\"https:\\\/\\\/jornaldasoficinas.com\\\/pt\\\/deco-afirma-que-comprar-carro-eletrico-ja-compensa\\\/\"},\"wordCount\":552,\"publisher\":{\"@id\":\"https:\\\/\\\/jornaldasoficinas.com\\\/pt\\\/#organization\"},\"image\":{\"@id\":\"https:\\\/\\\/jornaldasoficinas.com\\\/pt\\\/deco-afirma-que-comprar-carro-eletrico-ja-compensa\\\/#primaryimage\"},\"thumbnailUrl\":\"https:\\\/\\\/jornaldasoficinas.com\\\/pt\\\/wp-content\\\/uploads\\\/2021\\\/06\\\/DECO-afirma.jpg\",\"keywords\":[\"DECO\"],\"articleSection\":[\"Mercado\"],\"inLanguage\":\"pt-PT\"},{\"@type\":\"WebPage\",\"@id\":\"https:\\\/\\\/jornaldasoficinas.com\\\/pt\\\/deco-afirma-que-comprar-carro-eletrico-ja-compensa\\\/\",\"url\":\"https:\\\/\\\/jornaldasoficinas.com\\\/pt\\\/deco-afirma-que-comprar-carro-eletrico-ja-compensa\\\/\",\"name\":\"DECO afirma que comprar carro el\u00e9trico j\u00e1 compensa - Jornal das Oficinas\",\"isPartOf\":{\"@id\":\"https:\\\/\\\/jornaldasoficinas.com\\\/pt\\\/#website\"},\"primaryImageOfPage\":{\"@id\":\"https:\\\/\\\/jornaldasoficinas.com\\\/pt\\\/deco-afirma-que-comprar-carro-eletrico-ja-compensa\\\/#primaryimage\"},\"image\":{\"@id\":\"https:\\\/\\\/jornaldasoficinas.com\\\/pt\\\/deco-afirma-que-comprar-carro-eletrico-ja-compensa\\\/#primaryimage\"},\"thumbnailUrl\":\"https:\\\/\\\/jornaldasoficinas.com\\\/pt\\\/wp-content\\\/uploads\\\/2021\\\/06\\\/DECO-afirma.jpg\",\"datePublished\":\"2021-07-02T17:00:34+00:00\",\"dateModified\":\"2021-07-05T21:01:43+00:00\",\"description\":\"A DECO realizou um estudo que calcula os custos associados \u00e0s v\u00e1rias tecnologias de autom\u00f3veis, concluiu que comprar carro el\u00e9trico \u00e9 um bom neg\u00f3cio\",\"breadcrumb\":{\"@id\":\"https:\\\/\\\/jornaldasoficinas.com\\\/pt\\\/deco-afirma-que-comprar-carro-eletrico-ja-compensa\\\/#breadcrumb\"},\"inLanguage\":\"pt-PT\",\"potentialAction\":[{\"@type\":\"ReadAction\",\"target\":[\"https:\\\/\\\/jornaldasoficinas.com\\\/pt\\\/deco-afirma-que-comprar-carro-eletrico-ja-compensa\\\/\"]}]},{\"@type\":\"ImageObject\",\"inLanguage\":\"pt-PT\",\"@id\":\"https:\\\/\\\/jornaldasoficinas.com\\\/pt\\\/deco-afirma-que-comprar-carro-eletrico-ja-compensa\\\/#primaryimage\",\"url\":\"https:\\\/\\\/jornaldasoficinas.com\\\/pt\\\/wp-content\\\/uploads\\\/2021\\\/06\\\/DECO-afirma.jpg\",\"contentUrl\":\"https:\\\/\\\/jornaldasoficinas.com\\\/pt\\\/wp-content\\\/uploads\\\/2021\\\/06\\\/DECO-afirma.jpg\",\"width\":1024,\"height\":581,\"caption\":\"06 - DECO-afirma\"},{\"@type\":\"BreadcrumbList\",\"@id\":\"https:\\\/\\\/jornaldasoficinas.com\\\/pt\\\/deco-afirma-que-comprar-carro-eletrico-ja-compensa\\\/#breadcrumb\",\"itemListElement\":[{\"@type\":\"ListItem\",\"position\":1,\"name\":\"In\u00edcio\",\"item\":\"https:\\\/\\\/jornaldasoficinas.com\\\/pt\\\/\"},{\"@type\":\"ListItem\",\"position\":2,\"name\":\"DECO afirma que comprar carro el\u00e9trico j\u00e1 compensa\"}]},{\"@type\":\"WebSite\",\"@id\":\"https:\\\/\\\/jornaldasoficinas.com\\\/pt\\\/#website\",\"url\":\"https:\\\/\\\/jornaldasoficinas.com\\\/pt\\\/\",\"name\":\"Jornal das Oficinas\",\"description\":\"Jornal independente do Aftermarket Autom\u00f3vel em Portugal\",\"publisher\":{\"@id\":\"https:\\\/\\\/jornaldasoficinas.com\\\/pt\\\/#organization\"},\"potentialAction\":[{\"@type\":\"SearchAction\",\"target\":{\"@type\":\"EntryPoint\",\"urlTemplate\":\"https:\\\/\\\/jornaldasoficinas.com\\\/pt\\\/?s={search_term_string}\"},\"query-input\":{\"@type\":\"PropertyValueSpecification\",\"valueRequired\":true,\"valueName\":\"search_term_string\"}}],\"inLanguage\":\"pt-PT\"},{\"@type\":\"Organization\",\"@id\":\"https:\\\/\\\/jornaldasoficinas.com\\\/pt\\\/#organization\",\"name\":\"Jornal das Oficinas\",\"url\":\"https:\\\/\\\/jornaldasoficinas.com\\\/pt\\\/\",\"logo\":{\"@type\":\"ImageObject\",\"inLanguage\":\"pt-PT\",\"@id\":\"https:\\\/\\\/jornaldasoficinas.com\\\/pt\\\/#\\\/schema\\\/logo\\\/image\\\/\",\"url\":\"https:\\\/\\\/jornaldasoficinas.com\\\/pt\\\/wp-content\\\/uploads\\\/logoJO-SEO.png\",\"contentUrl\":\"https:\\\/\\\/jornaldasoficinas.com\\\/pt\\\/wp-content\\\/uploads\\\/logoJO-SEO.png\",\"width\":285,\"height\":450,\"caption\":\"Jornal das Oficinas\"},\"image\":{\"@id\":\"https:\\\/\\\/jornaldasoficinas.com\\\/pt\\\/#\\\/schema\\\/logo\\\/image\\\/\"},\"sameAs\":[\"https:\\\/\\\/www.facebook.com\\\/jornaloficinas\",\"https:\\\/\\\/x.com\\\/jornaloficinas\",\"https:\\\/\\\/www.instagram.com\\\/jornal_oficinas\\\/\",\"https:\\\/\\\/www.linkedin.com\\\/company\\\/jornal-das-oficinas\\\/\",\"https:\\\/\\\/www.youtube.com\\\/channel\\\/UCbQZBqtcvV-oSQrr7RzINGg\"]},{\"@type\":\"Person\",\"@id\":\"https:\\\/\\\/jornaldasoficinas.com\\\/pt\\\/#\\\/schema\\\/person\\\/a38eef5de2c41d9e7c9ac10141afddf3\",\"name\":\"Reda\u00e7\u00e3o JO\",\"image\":{\"@type\":\"ImageObject\",\"inLanguage\":\"pt-PT\",\"@id\":\"https:\\\/\\\/secure.gravatar.com\\\/avatar\\\/71f2fa71737ad68a84fea94bc708ddac8ea5b0c4788dc2ad202f3ccb2887742f?s=96&d=wp_user_avatar&r=g\",\"url\":\"https:\\\/\\\/secure.gravatar.com\\\/avatar\\\/71f2fa71737ad68a84fea94bc708ddac8ea5b0c4788dc2ad202f3ccb2887742f?s=96&d=wp_user_avatar&r=g\",\"contentUrl\":\"https:\\\/\\\/secure.gravatar.com\\\/avatar\\\/71f2fa71737ad68a84fea94bc708ddac8ea5b0c4788dc2ad202f3ccb2887742f?s=96&d=wp_user_avatar&r=g\",\"caption\":\"Reda\u00e7\u00e3o JO\"},\"url\":\"https:\\\/\\\/jornaldasoficinas.com\\\/pt\\\/author\\\/joredacao\\\/\"}]}<\/script>\n<!-- \/ Yoast SEO plugin. -->","yoast_head_json":{"title":"DECO afirma que comprar carro el\u00e9trico j\u00e1 compensa - Jornal das Oficinas","description":"A DECO realizou um estudo que calcula os custos associados \u00e0s v\u00e1rias tecnologias de autom\u00f3veis, concluiu que comprar carro el\u00e9trico \u00e9 um bom neg\u00f3cio","robots":{"index":"index","follow":"follow","max-snippet":"max-snippet:-1","max-image-preview":"max-image-preview:large","max-video-preview":"max-video-preview:-1"},"canonical":"https:\/\/jornaldasoficinas.com\/pt\/deco-afirma-que-comprar-carro-eletrico-ja-compensa\/","og_locale":"pt_PT","og_type":"article","og_title":"DECO afirma que comprar carro el\u00e9trico j\u00e1 compensa - Jornal das Oficinas","og_description":"A DECO realizou um estudo que calcula os custos associados \u00e0s v\u00e1rias tecnologias de autom\u00f3veis, concluiu que comprar carro el\u00e9trico \u00e9 um bom neg\u00f3cio","og_url":"https:\/\/jornaldasoficinas.com\/pt\/deco-afirma-que-comprar-carro-eletrico-ja-compensa\/","og_site_name":"Jornal das Oficinas","article_publisher":"https:\/\/www.facebook.com\/jornaloficinas","article_published_time":"2021-07-02T17:00:34+00:00","article_modified_time":"2021-07-05T21:01:43+00:00","og_image":[{"width":1024,"height":581,"url":"https:\/\/jornaldasoficinas.com\/pt\/wp-content\/uploads\/2021\/06\/DECO-afirma.jpg","type":"image\/jpeg"}],"author":"Reda\u00e7\u00e3o JO","twitter_card":"summary_large_image","twitter_creator":"@jornaloficinas","twitter_site":"@jornaloficinas","twitter_misc":{"Escrito por":"Reda\u00e7\u00e3o JO","Tempo estimado de leitura":"3 minutos"},"schema":{"@context":"https:\/\/schema.org","@graph":[{"@type":"Article","@id":"https:\/\/jornaldasoficinas.com\/pt\/deco-afirma-que-comprar-carro-eletrico-ja-compensa\/#article","isPartOf":{"@id":"https:\/\/jornaldasoficinas.com\/pt\/deco-afirma-que-comprar-carro-eletrico-ja-compensa\/"},"author":{"name":"Reda\u00e7\u00e3o JO","@id":"https:\/\/jornaldasoficinas.com\/pt\/#\/schema\/person\/a38eef5de2c41d9e7c9ac10141afddf3"},"headline":"DECO afirma que comprar carro el\u00e9trico j\u00e1 compensa","datePublished":"2021-07-02T17:00:34+00:00","dateModified":"2021-07-05T21:01:43+00:00","mainEntityOfPage":{"@id":"https:\/\/jornaldasoficinas.com\/pt\/deco-afirma-que-comprar-carro-eletrico-ja-compensa\/"},"wordCount":552,"publisher":{"@id":"https:\/\/jornaldasoficinas.com\/pt\/#organization"},"image":{"@id":"https:\/\/jornaldasoficinas.com\/pt\/deco-afirma-que-comprar-carro-eletrico-ja-compensa\/#primaryimage"},"thumbnailUrl":"https:\/\/jornaldasoficinas.com\/pt\/wp-content\/uploads\/2021\/06\/DECO-afirma.jpg","keywords":["DECO"],"articleSection":["Mercado"],"inLanguage":"pt-PT"},{"@type":"WebPage","@id":"https:\/\/jornaldasoficinas.com\/pt\/deco-afirma-que-comprar-carro-eletrico-ja-compensa\/","url":"https:\/\/jornaldasoficinas.com\/pt\/deco-afirma-que-comprar-carro-eletrico-ja-compensa\/","name":"DECO afirma que comprar carro el\u00e9trico j\u00e1 compensa - Jornal das Oficinas","isPartOf":{"@id":"https:\/\/jornaldasoficinas.com\/pt\/#website"},"primaryImageOfPage":{"@id":"https:\/\/jornaldasoficinas.com\/pt\/deco-afirma-que-comprar-carro-eletrico-ja-compensa\/#primaryimage"},"image":{"@id":"https:\/\/jornaldasoficinas.com\/pt\/deco-afirma-que-comprar-carro-eletrico-ja-compensa\/#primaryimage"},"thumbnailUrl":"https:\/\/jornaldasoficinas.com\/pt\/wp-content\/uploads\/2021\/06\/DECO-afirma.jpg","datePublished":"2021-07-02T17:00:34+00:00","dateModified":"2021-07-05T21:01:43+00:00","description":"A DECO realizou um estudo que calcula os custos associados \u00e0s v\u00e1rias tecnologias de autom\u00f3veis, concluiu que comprar carro el\u00e9trico \u00e9 um bom neg\u00f3cio","breadcrumb":{"@id":"https:\/\/jornaldasoficinas.com\/pt\/deco-afirma-que-comprar-carro-eletrico-ja-compensa\/#breadcrumb"},"inLanguage":"pt-PT","potentialAction":[{"@type":"ReadAction","target":["https:\/\/jornaldasoficinas.com\/pt\/deco-afirma-que-comprar-carro-eletrico-ja-compensa\/"]}]},{"@type":"ImageObject","inLanguage":"pt-PT","@id":"https:\/\/jornaldasoficinas.com\/pt\/deco-afirma-que-comprar-carro-eletrico-ja-compensa\/#primaryimage","url":"https:\/\/jornaldasoficinas.com\/pt\/wp-content\/uploads\/2021\/06\/DECO-afirma.jpg","contentUrl":"https:\/\/jornaldasoficinas.com\/pt\/wp-content\/uploads\/2021\/06\/DECO-afirma.jpg","width":1024,"height":581,"caption":"06 - DECO-afirma"},{"@type":"BreadcrumbList","@id":"https:\/\/jornaldasoficinas.com\/pt\/deco-afirma-que-comprar-carro-eletrico-ja-compensa\/#breadcrumb","itemListElement":[{"@type":"ListItem","position":1,"name":"In\u00edcio","item":"https:\/\/jornaldasoficinas.com\/pt\/"},{"@type":"ListItem","position":2,"name":"DECO afirma que comprar carro el\u00e9trico j\u00e1 compensa"}]},{"@type":"WebSite","@id":"https:\/\/jornaldasoficinas.com\/pt\/#website","url":"https:\/\/jornaldasoficinas.com\/pt\/","name":"Jornal das Oficinas","description":"Jornal independente do Aftermarket Autom\u00f3vel em Portugal","publisher":{"@id":"https:\/\/jornaldasoficinas.com\/pt\/#organization"},"potentialAction":[{"@type":"SearchAction","target":{"@type":"EntryPoint","urlTemplate":"https:\/\/jornaldasoficinas.com\/pt\/?s={search_term_string}"},"query-input":{"@type":"PropertyValueSpecification","valueRequired":true,"valueName":"search_term_string"}}],"inLanguage":"pt-PT"},{"@type":"Organization","@id":"https:\/\/jornaldasoficinas.com\/pt\/#organization","name":"Jornal das Oficinas","url":"https:\/\/jornaldasoficinas.com\/pt\/","logo":{"@type":"ImageObject","inLanguage":"pt-PT","@id":"https:\/\/jornaldasoficinas.com\/pt\/#\/schema\/logo\/image\/","url":"https:\/\/jornaldasoficinas.com\/pt\/wp-content\/uploads\/logoJO-SEO.png","contentUrl":"https:\/\/jornaldasoficinas.com\/pt\/wp-content\/uploads\/logoJO-SEO.png","width":285,"height":450,"caption":"Jornal das Oficinas"},"image":{"@id":"https:\/\/jornaldasoficinas.com\/pt\/#\/schema\/logo\/image\/"},"sameAs":["https:\/\/www.facebook.com\/jornaloficinas","https:\/\/x.com\/jornaloficinas","https:\/\/www.instagram.com\/jornal_oficinas\/","https:\/\/www.linkedin.com\/company\/jornal-das-oficinas\/","https:\/\/www.youtube.com\/channel\/UCbQZBqtcvV-oSQrr7RzINGg"]},{"@type":"Person","@id":"https:\/\/jornaldasoficinas.com\/pt\/#\/schema\/person\/a38eef5de2c41d9e7c9ac10141afddf3","name":"Reda\u00e7\u00e3o JO","image":{"@type":"ImageObject","inLanguage":"pt-PT","@id":"https:\/\/secure.gravatar.com\/avatar\/71f2fa71737ad68a84fea94bc708ddac8ea5b0c4788dc2ad202f3ccb2887742f?s=96&d=wp_user_avatar&r=g","url":"https:\/\/secure.gravatar.com\/avatar\/71f2fa71737ad68a84fea94bc708ddac8ea5b0c4788dc2ad202f3ccb2887742f?s=96&d=wp_user_avatar&r=g","contentUrl":"https:\/\/secure.gravatar.com\/avatar\/71f2fa71737ad68a84fea94bc708ddac8ea5b0c4788dc2ad202f3ccb2887742f?s=96&d=wp_user_avatar&r=g","caption":"Reda\u00e7\u00e3o JO"},"url":"https:\/\/jornaldasoficinas.com\/pt\/author\/joredacao\/"}]}},"_links":{"self":[{"href":"https:\/\/jornaldasoficinas.com\/pt\/wp-json\/wp\/v2\/posts\/22335","targetHints":{"allow":["GET"]}}],"collection":[{"href":"https:\/\/jornaldasoficinas.com\/pt\/wp-json\/wp\/v2\/posts"}],"about":[{"href":"https:\/\/jornaldasoficinas.com\/pt\/wp-json\/wp\/v2\/types\/post"}],"author":[{"embeddable":true,"href":"https:\/\/jornaldasoficinas.com\/pt\/wp-json\/wp\/v2\/users\/15"}],"replies":[{"embeddable":true,"href":"https:\/\/jornaldasoficinas.com\/pt\/wp-json\/wp\/v2\/comments?post=22335"}],"version-history":[{"count":0,"href":"https:\/\/jornaldasoficinas.com\/pt\/wp-json\/wp\/v2\/posts\/22335\/revisions"}],"wp:featuredmedia":[{"embeddable":true,"href":"https:\/\/jornaldasoficinas.com\/pt\/wp-json\/wp\/v2\/media\/22317"}],"wp:attachment":[{"href":"https:\/\/jornaldasoficinas.com\/pt\/wp-json\/wp\/v2\/media?parent=22335"}],"wp:term":[{"taxonomy":"category","embeddable":true,"href":"https:\/\/jornaldasoficinas.com\/pt\/wp-json\/wp\/v2\/categories?post=22335"},{"taxonomy":"post_tag","embeddable":true,"href":"https:\/\/jornaldasoficinas.com\/pt\/wp-json\/wp\/v2\/tags?post=22335"}],"curies":[{"name":"wp","href":"https:\/\/api.w.org\/{rel}","templated":true}]}}