{"id":22416,"date":"2021-07-08T18:00:14","date_gmt":"2021-07-08T17:00:14","guid":{"rendered":"https:\/\/jornaldasoficinas.com\/pt\/?p=22416"},"modified":"2021-10-18T11:49:50","modified_gmt":"2021-10-18T10:49:50","slug":"carregar-um-carro-eletrico-quanto-custa","status":"publish","type":"post","link":"https:\/\/jornaldasoficinas.com\/pt\/carregar-um-carro-eletrico-quanto-custa\/","title":{"rendered":"Carregar um carro el\u00e9trico. Quanto custa?"},"content":{"rendered":"<p><strong><img loading=\"lazy\" decoding=\"async\" class=\"alignnone wp-image-22401 size-full\" src=\"https:\/\/jornaldasoficinas.com\/pt\/wp-content\/uploads\/2021\/07\/Carregar-um-carro-eletrico.jpg\" alt=\"07 - Carregar-um-carro-ele\u0301trico\" width=\"1024\" height=\"581\" srcset=\"https:\/\/jornaldasoficinas.com\/pt\/wp-content\/uploads\/2021\/07\/Carregar-um-carro-eletrico.jpg 1024w, https:\/\/jornaldasoficinas.com\/pt\/wp-content\/uploads\/2021\/07\/Carregar-um-carro-eletrico-300x170.jpg 300w, https:\/\/jornaldasoficinas.com\/pt\/wp-content\/uploads\/2021\/07\/Carregar-um-carro-eletrico-150x85.jpg 150w, https:\/\/jornaldasoficinas.com\/pt\/wp-content\/uploads\/2021\/07\/Carregar-um-carro-eletrico-768x436.jpg 768w\" sizes=\"auto, (max-width: 1024px) 100vw, 1024px\" \/><\/strong><\/p>\n<p><strong>Se est\u00e1 a pensar em adquirir um carro el\u00e9trico deve ter em conta que a sua utiliza\u00e7\u00e3o vai ter impacto sobre a fatura de eletricidade<\/strong><\/p>\n<p>Por isso mesmo, a Selectra &#8211; especialistas na compara\u00e7\u00e3o de tarifas de eletricidade e g\u00e1s- realizou um estudo que demonstra o incremento do valor a pagar na fatura de eletricidade com a utiliza\u00e7\u00e3o no quotidiano de um dos carros el\u00e9tricos do top tr\u00eas dos mais vendidos em Portugal: Nissan Leaf, Renault ZOE e BMW i3 Series<\/p>\n<p>Cada vez mais, os carros el\u00e9tricos fazem parte das op\u00e7\u00f5es de mobilidade no quotidiano dos portugueses, seja atrav\u00e9s das desloca\u00e7\u00f5es em ve\u00edculos privados, seja atrav\u00e9s dos m\u00faltiplas ofertas do servi\u00e7o de &#8216;carsharing&#8217;, dispon\u00edveis nas grandes cidades portuguesas.<\/p>\n<p><strong>Atualmente, os consumidores encontram \u00e0 sua disposi\u00e7\u00e3o um conjunto de incentivos para a compra deste tipo de ve\u00edculo:<\/strong><\/p>\n<ul>\n<li>Apoio financeiro at\u00e9 \u20ac 3.000, para clientes particulares, e at\u00e9 \u20ac 2.000, para empresas;<\/li>\n<li>Clientes privados: isen\u00e7\u00e3o do Imposto \u00danico de Circula\u00e7\u00e3o (IUC) e isen\u00e7\u00e3o do Imposto sobre Ve\u00edculos Automotores (ISV).<\/li>\n<li>Clientes Empresas: isen\u00e7\u00e3o de tributa\u00e7\u00e3o no IRC e dedu\u00e7\u00e3o do IVA.<\/li>\n<\/ul>\n<p><strong>Carregar um carro el\u00e9trico em casa<br \/>\n<\/strong>Desde logo, consideremos o exemplo de um agregado familiar, com uma <a href=\"https:\/\/luzegas.pt\/faq\/potencia-contratada\" target=\"_blank\" rel=\"noopener\">pot\u00eancia el\u00e9trica<\/a> contratada de 6,9 kVA. Dado que a utiliza\u00e7\u00e3o do ve\u00edculo el\u00e9trico sup\u00f5e um incremento do <a href=\"https:\/\/selectra.pt\/energia\/info\/consumo-energetico\" target=\"_blank\" rel=\"noopener\">consumo energ\u00e9tico<\/a> mensal que necessariamente ultrapassaria os 100 kWH, fica desde logo eleg\u00edvel para a adicionar 23% de IVA aos c\u00e1lculos na sua fatura.<\/p>\n<p>Finalmente, importa ent\u00e3o saber quais os ciclos hor\u00e1rios em que lhe compensa mais e menos efetuar os carregamentos necess\u00e1rios para deslocar-se entre casa e o trabalho, ao longo do m\u00eas. Igualmente, vejamos quais os modelos de autom\u00f3veis que sup\u00f5em um maior incremento no valor a pagar pela fatura energ\u00e9tica.<\/p>\n<p><strong>Renault Zoe<br \/>\n<\/strong>Este modelo oferece uma bateria de 40 kWh e uma autonomia de at\u00e9 350 km. No exemplo cl\u00e1ssico em que o movimento pendular casa-trabalho di\u00e1rio se aproxima dos 30km, a utiliza\u00e7\u00e3o deste modelo el\u00e9trico para esse efeito exigiria cerca de dois carregamentos por m\u00eas (1,89 carregamentos) .<\/p>\n<p>Para os consumidores que optam por uma tarifa simples, cujo pre\u00e7o \u00e9 fixo durante um \u00fanico ciclo hor\u00e1rio, o custo do carregamento seria de aproximadamente 6\u20ac, sem impostos, e de aproximadamente 7,50\u20ac, com 23% de IVA inclu\u00eddo, ou seja, um total de aproximadamente 14\u20ac\/m\u00eas, quando contabilizamos os dois carregamentos mensais.<\/p>\n<p>Pelo contr\u00e1rio, para os consumidores com uma tarifa tri-hor\u00e1ria, com os ciclos hor\u00e1rios Pontas, Cheias e Vazio, o pre\u00e7o a pagar pelos carregamentos variar\u00e1 em fun\u00e7\u00e3o da hora escolhida para o efeito.<\/p>\n<p>No per\u00edodo mais econ\u00f3mico, o vazio (22h00 \u00e0s 8h00), o carregamento completo deste carro el\u00e9trico, custar\u00e1 em torno dos 4,77\u20ac, ascendendo as duas recargas a aproximadamente 9\u20ac. No per\u00edodo interm\u00e9dio, durante os ciclos hor\u00e1rios Cheias (das 8h00 \u00e0s 10h30; das 13h00 \u00e0s 19h30; das 21h00 \u00e0s 22h00), o valor a pagar pelos dois carregamentos ascende a 14,55\u20ac.<\/p>\n<p>Claramente, dever\u00e1 evitar a todo o custo a realiza\u00e7\u00e3o dos carregamentos nos per\u00edodos hor\u00e1rios mais caros, dado que o custo agregado poder\u00e1 ascender a 25,99\u20ac, ou seja, o triplo de faz\u00ea-lo nos per\u00edodos hor\u00e1rios mais econ\u00f3micos.<\/p>\n<p><strong>Nissan Leaf<br \/>\n<\/strong>Este ve\u00edculo oferece uma autonomia de 270 km e uma bateria de 40 kWh. Tendo em conta o exemplo do movimento pendular anteriormente referido de aproximadamente 30 km di\u00e1rios, com este modelo seriam necess\u00e1rios 2,44 carregamentos para realizar tais desloca\u00e7\u00f5es.<\/p>\n<p>Isto significa que no caso dos consumidores com as tarifas simples, o custo a pagar ao final do m\u00eas rondaria aproximadamente os \u20ac18.<\/p>\n<p>Pelo contr\u00e1rio, se o utilizador possui uma tarifa tri-hor\u00e1ria e carrega o ve\u00edculo \u00e0 noite, durante o per\u00edodo mais barato, o valor a pagar mensalmente ficaria em torno dos 11,65\u20ac relativamente a uns cerca de 33\u20ac que pagaria por tais carregamentos no per\u00edodo hor\u00e1rio mais caro e aproximadamente 19\u20ac durante o per\u00edodo interm\u00e9dio.<\/p>\n","protected":false},"excerpt":{"rendered":"<p>Se est\u00e1 a pensar em adquirir&#8230;<\/p>\n","protected":false},"author":15,"featured_media":22401,"comment_status":"closed","ping_status":"closed","sticky":false,"template":"","format":"standard","meta":{"footnotes":""},"categories":[37],"tags":[],"class_list":["post-22416","post","type-post","status-publish","format-standard","has-post-thumbnail","hentry","category-mercado"],"yoast_head":"<!-- This site is optimized with the Yoast SEO plugin v27.4 - https:\/\/yoast.com\/product\/yoast-seo-wordpress\/ -->\n<title>Carregar um carro el\u00e9trico. Quanto custa? - Jornal das Oficinas<\/title>\n<meta name=\"description\" content=\"Se est\u00e1 a pensar em adquirir um carro el\u00e9trico deve ter em conta que a sua utiliza\u00e7\u00e3o vai ter impacto sobre a fatura de eletricidade\" \/>\n<meta name=\"robots\" content=\"index, follow, max-snippet:-1, max-image-preview:large, max-video-preview:-1\" \/>\n<link rel=\"canonical\" href=\"https:\/\/jornaldasoficinas.com\/pt\/carregar-um-carro-eletrico-quanto-custa\/\" \/>\n<meta property=\"og:locale\" content=\"pt_PT\" \/>\n<meta property=\"og:type\" content=\"article\" \/>\n<meta property=\"og:title\" content=\"Carregar um carro el\u00e9trico. Quanto custa? - Jornal das Oficinas\" \/>\n<meta property=\"og:description\" content=\"Se est\u00e1 a pensar em adquirir um carro el\u00e9trico deve ter em conta que a sua utiliza\u00e7\u00e3o vai ter impacto sobre a fatura de eletricidade\" \/>\n<meta property=\"og:url\" content=\"https:\/\/jornaldasoficinas.com\/pt\/carregar-um-carro-eletrico-quanto-custa\/\" \/>\n<meta property=\"og:site_name\" content=\"Jornal das Oficinas\" \/>\n<meta property=\"article:publisher\" content=\"https:\/\/www.facebook.com\/jornaloficinas\" \/>\n<meta property=\"article:published_time\" content=\"2021-07-08T17:00:14+00:00\" \/>\n<meta property=\"article:modified_time\" content=\"2021-10-18T10:49:50+00:00\" \/>\n<meta property=\"og:image\" content=\"https:\/\/jornaldasoficinas.com\/pt\/wp-content\/uploads\/2021\/07\/Carregar-um-carro-eletrico.jpg\" \/>\n\t<meta property=\"og:image:width\" content=\"1024\" \/>\n\t<meta property=\"og:image:height\" content=\"581\" \/>\n\t<meta property=\"og:image:type\" content=\"image\/jpeg\" \/>\n<meta name=\"author\" content=\"Reda\u00e7\u00e3o JO\" \/>\n<meta name=\"twitter:card\" content=\"summary_large_image\" \/>\n<meta name=\"twitter:creator\" content=\"@jornaloficinas\" \/>\n<meta name=\"twitter:site\" content=\"@jornaloficinas\" \/>\n<meta name=\"twitter:label1\" content=\"Escrito por\" \/>\n\t<meta name=\"twitter:data1\" content=\"Reda\u00e7\u00e3o JO\" \/>\n\t<meta name=\"twitter:label2\" content=\"Tempo estimado de leitura\" \/>\n\t<meta name=\"twitter:data2\" content=\"3 minutos\" \/>\n<script type=\"application\/ld+json\" class=\"yoast-schema-graph\">{\"@context\":\"https:\\\/\\\/schema.org\",\"@graph\":[{\"@type\":\"Article\",\"@id\":\"https:\\\/\\\/jornaldasoficinas.com\\\/pt\\\/carregar-um-carro-eletrico-quanto-custa\\\/#article\",\"isPartOf\":{\"@id\":\"https:\\\/\\\/jornaldasoficinas.com\\\/pt\\\/carregar-um-carro-eletrico-quanto-custa\\\/\"},\"author\":{\"name\":\"Reda\u00e7\u00e3o JO\",\"@id\":\"https:\\\/\\\/jornaldasoficinas.com\\\/pt\\\/#\\\/schema\\\/person\\\/a38eef5de2c41d9e7c9ac10141afddf3\"},\"headline\":\"Carregar um carro el\u00e9trico. Quanto custa?\",\"datePublished\":\"2021-07-08T17:00:14+00:00\",\"dateModified\":\"2021-10-18T10:49:50+00:00\",\"mainEntityOfPage\":{\"@id\":\"https:\\\/\\\/jornaldasoficinas.com\\\/pt\\\/carregar-um-carro-eletrico-quanto-custa\\\/\"},\"wordCount\":687,\"publisher\":{\"@id\":\"https:\\\/\\\/jornaldasoficinas.com\\\/pt\\\/#organization\"},\"image\":{\"@id\":\"https:\\\/\\\/jornaldasoficinas.com\\\/pt\\\/carregar-um-carro-eletrico-quanto-custa\\\/#primaryimage\"},\"thumbnailUrl\":\"https:\\\/\\\/jornaldasoficinas.com\\\/pt\\\/wp-content\\\/uploads\\\/2021\\\/07\\\/Carregar-um-carro-eletrico.jpg\",\"articleSection\":[\"Mercado\"],\"inLanguage\":\"pt-PT\"},{\"@type\":\"WebPage\",\"@id\":\"https:\\\/\\\/jornaldasoficinas.com\\\/pt\\\/carregar-um-carro-eletrico-quanto-custa\\\/\",\"url\":\"https:\\\/\\\/jornaldasoficinas.com\\\/pt\\\/carregar-um-carro-eletrico-quanto-custa\\\/\",\"name\":\"Carregar um carro el\u00e9trico. Quanto custa? - Jornal das Oficinas\",\"isPartOf\":{\"@id\":\"https:\\\/\\\/jornaldasoficinas.com\\\/pt\\\/#website\"},\"primaryImageOfPage\":{\"@id\":\"https:\\\/\\\/jornaldasoficinas.com\\\/pt\\\/carregar-um-carro-eletrico-quanto-custa\\\/#primaryimage\"},\"image\":{\"@id\":\"https:\\\/\\\/jornaldasoficinas.com\\\/pt\\\/carregar-um-carro-eletrico-quanto-custa\\\/#primaryimage\"},\"thumbnailUrl\":\"https:\\\/\\\/jornaldasoficinas.com\\\/pt\\\/wp-content\\\/uploads\\\/2021\\\/07\\\/Carregar-um-carro-eletrico.jpg\",\"datePublished\":\"2021-07-08T17:00:14+00:00\",\"dateModified\":\"2021-10-18T10:49:50+00:00\",\"description\":\"Se est\u00e1 a pensar em adquirir um carro el\u00e9trico deve ter em conta que a sua utiliza\u00e7\u00e3o vai ter impacto sobre a fatura de eletricidade\",\"breadcrumb\":{\"@id\":\"https:\\\/\\\/jornaldasoficinas.com\\\/pt\\\/carregar-um-carro-eletrico-quanto-custa\\\/#breadcrumb\"},\"inLanguage\":\"pt-PT\",\"potentialAction\":[{\"@type\":\"ReadAction\",\"target\":[\"https:\\\/\\\/jornaldasoficinas.com\\\/pt\\\/carregar-um-carro-eletrico-quanto-custa\\\/\"]}]},{\"@type\":\"ImageObject\",\"inLanguage\":\"pt-PT\",\"@id\":\"https:\\\/\\\/jornaldasoficinas.com\\\/pt\\\/carregar-um-carro-eletrico-quanto-custa\\\/#primaryimage\",\"url\":\"https:\\\/\\\/jornaldasoficinas.com\\\/pt\\\/wp-content\\\/uploads\\\/2021\\\/07\\\/Carregar-um-carro-eletrico.jpg\",\"contentUrl\":\"https:\\\/\\\/jornaldasoficinas.com\\\/pt\\\/wp-content\\\/uploads\\\/2021\\\/07\\\/Carregar-um-carro-eletrico.jpg\",\"width\":1024,\"height\":581,\"caption\":\"07 - Carregar-um-carro-ele\u0301trico\"},{\"@type\":\"BreadcrumbList\",\"@id\":\"https:\\\/\\\/jornaldasoficinas.com\\\/pt\\\/carregar-um-carro-eletrico-quanto-custa\\\/#breadcrumb\",\"itemListElement\":[{\"@type\":\"ListItem\",\"position\":1,\"name\":\"In\u00edcio\",\"item\":\"https:\\\/\\\/jornaldasoficinas.com\\\/pt\\\/\"},{\"@type\":\"ListItem\",\"position\":2,\"name\":\"Carregar um carro el\u00e9trico. Quanto custa?\"}]},{\"@type\":\"WebSite\",\"@id\":\"https:\\\/\\\/jornaldasoficinas.com\\\/pt\\\/#website\",\"url\":\"https:\\\/\\\/jornaldasoficinas.com\\\/pt\\\/\",\"name\":\"Jornal das Oficinas\",\"description\":\"Jornal independente do Aftermarket Autom\u00f3vel em Portugal\",\"publisher\":{\"@id\":\"https:\\\/\\\/jornaldasoficinas.com\\\/pt\\\/#organization\"},\"potentialAction\":[{\"@type\":\"SearchAction\",\"target\":{\"@type\":\"EntryPoint\",\"urlTemplate\":\"https:\\\/\\\/jornaldasoficinas.com\\\/pt\\\/?s={search_term_string}\"},\"query-input\":{\"@type\":\"PropertyValueSpecification\",\"valueRequired\":true,\"valueName\":\"search_term_string\"}}],\"inLanguage\":\"pt-PT\"},{\"@type\":\"Organization\",\"@id\":\"https:\\\/\\\/jornaldasoficinas.com\\\/pt\\\/#organization\",\"name\":\"Jornal das Oficinas\",\"url\":\"https:\\\/\\\/jornaldasoficinas.com\\\/pt\\\/\",\"logo\":{\"@type\":\"ImageObject\",\"inLanguage\":\"pt-PT\",\"@id\":\"https:\\\/\\\/jornaldasoficinas.com\\\/pt\\\/#\\\/schema\\\/logo\\\/image\\\/\",\"url\":\"https:\\\/\\\/jornaldasoficinas.com\\\/pt\\\/wp-content\\\/uploads\\\/logoJO-SEO.png\",\"contentUrl\":\"https:\\\/\\\/jornaldasoficinas.com\\\/pt\\\/wp-content\\\/uploads\\\/logoJO-SEO.png\",\"width\":285,\"height\":450,\"caption\":\"Jornal das Oficinas\"},\"image\":{\"@id\":\"https:\\\/\\\/jornaldasoficinas.com\\\/pt\\\/#\\\/schema\\\/logo\\\/image\\\/\"},\"sameAs\":[\"https:\\\/\\\/www.facebook.com\\\/jornaloficinas\",\"https:\\\/\\\/x.com\\\/jornaloficinas\",\"https:\\\/\\\/www.instagram.com\\\/jornal_oficinas\\\/\",\"https:\\\/\\\/www.linkedin.com\\\/company\\\/jornal-das-oficinas\\\/\",\"https:\\\/\\\/www.youtube.com\\\/channel\\\/UCbQZBqtcvV-oSQrr7RzINGg\"]},{\"@type\":\"Person\",\"@id\":\"https:\\\/\\\/jornaldasoficinas.com\\\/pt\\\/#\\\/schema\\\/person\\\/a38eef5de2c41d9e7c9ac10141afddf3\",\"name\":\"Reda\u00e7\u00e3o JO\",\"image\":{\"@type\":\"ImageObject\",\"inLanguage\":\"pt-PT\",\"@id\":\"https:\\\/\\\/secure.gravatar.com\\\/avatar\\\/71f2fa71737ad68a84fea94bc708ddac8ea5b0c4788dc2ad202f3ccb2887742f?s=96&d=wp_user_avatar&r=g\",\"url\":\"https:\\\/\\\/secure.gravatar.com\\\/avatar\\\/71f2fa71737ad68a84fea94bc708ddac8ea5b0c4788dc2ad202f3ccb2887742f?s=96&d=wp_user_avatar&r=g\",\"contentUrl\":\"https:\\\/\\\/secure.gravatar.com\\\/avatar\\\/71f2fa71737ad68a84fea94bc708ddac8ea5b0c4788dc2ad202f3ccb2887742f?s=96&d=wp_user_avatar&r=g\",\"caption\":\"Reda\u00e7\u00e3o JO\"},\"url\":\"https:\\\/\\\/jornaldasoficinas.com\\\/pt\\\/author\\\/joredacao\\\/\"}]}<\/script>\n<!-- \/ Yoast SEO plugin. -->","yoast_head_json":{"title":"Carregar um carro el\u00e9trico. Quanto custa? - Jornal das Oficinas","description":"Se est\u00e1 a pensar em adquirir um carro el\u00e9trico deve ter em conta que a sua utiliza\u00e7\u00e3o vai ter impacto sobre a fatura de eletricidade","robots":{"index":"index","follow":"follow","max-snippet":"max-snippet:-1","max-image-preview":"max-image-preview:large","max-video-preview":"max-video-preview:-1"},"canonical":"https:\/\/jornaldasoficinas.com\/pt\/carregar-um-carro-eletrico-quanto-custa\/","og_locale":"pt_PT","og_type":"article","og_title":"Carregar um carro el\u00e9trico. Quanto custa? - Jornal das Oficinas","og_description":"Se est\u00e1 a pensar em adquirir um carro el\u00e9trico deve ter em conta que a sua utiliza\u00e7\u00e3o vai ter impacto sobre a fatura de eletricidade","og_url":"https:\/\/jornaldasoficinas.com\/pt\/carregar-um-carro-eletrico-quanto-custa\/","og_site_name":"Jornal das Oficinas","article_publisher":"https:\/\/www.facebook.com\/jornaloficinas","article_published_time":"2021-07-08T17:00:14+00:00","article_modified_time":"2021-10-18T10:49:50+00:00","og_image":[{"width":1024,"height":581,"url":"https:\/\/jornaldasoficinas.com\/pt\/wp-content\/uploads\/2021\/07\/Carregar-um-carro-eletrico.jpg","type":"image\/jpeg"}],"author":"Reda\u00e7\u00e3o JO","twitter_card":"summary_large_image","twitter_creator":"@jornaloficinas","twitter_site":"@jornaloficinas","twitter_misc":{"Escrito por":"Reda\u00e7\u00e3o JO","Tempo estimado de leitura":"3 minutos"},"schema":{"@context":"https:\/\/schema.org","@graph":[{"@type":"Article","@id":"https:\/\/jornaldasoficinas.com\/pt\/carregar-um-carro-eletrico-quanto-custa\/#article","isPartOf":{"@id":"https:\/\/jornaldasoficinas.com\/pt\/carregar-um-carro-eletrico-quanto-custa\/"},"author":{"name":"Reda\u00e7\u00e3o JO","@id":"https:\/\/jornaldasoficinas.com\/pt\/#\/schema\/person\/a38eef5de2c41d9e7c9ac10141afddf3"},"headline":"Carregar um carro el\u00e9trico. Quanto custa?","datePublished":"2021-07-08T17:00:14+00:00","dateModified":"2021-10-18T10:49:50+00:00","mainEntityOfPage":{"@id":"https:\/\/jornaldasoficinas.com\/pt\/carregar-um-carro-eletrico-quanto-custa\/"},"wordCount":687,"publisher":{"@id":"https:\/\/jornaldasoficinas.com\/pt\/#organization"},"image":{"@id":"https:\/\/jornaldasoficinas.com\/pt\/carregar-um-carro-eletrico-quanto-custa\/#primaryimage"},"thumbnailUrl":"https:\/\/jornaldasoficinas.com\/pt\/wp-content\/uploads\/2021\/07\/Carregar-um-carro-eletrico.jpg","articleSection":["Mercado"],"inLanguage":"pt-PT"},{"@type":"WebPage","@id":"https:\/\/jornaldasoficinas.com\/pt\/carregar-um-carro-eletrico-quanto-custa\/","url":"https:\/\/jornaldasoficinas.com\/pt\/carregar-um-carro-eletrico-quanto-custa\/","name":"Carregar um carro el\u00e9trico. Quanto custa? - Jornal das Oficinas","isPartOf":{"@id":"https:\/\/jornaldasoficinas.com\/pt\/#website"},"primaryImageOfPage":{"@id":"https:\/\/jornaldasoficinas.com\/pt\/carregar-um-carro-eletrico-quanto-custa\/#primaryimage"},"image":{"@id":"https:\/\/jornaldasoficinas.com\/pt\/carregar-um-carro-eletrico-quanto-custa\/#primaryimage"},"thumbnailUrl":"https:\/\/jornaldasoficinas.com\/pt\/wp-content\/uploads\/2021\/07\/Carregar-um-carro-eletrico.jpg","datePublished":"2021-07-08T17:00:14+00:00","dateModified":"2021-10-18T10:49:50+00:00","description":"Se est\u00e1 a pensar em adquirir um carro el\u00e9trico deve ter em conta que a sua utiliza\u00e7\u00e3o vai ter impacto sobre a fatura de eletricidade","breadcrumb":{"@id":"https:\/\/jornaldasoficinas.com\/pt\/carregar-um-carro-eletrico-quanto-custa\/#breadcrumb"},"inLanguage":"pt-PT","potentialAction":[{"@type":"ReadAction","target":["https:\/\/jornaldasoficinas.com\/pt\/carregar-um-carro-eletrico-quanto-custa\/"]}]},{"@type":"ImageObject","inLanguage":"pt-PT","@id":"https:\/\/jornaldasoficinas.com\/pt\/carregar-um-carro-eletrico-quanto-custa\/#primaryimage","url":"https:\/\/jornaldasoficinas.com\/pt\/wp-content\/uploads\/2021\/07\/Carregar-um-carro-eletrico.jpg","contentUrl":"https:\/\/jornaldasoficinas.com\/pt\/wp-content\/uploads\/2021\/07\/Carregar-um-carro-eletrico.jpg","width":1024,"height":581,"caption":"07 - Carregar-um-carro-ele\u0301trico"},{"@type":"BreadcrumbList","@id":"https:\/\/jornaldasoficinas.com\/pt\/carregar-um-carro-eletrico-quanto-custa\/#breadcrumb","itemListElement":[{"@type":"ListItem","position":1,"name":"In\u00edcio","item":"https:\/\/jornaldasoficinas.com\/pt\/"},{"@type":"ListItem","position":2,"name":"Carregar um carro el\u00e9trico. Quanto custa?"}]},{"@type":"WebSite","@id":"https:\/\/jornaldasoficinas.com\/pt\/#website","url":"https:\/\/jornaldasoficinas.com\/pt\/","name":"Jornal das Oficinas","description":"Jornal independente do Aftermarket Autom\u00f3vel em Portugal","publisher":{"@id":"https:\/\/jornaldasoficinas.com\/pt\/#organization"},"potentialAction":[{"@type":"SearchAction","target":{"@type":"EntryPoint","urlTemplate":"https:\/\/jornaldasoficinas.com\/pt\/?s={search_term_string}"},"query-input":{"@type":"PropertyValueSpecification","valueRequired":true,"valueName":"search_term_string"}}],"inLanguage":"pt-PT"},{"@type":"Organization","@id":"https:\/\/jornaldasoficinas.com\/pt\/#organization","name":"Jornal das Oficinas","url":"https:\/\/jornaldasoficinas.com\/pt\/","logo":{"@type":"ImageObject","inLanguage":"pt-PT","@id":"https:\/\/jornaldasoficinas.com\/pt\/#\/schema\/logo\/image\/","url":"https:\/\/jornaldasoficinas.com\/pt\/wp-content\/uploads\/logoJO-SEO.png","contentUrl":"https:\/\/jornaldasoficinas.com\/pt\/wp-content\/uploads\/logoJO-SEO.png","width":285,"height":450,"caption":"Jornal das Oficinas"},"image":{"@id":"https:\/\/jornaldasoficinas.com\/pt\/#\/schema\/logo\/image\/"},"sameAs":["https:\/\/www.facebook.com\/jornaloficinas","https:\/\/x.com\/jornaloficinas","https:\/\/www.instagram.com\/jornal_oficinas\/","https:\/\/www.linkedin.com\/company\/jornal-das-oficinas\/","https:\/\/www.youtube.com\/channel\/UCbQZBqtcvV-oSQrr7RzINGg"]},{"@type":"Person","@id":"https:\/\/jornaldasoficinas.com\/pt\/#\/schema\/person\/a38eef5de2c41d9e7c9ac10141afddf3","name":"Reda\u00e7\u00e3o JO","image":{"@type":"ImageObject","inLanguage":"pt-PT","@id":"https:\/\/secure.gravatar.com\/avatar\/71f2fa71737ad68a84fea94bc708ddac8ea5b0c4788dc2ad202f3ccb2887742f?s=96&d=wp_user_avatar&r=g","url":"https:\/\/secure.gravatar.com\/avatar\/71f2fa71737ad68a84fea94bc708ddac8ea5b0c4788dc2ad202f3ccb2887742f?s=96&d=wp_user_avatar&r=g","contentUrl":"https:\/\/secure.gravatar.com\/avatar\/71f2fa71737ad68a84fea94bc708ddac8ea5b0c4788dc2ad202f3ccb2887742f?s=96&d=wp_user_avatar&r=g","caption":"Reda\u00e7\u00e3o JO"},"url":"https:\/\/jornaldasoficinas.com\/pt\/author\/joredacao\/"}]}},"_links":{"self":[{"href":"https:\/\/jornaldasoficinas.com\/pt\/wp-json\/wp\/v2\/posts\/22416","targetHints":{"allow":["GET"]}}],"collection":[{"href":"https:\/\/jornaldasoficinas.com\/pt\/wp-json\/wp\/v2\/posts"}],"about":[{"href":"https:\/\/jornaldasoficinas.com\/pt\/wp-json\/wp\/v2\/types\/post"}],"author":[{"embeddable":true,"href":"https:\/\/jornaldasoficinas.com\/pt\/wp-json\/wp\/v2\/users\/15"}],"replies":[{"embeddable":true,"href":"https:\/\/jornaldasoficinas.com\/pt\/wp-json\/wp\/v2\/comments?post=22416"}],"version-history":[{"count":0,"href":"https:\/\/jornaldasoficinas.com\/pt\/wp-json\/wp\/v2\/posts\/22416\/revisions"}],"wp:featuredmedia":[{"embeddable":true,"href":"https:\/\/jornaldasoficinas.com\/pt\/wp-json\/wp\/v2\/media\/22401"}],"wp:attachment":[{"href":"https:\/\/jornaldasoficinas.com\/pt\/wp-json\/wp\/v2\/media?parent=22416"}],"wp:term":[{"taxonomy":"category","embeddable":true,"href":"https:\/\/jornaldasoficinas.com\/pt\/wp-json\/wp\/v2\/categories?post=22416"},{"taxonomy":"post_tag","embeddable":true,"href":"https:\/\/jornaldasoficinas.com\/pt\/wp-json\/wp\/v2\/tags?post=22416"}],"curies":[{"name":"wp","href":"https:\/\/api.w.org\/{rel}","templated":true}]}}