{"id":22420,"date":"2021-07-07T12:00:28","date_gmt":"2021-07-07T11:00:28","guid":{"rendered":"https:\/\/jornaldasoficinas.com\/pt\/?p=22420"},"modified":"2021-07-05T21:35:53","modified_gmt":"2021-07-05T20:35:53","slug":"deco-proteste-e-pisca-pisca-juntos-por-compras-acertadas","status":"publish","type":"post","link":"https:\/\/jornaldasoficinas.com\/pt\/deco-proteste-e-pisca-pisca-juntos-por-compras-acertadas\/","title":{"rendered":"DECO PROTESTE e PISCA PISCA juntos por compras acertadas"},"content":{"rendered":"<p><strong><img loading=\"lazy\" decoding=\"async\" class=\"alignnone wp-image-22395 size-full\" src=\"https:\/\/jornaldasoficinas.com\/pt\/wp-content\/uploads\/2021\/07\/deco-proteste-e-pisca-pisca.png\" alt=\"07 - deco-proteste-e-pisca-pisca\" width=\"1024\" height=\"581\" srcset=\"https:\/\/jornaldasoficinas.com\/pt\/wp-content\/uploads\/2021\/07\/deco-proteste-e-pisca-pisca.png 1024w, https:\/\/jornaldasoficinas.com\/pt\/wp-content\/uploads\/2021\/07\/deco-proteste-e-pisca-pisca-300x170.png 300w, https:\/\/jornaldasoficinas.com\/pt\/wp-content\/uploads\/2021\/07\/deco-proteste-e-pisca-pisca-150x85.png 150w, https:\/\/jornaldasoficinas.com\/pt\/wp-content\/uploads\/2021\/07\/deco-proteste-e-pisca-pisca-768x436.png 768w\" sizes=\"auto, (max-width: 1024px) 100vw, 1024px\" \/><\/strong><\/p>\n<p><strong>A DECO PROTESTE e o PISCA PISCA, plataforma online de compra e venda de carros usados, juntaram-se. Assim, aliam toda a garantia que os autom\u00f3veis Pisca Pisca j\u00e1 davam, ao apoio \u00e0s quest\u00f5es de consumo e ao apoio jur\u00eddico da DECO PROTESTE<\/strong><\/p>\n<p>Agora o comprador de um autom\u00f3vel no <a href=\"https:\/\/www.piscapisca.pt\/\" target=\"_blank\" rel=\"noopener\">PISCA PISCA<\/a> pode usufruir de uma linha espec\u00edfica de apoio, onde \u00e9 poss\u00edvel esclarecer todas as d\u00favidas jur\u00eddicas relativas \u00e0 compra de uma viatura, ter acesso a comparadores para o ajudar a tomar as melhores decis\u00f5es neste processo e a diversos artigos informativos DECO PROTESTE, relacionados com o mundo autom\u00f3vel.<\/p>\n<p>Rita Rodrigues, Head of Public Affairs &amp; Media Relations da <a href=\"https:\/\/www.deco.proteste.pt\/\" target=\"_blank\" rel=\"noopener\">DECO PROTESTE<\/a> explica que \u201ca ideia \u00e9 juntar a DECO PROTESTE que apoia o consumidor, esclarecendo-lhe d\u00favidas e quest\u00f5es pr\u00e1ticas que possam surgir, a uma plataforma que vende autom\u00f3veis usados, e que j\u00e1 o faz com agentes credenciados e qualificados. \u00c9 uma parceria vantajosa, que se complementa a v\u00e1rios n\u00edveis. Saber que t\u00eam toda a seguran\u00e7a neste processo de compra de carro, que nem sempre \u00e9 simples, \u00e9 uma grande vantagem para os consumidores \u201d<\/p>\n<p>Paulo Figueiredo, Diretor Comercial do PISCA PISCA, powered by CREDIBOM, afirma que \u201co\u00a0PISCAPISCA.PT\u00a0foi criado para atender \u00e0s necessidades de todos, independentemente do seu gosto ou estilo de vida. N\u00e3o somos apenas mais uma plataforma online, somos um projeto que se diferencia por promover a confian\u00e7a dos consumidores e a absoluta transpar\u00eancia dos processos de venda, que sai mais uma vez validada atrav\u00e9s da parceria que firm\u00e1mos com a DECO PROTESTE.\u201d<\/p>\n","protected":false},"excerpt":{"rendered":"<p>A DECO PROTESTE e o PISCA&#8230;<\/p>\n","protected":false},"author":15,"featured_media":22395,"comment_status":"closed","ping_status":"closed","sticky":false,"template":"","format":"standard","meta":{"footnotes":""},"categories":[37],"tags":[2647,2150],"class_list":["post-22420","post","type-post","status-publish","format-standard","has-post-thumbnail","hentry","category-mercado","tag-deco","tag-pisca-pisca"],"yoast_head":"<!-- This site is optimized with the Yoast SEO plugin v27.4 - https:\/\/yoast.com\/product\/yoast-seo-wordpress\/ -->\n<title>DECO PROTESTE e PISCA PISCA juntos por compras acertadas - Jornal das Oficinas<\/title>\n<meta name=\"description\" content=\"A DECO PROTESTE e o PISCA PISCA juntaram-se. Assim, aliam toda a garantia que os autom\u00f3veis Pisca Pisca j\u00e1 davam, ao apoio \u00e0s quest\u00f5es de consumo e ao apoio jur\u00eddico da DECO PROTESTE\" \/>\n<meta name=\"robots\" content=\"index, follow, max-snippet:-1, max-image-preview:large, max-video-preview:-1\" \/>\n<link rel=\"canonical\" href=\"https:\/\/jornaldasoficinas.com\/pt\/deco-proteste-e-pisca-pisca-juntos-por-compras-acertadas\/\" \/>\n<meta property=\"og:locale\" content=\"pt_PT\" \/>\n<meta property=\"og:type\" content=\"article\" \/>\n<meta property=\"og:title\" content=\"DECO PROTESTE e PISCA PISCA juntos por compras acertadas - Jornal das Oficinas\" \/>\n<meta property=\"og:description\" content=\"A DECO PROTESTE e o PISCA PISCA juntaram-se. Assim, aliam toda a garantia que os autom\u00f3veis Pisca Pisca j\u00e1 davam, ao apoio \u00e0s quest\u00f5es de consumo e ao apoio jur\u00eddico da DECO PROTESTE\" \/>\n<meta property=\"og:url\" content=\"https:\/\/jornaldasoficinas.com\/pt\/deco-proteste-e-pisca-pisca-juntos-por-compras-acertadas\/\" \/>\n<meta property=\"og:site_name\" content=\"Jornal das Oficinas\" \/>\n<meta property=\"article:publisher\" content=\"https:\/\/www.facebook.com\/jornaloficinas\" \/>\n<meta property=\"article:published_time\" content=\"2021-07-07T11:00:28+00:00\" \/>\n<meta property=\"og:image\" content=\"https:\/\/jornaldasoficinas.com\/pt\/wp-content\/uploads\/2021\/07\/deco-proteste-e-pisca-pisca.png\" \/>\n\t<meta property=\"og:image:width\" content=\"1024\" \/>\n\t<meta property=\"og:image:height\" content=\"581\" \/>\n\t<meta property=\"og:image:type\" content=\"image\/png\" \/>\n<meta name=\"author\" content=\"Reda\u00e7\u00e3o JO\" \/>\n<meta name=\"twitter:card\" content=\"summary_large_image\" \/>\n<meta name=\"twitter:creator\" content=\"@jornaloficinas\" \/>\n<meta name=\"twitter:site\" content=\"@jornaloficinas\" \/>\n<meta name=\"twitter:label1\" content=\"Escrito por\" \/>\n\t<meta name=\"twitter:data1\" content=\"Reda\u00e7\u00e3o JO\" \/>\n\t<meta name=\"twitter:label2\" content=\"Tempo estimado de leitura\" \/>\n\t<meta name=\"twitter:data2\" content=\"2 minutos\" \/>\n<script type=\"application\/ld+json\" class=\"yoast-schema-graph\">{\"@context\":\"https:\\\/\\\/schema.org\",\"@graph\":[{\"@type\":\"Article\",\"@id\":\"https:\\\/\\\/jornaldasoficinas.com\\\/pt\\\/deco-proteste-e-pisca-pisca-juntos-por-compras-acertadas\\\/#article\",\"isPartOf\":{\"@id\":\"https:\\\/\\\/jornaldasoficinas.com\\\/pt\\\/deco-proteste-e-pisca-pisca-juntos-por-compras-acertadas\\\/\"},\"author\":{\"name\":\"Reda\u00e7\u00e3o JO\",\"@id\":\"https:\\\/\\\/jornaldasoficinas.com\\\/pt\\\/#\\\/schema\\\/person\\\/a38eef5de2c41d9e7c9ac10141afddf3\"},\"headline\":\"DECO PROTESTE e PISCA PISCA juntos por compras acertadas\",\"datePublished\":\"2021-07-07T11:00:28+00:00\",\"mainEntityOfPage\":{\"@id\":\"https:\\\/\\\/jornaldasoficinas.com\\\/pt\\\/deco-proteste-e-pisca-pisca-juntos-por-compras-acertadas\\\/\"},\"wordCount\":282,\"publisher\":{\"@id\":\"https:\\\/\\\/jornaldasoficinas.com\\\/pt\\\/#organization\"},\"image\":{\"@id\":\"https:\\\/\\\/jornaldasoficinas.com\\\/pt\\\/deco-proteste-e-pisca-pisca-juntos-por-compras-acertadas\\\/#primaryimage\"},\"thumbnailUrl\":\"https:\\\/\\\/jornaldasoficinas.com\\\/pt\\\/wp-content\\\/uploads\\\/2021\\\/07\\\/deco-proteste-e-pisca-pisca.png\",\"keywords\":[\"DECO\",\"PISCA PISCA\"],\"articleSection\":[\"Mercado\"],\"inLanguage\":\"pt-PT\"},{\"@type\":\"WebPage\",\"@id\":\"https:\\\/\\\/jornaldasoficinas.com\\\/pt\\\/deco-proteste-e-pisca-pisca-juntos-por-compras-acertadas\\\/\",\"url\":\"https:\\\/\\\/jornaldasoficinas.com\\\/pt\\\/deco-proteste-e-pisca-pisca-juntos-por-compras-acertadas\\\/\",\"name\":\"DECO PROTESTE e PISCA PISCA juntos por compras acertadas - Jornal das Oficinas\",\"isPartOf\":{\"@id\":\"https:\\\/\\\/jornaldasoficinas.com\\\/pt\\\/#website\"},\"primaryImageOfPage\":{\"@id\":\"https:\\\/\\\/jornaldasoficinas.com\\\/pt\\\/deco-proteste-e-pisca-pisca-juntos-por-compras-acertadas\\\/#primaryimage\"},\"image\":{\"@id\":\"https:\\\/\\\/jornaldasoficinas.com\\\/pt\\\/deco-proteste-e-pisca-pisca-juntos-por-compras-acertadas\\\/#primaryimage\"},\"thumbnailUrl\":\"https:\\\/\\\/jornaldasoficinas.com\\\/pt\\\/wp-content\\\/uploads\\\/2021\\\/07\\\/deco-proteste-e-pisca-pisca.png\",\"datePublished\":\"2021-07-07T11:00:28+00:00\",\"description\":\"A DECO PROTESTE e o PISCA PISCA juntaram-se. Assim, aliam toda a garantia que os autom\u00f3veis Pisca Pisca j\u00e1 davam, ao apoio \u00e0s quest\u00f5es de consumo e ao apoio jur\u00eddico da DECO PROTESTE\",\"breadcrumb\":{\"@id\":\"https:\\\/\\\/jornaldasoficinas.com\\\/pt\\\/deco-proteste-e-pisca-pisca-juntos-por-compras-acertadas\\\/#breadcrumb\"},\"inLanguage\":\"pt-PT\",\"potentialAction\":[{\"@type\":\"ReadAction\",\"target\":[\"https:\\\/\\\/jornaldasoficinas.com\\\/pt\\\/deco-proteste-e-pisca-pisca-juntos-por-compras-acertadas\\\/\"]}]},{\"@type\":\"ImageObject\",\"inLanguage\":\"pt-PT\",\"@id\":\"https:\\\/\\\/jornaldasoficinas.com\\\/pt\\\/deco-proteste-e-pisca-pisca-juntos-por-compras-acertadas\\\/#primaryimage\",\"url\":\"https:\\\/\\\/jornaldasoficinas.com\\\/pt\\\/wp-content\\\/uploads\\\/2021\\\/07\\\/deco-proteste-e-pisca-pisca.png\",\"contentUrl\":\"https:\\\/\\\/jornaldasoficinas.com\\\/pt\\\/wp-content\\\/uploads\\\/2021\\\/07\\\/deco-proteste-e-pisca-pisca.png\",\"width\":1024,\"height\":581,\"caption\":\"07 - deco-proteste-e-pisca-pisca\"},{\"@type\":\"BreadcrumbList\",\"@id\":\"https:\\\/\\\/jornaldasoficinas.com\\\/pt\\\/deco-proteste-e-pisca-pisca-juntos-por-compras-acertadas\\\/#breadcrumb\",\"itemListElement\":[{\"@type\":\"ListItem\",\"position\":1,\"name\":\"In\u00edcio\",\"item\":\"https:\\\/\\\/jornaldasoficinas.com\\\/pt\\\/\"},{\"@type\":\"ListItem\",\"position\":2,\"name\":\"DECO PROTESTE e PISCA PISCA juntos por compras acertadas\"}]},{\"@type\":\"WebSite\",\"@id\":\"https:\\\/\\\/jornaldasoficinas.com\\\/pt\\\/#website\",\"url\":\"https:\\\/\\\/jornaldasoficinas.com\\\/pt\\\/\",\"name\":\"Jornal das Oficinas\",\"description\":\"Jornal independente do Aftermarket Autom\u00f3vel em Portugal\",\"publisher\":{\"@id\":\"https:\\\/\\\/jornaldasoficinas.com\\\/pt\\\/#organization\"},\"potentialAction\":[{\"@type\":\"SearchAction\",\"target\":{\"@type\":\"EntryPoint\",\"urlTemplate\":\"https:\\\/\\\/jornaldasoficinas.com\\\/pt\\\/?s={search_term_string}\"},\"query-input\":{\"@type\":\"PropertyValueSpecification\",\"valueRequired\":true,\"valueName\":\"search_term_string\"}}],\"inLanguage\":\"pt-PT\"},{\"@type\":\"Organization\",\"@id\":\"https:\\\/\\\/jornaldasoficinas.com\\\/pt\\\/#organization\",\"name\":\"Jornal das Oficinas\",\"url\":\"https:\\\/\\\/jornaldasoficinas.com\\\/pt\\\/\",\"logo\":{\"@type\":\"ImageObject\",\"inLanguage\":\"pt-PT\",\"@id\":\"https:\\\/\\\/jornaldasoficinas.com\\\/pt\\\/#\\\/schema\\\/logo\\\/image\\\/\",\"url\":\"https:\\\/\\\/jornaldasoficinas.com\\\/pt\\\/wp-content\\\/uploads\\\/logoJO-SEO.png\",\"contentUrl\":\"https:\\\/\\\/jornaldasoficinas.com\\\/pt\\\/wp-content\\\/uploads\\\/logoJO-SEO.png\",\"width\":285,\"height\":450,\"caption\":\"Jornal das Oficinas\"},\"image\":{\"@id\":\"https:\\\/\\\/jornaldasoficinas.com\\\/pt\\\/#\\\/schema\\\/logo\\\/image\\\/\"},\"sameAs\":[\"https:\\\/\\\/www.facebook.com\\\/jornaloficinas\",\"https:\\\/\\\/x.com\\\/jornaloficinas\",\"https:\\\/\\\/www.instagram.com\\\/jornal_oficinas\\\/\",\"https:\\\/\\\/www.linkedin.com\\\/company\\\/jornal-das-oficinas\\\/\",\"https:\\\/\\\/www.youtube.com\\\/channel\\\/UCbQZBqtcvV-oSQrr7RzINGg\"]},{\"@type\":\"Person\",\"@id\":\"https:\\\/\\\/jornaldasoficinas.com\\\/pt\\\/#\\\/schema\\\/person\\\/a38eef5de2c41d9e7c9ac10141afddf3\",\"name\":\"Reda\u00e7\u00e3o JO\",\"image\":{\"@type\":\"ImageObject\",\"inLanguage\":\"pt-PT\",\"@id\":\"https:\\\/\\\/secure.gravatar.com\\\/avatar\\\/71f2fa71737ad68a84fea94bc708ddac8ea5b0c4788dc2ad202f3ccb2887742f?s=96&d=wp_user_avatar&r=g\",\"url\":\"https:\\\/\\\/secure.gravatar.com\\\/avatar\\\/71f2fa71737ad68a84fea94bc708ddac8ea5b0c4788dc2ad202f3ccb2887742f?s=96&d=wp_user_avatar&r=g\",\"contentUrl\":\"https:\\\/\\\/secure.gravatar.com\\\/avatar\\\/71f2fa71737ad68a84fea94bc708ddac8ea5b0c4788dc2ad202f3ccb2887742f?s=96&d=wp_user_avatar&r=g\",\"caption\":\"Reda\u00e7\u00e3o JO\"},\"url\":\"https:\\\/\\\/jornaldasoficinas.com\\\/pt\\\/author\\\/joredacao\\\/\"}]}<\/script>\n<!-- \/ Yoast SEO plugin. -->","yoast_head_json":{"title":"DECO PROTESTE e PISCA PISCA juntos por compras acertadas - Jornal das Oficinas","description":"A DECO PROTESTE e o PISCA PISCA juntaram-se. Assim, aliam toda a garantia que os autom\u00f3veis Pisca Pisca j\u00e1 davam, ao apoio \u00e0s quest\u00f5es de consumo e ao apoio jur\u00eddico da DECO PROTESTE","robots":{"index":"index","follow":"follow","max-snippet":"max-snippet:-1","max-image-preview":"max-image-preview:large","max-video-preview":"max-video-preview:-1"},"canonical":"https:\/\/jornaldasoficinas.com\/pt\/deco-proteste-e-pisca-pisca-juntos-por-compras-acertadas\/","og_locale":"pt_PT","og_type":"article","og_title":"DECO PROTESTE e PISCA PISCA juntos por compras acertadas - Jornal das Oficinas","og_description":"A DECO PROTESTE e o PISCA PISCA juntaram-se. Assim, aliam toda a garantia que os autom\u00f3veis Pisca Pisca j\u00e1 davam, ao apoio \u00e0s quest\u00f5es de consumo e ao apoio jur\u00eddico da DECO PROTESTE","og_url":"https:\/\/jornaldasoficinas.com\/pt\/deco-proteste-e-pisca-pisca-juntos-por-compras-acertadas\/","og_site_name":"Jornal das Oficinas","article_publisher":"https:\/\/www.facebook.com\/jornaloficinas","article_published_time":"2021-07-07T11:00:28+00:00","og_image":[{"width":1024,"height":581,"url":"https:\/\/jornaldasoficinas.com\/pt\/wp-content\/uploads\/2021\/07\/deco-proteste-e-pisca-pisca.png","type":"image\/png"}],"author":"Reda\u00e7\u00e3o JO","twitter_card":"summary_large_image","twitter_creator":"@jornaloficinas","twitter_site":"@jornaloficinas","twitter_misc":{"Escrito por":"Reda\u00e7\u00e3o JO","Tempo estimado de leitura":"2 minutos"},"schema":{"@context":"https:\/\/schema.org","@graph":[{"@type":"Article","@id":"https:\/\/jornaldasoficinas.com\/pt\/deco-proteste-e-pisca-pisca-juntos-por-compras-acertadas\/#article","isPartOf":{"@id":"https:\/\/jornaldasoficinas.com\/pt\/deco-proteste-e-pisca-pisca-juntos-por-compras-acertadas\/"},"author":{"name":"Reda\u00e7\u00e3o JO","@id":"https:\/\/jornaldasoficinas.com\/pt\/#\/schema\/person\/a38eef5de2c41d9e7c9ac10141afddf3"},"headline":"DECO PROTESTE e PISCA PISCA juntos por compras acertadas","datePublished":"2021-07-07T11:00:28+00:00","mainEntityOfPage":{"@id":"https:\/\/jornaldasoficinas.com\/pt\/deco-proteste-e-pisca-pisca-juntos-por-compras-acertadas\/"},"wordCount":282,"publisher":{"@id":"https:\/\/jornaldasoficinas.com\/pt\/#organization"},"image":{"@id":"https:\/\/jornaldasoficinas.com\/pt\/deco-proteste-e-pisca-pisca-juntos-por-compras-acertadas\/#primaryimage"},"thumbnailUrl":"https:\/\/jornaldasoficinas.com\/pt\/wp-content\/uploads\/2021\/07\/deco-proteste-e-pisca-pisca.png","keywords":["DECO","PISCA PISCA"],"articleSection":["Mercado"],"inLanguage":"pt-PT"},{"@type":"WebPage","@id":"https:\/\/jornaldasoficinas.com\/pt\/deco-proteste-e-pisca-pisca-juntos-por-compras-acertadas\/","url":"https:\/\/jornaldasoficinas.com\/pt\/deco-proteste-e-pisca-pisca-juntos-por-compras-acertadas\/","name":"DECO PROTESTE e PISCA PISCA juntos por compras acertadas - Jornal das Oficinas","isPartOf":{"@id":"https:\/\/jornaldasoficinas.com\/pt\/#website"},"primaryImageOfPage":{"@id":"https:\/\/jornaldasoficinas.com\/pt\/deco-proteste-e-pisca-pisca-juntos-por-compras-acertadas\/#primaryimage"},"image":{"@id":"https:\/\/jornaldasoficinas.com\/pt\/deco-proteste-e-pisca-pisca-juntos-por-compras-acertadas\/#primaryimage"},"thumbnailUrl":"https:\/\/jornaldasoficinas.com\/pt\/wp-content\/uploads\/2021\/07\/deco-proteste-e-pisca-pisca.png","datePublished":"2021-07-07T11:00:28+00:00","description":"A DECO PROTESTE e o PISCA PISCA juntaram-se. Assim, aliam toda a garantia que os autom\u00f3veis Pisca Pisca j\u00e1 davam, ao apoio \u00e0s quest\u00f5es de consumo e ao apoio jur\u00eddico da DECO PROTESTE","breadcrumb":{"@id":"https:\/\/jornaldasoficinas.com\/pt\/deco-proteste-e-pisca-pisca-juntos-por-compras-acertadas\/#breadcrumb"},"inLanguage":"pt-PT","potentialAction":[{"@type":"ReadAction","target":["https:\/\/jornaldasoficinas.com\/pt\/deco-proteste-e-pisca-pisca-juntos-por-compras-acertadas\/"]}]},{"@type":"ImageObject","inLanguage":"pt-PT","@id":"https:\/\/jornaldasoficinas.com\/pt\/deco-proteste-e-pisca-pisca-juntos-por-compras-acertadas\/#primaryimage","url":"https:\/\/jornaldasoficinas.com\/pt\/wp-content\/uploads\/2021\/07\/deco-proteste-e-pisca-pisca.png","contentUrl":"https:\/\/jornaldasoficinas.com\/pt\/wp-content\/uploads\/2021\/07\/deco-proteste-e-pisca-pisca.png","width":1024,"height":581,"caption":"07 - deco-proteste-e-pisca-pisca"},{"@type":"BreadcrumbList","@id":"https:\/\/jornaldasoficinas.com\/pt\/deco-proteste-e-pisca-pisca-juntos-por-compras-acertadas\/#breadcrumb","itemListElement":[{"@type":"ListItem","position":1,"name":"In\u00edcio","item":"https:\/\/jornaldasoficinas.com\/pt\/"},{"@type":"ListItem","position":2,"name":"DECO PROTESTE e PISCA PISCA juntos por compras acertadas"}]},{"@type":"WebSite","@id":"https:\/\/jornaldasoficinas.com\/pt\/#website","url":"https:\/\/jornaldasoficinas.com\/pt\/","name":"Jornal das Oficinas","description":"Jornal independente do Aftermarket Autom\u00f3vel em Portugal","publisher":{"@id":"https:\/\/jornaldasoficinas.com\/pt\/#organization"},"potentialAction":[{"@type":"SearchAction","target":{"@type":"EntryPoint","urlTemplate":"https:\/\/jornaldasoficinas.com\/pt\/?s={search_term_string}"},"query-input":{"@type":"PropertyValueSpecification","valueRequired":true,"valueName":"search_term_string"}}],"inLanguage":"pt-PT"},{"@type":"Organization","@id":"https:\/\/jornaldasoficinas.com\/pt\/#organization","name":"Jornal das Oficinas","url":"https:\/\/jornaldasoficinas.com\/pt\/","logo":{"@type":"ImageObject","inLanguage":"pt-PT","@id":"https:\/\/jornaldasoficinas.com\/pt\/#\/schema\/logo\/image\/","url":"https:\/\/jornaldasoficinas.com\/pt\/wp-content\/uploads\/logoJO-SEO.png","contentUrl":"https:\/\/jornaldasoficinas.com\/pt\/wp-content\/uploads\/logoJO-SEO.png","width":285,"height":450,"caption":"Jornal das Oficinas"},"image":{"@id":"https:\/\/jornaldasoficinas.com\/pt\/#\/schema\/logo\/image\/"},"sameAs":["https:\/\/www.facebook.com\/jornaloficinas","https:\/\/x.com\/jornaloficinas","https:\/\/www.instagram.com\/jornal_oficinas\/","https:\/\/www.linkedin.com\/company\/jornal-das-oficinas\/","https:\/\/www.youtube.com\/channel\/UCbQZBqtcvV-oSQrr7RzINGg"]},{"@type":"Person","@id":"https:\/\/jornaldasoficinas.com\/pt\/#\/schema\/person\/a38eef5de2c41d9e7c9ac10141afddf3","name":"Reda\u00e7\u00e3o JO","image":{"@type":"ImageObject","inLanguage":"pt-PT","@id":"https:\/\/secure.gravatar.com\/avatar\/71f2fa71737ad68a84fea94bc708ddac8ea5b0c4788dc2ad202f3ccb2887742f?s=96&d=wp_user_avatar&r=g","url":"https:\/\/secure.gravatar.com\/avatar\/71f2fa71737ad68a84fea94bc708ddac8ea5b0c4788dc2ad202f3ccb2887742f?s=96&d=wp_user_avatar&r=g","contentUrl":"https:\/\/secure.gravatar.com\/avatar\/71f2fa71737ad68a84fea94bc708ddac8ea5b0c4788dc2ad202f3ccb2887742f?s=96&d=wp_user_avatar&r=g","caption":"Reda\u00e7\u00e3o JO"},"url":"https:\/\/jornaldasoficinas.com\/pt\/author\/joredacao\/"}]}},"_links":{"self":[{"href":"https:\/\/jornaldasoficinas.com\/pt\/wp-json\/wp\/v2\/posts\/22420","targetHints":{"allow":["GET"]}}],"collection":[{"href":"https:\/\/jornaldasoficinas.com\/pt\/wp-json\/wp\/v2\/posts"}],"about":[{"href":"https:\/\/jornaldasoficinas.com\/pt\/wp-json\/wp\/v2\/types\/post"}],"author":[{"embeddable":true,"href":"https:\/\/jornaldasoficinas.com\/pt\/wp-json\/wp\/v2\/users\/15"}],"replies":[{"embeddable":true,"href":"https:\/\/jornaldasoficinas.com\/pt\/wp-json\/wp\/v2\/comments?post=22420"}],"version-history":[{"count":0,"href":"https:\/\/jornaldasoficinas.com\/pt\/wp-json\/wp\/v2\/posts\/22420\/revisions"}],"wp:featuredmedia":[{"embeddable":true,"href":"https:\/\/jornaldasoficinas.com\/pt\/wp-json\/wp\/v2\/media\/22395"}],"wp:attachment":[{"href":"https:\/\/jornaldasoficinas.com\/pt\/wp-json\/wp\/v2\/media?parent=22420"}],"wp:term":[{"taxonomy":"category","embeddable":true,"href":"https:\/\/jornaldasoficinas.com\/pt\/wp-json\/wp\/v2\/categories?post=22420"},{"taxonomy":"post_tag","embeddable":true,"href":"https:\/\/jornaldasoficinas.com\/pt\/wp-json\/wp\/v2\/tags?post=22420"}],"curies":[{"name":"wp","href":"https:\/\/api.w.org\/{rel}","templated":true}]}}