{"id":22425,"date":"2021-07-08T16:00:14","date_gmt":"2021-07-08T15:00:14","guid":{"rendered":"https:\/\/jornaldasoficinas.com\/pt\/?p=22425"},"modified":"2021-07-07T11:02:58","modified_gmt":"2021-07-07T10:02:58","slug":"mercado-automovel-com-queda-de-341-no-primeiro-semestre-de-2021","status":"publish","type":"post","link":"https:\/\/jornaldasoficinas.com\/pt\/mercado-automovel-com-queda-de-341-no-primeiro-semestre-de-2021\/","title":{"rendered":"Mercado Autom\u00f3vel com queda de 34,1% no primeiro semestre de 2021"},"content":{"rendered":"<p><strong><img loading=\"lazy\" decoding=\"async\" class=\"alignnone wp-image-22392 size-full\" src=\"https:\/\/jornaldasoficinas.com\/pt\/wp-content\/uploads\/2021\/07\/Mercado-Automovel-com-queda.jpg\" alt=\"07 - Mercado-Automovel-com-queda\" width=\"1024\" height=\"581\" srcset=\"https:\/\/jornaldasoficinas.com\/pt\/wp-content\/uploads\/2021\/07\/Mercado-Automovel-com-queda.jpg 1024w, https:\/\/jornaldasoficinas.com\/pt\/wp-content\/uploads\/2021\/07\/Mercado-Automovel-com-queda-300x170.jpg 300w, https:\/\/jornaldasoficinas.com\/pt\/wp-content\/uploads\/2021\/07\/Mercado-Automovel-com-queda-150x85.jpg 150w, https:\/\/jornaldasoficinas.com\/pt\/wp-content\/uploads\/2021\/07\/Mercado-Automovel-com-queda-768x436.jpg 768w\" sizes=\"auto, (max-width: 1024px) 100vw, 1024px\" \/><\/strong><\/p>\n<p><strong>Em Junho de 2021 foram matriculados pelos representantes legais de marca a operar em Portugal 22.232 ve\u00edculos autom\u00f3veis, ou seja, menos 25,3 por cento que no mesmo m\u00eas de 2019, mas mais 62,5 por cento quando comparado com junho de 2020<\/strong><\/p>\n<p>Tal como se tem vindo a verificar desde Abril de 2021, tamb\u00e9m no m\u00eas de junho de 2021 se verificou um crescimento do mercado autom\u00f3vel quando comparado com igual m\u00eas de 2020 o que, todavia, n\u00e3o reflete a atual situa\u00e7\u00e3o do sector autom\u00f3vel. Por isso, e a exemplo de outros pa\u00edses, \u00e9 importante proceder-se tamb\u00e9m a uma compara\u00e7\u00e3o com 2019.<\/p>\n<p>Para al\u00e9m da pandemia Covid-19, que tem tido um impacto negativo na procura, as vendas de autom\u00f3veis em Portugal e no mundo est\u00e3o a ser atingidas pela crise dos semi-condutores que est\u00e1 a afetar o lado da oferta, existindo, em muitos modelos em comercializa\u00e7\u00e3o, falta de produto para coloca\u00e7\u00e3o no mercado.<\/p>\n<p>Assim, apesar de os concession\u00e1rios continuarem abertos e a operar em pleno, 2021 est\u00e1 a revelar-se um ano particularmente dif\u00edcil para o sector depois de um 2020 em que se verificou uma das maiores quedas de mercado de sempre.<\/p>\n<p>No primeiro semestre de 2021, foram colocados em circula\u00e7\u00e3o 99.322 novos ve\u00edculos, o que representou uma diminui\u00e7\u00e3o de 34,1 por cento relativamente a 2019, apesar da compara\u00e7\u00e3o com 2020 mostrar um aumento de 27,3 por cento.<\/p>\n<p>Por categorias e tipos de ve\u00edculos observou-se a seguinte evolu\u00e7\u00e3o do n\u00famero de unidades matriculadas no nosso pa\u00eds:<\/p>\n<p><strong>Autom\u00f3veis Ligeiros de Passageiros<br \/>\n<\/strong>No m\u00eas de Junho de 2021 foram matriculados em Portugal 18.936 autom\u00f3veis ligeiros de passageiros novos, ou seja, menos 25,2 por cento que no mesmo m\u00eas do ano de 2019. Em compara\u00e7\u00e3o com Junho de 2020 o mercado registou uma subida de 71,0 por cento.<\/p>\n<p>De Janeiro a Junho de 2021 as matr\u00edculas de ve\u00edculos ligeiros de passageiros totalizaram 81.445 unidades, o que se traduziu numa varia\u00e7\u00e3o negativa de 36,7 por cento relativamente ao per\u00edodo hom\u00f3logo de 2019. Em compara\u00e7\u00e3o com os seis meses de 2020, o mercado registou um aumento de 25,6 por cento.<\/p>\n<p><strong>Ve\u00edculos Ligeiros de Mercadorias<br \/>\n<\/strong>O mercado de ligeiros de mercadorias registou, no sexto m\u00eas de 2021, uma evolu\u00e7\u00e3o negativa de 23,7 por cento face ao m\u00eas hom\u00f3logo do ano de 2019, situando-se em 2.796 unidades matriculadas. Quando comparado com o sexto m\u00eas de 2020, verifica-se um aumento de 19,1 por cento.<\/p>\n<p>Em termos acumulados, o mercado atingiu 15.309 unidades, o que representou um decr\u00e9scimo de 19,5 por cento face ao per\u00edodo hom\u00f3logo do ano de 2019 e um aumento de 31,7 por cento em compara\u00e7\u00e3o com o per\u00edodo hom\u00f3logo de 2020.<\/p>\n<p><strong>Ve\u00edculos Pesados<br \/>\n<\/strong>Quanto ao mercado de ve\u00edculos pesados, o qual engloba os tipos de passageiros e de mercadorias, em Junho de 2021 verificou-se uma queda de 35,2 por cento em rela\u00e7\u00e3o ao m\u00eas hom\u00f3logo de 2019, tendo sido comercializados 500 ve\u00edculos desta categoria. Em compara\u00e7\u00e3o com o mesmo m\u00eas de 2020, o mercado registou um aumento de 96,1 por cento.<\/p>\n<p>No primeiro semestre de 2021 as matr\u00edculas desta categoria totalizaram 2.568 unidades, o que representou um decr\u00e9scimo do mercado de 16,6 por cento relativamente ao per\u00edodo hom\u00f3logo de 2019 e um aumento de 67,7 por cento quando comparado com o mesmo per\u00edodo de 2020.<\/p>\n","protected":false},"excerpt":{"rendered":"<p>Em Junho de 2021 foram matriculados&#8230;<\/p>\n","protected":false},"author":15,"featured_media":22392,"comment_status":"closed","ping_status":"closed","sticky":false,"template":"","format":"standard","meta":{"footnotes":""},"categories":[37],"tags":[],"class_list":["post-22425","post","type-post","status-publish","format-standard","has-post-thumbnail","hentry","category-mercado"],"yoast_head":"<!-- This site is optimized with the Yoast SEO plugin v27.4 - https:\/\/yoast.com\/product\/yoast-seo-wordpress\/ -->\n<title>Mercado Autom\u00f3vel com queda de 34,1% no primeiro semestre de 2021 - Jornal das Oficinas<\/title>\n<meta name=\"description\" content=\"Em Junho de 2021 foram matriculados em Portugal 22.232 ve\u00edculos autom\u00f3veis, ou seja, menos 25,3 por cento que no mesmo m\u00eas de 2019\" \/>\n<meta name=\"robots\" content=\"index, follow, max-snippet:-1, max-image-preview:large, max-video-preview:-1\" \/>\n<link rel=\"canonical\" href=\"https:\/\/jornaldasoficinas.com\/pt\/mercado-automovel-com-queda-de-341-no-primeiro-semestre-de-2021\/\" \/>\n<meta property=\"og:locale\" content=\"pt_PT\" \/>\n<meta property=\"og:type\" content=\"article\" \/>\n<meta property=\"og:title\" content=\"Mercado Autom\u00f3vel com queda de 34,1% no primeiro semestre de 2021 - Jornal das Oficinas\" \/>\n<meta property=\"og:description\" content=\"Em Junho de 2021 foram matriculados em Portugal 22.232 ve\u00edculos autom\u00f3veis, ou seja, menos 25,3 por cento que no mesmo m\u00eas de 2019\" \/>\n<meta property=\"og:url\" content=\"https:\/\/jornaldasoficinas.com\/pt\/mercado-automovel-com-queda-de-341-no-primeiro-semestre-de-2021\/\" \/>\n<meta property=\"og:site_name\" content=\"Jornal das Oficinas\" \/>\n<meta property=\"article:publisher\" content=\"https:\/\/www.facebook.com\/jornaloficinas\" \/>\n<meta property=\"article:published_time\" content=\"2021-07-08T15:00:14+00:00\" \/>\n<meta property=\"og:image\" content=\"https:\/\/jornaldasoficinas.com\/pt\/wp-content\/uploads\/2021\/07\/Mercado-Automovel-com-queda.jpg\" \/>\n\t<meta property=\"og:image:width\" content=\"1024\" \/>\n\t<meta property=\"og:image:height\" content=\"581\" \/>\n\t<meta property=\"og:image:type\" content=\"image\/jpeg\" \/>\n<meta name=\"author\" content=\"Reda\u00e7\u00e3o JO\" \/>\n<meta name=\"twitter:card\" content=\"summary_large_image\" \/>\n<meta name=\"twitter:creator\" content=\"@jornaloficinas\" \/>\n<meta name=\"twitter:site\" content=\"@jornaloficinas\" \/>\n<meta name=\"twitter:label1\" content=\"Escrito por\" \/>\n\t<meta name=\"twitter:data1\" content=\"Reda\u00e7\u00e3o JO\" \/>\n\t<meta name=\"twitter:label2\" content=\"Tempo estimado de leitura\" \/>\n\t<meta name=\"twitter:data2\" content=\"3 minutos\" \/>\n<script type=\"application\/ld+json\" class=\"yoast-schema-graph\">{\"@context\":\"https:\\\/\\\/schema.org\",\"@graph\":[{\"@type\":\"Article\",\"@id\":\"https:\\\/\\\/jornaldasoficinas.com\\\/pt\\\/mercado-automovel-com-queda-de-341-no-primeiro-semestre-de-2021\\\/#article\",\"isPartOf\":{\"@id\":\"https:\\\/\\\/jornaldasoficinas.com\\\/pt\\\/mercado-automovel-com-queda-de-341-no-primeiro-semestre-de-2021\\\/\"},\"author\":{\"name\":\"Reda\u00e7\u00e3o JO\",\"@id\":\"https:\\\/\\\/jornaldasoficinas.com\\\/pt\\\/#\\\/schema\\\/person\\\/a38eef5de2c41d9e7c9ac10141afddf3\"},\"headline\":\"Mercado Autom\u00f3vel com queda de 34,1% no primeiro semestre de 2021\",\"datePublished\":\"2021-07-08T15:00:14+00:00\",\"mainEntityOfPage\":{\"@id\":\"https:\\\/\\\/jornaldasoficinas.com\\\/pt\\\/mercado-automovel-com-queda-de-341-no-primeiro-semestre-de-2021\\\/\"},\"wordCount\":559,\"publisher\":{\"@id\":\"https:\\\/\\\/jornaldasoficinas.com\\\/pt\\\/#organization\"},\"image\":{\"@id\":\"https:\\\/\\\/jornaldasoficinas.com\\\/pt\\\/mercado-automovel-com-queda-de-341-no-primeiro-semestre-de-2021\\\/#primaryimage\"},\"thumbnailUrl\":\"https:\\\/\\\/jornaldasoficinas.com\\\/pt\\\/wp-content\\\/uploads\\\/2021\\\/07\\\/Mercado-Automovel-com-queda.jpg\",\"articleSection\":[\"Mercado\"],\"inLanguage\":\"pt-PT\"},{\"@type\":\"WebPage\",\"@id\":\"https:\\\/\\\/jornaldasoficinas.com\\\/pt\\\/mercado-automovel-com-queda-de-341-no-primeiro-semestre-de-2021\\\/\",\"url\":\"https:\\\/\\\/jornaldasoficinas.com\\\/pt\\\/mercado-automovel-com-queda-de-341-no-primeiro-semestre-de-2021\\\/\",\"name\":\"Mercado Autom\u00f3vel com queda de 34,1% no primeiro semestre de 2021 - Jornal das Oficinas\",\"isPartOf\":{\"@id\":\"https:\\\/\\\/jornaldasoficinas.com\\\/pt\\\/#website\"},\"primaryImageOfPage\":{\"@id\":\"https:\\\/\\\/jornaldasoficinas.com\\\/pt\\\/mercado-automovel-com-queda-de-341-no-primeiro-semestre-de-2021\\\/#primaryimage\"},\"image\":{\"@id\":\"https:\\\/\\\/jornaldasoficinas.com\\\/pt\\\/mercado-automovel-com-queda-de-341-no-primeiro-semestre-de-2021\\\/#primaryimage\"},\"thumbnailUrl\":\"https:\\\/\\\/jornaldasoficinas.com\\\/pt\\\/wp-content\\\/uploads\\\/2021\\\/07\\\/Mercado-Automovel-com-queda.jpg\",\"datePublished\":\"2021-07-08T15:00:14+00:00\",\"description\":\"Em Junho de 2021 foram matriculados em Portugal 22.232 ve\u00edculos autom\u00f3veis, ou seja, menos 25,3 por cento que no mesmo m\u00eas de 2019\",\"breadcrumb\":{\"@id\":\"https:\\\/\\\/jornaldasoficinas.com\\\/pt\\\/mercado-automovel-com-queda-de-341-no-primeiro-semestre-de-2021\\\/#breadcrumb\"},\"inLanguage\":\"pt-PT\",\"potentialAction\":[{\"@type\":\"ReadAction\",\"target\":[\"https:\\\/\\\/jornaldasoficinas.com\\\/pt\\\/mercado-automovel-com-queda-de-341-no-primeiro-semestre-de-2021\\\/\"]}]},{\"@type\":\"ImageObject\",\"inLanguage\":\"pt-PT\",\"@id\":\"https:\\\/\\\/jornaldasoficinas.com\\\/pt\\\/mercado-automovel-com-queda-de-341-no-primeiro-semestre-de-2021\\\/#primaryimage\",\"url\":\"https:\\\/\\\/jornaldasoficinas.com\\\/pt\\\/wp-content\\\/uploads\\\/2021\\\/07\\\/Mercado-Automovel-com-queda.jpg\",\"contentUrl\":\"https:\\\/\\\/jornaldasoficinas.com\\\/pt\\\/wp-content\\\/uploads\\\/2021\\\/07\\\/Mercado-Automovel-com-queda.jpg\",\"width\":1024,\"height\":581,\"caption\":\"07 - Mercado-Automovel-com-queda\"},{\"@type\":\"BreadcrumbList\",\"@id\":\"https:\\\/\\\/jornaldasoficinas.com\\\/pt\\\/mercado-automovel-com-queda-de-341-no-primeiro-semestre-de-2021\\\/#breadcrumb\",\"itemListElement\":[{\"@type\":\"ListItem\",\"position\":1,\"name\":\"In\u00edcio\",\"item\":\"https:\\\/\\\/jornaldasoficinas.com\\\/pt\\\/\"},{\"@type\":\"ListItem\",\"position\":2,\"name\":\"Mercado Autom\u00f3vel com queda de 34,1% no primeiro semestre de 2021\"}]},{\"@type\":\"WebSite\",\"@id\":\"https:\\\/\\\/jornaldasoficinas.com\\\/pt\\\/#website\",\"url\":\"https:\\\/\\\/jornaldasoficinas.com\\\/pt\\\/\",\"name\":\"Jornal das Oficinas\",\"description\":\"Jornal independente do Aftermarket Autom\u00f3vel em Portugal\",\"publisher\":{\"@id\":\"https:\\\/\\\/jornaldasoficinas.com\\\/pt\\\/#organization\"},\"potentialAction\":[{\"@type\":\"SearchAction\",\"target\":{\"@type\":\"EntryPoint\",\"urlTemplate\":\"https:\\\/\\\/jornaldasoficinas.com\\\/pt\\\/?s={search_term_string}\"},\"query-input\":{\"@type\":\"PropertyValueSpecification\",\"valueRequired\":true,\"valueName\":\"search_term_string\"}}],\"inLanguage\":\"pt-PT\"},{\"@type\":\"Organization\",\"@id\":\"https:\\\/\\\/jornaldasoficinas.com\\\/pt\\\/#organization\",\"name\":\"Jornal das Oficinas\",\"url\":\"https:\\\/\\\/jornaldasoficinas.com\\\/pt\\\/\",\"logo\":{\"@type\":\"ImageObject\",\"inLanguage\":\"pt-PT\",\"@id\":\"https:\\\/\\\/jornaldasoficinas.com\\\/pt\\\/#\\\/schema\\\/logo\\\/image\\\/\",\"url\":\"https:\\\/\\\/jornaldasoficinas.com\\\/pt\\\/wp-content\\\/uploads\\\/logoJO-SEO.png\",\"contentUrl\":\"https:\\\/\\\/jornaldasoficinas.com\\\/pt\\\/wp-content\\\/uploads\\\/logoJO-SEO.png\",\"width\":285,\"height\":450,\"caption\":\"Jornal das Oficinas\"},\"image\":{\"@id\":\"https:\\\/\\\/jornaldasoficinas.com\\\/pt\\\/#\\\/schema\\\/logo\\\/image\\\/\"},\"sameAs\":[\"https:\\\/\\\/www.facebook.com\\\/jornaloficinas\",\"https:\\\/\\\/x.com\\\/jornaloficinas\",\"https:\\\/\\\/www.instagram.com\\\/jornal_oficinas\\\/\",\"https:\\\/\\\/www.linkedin.com\\\/company\\\/jornal-das-oficinas\\\/\",\"https:\\\/\\\/www.youtube.com\\\/channel\\\/UCbQZBqtcvV-oSQrr7RzINGg\"]},{\"@type\":\"Person\",\"@id\":\"https:\\\/\\\/jornaldasoficinas.com\\\/pt\\\/#\\\/schema\\\/person\\\/a38eef5de2c41d9e7c9ac10141afddf3\",\"name\":\"Reda\u00e7\u00e3o JO\",\"image\":{\"@type\":\"ImageObject\",\"inLanguage\":\"pt-PT\",\"@id\":\"https:\\\/\\\/secure.gravatar.com\\\/avatar\\\/71f2fa71737ad68a84fea94bc708ddac8ea5b0c4788dc2ad202f3ccb2887742f?s=96&d=wp_user_avatar&r=g\",\"url\":\"https:\\\/\\\/secure.gravatar.com\\\/avatar\\\/71f2fa71737ad68a84fea94bc708ddac8ea5b0c4788dc2ad202f3ccb2887742f?s=96&d=wp_user_avatar&r=g\",\"contentUrl\":\"https:\\\/\\\/secure.gravatar.com\\\/avatar\\\/71f2fa71737ad68a84fea94bc708ddac8ea5b0c4788dc2ad202f3ccb2887742f?s=96&d=wp_user_avatar&r=g\",\"caption\":\"Reda\u00e7\u00e3o JO\"},\"url\":\"https:\\\/\\\/jornaldasoficinas.com\\\/pt\\\/author\\\/joredacao\\\/\"}]}<\/script>\n<!-- \/ Yoast SEO plugin. -->","yoast_head_json":{"title":"Mercado Autom\u00f3vel com queda de 34,1% no primeiro semestre de 2021 - Jornal das Oficinas","description":"Em Junho de 2021 foram matriculados em Portugal 22.232 ve\u00edculos autom\u00f3veis, ou seja, menos 25,3 por cento que no mesmo m\u00eas de 2019","robots":{"index":"index","follow":"follow","max-snippet":"max-snippet:-1","max-image-preview":"max-image-preview:large","max-video-preview":"max-video-preview:-1"},"canonical":"https:\/\/jornaldasoficinas.com\/pt\/mercado-automovel-com-queda-de-341-no-primeiro-semestre-de-2021\/","og_locale":"pt_PT","og_type":"article","og_title":"Mercado Autom\u00f3vel com queda de 34,1% no primeiro semestre de 2021 - Jornal das Oficinas","og_description":"Em Junho de 2021 foram matriculados em Portugal 22.232 ve\u00edculos autom\u00f3veis, ou seja, menos 25,3 por cento que no mesmo m\u00eas de 2019","og_url":"https:\/\/jornaldasoficinas.com\/pt\/mercado-automovel-com-queda-de-341-no-primeiro-semestre-de-2021\/","og_site_name":"Jornal das Oficinas","article_publisher":"https:\/\/www.facebook.com\/jornaloficinas","article_published_time":"2021-07-08T15:00:14+00:00","og_image":[{"width":1024,"height":581,"url":"https:\/\/jornaldasoficinas.com\/pt\/wp-content\/uploads\/2021\/07\/Mercado-Automovel-com-queda.jpg","type":"image\/jpeg"}],"author":"Reda\u00e7\u00e3o JO","twitter_card":"summary_large_image","twitter_creator":"@jornaloficinas","twitter_site":"@jornaloficinas","twitter_misc":{"Escrito por":"Reda\u00e7\u00e3o JO","Tempo estimado de leitura":"3 minutos"},"schema":{"@context":"https:\/\/schema.org","@graph":[{"@type":"Article","@id":"https:\/\/jornaldasoficinas.com\/pt\/mercado-automovel-com-queda-de-341-no-primeiro-semestre-de-2021\/#article","isPartOf":{"@id":"https:\/\/jornaldasoficinas.com\/pt\/mercado-automovel-com-queda-de-341-no-primeiro-semestre-de-2021\/"},"author":{"name":"Reda\u00e7\u00e3o JO","@id":"https:\/\/jornaldasoficinas.com\/pt\/#\/schema\/person\/a38eef5de2c41d9e7c9ac10141afddf3"},"headline":"Mercado Autom\u00f3vel com queda de 34,1% no primeiro semestre de 2021","datePublished":"2021-07-08T15:00:14+00:00","mainEntityOfPage":{"@id":"https:\/\/jornaldasoficinas.com\/pt\/mercado-automovel-com-queda-de-341-no-primeiro-semestre-de-2021\/"},"wordCount":559,"publisher":{"@id":"https:\/\/jornaldasoficinas.com\/pt\/#organization"},"image":{"@id":"https:\/\/jornaldasoficinas.com\/pt\/mercado-automovel-com-queda-de-341-no-primeiro-semestre-de-2021\/#primaryimage"},"thumbnailUrl":"https:\/\/jornaldasoficinas.com\/pt\/wp-content\/uploads\/2021\/07\/Mercado-Automovel-com-queda.jpg","articleSection":["Mercado"],"inLanguage":"pt-PT"},{"@type":"WebPage","@id":"https:\/\/jornaldasoficinas.com\/pt\/mercado-automovel-com-queda-de-341-no-primeiro-semestre-de-2021\/","url":"https:\/\/jornaldasoficinas.com\/pt\/mercado-automovel-com-queda-de-341-no-primeiro-semestre-de-2021\/","name":"Mercado Autom\u00f3vel com queda de 34,1% no primeiro semestre de 2021 - Jornal das Oficinas","isPartOf":{"@id":"https:\/\/jornaldasoficinas.com\/pt\/#website"},"primaryImageOfPage":{"@id":"https:\/\/jornaldasoficinas.com\/pt\/mercado-automovel-com-queda-de-341-no-primeiro-semestre-de-2021\/#primaryimage"},"image":{"@id":"https:\/\/jornaldasoficinas.com\/pt\/mercado-automovel-com-queda-de-341-no-primeiro-semestre-de-2021\/#primaryimage"},"thumbnailUrl":"https:\/\/jornaldasoficinas.com\/pt\/wp-content\/uploads\/2021\/07\/Mercado-Automovel-com-queda.jpg","datePublished":"2021-07-08T15:00:14+00:00","description":"Em Junho de 2021 foram matriculados em Portugal 22.232 ve\u00edculos autom\u00f3veis, ou seja, menos 25,3 por cento que no mesmo m\u00eas de 2019","breadcrumb":{"@id":"https:\/\/jornaldasoficinas.com\/pt\/mercado-automovel-com-queda-de-341-no-primeiro-semestre-de-2021\/#breadcrumb"},"inLanguage":"pt-PT","potentialAction":[{"@type":"ReadAction","target":["https:\/\/jornaldasoficinas.com\/pt\/mercado-automovel-com-queda-de-341-no-primeiro-semestre-de-2021\/"]}]},{"@type":"ImageObject","inLanguage":"pt-PT","@id":"https:\/\/jornaldasoficinas.com\/pt\/mercado-automovel-com-queda-de-341-no-primeiro-semestre-de-2021\/#primaryimage","url":"https:\/\/jornaldasoficinas.com\/pt\/wp-content\/uploads\/2021\/07\/Mercado-Automovel-com-queda.jpg","contentUrl":"https:\/\/jornaldasoficinas.com\/pt\/wp-content\/uploads\/2021\/07\/Mercado-Automovel-com-queda.jpg","width":1024,"height":581,"caption":"07 - Mercado-Automovel-com-queda"},{"@type":"BreadcrumbList","@id":"https:\/\/jornaldasoficinas.com\/pt\/mercado-automovel-com-queda-de-341-no-primeiro-semestre-de-2021\/#breadcrumb","itemListElement":[{"@type":"ListItem","position":1,"name":"In\u00edcio","item":"https:\/\/jornaldasoficinas.com\/pt\/"},{"@type":"ListItem","position":2,"name":"Mercado Autom\u00f3vel com queda de 34,1% no primeiro semestre de 2021"}]},{"@type":"WebSite","@id":"https:\/\/jornaldasoficinas.com\/pt\/#website","url":"https:\/\/jornaldasoficinas.com\/pt\/","name":"Jornal das Oficinas","description":"Jornal independente do Aftermarket Autom\u00f3vel em Portugal","publisher":{"@id":"https:\/\/jornaldasoficinas.com\/pt\/#organization"},"potentialAction":[{"@type":"SearchAction","target":{"@type":"EntryPoint","urlTemplate":"https:\/\/jornaldasoficinas.com\/pt\/?s={search_term_string}"},"query-input":{"@type":"PropertyValueSpecification","valueRequired":true,"valueName":"search_term_string"}}],"inLanguage":"pt-PT"},{"@type":"Organization","@id":"https:\/\/jornaldasoficinas.com\/pt\/#organization","name":"Jornal das Oficinas","url":"https:\/\/jornaldasoficinas.com\/pt\/","logo":{"@type":"ImageObject","inLanguage":"pt-PT","@id":"https:\/\/jornaldasoficinas.com\/pt\/#\/schema\/logo\/image\/","url":"https:\/\/jornaldasoficinas.com\/pt\/wp-content\/uploads\/logoJO-SEO.png","contentUrl":"https:\/\/jornaldasoficinas.com\/pt\/wp-content\/uploads\/logoJO-SEO.png","width":285,"height":450,"caption":"Jornal das Oficinas"},"image":{"@id":"https:\/\/jornaldasoficinas.com\/pt\/#\/schema\/logo\/image\/"},"sameAs":["https:\/\/www.facebook.com\/jornaloficinas","https:\/\/x.com\/jornaloficinas","https:\/\/www.instagram.com\/jornal_oficinas\/","https:\/\/www.linkedin.com\/company\/jornal-das-oficinas\/","https:\/\/www.youtube.com\/channel\/UCbQZBqtcvV-oSQrr7RzINGg"]},{"@type":"Person","@id":"https:\/\/jornaldasoficinas.com\/pt\/#\/schema\/person\/a38eef5de2c41d9e7c9ac10141afddf3","name":"Reda\u00e7\u00e3o JO","image":{"@type":"ImageObject","inLanguage":"pt-PT","@id":"https:\/\/secure.gravatar.com\/avatar\/71f2fa71737ad68a84fea94bc708ddac8ea5b0c4788dc2ad202f3ccb2887742f?s=96&d=wp_user_avatar&r=g","url":"https:\/\/secure.gravatar.com\/avatar\/71f2fa71737ad68a84fea94bc708ddac8ea5b0c4788dc2ad202f3ccb2887742f?s=96&d=wp_user_avatar&r=g","contentUrl":"https:\/\/secure.gravatar.com\/avatar\/71f2fa71737ad68a84fea94bc708ddac8ea5b0c4788dc2ad202f3ccb2887742f?s=96&d=wp_user_avatar&r=g","caption":"Reda\u00e7\u00e3o JO"},"url":"https:\/\/jornaldasoficinas.com\/pt\/author\/joredacao\/"}]}},"_links":{"self":[{"href":"https:\/\/jornaldasoficinas.com\/pt\/wp-json\/wp\/v2\/posts\/22425","targetHints":{"allow":["GET"]}}],"collection":[{"href":"https:\/\/jornaldasoficinas.com\/pt\/wp-json\/wp\/v2\/posts"}],"about":[{"href":"https:\/\/jornaldasoficinas.com\/pt\/wp-json\/wp\/v2\/types\/post"}],"author":[{"embeddable":true,"href":"https:\/\/jornaldasoficinas.com\/pt\/wp-json\/wp\/v2\/users\/15"}],"replies":[{"embeddable":true,"href":"https:\/\/jornaldasoficinas.com\/pt\/wp-json\/wp\/v2\/comments?post=22425"}],"version-history":[{"count":0,"href":"https:\/\/jornaldasoficinas.com\/pt\/wp-json\/wp\/v2\/posts\/22425\/revisions"}],"wp:featuredmedia":[{"embeddable":true,"href":"https:\/\/jornaldasoficinas.com\/pt\/wp-json\/wp\/v2\/media\/22392"}],"wp:attachment":[{"href":"https:\/\/jornaldasoficinas.com\/pt\/wp-json\/wp\/v2\/media?parent=22425"}],"wp:term":[{"taxonomy":"category","embeddable":true,"href":"https:\/\/jornaldasoficinas.com\/pt\/wp-json\/wp\/v2\/categories?post=22425"},{"taxonomy":"post_tag","embeddable":true,"href":"https:\/\/jornaldasoficinas.com\/pt\/wp-json\/wp\/v2\/tags?post=22425"}],"curies":[{"name":"wp","href":"https:\/\/api.w.org\/{rel}","templated":true}]}}