{"id":22704,"date":"2021-07-16T12:00:56","date_gmt":"2021-07-16T11:00:56","guid":{"rendered":"https:\/\/jornaldasoficinas.com\/pt\/?p=22704"},"modified":"2023-07-20T16:13:16","modified_gmt":"2023-07-20T15:13:16","slug":"novos-camioes-man-estao-mais-eficientes-e-digitais","status":"publish","type":"post","link":"https:\/\/jornaldasoficinas.com\/pt\/novos-camioes-man-estao-mais-eficientes-e-digitais\/","title":{"rendered":"Novos Cami\u00f5es MAN est\u00e3o mais eficientes e digitais"},"content":{"rendered":"<p><strong><img loading=\"lazy\" decoding=\"async\" class=\"alignnone wp-image-22660 size-full\" src=\"https:\/\/jornaldasoficinas.com\/pt\/wp-content\/uploads\/2021\/07\/Novos-Camioes-MAN.jpg\" alt=\"07 - Novos-Camioes-MAN\" width=\"1024\" height=\"581\" srcset=\"https:\/\/jornaldasoficinas.com\/pt\/wp-content\/uploads\/2021\/07\/Novos-Camioes-MAN.jpg 1024w, https:\/\/jornaldasoficinas.com\/pt\/wp-content\/uploads\/2021\/07\/Novos-Camioes-MAN-300x170.jpg 300w, https:\/\/jornaldasoficinas.com\/pt\/wp-content\/uploads\/2021\/07\/Novos-Camioes-MAN-150x85.jpg 150w, https:\/\/jornaldasoficinas.com\/pt\/wp-content\/uploads\/2021\/07\/Novos-Camioes-MAN-768x436.jpg 768w\" sizes=\"auto, (max-width: 1024px) 100vw, 1024px\" \/><\/strong><\/p>\n<p><strong>A MAN est\u00e1 a apresentar novos destaques de produtos para a Nova Gera\u00e7\u00e3o de Cami\u00f5es, rec\u00e9m-lan\u00e7ada no ano passado, que tornam o TGX, TGS, TGM e TGL ainda mais seguros e f\u00e1ceis de usar, mas tamb\u00e9m mais eficientes e digitais.<\/strong><\/p>\n<p>O sistema de troca de espelho MAN OptiView, o assistente de dire\u00e7\u00e3o MAN CruiseAssist, economia de combust\u00edvel adicional de at\u00e9 3,7 por cento, bem como atualiza\u00e7\u00f5es over-the-air com MAN Now e novos servi\u00e7os digitais s\u00e3o apenas algumas das inova\u00e7\u00f5es que chegam entre a segunda metade de 2021 e o in\u00edcio de 2022 que proporcionar\u00e1 aos motoristas e transportadoras benef\u00edcios duradouros nas suas opera\u00e7\u00f5es di\u00e1rias<\/p>\n<p>\u201cSabemos que os neg\u00f3cios dos nossos clientes nunca param, por isso na MAN nunca paramos de trabalhar na melhoria dos nossos produtos. Por esse motivo, estamos a tornar a nossa Nova Gera\u00e7\u00e3o de Cami\u00f5es mais eficiente, segura e inovadora e concentramo-nos ainda mais na simplifica-\u00e7\u00e3o das opera\u00e7\u00f5es do dia-a-dia dos nossos clientes e motoristas, tornando-nos num confi\u00e1vel e competente parceiro \u201d, diz G\u00f6ran Nyberg, membro do conselho executivo de vendas e solu\u00e7\u00f5es para clientes da MAN Truck &amp; Bus.<\/p>\n<p><strong>Assist\u00eancia inovadora<br \/>\n<\/strong>Ao n\u00edvel dos novos produtos, o principal destaque visual \u00e9 a aus\u00eancia dos retrovisores exteriores tradicionais. O novo sistema opcional de troca de espelhos, que pode ser encomendado a partir de outubro, funciona exclusivamente com c\u00e2maras, inclusive na parte frontal e nas laterais do ve\u00edculo. Elas mostram o que est\u00e1 a acontecer \u00e0 volta do cami\u00e3o em dois monitores grandes de alta resolu\u00e7\u00e3o nos A-pillars e tamb\u00e9m no ecr\u00e3 do sistema de media. O motorista tem uma sele\u00e7\u00e3o de op\u00e7\u00f5es de visualiza\u00e7\u00e3o para escolher, cada uma eliminando consistentemente os pontos cegos, melhorando a visibilidade e, acima de tudo, melhorando significativamente a seguran\u00e7a para outros utilizadores da estrada. A fun\u00e7\u00e3o de assist\u00eancia na viragem tamb\u00e9m est\u00e1 integrada no conceito do display.<div class='yrm-content yrm-content-2 yrm-content-hide  ' id='yrm-HT7f8' data-id='2' data-show-status='false' data-after-action='' style=\"visibility: hidden;height: 0;\">\n\t\t\t<div id='yrm-inner-content-yrm-HT7f8' class='yrm-inner-content-wrapper yrm-cntent-2'><\/p>\n<p>O novo assistente para preven\u00e7\u00e3o de colis\u00f5es oferece maior seguran\u00e7a ao mudar de faixa. Como extens\u00e3o do sistema de aviso de mudan\u00e7a de faixa anterior, o assistente interv\u00e9m fazendo uma contra-dire\u00e7\u00e3o no caso de uma colis\u00e3o ser iminente. A nova fun\u00e7\u00e3o MAN CruiseAssist oferece outra forma eletr\u00f3nica de assist\u00eancia de condu\u00e7\u00e3o.<\/p>\n<p>Pode ser usada para conduzir, travar e acelerar os cami\u00f5es TGX e TGS de forma independente no tr\u00e2nsito, mesmo em caso de engarrafamentos. Embora o motorista precise manter as m\u00e3os no volante o tempo todo, o sistema tira grande parte da sobrecarga do motorista e oferece benef\u00edcios de seguran\u00e7a significativos. Ambos os sistemas estar\u00e3o dispon\u00edveis para o TGX e TGS a partir de julho. O assistente de preven\u00e7\u00e3o de colis\u00e3o, bem como as fun\u00e7\u00f5es de suporte para mudan\u00e7a de faixa e assist\u00eancia para virar, que j\u00e1 est\u00e3o dispon\u00edveis para o TGX e TGS, podem ser encomendados para o TGM a partir de outubro.<\/p>\n<p>Um novo sistema de c\u00e2mera de assist\u00eancia ao virar com fun\u00e7\u00e3o de advert\u00eancia da MAN Individual oferece maior seguran\u00e7a de f\u00e1brica, particularmente como uma solu\u00e7\u00e3o de reequipamento para ve\u00edculos mais antigos.<\/p>\n<p><strong>Efici\u00eancia sustent\u00e1vel<br \/>\n<\/strong>Quando se trata de efici\u00eancia, a nova Gera\u00e7\u00e3o de Cami\u00f5es MAN, que, com sua economia de combust\u00edvel de at\u00e9 8,2 por cento, j\u00e1 \u00e9 muito moderada, est\u00e1 prestes a ficar melhor. A nova fun\u00e7\u00e3o de ajuste din\u00e2mico do torque, que tamb\u00e9m pode ser encomendado a partir de julho, e a redu\u00e7\u00e3o da velocidade ao conduzir em marcha lenta t\u00eam um impacto adicional na redu\u00e7\u00e3o do consumo de combust\u00edvel.<\/p>\n<p>Quando combinado com a caixa de velocidades MAN TipMatic 12 altamente eficiente, que agora \u00e9 usada por padr\u00e3o em tratores semirreboques tipo, e a aerodin\u00e2mica, que foi ainda mais melhorada com a remo\u00e7\u00e3o dos espelhos retrovisores externos e a chegada da nova persiana para o GM e cabines GX, economia de combust\u00edvel adicional de at\u00e9 3,7 por cento pode ser alcan\u00e7ada em situa\u00e7\u00f5es de transporte de longo curso com a s\u00e9rie de motores D26.<\/p>\n<p><strong>Digital com uma vis\u00e3o futurista<br \/>\n<\/strong>Os gestores de frotas est\u00e3o t\u00e3o satisfeitos com isto quanto com a ampla s\u00e9rie de atualiza\u00e7\u00f5es de fun\u00e7\u00f5es over-the-air e novos recursos na gratuita MAN Driver App, que tamb\u00e9m contribuem para a efici\u00eancia. O MAN Perform, a ferramenta para analisar a mobiliza\u00e7\u00e3o do motorista e do ve\u00edculo, tamb\u00e9m ser\u00e1 atualizado entre o segundo semestre de 2021 e o in\u00edcio de 2022, oferecendo novos recursos, tais como frota automatizada e relat\u00f3rios do motorista, e a capacidade de integrar dados de desempenho adicionais.<\/p>\n<p>O sistema de gest\u00e3o de manuten\u00e7\u00e3o digital MAN ServiceCare, que atua como interface na an\u00e1lise e transmiss\u00e3o de dados do ve\u00edculo para o posto de servi\u00e7o MAN nesta nova fase de expans\u00e3o, tamb\u00e9m oferece uma grande vantagem em termos de maior disponibilidade do ve\u00edculo: o ServiceCare Center assume isso ao entrar em contacto com os clientes em tempo \u00fatil se ocorrer uma falha no ve\u00edculo &#8211; antes que essa falha resulte numa avaria.<\/p>\n<p>E, finalmente, a oferta digital em torno da nova Gera\u00e7\u00e3o de Cami\u00f5es MAN tamb\u00e9m est\u00e1 a crescer como resultado do facto de que a MAN Driver App tamb\u00e9m tem novas fun\u00e7\u00f5es, al\u00e9m de que as suas fun\u00e7\u00f5es anteriores, como o suporte para controlo de partida e relat\u00f3rios de danos, o servi\u00e7o de pesquisa de base MAN ou as instru\u00e7\u00f5es de opera\u00e7\u00e3o resumidas.<\/p>\n<p>Para al\u00e9m de outras oito vers\u00f5es lingu\u00edsticas, trata-se, sobretudo, de recomenda\u00e7\u00f5es de a\u00e7\u00e3o para um estilo de condu\u00e7\u00e3o econ\u00f3mico e, em conjunto com o servi\u00e7o Perform, explica\u00e7\u00f5es das avalia\u00e7\u00f5es da an\u00e1lise individual do estilo de condu\u00e7\u00e3o pela app. Isto permite que os motoristas usem a nova Gera\u00e7\u00e3o de Cami\u00f5es MAN com ainda mais conforto e as empresas de transporte beneficiem de uma efici\u00eancia ainda maior. Fiel ao princ\u00edpio orientador da MAN: Simplifying Business.<\/p>\n<p>Pode ver o v\u00eddeo sobre a nova gera\u00e7\u00e3o de cami\u00f5es MAN <a href=\"https:\/\/www.youtube.com\/watch?v=IP9qNwMfdlk\" target=\"_blank\" rel=\"noopener\"><strong>aqui<\/strong><\/a><\/p>\n<p><\/div>\n\t\t<\/div><div class='yrm-btn-wrapper yrm-btn-wrapper-2 yrm-more-button-wrapper  '\n\t\tdata-custom-more-class-name='' data-custom-less-class-name=''><span title='' data-less-title='' data-more-title='' class='yrm-toggle-expand  yrm-toggle-expand-2 ' data-rel='yrm-HT7f8' data-more='Continue a ler' data-less='Menos texto'><span class='yrm-text-wrapper yrm-text-wrapper-custom-dimensions'><span class=\"yrm-button-text-2 yrm-button-text-span\">Continue a ler<\/span><\/span><\/span><\/div><\/p>\n<div class=\"wonderplugingallery-container\" id=\"wonderplugingallery-container-58\" style=\"max-width:960px;margin:0 auto;\"><div class=\"wonderplugingallery\" id=\"wonderplugingallery-58\" data-galleryid=\"58\" data-width=\"960\" data-height=\"540\" data-skin=\"gallery\" data-playsinline=\"false\" data-mutevideo=\"false\" data-random=\"false\" data-autoslide=\"false\" data-autoplayvideo=\"false\" data-schemamarkup=\"false\" data-stopallplaying=\"false\" data-reloadonvideoend=\"false\" data-donotuseposter=\"false\" data-enabletabindex=\"false\" data-loadnextonvideoend=\"false\" data-hidetitlewhenvideoisplaying=\"false\" data-disablehovereventontouch=\"false\" data-autoslideandplayafterfirstplayed=\"false\" data-html5player=\"true\" data-responsive=\"true\" data-fullwidth=\"false\" data-showtitle=\"true\" data-showdescription=\"true\" data-showplaybutton=\"true\" data-showfullscreenbutton=\"true\" data-showtimer=\"true\" data-showcarousel=\"true\" data-galleryshadow=\"false\" data-slideshadow=\"true\" data-thumbshowtitle=\"false\" data-thumbshowimage=\"true\" data-thumbshadow=\"true\" data-lightboxshowtitle=\"true\" data-lightboxshowdescription=\"true\" data-specifyid=\"true\" data-donotinit=\"false\" data-addinitscript=\"false\" data-triggerresize=\"false\" data-thumbcolumnsresponsive=\"false\" data-thumbverticalmiddle=\"true\" data-removeinlinecss=\"true\" data-switchonmouseover=\"false\" data-showcategory=\"true\" data-showimgtitle=\"false\" data-titlesmallscreen=\"false\" data-initsocial=\"true\" data-showsocial=\"false\" data-showemail=\"false\" data-showfacebook=\"true\" data-showtwitter=\"true\" data-showpinterest=\"true\" data-socialrotateeffect=\"true\" data-doshortcodeontext=\"false\" data-loop=\"0\" data-duration=\"1500\" data-slideduration=\"1000\" data-slideshowinterval=\"6000\" data-googleanalyticsaccount=\"\" data-resizemode=\"fill\" data-imagetoolboxmode=\"mouseover\" data-effect=\"fade\" data-padding=\"12\" data-bgcolor=\"\" data-bgimage=\"\" data-thumbwidth=\"120\" data-thumbheight=\"60\" data-thumbgap=\"8\" data-thumbrowgap=\"16\" data-lightboxtextheight=\"72\" data-lightboxtitlecss=\"{color:#333333; font:bold 12px Arial,Helvetica,sans-serif; overflow:hidden; white-space:normal; line-height:18px;}\" data-lightboxdescriptioncss=\"{color:#333333; font:normal 12px Arial,Helvetica,sans-serif; overflow:hidden; white-space:normal; line-height:14px;}\" data-titlecss=\"{color:#ffffff; font-size:14px; font-family:Armata, sans-serif, Arial; overflow:hidden; text-align:left; padding:10px 0px 10px 10px; background:rgb(102, 102, 102) transparent; background:rgba(102, 102, 102, 0.6);}\" data-descriptioncss=\"{color:#ffffff; font-size:13px; font-family:Armata, sans-serif, Arial; overflow:hidden; text-align:left; padding:0px 0px 10px 10px; background:rgb(102, 102, 102) transparent; background:rgba(102, 102, 102, 0.6);}\" data-titleheight=\"72\" data-titlesmallscreenwidth=\"640\" data-titleheightsmallscreen=\"148\" data-socialmode=\"mouseover\" data-socialposition=\"position:absolute;top:8px;right:8px;\" data-socialpositionlightbox=\"position:absolute;top:8px;right:8px;\" data-socialdirection=\"horizontal\" data-socialbuttonsize=\"32\" data-socialbuttonfontsize=\"18\" data-defaultvideovolume=\"1\" data-thumbtitleheight=\"24\" data-thumbmediumtitleheight=\"48\" data-thumbsmalltitleheight=\"72\" data-categoryheight=\"36\" data-categorydefault=\"all\" data-triggerresizedelay=\"100\" data-thumbmediumsize=\"800\" data-thumbsmallsize=\"480\" data-thumbmediumwidth=\"64\" data-thumbmediumheight=\"64\" data-thumbsmallwidth=\"48\" data-thumbsmallheight=\"48\" data-imgtitle=\"title\" data-categorystyle=\"dropdown\" data-categorylist=\"[{&quot;slug&quot;:&quot;all&quot;,&quot;caption&quot;:&quot;Show All&quot;}]\" data-jsfolder=\"https:\/\/jornaldasoficinas.com\/pt\/wp-content\/plugins\/wonderplugin-gallery\/engine\/\" style=\"display:none;\" ><a class=\"html5galleryimglink\" href=\"https:\/\/jornaldasoficinas.com\/pt\/wp-content\/uploads\/2021\/07\/Novos-Camioes-MAN\/unnamed.jpg\" data-mediatype=1><img decoding=\"async\" class=\"html5galleryimg html5gallery-tn-image\" src=\"https:\/\/jornaldasoficinas.com\/pt\/wp-content\/uploads\/2021\/07\/Novos-Camioes-MAN\/unnamed.jpg\" alt=\"\"><\/a><div class=\"html5gallery-info\"><\/div><a class=\"html5galleryimglink\" href=\"https:\/\/jornaldasoficinas.com\/pt\/wp-content\/uploads\/2021\/07\/Novos-Camioes-MAN\/unnamed1.jpg\" data-mediatype=1><img decoding=\"async\" class=\"html5galleryimg html5gallery-tn-image\" src=\"https:\/\/jornaldasoficinas.com\/pt\/wp-content\/uploads\/2021\/07\/Novos-Camioes-MAN\/unnamed1.jpg\" alt=\"\"><\/a><div class=\"html5gallery-info\"><\/div><a class=\"html5galleryimglink\" href=\"https:\/\/jornaldasoficinas.com\/pt\/wp-content\/uploads\/2021\/07\/Novos-Camioes-MAN\/unnamed2.jpg\" data-mediatype=1><img decoding=\"async\" class=\"html5galleryimg html5gallery-tn-image\" src=\"https:\/\/jornaldasoficinas.com\/pt\/wp-content\/uploads\/2021\/07\/Novos-Camioes-MAN\/unnamed2.jpg\" alt=\"\"><\/a><div class=\"html5gallery-info\"><\/div><a class=\"html5galleryimglink\" href=\"https:\/\/jornaldasoficinas.com\/pt\/wp-content\/uploads\/2021\/07\/Novos-Camioes-MAN\/unnamed3.jpg\" data-mediatype=1><img decoding=\"async\" class=\"html5galleryimg html5gallery-tn-image\" src=\"https:\/\/jornaldasoficinas.com\/pt\/wp-content\/uploads\/2021\/07\/Novos-Camioes-MAN\/unnamed3.jpg\" alt=\"\"><\/a><div class=\"html5gallery-info\"><\/div><a class=\"html5galleryimglink\" href=\"https:\/\/jornaldasoficinas.com\/pt\/wp-content\/uploads\/2021\/07\/Novos-Camioes-MAN\/unnamed4.jpg\" data-mediatype=1><img decoding=\"async\" class=\"html5galleryimg html5gallery-tn-image\" src=\"https:\/\/jornaldasoficinas.com\/pt\/wp-content\/uploads\/2021\/07\/Novos-Camioes-MAN\/unnamed4.jpg\" alt=\"\"><\/a><div class=\"html5gallery-info\"><\/div><a class=\"html5galleryimglink\" href=\"https:\/\/jornaldasoficinas.com\/pt\/wp-content\/uploads\/2021\/07\/Novos-Camioes-MAN\/unnamed5.jpg\" data-mediatype=1><img decoding=\"async\" class=\"html5galleryimg html5gallery-tn-image\" src=\"https:\/\/jornaldasoficinas.com\/pt\/wp-content\/uploads\/2021\/07\/Novos-Camioes-MAN\/unnamed5.jpg\" alt=\"\"><\/a><div class=\"html5gallery-info\"><\/div><a class=\"html5galleryimglink\" href=\"https:\/\/jornaldasoficinas.com\/pt\/wp-content\/uploads\/2021\/07\/Novos-Camioes-MAN\/unnamed6.jpg\" data-mediatype=1><img decoding=\"async\" class=\"html5galleryimg html5gallery-tn-image\" src=\"https:\/\/jornaldasoficinas.com\/pt\/wp-content\/uploads\/2021\/07\/Novos-Camioes-MAN\/unnamed6.jpg\" alt=\"\"><\/a><div class=\"html5gallery-info\"><\/div><a class=\"html5galleryimglink\" href=\"https:\/\/jornaldasoficinas.com\/pt\/wp-content\/uploads\/2021\/07\/Novos-Camioes-MAN\/unnamed7.jpg\" data-mediatype=1><img decoding=\"async\" class=\"html5galleryimg html5gallery-tn-image\" src=\"https:\/\/jornaldasoficinas.com\/pt\/wp-content\/uploads\/2021\/07\/Novos-Camioes-MAN\/unnamed7.jpg\" alt=\"\"><\/a><div class=\"html5gallery-info\"><\/div><a class=\"html5galleryimglink\" href=\"https:\/\/jornaldasoficinas.com\/pt\/wp-content\/uploads\/2021\/07\/Novos-Camioes-MAN\/unnamed8.jpg\" data-mediatype=1><img decoding=\"async\" class=\"html5galleryimg html5gallery-tn-image\" src=\"https:\/\/jornaldasoficinas.com\/pt\/wp-content\/uploads\/2021\/07\/Novos-Camioes-MAN\/unnamed8.jpg\" alt=\"\"><\/a><div class=\"html5gallery-info\"><\/div><\/div><\/div><script>function wondergallery_58_appendcss(csscode) {var head=document.head || document.getElementsByTagName(\"head\")[0];var style=document.createElement(\"style\");head.appendChild(style);style.type=\"text\/css\";if (style.styleSheet){style.styleSheet.cssText=csscode;} else {style.appendChild(document.createTextNode(csscode));}};wondergallery_58_appendcss(\"#wonderplugingallery-58 .html5gallery-cat-selection-58 { \tbox-sizing: border-box; \ttext-align: center; }  #wonderplugingallery-58 .html5gallery-cat-selection-58 select { \tbox-sizing: border-box; \tmargin: 4px auto; }\");<\/script>\n","protected":false},"excerpt":{"rendered":"<p>A MAN est\u00e1 a apresentar novos&#8230;<\/p>\n","protected":false},"author":15,"featured_media":22660,"comment_status":"closed","ping_status":"closed","sticky":false,"template":"","format":"standard","meta":{"footnotes":""},"categories":[29],"tags":[10],"class_list":["post-22704","post","type-post","status-publish","format-standard","has-post-thumbnail","hentry","category-empresas","tag-man"],"yoast_head":"<!-- This site is optimized with the Yoast SEO plugin v27.4 - https:\/\/yoast.com\/product\/yoast-seo-wordpress\/ -->\n<title>Novos Cami\u00f5es MAN est\u00e3o mais eficientes e digitais - Jornal das Oficinas<\/title>\n<meta name=\"robots\" content=\"index, follow, max-snippet:-1, max-image-preview:large, max-video-preview:-1\" \/>\n<link rel=\"canonical\" href=\"https:\/\/jornaldasoficinas.com\/pt\/novos-camioes-man-estao-mais-eficientes-e-digitais\/\" \/>\n<meta property=\"og:locale\" content=\"pt_PT\" \/>\n<meta property=\"og:type\" content=\"article\" \/>\n<meta property=\"og:title\" content=\"Novos Cami\u00f5es MAN est\u00e3o mais eficientes e digitais - Jornal das Oficinas\" \/>\n<meta property=\"og:description\" content=\"A MAN est\u00e1 a apresentar novos...\" \/>\n<meta property=\"og:url\" content=\"https:\/\/jornaldasoficinas.com\/pt\/novos-camioes-man-estao-mais-eficientes-e-digitais\/\" \/>\n<meta property=\"og:site_name\" content=\"Jornal das Oficinas\" \/>\n<meta property=\"article:publisher\" content=\"https:\/\/www.facebook.com\/jornaloficinas\" \/>\n<meta property=\"article:published_time\" content=\"2021-07-16T11:00:56+00:00\" \/>\n<meta property=\"article:modified_time\" content=\"2023-07-20T15:13:16+00:00\" \/>\n<meta property=\"og:image\" content=\"https:\/\/jornaldasoficinas.com\/pt\/wp-content\/uploads\/2021\/07\/Novos-Camioes-MAN.jpg\" \/>\n\t<meta property=\"og:image:width\" content=\"1024\" \/>\n\t<meta property=\"og:image:height\" content=\"581\" \/>\n\t<meta property=\"og:image:type\" content=\"image\/jpeg\" \/>\n<meta name=\"author\" content=\"Reda\u00e7\u00e3o JO\" \/>\n<meta name=\"twitter:card\" content=\"summary_large_image\" \/>\n<meta name=\"twitter:creator\" content=\"@jornaloficinas\" \/>\n<meta name=\"twitter:site\" content=\"@jornaloficinas\" \/>\n<meta name=\"twitter:label1\" content=\"Escrito por\" \/>\n\t<meta name=\"twitter:data1\" content=\"Reda\u00e7\u00e3o JO\" \/>\n\t<meta name=\"twitter:label2\" content=\"Tempo estimado de leitura\" \/>\n\t<meta name=\"twitter:data2\" content=\"5 minutos\" \/>\n<script type=\"application\/ld+json\" class=\"yoast-schema-graph\">{\"@context\":\"https:\\\/\\\/schema.org\",\"@graph\":[{\"@type\":\"Article\",\"@id\":\"https:\\\/\\\/jornaldasoficinas.com\\\/pt\\\/novos-camioes-man-estao-mais-eficientes-e-digitais\\\/#article\",\"isPartOf\":{\"@id\":\"https:\\\/\\\/jornaldasoficinas.com\\\/pt\\\/novos-camioes-man-estao-mais-eficientes-e-digitais\\\/\"},\"author\":{\"name\":\"Reda\u00e7\u00e3o JO\",\"@id\":\"https:\\\/\\\/jornaldasoficinas.com\\\/pt\\\/#\\\/schema\\\/person\\\/a38eef5de2c41d9e7c9ac10141afddf3\"},\"headline\":\"Novos Cami\u00f5es MAN est\u00e3o mais eficientes e digitais\",\"datePublished\":\"2021-07-16T11:00:56+00:00\",\"dateModified\":\"2023-07-20T15:13:16+00:00\",\"mainEntityOfPage\":{\"@id\":\"https:\\\/\\\/jornaldasoficinas.com\\\/pt\\\/novos-camioes-man-estao-mais-eficientes-e-digitais\\\/\"},\"wordCount\":1098,\"publisher\":{\"@id\":\"https:\\\/\\\/jornaldasoficinas.com\\\/pt\\\/#organization\"},\"image\":{\"@id\":\"https:\\\/\\\/jornaldasoficinas.com\\\/pt\\\/novos-camioes-man-estao-mais-eficientes-e-digitais\\\/#primaryimage\"},\"thumbnailUrl\":\"https:\\\/\\\/jornaldasoficinas.com\\\/pt\\\/wp-content\\\/uploads\\\/2021\\\/07\\\/Novos-Camioes-MAN.jpg\",\"keywords\":[\"Man\"],\"articleSection\":[\"Empresas\"],\"inLanguage\":\"pt-PT\"},{\"@type\":\"WebPage\",\"@id\":\"https:\\\/\\\/jornaldasoficinas.com\\\/pt\\\/novos-camioes-man-estao-mais-eficientes-e-digitais\\\/\",\"url\":\"https:\\\/\\\/jornaldasoficinas.com\\\/pt\\\/novos-camioes-man-estao-mais-eficientes-e-digitais\\\/\",\"name\":\"Novos Cami\u00f5es MAN est\u00e3o mais eficientes e digitais - Jornal das Oficinas\",\"isPartOf\":{\"@id\":\"https:\\\/\\\/jornaldasoficinas.com\\\/pt\\\/#website\"},\"primaryImageOfPage\":{\"@id\":\"https:\\\/\\\/jornaldasoficinas.com\\\/pt\\\/novos-camioes-man-estao-mais-eficientes-e-digitais\\\/#primaryimage\"},\"image\":{\"@id\":\"https:\\\/\\\/jornaldasoficinas.com\\\/pt\\\/novos-camioes-man-estao-mais-eficientes-e-digitais\\\/#primaryimage\"},\"thumbnailUrl\":\"https:\\\/\\\/jornaldasoficinas.com\\\/pt\\\/wp-content\\\/uploads\\\/2021\\\/07\\\/Novos-Camioes-MAN.jpg\",\"datePublished\":\"2021-07-16T11:00:56+00:00\",\"dateModified\":\"2023-07-20T15:13:16+00:00\",\"breadcrumb\":{\"@id\":\"https:\\\/\\\/jornaldasoficinas.com\\\/pt\\\/novos-camioes-man-estao-mais-eficientes-e-digitais\\\/#breadcrumb\"},\"inLanguage\":\"pt-PT\",\"potentialAction\":[{\"@type\":\"ReadAction\",\"target\":[\"https:\\\/\\\/jornaldasoficinas.com\\\/pt\\\/novos-camioes-man-estao-mais-eficientes-e-digitais\\\/\"]}]},{\"@type\":\"ImageObject\",\"inLanguage\":\"pt-PT\",\"@id\":\"https:\\\/\\\/jornaldasoficinas.com\\\/pt\\\/novos-camioes-man-estao-mais-eficientes-e-digitais\\\/#primaryimage\",\"url\":\"https:\\\/\\\/jornaldasoficinas.com\\\/pt\\\/wp-content\\\/uploads\\\/2021\\\/07\\\/Novos-Camioes-MAN.jpg\",\"contentUrl\":\"https:\\\/\\\/jornaldasoficinas.com\\\/pt\\\/wp-content\\\/uploads\\\/2021\\\/07\\\/Novos-Camioes-MAN.jpg\",\"width\":1024,\"height\":581,\"caption\":\"07 - Novos-Camioes-MAN\"},{\"@type\":\"BreadcrumbList\",\"@id\":\"https:\\\/\\\/jornaldasoficinas.com\\\/pt\\\/novos-camioes-man-estao-mais-eficientes-e-digitais\\\/#breadcrumb\",\"itemListElement\":[{\"@type\":\"ListItem\",\"position\":1,\"name\":\"In\u00edcio\",\"item\":\"https:\\\/\\\/jornaldasoficinas.com\\\/pt\\\/\"},{\"@type\":\"ListItem\",\"position\":2,\"name\":\"Novos Cami\u00f5es MAN est\u00e3o mais eficientes e digitais\"}]},{\"@type\":\"WebSite\",\"@id\":\"https:\\\/\\\/jornaldasoficinas.com\\\/pt\\\/#website\",\"url\":\"https:\\\/\\\/jornaldasoficinas.com\\\/pt\\\/\",\"name\":\"Jornal das Oficinas\",\"description\":\"Jornal independente do Aftermarket Autom\u00f3vel em Portugal\",\"publisher\":{\"@id\":\"https:\\\/\\\/jornaldasoficinas.com\\\/pt\\\/#organization\"},\"potentialAction\":[{\"@type\":\"SearchAction\",\"target\":{\"@type\":\"EntryPoint\",\"urlTemplate\":\"https:\\\/\\\/jornaldasoficinas.com\\\/pt\\\/?s={search_term_string}\"},\"query-input\":{\"@type\":\"PropertyValueSpecification\",\"valueRequired\":true,\"valueName\":\"search_term_string\"}}],\"inLanguage\":\"pt-PT\"},{\"@type\":\"Organization\",\"@id\":\"https:\\\/\\\/jornaldasoficinas.com\\\/pt\\\/#organization\",\"name\":\"Jornal das Oficinas\",\"url\":\"https:\\\/\\\/jornaldasoficinas.com\\\/pt\\\/\",\"logo\":{\"@type\":\"ImageObject\",\"inLanguage\":\"pt-PT\",\"@id\":\"https:\\\/\\\/jornaldasoficinas.com\\\/pt\\\/#\\\/schema\\\/logo\\\/image\\\/\",\"url\":\"https:\\\/\\\/jornaldasoficinas.com\\\/pt\\\/wp-content\\\/uploads\\\/logoJO-SEO.png\",\"contentUrl\":\"https:\\\/\\\/jornaldasoficinas.com\\\/pt\\\/wp-content\\\/uploads\\\/logoJO-SEO.png\",\"width\":285,\"height\":450,\"caption\":\"Jornal das Oficinas\"},\"image\":{\"@id\":\"https:\\\/\\\/jornaldasoficinas.com\\\/pt\\\/#\\\/schema\\\/logo\\\/image\\\/\"},\"sameAs\":[\"https:\\\/\\\/www.facebook.com\\\/jornaloficinas\",\"https:\\\/\\\/x.com\\\/jornaloficinas\",\"https:\\\/\\\/www.instagram.com\\\/jornal_oficinas\\\/\",\"https:\\\/\\\/www.linkedin.com\\\/company\\\/jornal-das-oficinas\\\/\",\"https:\\\/\\\/www.youtube.com\\\/channel\\\/UCbQZBqtcvV-oSQrr7RzINGg\"]},{\"@type\":\"Person\",\"@id\":\"https:\\\/\\\/jornaldasoficinas.com\\\/pt\\\/#\\\/schema\\\/person\\\/a38eef5de2c41d9e7c9ac10141afddf3\",\"name\":\"Reda\u00e7\u00e3o JO\",\"image\":{\"@type\":\"ImageObject\",\"inLanguage\":\"pt-PT\",\"@id\":\"https:\\\/\\\/secure.gravatar.com\\\/avatar\\\/71f2fa71737ad68a84fea94bc708ddac8ea5b0c4788dc2ad202f3ccb2887742f?s=96&d=wp_user_avatar&r=g\",\"url\":\"https:\\\/\\\/secure.gravatar.com\\\/avatar\\\/71f2fa71737ad68a84fea94bc708ddac8ea5b0c4788dc2ad202f3ccb2887742f?s=96&d=wp_user_avatar&r=g\",\"contentUrl\":\"https:\\\/\\\/secure.gravatar.com\\\/avatar\\\/71f2fa71737ad68a84fea94bc708ddac8ea5b0c4788dc2ad202f3ccb2887742f?s=96&d=wp_user_avatar&r=g\",\"caption\":\"Reda\u00e7\u00e3o JO\"},\"url\":\"https:\\\/\\\/jornaldasoficinas.com\\\/pt\\\/author\\\/joredacao\\\/\"}]}<\/script>\n<!-- \/ Yoast SEO plugin. -->","yoast_head_json":{"title":"Novos Cami\u00f5es MAN est\u00e3o mais eficientes e digitais - Jornal das Oficinas","robots":{"index":"index","follow":"follow","max-snippet":"max-snippet:-1","max-image-preview":"max-image-preview:large","max-video-preview":"max-video-preview:-1"},"canonical":"https:\/\/jornaldasoficinas.com\/pt\/novos-camioes-man-estao-mais-eficientes-e-digitais\/","og_locale":"pt_PT","og_type":"article","og_title":"Novos Cami\u00f5es MAN est\u00e3o mais eficientes e digitais - Jornal das Oficinas","og_description":"A MAN est\u00e1 a apresentar novos...","og_url":"https:\/\/jornaldasoficinas.com\/pt\/novos-camioes-man-estao-mais-eficientes-e-digitais\/","og_site_name":"Jornal das Oficinas","article_publisher":"https:\/\/www.facebook.com\/jornaloficinas","article_published_time":"2021-07-16T11:00:56+00:00","article_modified_time":"2023-07-20T15:13:16+00:00","og_image":[{"width":1024,"height":581,"url":"https:\/\/jornaldasoficinas.com\/pt\/wp-content\/uploads\/2021\/07\/Novos-Camioes-MAN.jpg","type":"image\/jpeg"}],"author":"Reda\u00e7\u00e3o JO","twitter_card":"summary_large_image","twitter_creator":"@jornaloficinas","twitter_site":"@jornaloficinas","twitter_misc":{"Escrito por":"Reda\u00e7\u00e3o JO","Tempo estimado de leitura":"5 minutos"},"schema":{"@context":"https:\/\/schema.org","@graph":[{"@type":"Article","@id":"https:\/\/jornaldasoficinas.com\/pt\/novos-camioes-man-estao-mais-eficientes-e-digitais\/#article","isPartOf":{"@id":"https:\/\/jornaldasoficinas.com\/pt\/novos-camioes-man-estao-mais-eficientes-e-digitais\/"},"author":{"name":"Reda\u00e7\u00e3o JO","@id":"https:\/\/jornaldasoficinas.com\/pt\/#\/schema\/person\/a38eef5de2c41d9e7c9ac10141afddf3"},"headline":"Novos Cami\u00f5es MAN est\u00e3o mais eficientes e digitais","datePublished":"2021-07-16T11:00:56+00:00","dateModified":"2023-07-20T15:13:16+00:00","mainEntityOfPage":{"@id":"https:\/\/jornaldasoficinas.com\/pt\/novos-camioes-man-estao-mais-eficientes-e-digitais\/"},"wordCount":1098,"publisher":{"@id":"https:\/\/jornaldasoficinas.com\/pt\/#organization"},"image":{"@id":"https:\/\/jornaldasoficinas.com\/pt\/novos-camioes-man-estao-mais-eficientes-e-digitais\/#primaryimage"},"thumbnailUrl":"https:\/\/jornaldasoficinas.com\/pt\/wp-content\/uploads\/2021\/07\/Novos-Camioes-MAN.jpg","keywords":["Man"],"articleSection":["Empresas"],"inLanguage":"pt-PT"},{"@type":"WebPage","@id":"https:\/\/jornaldasoficinas.com\/pt\/novos-camioes-man-estao-mais-eficientes-e-digitais\/","url":"https:\/\/jornaldasoficinas.com\/pt\/novos-camioes-man-estao-mais-eficientes-e-digitais\/","name":"Novos Cami\u00f5es MAN est\u00e3o mais eficientes e digitais - Jornal das Oficinas","isPartOf":{"@id":"https:\/\/jornaldasoficinas.com\/pt\/#website"},"primaryImageOfPage":{"@id":"https:\/\/jornaldasoficinas.com\/pt\/novos-camioes-man-estao-mais-eficientes-e-digitais\/#primaryimage"},"image":{"@id":"https:\/\/jornaldasoficinas.com\/pt\/novos-camioes-man-estao-mais-eficientes-e-digitais\/#primaryimage"},"thumbnailUrl":"https:\/\/jornaldasoficinas.com\/pt\/wp-content\/uploads\/2021\/07\/Novos-Camioes-MAN.jpg","datePublished":"2021-07-16T11:00:56+00:00","dateModified":"2023-07-20T15:13:16+00:00","breadcrumb":{"@id":"https:\/\/jornaldasoficinas.com\/pt\/novos-camioes-man-estao-mais-eficientes-e-digitais\/#breadcrumb"},"inLanguage":"pt-PT","potentialAction":[{"@type":"ReadAction","target":["https:\/\/jornaldasoficinas.com\/pt\/novos-camioes-man-estao-mais-eficientes-e-digitais\/"]}]},{"@type":"ImageObject","inLanguage":"pt-PT","@id":"https:\/\/jornaldasoficinas.com\/pt\/novos-camioes-man-estao-mais-eficientes-e-digitais\/#primaryimage","url":"https:\/\/jornaldasoficinas.com\/pt\/wp-content\/uploads\/2021\/07\/Novos-Camioes-MAN.jpg","contentUrl":"https:\/\/jornaldasoficinas.com\/pt\/wp-content\/uploads\/2021\/07\/Novos-Camioes-MAN.jpg","width":1024,"height":581,"caption":"07 - Novos-Camioes-MAN"},{"@type":"BreadcrumbList","@id":"https:\/\/jornaldasoficinas.com\/pt\/novos-camioes-man-estao-mais-eficientes-e-digitais\/#breadcrumb","itemListElement":[{"@type":"ListItem","position":1,"name":"In\u00edcio","item":"https:\/\/jornaldasoficinas.com\/pt\/"},{"@type":"ListItem","position":2,"name":"Novos Cami\u00f5es MAN est\u00e3o mais eficientes e digitais"}]},{"@type":"WebSite","@id":"https:\/\/jornaldasoficinas.com\/pt\/#website","url":"https:\/\/jornaldasoficinas.com\/pt\/","name":"Jornal das Oficinas","description":"Jornal independente do Aftermarket Autom\u00f3vel em Portugal","publisher":{"@id":"https:\/\/jornaldasoficinas.com\/pt\/#organization"},"potentialAction":[{"@type":"SearchAction","target":{"@type":"EntryPoint","urlTemplate":"https:\/\/jornaldasoficinas.com\/pt\/?s={search_term_string}"},"query-input":{"@type":"PropertyValueSpecification","valueRequired":true,"valueName":"search_term_string"}}],"inLanguage":"pt-PT"},{"@type":"Organization","@id":"https:\/\/jornaldasoficinas.com\/pt\/#organization","name":"Jornal das Oficinas","url":"https:\/\/jornaldasoficinas.com\/pt\/","logo":{"@type":"ImageObject","inLanguage":"pt-PT","@id":"https:\/\/jornaldasoficinas.com\/pt\/#\/schema\/logo\/image\/","url":"https:\/\/jornaldasoficinas.com\/pt\/wp-content\/uploads\/logoJO-SEO.png","contentUrl":"https:\/\/jornaldasoficinas.com\/pt\/wp-content\/uploads\/logoJO-SEO.png","width":285,"height":450,"caption":"Jornal das Oficinas"},"image":{"@id":"https:\/\/jornaldasoficinas.com\/pt\/#\/schema\/logo\/image\/"},"sameAs":["https:\/\/www.facebook.com\/jornaloficinas","https:\/\/x.com\/jornaloficinas","https:\/\/www.instagram.com\/jornal_oficinas\/","https:\/\/www.linkedin.com\/company\/jornal-das-oficinas\/","https:\/\/www.youtube.com\/channel\/UCbQZBqtcvV-oSQrr7RzINGg"]},{"@type":"Person","@id":"https:\/\/jornaldasoficinas.com\/pt\/#\/schema\/person\/a38eef5de2c41d9e7c9ac10141afddf3","name":"Reda\u00e7\u00e3o JO","image":{"@type":"ImageObject","inLanguage":"pt-PT","@id":"https:\/\/secure.gravatar.com\/avatar\/71f2fa71737ad68a84fea94bc708ddac8ea5b0c4788dc2ad202f3ccb2887742f?s=96&d=wp_user_avatar&r=g","url":"https:\/\/secure.gravatar.com\/avatar\/71f2fa71737ad68a84fea94bc708ddac8ea5b0c4788dc2ad202f3ccb2887742f?s=96&d=wp_user_avatar&r=g","contentUrl":"https:\/\/secure.gravatar.com\/avatar\/71f2fa71737ad68a84fea94bc708ddac8ea5b0c4788dc2ad202f3ccb2887742f?s=96&d=wp_user_avatar&r=g","caption":"Reda\u00e7\u00e3o JO"},"url":"https:\/\/jornaldasoficinas.com\/pt\/author\/joredacao\/"}]}},"_links":{"self":[{"href":"https:\/\/jornaldasoficinas.com\/pt\/wp-json\/wp\/v2\/posts\/22704","targetHints":{"allow":["GET"]}}],"collection":[{"href":"https:\/\/jornaldasoficinas.com\/pt\/wp-json\/wp\/v2\/posts"}],"about":[{"href":"https:\/\/jornaldasoficinas.com\/pt\/wp-json\/wp\/v2\/types\/post"}],"author":[{"embeddable":true,"href":"https:\/\/jornaldasoficinas.com\/pt\/wp-json\/wp\/v2\/users\/15"}],"replies":[{"embeddable":true,"href":"https:\/\/jornaldasoficinas.com\/pt\/wp-json\/wp\/v2\/comments?post=22704"}],"version-history":[{"count":0,"href":"https:\/\/jornaldasoficinas.com\/pt\/wp-json\/wp\/v2\/posts\/22704\/revisions"}],"wp:featuredmedia":[{"embeddable":true,"href":"https:\/\/jornaldasoficinas.com\/pt\/wp-json\/wp\/v2\/media\/22660"}],"wp:attachment":[{"href":"https:\/\/jornaldasoficinas.com\/pt\/wp-json\/wp\/v2\/media?parent=22704"}],"wp:term":[{"taxonomy":"category","embeddable":true,"href":"https:\/\/jornaldasoficinas.com\/pt\/wp-json\/wp\/v2\/categories?post=22704"},{"taxonomy":"post_tag","embeddable":true,"href":"https:\/\/jornaldasoficinas.com\/pt\/wp-json\/wp\/v2\/tags?post=22704"}],"curies":[{"name":"wp","href":"https:\/\/api.w.org\/{rel}","templated":true}]}}