{"id":22725,"date":"2021-07-17T12:00:07","date_gmt":"2021-07-17T11:00:07","guid":{"rendered":"https:\/\/jornaldasoficinas.com\/pt\/?p=22725"},"modified":"2021-07-15T17:48:58","modified_gmt":"2021-07-15T16:48:58","slug":"mann-hummel-aposta-em-filtros-de-nanofibras","status":"publish","type":"post","link":"https:\/\/jornaldasoficinas.com\/pt\/mann-hummel-aposta-em-filtros-de-nanofibras\/","title":{"rendered":"MANN + HUMMEL aposta em filtros de nanofibras"},"content":{"rendered":"<p><strong><img loading=\"lazy\" decoding=\"async\" class=\"alignnone size-full wp-image-22711\" src=\"https:\/\/jornaldasoficinas.com\/pt\/wp-content\/uploads\/2021\/07\/MANN-HUMMEL-aposta-em-filtros-de-nanofibras.jpg\" alt=\"07 - MANN-HUMMEL-aposta-em-filtros-de-nanofibras\" width=\"1024\" height=\"581\" srcset=\"https:\/\/jornaldasoficinas.com\/pt\/wp-content\/uploads\/2021\/07\/MANN-HUMMEL-aposta-em-filtros-de-nanofibras.jpg 1024w, https:\/\/jornaldasoficinas.com\/pt\/wp-content\/uploads\/2021\/07\/MANN-HUMMEL-aposta-em-filtros-de-nanofibras-300x170.jpg 300w, https:\/\/jornaldasoficinas.com\/pt\/wp-content\/uploads\/2021\/07\/MANN-HUMMEL-aposta-em-filtros-de-nanofibras-150x85.jpg 150w, https:\/\/jornaldasoficinas.com\/pt\/wp-content\/uploads\/2021\/07\/MANN-HUMMEL-aposta-em-filtros-de-nanofibras-768x436.jpg 768w\" sizes=\"auto, (max-width: 1024px) 100vw, 1024px\" \/><\/strong><\/p>\n<p><strong>A MANN + HUMMEL, come\u00e7ou para desenvolver meios filtrantes de nanofibras na faixa de compartimento do passageiro<\/strong><\/p>\n<p>Ap\u00f3s anos a desenvolver este tipo de filtros para ve\u00edculos industriais, e depois de verificar os bons resultados da filtra\u00e7\u00e3o baseado em nanofibras no campo do transporte comercial, a MANN + HUMMEL decidiu trazer esta tecnologia tamb\u00e9m para a filtragem de ar em autom\u00f3veis de passageiros, a fim de garantir a pureza m\u00e1xima do ar que as pessoas respiram.<\/p>\n<p>Cerca de sete milh\u00f5es de pessoas morrem a cada ano de condi\u00e7\u00f5es causadas pela polui\u00e7\u00e3o do ar, de acordo com dados da Organiza\u00e7\u00e3o Mundial da Sa\u00fade (OMS), e boa parte destes as mortes s\u00e3o causadas &#8220;por part\u00edculas suspensas&#8221;, destaca a institui\u00e7\u00e3o. Nesse sentido, h\u00e1 d\u00e9cadas, a multinacional alem\u00e3 tem voltado os seus esfor\u00e7os para alcan\u00e7ar a pureza m\u00e1xima poss\u00edvel do ar que respiramos.<\/p>\n<p>\u201cLado a lado com a tecnologia de filtragem \u00e0 base de nanofibras, atinge um alto n\u00edvel de filtra\u00e7\u00e3o \u201d, afirma a MANN + HUMMEL, acrescentando \u201ceste tipo de filtragem usa um suporte de sustenta\u00e7\u00e3o de uma camada extremamente fina composta de fibras polim\u00e9ricas, cujo di\u00e2metro \u00e9 inferior a um micr\u00f4metro \u201d. Este tamanho \u00e9 200 vezes menor que o di\u00e2metro das fibras de porte m\u00e9dio e 650 vezes menor que um fio de cabelo humano.<\/p>\n<p>Assim, a alta concentra\u00e7\u00e3o dessas fibras polim\u00e9ricas garante uma \u00f3tima efici\u00eancia de reten\u00e7\u00e3o de part\u00edculas finas inal\u00e1veis \u200b\u200bcom um di\u00e2metro a menos de 2,5 \u03bcm (PM2,5), que pode atingir os pulm\u00f5es.<\/p>\n<p>Assim, de acordo com a norma ISO 16890, o meio filtrante de nanofibras obteve a classifica\u00e7\u00e3o ePM1, o que significa que a efici\u00eancia da filtragem de part\u00edculas PM1 pode chegar at\u00e9 aos 95%.<\/p>\n<p>Al\u00e9m disso, esta tecnologia oferece uma baixa resist\u00eancia ao fluxo de ar devido ao baixo peso que a camada de fibra representa.<\/p>\n<p>Outro destaque deste filtro de nanofibras \u00e9 que fornecem efic\u00e1cia est\u00e1vel de longo prazo ao longo da vida filtro \u00fatil, ao contr\u00e1rio de outros filtros tradicionais, que demonstram menor efici\u00eancia de filtra\u00e7\u00e3o ao longo do tempo.<\/p>\n","protected":false},"excerpt":{"rendered":"<p>A MANN + HUMMEL, come\u00e7ou para&#8230;<\/p>\n","protected":false},"author":15,"featured_media":22711,"comment_status":"closed","ping_status":"closed","sticky":false,"template":"","format":"standard","meta":{"footnotes":""},"categories":[29],"tags":[2451],"class_list":["post-22725","post","type-post","status-publish","format-standard","has-post-thumbnail","hentry","category-empresas","tag-mann-hummel"],"yoast_head":"<!-- This site is optimized with the Yoast SEO plugin v27.4 - https:\/\/yoast.com\/product\/yoast-seo-wordpress\/ -->\n<title>MANN + HUMMEL aposta em filtros de nanofibras - Jornal das Oficinas<\/title>\n<meta name=\"robots\" content=\"index, follow, max-snippet:-1, max-image-preview:large, max-video-preview:-1\" \/>\n<link rel=\"canonical\" href=\"https:\/\/jornaldasoficinas.com\/pt\/mann-hummel-aposta-em-filtros-de-nanofibras\/\" \/>\n<meta property=\"og:locale\" content=\"pt_PT\" \/>\n<meta property=\"og:type\" content=\"article\" \/>\n<meta property=\"og:title\" content=\"MANN + HUMMEL aposta em filtros de nanofibras - Jornal das Oficinas\" \/>\n<meta property=\"og:description\" content=\"A MANN + HUMMEL, come\u00e7ou para...\" \/>\n<meta property=\"og:url\" content=\"https:\/\/jornaldasoficinas.com\/pt\/mann-hummel-aposta-em-filtros-de-nanofibras\/\" \/>\n<meta property=\"og:site_name\" content=\"Jornal das Oficinas\" \/>\n<meta property=\"article:publisher\" content=\"https:\/\/www.facebook.com\/jornaloficinas\" \/>\n<meta property=\"article:published_time\" content=\"2021-07-17T11:00:07+00:00\" \/>\n<meta property=\"og:image\" content=\"https:\/\/jornaldasoficinas.com\/pt\/wp-content\/uploads\/2021\/07\/MANN-HUMMEL-aposta-em-filtros-de-nanofibras.jpg\" \/>\n\t<meta property=\"og:image:width\" content=\"1024\" \/>\n\t<meta property=\"og:image:height\" content=\"581\" \/>\n\t<meta property=\"og:image:type\" content=\"image\/jpeg\" \/>\n<meta name=\"author\" content=\"Reda\u00e7\u00e3o JO\" \/>\n<meta name=\"twitter:card\" content=\"summary_large_image\" \/>\n<meta name=\"twitter:creator\" content=\"@jornaloficinas\" \/>\n<meta name=\"twitter:site\" content=\"@jornaloficinas\" \/>\n<meta name=\"twitter:label1\" content=\"Escrito por\" \/>\n\t<meta name=\"twitter:data1\" content=\"Reda\u00e7\u00e3o JO\" \/>\n\t<meta name=\"twitter:label2\" content=\"Tempo estimado de leitura\" \/>\n\t<meta name=\"twitter:data2\" content=\"2 minutos\" \/>\n<script type=\"application\/ld+json\" class=\"yoast-schema-graph\">{\"@context\":\"https:\\\/\\\/schema.org\",\"@graph\":[{\"@type\":\"Article\",\"@id\":\"https:\\\/\\\/jornaldasoficinas.com\\\/pt\\\/mann-hummel-aposta-em-filtros-de-nanofibras\\\/#article\",\"isPartOf\":{\"@id\":\"https:\\\/\\\/jornaldasoficinas.com\\\/pt\\\/mann-hummel-aposta-em-filtros-de-nanofibras\\\/\"},\"author\":{\"name\":\"Reda\u00e7\u00e3o JO\",\"@id\":\"https:\\\/\\\/jornaldasoficinas.com\\\/pt\\\/#\\\/schema\\\/person\\\/a38eef5de2c41d9e7c9ac10141afddf3\"},\"headline\":\"MANN + HUMMEL aposta em filtros de nanofibras\",\"datePublished\":\"2021-07-17T11:00:07+00:00\",\"mainEntityOfPage\":{\"@id\":\"https:\\\/\\\/jornaldasoficinas.com\\\/pt\\\/mann-hummel-aposta-em-filtros-de-nanofibras\\\/\"},\"wordCount\":375,\"publisher\":{\"@id\":\"https:\\\/\\\/jornaldasoficinas.com\\\/pt\\\/#organization\"},\"image\":{\"@id\":\"https:\\\/\\\/jornaldasoficinas.com\\\/pt\\\/mann-hummel-aposta-em-filtros-de-nanofibras\\\/#primaryimage\"},\"thumbnailUrl\":\"https:\\\/\\\/jornaldasoficinas.com\\\/pt\\\/wp-content\\\/uploads\\\/2021\\\/07\\\/MANN-HUMMEL-aposta-em-filtros-de-nanofibras.jpg\",\"keywords\":[\"MANN + HUMMEL\"],\"articleSection\":[\"Empresas\"],\"inLanguage\":\"pt-PT\"},{\"@type\":\"WebPage\",\"@id\":\"https:\\\/\\\/jornaldasoficinas.com\\\/pt\\\/mann-hummel-aposta-em-filtros-de-nanofibras\\\/\",\"url\":\"https:\\\/\\\/jornaldasoficinas.com\\\/pt\\\/mann-hummel-aposta-em-filtros-de-nanofibras\\\/\",\"name\":\"MANN + HUMMEL aposta em filtros de nanofibras - Jornal das Oficinas\",\"isPartOf\":{\"@id\":\"https:\\\/\\\/jornaldasoficinas.com\\\/pt\\\/#website\"},\"primaryImageOfPage\":{\"@id\":\"https:\\\/\\\/jornaldasoficinas.com\\\/pt\\\/mann-hummel-aposta-em-filtros-de-nanofibras\\\/#primaryimage\"},\"image\":{\"@id\":\"https:\\\/\\\/jornaldasoficinas.com\\\/pt\\\/mann-hummel-aposta-em-filtros-de-nanofibras\\\/#primaryimage\"},\"thumbnailUrl\":\"https:\\\/\\\/jornaldasoficinas.com\\\/pt\\\/wp-content\\\/uploads\\\/2021\\\/07\\\/MANN-HUMMEL-aposta-em-filtros-de-nanofibras.jpg\",\"datePublished\":\"2021-07-17T11:00:07+00:00\",\"breadcrumb\":{\"@id\":\"https:\\\/\\\/jornaldasoficinas.com\\\/pt\\\/mann-hummel-aposta-em-filtros-de-nanofibras\\\/#breadcrumb\"},\"inLanguage\":\"pt-PT\",\"potentialAction\":[{\"@type\":\"ReadAction\",\"target\":[\"https:\\\/\\\/jornaldasoficinas.com\\\/pt\\\/mann-hummel-aposta-em-filtros-de-nanofibras\\\/\"]}]},{\"@type\":\"ImageObject\",\"inLanguage\":\"pt-PT\",\"@id\":\"https:\\\/\\\/jornaldasoficinas.com\\\/pt\\\/mann-hummel-aposta-em-filtros-de-nanofibras\\\/#primaryimage\",\"url\":\"https:\\\/\\\/jornaldasoficinas.com\\\/pt\\\/wp-content\\\/uploads\\\/2021\\\/07\\\/MANN-HUMMEL-aposta-em-filtros-de-nanofibras.jpg\",\"contentUrl\":\"https:\\\/\\\/jornaldasoficinas.com\\\/pt\\\/wp-content\\\/uploads\\\/2021\\\/07\\\/MANN-HUMMEL-aposta-em-filtros-de-nanofibras.jpg\",\"width\":1024,\"height\":581,\"caption\":\"07 - MANN-HUMMEL-aposta-em-filtros-de-nanofibras\"},{\"@type\":\"BreadcrumbList\",\"@id\":\"https:\\\/\\\/jornaldasoficinas.com\\\/pt\\\/mann-hummel-aposta-em-filtros-de-nanofibras\\\/#breadcrumb\",\"itemListElement\":[{\"@type\":\"ListItem\",\"position\":1,\"name\":\"In\u00edcio\",\"item\":\"https:\\\/\\\/jornaldasoficinas.com\\\/pt\\\/\"},{\"@type\":\"ListItem\",\"position\":2,\"name\":\"MANN + HUMMEL aposta em filtros de nanofibras\"}]},{\"@type\":\"WebSite\",\"@id\":\"https:\\\/\\\/jornaldasoficinas.com\\\/pt\\\/#website\",\"url\":\"https:\\\/\\\/jornaldasoficinas.com\\\/pt\\\/\",\"name\":\"Jornal das Oficinas\",\"description\":\"Jornal independente do Aftermarket Autom\u00f3vel em Portugal\",\"publisher\":{\"@id\":\"https:\\\/\\\/jornaldasoficinas.com\\\/pt\\\/#organization\"},\"potentialAction\":[{\"@type\":\"SearchAction\",\"target\":{\"@type\":\"EntryPoint\",\"urlTemplate\":\"https:\\\/\\\/jornaldasoficinas.com\\\/pt\\\/?s={search_term_string}\"},\"query-input\":{\"@type\":\"PropertyValueSpecification\",\"valueRequired\":true,\"valueName\":\"search_term_string\"}}],\"inLanguage\":\"pt-PT\"},{\"@type\":\"Organization\",\"@id\":\"https:\\\/\\\/jornaldasoficinas.com\\\/pt\\\/#organization\",\"name\":\"Jornal das Oficinas\",\"url\":\"https:\\\/\\\/jornaldasoficinas.com\\\/pt\\\/\",\"logo\":{\"@type\":\"ImageObject\",\"inLanguage\":\"pt-PT\",\"@id\":\"https:\\\/\\\/jornaldasoficinas.com\\\/pt\\\/#\\\/schema\\\/logo\\\/image\\\/\",\"url\":\"https:\\\/\\\/jornaldasoficinas.com\\\/pt\\\/wp-content\\\/uploads\\\/logoJO-SEO.png\",\"contentUrl\":\"https:\\\/\\\/jornaldasoficinas.com\\\/pt\\\/wp-content\\\/uploads\\\/logoJO-SEO.png\",\"width\":285,\"height\":450,\"caption\":\"Jornal das Oficinas\"},\"image\":{\"@id\":\"https:\\\/\\\/jornaldasoficinas.com\\\/pt\\\/#\\\/schema\\\/logo\\\/image\\\/\"},\"sameAs\":[\"https:\\\/\\\/www.facebook.com\\\/jornaloficinas\",\"https:\\\/\\\/x.com\\\/jornaloficinas\",\"https:\\\/\\\/www.instagram.com\\\/jornal_oficinas\\\/\",\"https:\\\/\\\/www.linkedin.com\\\/company\\\/jornal-das-oficinas\\\/\",\"https:\\\/\\\/www.youtube.com\\\/channel\\\/UCbQZBqtcvV-oSQrr7RzINGg\"]},{\"@type\":\"Person\",\"@id\":\"https:\\\/\\\/jornaldasoficinas.com\\\/pt\\\/#\\\/schema\\\/person\\\/a38eef5de2c41d9e7c9ac10141afddf3\",\"name\":\"Reda\u00e7\u00e3o JO\",\"image\":{\"@type\":\"ImageObject\",\"inLanguage\":\"pt-PT\",\"@id\":\"https:\\\/\\\/secure.gravatar.com\\\/avatar\\\/71f2fa71737ad68a84fea94bc708ddac8ea5b0c4788dc2ad202f3ccb2887742f?s=96&d=wp_user_avatar&r=g\",\"url\":\"https:\\\/\\\/secure.gravatar.com\\\/avatar\\\/71f2fa71737ad68a84fea94bc708ddac8ea5b0c4788dc2ad202f3ccb2887742f?s=96&d=wp_user_avatar&r=g\",\"contentUrl\":\"https:\\\/\\\/secure.gravatar.com\\\/avatar\\\/71f2fa71737ad68a84fea94bc708ddac8ea5b0c4788dc2ad202f3ccb2887742f?s=96&d=wp_user_avatar&r=g\",\"caption\":\"Reda\u00e7\u00e3o JO\"},\"url\":\"https:\\\/\\\/jornaldasoficinas.com\\\/pt\\\/author\\\/joredacao\\\/\"}]}<\/script>\n<!-- \/ Yoast SEO plugin. -->","yoast_head_json":{"title":"MANN + HUMMEL aposta em filtros de nanofibras - Jornal das Oficinas","robots":{"index":"index","follow":"follow","max-snippet":"max-snippet:-1","max-image-preview":"max-image-preview:large","max-video-preview":"max-video-preview:-1"},"canonical":"https:\/\/jornaldasoficinas.com\/pt\/mann-hummel-aposta-em-filtros-de-nanofibras\/","og_locale":"pt_PT","og_type":"article","og_title":"MANN + HUMMEL aposta em filtros de nanofibras - Jornal das Oficinas","og_description":"A MANN + HUMMEL, come\u00e7ou para...","og_url":"https:\/\/jornaldasoficinas.com\/pt\/mann-hummel-aposta-em-filtros-de-nanofibras\/","og_site_name":"Jornal das Oficinas","article_publisher":"https:\/\/www.facebook.com\/jornaloficinas","article_published_time":"2021-07-17T11:00:07+00:00","og_image":[{"width":1024,"height":581,"url":"https:\/\/jornaldasoficinas.com\/pt\/wp-content\/uploads\/2021\/07\/MANN-HUMMEL-aposta-em-filtros-de-nanofibras.jpg","type":"image\/jpeg"}],"author":"Reda\u00e7\u00e3o JO","twitter_card":"summary_large_image","twitter_creator":"@jornaloficinas","twitter_site":"@jornaloficinas","twitter_misc":{"Escrito por":"Reda\u00e7\u00e3o JO","Tempo estimado de leitura":"2 minutos"},"schema":{"@context":"https:\/\/schema.org","@graph":[{"@type":"Article","@id":"https:\/\/jornaldasoficinas.com\/pt\/mann-hummel-aposta-em-filtros-de-nanofibras\/#article","isPartOf":{"@id":"https:\/\/jornaldasoficinas.com\/pt\/mann-hummel-aposta-em-filtros-de-nanofibras\/"},"author":{"name":"Reda\u00e7\u00e3o JO","@id":"https:\/\/jornaldasoficinas.com\/pt\/#\/schema\/person\/a38eef5de2c41d9e7c9ac10141afddf3"},"headline":"MANN + HUMMEL aposta em filtros de nanofibras","datePublished":"2021-07-17T11:00:07+00:00","mainEntityOfPage":{"@id":"https:\/\/jornaldasoficinas.com\/pt\/mann-hummel-aposta-em-filtros-de-nanofibras\/"},"wordCount":375,"publisher":{"@id":"https:\/\/jornaldasoficinas.com\/pt\/#organization"},"image":{"@id":"https:\/\/jornaldasoficinas.com\/pt\/mann-hummel-aposta-em-filtros-de-nanofibras\/#primaryimage"},"thumbnailUrl":"https:\/\/jornaldasoficinas.com\/pt\/wp-content\/uploads\/2021\/07\/MANN-HUMMEL-aposta-em-filtros-de-nanofibras.jpg","keywords":["MANN + HUMMEL"],"articleSection":["Empresas"],"inLanguage":"pt-PT"},{"@type":"WebPage","@id":"https:\/\/jornaldasoficinas.com\/pt\/mann-hummel-aposta-em-filtros-de-nanofibras\/","url":"https:\/\/jornaldasoficinas.com\/pt\/mann-hummel-aposta-em-filtros-de-nanofibras\/","name":"MANN + HUMMEL aposta em filtros de nanofibras - Jornal das Oficinas","isPartOf":{"@id":"https:\/\/jornaldasoficinas.com\/pt\/#website"},"primaryImageOfPage":{"@id":"https:\/\/jornaldasoficinas.com\/pt\/mann-hummel-aposta-em-filtros-de-nanofibras\/#primaryimage"},"image":{"@id":"https:\/\/jornaldasoficinas.com\/pt\/mann-hummel-aposta-em-filtros-de-nanofibras\/#primaryimage"},"thumbnailUrl":"https:\/\/jornaldasoficinas.com\/pt\/wp-content\/uploads\/2021\/07\/MANN-HUMMEL-aposta-em-filtros-de-nanofibras.jpg","datePublished":"2021-07-17T11:00:07+00:00","breadcrumb":{"@id":"https:\/\/jornaldasoficinas.com\/pt\/mann-hummel-aposta-em-filtros-de-nanofibras\/#breadcrumb"},"inLanguage":"pt-PT","potentialAction":[{"@type":"ReadAction","target":["https:\/\/jornaldasoficinas.com\/pt\/mann-hummel-aposta-em-filtros-de-nanofibras\/"]}]},{"@type":"ImageObject","inLanguage":"pt-PT","@id":"https:\/\/jornaldasoficinas.com\/pt\/mann-hummel-aposta-em-filtros-de-nanofibras\/#primaryimage","url":"https:\/\/jornaldasoficinas.com\/pt\/wp-content\/uploads\/2021\/07\/MANN-HUMMEL-aposta-em-filtros-de-nanofibras.jpg","contentUrl":"https:\/\/jornaldasoficinas.com\/pt\/wp-content\/uploads\/2021\/07\/MANN-HUMMEL-aposta-em-filtros-de-nanofibras.jpg","width":1024,"height":581,"caption":"07 - MANN-HUMMEL-aposta-em-filtros-de-nanofibras"},{"@type":"BreadcrumbList","@id":"https:\/\/jornaldasoficinas.com\/pt\/mann-hummel-aposta-em-filtros-de-nanofibras\/#breadcrumb","itemListElement":[{"@type":"ListItem","position":1,"name":"In\u00edcio","item":"https:\/\/jornaldasoficinas.com\/pt\/"},{"@type":"ListItem","position":2,"name":"MANN + HUMMEL aposta em filtros de nanofibras"}]},{"@type":"WebSite","@id":"https:\/\/jornaldasoficinas.com\/pt\/#website","url":"https:\/\/jornaldasoficinas.com\/pt\/","name":"Jornal das Oficinas","description":"Jornal independente do Aftermarket Autom\u00f3vel em Portugal","publisher":{"@id":"https:\/\/jornaldasoficinas.com\/pt\/#organization"},"potentialAction":[{"@type":"SearchAction","target":{"@type":"EntryPoint","urlTemplate":"https:\/\/jornaldasoficinas.com\/pt\/?s={search_term_string}"},"query-input":{"@type":"PropertyValueSpecification","valueRequired":true,"valueName":"search_term_string"}}],"inLanguage":"pt-PT"},{"@type":"Organization","@id":"https:\/\/jornaldasoficinas.com\/pt\/#organization","name":"Jornal das Oficinas","url":"https:\/\/jornaldasoficinas.com\/pt\/","logo":{"@type":"ImageObject","inLanguage":"pt-PT","@id":"https:\/\/jornaldasoficinas.com\/pt\/#\/schema\/logo\/image\/","url":"https:\/\/jornaldasoficinas.com\/pt\/wp-content\/uploads\/logoJO-SEO.png","contentUrl":"https:\/\/jornaldasoficinas.com\/pt\/wp-content\/uploads\/logoJO-SEO.png","width":285,"height":450,"caption":"Jornal das Oficinas"},"image":{"@id":"https:\/\/jornaldasoficinas.com\/pt\/#\/schema\/logo\/image\/"},"sameAs":["https:\/\/www.facebook.com\/jornaloficinas","https:\/\/x.com\/jornaloficinas","https:\/\/www.instagram.com\/jornal_oficinas\/","https:\/\/www.linkedin.com\/company\/jornal-das-oficinas\/","https:\/\/www.youtube.com\/channel\/UCbQZBqtcvV-oSQrr7RzINGg"]},{"@type":"Person","@id":"https:\/\/jornaldasoficinas.com\/pt\/#\/schema\/person\/a38eef5de2c41d9e7c9ac10141afddf3","name":"Reda\u00e7\u00e3o JO","image":{"@type":"ImageObject","inLanguage":"pt-PT","@id":"https:\/\/secure.gravatar.com\/avatar\/71f2fa71737ad68a84fea94bc708ddac8ea5b0c4788dc2ad202f3ccb2887742f?s=96&d=wp_user_avatar&r=g","url":"https:\/\/secure.gravatar.com\/avatar\/71f2fa71737ad68a84fea94bc708ddac8ea5b0c4788dc2ad202f3ccb2887742f?s=96&d=wp_user_avatar&r=g","contentUrl":"https:\/\/secure.gravatar.com\/avatar\/71f2fa71737ad68a84fea94bc708ddac8ea5b0c4788dc2ad202f3ccb2887742f?s=96&d=wp_user_avatar&r=g","caption":"Reda\u00e7\u00e3o JO"},"url":"https:\/\/jornaldasoficinas.com\/pt\/author\/joredacao\/"}]}},"_links":{"self":[{"href":"https:\/\/jornaldasoficinas.com\/pt\/wp-json\/wp\/v2\/posts\/22725","targetHints":{"allow":["GET"]}}],"collection":[{"href":"https:\/\/jornaldasoficinas.com\/pt\/wp-json\/wp\/v2\/posts"}],"about":[{"href":"https:\/\/jornaldasoficinas.com\/pt\/wp-json\/wp\/v2\/types\/post"}],"author":[{"embeddable":true,"href":"https:\/\/jornaldasoficinas.com\/pt\/wp-json\/wp\/v2\/users\/15"}],"replies":[{"embeddable":true,"href":"https:\/\/jornaldasoficinas.com\/pt\/wp-json\/wp\/v2\/comments?post=22725"}],"version-history":[{"count":0,"href":"https:\/\/jornaldasoficinas.com\/pt\/wp-json\/wp\/v2\/posts\/22725\/revisions"}],"wp:featuredmedia":[{"embeddable":true,"href":"https:\/\/jornaldasoficinas.com\/pt\/wp-json\/wp\/v2\/media\/22711"}],"wp:attachment":[{"href":"https:\/\/jornaldasoficinas.com\/pt\/wp-json\/wp\/v2\/media?parent=22725"}],"wp:term":[{"taxonomy":"category","embeddable":true,"href":"https:\/\/jornaldasoficinas.com\/pt\/wp-json\/wp\/v2\/categories?post=22725"},{"taxonomy":"post_tag","embeddable":true,"href":"https:\/\/jornaldasoficinas.com\/pt\/wp-json\/wp\/v2\/tags?post=22725"}],"curies":[{"name":"wp","href":"https:\/\/api.w.org\/{rel}","templated":true}]}}