{"id":22800,"date":"2021-07-21T10:00:25","date_gmt":"2021-07-21T09:00:25","guid":{"rendered":"https:\/\/jornaldasoficinas.com\/pt\/?p=22800"},"modified":"2021-07-20T17:40:48","modified_gmt":"2021-07-20T16:40:48","slug":"free-now-aposta-em-pacote-de-mobilidade-para-empresas","status":"publish","type":"post","link":"https:\/\/jornaldasoficinas.com\/pt\/free-now-aposta-em-pacote-de-mobilidade-para-empresas\/","title":{"rendered":"FREE NOW aposta em Pacote de Mobilidade para empresas"},"content":{"rendered":"<p><strong><img loading=\"lazy\" decoding=\"async\" class=\"alignnone size-full wp-image-22786\" src=\"https:\/\/jornaldasoficinas.com\/pt\/wp-content\/uploads\/2021\/07\/FREE-NOW-aposta.png\" alt=\"07 - FREE-NOW-aposta\" width=\"1345\" height=\"723\" srcset=\"https:\/\/jornaldasoficinas.com\/pt\/wp-content\/uploads\/2021\/07\/FREE-NOW-aposta.png 1345w, https:\/\/jornaldasoficinas.com\/pt\/wp-content\/uploads\/2021\/07\/FREE-NOW-aposta-300x161.png 300w, https:\/\/jornaldasoficinas.com\/pt\/wp-content\/uploads\/2021\/07\/FREE-NOW-aposta-1024x550.png 1024w, https:\/\/jornaldasoficinas.com\/pt\/wp-content\/uploads\/2021\/07\/FREE-NOW-aposta-768x413.png 768w\" sizes=\"auto, (max-width: 1345px) 100vw, 1345px\" \/><\/strong><\/p>\n<p><strong>A FREE NOW, lan\u00e7a uma alternativa ao carro da empresa que vai ao encontro dos novos h\u00e1bitos de mobilidade dos colaboradores. A expans\u00e3o do portf\u00f3lio de produtos B2B inclui agora um\u00a0Pacote de Mobilidade\u00a0para empresas e oferece aos clientes empresariais novas alternativas \u00e0 tradicional gest\u00e3o de frotas autom\u00f3veis.<\/strong><\/p>\n<p>A ideia \u00e9 que os funcion\u00e1rios tenham dispon\u00edvel na app <a href=\"https:\/\/free-now.com\/pt\/\" target=\"_blank\" rel=\"noopener\">FREE NOW<\/a> um or\u00e7amento mensal que pode ser usado em todas as alternativas de mobilidade dispon\u00edveis em Portugal como T\u00c1XI, TVDE e Scooters<\/p>\n<p>De acordo com um estudo realizado pela FREE NOW na Alemanha, entre 24 e 27 de junho de 2021 em conjunto com a Civey, mais de um em cada dois funcion\u00e1rios alem\u00e3es (51%) gostaria que a sua mobilidade di\u00e1ria fosse mais flex\u00edvel, especialmente ap\u00f3s a pandemia.<\/p>\n<p>Nos grupos et\u00e1rios mais jovens, esta tend\u00eancia \u00e9 ainda mais forte com cerca de 58% de todos os funcion\u00e1rios entre os 30-39 anos de idade a afirmarem que gostariam que a sua mobilidade individual no futuro fosse mais flex\u00edvel, num mix que combine v\u00e1rias formas de transporte, tais como transportes p\u00fablicos, micromobilidade ou carros da empresa e que tenha em conta estas necessidades em mudan\u00e7a.<\/p>\n<p>O estudo conclui que a pandemia de coronav\u00edrus e as mudan\u00e7as que a acompanharam, tais como o teletrabalho, o trabalho remoto ou as poucas reuni\u00f5es, v\u00eam refor\u00e7ar esta tend\u00eancia.<\/p>\n<p>Globalmente, a aprova\u00e7\u00e3o deste formato de mobilidade flex\u00edvel cresce proporcionalmente ao aumento de densidade populacional: 51,4% s\u00e3o a favor da ideia em \u00e1reas muito densamente povoadas; em contraste, pouco mais de um em cada tr\u00eas (38,1%) s\u00e3o desta opini\u00e3o em \u00e1reas com densidade populacional muito baixa.<\/p>\n<p><strong>Pacote de mobilidade: Vantagem na luta pelos jovens talentos<br \/>\n<\/strong>Bruno Borges, Country Manager da FREE NOW afirma que:\u00a0&#8220;Os habitantes da cidade e os trabalhadores pendulares est\u00e3o \u00e0 procura de servi\u00e7os de mobilidade fi\u00e1veis e convenientes que combinem v\u00e1rias solu\u00e7\u00f5es de forma sensata e flex\u00edvel. N\u00f3s, na FREE NOW, oferecemos exatamente essa possibilidade ao agregar v\u00e1rias solu\u00e7\u00f5es de mobilidade. Estamos tamb\u00e9m a ajudar as empresas a tornarem-se globalmente mais sustent\u00e1veis com a disponibiliza\u00e7\u00e3o deste pacote de mobilidade para os seus colaboradores, alargando as suas pol\u00edticas de sustentabilidade empresarial \u00e0 gest\u00e3o de frotas&#8221;.<\/p>\n<p>De acordo com um recente inqu\u00e9rito Mercer, quando se pergunta aos funcion\u00e1rios quais os tipos de benef\u00edcios que consideram mais importantes, a mobilidade (71%) est\u00e1 no topo da lista, n\u00e3o muito atr\u00e1s dos benef\u00edcios de sa\u00fade (77%) ou da forma\u00e7\u00e3o e desenvolvimento (84%). A este respeito, as empresas podem distinguir-se da concorr\u00eancia se confiarem em modelos flex\u00edveis que combinem a mobilidade di\u00e1ria e profissional, ao mesmo tempo que incorporam aspetos sustent\u00e1veis na luta pelos jovens talentos.<\/p>\n<p>&#8220;Nas cidades em particular, isto oferece novas oportunidades para reduzir o transporte individual motorizado, enfrentar os desafios mais prementes como a falta de espa\u00e7o, tr\u00e1fego e emiss\u00f5es, e assim contribuir para o sucesso da reviravolta dos transportes&#8221;, continua S\u00e9rgio Pereira.<\/p>\n<p>Kristen Herde, diretora administrativa da ag\u00eancia de recrutamento yeaHR, acrescenta:\u00a0&#8220;A mobilidade est\u00e1 a voltar &#8211; apenas de forma diferente. No outono, haver\u00e1 um boom, a procura de trabalhadores qualificados ir\u00e1 aumentar. E \u00e9 a\u00ed que as empresas precisam de tomar uma posi\u00e7\u00e3o. T\u00eam de ser digitais, t\u00eam de ter uma s\u00f3lida estrat\u00e9gia de sustentabilidade, t\u00eam de viver a &#8220;Nova Forma de Trabalho\u201d e apoiar os seus colaboradores nesta mudan\u00e7a.. O Pacote de Mobilidade da FREE NOW tem em conta todas estas tend\u00eancias atuais no mundo do trabalho&#8221;.<\/p>\n","protected":false},"excerpt":{"rendered":"<p>A FREE NOW, lan\u00e7a uma alternativa&#8230;<\/p>\n","protected":false},"author":15,"featured_media":22786,"comment_status":"closed","ping_status":"closed","sticky":false,"template":"","format":"standard","meta":{"footnotes":""},"categories":[37],"tags":[1672],"class_list":["post-22800","post","type-post","status-publish","format-standard","has-post-thumbnail","hentry","category-mercado","tag-free-now"],"yoast_head":"<!-- This site is optimized with the Yoast SEO plugin v27.4 - https:\/\/yoast.com\/product\/yoast-seo-wordpress\/ -->\n<title>FREE NOW aposta em Pacote de Mobilidade para empresas - Jornal das Oficinas<\/title>\n<meta name=\"robots\" content=\"index, follow, max-snippet:-1, max-image-preview:large, max-video-preview:-1\" \/>\n<link rel=\"canonical\" href=\"https:\/\/jornaldasoficinas.com\/pt\/free-now-aposta-em-pacote-de-mobilidade-para-empresas\/\" \/>\n<meta property=\"og:locale\" content=\"pt_PT\" \/>\n<meta property=\"og:type\" content=\"article\" \/>\n<meta property=\"og:title\" content=\"FREE NOW aposta em Pacote de Mobilidade para empresas - Jornal das Oficinas\" \/>\n<meta property=\"og:description\" content=\"A FREE NOW, lan\u00e7a uma alternativa...\" \/>\n<meta property=\"og:url\" content=\"https:\/\/jornaldasoficinas.com\/pt\/free-now-aposta-em-pacote-de-mobilidade-para-empresas\/\" \/>\n<meta property=\"og:site_name\" content=\"Jornal das Oficinas\" \/>\n<meta property=\"article:publisher\" content=\"https:\/\/www.facebook.com\/jornaloficinas\" \/>\n<meta property=\"article:published_time\" content=\"2021-07-21T09:00:25+00:00\" \/>\n<meta property=\"og:image\" content=\"https:\/\/jornaldasoficinas.com\/pt\/wp-content\/uploads\/2021\/07\/FREE-NOW-aposta.png\" \/>\n\t<meta property=\"og:image:width\" content=\"1345\" \/>\n\t<meta property=\"og:image:height\" content=\"723\" \/>\n\t<meta property=\"og:image:type\" content=\"image\/png\" \/>\n<meta name=\"author\" content=\"Reda\u00e7\u00e3o JO\" \/>\n<meta name=\"twitter:card\" content=\"summary_large_image\" \/>\n<meta name=\"twitter:creator\" content=\"@jornaloficinas\" \/>\n<meta name=\"twitter:site\" content=\"@jornaloficinas\" \/>\n<meta name=\"twitter:label1\" content=\"Escrito por\" \/>\n\t<meta name=\"twitter:data1\" content=\"Reda\u00e7\u00e3o JO\" \/>\n\t<meta name=\"twitter:label2\" content=\"Tempo estimado de leitura\" \/>\n\t<meta name=\"twitter:data2\" content=\"3 minutos\" \/>\n<script type=\"application\/ld+json\" class=\"yoast-schema-graph\">{\"@context\":\"https:\\\/\\\/schema.org\",\"@graph\":[{\"@type\":\"Article\",\"@id\":\"https:\\\/\\\/jornaldasoficinas.com\\\/pt\\\/free-now-aposta-em-pacote-de-mobilidade-para-empresas\\\/#article\",\"isPartOf\":{\"@id\":\"https:\\\/\\\/jornaldasoficinas.com\\\/pt\\\/free-now-aposta-em-pacote-de-mobilidade-para-empresas\\\/\"},\"author\":{\"name\":\"Reda\u00e7\u00e3o JO\",\"@id\":\"https:\\\/\\\/jornaldasoficinas.com\\\/pt\\\/#\\\/schema\\\/person\\\/a38eef5de2c41d9e7c9ac10141afddf3\"},\"headline\":\"FREE NOW aposta em Pacote de Mobilidade para empresas\",\"datePublished\":\"2021-07-21T09:00:25+00:00\",\"mainEntityOfPage\":{\"@id\":\"https:\\\/\\\/jornaldasoficinas.com\\\/pt\\\/free-now-aposta-em-pacote-de-mobilidade-para-empresas\\\/\"},\"wordCount\":632,\"publisher\":{\"@id\":\"https:\\\/\\\/jornaldasoficinas.com\\\/pt\\\/#organization\"},\"image\":{\"@id\":\"https:\\\/\\\/jornaldasoficinas.com\\\/pt\\\/free-now-aposta-em-pacote-de-mobilidade-para-empresas\\\/#primaryimage\"},\"thumbnailUrl\":\"https:\\\/\\\/jornaldasoficinas.com\\\/pt\\\/wp-content\\\/uploads\\\/2021\\\/07\\\/FREE-NOW-aposta.png\",\"keywords\":[\"FREE NOW\"],\"articleSection\":[\"Mercado\"],\"inLanguage\":\"pt-PT\"},{\"@type\":\"WebPage\",\"@id\":\"https:\\\/\\\/jornaldasoficinas.com\\\/pt\\\/free-now-aposta-em-pacote-de-mobilidade-para-empresas\\\/\",\"url\":\"https:\\\/\\\/jornaldasoficinas.com\\\/pt\\\/free-now-aposta-em-pacote-de-mobilidade-para-empresas\\\/\",\"name\":\"FREE NOW aposta em Pacote de Mobilidade para empresas - Jornal das Oficinas\",\"isPartOf\":{\"@id\":\"https:\\\/\\\/jornaldasoficinas.com\\\/pt\\\/#website\"},\"primaryImageOfPage\":{\"@id\":\"https:\\\/\\\/jornaldasoficinas.com\\\/pt\\\/free-now-aposta-em-pacote-de-mobilidade-para-empresas\\\/#primaryimage\"},\"image\":{\"@id\":\"https:\\\/\\\/jornaldasoficinas.com\\\/pt\\\/free-now-aposta-em-pacote-de-mobilidade-para-empresas\\\/#primaryimage\"},\"thumbnailUrl\":\"https:\\\/\\\/jornaldasoficinas.com\\\/pt\\\/wp-content\\\/uploads\\\/2021\\\/07\\\/FREE-NOW-aposta.png\",\"datePublished\":\"2021-07-21T09:00:25+00:00\",\"breadcrumb\":{\"@id\":\"https:\\\/\\\/jornaldasoficinas.com\\\/pt\\\/free-now-aposta-em-pacote-de-mobilidade-para-empresas\\\/#breadcrumb\"},\"inLanguage\":\"pt-PT\",\"potentialAction\":[{\"@type\":\"ReadAction\",\"target\":[\"https:\\\/\\\/jornaldasoficinas.com\\\/pt\\\/free-now-aposta-em-pacote-de-mobilidade-para-empresas\\\/\"]}]},{\"@type\":\"ImageObject\",\"inLanguage\":\"pt-PT\",\"@id\":\"https:\\\/\\\/jornaldasoficinas.com\\\/pt\\\/free-now-aposta-em-pacote-de-mobilidade-para-empresas\\\/#primaryimage\",\"url\":\"https:\\\/\\\/jornaldasoficinas.com\\\/pt\\\/wp-content\\\/uploads\\\/2021\\\/07\\\/FREE-NOW-aposta.png\",\"contentUrl\":\"https:\\\/\\\/jornaldasoficinas.com\\\/pt\\\/wp-content\\\/uploads\\\/2021\\\/07\\\/FREE-NOW-aposta.png\",\"width\":1345,\"height\":723,\"caption\":\"07 - FREE-NOW-aposta\"},{\"@type\":\"BreadcrumbList\",\"@id\":\"https:\\\/\\\/jornaldasoficinas.com\\\/pt\\\/free-now-aposta-em-pacote-de-mobilidade-para-empresas\\\/#breadcrumb\",\"itemListElement\":[{\"@type\":\"ListItem\",\"position\":1,\"name\":\"In\u00edcio\",\"item\":\"https:\\\/\\\/jornaldasoficinas.com\\\/pt\\\/\"},{\"@type\":\"ListItem\",\"position\":2,\"name\":\"FREE NOW aposta em Pacote de Mobilidade para empresas\"}]},{\"@type\":\"WebSite\",\"@id\":\"https:\\\/\\\/jornaldasoficinas.com\\\/pt\\\/#website\",\"url\":\"https:\\\/\\\/jornaldasoficinas.com\\\/pt\\\/\",\"name\":\"Jornal das Oficinas\",\"description\":\"Jornal independente do Aftermarket Autom\u00f3vel em Portugal\",\"publisher\":{\"@id\":\"https:\\\/\\\/jornaldasoficinas.com\\\/pt\\\/#organization\"},\"potentialAction\":[{\"@type\":\"SearchAction\",\"target\":{\"@type\":\"EntryPoint\",\"urlTemplate\":\"https:\\\/\\\/jornaldasoficinas.com\\\/pt\\\/?s={search_term_string}\"},\"query-input\":{\"@type\":\"PropertyValueSpecification\",\"valueRequired\":true,\"valueName\":\"search_term_string\"}}],\"inLanguage\":\"pt-PT\"},{\"@type\":\"Organization\",\"@id\":\"https:\\\/\\\/jornaldasoficinas.com\\\/pt\\\/#organization\",\"name\":\"Jornal das Oficinas\",\"url\":\"https:\\\/\\\/jornaldasoficinas.com\\\/pt\\\/\",\"logo\":{\"@type\":\"ImageObject\",\"inLanguage\":\"pt-PT\",\"@id\":\"https:\\\/\\\/jornaldasoficinas.com\\\/pt\\\/#\\\/schema\\\/logo\\\/image\\\/\",\"url\":\"https:\\\/\\\/jornaldasoficinas.com\\\/pt\\\/wp-content\\\/uploads\\\/logoJO-SEO.png\",\"contentUrl\":\"https:\\\/\\\/jornaldasoficinas.com\\\/pt\\\/wp-content\\\/uploads\\\/logoJO-SEO.png\",\"width\":285,\"height\":450,\"caption\":\"Jornal das Oficinas\"},\"image\":{\"@id\":\"https:\\\/\\\/jornaldasoficinas.com\\\/pt\\\/#\\\/schema\\\/logo\\\/image\\\/\"},\"sameAs\":[\"https:\\\/\\\/www.facebook.com\\\/jornaloficinas\",\"https:\\\/\\\/x.com\\\/jornaloficinas\",\"https:\\\/\\\/www.instagram.com\\\/jornal_oficinas\\\/\",\"https:\\\/\\\/www.linkedin.com\\\/company\\\/jornal-das-oficinas\\\/\",\"https:\\\/\\\/www.youtube.com\\\/channel\\\/UCbQZBqtcvV-oSQrr7RzINGg\"]},{\"@type\":\"Person\",\"@id\":\"https:\\\/\\\/jornaldasoficinas.com\\\/pt\\\/#\\\/schema\\\/person\\\/a38eef5de2c41d9e7c9ac10141afddf3\",\"name\":\"Reda\u00e7\u00e3o JO\",\"image\":{\"@type\":\"ImageObject\",\"inLanguage\":\"pt-PT\",\"@id\":\"https:\\\/\\\/secure.gravatar.com\\\/avatar\\\/71f2fa71737ad68a84fea94bc708ddac8ea5b0c4788dc2ad202f3ccb2887742f?s=96&d=wp_user_avatar&r=g\",\"url\":\"https:\\\/\\\/secure.gravatar.com\\\/avatar\\\/71f2fa71737ad68a84fea94bc708ddac8ea5b0c4788dc2ad202f3ccb2887742f?s=96&d=wp_user_avatar&r=g\",\"contentUrl\":\"https:\\\/\\\/secure.gravatar.com\\\/avatar\\\/71f2fa71737ad68a84fea94bc708ddac8ea5b0c4788dc2ad202f3ccb2887742f?s=96&d=wp_user_avatar&r=g\",\"caption\":\"Reda\u00e7\u00e3o JO\"},\"url\":\"https:\\\/\\\/jornaldasoficinas.com\\\/pt\\\/author\\\/joredacao\\\/\"}]}<\/script>\n<!-- \/ Yoast SEO plugin. -->","yoast_head_json":{"title":"FREE NOW aposta em Pacote de Mobilidade para empresas - Jornal das Oficinas","robots":{"index":"index","follow":"follow","max-snippet":"max-snippet:-1","max-image-preview":"max-image-preview:large","max-video-preview":"max-video-preview:-1"},"canonical":"https:\/\/jornaldasoficinas.com\/pt\/free-now-aposta-em-pacote-de-mobilidade-para-empresas\/","og_locale":"pt_PT","og_type":"article","og_title":"FREE NOW aposta em Pacote de Mobilidade para empresas - Jornal das Oficinas","og_description":"A FREE NOW, lan\u00e7a uma alternativa...","og_url":"https:\/\/jornaldasoficinas.com\/pt\/free-now-aposta-em-pacote-de-mobilidade-para-empresas\/","og_site_name":"Jornal das Oficinas","article_publisher":"https:\/\/www.facebook.com\/jornaloficinas","article_published_time":"2021-07-21T09:00:25+00:00","og_image":[{"width":1345,"height":723,"url":"https:\/\/jornaldasoficinas.com\/pt\/wp-content\/uploads\/2021\/07\/FREE-NOW-aposta.png","type":"image\/png"}],"author":"Reda\u00e7\u00e3o JO","twitter_card":"summary_large_image","twitter_creator":"@jornaloficinas","twitter_site":"@jornaloficinas","twitter_misc":{"Escrito por":"Reda\u00e7\u00e3o JO","Tempo estimado de leitura":"3 minutos"},"schema":{"@context":"https:\/\/schema.org","@graph":[{"@type":"Article","@id":"https:\/\/jornaldasoficinas.com\/pt\/free-now-aposta-em-pacote-de-mobilidade-para-empresas\/#article","isPartOf":{"@id":"https:\/\/jornaldasoficinas.com\/pt\/free-now-aposta-em-pacote-de-mobilidade-para-empresas\/"},"author":{"name":"Reda\u00e7\u00e3o JO","@id":"https:\/\/jornaldasoficinas.com\/pt\/#\/schema\/person\/a38eef5de2c41d9e7c9ac10141afddf3"},"headline":"FREE NOW aposta em Pacote de Mobilidade para empresas","datePublished":"2021-07-21T09:00:25+00:00","mainEntityOfPage":{"@id":"https:\/\/jornaldasoficinas.com\/pt\/free-now-aposta-em-pacote-de-mobilidade-para-empresas\/"},"wordCount":632,"publisher":{"@id":"https:\/\/jornaldasoficinas.com\/pt\/#organization"},"image":{"@id":"https:\/\/jornaldasoficinas.com\/pt\/free-now-aposta-em-pacote-de-mobilidade-para-empresas\/#primaryimage"},"thumbnailUrl":"https:\/\/jornaldasoficinas.com\/pt\/wp-content\/uploads\/2021\/07\/FREE-NOW-aposta.png","keywords":["FREE NOW"],"articleSection":["Mercado"],"inLanguage":"pt-PT"},{"@type":"WebPage","@id":"https:\/\/jornaldasoficinas.com\/pt\/free-now-aposta-em-pacote-de-mobilidade-para-empresas\/","url":"https:\/\/jornaldasoficinas.com\/pt\/free-now-aposta-em-pacote-de-mobilidade-para-empresas\/","name":"FREE NOW aposta em Pacote de Mobilidade para empresas - Jornal das Oficinas","isPartOf":{"@id":"https:\/\/jornaldasoficinas.com\/pt\/#website"},"primaryImageOfPage":{"@id":"https:\/\/jornaldasoficinas.com\/pt\/free-now-aposta-em-pacote-de-mobilidade-para-empresas\/#primaryimage"},"image":{"@id":"https:\/\/jornaldasoficinas.com\/pt\/free-now-aposta-em-pacote-de-mobilidade-para-empresas\/#primaryimage"},"thumbnailUrl":"https:\/\/jornaldasoficinas.com\/pt\/wp-content\/uploads\/2021\/07\/FREE-NOW-aposta.png","datePublished":"2021-07-21T09:00:25+00:00","breadcrumb":{"@id":"https:\/\/jornaldasoficinas.com\/pt\/free-now-aposta-em-pacote-de-mobilidade-para-empresas\/#breadcrumb"},"inLanguage":"pt-PT","potentialAction":[{"@type":"ReadAction","target":["https:\/\/jornaldasoficinas.com\/pt\/free-now-aposta-em-pacote-de-mobilidade-para-empresas\/"]}]},{"@type":"ImageObject","inLanguage":"pt-PT","@id":"https:\/\/jornaldasoficinas.com\/pt\/free-now-aposta-em-pacote-de-mobilidade-para-empresas\/#primaryimage","url":"https:\/\/jornaldasoficinas.com\/pt\/wp-content\/uploads\/2021\/07\/FREE-NOW-aposta.png","contentUrl":"https:\/\/jornaldasoficinas.com\/pt\/wp-content\/uploads\/2021\/07\/FREE-NOW-aposta.png","width":1345,"height":723,"caption":"07 - FREE-NOW-aposta"},{"@type":"BreadcrumbList","@id":"https:\/\/jornaldasoficinas.com\/pt\/free-now-aposta-em-pacote-de-mobilidade-para-empresas\/#breadcrumb","itemListElement":[{"@type":"ListItem","position":1,"name":"In\u00edcio","item":"https:\/\/jornaldasoficinas.com\/pt\/"},{"@type":"ListItem","position":2,"name":"FREE NOW aposta em Pacote de Mobilidade para empresas"}]},{"@type":"WebSite","@id":"https:\/\/jornaldasoficinas.com\/pt\/#website","url":"https:\/\/jornaldasoficinas.com\/pt\/","name":"Jornal das Oficinas","description":"Jornal independente do Aftermarket Autom\u00f3vel em Portugal","publisher":{"@id":"https:\/\/jornaldasoficinas.com\/pt\/#organization"},"potentialAction":[{"@type":"SearchAction","target":{"@type":"EntryPoint","urlTemplate":"https:\/\/jornaldasoficinas.com\/pt\/?s={search_term_string}"},"query-input":{"@type":"PropertyValueSpecification","valueRequired":true,"valueName":"search_term_string"}}],"inLanguage":"pt-PT"},{"@type":"Organization","@id":"https:\/\/jornaldasoficinas.com\/pt\/#organization","name":"Jornal das Oficinas","url":"https:\/\/jornaldasoficinas.com\/pt\/","logo":{"@type":"ImageObject","inLanguage":"pt-PT","@id":"https:\/\/jornaldasoficinas.com\/pt\/#\/schema\/logo\/image\/","url":"https:\/\/jornaldasoficinas.com\/pt\/wp-content\/uploads\/logoJO-SEO.png","contentUrl":"https:\/\/jornaldasoficinas.com\/pt\/wp-content\/uploads\/logoJO-SEO.png","width":285,"height":450,"caption":"Jornal das Oficinas"},"image":{"@id":"https:\/\/jornaldasoficinas.com\/pt\/#\/schema\/logo\/image\/"},"sameAs":["https:\/\/www.facebook.com\/jornaloficinas","https:\/\/x.com\/jornaloficinas","https:\/\/www.instagram.com\/jornal_oficinas\/","https:\/\/www.linkedin.com\/company\/jornal-das-oficinas\/","https:\/\/www.youtube.com\/channel\/UCbQZBqtcvV-oSQrr7RzINGg"]},{"@type":"Person","@id":"https:\/\/jornaldasoficinas.com\/pt\/#\/schema\/person\/a38eef5de2c41d9e7c9ac10141afddf3","name":"Reda\u00e7\u00e3o JO","image":{"@type":"ImageObject","inLanguage":"pt-PT","@id":"https:\/\/secure.gravatar.com\/avatar\/71f2fa71737ad68a84fea94bc708ddac8ea5b0c4788dc2ad202f3ccb2887742f?s=96&d=wp_user_avatar&r=g","url":"https:\/\/secure.gravatar.com\/avatar\/71f2fa71737ad68a84fea94bc708ddac8ea5b0c4788dc2ad202f3ccb2887742f?s=96&d=wp_user_avatar&r=g","contentUrl":"https:\/\/secure.gravatar.com\/avatar\/71f2fa71737ad68a84fea94bc708ddac8ea5b0c4788dc2ad202f3ccb2887742f?s=96&d=wp_user_avatar&r=g","caption":"Reda\u00e7\u00e3o JO"},"url":"https:\/\/jornaldasoficinas.com\/pt\/author\/joredacao\/"}]}},"_links":{"self":[{"href":"https:\/\/jornaldasoficinas.com\/pt\/wp-json\/wp\/v2\/posts\/22800","targetHints":{"allow":["GET"]}}],"collection":[{"href":"https:\/\/jornaldasoficinas.com\/pt\/wp-json\/wp\/v2\/posts"}],"about":[{"href":"https:\/\/jornaldasoficinas.com\/pt\/wp-json\/wp\/v2\/types\/post"}],"author":[{"embeddable":true,"href":"https:\/\/jornaldasoficinas.com\/pt\/wp-json\/wp\/v2\/users\/15"}],"replies":[{"embeddable":true,"href":"https:\/\/jornaldasoficinas.com\/pt\/wp-json\/wp\/v2\/comments?post=22800"}],"version-history":[{"count":0,"href":"https:\/\/jornaldasoficinas.com\/pt\/wp-json\/wp\/v2\/posts\/22800\/revisions"}],"wp:featuredmedia":[{"embeddable":true,"href":"https:\/\/jornaldasoficinas.com\/pt\/wp-json\/wp\/v2\/media\/22786"}],"wp:attachment":[{"href":"https:\/\/jornaldasoficinas.com\/pt\/wp-json\/wp\/v2\/media?parent=22800"}],"wp:term":[{"taxonomy":"category","embeddable":true,"href":"https:\/\/jornaldasoficinas.com\/pt\/wp-json\/wp\/v2\/categories?post=22800"},{"taxonomy":"post_tag","embeddable":true,"href":"https:\/\/jornaldasoficinas.com\/pt\/wp-json\/wp\/v2\/tags?post=22800"}],"curies":[{"name":"wp","href":"https:\/\/api.w.org\/{rel}","templated":true}]}}