{"id":22802,"date":"2021-07-21T12:00:58","date_gmt":"2021-07-21T11:00:58","guid":{"rendered":"https:\/\/jornaldasoficinas.com\/pt\/?p=22802"},"modified":"2021-07-20T17:45:34","modified_gmt":"2021-07-20T16:45:34","slug":"leaseplan-e-arrival-unem-se-pela-procura-de-comerciais-eletricos","status":"publish","type":"post","link":"https:\/\/jornaldasoficinas.com\/pt\/leaseplan-e-arrival-unem-se-pela-procura-de-comerciais-eletricos\/","title":{"rendered":"LeasePlan e Arrival unem-se pela procura de comerciais el\u00e9tricos"},"content":{"rendered":"<p><strong><img loading=\"lazy\" decoding=\"async\" class=\"alignnone size-full wp-image-22789\" src=\"https:\/\/jornaldasoficinas.com\/pt\/wp-content\/uploads\/2021\/07\/LeasePlan-e-Arrival-unem-se.jpg\" alt=\"07 - LeasePlan-e-Arrival-unem-se\" width=\"1024\" height=\"581\" srcset=\"https:\/\/jornaldasoficinas.com\/pt\/wp-content\/uploads\/2021\/07\/LeasePlan-e-Arrival-unem-se.jpg 1024w, https:\/\/jornaldasoficinas.com\/pt\/wp-content\/uploads\/2021\/07\/LeasePlan-e-Arrival-unem-se-300x170.jpg 300w, https:\/\/jornaldasoficinas.com\/pt\/wp-content\/uploads\/2021\/07\/LeasePlan-e-Arrival-unem-se-150x85.jpg 150w, https:\/\/jornaldasoficinas.com\/pt\/wp-content\/uploads\/2021\/07\/LeasePlan-e-Arrival-unem-se-768x436.jpg 768w\" sizes=\"auto, (max-width: 1024px) 100vw, 1024px\" \/><\/strong><\/p>\n<p><strong>A LeasePlan e a Arrival, a empresa tecnol\u00f3gica global que cria ve\u00edculos comerciais el\u00e9tricos com as suas tecnologias \u00fanicas, acabam de anunciar que a LeasePlan ser\u00e1 o parceiro de renting preferencial para as carrinhas el\u00e9tricas Arrival.<\/strong><\/p>\n<p>A parceria \u00e9 estabelecida com base numa encomenda inicial de 3.000 carrinhas, com o acordo de vendas previsto para ser finalizado no 3\u00ba trimestre de 2021<\/p>\n<p>Tex Gunning, CEO da <a href=\"https:\/\/www.leaseplan.com\/pt-pt\/\" target=\"_blank\" rel=\"noopener\">LeasePlan<\/a> afirmou: &#8220;A procura de compras online est\u00e1 a disparar, mas esta procura tem de ser satisfeita de forma respons\u00e1vel, e as preocupa\u00e7\u00f5es com a polui\u00e7\u00e3o causada pelos ve\u00edculos de entrega t\u00eam de ser abordadas. Estou entusiasmado por ser parceiro da Arrival, o que permitir\u00e1 \u00e0 LeasePlan entregar alguns dos ve\u00edculos comerciais ligeiros el\u00e9tricos (eVCL) mais ecol\u00f3gicos, limpos e verdadeiramente inovadores para os nossos clientes. Juntos vamos revolucionar o mercado de eVCL em r\u00e1pido crescimento e fazer com que as entregas de emiss\u00f5es zero fa\u00e7am parte do Novo Normal&#8221;.<\/p>\n<p>&#8220;A LeasePlan \u00e9 n\u00e3o s\u00f3 a maior empresa mundial de Car-as-a-Service, como tamb\u00e9m demonstrou um compromisso a longo prazo com a redu\u00e7\u00e3o da pegada de carbono ao ser um dos membros fundadores do EV100 &#8211; colocando realmente a sustentabilidade no mapa muito antes de ser popular. A Arrival est\u00e1 entusiasmada por estabelecer uma parceria com uma empresa que lidera a &#8220;acelera\u00e7\u00e3o&#8221; para a transi\u00e7\u00e3o para ve\u00edculos com emiss\u00f5es zero, oferecendo mobilidade sustent\u00e1vel e ar mais limpo \u00e0s cidades de todo o mundo. Isto mostra que o m\u00e9todo da Arrival \u00e9 verdadeiramente revolucion\u00e1rio e pode ser implementado em m\u00faltiplos locais rapidamente. Com esta nova parceria, a Arrival poder\u00e1 aprofundar e expandir a sua presen\u00e7a a n\u00edvel global, trabalhando com a LeasePlan para trazer os melhores produtos poss\u00edveis aos seus clientes e, por sua vez, ajud\u00e1-los a alcan\u00e7ar os seus pr\u00f3prios objetivos de sustentabilidade&#8221;, referiu Avinash Rugoobur, Presidente da Arrival.<\/p>\n<p>A <a href=\"https:\/\/arrival.com\/\" target=\"_blank\" rel=\"noopener\">Arrival<\/a> acelera a ado\u00e7\u00e3o massiva de VE \u00e0 escala global, produzindo ve\u00edculos comerciais acess\u00edveis, com um Custo Total de Propriedade (TCO) substancialmente mais baixo. Isto \u00e9 poss\u00edvel gra\u00e7as ao novo m\u00e9todo \u00fanico de conce\u00e7\u00e3o e produ\u00e7\u00e3o da Arrival em Microf\u00e1bricas rapidamente escal\u00e1veis que utiliza as tecnologias internas da empresa, incluindo materiais, software, hardware e rob\u00f3tica.<\/p>\n<p>A LeasePlan tem uma frota global de aproximadamente 1.9 milh\u00f5es de ve\u00edculos e \u00e9 um dos principais fornecedores mundiais de carrinhas de entrega como servi\u00e7o &#8211; quase 1 em cada 4 ve\u00edculos LeasePlan \u00e9 um VCL (Ve\u00edculo Comercial Ligeiro). A ambi\u00e7\u00e3o da LeasePlan \u00e9 atingir zero emiss\u00f5es l\u00edquidas da sua frota financiada at\u00e9 2030.<\/p>\n","protected":false},"excerpt":{"rendered":"<p>A LeasePlan e a Arrival, a&#8230;<\/p>\n","protected":false},"author":15,"featured_media":22789,"comment_status":"closed","ping_status":"closed","sticky":false,"template":"","format":"standard","meta":{"footnotes":""},"categories":[37],"tags":[519],"class_list":["post-22802","post","type-post","status-publish","format-standard","has-post-thumbnail","hentry","category-mercado","tag-leaseplan"],"yoast_head":"<!-- This site is optimized with the Yoast SEO plugin v27.4 - https:\/\/yoast.com\/product\/yoast-seo-wordpress\/ -->\n<title>LeasePlan e Arrival unem-se pela procura de comerciais el\u00e9tricos - Jornal das Oficinas<\/title>\n<meta name=\"robots\" content=\"index, follow, max-snippet:-1, max-image-preview:large, max-video-preview:-1\" \/>\n<link rel=\"canonical\" href=\"https:\/\/jornaldasoficinas.com\/pt\/leaseplan-e-arrival-unem-se-pela-procura-de-comerciais-eletricos\/\" \/>\n<meta property=\"og:locale\" content=\"pt_PT\" \/>\n<meta property=\"og:type\" content=\"article\" \/>\n<meta property=\"og:title\" content=\"LeasePlan e Arrival unem-se pela procura de comerciais el\u00e9tricos - Jornal das Oficinas\" \/>\n<meta property=\"og:description\" content=\"A LeasePlan e a Arrival, a...\" \/>\n<meta property=\"og:url\" content=\"https:\/\/jornaldasoficinas.com\/pt\/leaseplan-e-arrival-unem-se-pela-procura-de-comerciais-eletricos\/\" \/>\n<meta property=\"og:site_name\" content=\"Jornal das Oficinas\" \/>\n<meta property=\"article:publisher\" content=\"https:\/\/www.facebook.com\/jornaloficinas\" \/>\n<meta property=\"article:published_time\" content=\"2021-07-21T11:00:58+00:00\" \/>\n<meta property=\"og:image\" content=\"https:\/\/jornaldasoficinas.com\/pt\/wp-content\/uploads\/2021\/07\/LeasePlan-e-Arrival-unem-se.jpg\" \/>\n\t<meta property=\"og:image:width\" content=\"1024\" \/>\n\t<meta property=\"og:image:height\" content=\"581\" \/>\n\t<meta property=\"og:image:type\" content=\"image\/jpeg\" \/>\n<meta name=\"author\" content=\"Reda\u00e7\u00e3o JO\" \/>\n<meta name=\"twitter:card\" content=\"summary_large_image\" \/>\n<meta name=\"twitter:creator\" content=\"@jornaloficinas\" \/>\n<meta name=\"twitter:site\" content=\"@jornaloficinas\" \/>\n<meta name=\"twitter:label1\" content=\"Escrito por\" \/>\n\t<meta name=\"twitter:data1\" content=\"Reda\u00e7\u00e3o JO\" \/>\n\t<meta name=\"twitter:label2\" content=\"Tempo estimado de leitura\" \/>\n\t<meta name=\"twitter:data2\" content=\"3 minutos\" \/>\n<script type=\"application\/ld+json\" class=\"yoast-schema-graph\">{\"@context\":\"https:\\\/\\\/schema.org\",\"@graph\":[{\"@type\":\"Article\",\"@id\":\"https:\\\/\\\/jornaldasoficinas.com\\\/pt\\\/leaseplan-e-arrival-unem-se-pela-procura-de-comerciais-eletricos\\\/#article\",\"isPartOf\":{\"@id\":\"https:\\\/\\\/jornaldasoficinas.com\\\/pt\\\/leaseplan-e-arrival-unem-se-pela-procura-de-comerciais-eletricos\\\/\"},\"author\":{\"name\":\"Reda\u00e7\u00e3o JO\",\"@id\":\"https:\\\/\\\/jornaldasoficinas.com\\\/pt\\\/#\\\/schema\\\/person\\\/a38eef5de2c41d9e7c9ac10141afddf3\"},\"headline\":\"LeasePlan e Arrival unem-se pela procura de comerciais el\u00e9tricos\",\"datePublished\":\"2021-07-21T11:00:58+00:00\",\"mainEntityOfPage\":{\"@id\":\"https:\\\/\\\/jornaldasoficinas.com\\\/pt\\\/leaseplan-e-arrival-unem-se-pela-procura-de-comerciais-eletricos\\\/\"},\"wordCount\":458,\"publisher\":{\"@id\":\"https:\\\/\\\/jornaldasoficinas.com\\\/pt\\\/#organization\"},\"image\":{\"@id\":\"https:\\\/\\\/jornaldasoficinas.com\\\/pt\\\/leaseplan-e-arrival-unem-se-pela-procura-de-comerciais-eletricos\\\/#primaryimage\"},\"thumbnailUrl\":\"https:\\\/\\\/jornaldasoficinas.com\\\/pt\\\/wp-content\\\/uploads\\\/2021\\\/07\\\/LeasePlan-e-Arrival-unem-se.jpg\",\"keywords\":[\"LeasePlan\"],\"articleSection\":[\"Mercado\"],\"inLanguage\":\"pt-PT\"},{\"@type\":\"WebPage\",\"@id\":\"https:\\\/\\\/jornaldasoficinas.com\\\/pt\\\/leaseplan-e-arrival-unem-se-pela-procura-de-comerciais-eletricos\\\/\",\"url\":\"https:\\\/\\\/jornaldasoficinas.com\\\/pt\\\/leaseplan-e-arrival-unem-se-pela-procura-de-comerciais-eletricos\\\/\",\"name\":\"LeasePlan e Arrival unem-se pela procura de comerciais el\u00e9tricos - Jornal das Oficinas\",\"isPartOf\":{\"@id\":\"https:\\\/\\\/jornaldasoficinas.com\\\/pt\\\/#website\"},\"primaryImageOfPage\":{\"@id\":\"https:\\\/\\\/jornaldasoficinas.com\\\/pt\\\/leaseplan-e-arrival-unem-se-pela-procura-de-comerciais-eletricos\\\/#primaryimage\"},\"image\":{\"@id\":\"https:\\\/\\\/jornaldasoficinas.com\\\/pt\\\/leaseplan-e-arrival-unem-se-pela-procura-de-comerciais-eletricos\\\/#primaryimage\"},\"thumbnailUrl\":\"https:\\\/\\\/jornaldasoficinas.com\\\/pt\\\/wp-content\\\/uploads\\\/2021\\\/07\\\/LeasePlan-e-Arrival-unem-se.jpg\",\"datePublished\":\"2021-07-21T11:00:58+00:00\",\"breadcrumb\":{\"@id\":\"https:\\\/\\\/jornaldasoficinas.com\\\/pt\\\/leaseplan-e-arrival-unem-se-pela-procura-de-comerciais-eletricos\\\/#breadcrumb\"},\"inLanguage\":\"pt-PT\",\"potentialAction\":[{\"@type\":\"ReadAction\",\"target\":[\"https:\\\/\\\/jornaldasoficinas.com\\\/pt\\\/leaseplan-e-arrival-unem-se-pela-procura-de-comerciais-eletricos\\\/\"]}]},{\"@type\":\"ImageObject\",\"inLanguage\":\"pt-PT\",\"@id\":\"https:\\\/\\\/jornaldasoficinas.com\\\/pt\\\/leaseplan-e-arrival-unem-se-pela-procura-de-comerciais-eletricos\\\/#primaryimage\",\"url\":\"https:\\\/\\\/jornaldasoficinas.com\\\/pt\\\/wp-content\\\/uploads\\\/2021\\\/07\\\/LeasePlan-e-Arrival-unem-se.jpg\",\"contentUrl\":\"https:\\\/\\\/jornaldasoficinas.com\\\/pt\\\/wp-content\\\/uploads\\\/2021\\\/07\\\/LeasePlan-e-Arrival-unem-se.jpg\",\"width\":1024,\"height\":581,\"caption\":\"07 - LeasePlan-e-Arrival-unem-se\"},{\"@type\":\"BreadcrumbList\",\"@id\":\"https:\\\/\\\/jornaldasoficinas.com\\\/pt\\\/leaseplan-e-arrival-unem-se-pela-procura-de-comerciais-eletricos\\\/#breadcrumb\",\"itemListElement\":[{\"@type\":\"ListItem\",\"position\":1,\"name\":\"In\u00edcio\",\"item\":\"https:\\\/\\\/jornaldasoficinas.com\\\/pt\\\/\"},{\"@type\":\"ListItem\",\"position\":2,\"name\":\"LeasePlan e Arrival unem-se pela procura de comerciais el\u00e9tricos\"}]},{\"@type\":\"WebSite\",\"@id\":\"https:\\\/\\\/jornaldasoficinas.com\\\/pt\\\/#website\",\"url\":\"https:\\\/\\\/jornaldasoficinas.com\\\/pt\\\/\",\"name\":\"Jornal das Oficinas\",\"description\":\"Jornal independente do Aftermarket Autom\u00f3vel em Portugal\",\"publisher\":{\"@id\":\"https:\\\/\\\/jornaldasoficinas.com\\\/pt\\\/#organization\"},\"potentialAction\":[{\"@type\":\"SearchAction\",\"target\":{\"@type\":\"EntryPoint\",\"urlTemplate\":\"https:\\\/\\\/jornaldasoficinas.com\\\/pt\\\/?s={search_term_string}\"},\"query-input\":{\"@type\":\"PropertyValueSpecification\",\"valueRequired\":true,\"valueName\":\"search_term_string\"}}],\"inLanguage\":\"pt-PT\"},{\"@type\":\"Organization\",\"@id\":\"https:\\\/\\\/jornaldasoficinas.com\\\/pt\\\/#organization\",\"name\":\"Jornal das Oficinas\",\"url\":\"https:\\\/\\\/jornaldasoficinas.com\\\/pt\\\/\",\"logo\":{\"@type\":\"ImageObject\",\"inLanguage\":\"pt-PT\",\"@id\":\"https:\\\/\\\/jornaldasoficinas.com\\\/pt\\\/#\\\/schema\\\/logo\\\/image\\\/\",\"url\":\"https:\\\/\\\/jornaldasoficinas.com\\\/pt\\\/wp-content\\\/uploads\\\/logoJO-SEO.png\",\"contentUrl\":\"https:\\\/\\\/jornaldasoficinas.com\\\/pt\\\/wp-content\\\/uploads\\\/logoJO-SEO.png\",\"width\":285,\"height\":450,\"caption\":\"Jornal das Oficinas\"},\"image\":{\"@id\":\"https:\\\/\\\/jornaldasoficinas.com\\\/pt\\\/#\\\/schema\\\/logo\\\/image\\\/\"},\"sameAs\":[\"https:\\\/\\\/www.facebook.com\\\/jornaloficinas\",\"https:\\\/\\\/x.com\\\/jornaloficinas\",\"https:\\\/\\\/www.instagram.com\\\/jornal_oficinas\\\/\",\"https:\\\/\\\/www.linkedin.com\\\/company\\\/jornal-das-oficinas\\\/\",\"https:\\\/\\\/www.youtube.com\\\/channel\\\/UCbQZBqtcvV-oSQrr7RzINGg\"]},{\"@type\":\"Person\",\"@id\":\"https:\\\/\\\/jornaldasoficinas.com\\\/pt\\\/#\\\/schema\\\/person\\\/a38eef5de2c41d9e7c9ac10141afddf3\",\"name\":\"Reda\u00e7\u00e3o JO\",\"image\":{\"@type\":\"ImageObject\",\"inLanguage\":\"pt-PT\",\"@id\":\"https:\\\/\\\/secure.gravatar.com\\\/avatar\\\/71f2fa71737ad68a84fea94bc708ddac8ea5b0c4788dc2ad202f3ccb2887742f?s=96&d=wp_user_avatar&r=g\",\"url\":\"https:\\\/\\\/secure.gravatar.com\\\/avatar\\\/71f2fa71737ad68a84fea94bc708ddac8ea5b0c4788dc2ad202f3ccb2887742f?s=96&d=wp_user_avatar&r=g\",\"contentUrl\":\"https:\\\/\\\/secure.gravatar.com\\\/avatar\\\/71f2fa71737ad68a84fea94bc708ddac8ea5b0c4788dc2ad202f3ccb2887742f?s=96&d=wp_user_avatar&r=g\",\"caption\":\"Reda\u00e7\u00e3o JO\"},\"url\":\"https:\\\/\\\/jornaldasoficinas.com\\\/pt\\\/author\\\/joredacao\\\/\"}]}<\/script>\n<!-- \/ Yoast SEO plugin. -->","yoast_head_json":{"title":"LeasePlan e Arrival unem-se pela procura de comerciais el\u00e9tricos - Jornal das Oficinas","robots":{"index":"index","follow":"follow","max-snippet":"max-snippet:-1","max-image-preview":"max-image-preview:large","max-video-preview":"max-video-preview:-1"},"canonical":"https:\/\/jornaldasoficinas.com\/pt\/leaseplan-e-arrival-unem-se-pela-procura-de-comerciais-eletricos\/","og_locale":"pt_PT","og_type":"article","og_title":"LeasePlan e Arrival unem-se pela procura de comerciais el\u00e9tricos - Jornal das Oficinas","og_description":"A LeasePlan e a Arrival, a...","og_url":"https:\/\/jornaldasoficinas.com\/pt\/leaseplan-e-arrival-unem-se-pela-procura-de-comerciais-eletricos\/","og_site_name":"Jornal das Oficinas","article_publisher":"https:\/\/www.facebook.com\/jornaloficinas","article_published_time":"2021-07-21T11:00:58+00:00","og_image":[{"width":1024,"height":581,"url":"https:\/\/jornaldasoficinas.com\/pt\/wp-content\/uploads\/2021\/07\/LeasePlan-e-Arrival-unem-se.jpg","type":"image\/jpeg"}],"author":"Reda\u00e7\u00e3o JO","twitter_card":"summary_large_image","twitter_creator":"@jornaloficinas","twitter_site":"@jornaloficinas","twitter_misc":{"Escrito por":"Reda\u00e7\u00e3o JO","Tempo estimado de leitura":"3 minutos"},"schema":{"@context":"https:\/\/schema.org","@graph":[{"@type":"Article","@id":"https:\/\/jornaldasoficinas.com\/pt\/leaseplan-e-arrival-unem-se-pela-procura-de-comerciais-eletricos\/#article","isPartOf":{"@id":"https:\/\/jornaldasoficinas.com\/pt\/leaseplan-e-arrival-unem-se-pela-procura-de-comerciais-eletricos\/"},"author":{"name":"Reda\u00e7\u00e3o JO","@id":"https:\/\/jornaldasoficinas.com\/pt\/#\/schema\/person\/a38eef5de2c41d9e7c9ac10141afddf3"},"headline":"LeasePlan e Arrival unem-se pela procura de comerciais el\u00e9tricos","datePublished":"2021-07-21T11:00:58+00:00","mainEntityOfPage":{"@id":"https:\/\/jornaldasoficinas.com\/pt\/leaseplan-e-arrival-unem-se-pela-procura-de-comerciais-eletricos\/"},"wordCount":458,"publisher":{"@id":"https:\/\/jornaldasoficinas.com\/pt\/#organization"},"image":{"@id":"https:\/\/jornaldasoficinas.com\/pt\/leaseplan-e-arrival-unem-se-pela-procura-de-comerciais-eletricos\/#primaryimage"},"thumbnailUrl":"https:\/\/jornaldasoficinas.com\/pt\/wp-content\/uploads\/2021\/07\/LeasePlan-e-Arrival-unem-se.jpg","keywords":["LeasePlan"],"articleSection":["Mercado"],"inLanguage":"pt-PT"},{"@type":"WebPage","@id":"https:\/\/jornaldasoficinas.com\/pt\/leaseplan-e-arrival-unem-se-pela-procura-de-comerciais-eletricos\/","url":"https:\/\/jornaldasoficinas.com\/pt\/leaseplan-e-arrival-unem-se-pela-procura-de-comerciais-eletricos\/","name":"LeasePlan e Arrival unem-se pela procura de comerciais el\u00e9tricos - Jornal das Oficinas","isPartOf":{"@id":"https:\/\/jornaldasoficinas.com\/pt\/#website"},"primaryImageOfPage":{"@id":"https:\/\/jornaldasoficinas.com\/pt\/leaseplan-e-arrival-unem-se-pela-procura-de-comerciais-eletricos\/#primaryimage"},"image":{"@id":"https:\/\/jornaldasoficinas.com\/pt\/leaseplan-e-arrival-unem-se-pela-procura-de-comerciais-eletricos\/#primaryimage"},"thumbnailUrl":"https:\/\/jornaldasoficinas.com\/pt\/wp-content\/uploads\/2021\/07\/LeasePlan-e-Arrival-unem-se.jpg","datePublished":"2021-07-21T11:00:58+00:00","breadcrumb":{"@id":"https:\/\/jornaldasoficinas.com\/pt\/leaseplan-e-arrival-unem-se-pela-procura-de-comerciais-eletricos\/#breadcrumb"},"inLanguage":"pt-PT","potentialAction":[{"@type":"ReadAction","target":["https:\/\/jornaldasoficinas.com\/pt\/leaseplan-e-arrival-unem-se-pela-procura-de-comerciais-eletricos\/"]}]},{"@type":"ImageObject","inLanguage":"pt-PT","@id":"https:\/\/jornaldasoficinas.com\/pt\/leaseplan-e-arrival-unem-se-pela-procura-de-comerciais-eletricos\/#primaryimage","url":"https:\/\/jornaldasoficinas.com\/pt\/wp-content\/uploads\/2021\/07\/LeasePlan-e-Arrival-unem-se.jpg","contentUrl":"https:\/\/jornaldasoficinas.com\/pt\/wp-content\/uploads\/2021\/07\/LeasePlan-e-Arrival-unem-se.jpg","width":1024,"height":581,"caption":"07 - LeasePlan-e-Arrival-unem-se"},{"@type":"BreadcrumbList","@id":"https:\/\/jornaldasoficinas.com\/pt\/leaseplan-e-arrival-unem-se-pela-procura-de-comerciais-eletricos\/#breadcrumb","itemListElement":[{"@type":"ListItem","position":1,"name":"In\u00edcio","item":"https:\/\/jornaldasoficinas.com\/pt\/"},{"@type":"ListItem","position":2,"name":"LeasePlan e Arrival unem-se pela procura de comerciais el\u00e9tricos"}]},{"@type":"WebSite","@id":"https:\/\/jornaldasoficinas.com\/pt\/#website","url":"https:\/\/jornaldasoficinas.com\/pt\/","name":"Jornal das Oficinas","description":"Jornal independente do Aftermarket Autom\u00f3vel em Portugal","publisher":{"@id":"https:\/\/jornaldasoficinas.com\/pt\/#organization"},"potentialAction":[{"@type":"SearchAction","target":{"@type":"EntryPoint","urlTemplate":"https:\/\/jornaldasoficinas.com\/pt\/?s={search_term_string}"},"query-input":{"@type":"PropertyValueSpecification","valueRequired":true,"valueName":"search_term_string"}}],"inLanguage":"pt-PT"},{"@type":"Organization","@id":"https:\/\/jornaldasoficinas.com\/pt\/#organization","name":"Jornal das Oficinas","url":"https:\/\/jornaldasoficinas.com\/pt\/","logo":{"@type":"ImageObject","inLanguage":"pt-PT","@id":"https:\/\/jornaldasoficinas.com\/pt\/#\/schema\/logo\/image\/","url":"https:\/\/jornaldasoficinas.com\/pt\/wp-content\/uploads\/logoJO-SEO.png","contentUrl":"https:\/\/jornaldasoficinas.com\/pt\/wp-content\/uploads\/logoJO-SEO.png","width":285,"height":450,"caption":"Jornal das Oficinas"},"image":{"@id":"https:\/\/jornaldasoficinas.com\/pt\/#\/schema\/logo\/image\/"},"sameAs":["https:\/\/www.facebook.com\/jornaloficinas","https:\/\/x.com\/jornaloficinas","https:\/\/www.instagram.com\/jornal_oficinas\/","https:\/\/www.linkedin.com\/company\/jornal-das-oficinas\/","https:\/\/www.youtube.com\/channel\/UCbQZBqtcvV-oSQrr7RzINGg"]},{"@type":"Person","@id":"https:\/\/jornaldasoficinas.com\/pt\/#\/schema\/person\/a38eef5de2c41d9e7c9ac10141afddf3","name":"Reda\u00e7\u00e3o JO","image":{"@type":"ImageObject","inLanguage":"pt-PT","@id":"https:\/\/secure.gravatar.com\/avatar\/71f2fa71737ad68a84fea94bc708ddac8ea5b0c4788dc2ad202f3ccb2887742f?s=96&d=wp_user_avatar&r=g","url":"https:\/\/secure.gravatar.com\/avatar\/71f2fa71737ad68a84fea94bc708ddac8ea5b0c4788dc2ad202f3ccb2887742f?s=96&d=wp_user_avatar&r=g","contentUrl":"https:\/\/secure.gravatar.com\/avatar\/71f2fa71737ad68a84fea94bc708ddac8ea5b0c4788dc2ad202f3ccb2887742f?s=96&d=wp_user_avatar&r=g","caption":"Reda\u00e7\u00e3o JO"},"url":"https:\/\/jornaldasoficinas.com\/pt\/author\/joredacao\/"}]}},"_links":{"self":[{"href":"https:\/\/jornaldasoficinas.com\/pt\/wp-json\/wp\/v2\/posts\/22802","targetHints":{"allow":["GET"]}}],"collection":[{"href":"https:\/\/jornaldasoficinas.com\/pt\/wp-json\/wp\/v2\/posts"}],"about":[{"href":"https:\/\/jornaldasoficinas.com\/pt\/wp-json\/wp\/v2\/types\/post"}],"author":[{"embeddable":true,"href":"https:\/\/jornaldasoficinas.com\/pt\/wp-json\/wp\/v2\/users\/15"}],"replies":[{"embeddable":true,"href":"https:\/\/jornaldasoficinas.com\/pt\/wp-json\/wp\/v2\/comments?post=22802"}],"version-history":[{"count":0,"href":"https:\/\/jornaldasoficinas.com\/pt\/wp-json\/wp\/v2\/posts\/22802\/revisions"}],"wp:featuredmedia":[{"embeddable":true,"href":"https:\/\/jornaldasoficinas.com\/pt\/wp-json\/wp\/v2\/media\/22789"}],"wp:attachment":[{"href":"https:\/\/jornaldasoficinas.com\/pt\/wp-json\/wp\/v2\/media?parent=22802"}],"wp:term":[{"taxonomy":"category","embeddable":true,"href":"https:\/\/jornaldasoficinas.com\/pt\/wp-json\/wp\/v2\/categories?post=22802"},{"taxonomy":"post_tag","embeddable":true,"href":"https:\/\/jornaldasoficinas.com\/pt\/wp-json\/wp\/v2\/tags?post=22802"}],"curies":[{"name":"wp","href":"https:\/\/api.w.org\/{rel}","templated":true}]}}