{"id":22829,"date":"2021-07-22T14:00:48","date_gmt":"2021-07-22T13:00:48","guid":{"rendered":"https:\/\/jornaldasoficinas.com\/pt\/?p=22829"},"modified":"2021-07-21T10:24:31","modified_gmt":"2021-07-21T09:24:31","slug":"brembo-inaugura-centro-de-excelencia-na-california","status":"publish","type":"post","link":"https:\/\/jornaldasoficinas.com\/pt\/brembo-inaugura-centro-de-excelencia-na-california\/","title":{"rendered":"Brembo inaugura centro de excel\u00eancia na Calif\u00f3rnia"},"content":{"rendered":"<p><img loading=\"lazy\" decoding=\"async\" class=\"alignnone size-full wp-image-22792\" src=\"https:\/\/jornaldasoficinas.com\/pt\/wp-content\/uploads\/2021\/07\/Brembo-inaugura.jpg\" alt=\"07 - Brembo-inaugura\" width=\"1024\" height=\"581\" srcset=\"https:\/\/jornaldasoficinas.com\/pt\/wp-content\/uploads\/2021\/07\/Brembo-inaugura.jpg 1024w, https:\/\/jornaldasoficinas.com\/pt\/wp-content\/uploads\/2021\/07\/Brembo-inaugura-300x170.jpg 300w, https:\/\/jornaldasoficinas.com\/pt\/wp-content\/uploads\/2021\/07\/Brembo-inaugura-150x85.jpg 150w, https:\/\/jornaldasoficinas.com\/pt\/wp-content\/uploads\/2021\/07\/Brembo-inaugura-768x436.jpg 768w\" sizes=\"auto, (max-width: 1024px) 100vw, 1024px\" \/><\/p>\n<p><strong>A Brembo, l\u00edder global no desenvolvimento e produ\u00e7\u00e3o de sistemas de freio, anuncia a inaugura\u00e7\u00e3o de seu primeiro centro de excel\u00eancia, no Vale do Sil\u00edcio na Calif\u00f3rnia<\/strong><\/p>\n<p>O \u201cBrembo Inspiration Lab\u201d ser\u00e1 um laborat\u00f3rio de inova\u00e7\u00e3o e ter\u00e1 como foco o fortalecimento da experi\u00eancia da empresa em desenvolvimento de software, ci\u00eancia de dados e intelig\u00eancia artificial.<\/p>\n<p>A abertura do primeiro centro de excel\u00eancia da Brembo \u00e9 como dar um passo em frente no caminho para se tornar um provedor de solu\u00e7\u00f5es confi\u00e1vel e acelerar a digitaliza\u00e7\u00e3o da empresa. Um dos principais objetivos da vis\u00e3o estrat\u00e9gica, \u00e9 transformar Energia em Inspira\u00e7\u00e3o, anunciado por Daniele Schillaci, da Brembo Diretor Presidente, em setembro de 2020.<\/p>\n<p>\u201cEstamos muito satisfeitos em abrir o primeiro centro de excel\u00eancia da <a href=\"https:\/\/www.brembo.com\/en\/company\/news\/disco-perfurado-ranhurado-brembo#\" target=\"_blank\" rel=\"noopener\">Brembo<\/a> em Silicon Valley. Estamos a investir neste local mundialmente conhecido por alta tecnologia e inova\u00e7\u00e3o com o objetivo claro e ambicioso de enfrentar os desafios sem precedentes que impactam o setor automotivo &#8220;, disse Daniele Schillaci, CEO da Brembo.&#8221; Estamos numa era de ci\u00eancia de dados e a aplica\u00e7\u00e3o da intelig\u00eancia artificial, que nos oferece uma grande oportunidade de construir o nosso futuro e fortalecer a nossa lideran\u00e7a tecnol\u00f3gica. Com o Brembo Inspiration Lab, aceitamos o desafio de aumentar a cultura digital da empresa e de trazer a inova\u00e7\u00e3o \u2018Made in Brembo\u2019 para ainda mais perto dos nossos parceiros&#8221;, explicou Daniele Schillaci.<\/p>\n<p>Est\u00e1 previsto que o Brembo Inspiration Lab seja inaugurado no quarto trimestre de 2021. Receber\u00e1 talentos de v\u00e1rias ind\u00fastrias para beneficiar o desenvolvimento das futuras solu\u00e7\u00f5es de travagem da Brembo.<\/p>\n<p>Com a inaugura\u00e7\u00e3o do novo centro, a Brembo expande a sua presen\u00e7a internacional e continua a crescer na Am\u00e9rica do Norte, onde est\u00e1 presente h\u00e1 mais de 30 anos. Vai manter centros de manufatura em Michigan, New Jersey e Monterrey, no M\u00e9xico. A sua sede na Am\u00e9rica do Norte e centro de P&amp;D est\u00e3o localizados em Plymouth, Michigan. O novo centro de excel\u00eancia tamb\u00e9m ser\u00e1 um ponto de refer\u00eancia para o desenvolvimento tecnol\u00f3gico e comercial do relacionamento da Brembo com os clientes do Vale do Sil\u00edcio.<\/p>\n","protected":false},"excerpt":{"rendered":"<p>A Brembo, l\u00edder global no desenvolvimento&#8230;<\/p>\n","protected":false},"author":15,"featured_media":22792,"comment_status":"closed","ping_status":"closed","sticky":false,"template":"","format":"standard","meta":{"footnotes":""},"categories":[29],"tags":[283],"class_list":["post-22829","post","type-post","status-publish","format-standard","has-post-thumbnail","hentry","category-empresas","tag-brembo"],"yoast_head":"<!-- This site is optimized with the Yoast SEO plugin v27.4 - https:\/\/yoast.com\/product\/yoast-seo-wordpress\/ -->\n<title>Brembo inaugura centro de excel\u00eancia na Calif\u00f3rnia - Jornal das Oficinas<\/title>\n<meta name=\"robots\" content=\"index, follow, max-snippet:-1, max-image-preview:large, max-video-preview:-1\" \/>\n<link rel=\"canonical\" href=\"https:\/\/jornaldasoficinas.com\/pt\/brembo-inaugura-centro-de-excelencia-na-california\/\" \/>\n<meta property=\"og:locale\" content=\"pt_PT\" \/>\n<meta property=\"og:type\" content=\"article\" \/>\n<meta property=\"og:title\" content=\"Brembo inaugura centro de excel\u00eancia na Calif\u00f3rnia - Jornal das Oficinas\" \/>\n<meta property=\"og:description\" content=\"A Brembo, l\u00edder global no desenvolvimento...\" \/>\n<meta property=\"og:url\" content=\"https:\/\/jornaldasoficinas.com\/pt\/brembo-inaugura-centro-de-excelencia-na-california\/\" \/>\n<meta property=\"og:site_name\" content=\"Jornal das Oficinas\" \/>\n<meta property=\"article:publisher\" content=\"https:\/\/www.facebook.com\/jornaloficinas\" \/>\n<meta property=\"article:published_time\" content=\"2021-07-22T13:00:48+00:00\" \/>\n<meta property=\"og:image\" content=\"https:\/\/jornaldasoficinas.com\/pt\/wp-content\/uploads\/2021\/07\/Brembo-inaugura.jpg\" \/>\n\t<meta property=\"og:image:width\" content=\"1024\" \/>\n\t<meta property=\"og:image:height\" content=\"581\" \/>\n\t<meta property=\"og:image:type\" content=\"image\/jpeg\" \/>\n<meta name=\"author\" content=\"Reda\u00e7\u00e3o JO\" \/>\n<meta name=\"twitter:card\" content=\"summary_large_image\" \/>\n<meta name=\"twitter:creator\" content=\"@jornaloficinas\" \/>\n<meta name=\"twitter:site\" content=\"@jornaloficinas\" \/>\n<meta name=\"twitter:label1\" content=\"Escrito por\" \/>\n\t<meta name=\"twitter:data1\" content=\"Reda\u00e7\u00e3o JO\" \/>\n\t<meta name=\"twitter:label2\" content=\"Tempo estimado de leitura\" \/>\n\t<meta name=\"twitter:data2\" content=\"2 minutos\" \/>\n<script type=\"application\/ld+json\" class=\"yoast-schema-graph\">{\"@context\":\"https:\\\/\\\/schema.org\",\"@graph\":[{\"@type\":\"Article\",\"@id\":\"https:\\\/\\\/jornaldasoficinas.com\\\/pt\\\/brembo-inaugura-centro-de-excelencia-na-california\\\/#article\",\"isPartOf\":{\"@id\":\"https:\\\/\\\/jornaldasoficinas.com\\\/pt\\\/brembo-inaugura-centro-de-excelencia-na-california\\\/\"},\"author\":{\"name\":\"Reda\u00e7\u00e3o JO\",\"@id\":\"https:\\\/\\\/jornaldasoficinas.com\\\/pt\\\/#\\\/schema\\\/person\\\/a38eef5de2c41d9e7c9ac10141afddf3\"},\"headline\":\"Brembo inaugura centro de excel\u00eancia na Calif\u00f3rnia\",\"datePublished\":\"2021-07-22T13:00:48+00:00\",\"mainEntityOfPage\":{\"@id\":\"https:\\\/\\\/jornaldasoficinas.com\\\/pt\\\/brembo-inaugura-centro-de-excelencia-na-california\\\/\"},\"wordCount\":387,\"publisher\":{\"@id\":\"https:\\\/\\\/jornaldasoficinas.com\\\/pt\\\/#organization\"},\"image\":{\"@id\":\"https:\\\/\\\/jornaldasoficinas.com\\\/pt\\\/brembo-inaugura-centro-de-excelencia-na-california\\\/#primaryimage\"},\"thumbnailUrl\":\"https:\\\/\\\/jornaldasoficinas.com\\\/pt\\\/wp-content\\\/uploads\\\/2021\\\/07\\\/Brembo-inaugura.jpg\",\"keywords\":[\"Brembo\"],\"articleSection\":[\"Empresas\"],\"inLanguage\":\"pt-PT\"},{\"@type\":\"WebPage\",\"@id\":\"https:\\\/\\\/jornaldasoficinas.com\\\/pt\\\/brembo-inaugura-centro-de-excelencia-na-california\\\/\",\"url\":\"https:\\\/\\\/jornaldasoficinas.com\\\/pt\\\/brembo-inaugura-centro-de-excelencia-na-california\\\/\",\"name\":\"Brembo inaugura centro de excel\u00eancia na Calif\u00f3rnia - Jornal das Oficinas\",\"isPartOf\":{\"@id\":\"https:\\\/\\\/jornaldasoficinas.com\\\/pt\\\/#website\"},\"primaryImageOfPage\":{\"@id\":\"https:\\\/\\\/jornaldasoficinas.com\\\/pt\\\/brembo-inaugura-centro-de-excelencia-na-california\\\/#primaryimage\"},\"image\":{\"@id\":\"https:\\\/\\\/jornaldasoficinas.com\\\/pt\\\/brembo-inaugura-centro-de-excelencia-na-california\\\/#primaryimage\"},\"thumbnailUrl\":\"https:\\\/\\\/jornaldasoficinas.com\\\/pt\\\/wp-content\\\/uploads\\\/2021\\\/07\\\/Brembo-inaugura.jpg\",\"datePublished\":\"2021-07-22T13:00:48+00:00\",\"breadcrumb\":{\"@id\":\"https:\\\/\\\/jornaldasoficinas.com\\\/pt\\\/brembo-inaugura-centro-de-excelencia-na-california\\\/#breadcrumb\"},\"inLanguage\":\"pt-PT\",\"potentialAction\":[{\"@type\":\"ReadAction\",\"target\":[\"https:\\\/\\\/jornaldasoficinas.com\\\/pt\\\/brembo-inaugura-centro-de-excelencia-na-california\\\/\"]}]},{\"@type\":\"ImageObject\",\"inLanguage\":\"pt-PT\",\"@id\":\"https:\\\/\\\/jornaldasoficinas.com\\\/pt\\\/brembo-inaugura-centro-de-excelencia-na-california\\\/#primaryimage\",\"url\":\"https:\\\/\\\/jornaldasoficinas.com\\\/pt\\\/wp-content\\\/uploads\\\/2021\\\/07\\\/Brembo-inaugura.jpg\",\"contentUrl\":\"https:\\\/\\\/jornaldasoficinas.com\\\/pt\\\/wp-content\\\/uploads\\\/2021\\\/07\\\/Brembo-inaugura.jpg\",\"width\":1024,\"height\":581,\"caption\":\"07 - Brembo-inaugura\"},{\"@type\":\"BreadcrumbList\",\"@id\":\"https:\\\/\\\/jornaldasoficinas.com\\\/pt\\\/brembo-inaugura-centro-de-excelencia-na-california\\\/#breadcrumb\",\"itemListElement\":[{\"@type\":\"ListItem\",\"position\":1,\"name\":\"In\u00edcio\",\"item\":\"https:\\\/\\\/jornaldasoficinas.com\\\/pt\\\/\"},{\"@type\":\"ListItem\",\"position\":2,\"name\":\"Brembo inaugura centro de excel\u00eancia na Calif\u00f3rnia\"}]},{\"@type\":\"WebSite\",\"@id\":\"https:\\\/\\\/jornaldasoficinas.com\\\/pt\\\/#website\",\"url\":\"https:\\\/\\\/jornaldasoficinas.com\\\/pt\\\/\",\"name\":\"Jornal das Oficinas\",\"description\":\"Jornal independente do Aftermarket Autom\u00f3vel em Portugal\",\"publisher\":{\"@id\":\"https:\\\/\\\/jornaldasoficinas.com\\\/pt\\\/#organization\"},\"potentialAction\":[{\"@type\":\"SearchAction\",\"target\":{\"@type\":\"EntryPoint\",\"urlTemplate\":\"https:\\\/\\\/jornaldasoficinas.com\\\/pt\\\/?s={search_term_string}\"},\"query-input\":{\"@type\":\"PropertyValueSpecification\",\"valueRequired\":true,\"valueName\":\"search_term_string\"}}],\"inLanguage\":\"pt-PT\"},{\"@type\":\"Organization\",\"@id\":\"https:\\\/\\\/jornaldasoficinas.com\\\/pt\\\/#organization\",\"name\":\"Jornal das Oficinas\",\"url\":\"https:\\\/\\\/jornaldasoficinas.com\\\/pt\\\/\",\"logo\":{\"@type\":\"ImageObject\",\"inLanguage\":\"pt-PT\",\"@id\":\"https:\\\/\\\/jornaldasoficinas.com\\\/pt\\\/#\\\/schema\\\/logo\\\/image\\\/\",\"url\":\"https:\\\/\\\/jornaldasoficinas.com\\\/pt\\\/wp-content\\\/uploads\\\/logoJO-SEO.png\",\"contentUrl\":\"https:\\\/\\\/jornaldasoficinas.com\\\/pt\\\/wp-content\\\/uploads\\\/logoJO-SEO.png\",\"width\":285,\"height\":450,\"caption\":\"Jornal das Oficinas\"},\"image\":{\"@id\":\"https:\\\/\\\/jornaldasoficinas.com\\\/pt\\\/#\\\/schema\\\/logo\\\/image\\\/\"},\"sameAs\":[\"https:\\\/\\\/www.facebook.com\\\/jornaloficinas\",\"https:\\\/\\\/x.com\\\/jornaloficinas\",\"https:\\\/\\\/www.instagram.com\\\/jornal_oficinas\\\/\",\"https:\\\/\\\/www.linkedin.com\\\/company\\\/jornal-das-oficinas\\\/\",\"https:\\\/\\\/www.youtube.com\\\/channel\\\/UCbQZBqtcvV-oSQrr7RzINGg\"]},{\"@type\":\"Person\",\"@id\":\"https:\\\/\\\/jornaldasoficinas.com\\\/pt\\\/#\\\/schema\\\/person\\\/a38eef5de2c41d9e7c9ac10141afddf3\",\"name\":\"Reda\u00e7\u00e3o JO\",\"image\":{\"@type\":\"ImageObject\",\"inLanguage\":\"pt-PT\",\"@id\":\"https:\\\/\\\/secure.gravatar.com\\\/avatar\\\/71f2fa71737ad68a84fea94bc708ddac8ea5b0c4788dc2ad202f3ccb2887742f?s=96&d=wp_user_avatar&r=g\",\"url\":\"https:\\\/\\\/secure.gravatar.com\\\/avatar\\\/71f2fa71737ad68a84fea94bc708ddac8ea5b0c4788dc2ad202f3ccb2887742f?s=96&d=wp_user_avatar&r=g\",\"contentUrl\":\"https:\\\/\\\/secure.gravatar.com\\\/avatar\\\/71f2fa71737ad68a84fea94bc708ddac8ea5b0c4788dc2ad202f3ccb2887742f?s=96&d=wp_user_avatar&r=g\",\"caption\":\"Reda\u00e7\u00e3o JO\"},\"url\":\"https:\\\/\\\/jornaldasoficinas.com\\\/pt\\\/author\\\/joredacao\\\/\"}]}<\/script>\n<!-- \/ Yoast SEO plugin. -->","yoast_head_json":{"title":"Brembo inaugura centro de excel\u00eancia na Calif\u00f3rnia - Jornal das Oficinas","robots":{"index":"index","follow":"follow","max-snippet":"max-snippet:-1","max-image-preview":"max-image-preview:large","max-video-preview":"max-video-preview:-1"},"canonical":"https:\/\/jornaldasoficinas.com\/pt\/brembo-inaugura-centro-de-excelencia-na-california\/","og_locale":"pt_PT","og_type":"article","og_title":"Brembo inaugura centro de excel\u00eancia na Calif\u00f3rnia - Jornal das Oficinas","og_description":"A Brembo, l\u00edder global no desenvolvimento...","og_url":"https:\/\/jornaldasoficinas.com\/pt\/brembo-inaugura-centro-de-excelencia-na-california\/","og_site_name":"Jornal das Oficinas","article_publisher":"https:\/\/www.facebook.com\/jornaloficinas","article_published_time":"2021-07-22T13:00:48+00:00","og_image":[{"width":1024,"height":581,"url":"https:\/\/jornaldasoficinas.com\/pt\/wp-content\/uploads\/2021\/07\/Brembo-inaugura.jpg","type":"image\/jpeg"}],"author":"Reda\u00e7\u00e3o JO","twitter_card":"summary_large_image","twitter_creator":"@jornaloficinas","twitter_site":"@jornaloficinas","twitter_misc":{"Escrito por":"Reda\u00e7\u00e3o JO","Tempo estimado de leitura":"2 minutos"},"schema":{"@context":"https:\/\/schema.org","@graph":[{"@type":"Article","@id":"https:\/\/jornaldasoficinas.com\/pt\/brembo-inaugura-centro-de-excelencia-na-california\/#article","isPartOf":{"@id":"https:\/\/jornaldasoficinas.com\/pt\/brembo-inaugura-centro-de-excelencia-na-california\/"},"author":{"name":"Reda\u00e7\u00e3o JO","@id":"https:\/\/jornaldasoficinas.com\/pt\/#\/schema\/person\/a38eef5de2c41d9e7c9ac10141afddf3"},"headline":"Brembo inaugura centro de excel\u00eancia na Calif\u00f3rnia","datePublished":"2021-07-22T13:00:48+00:00","mainEntityOfPage":{"@id":"https:\/\/jornaldasoficinas.com\/pt\/brembo-inaugura-centro-de-excelencia-na-california\/"},"wordCount":387,"publisher":{"@id":"https:\/\/jornaldasoficinas.com\/pt\/#organization"},"image":{"@id":"https:\/\/jornaldasoficinas.com\/pt\/brembo-inaugura-centro-de-excelencia-na-california\/#primaryimage"},"thumbnailUrl":"https:\/\/jornaldasoficinas.com\/pt\/wp-content\/uploads\/2021\/07\/Brembo-inaugura.jpg","keywords":["Brembo"],"articleSection":["Empresas"],"inLanguage":"pt-PT"},{"@type":"WebPage","@id":"https:\/\/jornaldasoficinas.com\/pt\/brembo-inaugura-centro-de-excelencia-na-california\/","url":"https:\/\/jornaldasoficinas.com\/pt\/brembo-inaugura-centro-de-excelencia-na-california\/","name":"Brembo inaugura centro de excel\u00eancia na Calif\u00f3rnia - Jornal das Oficinas","isPartOf":{"@id":"https:\/\/jornaldasoficinas.com\/pt\/#website"},"primaryImageOfPage":{"@id":"https:\/\/jornaldasoficinas.com\/pt\/brembo-inaugura-centro-de-excelencia-na-california\/#primaryimage"},"image":{"@id":"https:\/\/jornaldasoficinas.com\/pt\/brembo-inaugura-centro-de-excelencia-na-california\/#primaryimage"},"thumbnailUrl":"https:\/\/jornaldasoficinas.com\/pt\/wp-content\/uploads\/2021\/07\/Brembo-inaugura.jpg","datePublished":"2021-07-22T13:00:48+00:00","breadcrumb":{"@id":"https:\/\/jornaldasoficinas.com\/pt\/brembo-inaugura-centro-de-excelencia-na-california\/#breadcrumb"},"inLanguage":"pt-PT","potentialAction":[{"@type":"ReadAction","target":["https:\/\/jornaldasoficinas.com\/pt\/brembo-inaugura-centro-de-excelencia-na-california\/"]}]},{"@type":"ImageObject","inLanguage":"pt-PT","@id":"https:\/\/jornaldasoficinas.com\/pt\/brembo-inaugura-centro-de-excelencia-na-california\/#primaryimage","url":"https:\/\/jornaldasoficinas.com\/pt\/wp-content\/uploads\/2021\/07\/Brembo-inaugura.jpg","contentUrl":"https:\/\/jornaldasoficinas.com\/pt\/wp-content\/uploads\/2021\/07\/Brembo-inaugura.jpg","width":1024,"height":581,"caption":"07 - Brembo-inaugura"},{"@type":"BreadcrumbList","@id":"https:\/\/jornaldasoficinas.com\/pt\/brembo-inaugura-centro-de-excelencia-na-california\/#breadcrumb","itemListElement":[{"@type":"ListItem","position":1,"name":"In\u00edcio","item":"https:\/\/jornaldasoficinas.com\/pt\/"},{"@type":"ListItem","position":2,"name":"Brembo inaugura centro de excel\u00eancia na Calif\u00f3rnia"}]},{"@type":"WebSite","@id":"https:\/\/jornaldasoficinas.com\/pt\/#website","url":"https:\/\/jornaldasoficinas.com\/pt\/","name":"Jornal das Oficinas","description":"Jornal independente do Aftermarket Autom\u00f3vel em Portugal","publisher":{"@id":"https:\/\/jornaldasoficinas.com\/pt\/#organization"},"potentialAction":[{"@type":"SearchAction","target":{"@type":"EntryPoint","urlTemplate":"https:\/\/jornaldasoficinas.com\/pt\/?s={search_term_string}"},"query-input":{"@type":"PropertyValueSpecification","valueRequired":true,"valueName":"search_term_string"}}],"inLanguage":"pt-PT"},{"@type":"Organization","@id":"https:\/\/jornaldasoficinas.com\/pt\/#organization","name":"Jornal das Oficinas","url":"https:\/\/jornaldasoficinas.com\/pt\/","logo":{"@type":"ImageObject","inLanguage":"pt-PT","@id":"https:\/\/jornaldasoficinas.com\/pt\/#\/schema\/logo\/image\/","url":"https:\/\/jornaldasoficinas.com\/pt\/wp-content\/uploads\/logoJO-SEO.png","contentUrl":"https:\/\/jornaldasoficinas.com\/pt\/wp-content\/uploads\/logoJO-SEO.png","width":285,"height":450,"caption":"Jornal das Oficinas"},"image":{"@id":"https:\/\/jornaldasoficinas.com\/pt\/#\/schema\/logo\/image\/"},"sameAs":["https:\/\/www.facebook.com\/jornaloficinas","https:\/\/x.com\/jornaloficinas","https:\/\/www.instagram.com\/jornal_oficinas\/","https:\/\/www.linkedin.com\/company\/jornal-das-oficinas\/","https:\/\/www.youtube.com\/channel\/UCbQZBqtcvV-oSQrr7RzINGg"]},{"@type":"Person","@id":"https:\/\/jornaldasoficinas.com\/pt\/#\/schema\/person\/a38eef5de2c41d9e7c9ac10141afddf3","name":"Reda\u00e7\u00e3o JO","image":{"@type":"ImageObject","inLanguage":"pt-PT","@id":"https:\/\/secure.gravatar.com\/avatar\/71f2fa71737ad68a84fea94bc708ddac8ea5b0c4788dc2ad202f3ccb2887742f?s=96&d=wp_user_avatar&r=g","url":"https:\/\/secure.gravatar.com\/avatar\/71f2fa71737ad68a84fea94bc708ddac8ea5b0c4788dc2ad202f3ccb2887742f?s=96&d=wp_user_avatar&r=g","contentUrl":"https:\/\/secure.gravatar.com\/avatar\/71f2fa71737ad68a84fea94bc708ddac8ea5b0c4788dc2ad202f3ccb2887742f?s=96&d=wp_user_avatar&r=g","caption":"Reda\u00e7\u00e3o JO"},"url":"https:\/\/jornaldasoficinas.com\/pt\/author\/joredacao\/"}]}},"_links":{"self":[{"href":"https:\/\/jornaldasoficinas.com\/pt\/wp-json\/wp\/v2\/posts\/22829","targetHints":{"allow":["GET"]}}],"collection":[{"href":"https:\/\/jornaldasoficinas.com\/pt\/wp-json\/wp\/v2\/posts"}],"about":[{"href":"https:\/\/jornaldasoficinas.com\/pt\/wp-json\/wp\/v2\/types\/post"}],"author":[{"embeddable":true,"href":"https:\/\/jornaldasoficinas.com\/pt\/wp-json\/wp\/v2\/users\/15"}],"replies":[{"embeddable":true,"href":"https:\/\/jornaldasoficinas.com\/pt\/wp-json\/wp\/v2\/comments?post=22829"}],"version-history":[{"count":0,"href":"https:\/\/jornaldasoficinas.com\/pt\/wp-json\/wp\/v2\/posts\/22829\/revisions"}],"wp:featuredmedia":[{"embeddable":true,"href":"https:\/\/jornaldasoficinas.com\/pt\/wp-json\/wp\/v2\/media\/22792"}],"wp:attachment":[{"href":"https:\/\/jornaldasoficinas.com\/pt\/wp-json\/wp\/v2\/media?parent=22829"}],"wp:term":[{"taxonomy":"category","embeddable":true,"href":"https:\/\/jornaldasoficinas.com\/pt\/wp-json\/wp\/v2\/categories?post=22829"},{"taxonomy":"post_tag","embeddable":true,"href":"https:\/\/jornaldasoficinas.com\/pt\/wp-json\/wp\/v2\/tags?post=22829"}],"curies":[{"name":"wp","href":"https:\/\/api.w.org\/{rel}","templated":true}]}}