{"id":22864,"date":"2021-07-24T10:00:45","date_gmt":"2021-07-24T09:00:45","guid":{"rendered":"https:\/\/jornaldasoficinas.com\/pt\/?p=22864"},"modified":"2021-07-23T09:19:08","modified_gmt":"2021-07-23T08:19:08","slug":"swag-lanca-primeiro-passatempo-na-pagina-facebook","status":"publish","type":"post","link":"https:\/\/jornaldasoficinas.com\/pt\/swag-lanca-primeiro-passatempo-na-pagina-facebook\/","title":{"rendered":"SWAG lan\u00e7a primeiro passatempo na p\u00e1gina Facebook"},"content":{"rendered":"<p><strong><img loading=\"lazy\" decoding=\"async\" class=\"alignnone size-full wp-image-22849\" src=\"https:\/\/jornaldasoficinas.com\/pt\/wp-content\/uploads\/2021\/07\/SWAG-lanca-primeiro.png\" alt=\"07 - SWAG-lanca-primeiro\" width=\"1024\" height=\"581\" srcset=\"https:\/\/jornaldasoficinas.com\/pt\/wp-content\/uploads\/2021\/07\/SWAG-lanca-primeiro.png 1024w, https:\/\/jornaldasoficinas.com\/pt\/wp-content\/uploads\/2021\/07\/SWAG-lanca-primeiro-300x170.png 300w, https:\/\/jornaldasoficinas.com\/pt\/wp-content\/uploads\/2021\/07\/SWAG-lanca-primeiro-150x85.png 150w, https:\/\/jornaldasoficinas.com\/pt\/wp-content\/uploads\/2021\/07\/SWAG-lanca-primeiro-768x436.png 768w\" sizes=\"auto, (max-width: 1024px) 100vw, 1024px\" \/><\/strong><\/p>\n<p><strong>Foi no passado m\u00eas de mar\u00e7o que a SWAG arrancou em for\u00e7a com a primeira p\u00e1gina de Facebook 100% em portugu\u00eas. Tal como mencionado no momento do lan\u00e7amento, a p\u00e1gina SWAG ia tornar-se num importante motor de refor\u00e7o da estrat\u00e9gia do bilstein group em terreno digital<\/strong><\/p>\n<p>At\u00e9 agora, n\u00e3o s\u00f3 esta, como as restantes p\u00e1ginas das marcas do grupo, t\u00eam-se revelado uma aposta ganha e uma forma de aproxima\u00e7\u00e3o ao mercado.<\/p>\n<p>Precisamente para que essa aproxima\u00e7\u00e3o se torne, todos os dias, mais estreita, foi decidido dar um passo no mundo dos passatempos do Facebook tendo sido lan\u00e7ado no dia 19 de julho, o primeiro passatempo em solo digital.<\/p>\n<p>A introdu\u00e7\u00e3o de passatempos em p\u00e1ginas de Facebook \u00e9 uma das iniciativas que gera mais envolvimento com a comunidade, introduzindo algum dinamismo nas redes sociais.<\/p>\n<p>A mec\u00e2nica do passatempo est\u00e1 entregue \u00e0 sorte de cada um dos participantes e, com esta iniciativa, a marca pretende n\u00e3o s\u00f3 premiar de alguma forma os seus seguidores, mas tamb\u00e9m envolver a comunidade com a marca SWAG.<\/p>\n<p>O passatempo est\u00e1 aberto a todos e a forma de participa\u00e7\u00e3o \u00e9 muito f\u00e1cil. Foi lan\u00e7ado um desafio matem\u00e1tico que envolve a gama de Kits de Corrente de Distribui\u00e7\u00e3o da marca, grupo de produtos que est\u00e1 em destaque este m\u00eas na p\u00e1gina. Para participar, \u00e9 apenas pedido que os participantes introduzam a sua resposta na caixa de coment\u00e1rios.<\/p>\n<p>No final do passatempo, que acontece no fim do m\u00eas de julho, ser\u00e3o sorteados aleatoriamente, dentro das respostas corretas e v\u00e1lidas, 3 coment\u00e1rios que ser\u00e3o presenteados com um Pack de Brindes da marca SWAG.<\/p>\n<p>Com o lan\u00e7amento desta iniciativa a marca espera aumentar a liga\u00e7\u00e3o da sua comunidade virtual \u00a0de forma a conseguir manter a proximidade com o mercado e incrementar, sempre que poss\u00edvel, o dinamismo da marca SWAG.<\/p>\n<p>Pode ver o Pack de Brindes do passatempo <a href=\"https:\/\/mailchi.mp\/06ac9cc55a0f\/wv8wxn7z4n\" target=\"_blank\" rel=\"noopener\"><strong>aqui<\/strong><\/a><\/p>\n<p>O regulamento do passatempo pode ser consultado <a href=\"https:\/\/mailchi.mp\/586ae800dc98\/regulamento-passatempo-facebook-swag\" target=\"_blank\" rel=\"noopener\"><strong>aqui<\/strong><\/a><\/p>\n","protected":false},"excerpt":{"rendered":"<p>Foi no passado m\u00eas de mar\u00e7o&#8230;<\/p>\n","protected":false},"author":15,"featured_media":22849,"comment_status":"closed","ping_status":"closed","sticky":false,"template":"","format":"standard","meta":{"footnotes":""},"categories":[29],"tags":[913],"class_list":["post-22864","post","type-post","status-publish","format-standard","has-post-thumbnail","hentry","category-empresas","tag-swag"],"yoast_head":"<!-- This site is optimized with the Yoast SEO plugin v27.4 - https:\/\/yoast.com\/product\/yoast-seo-wordpress\/ -->\n<title>SWAG lan\u00e7a primeiro passatempo na p\u00e1gina Facebook - Jornal das Oficinas<\/title>\n<meta name=\"robots\" content=\"index, follow, max-snippet:-1, max-image-preview:large, max-video-preview:-1\" \/>\n<link rel=\"canonical\" href=\"https:\/\/jornaldasoficinas.com\/pt\/swag-lanca-primeiro-passatempo-na-pagina-facebook\/\" \/>\n<meta property=\"og:locale\" content=\"pt_PT\" \/>\n<meta property=\"og:type\" content=\"article\" \/>\n<meta property=\"og:title\" content=\"SWAG lan\u00e7a primeiro passatempo na p\u00e1gina Facebook - Jornal das Oficinas\" \/>\n<meta property=\"og:description\" content=\"Foi no passado m\u00eas de mar\u00e7o...\" \/>\n<meta property=\"og:url\" content=\"https:\/\/jornaldasoficinas.com\/pt\/swag-lanca-primeiro-passatempo-na-pagina-facebook\/\" \/>\n<meta property=\"og:site_name\" content=\"Jornal das Oficinas\" \/>\n<meta property=\"article:publisher\" content=\"https:\/\/www.facebook.com\/jornaloficinas\" \/>\n<meta property=\"article:published_time\" content=\"2021-07-24T09:00:45+00:00\" \/>\n<meta property=\"og:image\" content=\"https:\/\/jornaldasoficinas.com\/pt\/wp-content\/uploads\/2021\/07\/SWAG-lanca-primeiro.png\" \/>\n\t<meta property=\"og:image:width\" content=\"1024\" \/>\n\t<meta property=\"og:image:height\" content=\"581\" \/>\n\t<meta property=\"og:image:type\" content=\"image\/png\" \/>\n<meta name=\"author\" content=\"Reda\u00e7\u00e3o JO\" \/>\n<meta name=\"twitter:card\" content=\"summary_large_image\" \/>\n<meta name=\"twitter:creator\" content=\"@jornaloficinas\" \/>\n<meta name=\"twitter:site\" content=\"@jornaloficinas\" \/>\n<meta name=\"twitter:label1\" content=\"Escrito por\" \/>\n\t<meta name=\"twitter:data1\" content=\"Reda\u00e7\u00e3o JO\" \/>\n\t<meta name=\"twitter:label2\" content=\"Tempo estimado de leitura\" \/>\n\t<meta name=\"twitter:data2\" content=\"2 minutos\" \/>\n<script type=\"application\/ld+json\" class=\"yoast-schema-graph\">{\"@context\":\"https:\\\/\\\/schema.org\",\"@graph\":[{\"@type\":\"Article\",\"@id\":\"https:\\\/\\\/jornaldasoficinas.com\\\/pt\\\/swag-lanca-primeiro-passatempo-na-pagina-facebook\\\/#article\",\"isPartOf\":{\"@id\":\"https:\\\/\\\/jornaldasoficinas.com\\\/pt\\\/swag-lanca-primeiro-passatempo-na-pagina-facebook\\\/\"},\"author\":{\"name\":\"Reda\u00e7\u00e3o JO\",\"@id\":\"https:\\\/\\\/jornaldasoficinas.com\\\/pt\\\/#\\\/schema\\\/person\\\/a38eef5de2c41d9e7c9ac10141afddf3\"},\"headline\":\"SWAG lan\u00e7a primeiro passatempo na p\u00e1gina Facebook\",\"datePublished\":\"2021-07-24T09:00:45+00:00\",\"mainEntityOfPage\":{\"@id\":\"https:\\\/\\\/jornaldasoficinas.com\\\/pt\\\/swag-lanca-primeiro-passatempo-na-pagina-facebook\\\/\"},\"wordCount\":353,\"publisher\":{\"@id\":\"https:\\\/\\\/jornaldasoficinas.com\\\/pt\\\/#organization\"},\"image\":{\"@id\":\"https:\\\/\\\/jornaldasoficinas.com\\\/pt\\\/swag-lanca-primeiro-passatempo-na-pagina-facebook\\\/#primaryimage\"},\"thumbnailUrl\":\"https:\\\/\\\/jornaldasoficinas.com\\\/pt\\\/wp-content\\\/uploads\\\/2021\\\/07\\\/SWAG-lanca-primeiro.png\",\"keywords\":[\"SWAG\"],\"articleSection\":[\"Empresas\"],\"inLanguage\":\"pt-PT\"},{\"@type\":\"WebPage\",\"@id\":\"https:\\\/\\\/jornaldasoficinas.com\\\/pt\\\/swag-lanca-primeiro-passatempo-na-pagina-facebook\\\/\",\"url\":\"https:\\\/\\\/jornaldasoficinas.com\\\/pt\\\/swag-lanca-primeiro-passatempo-na-pagina-facebook\\\/\",\"name\":\"SWAG lan\u00e7a primeiro passatempo na p\u00e1gina Facebook - Jornal das Oficinas\",\"isPartOf\":{\"@id\":\"https:\\\/\\\/jornaldasoficinas.com\\\/pt\\\/#website\"},\"primaryImageOfPage\":{\"@id\":\"https:\\\/\\\/jornaldasoficinas.com\\\/pt\\\/swag-lanca-primeiro-passatempo-na-pagina-facebook\\\/#primaryimage\"},\"image\":{\"@id\":\"https:\\\/\\\/jornaldasoficinas.com\\\/pt\\\/swag-lanca-primeiro-passatempo-na-pagina-facebook\\\/#primaryimage\"},\"thumbnailUrl\":\"https:\\\/\\\/jornaldasoficinas.com\\\/pt\\\/wp-content\\\/uploads\\\/2021\\\/07\\\/SWAG-lanca-primeiro.png\",\"datePublished\":\"2021-07-24T09:00:45+00:00\",\"breadcrumb\":{\"@id\":\"https:\\\/\\\/jornaldasoficinas.com\\\/pt\\\/swag-lanca-primeiro-passatempo-na-pagina-facebook\\\/#breadcrumb\"},\"inLanguage\":\"pt-PT\",\"potentialAction\":[{\"@type\":\"ReadAction\",\"target\":[\"https:\\\/\\\/jornaldasoficinas.com\\\/pt\\\/swag-lanca-primeiro-passatempo-na-pagina-facebook\\\/\"]}]},{\"@type\":\"ImageObject\",\"inLanguage\":\"pt-PT\",\"@id\":\"https:\\\/\\\/jornaldasoficinas.com\\\/pt\\\/swag-lanca-primeiro-passatempo-na-pagina-facebook\\\/#primaryimage\",\"url\":\"https:\\\/\\\/jornaldasoficinas.com\\\/pt\\\/wp-content\\\/uploads\\\/2021\\\/07\\\/SWAG-lanca-primeiro.png\",\"contentUrl\":\"https:\\\/\\\/jornaldasoficinas.com\\\/pt\\\/wp-content\\\/uploads\\\/2021\\\/07\\\/SWAG-lanca-primeiro.png\",\"width\":1024,\"height\":581,\"caption\":\"07 - SWAG-lanca-primeiro\"},{\"@type\":\"BreadcrumbList\",\"@id\":\"https:\\\/\\\/jornaldasoficinas.com\\\/pt\\\/swag-lanca-primeiro-passatempo-na-pagina-facebook\\\/#breadcrumb\",\"itemListElement\":[{\"@type\":\"ListItem\",\"position\":1,\"name\":\"In\u00edcio\",\"item\":\"https:\\\/\\\/jornaldasoficinas.com\\\/pt\\\/\"},{\"@type\":\"ListItem\",\"position\":2,\"name\":\"SWAG lan\u00e7a primeiro passatempo na p\u00e1gina Facebook\"}]},{\"@type\":\"WebSite\",\"@id\":\"https:\\\/\\\/jornaldasoficinas.com\\\/pt\\\/#website\",\"url\":\"https:\\\/\\\/jornaldasoficinas.com\\\/pt\\\/\",\"name\":\"Jornal das Oficinas\",\"description\":\"Jornal independente do Aftermarket Autom\u00f3vel em Portugal\",\"publisher\":{\"@id\":\"https:\\\/\\\/jornaldasoficinas.com\\\/pt\\\/#organization\"},\"potentialAction\":[{\"@type\":\"SearchAction\",\"target\":{\"@type\":\"EntryPoint\",\"urlTemplate\":\"https:\\\/\\\/jornaldasoficinas.com\\\/pt\\\/?s={search_term_string}\"},\"query-input\":{\"@type\":\"PropertyValueSpecification\",\"valueRequired\":true,\"valueName\":\"search_term_string\"}}],\"inLanguage\":\"pt-PT\"},{\"@type\":\"Organization\",\"@id\":\"https:\\\/\\\/jornaldasoficinas.com\\\/pt\\\/#organization\",\"name\":\"Jornal das Oficinas\",\"url\":\"https:\\\/\\\/jornaldasoficinas.com\\\/pt\\\/\",\"logo\":{\"@type\":\"ImageObject\",\"inLanguage\":\"pt-PT\",\"@id\":\"https:\\\/\\\/jornaldasoficinas.com\\\/pt\\\/#\\\/schema\\\/logo\\\/image\\\/\",\"url\":\"https:\\\/\\\/jornaldasoficinas.com\\\/pt\\\/wp-content\\\/uploads\\\/logoJO-SEO.png\",\"contentUrl\":\"https:\\\/\\\/jornaldasoficinas.com\\\/pt\\\/wp-content\\\/uploads\\\/logoJO-SEO.png\",\"width\":285,\"height\":450,\"caption\":\"Jornal das Oficinas\"},\"image\":{\"@id\":\"https:\\\/\\\/jornaldasoficinas.com\\\/pt\\\/#\\\/schema\\\/logo\\\/image\\\/\"},\"sameAs\":[\"https:\\\/\\\/www.facebook.com\\\/jornaloficinas\",\"https:\\\/\\\/x.com\\\/jornaloficinas\",\"https:\\\/\\\/www.instagram.com\\\/jornal_oficinas\\\/\",\"https:\\\/\\\/www.linkedin.com\\\/company\\\/jornal-das-oficinas\\\/\",\"https:\\\/\\\/www.youtube.com\\\/channel\\\/UCbQZBqtcvV-oSQrr7RzINGg\"]},{\"@type\":\"Person\",\"@id\":\"https:\\\/\\\/jornaldasoficinas.com\\\/pt\\\/#\\\/schema\\\/person\\\/a38eef5de2c41d9e7c9ac10141afddf3\",\"name\":\"Reda\u00e7\u00e3o JO\",\"image\":{\"@type\":\"ImageObject\",\"inLanguage\":\"pt-PT\",\"@id\":\"https:\\\/\\\/secure.gravatar.com\\\/avatar\\\/71f2fa71737ad68a84fea94bc708ddac8ea5b0c4788dc2ad202f3ccb2887742f?s=96&d=wp_user_avatar&r=g\",\"url\":\"https:\\\/\\\/secure.gravatar.com\\\/avatar\\\/71f2fa71737ad68a84fea94bc708ddac8ea5b0c4788dc2ad202f3ccb2887742f?s=96&d=wp_user_avatar&r=g\",\"contentUrl\":\"https:\\\/\\\/secure.gravatar.com\\\/avatar\\\/71f2fa71737ad68a84fea94bc708ddac8ea5b0c4788dc2ad202f3ccb2887742f?s=96&d=wp_user_avatar&r=g\",\"caption\":\"Reda\u00e7\u00e3o JO\"},\"url\":\"https:\\\/\\\/jornaldasoficinas.com\\\/pt\\\/author\\\/joredacao\\\/\"}]}<\/script>\n<!-- \/ Yoast SEO plugin. -->","yoast_head_json":{"title":"SWAG lan\u00e7a primeiro passatempo na p\u00e1gina Facebook - Jornal das Oficinas","robots":{"index":"index","follow":"follow","max-snippet":"max-snippet:-1","max-image-preview":"max-image-preview:large","max-video-preview":"max-video-preview:-1"},"canonical":"https:\/\/jornaldasoficinas.com\/pt\/swag-lanca-primeiro-passatempo-na-pagina-facebook\/","og_locale":"pt_PT","og_type":"article","og_title":"SWAG lan\u00e7a primeiro passatempo na p\u00e1gina Facebook - Jornal das Oficinas","og_description":"Foi no passado m\u00eas de mar\u00e7o...","og_url":"https:\/\/jornaldasoficinas.com\/pt\/swag-lanca-primeiro-passatempo-na-pagina-facebook\/","og_site_name":"Jornal das Oficinas","article_publisher":"https:\/\/www.facebook.com\/jornaloficinas","article_published_time":"2021-07-24T09:00:45+00:00","og_image":[{"width":1024,"height":581,"url":"https:\/\/jornaldasoficinas.com\/pt\/wp-content\/uploads\/2021\/07\/SWAG-lanca-primeiro.png","type":"image\/png"}],"author":"Reda\u00e7\u00e3o JO","twitter_card":"summary_large_image","twitter_creator":"@jornaloficinas","twitter_site":"@jornaloficinas","twitter_misc":{"Escrito por":"Reda\u00e7\u00e3o JO","Tempo estimado de leitura":"2 minutos"},"schema":{"@context":"https:\/\/schema.org","@graph":[{"@type":"Article","@id":"https:\/\/jornaldasoficinas.com\/pt\/swag-lanca-primeiro-passatempo-na-pagina-facebook\/#article","isPartOf":{"@id":"https:\/\/jornaldasoficinas.com\/pt\/swag-lanca-primeiro-passatempo-na-pagina-facebook\/"},"author":{"name":"Reda\u00e7\u00e3o JO","@id":"https:\/\/jornaldasoficinas.com\/pt\/#\/schema\/person\/a38eef5de2c41d9e7c9ac10141afddf3"},"headline":"SWAG lan\u00e7a primeiro passatempo na p\u00e1gina Facebook","datePublished":"2021-07-24T09:00:45+00:00","mainEntityOfPage":{"@id":"https:\/\/jornaldasoficinas.com\/pt\/swag-lanca-primeiro-passatempo-na-pagina-facebook\/"},"wordCount":353,"publisher":{"@id":"https:\/\/jornaldasoficinas.com\/pt\/#organization"},"image":{"@id":"https:\/\/jornaldasoficinas.com\/pt\/swag-lanca-primeiro-passatempo-na-pagina-facebook\/#primaryimage"},"thumbnailUrl":"https:\/\/jornaldasoficinas.com\/pt\/wp-content\/uploads\/2021\/07\/SWAG-lanca-primeiro.png","keywords":["SWAG"],"articleSection":["Empresas"],"inLanguage":"pt-PT"},{"@type":"WebPage","@id":"https:\/\/jornaldasoficinas.com\/pt\/swag-lanca-primeiro-passatempo-na-pagina-facebook\/","url":"https:\/\/jornaldasoficinas.com\/pt\/swag-lanca-primeiro-passatempo-na-pagina-facebook\/","name":"SWAG lan\u00e7a primeiro passatempo na p\u00e1gina Facebook - Jornal das Oficinas","isPartOf":{"@id":"https:\/\/jornaldasoficinas.com\/pt\/#website"},"primaryImageOfPage":{"@id":"https:\/\/jornaldasoficinas.com\/pt\/swag-lanca-primeiro-passatempo-na-pagina-facebook\/#primaryimage"},"image":{"@id":"https:\/\/jornaldasoficinas.com\/pt\/swag-lanca-primeiro-passatempo-na-pagina-facebook\/#primaryimage"},"thumbnailUrl":"https:\/\/jornaldasoficinas.com\/pt\/wp-content\/uploads\/2021\/07\/SWAG-lanca-primeiro.png","datePublished":"2021-07-24T09:00:45+00:00","breadcrumb":{"@id":"https:\/\/jornaldasoficinas.com\/pt\/swag-lanca-primeiro-passatempo-na-pagina-facebook\/#breadcrumb"},"inLanguage":"pt-PT","potentialAction":[{"@type":"ReadAction","target":["https:\/\/jornaldasoficinas.com\/pt\/swag-lanca-primeiro-passatempo-na-pagina-facebook\/"]}]},{"@type":"ImageObject","inLanguage":"pt-PT","@id":"https:\/\/jornaldasoficinas.com\/pt\/swag-lanca-primeiro-passatempo-na-pagina-facebook\/#primaryimage","url":"https:\/\/jornaldasoficinas.com\/pt\/wp-content\/uploads\/2021\/07\/SWAG-lanca-primeiro.png","contentUrl":"https:\/\/jornaldasoficinas.com\/pt\/wp-content\/uploads\/2021\/07\/SWAG-lanca-primeiro.png","width":1024,"height":581,"caption":"07 - SWAG-lanca-primeiro"},{"@type":"BreadcrumbList","@id":"https:\/\/jornaldasoficinas.com\/pt\/swag-lanca-primeiro-passatempo-na-pagina-facebook\/#breadcrumb","itemListElement":[{"@type":"ListItem","position":1,"name":"In\u00edcio","item":"https:\/\/jornaldasoficinas.com\/pt\/"},{"@type":"ListItem","position":2,"name":"SWAG lan\u00e7a primeiro passatempo na p\u00e1gina Facebook"}]},{"@type":"WebSite","@id":"https:\/\/jornaldasoficinas.com\/pt\/#website","url":"https:\/\/jornaldasoficinas.com\/pt\/","name":"Jornal das Oficinas","description":"Jornal independente do Aftermarket Autom\u00f3vel em Portugal","publisher":{"@id":"https:\/\/jornaldasoficinas.com\/pt\/#organization"},"potentialAction":[{"@type":"SearchAction","target":{"@type":"EntryPoint","urlTemplate":"https:\/\/jornaldasoficinas.com\/pt\/?s={search_term_string}"},"query-input":{"@type":"PropertyValueSpecification","valueRequired":true,"valueName":"search_term_string"}}],"inLanguage":"pt-PT"},{"@type":"Organization","@id":"https:\/\/jornaldasoficinas.com\/pt\/#organization","name":"Jornal das Oficinas","url":"https:\/\/jornaldasoficinas.com\/pt\/","logo":{"@type":"ImageObject","inLanguage":"pt-PT","@id":"https:\/\/jornaldasoficinas.com\/pt\/#\/schema\/logo\/image\/","url":"https:\/\/jornaldasoficinas.com\/pt\/wp-content\/uploads\/logoJO-SEO.png","contentUrl":"https:\/\/jornaldasoficinas.com\/pt\/wp-content\/uploads\/logoJO-SEO.png","width":285,"height":450,"caption":"Jornal das Oficinas"},"image":{"@id":"https:\/\/jornaldasoficinas.com\/pt\/#\/schema\/logo\/image\/"},"sameAs":["https:\/\/www.facebook.com\/jornaloficinas","https:\/\/x.com\/jornaloficinas","https:\/\/www.instagram.com\/jornal_oficinas\/","https:\/\/www.linkedin.com\/company\/jornal-das-oficinas\/","https:\/\/www.youtube.com\/channel\/UCbQZBqtcvV-oSQrr7RzINGg"]},{"@type":"Person","@id":"https:\/\/jornaldasoficinas.com\/pt\/#\/schema\/person\/a38eef5de2c41d9e7c9ac10141afddf3","name":"Reda\u00e7\u00e3o JO","image":{"@type":"ImageObject","inLanguage":"pt-PT","@id":"https:\/\/secure.gravatar.com\/avatar\/71f2fa71737ad68a84fea94bc708ddac8ea5b0c4788dc2ad202f3ccb2887742f?s=96&d=wp_user_avatar&r=g","url":"https:\/\/secure.gravatar.com\/avatar\/71f2fa71737ad68a84fea94bc708ddac8ea5b0c4788dc2ad202f3ccb2887742f?s=96&d=wp_user_avatar&r=g","contentUrl":"https:\/\/secure.gravatar.com\/avatar\/71f2fa71737ad68a84fea94bc708ddac8ea5b0c4788dc2ad202f3ccb2887742f?s=96&d=wp_user_avatar&r=g","caption":"Reda\u00e7\u00e3o JO"},"url":"https:\/\/jornaldasoficinas.com\/pt\/author\/joredacao\/"}]}},"_links":{"self":[{"href":"https:\/\/jornaldasoficinas.com\/pt\/wp-json\/wp\/v2\/posts\/22864","targetHints":{"allow":["GET"]}}],"collection":[{"href":"https:\/\/jornaldasoficinas.com\/pt\/wp-json\/wp\/v2\/posts"}],"about":[{"href":"https:\/\/jornaldasoficinas.com\/pt\/wp-json\/wp\/v2\/types\/post"}],"author":[{"embeddable":true,"href":"https:\/\/jornaldasoficinas.com\/pt\/wp-json\/wp\/v2\/users\/15"}],"replies":[{"embeddable":true,"href":"https:\/\/jornaldasoficinas.com\/pt\/wp-json\/wp\/v2\/comments?post=22864"}],"version-history":[{"count":0,"href":"https:\/\/jornaldasoficinas.com\/pt\/wp-json\/wp\/v2\/posts\/22864\/revisions"}],"wp:featuredmedia":[{"embeddable":true,"href":"https:\/\/jornaldasoficinas.com\/pt\/wp-json\/wp\/v2\/media\/22849"}],"wp:attachment":[{"href":"https:\/\/jornaldasoficinas.com\/pt\/wp-json\/wp\/v2\/media?parent=22864"}],"wp:term":[{"taxonomy":"category","embeddable":true,"href":"https:\/\/jornaldasoficinas.com\/pt\/wp-json\/wp\/v2\/categories?post=22864"},{"taxonomy":"post_tag","embeddable":true,"href":"https:\/\/jornaldasoficinas.com\/pt\/wp-json\/wp\/v2\/tags?post=22864"}],"curies":[{"name":"wp","href":"https:\/\/api.w.org\/{rel}","templated":true}]}}