{"id":22866,"date":"2021-07-23T16:00:47","date_gmt":"2021-07-23T15:00:47","guid":{"rendered":"https:\/\/jornaldasoficinas.com\/pt\/?p=22866"},"modified":"2021-07-23T09:21:47","modified_gmt":"2021-07-23T08:21:47","slug":"stet-e-finanzauto-assinam-acordo-de-representacao","status":"publish","type":"post","link":"https:\/\/jornaldasoficinas.com\/pt\/stet-e-finanzauto-assinam-acordo-de-representacao\/","title":{"rendered":"STET e Finanzauto assinam acordo de representa\u00e7\u00e3o"},"content":{"rendered":"<p><strong><img loading=\"lazy\" decoding=\"async\" class=\"alignnone size-full wp-image-22845\" src=\"https:\/\/jornaldasoficinas.com\/pt\/wp-content\/uploads\/2021\/07\/STET-e-Finanzauto.jpg\" alt=\"07 - STET-e-Finanzauto\" width=\"1024\" height=\"581\" srcset=\"https:\/\/jornaldasoficinas.com\/pt\/wp-content\/uploads\/2021\/07\/STET-e-Finanzauto.jpg 1024w, https:\/\/jornaldasoficinas.com\/pt\/wp-content\/uploads\/2021\/07\/STET-e-Finanzauto-300x170.jpg 300w, https:\/\/jornaldasoficinas.com\/pt\/wp-content\/uploads\/2021\/07\/STET-e-Finanzauto-150x85.jpg 150w, https:\/\/jornaldasoficinas.com\/pt\/wp-content\/uploads\/2021\/07\/STET-e-Finanzauto-768x436.jpg 768w\" sizes=\"auto, (max-width: 1024px) 100vw, 1024px\" \/><\/strong><\/p>\n<p><strong>A STET e Finanzauto assinaram um acordo de representa\u00e7\u00e3o de solu\u00e7\u00f5es de cogera\u00e7\u00e3o da marca alem\u00e3 2G para os territ\u00f3rios de Espanha, Portugal, Angola, Mo\u00e7ambique, Cabo Verde, Guin\u00e9-Bissau, Mo\u00e7ambique e S\u00e3o Tom\u00e9 e Pr\u00edncipe<\/strong><\/p>\n<p>Os grupos geradores a g\u00e1s natural, biog\u00e1s e hidrog\u00e9nio juntam-se assim \u00e0 gama de solu\u00e7\u00f5es de energia que a STET e FINANZAUTO disponibilizam para os seus clientes<\/p>\n<p>Os novos Geradores de Energia 2G destacam-se pelas suas melhorias, nomeadamente ao n\u00edvel da redu\u00e7\u00e3o consider\u00e1vel de fric\u00e7\u00e3o e de perdas de calor devido ao uso de pist\u00f5es de a\u00e7o. Por sua vez, a tecnologia de quatro v\u00e1lvulas veio permitir uma troca de g\u00e1s altamente eficiente na c\u00e2mara de combust\u00e3o e, n\u00e3o menos importante, os Geradores 2G apresentam um sistema de igni\u00e7\u00e3o controlado por microprocessador que garante que o tempo de igni\u00e7\u00e3o e a energia de igni\u00e7\u00e3o correspondam perfeitamente \u00e0 qualidade do g\u00e1s.<\/p>\n<p>A montagem modular facilita a instala\u00e7\u00e3o at\u00e9 nos locais menos acess\u00edveis, assumindo-se robusto e de baixa manuten\u00e7\u00e3o. Em virtude dos componentes do motor de alta resist\u00eancia, \u00e9 muito confi\u00e1vel na opera\u00e7\u00e3o de ligar e desligar.Estas medidas aumentaram significativamente o n\u00edvel de efici\u00eancia dos Geradores 2G.<\/p>\n<p>A t\u00edtulo de exemplo, tanto o modelo Agenitor 406 (250 kW el\u00e9trico) como o Agenitor 408 (360kW el\u00e9trico) t\u00eam agora um n\u00edvel de efici\u00eancia el\u00e9trica de 42,5%, o que os coloca no topo das suas respetivas classes de pot\u00eancia, no mundo. Para o utilizador do sistema CHP, o melhor n\u00edvel de efici\u00eancia resulta no menor consumo de g\u00e1s e, como tal, menores custos de combust\u00edvel<\/p>\n<p>O futuro da tecnologia j\u00e1 chegou. O hidrog\u00e9nio \u00e9 um importante meio de armazenamento para a gera\u00e7\u00e3o de eletricidade verde a partir de fontes renov\u00e1veis, como a e\u00f3lica ou a solar, atrav\u00e9s de um sistema combinado de calor e energia para uso diferido.<\/p>\n<p>Com os motores Agenitor, a 2G conseguiu adaptar um sistema de cogera\u00e7\u00e3o de g\u00e1s natural testado e altamente eficiente para que possa usar hidrog\u00e9nio puro com economia e confiabilidade compar\u00e1veis para gera\u00e7\u00e3o descentralizada de eletricidade e calor.<\/p>\n<p>A STET Portugal criou uma p\u00e1gina online somente dedicada \u00e0 divulga\u00e7\u00e3o da sua mais recente representa\u00e7\u00e3o e que pode aceder <a href=\"https:\/\/geradores2g.stet.pt\/\" target=\"_blank\" rel=\"noopener\"><strong>aqui<\/strong><\/a><\/p>\n","protected":false},"excerpt":{"rendered":"<p>A STET e Finanzauto assinaram um&#8230;<\/p>\n","protected":false},"author":15,"featured_media":22845,"comment_status":"closed","ping_status":"closed","sticky":false,"template":"","format":"standard","meta":{"footnotes":""},"categories":[29],"tags":[2659,2658],"class_list":["post-22866","post","type-post","status-publish","format-standard","has-post-thumbnail","hentry","category-empresas","tag-finanzauto","tag-stet"],"yoast_head":"<!-- This site is optimized with the Yoast SEO plugin v27.4 - https:\/\/yoast.com\/product\/yoast-seo-wordpress\/ -->\n<title>STET e Finanzauto assinam acordo de representa\u00e7\u00e3o - Jornal das Oficinas<\/title>\n<meta name=\"robots\" content=\"index, follow, max-snippet:-1, max-image-preview:large, max-video-preview:-1\" \/>\n<link rel=\"canonical\" href=\"https:\/\/jornaldasoficinas.com\/pt\/stet-e-finanzauto-assinam-acordo-de-representacao\/\" \/>\n<meta property=\"og:locale\" content=\"pt_PT\" \/>\n<meta property=\"og:type\" content=\"article\" \/>\n<meta property=\"og:title\" content=\"STET e Finanzauto assinam acordo de representa\u00e7\u00e3o - Jornal das Oficinas\" \/>\n<meta property=\"og:description\" content=\"A STET e Finanzauto assinaram um...\" \/>\n<meta property=\"og:url\" content=\"https:\/\/jornaldasoficinas.com\/pt\/stet-e-finanzauto-assinam-acordo-de-representacao\/\" \/>\n<meta property=\"og:site_name\" content=\"Jornal das Oficinas\" \/>\n<meta property=\"article:publisher\" content=\"https:\/\/www.facebook.com\/jornaloficinas\" \/>\n<meta property=\"article:published_time\" content=\"2021-07-23T15:00:47+00:00\" \/>\n<meta property=\"og:image\" content=\"https:\/\/jornaldasoficinas.com\/pt\/wp-content\/uploads\/2021\/07\/STET-e-Finanzauto.jpg\" \/>\n\t<meta property=\"og:image:width\" content=\"1024\" \/>\n\t<meta property=\"og:image:height\" content=\"581\" \/>\n\t<meta property=\"og:image:type\" content=\"image\/jpeg\" \/>\n<meta name=\"author\" content=\"Reda\u00e7\u00e3o JO\" \/>\n<meta name=\"twitter:card\" content=\"summary_large_image\" \/>\n<meta name=\"twitter:creator\" content=\"@jornaloficinas\" \/>\n<meta name=\"twitter:site\" content=\"@jornaloficinas\" \/>\n<meta name=\"twitter:label1\" content=\"Escrito por\" \/>\n\t<meta name=\"twitter:data1\" content=\"Reda\u00e7\u00e3o JO\" \/>\n\t<meta name=\"twitter:label2\" content=\"Tempo estimado de leitura\" \/>\n\t<meta name=\"twitter:data2\" content=\"2 minutos\" \/>\n<script type=\"application\/ld+json\" class=\"yoast-schema-graph\">{\"@context\":\"https:\\\/\\\/schema.org\",\"@graph\":[{\"@type\":\"Article\",\"@id\":\"https:\\\/\\\/jornaldasoficinas.com\\\/pt\\\/stet-e-finanzauto-assinam-acordo-de-representacao\\\/#article\",\"isPartOf\":{\"@id\":\"https:\\\/\\\/jornaldasoficinas.com\\\/pt\\\/stet-e-finanzauto-assinam-acordo-de-representacao\\\/\"},\"author\":{\"name\":\"Reda\u00e7\u00e3o JO\",\"@id\":\"https:\\\/\\\/jornaldasoficinas.com\\\/pt\\\/#\\\/schema\\\/person\\\/a38eef5de2c41d9e7c9ac10141afddf3\"},\"headline\":\"STET e Finanzauto assinam acordo de representa\u00e7\u00e3o\",\"datePublished\":\"2021-07-23T15:00:47+00:00\",\"mainEntityOfPage\":{\"@id\":\"https:\\\/\\\/jornaldasoficinas.com\\\/pt\\\/stet-e-finanzauto-assinam-acordo-de-representacao\\\/\"},\"wordCount\":416,\"publisher\":{\"@id\":\"https:\\\/\\\/jornaldasoficinas.com\\\/pt\\\/#organization\"},\"image\":{\"@id\":\"https:\\\/\\\/jornaldasoficinas.com\\\/pt\\\/stet-e-finanzauto-assinam-acordo-de-representacao\\\/#primaryimage\"},\"thumbnailUrl\":\"https:\\\/\\\/jornaldasoficinas.com\\\/pt\\\/wp-content\\\/uploads\\\/2021\\\/07\\\/STET-e-Finanzauto.jpg\",\"keywords\":[\"Finanzauto\",\"STET\"],\"articleSection\":[\"Empresas\"],\"inLanguage\":\"pt-PT\"},{\"@type\":\"WebPage\",\"@id\":\"https:\\\/\\\/jornaldasoficinas.com\\\/pt\\\/stet-e-finanzauto-assinam-acordo-de-representacao\\\/\",\"url\":\"https:\\\/\\\/jornaldasoficinas.com\\\/pt\\\/stet-e-finanzauto-assinam-acordo-de-representacao\\\/\",\"name\":\"STET e Finanzauto assinam acordo de representa\u00e7\u00e3o - Jornal das Oficinas\",\"isPartOf\":{\"@id\":\"https:\\\/\\\/jornaldasoficinas.com\\\/pt\\\/#website\"},\"primaryImageOfPage\":{\"@id\":\"https:\\\/\\\/jornaldasoficinas.com\\\/pt\\\/stet-e-finanzauto-assinam-acordo-de-representacao\\\/#primaryimage\"},\"image\":{\"@id\":\"https:\\\/\\\/jornaldasoficinas.com\\\/pt\\\/stet-e-finanzauto-assinam-acordo-de-representacao\\\/#primaryimage\"},\"thumbnailUrl\":\"https:\\\/\\\/jornaldasoficinas.com\\\/pt\\\/wp-content\\\/uploads\\\/2021\\\/07\\\/STET-e-Finanzauto.jpg\",\"datePublished\":\"2021-07-23T15:00:47+00:00\",\"breadcrumb\":{\"@id\":\"https:\\\/\\\/jornaldasoficinas.com\\\/pt\\\/stet-e-finanzauto-assinam-acordo-de-representacao\\\/#breadcrumb\"},\"inLanguage\":\"pt-PT\",\"potentialAction\":[{\"@type\":\"ReadAction\",\"target\":[\"https:\\\/\\\/jornaldasoficinas.com\\\/pt\\\/stet-e-finanzauto-assinam-acordo-de-representacao\\\/\"]}]},{\"@type\":\"ImageObject\",\"inLanguage\":\"pt-PT\",\"@id\":\"https:\\\/\\\/jornaldasoficinas.com\\\/pt\\\/stet-e-finanzauto-assinam-acordo-de-representacao\\\/#primaryimage\",\"url\":\"https:\\\/\\\/jornaldasoficinas.com\\\/pt\\\/wp-content\\\/uploads\\\/2021\\\/07\\\/STET-e-Finanzauto.jpg\",\"contentUrl\":\"https:\\\/\\\/jornaldasoficinas.com\\\/pt\\\/wp-content\\\/uploads\\\/2021\\\/07\\\/STET-e-Finanzauto.jpg\",\"width\":1024,\"height\":581,\"caption\":\"07 - STET-e-Finanzauto\"},{\"@type\":\"BreadcrumbList\",\"@id\":\"https:\\\/\\\/jornaldasoficinas.com\\\/pt\\\/stet-e-finanzauto-assinam-acordo-de-representacao\\\/#breadcrumb\",\"itemListElement\":[{\"@type\":\"ListItem\",\"position\":1,\"name\":\"In\u00edcio\",\"item\":\"https:\\\/\\\/jornaldasoficinas.com\\\/pt\\\/\"},{\"@type\":\"ListItem\",\"position\":2,\"name\":\"STET e Finanzauto assinam acordo de representa\u00e7\u00e3o\"}]},{\"@type\":\"WebSite\",\"@id\":\"https:\\\/\\\/jornaldasoficinas.com\\\/pt\\\/#website\",\"url\":\"https:\\\/\\\/jornaldasoficinas.com\\\/pt\\\/\",\"name\":\"Jornal das Oficinas\",\"description\":\"Jornal independente do Aftermarket Autom\u00f3vel em Portugal\",\"publisher\":{\"@id\":\"https:\\\/\\\/jornaldasoficinas.com\\\/pt\\\/#organization\"},\"potentialAction\":[{\"@type\":\"SearchAction\",\"target\":{\"@type\":\"EntryPoint\",\"urlTemplate\":\"https:\\\/\\\/jornaldasoficinas.com\\\/pt\\\/?s={search_term_string}\"},\"query-input\":{\"@type\":\"PropertyValueSpecification\",\"valueRequired\":true,\"valueName\":\"search_term_string\"}}],\"inLanguage\":\"pt-PT\"},{\"@type\":\"Organization\",\"@id\":\"https:\\\/\\\/jornaldasoficinas.com\\\/pt\\\/#organization\",\"name\":\"Jornal das Oficinas\",\"url\":\"https:\\\/\\\/jornaldasoficinas.com\\\/pt\\\/\",\"logo\":{\"@type\":\"ImageObject\",\"inLanguage\":\"pt-PT\",\"@id\":\"https:\\\/\\\/jornaldasoficinas.com\\\/pt\\\/#\\\/schema\\\/logo\\\/image\\\/\",\"url\":\"https:\\\/\\\/jornaldasoficinas.com\\\/pt\\\/wp-content\\\/uploads\\\/logoJO-SEO.png\",\"contentUrl\":\"https:\\\/\\\/jornaldasoficinas.com\\\/pt\\\/wp-content\\\/uploads\\\/logoJO-SEO.png\",\"width\":285,\"height\":450,\"caption\":\"Jornal das Oficinas\"},\"image\":{\"@id\":\"https:\\\/\\\/jornaldasoficinas.com\\\/pt\\\/#\\\/schema\\\/logo\\\/image\\\/\"},\"sameAs\":[\"https:\\\/\\\/www.facebook.com\\\/jornaloficinas\",\"https:\\\/\\\/x.com\\\/jornaloficinas\",\"https:\\\/\\\/www.instagram.com\\\/jornal_oficinas\\\/\",\"https:\\\/\\\/www.linkedin.com\\\/company\\\/jornal-das-oficinas\\\/\",\"https:\\\/\\\/www.youtube.com\\\/channel\\\/UCbQZBqtcvV-oSQrr7RzINGg\"]},{\"@type\":\"Person\",\"@id\":\"https:\\\/\\\/jornaldasoficinas.com\\\/pt\\\/#\\\/schema\\\/person\\\/a38eef5de2c41d9e7c9ac10141afddf3\",\"name\":\"Reda\u00e7\u00e3o JO\",\"image\":{\"@type\":\"ImageObject\",\"inLanguage\":\"pt-PT\",\"@id\":\"https:\\\/\\\/secure.gravatar.com\\\/avatar\\\/71f2fa71737ad68a84fea94bc708ddac8ea5b0c4788dc2ad202f3ccb2887742f?s=96&d=wp_user_avatar&r=g\",\"url\":\"https:\\\/\\\/secure.gravatar.com\\\/avatar\\\/71f2fa71737ad68a84fea94bc708ddac8ea5b0c4788dc2ad202f3ccb2887742f?s=96&d=wp_user_avatar&r=g\",\"contentUrl\":\"https:\\\/\\\/secure.gravatar.com\\\/avatar\\\/71f2fa71737ad68a84fea94bc708ddac8ea5b0c4788dc2ad202f3ccb2887742f?s=96&d=wp_user_avatar&r=g\",\"caption\":\"Reda\u00e7\u00e3o JO\"},\"url\":\"https:\\\/\\\/jornaldasoficinas.com\\\/pt\\\/author\\\/joredacao\\\/\"}]}<\/script>\n<!-- \/ Yoast SEO plugin. -->","yoast_head_json":{"title":"STET e Finanzauto assinam acordo de representa\u00e7\u00e3o - Jornal das Oficinas","robots":{"index":"index","follow":"follow","max-snippet":"max-snippet:-1","max-image-preview":"max-image-preview:large","max-video-preview":"max-video-preview:-1"},"canonical":"https:\/\/jornaldasoficinas.com\/pt\/stet-e-finanzauto-assinam-acordo-de-representacao\/","og_locale":"pt_PT","og_type":"article","og_title":"STET e Finanzauto assinam acordo de representa\u00e7\u00e3o - Jornal das Oficinas","og_description":"A STET e Finanzauto assinaram um...","og_url":"https:\/\/jornaldasoficinas.com\/pt\/stet-e-finanzauto-assinam-acordo-de-representacao\/","og_site_name":"Jornal das Oficinas","article_publisher":"https:\/\/www.facebook.com\/jornaloficinas","article_published_time":"2021-07-23T15:00:47+00:00","og_image":[{"width":1024,"height":581,"url":"https:\/\/jornaldasoficinas.com\/pt\/wp-content\/uploads\/2021\/07\/STET-e-Finanzauto.jpg","type":"image\/jpeg"}],"author":"Reda\u00e7\u00e3o JO","twitter_card":"summary_large_image","twitter_creator":"@jornaloficinas","twitter_site":"@jornaloficinas","twitter_misc":{"Escrito por":"Reda\u00e7\u00e3o JO","Tempo estimado de leitura":"2 minutos"},"schema":{"@context":"https:\/\/schema.org","@graph":[{"@type":"Article","@id":"https:\/\/jornaldasoficinas.com\/pt\/stet-e-finanzauto-assinam-acordo-de-representacao\/#article","isPartOf":{"@id":"https:\/\/jornaldasoficinas.com\/pt\/stet-e-finanzauto-assinam-acordo-de-representacao\/"},"author":{"name":"Reda\u00e7\u00e3o JO","@id":"https:\/\/jornaldasoficinas.com\/pt\/#\/schema\/person\/a38eef5de2c41d9e7c9ac10141afddf3"},"headline":"STET e Finanzauto assinam acordo de representa\u00e7\u00e3o","datePublished":"2021-07-23T15:00:47+00:00","mainEntityOfPage":{"@id":"https:\/\/jornaldasoficinas.com\/pt\/stet-e-finanzauto-assinam-acordo-de-representacao\/"},"wordCount":416,"publisher":{"@id":"https:\/\/jornaldasoficinas.com\/pt\/#organization"},"image":{"@id":"https:\/\/jornaldasoficinas.com\/pt\/stet-e-finanzauto-assinam-acordo-de-representacao\/#primaryimage"},"thumbnailUrl":"https:\/\/jornaldasoficinas.com\/pt\/wp-content\/uploads\/2021\/07\/STET-e-Finanzauto.jpg","keywords":["Finanzauto","STET"],"articleSection":["Empresas"],"inLanguage":"pt-PT"},{"@type":"WebPage","@id":"https:\/\/jornaldasoficinas.com\/pt\/stet-e-finanzauto-assinam-acordo-de-representacao\/","url":"https:\/\/jornaldasoficinas.com\/pt\/stet-e-finanzauto-assinam-acordo-de-representacao\/","name":"STET e Finanzauto assinam acordo de representa\u00e7\u00e3o - Jornal das Oficinas","isPartOf":{"@id":"https:\/\/jornaldasoficinas.com\/pt\/#website"},"primaryImageOfPage":{"@id":"https:\/\/jornaldasoficinas.com\/pt\/stet-e-finanzauto-assinam-acordo-de-representacao\/#primaryimage"},"image":{"@id":"https:\/\/jornaldasoficinas.com\/pt\/stet-e-finanzauto-assinam-acordo-de-representacao\/#primaryimage"},"thumbnailUrl":"https:\/\/jornaldasoficinas.com\/pt\/wp-content\/uploads\/2021\/07\/STET-e-Finanzauto.jpg","datePublished":"2021-07-23T15:00:47+00:00","breadcrumb":{"@id":"https:\/\/jornaldasoficinas.com\/pt\/stet-e-finanzauto-assinam-acordo-de-representacao\/#breadcrumb"},"inLanguage":"pt-PT","potentialAction":[{"@type":"ReadAction","target":["https:\/\/jornaldasoficinas.com\/pt\/stet-e-finanzauto-assinam-acordo-de-representacao\/"]}]},{"@type":"ImageObject","inLanguage":"pt-PT","@id":"https:\/\/jornaldasoficinas.com\/pt\/stet-e-finanzauto-assinam-acordo-de-representacao\/#primaryimage","url":"https:\/\/jornaldasoficinas.com\/pt\/wp-content\/uploads\/2021\/07\/STET-e-Finanzauto.jpg","contentUrl":"https:\/\/jornaldasoficinas.com\/pt\/wp-content\/uploads\/2021\/07\/STET-e-Finanzauto.jpg","width":1024,"height":581,"caption":"07 - STET-e-Finanzauto"},{"@type":"BreadcrumbList","@id":"https:\/\/jornaldasoficinas.com\/pt\/stet-e-finanzauto-assinam-acordo-de-representacao\/#breadcrumb","itemListElement":[{"@type":"ListItem","position":1,"name":"In\u00edcio","item":"https:\/\/jornaldasoficinas.com\/pt\/"},{"@type":"ListItem","position":2,"name":"STET e Finanzauto assinam acordo de representa\u00e7\u00e3o"}]},{"@type":"WebSite","@id":"https:\/\/jornaldasoficinas.com\/pt\/#website","url":"https:\/\/jornaldasoficinas.com\/pt\/","name":"Jornal das Oficinas","description":"Jornal independente do Aftermarket Autom\u00f3vel em Portugal","publisher":{"@id":"https:\/\/jornaldasoficinas.com\/pt\/#organization"},"potentialAction":[{"@type":"SearchAction","target":{"@type":"EntryPoint","urlTemplate":"https:\/\/jornaldasoficinas.com\/pt\/?s={search_term_string}"},"query-input":{"@type":"PropertyValueSpecification","valueRequired":true,"valueName":"search_term_string"}}],"inLanguage":"pt-PT"},{"@type":"Organization","@id":"https:\/\/jornaldasoficinas.com\/pt\/#organization","name":"Jornal das Oficinas","url":"https:\/\/jornaldasoficinas.com\/pt\/","logo":{"@type":"ImageObject","inLanguage":"pt-PT","@id":"https:\/\/jornaldasoficinas.com\/pt\/#\/schema\/logo\/image\/","url":"https:\/\/jornaldasoficinas.com\/pt\/wp-content\/uploads\/logoJO-SEO.png","contentUrl":"https:\/\/jornaldasoficinas.com\/pt\/wp-content\/uploads\/logoJO-SEO.png","width":285,"height":450,"caption":"Jornal das Oficinas"},"image":{"@id":"https:\/\/jornaldasoficinas.com\/pt\/#\/schema\/logo\/image\/"},"sameAs":["https:\/\/www.facebook.com\/jornaloficinas","https:\/\/x.com\/jornaloficinas","https:\/\/www.instagram.com\/jornal_oficinas\/","https:\/\/www.linkedin.com\/company\/jornal-das-oficinas\/","https:\/\/www.youtube.com\/channel\/UCbQZBqtcvV-oSQrr7RzINGg"]},{"@type":"Person","@id":"https:\/\/jornaldasoficinas.com\/pt\/#\/schema\/person\/a38eef5de2c41d9e7c9ac10141afddf3","name":"Reda\u00e7\u00e3o JO","image":{"@type":"ImageObject","inLanguage":"pt-PT","@id":"https:\/\/secure.gravatar.com\/avatar\/71f2fa71737ad68a84fea94bc708ddac8ea5b0c4788dc2ad202f3ccb2887742f?s=96&d=wp_user_avatar&r=g","url":"https:\/\/secure.gravatar.com\/avatar\/71f2fa71737ad68a84fea94bc708ddac8ea5b0c4788dc2ad202f3ccb2887742f?s=96&d=wp_user_avatar&r=g","contentUrl":"https:\/\/secure.gravatar.com\/avatar\/71f2fa71737ad68a84fea94bc708ddac8ea5b0c4788dc2ad202f3ccb2887742f?s=96&d=wp_user_avatar&r=g","caption":"Reda\u00e7\u00e3o JO"},"url":"https:\/\/jornaldasoficinas.com\/pt\/author\/joredacao\/"}]}},"_links":{"self":[{"href":"https:\/\/jornaldasoficinas.com\/pt\/wp-json\/wp\/v2\/posts\/22866","targetHints":{"allow":["GET"]}}],"collection":[{"href":"https:\/\/jornaldasoficinas.com\/pt\/wp-json\/wp\/v2\/posts"}],"about":[{"href":"https:\/\/jornaldasoficinas.com\/pt\/wp-json\/wp\/v2\/types\/post"}],"author":[{"embeddable":true,"href":"https:\/\/jornaldasoficinas.com\/pt\/wp-json\/wp\/v2\/users\/15"}],"replies":[{"embeddable":true,"href":"https:\/\/jornaldasoficinas.com\/pt\/wp-json\/wp\/v2\/comments?post=22866"}],"version-history":[{"count":0,"href":"https:\/\/jornaldasoficinas.com\/pt\/wp-json\/wp\/v2\/posts\/22866\/revisions"}],"wp:featuredmedia":[{"embeddable":true,"href":"https:\/\/jornaldasoficinas.com\/pt\/wp-json\/wp\/v2\/media\/22845"}],"wp:attachment":[{"href":"https:\/\/jornaldasoficinas.com\/pt\/wp-json\/wp\/v2\/media?parent=22866"}],"wp:term":[{"taxonomy":"category","embeddable":true,"href":"https:\/\/jornaldasoficinas.com\/pt\/wp-json\/wp\/v2\/categories?post=22866"},{"taxonomy":"post_tag","embeddable":true,"href":"https:\/\/jornaldasoficinas.com\/pt\/wp-json\/wp\/v2\/tags?post=22866"}],"curies":[{"name":"wp","href":"https:\/\/api.w.org\/{rel}","templated":true}]}}