{"id":22918,"date":"2021-07-27T08:00:45","date_gmt":"2021-07-27T07:00:45","guid":{"rendered":"https:\/\/jornaldasoficinas.com\/pt\/?p=22918"},"modified":"2023-07-19T15:50:54","modified_gmt":"2023-07-19T14:50:54","slug":"aran-organizou-conferencia-comemorativa-80o-aniversario","status":"publish","type":"post","link":"https:\/\/jornaldasoficinas.com\/pt\/aran-organizou-conferencia-comemorativa-80o-aniversario\/","title":{"rendered":"ARAN organizou Confer\u00eancia comemorativa 80\u00ba anivers\u00e1rio"},"content":{"rendered":"<p><img loading=\"lazy\" decoding=\"async\" class=\"alignnone size-full wp-image-22883\" src=\"https:\/\/jornaldasoficinas.com\/pt\/wp-content\/uploads\/2021\/07\/ARAN-organizou.jpg\" alt=\"07 - ARAN-organizou\" width=\"1024\" height=\"581\" srcset=\"https:\/\/jornaldasoficinas.com\/pt\/wp-content\/uploads\/2021\/07\/ARAN-organizou.jpg 1024w, https:\/\/jornaldasoficinas.com\/pt\/wp-content\/uploads\/2021\/07\/ARAN-organizou-300x170.jpg 300w, https:\/\/jornaldasoficinas.com\/pt\/wp-content\/uploads\/2021\/07\/ARAN-organizou-150x85.jpg 150w, https:\/\/jornaldasoficinas.com\/pt\/wp-content\/uploads\/2021\/07\/ARAN-organizou-768x436.jpg 768w\" sizes=\"auto, (max-width: 1024px) 100vw, 1024px\" \/><\/p>\n<p><strong>A ARAN \u2013 Associa\u00e7\u00e3o Nacional do Ramo Autom\u00f3vel realizou, no passado dia 9, no Porto, a confer\u00eancia \u201cRepensar o futuro do setor autom\u00f3vel\u201d, para celebrar os seus 80 anos de atividade e refletir sobre o setor reunindo especialistas nacionais e internacionais<\/strong><\/p>\n<p>Rodrigo Ferreira da Silva, presidente da <a href=\"https:\/\/aran.pt\/pt\/\" target=\"_blank\" rel=\"noopener\">ARAN<\/a>, abriu a confer\u00eancia, dando as boas-vindas aos oradores e participantes, afirmando que repensar o futuro \u00e9 o lema que se imp\u00f5e neste momento e este foi o motivo por que a ARAN planeou a confer\u00eancia em torno deste tema. Real\u00e7ou que o setor est\u00e1 em profunda transforma\u00e7\u00e3o. H\u00e1 desafios muito relevantes impulsionados pela pandemia, nomeadamente dois fen\u00f3menos imposs\u00edveis de contornar, nomeadamente a digitaliza\u00e7\u00e3o e a aposta em ve\u00edculos mais amigos do ambiente.<\/p>\n<p>Ap\u00f3s o seu discurso, o presidente da ARAN convidou o Secret\u00e1rio de Estado do Com\u00e9rcio para homenagear tr\u00eas individualidades que, pelo seu empenho e dedica\u00e7\u00e3o, muito contribu\u00edram para sucesso da associa\u00e7\u00e3o, nomeadamente M\u00e1rio Pinto Teixeira, Jos\u00e9 de Miranda Barbosa e a \u00c1lvaro Jos\u00e9 Maia Monteiro de Aguiar com um louvor p\u00f3stumo.<div class='yrm-content yrm-content-2 yrm-content-hide  ' id='yrm-VNpSl' data-id='2' data-show-status='false' data-after-action='' style=\"visibility: hidden;height: 0;\">\n\t\t\t<div id='yrm-inner-content-yrm-VNpSl' class='yrm-inner-content-wrapper yrm-cntent-2'><\/p>\n<p>A vis\u00e3o da Europa foi apresentada por Jean-Charles Herrenschmidt, presidente do CECRA &#8211; Conselho Europeu para o Com\u00e9rcio e Repara\u00e7\u00e3o Autom\u00f3vel, que exp\u00f4s a institui\u00e7\u00e3o na defesa dos concession\u00e1rios e reparadores europeus que representam aproximadamente 336.720 empresas de com\u00e9rcio e repara\u00e7\u00e3o de autom\u00f3veis, com um papel muito importante na prepara\u00e7\u00e3o do Block Exemption \u2013 defendendo uma regulamenta\u00e7\u00e3o justa para o setor.<\/p>\n<p>O presidente da CCP, Jo\u00e3o Vieira Lopes, refor\u00e7ou a relev\u00e2ncia do setor autom\u00f3vel, sendo representativo do tecido empresarial portugu\u00eas, pois \u00e9 constitu\u00eddo por pequenas e m\u00e9dias empresas, \u00e9 fortemente empregador e preocupa-se com o futuro e com as oportunidades futuras. Explicou que a assist\u00eancia p\u00f3s-venda \u00e9 muito importante, dado que ao n\u00edvel do com\u00e9rcio e dos servi\u00e7os representa 2\/3 do PIB. Deixou um apelo especial \u00e0 necessidade de aumento da qualifica\u00e7\u00e3o da gest\u00e3o das empresas, assim como \u00e0 necessidade de trabalhar em rede, promovendo a fus\u00e3o de empresas quando poss\u00edvel para criar mais massa cr\u00edtica para competir num mercado cheio de desafios.<\/p>\n<p>O Secret\u00e1rio de Estado do Com\u00e9rcio, Servi\u00e7os e Defesa do Consumidor, Jo\u00e3o Torres, destacou a import\u00e2ncia da intera\u00e7\u00e3o permanente com as associa\u00e7\u00f5es e a relev\u00e2ncia de manter este di\u00e1logo franco e aberto no futuro para encontrar solu\u00e7\u00f5es que permitam recuperar deste per\u00edodo que Portugal est\u00e1 a atravessar. Salientou que o setor do com\u00e9rcio e repara\u00e7\u00e3o \u00e9 o que agrega maior emprego, com um n\u00famero de 200 mil empresas e mais de 700 mil postos de trabalho, refletindo a realidade do tecido portugu\u00eas, com uma m\u00e9dia de 3,5 trabalhadores por empresa, e com um forte contributo ao n\u00edvel do valor bruto da economia. Finalizou transmitindo que o apoio \u00e0 economia tem sido positivo, focado em medidas robustas de alavancagem. Revelou ter consci\u00eancia que a pandemia n\u00e3o est\u00e1 ultrapassada e o foco est\u00e1 nas morat\u00f3rias, capitaliza\u00e7\u00e3o das empresas e na disponibiliza\u00e7\u00e3o de linhas de apoio \u00e0 tesouraria.<\/p>\n<p>O primeiro painel de debate foi iniciado por Bernard Lycke, Diretor Geral do CECRA, que apresentou uma vis\u00e3o disruptiva sobre a distribui\u00e7\u00e3o cl\u00e1ssica de ve\u00edculos, que est\u00e1 numa transforma\u00e7\u00e3o r\u00e1pida na Europa, com impactos a curto e m\u00e9dio prazo, designadamente ao n\u00edvel da regulamenta\u00e7\u00e3o do setor autom\u00f3vel nas vendas e p\u00f3s-venda. Temas que se encontram em desenvolvimento e colocam o CECRA em contacto constante com as comiss\u00f5es da Uni\u00e3o Europeia.<\/p>\n<p>O crescimento a dois d\u00edgitos da BMCAR foi apresentado por Jos\u00e9 Teixeira, gerente do concession\u00e1rio, que exibiu os resultados positivos da mudan\u00e7a de estrat\u00e9gia em 2020, durante a pandemia, com uma aposta no novo website, que criou a possibilidade de o cliente realizar uma videoconfer\u00eancia com o vendedor 14\/24 horas por dia, para facilitar o com\u00e9rcio online de ve\u00edculos, como extens\u00e3o da atividade empresarial f\u00edsica.<\/p>\n<p>Lu\u00eds Morais, Diretor Geral da Mazda Motor Portugal, deu a conhecer a sua an\u00e1lise das vantagens de algumas tend\u00eancias atuais, tais como a mobilidade partilhada e inteligente, bem como os ve\u00edculos aut\u00f3nomos, a eletrifica\u00e7\u00e3o e os produtos conectados. No que diz respeito \u00e0 eletrifica\u00e7\u00e3o, Lu\u00eds Morais defendeu que \u00e9 relevante a descarboniza\u00e7\u00e3o, que se tornou a prioridade m\u00e1xima na Europa e constitui um desafio para todas as ind\u00fastrias, apelando \u00e0 implementa\u00e7\u00e3o de uma estrat\u00e9gia comum entre Governos e empresas para potenciar a execu\u00e7\u00e3o deste objetivo.<\/p>\n<p>Miguel Costa, Diretor Geral da divis\u00e3o de Luxo CSantos VP, mostrou que o mercado de luxo se manteve com valores de mercado elevados durante a pandemia, e apresentou as tend\u00eancias desta \u00e1rea de neg\u00f3cio em que, devido \u00e0 eletrifica\u00e7\u00e3o, evidencia uma procura cada vez maior por ve\u00edculos movidos exclusivamente a motores de combust\u00e3o, contrariando a tend\u00eancia do setor.<\/p>\n<p>O painel \u201cA Procura da Rentabilidade\u201d foi iniciado por Diogo Mota, Diretor Usados, Grupo Filinto Mota, que abordou a import\u00e2ncia das retomas e de como comprar bem, assim como o financiamento, tendo em conta a idade m\u00e9dia das retomas e dos produtos com IVA, ao n\u00edvel das despesas de dossier do desconto.<\/p>\n<p>De seguida, Lic\u00ednio Santos, da Cofidis, questionou qual o futuro do mercado de ve\u00edculos usados, tendo em conta o envelhecimento do parque autom\u00f3vel, a dimens\u00e3o do parque de autom\u00f3veis usados, o efeito da pandemia, a solidez da economia e dos sal\u00e1rios e a transfer\u00eancia energ\u00e9tica e o pre\u00e7o dos ve\u00edculos el\u00e9tricos, defendendo a necessidade de uma estrat\u00e9gia para aumentar a rentabilidade, focada em comprar e\/ou retomar bem, abrir as portas ao mercado global e inovar e digitalizar os processos, contribuindo para um aumento do footprint no mercado. A maximiza\u00e7\u00e3o do financiamento e dos seguros e a aposta em potenciar valor ao cliente, para maximizar a margem do neg\u00f3cio, foram outros temas focados. Finalizou com a provoca\u00e7\u00e3o \u201cFalhamos 100% do que n\u00e3o tentamos!\u201d.<\/p>\n<p>Posteriormente Mark Fennely, Diretor Geral, ASE Consulting, analisou a oportunidade do autom\u00f3vel usado do ponto de vista de um consultor do setor autom\u00f3vel, explicando a estrat\u00e9gia que usam h\u00e1 quase 50 anos para ajudar as maiores e mais conhecidas marcas mundiais do setor autom\u00f3vel a utilizar dados para desenvolver um neg\u00f3cio autom\u00f3vel mais eficiente, mais rent\u00e1vel, em vendas de autom\u00f3veis novos, vendas de carros usados e apoio ao servi\u00e7o e pe\u00e7as.<\/p>\n<p>Rui Claro da Fonseca, Diretor da Carpick do Grupo Gocial, finalizou o painel avaliando que a rentabilidade nos usados \u00e9 um neg\u00f3cio seguro e positivo. Enquadrou a quest\u00e3o salientando os pontos cr\u00edticos, como o pvp e os prazos recondicionados, a rota\u00e7\u00e3o mensal e o financiamento, e os prazos m\u00e9dios de stock que condicionam o tempo\/rota\u00e7\u00e3o e o pre\u00e7o. Tendo em conta as diversas variantes, considerou que \u00e9 poss\u00edvel ter um neg\u00f3cio rent\u00e1vel de 10X ou 1000x unidades por m\u00eas, definindo e ou reposicionando, apostando em segmentos de neg\u00f3cios e no posicionamento, n\u00e3o perdendo de vista os meios cr\u00edticos que constituem o capital, a estrutura humana e o sistema de controle.<\/p>\n<p>O \u00faltimo painel da confer\u00eancia, subordinado ao tema \u201cAp\u00f3s -Venda: Estamos preparados para os desafios?\u201d, contou com a participa\u00e7\u00e3o de Andr\u00e9 Castro Pinheiro, Diretor Divis\u00e3o Autom\u00f3vel da Fuchs, que caraterizou o parque autom\u00f3vel revelando que regista cerca de 6,5M unidades, com uma dimens\u00e3o est\u00e1vel e apenas em 2015 come\u00e7ou a recuperar da crise anterior, representando os Ligeiros de Passageiros cerca de 80% do total. Afirmou que o parque est\u00e1 envelhecido, com menos 22% de Ligeiros de Passageiros em cinco anos, apresentando uma idade media de 13 anos (LP), e 60% a 70% dos ve\u00edculos a terem mais de 10 anos. Em conclus\u00e3o defendeu que em 2030-2035: 60% a 70% do parque ser\u00e1 constitu\u00eddo pelos ve\u00edculos vendidos entre 2010-2020. Ao n\u00edvel do mercado aftermarket, perspetiva o crescimento de 25% entre 2019 e 2030, apontando como impulso a maior complexidade de pe\u00e7as, com maior valor associado, o crescimento do parque autom\u00f3vel. Em contraponto, est\u00e1 prevista a redu\u00e7\u00e3o dos Km \u2019s percorridos, a redu\u00e7\u00e3o de colis\u00f5es (ADAS) e a redu\u00e7\u00e3o por penetra\u00e7\u00e3o dos ve\u00edculos el\u00e9tricos.<\/p>\n<p>Ant\u00f3nio Osuna, da GTMotive Iberia, destacou a evolu\u00e7\u00e3o e o futuro da tecnologia, defendendo que muitos sistemas e materiais novos est\u00e3o a tornar os carros mais seguros e confort\u00e1veis. A tecnologia ajuda a gerar informa\u00e7\u00e3o, como \u00e9 o caso da International OEM database que apoia 38 marcas, 1,478 ve\u00edculos e apoio na inspe\u00e7\u00e3o de 100% dos autom\u00f3veis, com atualiza\u00e7\u00f5es di\u00e1rias, bissemanais e trimestralmente.<\/p>\n<p>Guillermo de Llera, Consultor da IF4, apresentou a queda moderada da demanda e da reestrutura\u00e7\u00e3o da oferta, elogiando a resili\u00eancia que permitiu uma queda inferior ao esperado. Apontou como desafios a eletrifica\u00e7\u00e3o do parque, afirmando que o que era uma tend\u00eancia incipiente no in\u00edcio de 2020, afirmou-se como uma realidade, que \u00e9 ainda dif\u00edcil de quantificar, bem como a conectividade que obriga as Oficinas a B2C ativo com clientes. As Oficinas dever\u00e3o ter um \u201cComunity Manager\u201d, e os equipamentos:\u00a0 o \u201cnovo autom\u00f3vel\u201d ter\u00e1 novos e mais caros equipamentos, o que aumentar\u00e1 a fatura m\u00e9dia na Manuten\u00e7\u00e3o. Neste \u00e2mbito, \u00e9 necess\u00e1rio estar atento \u00e0 concorr\u00eancia, nomeadamente a ferrovia, importante no Transporte de Mercadorias, mas n\u00e3o no de Passageiros, o teletrabalho que contribuir\u00e1 para o n\u00e3o aumento da quilometragem m\u00e9dia, e a mobilidade com \u201cnovas formas de mobilidade\u201d influenciam em quem decide sobre a manuten\u00e7\u00e3o do carro, mas n\u00e3o na sua necessidade.<\/p>\n<p>Isabel Basto, Diretora Executiva do Grupo Nors, caraterizou o parque autom\u00f3vel, descrevendo que apesar do efeito negativo das matr\u00edculas, o parque continua a crescer, mas a um ritmo menor que nos \u00faltimos tr\u00eas anos, j\u00e1 que a m\u00e9dia de crescimento nos \u00faltimos anos foi de 4%. Asseverou que o aumento do parque circulante total de autom\u00f3veis ligeiros, deve-se principalmente a ve\u00edculos de passageiros j\u00e1 que os comerciais apresentaram uma descida em rela\u00e7\u00e3o ao ano passado. No que diz respeito ao futuro, estimou que a idade m\u00e9dia do parque autom\u00f3vel vai aumentar 0.9 anos e o parque vai ter um crescimento de 5,1% at\u00e9 2023, acompanhado pela retoma do uso do carro, mas ainda longe dos valores de 2019. Alertou que, embora se esteja a matricular menos ve\u00edculos a gas\u00f3leo, o parque circulante ainda \u00e9 de 60% e 56% do parque autom\u00f3vel tem mais de 10 anos, existindo uma maior sensibiliza\u00e7\u00e3o do pre\u00e7o das pe\u00e7as. Prev\u00ea que a rede oficial seja afetada com a diminui\u00e7\u00e3o do parque circulante at\u00e9 tr\u00eas anos e aponta que os \u201calternativos\u201d j\u00e1 representam 23% das matr\u00edculas, mas t\u00eam apenas 2,5% do parque circulante, que \u00e9 principalmente h\u00edbrido.<\/p>\n<p>O painel foi finalizado por Jorge Gon\u00e7alves, Diretor Comercial da BP, que expos o grande impacto do COVID 19, nomeadamente nas quebras de 4,5% no consumo de energia prim\u00e1ria, nas emiss\u00f5es de carbono do consumo de energia: menos 6,3%, registando um n\u00edvel mais baixo desde 2011 e o maior decl\u00ednio desde o final da WW2, assim como a quebra de consumo de petr\u00f3leo de 9.1M barris\/dia (-9,3%), que foi maior quebra desde 2011. A par, o G\u00e1s Natural teve uma redu\u00e7\u00e3o de 2,3%, mas com crescimento de 24,7% na produ\u00e7\u00e3o de energia prim\u00e1ria e as energias renov\u00e1veis com +9,7% (Solar +20% e forte crescimento do Wind), acompanhadas pelo consumo de carv\u00e3o com -4,2%, uma utiliza\u00e7\u00e3o das refinarias com quebra de 8pp com 74,1%. N\u00edvel mais baixo desde 1985, +3.000 com objetivos de \u201cNet Zero\u201d.\u00a0 Neste contexto, a BP refor\u00e7ou o seu compromisso rumo \u00e0 neutralidade carb\u00f3nica, compensando as emiss\u00f5es de carbono dos abastecimentos dos nossos clientes atrav\u00e9s do bp Target Neutral, os cr\u00e9ditos de carbono gerados a partir de projetos globais que financiam a utiliza\u00e7\u00e3o de energias renov\u00e1veis, redu\u00e7\u00e3o de carbono e a prote\u00e7\u00e3o das florestas, compensando com 2.000.000 milh\u00f5es de toneladas de carbono por ano, o que corresponde a retirar cerca de 400.000 ve\u00edculos das estradas.<\/p>\n<p>A confer\u00eancia foi conclu\u00edda com a interven\u00e7\u00e3o de Gualter Mota Santos, presidente da mesa da Assembleia Geral da ARAN que elogiou o sucesso do evento, a marca dos 80 anos da atividade da associa\u00e7\u00e3o, que investe na transi\u00e7\u00e3o para o futuro e continua comprometida com a defesa dos seus associados e a execu\u00e7\u00e3o da sua atividade em prol do setor.<\/div>\n\t\t<\/div><div class='yrm-btn-wrapper yrm-btn-wrapper-2 yrm-more-button-wrapper  '\n\t\tdata-custom-more-class-name='' data-custom-less-class-name=''><span title='' data-less-title='' data-more-title='' class='yrm-toggle-expand  yrm-toggle-expand-2 ' data-rel='yrm-VNpSl' data-more='Continue a ler' data-less='Menos texto'><span class='yrm-text-wrapper yrm-text-wrapper-custom-dimensions'><span class=\"yrm-button-text-2 yrm-button-text-span\">Continue a ler<\/span><\/span><\/span><\/div><\/p>\n","protected":false},"excerpt":{"rendered":"<p>A ARAN \u2013 Associa\u00e7\u00e3o Nacional do&#8230;<\/p>\n","protected":false},"author":15,"featured_media":22883,"comment_status":"closed","ping_status":"closed","sticky":false,"template":"","format":"standard","meta":{"footnotes":""},"categories":[29],"tags":[136],"class_list":["post-22918","post","type-post","status-publish","format-standard","has-post-thumbnail","hentry","category-empresas","tag-aran"],"yoast_head":"<!-- This site is optimized with the Yoast SEO plugin v27.4 - https:\/\/yoast.com\/product\/yoast-seo-wordpress\/ -->\n<title>ARAN organizou Confer\u00eancia comemorativa 80\u00ba anivers\u00e1rio - Jornal das Oficinas<\/title>\n<meta name=\"robots\" content=\"index, follow, max-snippet:-1, max-image-preview:large, max-video-preview:-1\" \/>\n<link rel=\"canonical\" href=\"https:\/\/jornaldasoficinas.com\/pt\/aran-organizou-conferencia-comemorativa-80o-aniversario\/\" \/>\n<meta property=\"og:locale\" content=\"pt_PT\" \/>\n<meta property=\"og:type\" content=\"article\" \/>\n<meta property=\"og:title\" content=\"ARAN organizou Confer\u00eancia comemorativa 80\u00ba anivers\u00e1rio - Jornal das Oficinas\" \/>\n<meta property=\"og:description\" content=\"A ARAN \u2013 Associa\u00e7\u00e3o Nacional do...\" \/>\n<meta property=\"og:url\" content=\"https:\/\/jornaldasoficinas.com\/pt\/aran-organizou-conferencia-comemorativa-80o-aniversario\/\" \/>\n<meta property=\"og:site_name\" content=\"Jornal das Oficinas\" \/>\n<meta property=\"article:publisher\" content=\"https:\/\/www.facebook.com\/jornaloficinas\" \/>\n<meta property=\"article:published_time\" content=\"2021-07-27T07:00:45+00:00\" \/>\n<meta property=\"article:modified_time\" content=\"2023-07-19T14:50:54+00:00\" \/>\n<meta property=\"og:image\" content=\"https:\/\/jornaldasoficinas.com\/pt\/wp-content\/uploads\/2021\/07\/ARAN-organizou.jpg\" \/>\n\t<meta property=\"og:image:width\" content=\"1024\" \/>\n\t<meta property=\"og:image:height\" content=\"581\" \/>\n\t<meta property=\"og:image:type\" content=\"image\/jpeg\" \/>\n<meta name=\"author\" content=\"Reda\u00e7\u00e3o JO\" \/>\n<meta name=\"twitter:card\" content=\"summary_large_image\" \/>\n<meta name=\"twitter:creator\" content=\"@jornaloficinas\" \/>\n<meta name=\"twitter:site\" content=\"@jornaloficinas\" \/>\n<meta name=\"twitter:label1\" content=\"Escrito por\" \/>\n\t<meta name=\"twitter:data1\" content=\"Reda\u00e7\u00e3o JO\" \/>\n\t<meta name=\"twitter:label2\" content=\"Tempo estimado de leitura\" \/>\n\t<meta name=\"twitter:data2\" content=\"9 minutos\" \/>\n<script type=\"application\/ld+json\" class=\"yoast-schema-graph\">{\"@context\":\"https:\\\/\\\/schema.org\",\"@graph\":[{\"@type\":\"Article\",\"@id\":\"https:\\\/\\\/jornaldasoficinas.com\\\/pt\\\/aran-organizou-conferencia-comemorativa-80o-aniversario\\\/#article\",\"isPartOf\":{\"@id\":\"https:\\\/\\\/jornaldasoficinas.com\\\/pt\\\/aran-organizou-conferencia-comemorativa-80o-aniversario\\\/\"},\"author\":{\"name\":\"Reda\u00e7\u00e3o JO\",\"@id\":\"https:\\\/\\\/jornaldasoficinas.com\\\/pt\\\/#\\\/schema\\\/person\\\/a38eef5de2c41d9e7c9ac10141afddf3\"},\"headline\":\"ARAN organizou Confer\u00eancia comemorativa 80\u00ba anivers\u00e1rio\",\"datePublished\":\"2021-07-27T07:00:45+00:00\",\"dateModified\":\"2023-07-19T14:50:54+00:00\",\"mainEntityOfPage\":{\"@id\":\"https:\\\/\\\/jornaldasoficinas.com\\\/pt\\\/aran-organizou-conferencia-comemorativa-80o-aniversario\\\/\"},\"wordCount\":2162,\"publisher\":{\"@id\":\"https:\\\/\\\/jornaldasoficinas.com\\\/pt\\\/#organization\"},\"image\":{\"@id\":\"https:\\\/\\\/jornaldasoficinas.com\\\/pt\\\/aran-organizou-conferencia-comemorativa-80o-aniversario\\\/#primaryimage\"},\"thumbnailUrl\":\"https:\\\/\\\/jornaldasoficinas.com\\\/pt\\\/wp-content\\\/uploads\\\/2021\\\/07\\\/ARAN-organizou.jpg\",\"keywords\":[\"ARAN\"],\"articleSection\":[\"Empresas\"],\"inLanguage\":\"pt-PT\"},{\"@type\":\"WebPage\",\"@id\":\"https:\\\/\\\/jornaldasoficinas.com\\\/pt\\\/aran-organizou-conferencia-comemorativa-80o-aniversario\\\/\",\"url\":\"https:\\\/\\\/jornaldasoficinas.com\\\/pt\\\/aran-organizou-conferencia-comemorativa-80o-aniversario\\\/\",\"name\":\"ARAN organizou Confer\u00eancia comemorativa 80\u00ba anivers\u00e1rio - Jornal das Oficinas\",\"isPartOf\":{\"@id\":\"https:\\\/\\\/jornaldasoficinas.com\\\/pt\\\/#website\"},\"primaryImageOfPage\":{\"@id\":\"https:\\\/\\\/jornaldasoficinas.com\\\/pt\\\/aran-organizou-conferencia-comemorativa-80o-aniversario\\\/#primaryimage\"},\"image\":{\"@id\":\"https:\\\/\\\/jornaldasoficinas.com\\\/pt\\\/aran-organizou-conferencia-comemorativa-80o-aniversario\\\/#primaryimage\"},\"thumbnailUrl\":\"https:\\\/\\\/jornaldasoficinas.com\\\/pt\\\/wp-content\\\/uploads\\\/2021\\\/07\\\/ARAN-organizou.jpg\",\"datePublished\":\"2021-07-27T07:00:45+00:00\",\"dateModified\":\"2023-07-19T14:50:54+00:00\",\"breadcrumb\":{\"@id\":\"https:\\\/\\\/jornaldasoficinas.com\\\/pt\\\/aran-organizou-conferencia-comemorativa-80o-aniversario\\\/#breadcrumb\"},\"inLanguage\":\"pt-PT\",\"potentialAction\":[{\"@type\":\"ReadAction\",\"target\":[\"https:\\\/\\\/jornaldasoficinas.com\\\/pt\\\/aran-organizou-conferencia-comemorativa-80o-aniversario\\\/\"]}]},{\"@type\":\"ImageObject\",\"inLanguage\":\"pt-PT\",\"@id\":\"https:\\\/\\\/jornaldasoficinas.com\\\/pt\\\/aran-organizou-conferencia-comemorativa-80o-aniversario\\\/#primaryimage\",\"url\":\"https:\\\/\\\/jornaldasoficinas.com\\\/pt\\\/wp-content\\\/uploads\\\/2021\\\/07\\\/ARAN-organizou.jpg\",\"contentUrl\":\"https:\\\/\\\/jornaldasoficinas.com\\\/pt\\\/wp-content\\\/uploads\\\/2021\\\/07\\\/ARAN-organizou.jpg\",\"width\":1024,\"height\":581,\"caption\":\"07 - ARAN-organizou\"},{\"@type\":\"BreadcrumbList\",\"@id\":\"https:\\\/\\\/jornaldasoficinas.com\\\/pt\\\/aran-organizou-conferencia-comemorativa-80o-aniversario\\\/#breadcrumb\",\"itemListElement\":[{\"@type\":\"ListItem\",\"position\":1,\"name\":\"In\u00edcio\",\"item\":\"https:\\\/\\\/jornaldasoficinas.com\\\/pt\\\/\"},{\"@type\":\"ListItem\",\"position\":2,\"name\":\"ARAN organizou Confer\u00eancia comemorativa 80\u00ba anivers\u00e1rio\"}]},{\"@type\":\"WebSite\",\"@id\":\"https:\\\/\\\/jornaldasoficinas.com\\\/pt\\\/#website\",\"url\":\"https:\\\/\\\/jornaldasoficinas.com\\\/pt\\\/\",\"name\":\"Jornal das Oficinas\",\"description\":\"Jornal independente do Aftermarket Autom\u00f3vel em Portugal\",\"publisher\":{\"@id\":\"https:\\\/\\\/jornaldasoficinas.com\\\/pt\\\/#organization\"},\"potentialAction\":[{\"@type\":\"SearchAction\",\"target\":{\"@type\":\"EntryPoint\",\"urlTemplate\":\"https:\\\/\\\/jornaldasoficinas.com\\\/pt\\\/?s={search_term_string}\"},\"query-input\":{\"@type\":\"PropertyValueSpecification\",\"valueRequired\":true,\"valueName\":\"search_term_string\"}}],\"inLanguage\":\"pt-PT\"},{\"@type\":\"Organization\",\"@id\":\"https:\\\/\\\/jornaldasoficinas.com\\\/pt\\\/#organization\",\"name\":\"Jornal das Oficinas\",\"url\":\"https:\\\/\\\/jornaldasoficinas.com\\\/pt\\\/\",\"logo\":{\"@type\":\"ImageObject\",\"inLanguage\":\"pt-PT\",\"@id\":\"https:\\\/\\\/jornaldasoficinas.com\\\/pt\\\/#\\\/schema\\\/logo\\\/image\\\/\",\"url\":\"https:\\\/\\\/jornaldasoficinas.com\\\/pt\\\/wp-content\\\/uploads\\\/logoJO-SEO.png\",\"contentUrl\":\"https:\\\/\\\/jornaldasoficinas.com\\\/pt\\\/wp-content\\\/uploads\\\/logoJO-SEO.png\",\"width\":285,\"height\":450,\"caption\":\"Jornal das Oficinas\"},\"image\":{\"@id\":\"https:\\\/\\\/jornaldasoficinas.com\\\/pt\\\/#\\\/schema\\\/logo\\\/image\\\/\"},\"sameAs\":[\"https:\\\/\\\/www.facebook.com\\\/jornaloficinas\",\"https:\\\/\\\/x.com\\\/jornaloficinas\",\"https:\\\/\\\/www.instagram.com\\\/jornal_oficinas\\\/\",\"https:\\\/\\\/www.linkedin.com\\\/company\\\/jornal-das-oficinas\\\/\",\"https:\\\/\\\/www.youtube.com\\\/channel\\\/UCbQZBqtcvV-oSQrr7RzINGg\"]},{\"@type\":\"Person\",\"@id\":\"https:\\\/\\\/jornaldasoficinas.com\\\/pt\\\/#\\\/schema\\\/person\\\/a38eef5de2c41d9e7c9ac10141afddf3\",\"name\":\"Reda\u00e7\u00e3o JO\",\"image\":{\"@type\":\"ImageObject\",\"inLanguage\":\"pt-PT\",\"@id\":\"https:\\\/\\\/secure.gravatar.com\\\/avatar\\\/71f2fa71737ad68a84fea94bc708ddac8ea5b0c4788dc2ad202f3ccb2887742f?s=96&d=wp_user_avatar&r=g\",\"url\":\"https:\\\/\\\/secure.gravatar.com\\\/avatar\\\/71f2fa71737ad68a84fea94bc708ddac8ea5b0c4788dc2ad202f3ccb2887742f?s=96&d=wp_user_avatar&r=g\",\"contentUrl\":\"https:\\\/\\\/secure.gravatar.com\\\/avatar\\\/71f2fa71737ad68a84fea94bc708ddac8ea5b0c4788dc2ad202f3ccb2887742f?s=96&d=wp_user_avatar&r=g\",\"caption\":\"Reda\u00e7\u00e3o JO\"},\"url\":\"https:\\\/\\\/jornaldasoficinas.com\\\/pt\\\/author\\\/joredacao\\\/\"}]}<\/script>\n<!-- \/ Yoast SEO plugin. -->","yoast_head_json":{"title":"ARAN organizou Confer\u00eancia comemorativa 80\u00ba anivers\u00e1rio - Jornal das Oficinas","robots":{"index":"index","follow":"follow","max-snippet":"max-snippet:-1","max-image-preview":"max-image-preview:large","max-video-preview":"max-video-preview:-1"},"canonical":"https:\/\/jornaldasoficinas.com\/pt\/aran-organizou-conferencia-comemorativa-80o-aniversario\/","og_locale":"pt_PT","og_type":"article","og_title":"ARAN organizou Confer\u00eancia comemorativa 80\u00ba anivers\u00e1rio - Jornal das Oficinas","og_description":"A ARAN \u2013 Associa\u00e7\u00e3o Nacional do...","og_url":"https:\/\/jornaldasoficinas.com\/pt\/aran-organizou-conferencia-comemorativa-80o-aniversario\/","og_site_name":"Jornal das Oficinas","article_publisher":"https:\/\/www.facebook.com\/jornaloficinas","article_published_time":"2021-07-27T07:00:45+00:00","article_modified_time":"2023-07-19T14:50:54+00:00","og_image":[{"width":1024,"height":581,"url":"https:\/\/jornaldasoficinas.com\/pt\/wp-content\/uploads\/2021\/07\/ARAN-organizou.jpg","type":"image\/jpeg"}],"author":"Reda\u00e7\u00e3o JO","twitter_card":"summary_large_image","twitter_creator":"@jornaloficinas","twitter_site":"@jornaloficinas","twitter_misc":{"Escrito por":"Reda\u00e7\u00e3o JO","Tempo estimado de leitura":"9 minutos"},"schema":{"@context":"https:\/\/schema.org","@graph":[{"@type":"Article","@id":"https:\/\/jornaldasoficinas.com\/pt\/aran-organizou-conferencia-comemorativa-80o-aniversario\/#article","isPartOf":{"@id":"https:\/\/jornaldasoficinas.com\/pt\/aran-organizou-conferencia-comemorativa-80o-aniversario\/"},"author":{"name":"Reda\u00e7\u00e3o JO","@id":"https:\/\/jornaldasoficinas.com\/pt\/#\/schema\/person\/a38eef5de2c41d9e7c9ac10141afddf3"},"headline":"ARAN organizou Confer\u00eancia comemorativa 80\u00ba anivers\u00e1rio","datePublished":"2021-07-27T07:00:45+00:00","dateModified":"2023-07-19T14:50:54+00:00","mainEntityOfPage":{"@id":"https:\/\/jornaldasoficinas.com\/pt\/aran-organizou-conferencia-comemorativa-80o-aniversario\/"},"wordCount":2162,"publisher":{"@id":"https:\/\/jornaldasoficinas.com\/pt\/#organization"},"image":{"@id":"https:\/\/jornaldasoficinas.com\/pt\/aran-organizou-conferencia-comemorativa-80o-aniversario\/#primaryimage"},"thumbnailUrl":"https:\/\/jornaldasoficinas.com\/pt\/wp-content\/uploads\/2021\/07\/ARAN-organizou.jpg","keywords":["ARAN"],"articleSection":["Empresas"],"inLanguage":"pt-PT"},{"@type":"WebPage","@id":"https:\/\/jornaldasoficinas.com\/pt\/aran-organizou-conferencia-comemorativa-80o-aniversario\/","url":"https:\/\/jornaldasoficinas.com\/pt\/aran-organizou-conferencia-comemorativa-80o-aniversario\/","name":"ARAN organizou Confer\u00eancia comemorativa 80\u00ba anivers\u00e1rio - Jornal das Oficinas","isPartOf":{"@id":"https:\/\/jornaldasoficinas.com\/pt\/#website"},"primaryImageOfPage":{"@id":"https:\/\/jornaldasoficinas.com\/pt\/aran-organizou-conferencia-comemorativa-80o-aniversario\/#primaryimage"},"image":{"@id":"https:\/\/jornaldasoficinas.com\/pt\/aran-organizou-conferencia-comemorativa-80o-aniversario\/#primaryimage"},"thumbnailUrl":"https:\/\/jornaldasoficinas.com\/pt\/wp-content\/uploads\/2021\/07\/ARAN-organizou.jpg","datePublished":"2021-07-27T07:00:45+00:00","dateModified":"2023-07-19T14:50:54+00:00","breadcrumb":{"@id":"https:\/\/jornaldasoficinas.com\/pt\/aran-organizou-conferencia-comemorativa-80o-aniversario\/#breadcrumb"},"inLanguage":"pt-PT","potentialAction":[{"@type":"ReadAction","target":["https:\/\/jornaldasoficinas.com\/pt\/aran-organizou-conferencia-comemorativa-80o-aniversario\/"]}]},{"@type":"ImageObject","inLanguage":"pt-PT","@id":"https:\/\/jornaldasoficinas.com\/pt\/aran-organizou-conferencia-comemorativa-80o-aniversario\/#primaryimage","url":"https:\/\/jornaldasoficinas.com\/pt\/wp-content\/uploads\/2021\/07\/ARAN-organizou.jpg","contentUrl":"https:\/\/jornaldasoficinas.com\/pt\/wp-content\/uploads\/2021\/07\/ARAN-organizou.jpg","width":1024,"height":581,"caption":"07 - ARAN-organizou"},{"@type":"BreadcrumbList","@id":"https:\/\/jornaldasoficinas.com\/pt\/aran-organizou-conferencia-comemorativa-80o-aniversario\/#breadcrumb","itemListElement":[{"@type":"ListItem","position":1,"name":"In\u00edcio","item":"https:\/\/jornaldasoficinas.com\/pt\/"},{"@type":"ListItem","position":2,"name":"ARAN organizou Confer\u00eancia comemorativa 80\u00ba anivers\u00e1rio"}]},{"@type":"WebSite","@id":"https:\/\/jornaldasoficinas.com\/pt\/#website","url":"https:\/\/jornaldasoficinas.com\/pt\/","name":"Jornal das Oficinas","description":"Jornal independente do Aftermarket Autom\u00f3vel em Portugal","publisher":{"@id":"https:\/\/jornaldasoficinas.com\/pt\/#organization"},"potentialAction":[{"@type":"SearchAction","target":{"@type":"EntryPoint","urlTemplate":"https:\/\/jornaldasoficinas.com\/pt\/?s={search_term_string}"},"query-input":{"@type":"PropertyValueSpecification","valueRequired":true,"valueName":"search_term_string"}}],"inLanguage":"pt-PT"},{"@type":"Organization","@id":"https:\/\/jornaldasoficinas.com\/pt\/#organization","name":"Jornal das Oficinas","url":"https:\/\/jornaldasoficinas.com\/pt\/","logo":{"@type":"ImageObject","inLanguage":"pt-PT","@id":"https:\/\/jornaldasoficinas.com\/pt\/#\/schema\/logo\/image\/","url":"https:\/\/jornaldasoficinas.com\/pt\/wp-content\/uploads\/logoJO-SEO.png","contentUrl":"https:\/\/jornaldasoficinas.com\/pt\/wp-content\/uploads\/logoJO-SEO.png","width":285,"height":450,"caption":"Jornal das Oficinas"},"image":{"@id":"https:\/\/jornaldasoficinas.com\/pt\/#\/schema\/logo\/image\/"},"sameAs":["https:\/\/www.facebook.com\/jornaloficinas","https:\/\/x.com\/jornaloficinas","https:\/\/www.instagram.com\/jornal_oficinas\/","https:\/\/www.linkedin.com\/company\/jornal-das-oficinas\/","https:\/\/www.youtube.com\/channel\/UCbQZBqtcvV-oSQrr7RzINGg"]},{"@type":"Person","@id":"https:\/\/jornaldasoficinas.com\/pt\/#\/schema\/person\/a38eef5de2c41d9e7c9ac10141afddf3","name":"Reda\u00e7\u00e3o JO","image":{"@type":"ImageObject","inLanguage":"pt-PT","@id":"https:\/\/secure.gravatar.com\/avatar\/71f2fa71737ad68a84fea94bc708ddac8ea5b0c4788dc2ad202f3ccb2887742f?s=96&d=wp_user_avatar&r=g","url":"https:\/\/secure.gravatar.com\/avatar\/71f2fa71737ad68a84fea94bc708ddac8ea5b0c4788dc2ad202f3ccb2887742f?s=96&d=wp_user_avatar&r=g","contentUrl":"https:\/\/secure.gravatar.com\/avatar\/71f2fa71737ad68a84fea94bc708ddac8ea5b0c4788dc2ad202f3ccb2887742f?s=96&d=wp_user_avatar&r=g","caption":"Reda\u00e7\u00e3o JO"},"url":"https:\/\/jornaldasoficinas.com\/pt\/author\/joredacao\/"}]}},"_links":{"self":[{"href":"https:\/\/jornaldasoficinas.com\/pt\/wp-json\/wp\/v2\/posts\/22918","targetHints":{"allow":["GET"]}}],"collection":[{"href":"https:\/\/jornaldasoficinas.com\/pt\/wp-json\/wp\/v2\/posts"}],"about":[{"href":"https:\/\/jornaldasoficinas.com\/pt\/wp-json\/wp\/v2\/types\/post"}],"author":[{"embeddable":true,"href":"https:\/\/jornaldasoficinas.com\/pt\/wp-json\/wp\/v2\/users\/15"}],"replies":[{"embeddable":true,"href":"https:\/\/jornaldasoficinas.com\/pt\/wp-json\/wp\/v2\/comments?post=22918"}],"version-history":[{"count":0,"href":"https:\/\/jornaldasoficinas.com\/pt\/wp-json\/wp\/v2\/posts\/22918\/revisions"}],"wp:featuredmedia":[{"embeddable":true,"href":"https:\/\/jornaldasoficinas.com\/pt\/wp-json\/wp\/v2\/media\/22883"}],"wp:attachment":[{"href":"https:\/\/jornaldasoficinas.com\/pt\/wp-json\/wp\/v2\/media?parent=22918"}],"wp:term":[{"taxonomy":"category","embeddable":true,"href":"https:\/\/jornaldasoficinas.com\/pt\/wp-json\/wp\/v2\/categories?post=22918"},{"taxonomy":"post_tag","embeddable":true,"href":"https:\/\/jornaldasoficinas.com\/pt\/wp-json\/wp\/v2\/tags?post=22918"}],"curies":[{"name":"wp","href":"https:\/\/api.w.org\/{rel}","templated":true}]}}