{"id":22957,"date":"2021-07-30T10:30:26","date_gmt":"2021-07-30T09:30:26","guid":{"rendered":"https:\/\/jornaldasoficinas.com\/pt\/?p=22957"},"modified":"2021-07-30T12:03:48","modified_gmt":"2021-07-30T11:03:48","slug":"eni-expande-projetos-renovaveis-em-espanha","status":"publish","type":"post","link":"https:\/\/jornaldasoficinas.com\/pt\/eni-expande-projetos-renovaveis-em-espanha\/","title":{"rendered":"Eni expande projetos renov\u00e1veis em Espanha"},"content":{"rendered":"<p><img loading=\"lazy\" decoding=\"async\" class=\"alignnone size-full wp-image-22951\" src=\"https:\/\/jornaldasoficinas.com\/pt\/wp-content\/uploads\/2021\/07\/Eni-expande-projetos.png\" alt=\"07 - Eni-expande-projetos\" width=\"1024\" height=\"581\" srcset=\"https:\/\/jornaldasoficinas.com\/pt\/wp-content\/uploads\/2021\/07\/Eni-expande-projetos.png 1024w, https:\/\/jornaldasoficinas.com\/pt\/wp-content\/uploads\/2021\/07\/Eni-expande-projetos-300x170.png 300w, https:\/\/jornaldasoficinas.com\/pt\/wp-content\/uploads\/2021\/07\/Eni-expande-projetos-150x85.png 150w, https:\/\/jornaldasoficinas.com\/pt\/wp-content\/uploads\/2021\/07\/Eni-expande-projetos-768x436.png 768w\" sizes=\"auto, (max-width: 1024px) 100vw, 1024px\" \/><\/p>\n<p><strong>A <a href=\"https:\/\/www.sintetica.enilubes.com\/\" target=\"_blank\" rel=\"noopener\">Eni<\/a>, atrav\u00e9s da Eni Gas e Luce, assinou um acordo com a Azora Capital para a aquisi\u00e7\u00e3o de uma carteira de nove projetos de energia renov\u00e1vel em Espanha<\/strong><\/p>\n<p>A opera\u00e7\u00e3o envolve a aquisi\u00e7\u00e3o de tr\u00eas parques e\u00f3licos em funcionamento e de um parque e\u00f3lico em constru\u00e7\u00e3o na zona centro\/norte do pa\u00eds, num total de 230 MW, e cinco grandes projetos fotovoltaicos em desenvolvimento avan\u00e7ado para cerca de 1 GW. Para todas as f\u00e1bricas em constru\u00e7\u00e3o ou em desenvolvimento, a Eni e a Azora trabalhar\u00e3o em conjunto para garantir o in\u00edcio da produ\u00e7\u00e3o at\u00e9 2024. Al\u00e9m disso, a Eni e a Azora est\u00e3o a trabalhar no sentido de um acordo estrat\u00e9gico mais amplo para aumentar ainda mais a plataforma de energias renov\u00e1veis da Eni em Espanha.<\/p>\n<p>O acordo faz parte do desenvolvimento estrat\u00e9gico da Eni no mercado espanhol e centra-se no desenvolvimento combinado da capacidade de produ\u00e7\u00e3o de energia renov\u00e1vel e da base de clientes de retalho.\u00a0 Claudio Descalzi, CEO da Eni, comentou: \u201cEsta opera\u00e7\u00e3o permite-nos aumentar a nossa capacidade de produ\u00e7\u00e3o de energia renov\u00e1vel, com efeitos imediatos, em conformidade com o nosso plano de objetivos, e ao mesmo tempo refor\u00e7ar a nossa perspetiva de crescimento atrav\u00e9s de um conjunto de projetos fotovoltaicos num mercado estrat\u00e9gico como o espanhol, onde a Eni gas e luce est\u00e1 agora a trabalhar neste projeto com um forte parceiro espanhol como a Azora e a aumentar o seu fornecimento de energia renov\u00e1vel, com o objetivo de proporcionar ainda mais energia descarbonizada \u00e0 sua base de clientes\u201d.<\/p>\n<p>Santiago Olivares, S\u00f3cio S\u00e9nior e Chefe de Equipa de Infraestruturas da Azora, comentou: \u201cO investimento em energias renov\u00e1veis est\u00e1 no n\u00facleo das capacidades da Azora e \u00e9 uma convic\u00e7\u00e3o fundamental para n\u00f3s. Estamos orgulhosos por apoiar a Eni na sua expans\u00e3o cont\u00ednua no \u00e2mbito da energia renov\u00e1vel e estamos ansiosos para alavancar o nosso hist\u00f3rico de mais de 20 anos no setor das energias renov\u00e1veis por apoiar uma empresa l\u00edder de energia global nesta importante jornada de crescimento.\u201d<\/p>\n<p>A Eni Gas e Luce est\u00e1 presente em Espanha atrav\u00e9s da Aldro Energ\u00eda Y Soluciones S. L., uma empresa 100% filial da Eni que opera no mercado de venda de energia e g\u00e1s para os clientes dom\u00e9sticos, bem como para as grandes, pequenas e m\u00e9dias empresas. Em fevereiro de 2021, a Eni assinou um acordo com a X-Elio para a aquisi\u00e7\u00e3o de tr\u00eas projetos fotovoltaicos no sul da Espanha, com uma capacidade total de 140 MW.<\/p>\n","protected":false},"excerpt":{"rendered":"<p>A Eni, atrav\u00e9s da Eni Gas&#8230;<\/p>\n","protected":false},"author":15,"featured_media":22951,"comment_status":"closed","ping_status":"closed","sticky":false,"template":"","format":"standard","meta":{"footnotes":""},"categories":[29],"tags":[70],"class_list":["post-22957","post","type-post","status-publish","format-standard","has-post-thumbnail","hentry","category-empresas","tag-eni"],"yoast_head":"<!-- This site is optimized with the Yoast SEO plugin v27.4 - https:\/\/yoast.com\/product\/yoast-seo-wordpress\/ -->\n<title>Eni expande projetos renov\u00e1veis em Espanha - Jornal das Oficinas<\/title>\n<meta name=\"robots\" content=\"index, follow, max-snippet:-1, max-image-preview:large, max-video-preview:-1\" \/>\n<link rel=\"canonical\" href=\"https:\/\/jornaldasoficinas.com\/pt\/eni-expande-projetos-renovaveis-em-espanha\/\" \/>\n<meta property=\"og:locale\" content=\"pt_PT\" \/>\n<meta property=\"og:type\" content=\"article\" \/>\n<meta property=\"og:title\" content=\"Eni expande projetos renov\u00e1veis em Espanha - Jornal das Oficinas\" \/>\n<meta property=\"og:description\" content=\"A Eni, atrav\u00e9s da Eni Gas...\" \/>\n<meta property=\"og:url\" content=\"https:\/\/jornaldasoficinas.com\/pt\/eni-expande-projetos-renovaveis-em-espanha\/\" \/>\n<meta property=\"og:site_name\" content=\"Jornal das Oficinas\" \/>\n<meta property=\"article:publisher\" content=\"https:\/\/www.facebook.com\/jornaloficinas\" \/>\n<meta property=\"article:published_time\" content=\"2021-07-30T09:30:26+00:00\" \/>\n<meta property=\"article:modified_time\" content=\"2021-07-30T11:03:48+00:00\" \/>\n<meta property=\"og:image\" content=\"https:\/\/jornaldasoficinas.com\/pt\/wp-content\/uploads\/2021\/07\/Eni-expande-projetos.png\" \/>\n\t<meta property=\"og:image:width\" content=\"1024\" \/>\n\t<meta property=\"og:image:height\" content=\"581\" \/>\n\t<meta property=\"og:image:type\" content=\"image\/png\" \/>\n<meta name=\"author\" content=\"Reda\u00e7\u00e3o JO\" \/>\n<meta name=\"twitter:card\" content=\"summary_large_image\" \/>\n<meta name=\"twitter:creator\" content=\"@jornaloficinas\" \/>\n<meta name=\"twitter:site\" content=\"@jornaloficinas\" \/>\n<meta name=\"twitter:label1\" content=\"Escrito por\" \/>\n\t<meta name=\"twitter:data1\" content=\"Reda\u00e7\u00e3o JO\" \/>\n\t<meta name=\"twitter:label2\" content=\"Tempo estimado de leitura\" \/>\n\t<meta name=\"twitter:data2\" content=\"2 minutos\" \/>\n<script type=\"application\/ld+json\" class=\"yoast-schema-graph\">{\"@context\":\"https:\\\/\\\/schema.org\",\"@graph\":[{\"@type\":\"Article\",\"@id\":\"https:\\\/\\\/jornaldasoficinas.com\\\/pt\\\/eni-expande-projetos-renovaveis-em-espanha\\\/#article\",\"isPartOf\":{\"@id\":\"https:\\\/\\\/jornaldasoficinas.com\\\/pt\\\/eni-expande-projetos-renovaveis-em-espanha\\\/\"},\"author\":{\"name\":\"Reda\u00e7\u00e3o JO\",\"@id\":\"https:\\\/\\\/jornaldasoficinas.com\\\/pt\\\/#\\\/schema\\\/person\\\/a38eef5de2c41d9e7c9ac10141afddf3\"},\"headline\":\"Eni expande projetos renov\u00e1veis em Espanha\",\"datePublished\":\"2021-07-30T09:30:26+00:00\",\"dateModified\":\"2021-07-30T11:03:48+00:00\",\"mainEntityOfPage\":{\"@id\":\"https:\\\/\\\/jornaldasoficinas.com\\\/pt\\\/eni-expande-projetos-renovaveis-em-espanha\\\/\"},\"wordCount\":454,\"publisher\":{\"@id\":\"https:\\\/\\\/jornaldasoficinas.com\\\/pt\\\/#organization\"},\"image\":{\"@id\":\"https:\\\/\\\/jornaldasoficinas.com\\\/pt\\\/eni-expande-projetos-renovaveis-em-espanha\\\/#primaryimage\"},\"thumbnailUrl\":\"https:\\\/\\\/jornaldasoficinas.com\\\/pt\\\/wp-content\\\/uploads\\\/2021\\\/07\\\/Eni-expande-projetos.png\",\"keywords\":[\"Eni\"],\"articleSection\":[\"Empresas\"],\"inLanguage\":\"pt-PT\"},{\"@type\":\"WebPage\",\"@id\":\"https:\\\/\\\/jornaldasoficinas.com\\\/pt\\\/eni-expande-projetos-renovaveis-em-espanha\\\/\",\"url\":\"https:\\\/\\\/jornaldasoficinas.com\\\/pt\\\/eni-expande-projetos-renovaveis-em-espanha\\\/\",\"name\":\"Eni expande projetos renov\u00e1veis em Espanha - Jornal das Oficinas\",\"isPartOf\":{\"@id\":\"https:\\\/\\\/jornaldasoficinas.com\\\/pt\\\/#website\"},\"primaryImageOfPage\":{\"@id\":\"https:\\\/\\\/jornaldasoficinas.com\\\/pt\\\/eni-expande-projetos-renovaveis-em-espanha\\\/#primaryimage\"},\"image\":{\"@id\":\"https:\\\/\\\/jornaldasoficinas.com\\\/pt\\\/eni-expande-projetos-renovaveis-em-espanha\\\/#primaryimage\"},\"thumbnailUrl\":\"https:\\\/\\\/jornaldasoficinas.com\\\/pt\\\/wp-content\\\/uploads\\\/2021\\\/07\\\/Eni-expande-projetos.png\",\"datePublished\":\"2021-07-30T09:30:26+00:00\",\"dateModified\":\"2021-07-30T11:03:48+00:00\",\"breadcrumb\":{\"@id\":\"https:\\\/\\\/jornaldasoficinas.com\\\/pt\\\/eni-expande-projetos-renovaveis-em-espanha\\\/#breadcrumb\"},\"inLanguage\":\"pt-PT\",\"potentialAction\":[{\"@type\":\"ReadAction\",\"target\":[\"https:\\\/\\\/jornaldasoficinas.com\\\/pt\\\/eni-expande-projetos-renovaveis-em-espanha\\\/\"]}]},{\"@type\":\"ImageObject\",\"inLanguage\":\"pt-PT\",\"@id\":\"https:\\\/\\\/jornaldasoficinas.com\\\/pt\\\/eni-expande-projetos-renovaveis-em-espanha\\\/#primaryimage\",\"url\":\"https:\\\/\\\/jornaldasoficinas.com\\\/pt\\\/wp-content\\\/uploads\\\/2021\\\/07\\\/Eni-expande-projetos.png\",\"contentUrl\":\"https:\\\/\\\/jornaldasoficinas.com\\\/pt\\\/wp-content\\\/uploads\\\/2021\\\/07\\\/Eni-expande-projetos.png\",\"width\":1024,\"height\":581,\"caption\":\"07 - Eni-expande-projetos\"},{\"@type\":\"BreadcrumbList\",\"@id\":\"https:\\\/\\\/jornaldasoficinas.com\\\/pt\\\/eni-expande-projetos-renovaveis-em-espanha\\\/#breadcrumb\",\"itemListElement\":[{\"@type\":\"ListItem\",\"position\":1,\"name\":\"In\u00edcio\",\"item\":\"https:\\\/\\\/jornaldasoficinas.com\\\/pt\\\/\"},{\"@type\":\"ListItem\",\"position\":2,\"name\":\"Eni expande projetos renov\u00e1veis em Espanha\"}]},{\"@type\":\"WebSite\",\"@id\":\"https:\\\/\\\/jornaldasoficinas.com\\\/pt\\\/#website\",\"url\":\"https:\\\/\\\/jornaldasoficinas.com\\\/pt\\\/\",\"name\":\"Jornal das Oficinas\",\"description\":\"Jornal independente do Aftermarket Autom\u00f3vel em Portugal\",\"publisher\":{\"@id\":\"https:\\\/\\\/jornaldasoficinas.com\\\/pt\\\/#organization\"},\"potentialAction\":[{\"@type\":\"SearchAction\",\"target\":{\"@type\":\"EntryPoint\",\"urlTemplate\":\"https:\\\/\\\/jornaldasoficinas.com\\\/pt\\\/?s={search_term_string}\"},\"query-input\":{\"@type\":\"PropertyValueSpecification\",\"valueRequired\":true,\"valueName\":\"search_term_string\"}}],\"inLanguage\":\"pt-PT\"},{\"@type\":\"Organization\",\"@id\":\"https:\\\/\\\/jornaldasoficinas.com\\\/pt\\\/#organization\",\"name\":\"Jornal das Oficinas\",\"url\":\"https:\\\/\\\/jornaldasoficinas.com\\\/pt\\\/\",\"logo\":{\"@type\":\"ImageObject\",\"inLanguage\":\"pt-PT\",\"@id\":\"https:\\\/\\\/jornaldasoficinas.com\\\/pt\\\/#\\\/schema\\\/logo\\\/image\\\/\",\"url\":\"https:\\\/\\\/jornaldasoficinas.com\\\/pt\\\/wp-content\\\/uploads\\\/logoJO-SEO.png\",\"contentUrl\":\"https:\\\/\\\/jornaldasoficinas.com\\\/pt\\\/wp-content\\\/uploads\\\/logoJO-SEO.png\",\"width\":285,\"height\":450,\"caption\":\"Jornal das Oficinas\"},\"image\":{\"@id\":\"https:\\\/\\\/jornaldasoficinas.com\\\/pt\\\/#\\\/schema\\\/logo\\\/image\\\/\"},\"sameAs\":[\"https:\\\/\\\/www.facebook.com\\\/jornaloficinas\",\"https:\\\/\\\/x.com\\\/jornaloficinas\",\"https:\\\/\\\/www.instagram.com\\\/jornal_oficinas\\\/\",\"https:\\\/\\\/www.linkedin.com\\\/company\\\/jornal-das-oficinas\\\/\",\"https:\\\/\\\/www.youtube.com\\\/channel\\\/UCbQZBqtcvV-oSQrr7RzINGg\"]},{\"@type\":\"Person\",\"@id\":\"https:\\\/\\\/jornaldasoficinas.com\\\/pt\\\/#\\\/schema\\\/person\\\/a38eef5de2c41d9e7c9ac10141afddf3\",\"name\":\"Reda\u00e7\u00e3o JO\",\"image\":{\"@type\":\"ImageObject\",\"inLanguage\":\"pt-PT\",\"@id\":\"https:\\\/\\\/secure.gravatar.com\\\/avatar\\\/71f2fa71737ad68a84fea94bc708ddac8ea5b0c4788dc2ad202f3ccb2887742f?s=96&d=wp_user_avatar&r=g\",\"url\":\"https:\\\/\\\/secure.gravatar.com\\\/avatar\\\/71f2fa71737ad68a84fea94bc708ddac8ea5b0c4788dc2ad202f3ccb2887742f?s=96&d=wp_user_avatar&r=g\",\"contentUrl\":\"https:\\\/\\\/secure.gravatar.com\\\/avatar\\\/71f2fa71737ad68a84fea94bc708ddac8ea5b0c4788dc2ad202f3ccb2887742f?s=96&d=wp_user_avatar&r=g\",\"caption\":\"Reda\u00e7\u00e3o JO\"},\"url\":\"https:\\\/\\\/jornaldasoficinas.com\\\/pt\\\/author\\\/joredacao\\\/\"}]}<\/script>\n<!-- \/ Yoast SEO plugin. -->","yoast_head_json":{"title":"Eni expande projetos renov\u00e1veis em Espanha - Jornal das Oficinas","robots":{"index":"index","follow":"follow","max-snippet":"max-snippet:-1","max-image-preview":"max-image-preview:large","max-video-preview":"max-video-preview:-1"},"canonical":"https:\/\/jornaldasoficinas.com\/pt\/eni-expande-projetos-renovaveis-em-espanha\/","og_locale":"pt_PT","og_type":"article","og_title":"Eni expande projetos renov\u00e1veis em Espanha - Jornal das Oficinas","og_description":"A Eni, atrav\u00e9s da Eni Gas...","og_url":"https:\/\/jornaldasoficinas.com\/pt\/eni-expande-projetos-renovaveis-em-espanha\/","og_site_name":"Jornal das Oficinas","article_publisher":"https:\/\/www.facebook.com\/jornaloficinas","article_published_time":"2021-07-30T09:30:26+00:00","article_modified_time":"2021-07-30T11:03:48+00:00","og_image":[{"width":1024,"height":581,"url":"https:\/\/jornaldasoficinas.com\/pt\/wp-content\/uploads\/2021\/07\/Eni-expande-projetos.png","type":"image\/png"}],"author":"Reda\u00e7\u00e3o JO","twitter_card":"summary_large_image","twitter_creator":"@jornaloficinas","twitter_site":"@jornaloficinas","twitter_misc":{"Escrito por":"Reda\u00e7\u00e3o JO","Tempo estimado de leitura":"2 minutos"},"schema":{"@context":"https:\/\/schema.org","@graph":[{"@type":"Article","@id":"https:\/\/jornaldasoficinas.com\/pt\/eni-expande-projetos-renovaveis-em-espanha\/#article","isPartOf":{"@id":"https:\/\/jornaldasoficinas.com\/pt\/eni-expande-projetos-renovaveis-em-espanha\/"},"author":{"name":"Reda\u00e7\u00e3o JO","@id":"https:\/\/jornaldasoficinas.com\/pt\/#\/schema\/person\/a38eef5de2c41d9e7c9ac10141afddf3"},"headline":"Eni expande projetos renov\u00e1veis em Espanha","datePublished":"2021-07-30T09:30:26+00:00","dateModified":"2021-07-30T11:03:48+00:00","mainEntityOfPage":{"@id":"https:\/\/jornaldasoficinas.com\/pt\/eni-expande-projetos-renovaveis-em-espanha\/"},"wordCount":454,"publisher":{"@id":"https:\/\/jornaldasoficinas.com\/pt\/#organization"},"image":{"@id":"https:\/\/jornaldasoficinas.com\/pt\/eni-expande-projetos-renovaveis-em-espanha\/#primaryimage"},"thumbnailUrl":"https:\/\/jornaldasoficinas.com\/pt\/wp-content\/uploads\/2021\/07\/Eni-expande-projetos.png","keywords":["Eni"],"articleSection":["Empresas"],"inLanguage":"pt-PT"},{"@type":"WebPage","@id":"https:\/\/jornaldasoficinas.com\/pt\/eni-expande-projetos-renovaveis-em-espanha\/","url":"https:\/\/jornaldasoficinas.com\/pt\/eni-expande-projetos-renovaveis-em-espanha\/","name":"Eni expande projetos renov\u00e1veis em Espanha - Jornal das Oficinas","isPartOf":{"@id":"https:\/\/jornaldasoficinas.com\/pt\/#website"},"primaryImageOfPage":{"@id":"https:\/\/jornaldasoficinas.com\/pt\/eni-expande-projetos-renovaveis-em-espanha\/#primaryimage"},"image":{"@id":"https:\/\/jornaldasoficinas.com\/pt\/eni-expande-projetos-renovaveis-em-espanha\/#primaryimage"},"thumbnailUrl":"https:\/\/jornaldasoficinas.com\/pt\/wp-content\/uploads\/2021\/07\/Eni-expande-projetos.png","datePublished":"2021-07-30T09:30:26+00:00","dateModified":"2021-07-30T11:03:48+00:00","breadcrumb":{"@id":"https:\/\/jornaldasoficinas.com\/pt\/eni-expande-projetos-renovaveis-em-espanha\/#breadcrumb"},"inLanguage":"pt-PT","potentialAction":[{"@type":"ReadAction","target":["https:\/\/jornaldasoficinas.com\/pt\/eni-expande-projetos-renovaveis-em-espanha\/"]}]},{"@type":"ImageObject","inLanguage":"pt-PT","@id":"https:\/\/jornaldasoficinas.com\/pt\/eni-expande-projetos-renovaveis-em-espanha\/#primaryimage","url":"https:\/\/jornaldasoficinas.com\/pt\/wp-content\/uploads\/2021\/07\/Eni-expande-projetos.png","contentUrl":"https:\/\/jornaldasoficinas.com\/pt\/wp-content\/uploads\/2021\/07\/Eni-expande-projetos.png","width":1024,"height":581,"caption":"07 - Eni-expande-projetos"},{"@type":"BreadcrumbList","@id":"https:\/\/jornaldasoficinas.com\/pt\/eni-expande-projetos-renovaveis-em-espanha\/#breadcrumb","itemListElement":[{"@type":"ListItem","position":1,"name":"In\u00edcio","item":"https:\/\/jornaldasoficinas.com\/pt\/"},{"@type":"ListItem","position":2,"name":"Eni expande projetos renov\u00e1veis em Espanha"}]},{"@type":"WebSite","@id":"https:\/\/jornaldasoficinas.com\/pt\/#website","url":"https:\/\/jornaldasoficinas.com\/pt\/","name":"Jornal das Oficinas","description":"Jornal independente do Aftermarket Autom\u00f3vel em Portugal","publisher":{"@id":"https:\/\/jornaldasoficinas.com\/pt\/#organization"},"potentialAction":[{"@type":"SearchAction","target":{"@type":"EntryPoint","urlTemplate":"https:\/\/jornaldasoficinas.com\/pt\/?s={search_term_string}"},"query-input":{"@type":"PropertyValueSpecification","valueRequired":true,"valueName":"search_term_string"}}],"inLanguage":"pt-PT"},{"@type":"Organization","@id":"https:\/\/jornaldasoficinas.com\/pt\/#organization","name":"Jornal das Oficinas","url":"https:\/\/jornaldasoficinas.com\/pt\/","logo":{"@type":"ImageObject","inLanguage":"pt-PT","@id":"https:\/\/jornaldasoficinas.com\/pt\/#\/schema\/logo\/image\/","url":"https:\/\/jornaldasoficinas.com\/pt\/wp-content\/uploads\/logoJO-SEO.png","contentUrl":"https:\/\/jornaldasoficinas.com\/pt\/wp-content\/uploads\/logoJO-SEO.png","width":285,"height":450,"caption":"Jornal das Oficinas"},"image":{"@id":"https:\/\/jornaldasoficinas.com\/pt\/#\/schema\/logo\/image\/"},"sameAs":["https:\/\/www.facebook.com\/jornaloficinas","https:\/\/x.com\/jornaloficinas","https:\/\/www.instagram.com\/jornal_oficinas\/","https:\/\/www.linkedin.com\/company\/jornal-das-oficinas\/","https:\/\/www.youtube.com\/channel\/UCbQZBqtcvV-oSQrr7RzINGg"]},{"@type":"Person","@id":"https:\/\/jornaldasoficinas.com\/pt\/#\/schema\/person\/a38eef5de2c41d9e7c9ac10141afddf3","name":"Reda\u00e7\u00e3o JO","image":{"@type":"ImageObject","inLanguage":"pt-PT","@id":"https:\/\/secure.gravatar.com\/avatar\/71f2fa71737ad68a84fea94bc708ddac8ea5b0c4788dc2ad202f3ccb2887742f?s=96&d=wp_user_avatar&r=g","url":"https:\/\/secure.gravatar.com\/avatar\/71f2fa71737ad68a84fea94bc708ddac8ea5b0c4788dc2ad202f3ccb2887742f?s=96&d=wp_user_avatar&r=g","contentUrl":"https:\/\/secure.gravatar.com\/avatar\/71f2fa71737ad68a84fea94bc708ddac8ea5b0c4788dc2ad202f3ccb2887742f?s=96&d=wp_user_avatar&r=g","caption":"Reda\u00e7\u00e3o JO"},"url":"https:\/\/jornaldasoficinas.com\/pt\/author\/joredacao\/"}]}},"_links":{"self":[{"href":"https:\/\/jornaldasoficinas.com\/pt\/wp-json\/wp\/v2\/posts\/22957","targetHints":{"allow":["GET"]}}],"collection":[{"href":"https:\/\/jornaldasoficinas.com\/pt\/wp-json\/wp\/v2\/posts"}],"about":[{"href":"https:\/\/jornaldasoficinas.com\/pt\/wp-json\/wp\/v2\/types\/post"}],"author":[{"embeddable":true,"href":"https:\/\/jornaldasoficinas.com\/pt\/wp-json\/wp\/v2\/users\/15"}],"replies":[{"embeddable":true,"href":"https:\/\/jornaldasoficinas.com\/pt\/wp-json\/wp\/v2\/comments?post=22957"}],"version-history":[{"count":0,"href":"https:\/\/jornaldasoficinas.com\/pt\/wp-json\/wp\/v2\/posts\/22957\/revisions"}],"wp:featuredmedia":[{"embeddable":true,"href":"https:\/\/jornaldasoficinas.com\/pt\/wp-json\/wp\/v2\/media\/22951"}],"wp:attachment":[{"href":"https:\/\/jornaldasoficinas.com\/pt\/wp-json\/wp\/v2\/media?parent=22957"}],"wp:term":[{"taxonomy":"category","embeddable":true,"href":"https:\/\/jornaldasoficinas.com\/pt\/wp-json\/wp\/v2\/categories?post=22957"},{"taxonomy":"post_tag","embeddable":true,"href":"https:\/\/jornaldasoficinas.com\/pt\/wp-json\/wp\/v2\/tags?post=22957"}],"curies":[{"name":"wp","href":"https:\/\/api.w.org\/{rel}","templated":true}]}}