{"id":22996,"date":"2021-07-29T16:00:31","date_gmt":"2021-07-29T15:00:31","guid":{"rendered":"https:\/\/jornaldasoficinas.com\/pt\/?p=22996"},"modified":"2021-07-29T09:18:56","modified_gmt":"2021-07-29T08:18:56","slug":"ngk-quer-alcancar-neutralidade-carbono-com-eco-vision-2030","status":"publish","type":"post","link":"https:\/\/jornaldasoficinas.com\/pt\/ngk-quer-alcancar-neutralidade-carbono-com-eco-vision-2030\/","title":{"rendered":"NGK quer alcan\u00e7ar neutralidade carbono com \u201cEco Vision 2030\u201d"},"content":{"rendered":"<p><img loading=\"lazy\" decoding=\"async\" class=\"alignnone size-full wp-image-23001\" src=\"https:\/\/jornaldasoficinas.com\/pt\/wp-content\/uploads\/2021\/07\/NGK-quer-alcancar.jpg\" alt=\"07 - NGK-quer-alcancar\" width=\"1024\" height=\"581\" srcset=\"https:\/\/jornaldasoficinas.com\/pt\/wp-content\/uploads\/2021\/07\/NGK-quer-alcancar.jpg 1024w, https:\/\/jornaldasoficinas.com\/pt\/wp-content\/uploads\/2021\/07\/NGK-quer-alcancar-300x170.jpg 300w, https:\/\/jornaldasoficinas.com\/pt\/wp-content\/uploads\/2021\/07\/NGK-quer-alcancar-150x85.jpg 150w, https:\/\/jornaldasoficinas.com\/pt\/wp-content\/uploads\/2021\/07\/NGK-quer-alcancar-768x436.jpg 768w\" sizes=\"auto, (max-width: 1024px) 100vw, 1024px\" \/><\/p>\n<p><strong>Com o objetivo de alcan\u00e7ar a neutralidade de carbono at\u00e9 2050, NGK SPARK PLUG estabeleceu a &#8220;Eco Vision 2030&#8221;. Baseada nos &#8220;Objetivos de Desenvolvimento Sustent\u00e1vel&#8221; das Na\u00e7\u00f5es Unidas, esta vis\u00e3o estabelece marcos sobre o lugar para onde a empresa quer chegar no final desta d\u00e9cada, bem como a vis\u00e3o que se perseguir\u00e1 nos pr\u00f3ximos dez anos at\u00e9 2040<\/strong><\/p>\n<p>Para a &#8220;Eco Vision 2030&#8221;, foram analisados os impactos que as opera\u00e7\u00f5es e produtos cotidianos da empresa t\u00eam tanto na sociedade como no neg\u00f3cio, e finalmente foram identificados 13 problemas. Destes, foram selecionados quatro temas principais, considerados de maior impacto, e foram atribu\u00eddas metas num\u00e9ricas. Tratava-se de &#8220;Resposta \u00e0s altera\u00e7\u00f5es clim\u00e1ticas&#8221;, &#8220;Expans\u00e3o de produtos respeitadores do ambiente&#8221;, &#8220;Conserva\u00e7\u00e3o dos recursos h\u00eddricos&#8221; e &#8220;Gest\u00e3o de res\u00edduos&#8221;. Atrav\u00e9s da pr\u00e1tica da &#8220;Eco Vision 2030&#8221;, todos os funcion\u00e1rios da <a href=\"https:\/\/ngksparkplugs.com\/\" target=\"_blank\" rel=\"noopener\">NGK SPARK PLUG<\/a> trabalhar\u00e3o juntos para contribuir para a realiza\u00e7\u00e3o da neutralidade global de carbono e zero emiss\u00f5es.<\/p>\n<p>&#8220;Estamos a experimentar uma mudan\u00e7a sem precedentes na nossa empresa&#8221;, diz Damien Germ\u00e8s, presidente e diretor executivo da NGK SPARK PLUG EUROPE GmbH, presidente regional para EMEA e diretor corporativo da sede mundial no Jap\u00e3o. &#8220;Embora a quest\u00e3o das altera\u00e7\u00f5es clim\u00e1ticas nos apresente muitos desafios, oferece tamb\u00e9m muitas oportunidades, que estamos ansiosos por aproveitar. Com o nosso Plano de Gest\u00e3o a Longo Prazo, &#8220;Nittoku BX&#8221;, j\u00e1 come\u00e7amos o processo de transforma\u00e7\u00e3o numa empresa ambientalmente sustent\u00e1vel apta para o futuro. A nossa nova &#8216;Eco Vision 2030&#8217;, junto com os nossos Venture Labs, e o nosso investimento num Fundo de Capital de Risco Corporativo de 100 milh\u00f5es de d\u00f3lares ,que se administra com o apoio da firma global de capital de risco Pegasus Tech Ventures, demonstram claramente o caminho em que estamos. &#8221;<\/p>\n<p>Na categoria &#8216;Respondendo \u00e0 Mudan\u00e7a Clim\u00e1tica&#8217;, a empresa tem como objetivo alcan\u00e7ar at\u00e9 2030 uma redu\u00e7\u00e3o de 30% das emiss\u00f5es de CO2 em compara\u00e7\u00e3o com as cifras de 2018. Para tal, \u00e9 dada prioridade \u00e0s atividades empresariais que contribuem para uma sociedade descarbonizada. De fato, a empresa j\u00e1 fez avan\u00e7os significativos nesta frente, como o demonstra o progresso emocionante que est\u00e1 conseguindo no desenvolvimento da tecnologia de c\u00e9lulas de combust\u00edvel de \u00f3xido s\u00f3lido (SOFC). Al\u00e9m disso, isto trar\u00e1 ainda mais benef\u00edcios no futuro, quando o hidrog\u00e9nio isento de carbono puder ser utilizado como combust\u00edvel.<\/p>\n<p>Para ter \u00eaxito na &#8220;expans\u00e3o de produtos respeitadores do ambiente&#8221;, a empresa estabeleceu um sistema de certifica\u00e7\u00e3o de produtos respeitadores do ambiente, que avalia o impacto ambiental na cadeia de abastecimento, incluindo os processos de produ\u00e7\u00e3o internos. Os produtos conformes com os padr\u00f5es de certifica\u00e7\u00e3o ser\u00e3o anunciados anualmente, sob o t\u00edtulo de &#8220;Nittoku Green Products&#8221;. Este sistema de certifica\u00e7\u00e3o ir\u00e1, em \u00faltima an\u00e1lise, acelerar a cria\u00e7\u00e3o de produtos respeitadores do ambiente.<\/p>\n<p>Juntamente com a &#8220;Conserva\u00e7\u00e3o dos recursos h\u00eddricos&#8221;, que tem como objetivo manter a intensidade do consumo de \u00e1gua abaixo do n\u00edvel do ano fiscal de 2018 atrav\u00e9s da implementa\u00e7\u00e3o de opera\u00e7\u00f5es comerciais sustent\u00e1veis, a empresa tamb\u00e9m est\u00e1 a dar maior \u00eanfase \u00e0 &#8220;Gest\u00e3o de Res\u00edduos&#8221;. Esta pol\u00edtica far\u00e1 com que a NGK SPARK PLUG se esforce por conseguir uma taxa de utiliza\u00e7\u00e3o efetiva de mais de 95% em termos de desperd\u00edcio. As &#8220;3R&#8221; (reduzir, reutilizar, reciclar) ser\u00e3o ainda mais priorit\u00e1rias e levar\u00e3o a uma redu\u00e7\u00e3o de pelo menos 1% da intensidade dos res\u00edduos em compara\u00e7\u00e3o com o ano fiscal de 2018.<\/p>\n","protected":false},"excerpt":{"rendered":"<p>Com o objetivo de alcan\u00e7ar a&#8230;<\/p>\n","protected":false},"author":15,"featured_media":23001,"comment_status":"closed","ping_status":"closed","sticky":false,"template":"","format":"standard","meta":{"footnotes":""},"categories":[29],"tags":[1072],"class_list":["post-22996","post","type-post","status-publish","format-standard","has-post-thumbnail","hentry","category-empresas","tag-ngk"],"yoast_head":"<!-- This site is optimized with the Yoast SEO plugin v27.4 - https:\/\/yoast.com\/product\/yoast-seo-wordpress\/ -->\n<title>NGK quer alcan\u00e7ar neutralidade carbono com \u201cEco Vision 2030\u201d - Jornal das Oficinas<\/title>\n<meta name=\"robots\" content=\"index, follow, max-snippet:-1, max-image-preview:large, max-video-preview:-1\" \/>\n<link rel=\"canonical\" href=\"https:\/\/jornaldasoficinas.com\/pt\/ngk-quer-alcancar-neutralidade-carbono-com-eco-vision-2030\/\" \/>\n<meta property=\"og:locale\" content=\"pt_PT\" \/>\n<meta property=\"og:type\" content=\"article\" \/>\n<meta property=\"og:title\" content=\"NGK quer alcan\u00e7ar neutralidade carbono com \u201cEco Vision 2030\u201d - Jornal das Oficinas\" \/>\n<meta property=\"og:description\" content=\"Com o objetivo de alcan\u00e7ar a...\" \/>\n<meta property=\"og:url\" content=\"https:\/\/jornaldasoficinas.com\/pt\/ngk-quer-alcancar-neutralidade-carbono-com-eco-vision-2030\/\" \/>\n<meta property=\"og:site_name\" content=\"Jornal das Oficinas\" \/>\n<meta property=\"article:publisher\" content=\"https:\/\/www.facebook.com\/jornaloficinas\" \/>\n<meta property=\"article:published_time\" content=\"2021-07-29T15:00:31+00:00\" \/>\n<meta property=\"og:image\" content=\"https:\/\/jornaldasoficinas.com\/pt\/wp-content\/uploads\/2021\/07\/NGK-quer-alcancar.jpg\" \/>\n\t<meta property=\"og:image:width\" content=\"1024\" \/>\n\t<meta property=\"og:image:height\" content=\"581\" \/>\n\t<meta property=\"og:image:type\" content=\"image\/jpeg\" \/>\n<meta name=\"author\" content=\"Reda\u00e7\u00e3o JO\" \/>\n<meta name=\"twitter:card\" content=\"summary_large_image\" \/>\n<meta name=\"twitter:creator\" content=\"@jornaloficinas\" \/>\n<meta name=\"twitter:site\" content=\"@jornaloficinas\" \/>\n<meta name=\"twitter:label1\" content=\"Escrito por\" \/>\n\t<meta name=\"twitter:data1\" content=\"Reda\u00e7\u00e3o JO\" \/>\n\t<meta name=\"twitter:label2\" content=\"Tempo estimado de leitura\" \/>\n\t<meta name=\"twitter:data2\" content=\"3 minutos\" \/>\n<script type=\"application\/ld+json\" class=\"yoast-schema-graph\">{\"@context\":\"https:\\\/\\\/schema.org\",\"@graph\":[{\"@type\":\"Article\",\"@id\":\"https:\\\/\\\/jornaldasoficinas.com\\\/pt\\\/ngk-quer-alcancar-neutralidade-carbono-com-eco-vision-2030\\\/#article\",\"isPartOf\":{\"@id\":\"https:\\\/\\\/jornaldasoficinas.com\\\/pt\\\/ngk-quer-alcancar-neutralidade-carbono-com-eco-vision-2030\\\/\"},\"author\":{\"name\":\"Reda\u00e7\u00e3o JO\",\"@id\":\"https:\\\/\\\/jornaldasoficinas.com\\\/pt\\\/#\\\/schema\\\/person\\\/a38eef5de2c41d9e7c9ac10141afddf3\"},\"headline\":\"NGK quer alcan\u00e7ar neutralidade carbono com \u201cEco Vision 2030\u201d\",\"datePublished\":\"2021-07-29T15:00:31+00:00\",\"mainEntityOfPage\":{\"@id\":\"https:\\\/\\\/jornaldasoficinas.com\\\/pt\\\/ngk-quer-alcancar-neutralidade-carbono-com-eco-vision-2030\\\/\"},\"wordCount\":620,\"publisher\":{\"@id\":\"https:\\\/\\\/jornaldasoficinas.com\\\/pt\\\/#organization\"},\"image\":{\"@id\":\"https:\\\/\\\/jornaldasoficinas.com\\\/pt\\\/ngk-quer-alcancar-neutralidade-carbono-com-eco-vision-2030\\\/#primaryimage\"},\"thumbnailUrl\":\"https:\\\/\\\/jornaldasoficinas.com\\\/pt\\\/wp-content\\\/uploads\\\/2021\\\/07\\\/NGK-quer-alcancar.jpg\",\"keywords\":[\"NGK\"],\"articleSection\":[\"Empresas\"],\"inLanguage\":\"pt-PT\"},{\"@type\":\"WebPage\",\"@id\":\"https:\\\/\\\/jornaldasoficinas.com\\\/pt\\\/ngk-quer-alcancar-neutralidade-carbono-com-eco-vision-2030\\\/\",\"url\":\"https:\\\/\\\/jornaldasoficinas.com\\\/pt\\\/ngk-quer-alcancar-neutralidade-carbono-com-eco-vision-2030\\\/\",\"name\":\"NGK quer alcan\u00e7ar neutralidade carbono com \u201cEco Vision 2030\u201d - Jornal das Oficinas\",\"isPartOf\":{\"@id\":\"https:\\\/\\\/jornaldasoficinas.com\\\/pt\\\/#website\"},\"primaryImageOfPage\":{\"@id\":\"https:\\\/\\\/jornaldasoficinas.com\\\/pt\\\/ngk-quer-alcancar-neutralidade-carbono-com-eco-vision-2030\\\/#primaryimage\"},\"image\":{\"@id\":\"https:\\\/\\\/jornaldasoficinas.com\\\/pt\\\/ngk-quer-alcancar-neutralidade-carbono-com-eco-vision-2030\\\/#primaryimage\"},\"thumbnailUrl\":\"https:\\\/\\\/jornaldasoficinas.com\\\/pt\\\/wp-content\\\/uploads\\\/2021\\\/07\\\/NGK-quer-alcancar.jpg\",\"datePublished\":\"2021-07-29T15:00:31+00:00\",\"breadcrumb\":{\"@id\":\"https:\\\/\\\/jornaldasoficinas.com\\\/pt\\\/ngk-quer-alcancar-neutralidade-carbono-com-eco-vision-2030\\\/#breadcrumb\"},\"inLanguage\":\"pt-PT\",\"potentialAction\":[{\"@type\":\"ReadAction\",\"target\":[\"https:\\\/\\\/jornaldasoficinas.com\\\/pt\\\/ngk-quer-alcancar-neutralidade-carbono-com-eco-vision-2030\\\/\"]}]},{\"@type\":\"ImageObject\",\"inLanguage\":\"pt-PT\",\"@id\":\"https:\\\/\\\/jornaldasoficinas.com\\\/pt\\\/ngk-quer-alcancar-neutralidade-carbono-com-eco-vision-2030\\\/#primaryimage\",\"url\":\"https:\\\/\\\/jornaldasoficinas.com\\\/pt\\\/wp-content\\\/uploads\\\/2021\\\/07\\\/NGK-quer-alcancar.jpg\",\"contentUrl\":\"https:\\\/\\\/jornaldasoficinas.com\\\/pt\\\/wp-content\\\/uploads\\\/2021\\\/07\\\/NGK-quer-alcancar.jpg\",\"width\":1024,\"height\":581,\"caption\":\"07 - NGK-quer-alcancar\"},{\"@type\":\"BreadcrumbList\",\"@id\":\"https:\\\/\\\/jornaldasoficinas.com\\\/pt\\\/ngk-quer-alcancar-neutralidade-carbono-com-eco-vision-2030\\\/#breadcrumb\",\"itemListElement\":[{\"@type\":\"ListItem\",\"position\":1,\"name\":\"In\u00edcio\",\"item\":\"https:\\\/\\\/jornaldasoficinas.com\\\/pt\\\/\"},{\"@type\":\"ListItem\",\"position\":2,\"name\":\"NGK quer alcan\u00e7ar neutralidade carbono com \u201cEco Vision 2030\u201d\"}]},{\"@type\":\"WebSite\",\"@id\":\"https:\\\/\\\/jornaldasoficinas.com\\\/pt\\\/#website\",\"url\":\"https:\\\/\\\/jornaldasoficinas.com\\\/pt\\\/\",\"name\":\"Jornal das Oficinas\",\"description\":\"Jornal independente do Aftermarket Autom\u00f3vel em Portugal\",\"publisher\":{\"@id\":\"https:\\\/\\\/jornaldasoficinas.com\\\/pt\\\/#organization\"},\"potentialAction\":[{\"@type\":\"SearchAction\",\"target\":{\"@type\":\"EntryPoint\",\"urlTemplate\":\"https:\\\/\\\/jornaldasoficinas.com\\\/pt\\\/?s={search_term_string}\"},\"query-input\":{\"@type\":\"PropertyValueSpecification\",\"valueRequired\":true,\"valueName\":\"search_term_string\"}}],\"inLanguage\":\"pt-PT\"},{\"@type\":\"Organization\",\"@id\":\"https:\\\/\\\/jornaldasoficinas.com\\\/pt\\\/#organization\",\"name\":\"Jornal das Oficinas\",\"url\":\"https:\\\/\\\/jornaldasoficinas.com\\\/pt\\\/\",\"logo\":{\"@type\":\"ImageObject\",\"inLanguage\":\"pt-PT\",\"@id\":\"https:\\\/\\\/jornaldasoficinas.com\\\/pt\\\/#\\\/schema\\\/logo\\\/image\\\/\",\"url\":\"https:\\\/\\\/jornaldasoficinas.com\\\/pt\\\/wp-content\\\/uploads\\\/logoJO-SEO.png\",\"contentUrl\":\"https:\\\/\\\/jornaldasoficinas.com\\\/pt\\\/wp-content\\\/uploads\\\/logoJO-SEO.png\",\"width\":285,\"height\":450,\"caption\":\"Jornal das Oficinas\"},\"image\":{\"@id\":\"https:\\\/\\\/jornaldasoficinas.com\\\/pt\\\/#\\\/schema\\\/logo\\\/image\\\/\"},\"sameAs\":[\"https:\\\/\\\/www.facebook.com\\\/jornaloficinas\",\"https:\\\/\\\/x.com\\\/jornaloficinas\",\"https:\\\/\\\/www.instagram.com\\\/jornal_oficinas\\\/\",\"https:\\\/\\\/www.linkedin.com\\\/company\\\/jornal-das-oficinas\\\/\",\"https:\\\/\\\/www.youtube.com\\\/channel\\\/UCbQZBqtcvV-oSQrr7RzINGg\"]},{\"@type\":\"Person\",\"@id\":\"https:\\\/\\\/jornaldasoficinas.com\\\/pt\\\/#\\\/schema\\\/person\\\/a38eef5de2c41d9e7c9ac10141afddf3\",\"name\":\"Reda\u00e7\u00e3o JO\",\"image\":{\"@type\":\"ImageObject\",\"inLanguage\":\"pt-PT\",\"@id\":\"https:\\\/\\\/secure.gravatar.com\\\/avatar\\\/71f2fa71737ad68a84fea94bc708ddac8ea5b0c4788dc2ad202f3ccb2887742f?s=96&d=wp_user_avatar&r=g\",\"url\":\"https:\\\/\\\/secure.gravatar.com\\\/avatar\\\/71f2fa71737ad68a84fea94bc708ddac8ea5b0c4788dc2ad202f3ccb2887742f?s=96&d=wp_user_avatar&r=g\",\"contentUrl\":\"https:\\\/\\\/secure.gravatar.com\\\/avatar\\\/71f2fa71737ad68a84fea94bc708ddac8ea5b0c4788dc2ad202f3ccb2887742f?s=96&d=wp_user_avatar&r=g\",\"caption\":\"Reda\u00e7\u00e3o JO\"},\"url\":\"https:\\\/\\\/jornaldasoficinas.com\\\/pt\\\/author\\\/joredacao\\\/\"}]}<\/script>\n<!-- \/ Yoast SEO plugin. -->","yoast_head_json":{"title":"NGK quer alcan\u00e7ar neutralidade carbono com \u201cEco Vision 2030\u201d - Jornal das Oficinas","robots":{"index":"index","follow":"follow","max-snippet":"max-snippet:-1","max-image-preview":"max-image-preview:large","max-video-preview":"max-video-preview:-1"},"canonical":"https:\/\/jornaldasoficinas.com\/pt\/ngk-quer-alcancar-neutralidade-carbono-com-eco-vision-2030\/","og_locale":"pt_PT","og_type":"article","og_title":"NGK quer alcan\u00e7ar neutralidade carbono com \u201cEco Vision 2030\u201d - Jornal das Oficinas","og_description":"Com o objetivo de alcan\u00e7ar a...","og_url":"https:\/\/jornaldasoficinas.com\/pt\/ngk-quer-alcancar-neutralidade-carbono-com-eco-vision-2030\/","og_site_name":"Jornal das Oficinas","article_publisher":"https:\/\/www.facebook.com\/jornaloficinas","article_published_time":"2021-07-29T15:00:31+00:00","og_image":[{"width":1024,"height":581,"url":"https:\/\/jornaldasoficinas.com\/pt\/wp-content\/uploads\/2021\/07\/NGK-quer-alcancar.jpg","type":"image\/jpeg"}],"author":"Reda\u00e7\u00e3o JO","twitter_card":"summary_large_image","twitter_creator":"@jornaloficinas","twitter_site":"@jornaloficinas","twitter_misc":{"Escrito por":"Reda\u00e7\u00e3o JO","Tempo estimado de leitura":"3 minutos"},"schema":{"@context":"https:\/\/schema.org","@graph":[{"@type":"Article","@id":"https:\/\/jornaldasoficinas.com\/pt\/ngk-quer-alcancar-neutralidade-carbono-com-eco-vision-2030\/#article","isPartOf":{"@id":"https:\/\/jornaldasoficinas.com\/pt\/ngk-quer-alcancar-neutralidade-carbono-com-eco-vision-2030\/"},"author":{"name":"Reda\u00e7\u00e3o JO","@id":"https:\/\/jornaldasoficinas.com\/pt\/#\/schema\/person\/a38eef5de2c41d9e7c9ac10141afddf3"},"headline":"NGK quer alcan\u00e7ar neutralidade carbono com \u201cEco Vision 2030\u201d","datePublished":"2021-07-29T15:00:31+00:00","mainEntityOfPage":{"@id":"https:\/\/jornaldasoficinas.com\/pt\/ngk-quer-alcancar-neutralidade-carbono-com-eco-vision-2030\/"},"wordCount":620,"publisher":{"@id":"https:\/\/jornaldasoficinas.com\/pt\/#organization"},"image":{"@id":"https:\/\/jornaldasoficinas.com\/pt\/ngk-quer-alcancar-neutralidade-carbono-com-eco-vision-2030\/#primaryimage"},"thumbnailUrl":"https:\/\/jornaldasoficinas.com\/pt\/wp-content\/uploads\/2021\/07\/NGK-quer-alcancar.jpg","keywords":["NGK"],"articleSection":["Empresas"],"inLanguage":"pt-PT"},{"@type":"WebPage","@id":"https:\/\/jornaldasoficinas.com\/pt\/ngk-quer-alcancar-neutralidade-carbono-com-eco-vision-2030\/","url":"https:\/\/jornaldasoficinas.com\/pt\/ngk-quer-alcancar-neutralidade-carbono-com-eco-vision-2030\/","name":"NGK quer alcan\u00e7ar neutralidade carbono com \u201cEco Vision 2030\u201d - Jornal das Oficinas","isPartOf":{"@id":"https:\/\/jornaldasoficinas.com\/pt\/#website"},"primaryImageOfPage":{"@id":"https:\/\/jornaldasoficinas.com\/pt\/ngk-quer-alcancar-neutralidade-carbono-com-eco-vision-2030\/#primaryimage"},"image":{"@id":"https:\/\/jornaldasoficinas.com\/pt\/ngk-quer-alcancar-neutralidade-carbono-com-eco-vision-2030\/#primaryimage"},"thumbnailUrl":"https:\/\/jornaldasoficinas.com\/pt\/wp-content\/uploads\/2021\/07\/NGK-quer-alcancar.jpg","datePublished":"2021-07-29T15:00:31+00:00","breadcrumb":{"@id":"https:\/\/jornaldasoficinas.com\/pt\/ngk-quer-alcancar-neutralidade-carbono-com-eco-vision-2030\/#breadcrumb"},"inLanguage":"pt-PT","potentialAction":[{"@type":"ReadAction","target":["https:\/\/jornaldasoficinas.com\/pt\/ngk-quer-alcancar-neutralidade-carbono-com-eco-vision-2030\/"]}]},{"@type":"ImageObject","inLanguage":"pt-PT","@id":"https:\/\/jornaldasoficinas.com\/pt\/ngk-quer-alcancar-neutralidade-carbono-com-eco-vision-2030\/#primaryimage","url":"https:\/\/jornaldasoficinas.com\/pt\/wp-content\/uploads\/2021\/07\/NGK-quer-alcancar.jpg","contentUrl":"https:\/\/jornaldasoficinas.com\/pt\/wp-content\/uploads\/2021\/07\/NGK-quer-alcancar.jpg","width":1024,"height":581,"caption":"07 - NGK-quer-alcancar"},{"@type":"BreadcrumbList","@id":"https:\/\/jornaldasoficinas.com\/pt\/ngk-quer-alcancar-neutralidade-carbono-com-eco-vision-2030\/#breadcrumb","itemListElement":[{"@type":"ListItem","position":1,"name":"In\u00edcio","item":"https:\/\/jornaldasoficinas.com\/pt\/"},{"@type":"ListItem","position":2,"name":"NGK quer alcan\u00e7ar neutralidade carbono com \u201cEco Vision 2030\u201d"}]},{"@type":"WebSite","@id":"https:\/\/jornaldasoficinas.com\/pt\/#website","url":"https:\/\/jornaldasoficinas.com\/pt\/","name":"Jornal das Oficinas","description":"Jornal independente do Aftermarket Autom\u00f3vel em Portugal","publisher":{"@id":"https:\/\/jornaldasoficinas.com\/pt\/#organization"},"potentialAction":[{"@type":"SearchAction","target":{"@type":"EntryPoint","urlTemplate":"https:\/\/jornaldasoficinas.com\/pt\/?s={search_term_string}"},"query-input":{"@type":"PropertyValueSpecification","valueRequired":true,"valueName":"search_term_string"}}],"inLanguage":"pt-PT"},{"@type":"Organization","@id":"https:\/\/jornaldasoficinas.com\/pt\/#organization","name":"Jornal das Oficinas","url":"https:\/\/jornaldasoficinas.com\/pt\/","logo":{"@type":"ImageObject","inLanguage":"pt-PT","@id":"https:\/\/jornaldasoficinas.com\/pt\/#\/schema\/logo\/image\/","url":"https:\/\/jornaldasoficinas.com\/pt\/wp-content\/uploads\/logoJO-SEO.png","contentUrl":"https:\/\/jornaldasoficinas.com\/pt\/wp-content\/uploads\/logoJO-SEO.png","width":285,"height":450,"caption":"Jornal das Oficinas"},"image":{"@id":"https:\/\/jornaldasoficinas.com\/pt\/#\/schema\/logo\/image\/"},"sameAs":["https:\/\/www.facebook.com\/jornaloficinas","https:\/\/x.com\/jornaloficinas","https:\/\/www.instagram.com\/jornal_oficinas\/","https:\/\/www.linkedin.com\/company\/jornal-das-oficinas\/","https:\/\/www.youtube.com\/channel\/UCbQZBqtcvV-oSQrr7RzINGg"]},{"@type":"Person","@id":"https:\/\/jornaldasoficinas.com\/pt\/#\/schema\/person\/a38eef5de2c41d9e7c9ac10141afddf3","name":"Reda\u00e7\u00e3o JO","image":{"@type":"ImageObject","inLanguage":"pt-PT","@id":"https:\/\/secure.gravatar.com\/avatar\/71f2fa71737ad68a84fea94bc708ddac8ea5b0c4788dc2ad202f3ccb2887742f?s=96&d=wp_user_avatar&r=g","url":"https:\/\/secure.gravatar.com\/avatar\/71f2fa71737ad68a84fea94bc708ddac8ea5b0c4788dc2ad202f3ccb2887742f?s=96&d=wp_user_avatar&r=g","contentUrl":"https:\/\/secure.gravatar.com\/avatar\/71f2fa71737ad68a84fea94bc708ddac8ea5b0c4788dc2ad202f3ccb2887742f?s=96&d=wp_user_avatar&r=g","caption":"Reda\u00e7\u00e3o JO"},"url":"https:\/\/jornaldasoficinas.com\/pt\/author\/joredacao\/"}]}},"_links":{"self":[{"href":"https:\/\/jornaldasoficinas.com\/pt\/wp-json\/wp\/v2\/posts\/22996","targetHints":{"allow":["GET"]}}],"collection":[{"href":"https:\/\/jornaldasoficinas.com\/pt\/wp-json\/wp\/v2\/posts"}],"about":[{"href":"https:\/\/jornaldasoficinas.com\/pt\/wp-json\/wp\/v2\/types\/post"}],"author":[{"embeddable":true,"href":"https:\/\/jornaldasoficinas.com\/pt\/wp-json\/wp\/v2\/users\/15"}],"replies":[{"embeddable":true,"href":"https:\/\/jornaldasoficinas.com\/pt\/wp-json\/wp\/v2\/comments?post=22996"}],"version-history":[{"count":0,"href":"https:\/\/jornaldasoficinas.com\/pt\/wp-json\/wp\/v2\/posts\/22996\/revisions"}],"wp:featuredmedia":[{"embeddable":true,"href":"https:\/\/jornaldasoficinas.com\/pt\/wp-json\/wp\/v2\/media\/23001"}],"wp:attachment":[{"href":"https:\/\/jornaldasoficinas.com\/pt\/wp-json\/wp\/v2\/media?parent=22996"}],"wp:term":[{"taxonomy":"category","embeddable":true,"href":"https:\/\/jornaldasoficinas.com\/pt\/wp-json\/wp\/v2\/categories?post=22996"},{"taxonomy":"post_tag","embeddable":true,"href":"https:\/\/jornaldasoficinas.com\/pt\/wp-json\/wp\/v2\/tags?post=22996"}],"curies":[{"name":"wp","href":"https:\/\/api.w.org\/{rel}","templated":true}]}}