{"id":23175,"date":"2021-08-15T16:00:48","date_gmt":"2021-08-15T15:00:48","guid":{"rendered":"https:\/\/jornaldasoficinas.com\/pt\/?p=23175"},"modified":"2021-08-13T11:51:16","modified_gmt":"2021-08-13T10:51:16","slug":"conseguimos-adaptar-nos-rapidamente-a-uma-nova-realidade","status":"publish","type":"post","link":"https:\/\/jornaldasoficinas.com\/pt\/conseguimos-adaptar-nos-rapidamente-a-uma-nova-realidade\/","title":{"rendered":"\u201cConseguimos adaptar-nos rapidamente a uma nova realidade\u201d"},"content":{"rendered":"<p><strong><img loading=\"lazy\" decoding=\"async\" class=\"alignnone size-full wp-image-23176\" src=\"https:\/\/jornaldasoficinas.com\/pt\/wp-content\/uploads\/2021\/07\/NewsJO781_N5_MCS.jpeg\" alt=\"07 - NewsJO781_N5_MCS\" width=\"1024\" height=\"581\" srcset=\"https:\/\/jornaldasoficinas.com\/pt\/wp-content\/uploads\/2021\/07\/NewsJO781_N5_MCS.jpeg 1024w, https:\/\/jornaldasoficinas.com\/pt\/wp-content\/uploads\/2021\/07\/NewsJO781_N5_MCS-300x170.jpeg 300w, https:\/\/jornaldasoficinas.com\/pt\/wp-content\/uploads\/2021\/07\/NewsJO781_N5_MCS-150x85.jpeg 150w, https:\/\/jornaldasoficinas.com\/pt\/wp-content\/uploads\/2021\/07\/NewsJO781_N5_MCS-768x436.jpeg 768w\" sizes=\"auto, (max-width: 1024px) 100vw, 1024px\" \/><\/strong><\/p>\n<p><strong>A MCS inaugurou a sua primeira loja no centro de Lisboa, em 2002. Primando sempre pela qualidade e pelo dinamismo, tornou-se um dos principais fornecedores de pe\u00e7as auto da regi\u00e3o de Lisboa<\/strong><\/p>\n<p>Ao longo dos anos, a \u00e1rea de abrang\u00eancia comercial foi alargando, abarcando v\u00e1rios concelhos do distrito de Lisboa. Em 2013, realizou-se a abertura da sua segunda loja, desta vez, em Camarate.<\/p>\n<p>Em 2019 foi distinguida como PME Excel\u00eancia e em 2020 repete a proeza. Para Paulo Cardoso, gerente da MCS \u201cA empresa ser distinguida com o estatuto PME Excel\u00eancia num ano dif\u00edcil e at\u00edpico como foi 2020, representa recebermos um selo de m\u00e9rito, reconhecimento e confian\u00e7a, o que pela sua import\u00e2ncia vai permitir continuarmos a diferenciar-nos de outras, nas nossas rela\u00e7\u00f5es com o mercado.<\/p>\n<p>Para al\u00e9m do mais, podemos beneficiar de maiores e melhores condi\u00e7\u00f5es de financiamento ou aquisi\u00e7\u00e3o de produtos e servi\u00e7os, com os quais podemos continuar a dar uma resposta de excel\u00eancia aos nossos clientes.\u201d Os efeitos da crise para o neg\u00f3cio da MCS foram impactantes, pois sofreu uma quebra bastante expressiva na atividade e no crescimento da empresa. \u201cTivemos que lidar com alguns problemas de liquidez dos nossos clientes, contudo conseguimos manter alguma sustentabilidade financeira e preservar todos os postos de trabalho. Temos consci\u00eancia que a pandemia teve um impacto muito pior noutros setores de atividade econ\u00f3mica\u201d, refere Paulo Cardoso.<\/p>\n<p>A MCS conseguiu adaptar-se rapidamente a uma nova realidade e esta mudan\u00e7a repentina teve impacto imediato na gest\u00e3o e estrat\u00e9gia comercial da empresa, que apresenta como principais fatores diferenciadores a equipa din\u00e2mica e de confian\u00e7a que tem, com disponibilidade e conhecimento das diferentes \u00e1reas da repara\u00e7\u00e3o autom\u00f3vel, e o elevado stock em cada uma das duas lojas que possui na \u00e1rea de Lisboa. Mantendo sempre uma rela\u00e7\u00e3o de confian\u00e7a e amizade com os clientes e fornecedores, oferece, assim, os melhores produtos num curto espa\u00e7o de tempo. Para Paulo Cardoso, os grandes desafios para o futuro da empresa s\u00e3o \u201co crescimento atrav\u00e9s da capta\u00e7\u00e3o de novos clientes e o aumento dos n\u00edveis de competitividade para sermos melhores que os nossos concorrentes\u201d.<\/p>\n","protected":false},"excerpt":{"rendered":"<p>A MCS inaugurou a sua primeira&#8230;<\/p>\n","protected":false},"author":15,"featured_media":23176,"comment_status":"closed","ping_status":"closed","sticky":false,"template":"","format":"standard","meta":{"footnotes":""},"categories":[29],"tags":[2671],"class_list":["post-23175","post","type-post","status-publish","format-standard","has-post-thumbnail","hentry","category-empresas","tag-mcs"],"yoast_head":"<!-- This site is optimized with the Yoast SEO plugin v27.4 - https:\/\/yoast.com\/product\/yoast-seo-wordpress\/ -->\n<title>\u201cConseguimos adaptar-nos rapidamente a uma nova realidade\u201d - Jornal das Oficinas<\/title>\n<meta name=\"robots\" content=\"index, follow, max-snippet:-1, max-image-preview:large, max-video-preview:-1\" \/>\n<link rel=\"canonical\" href=\"https:\/\/jornaldasoficinas.com\/pt\/conseguimos-adaptar-nos-rapidamente-a-uma-nova-realidade\/\" \/>\n<meta property=\"og:locale\" content=\"pt_PT\" \/>\n<meta property=\"og:type\" content=\"article\" \/>\n<meta property=\"og:title\" content=\"\u201cConseguimos adaptar-nos rapidamente a uma nova realidade\u201d - Jornal das Oficinas\" \/>\n<meta property=\"og:description\" content=\"A MCS inaugurou a sua primeira...\" \/>\n<meta property=\"og:url\" content=\"https:\/\/jornaldasoficinas.com\/pt\/conseguimos-adaptar-nos-rapidamente-a-uma-nova-realidade\/\" \/>\n<meta property=\"og:site_name\" content=\"Jornal das Oficinas\" \/>\n<meta property=\"article:publisher\" content=\"https:\/\/www.facebook.com\/jornaloficinas\" \/>\n<meta property=\"article:published_time\" content=\"2021-08-15T15:00:48+00:00\" \/>\n<meta property=\"og:image\" content=\"https:\/\/jornaldasoficinas.com\/pt\/wp-content\/uploads\/2021\/07\/NewsJO781_N5_MCS.jpeg\" \/>\n\t<meta property=\"og:image:width\" content=\"1024\" \/>\n\t<meta property=\"og:image:height\" content=\"581\" \/>\n\t<meta property=\"og:image:type\" content=\"image\/jpeg\" \/>\n<meta name=\"author\" content=\"Reda\u00e7\u00e3o JO\" \/>\n<meta name=\"twitter:card\" content=\"summary_large_image\" \/>\n<meta name=\"twitter:creator\" content=\"@jornaloficinas\" \/>\n<meta name=\"twitter:site\" content=\"@jornaloficinas\" \/>\n<meta name=\"twitter:label1\" content=\"Escrito por\" \/>\n\t<meta name=\"twitter:data1\" content=\"Reda\u00e7\u00e3o JO\" \/>\n\t<meta name=\"twitter:label2\" content=\"Tempo estimado de leitura\" \/>\n\t<meta name=\"twitter:data2\" content=\"2 minutos\" \/>\n<script type=\"application\/ld+json\" class=\"yoast-schema-graph\">{\"@context\":\"https:\\\/\\\/schema.org\",\"@graph\":[{\"@type\":\"Article\",\"@id\":\"https:\\\/\\\/jornaldasoficinas.com\\\/pt\\\/conseguimos-adaptar-nos-rapidamente-a-uma-nova-realidade\\\/#article\",\"isPartOf\":{\"@id\":\"https:\\\/\\\/jornaldasoficinas.com\\\/pt\\\/conseguimos-adaptar-nos-rapidamente-a-uma-nova-realidade\\\/\"},\"author\":{\"name\":\"Reda\u00e7\u00e3o JO\",\"@id\":\"https:\\\/\\\/jornaldasoficinas.com\\\/pt\\\/#\\\/schema\\\/person\\\/a38eef5de2c41d9e7c9ac10141afddf3\"},\"headline\":\"\u201cConseguimos adaptar-nos rapidamente a uma nova realidade\u201d\",\"datePublished\":\"2021-08-15T15:00:48+00:00\",\"mainEntityOfPage\":{\"@id\":\"https:\\\/\\\/jornaldasoficinas.com\\\/pt\\\/conseguimos-adaptar-nos-rapidamente-a-uma-nova-realidade\\\/\"},\"wordCount\":381,\"publisher\":{\"@id\":\"https:\\\/\\\/jornaldasoficinas.com\\\/pt\\\/#organization\"},\"image\":{\"@id\":\"https:\\\/\\\/jornaldasoficinas.com\\\/pt\\\/conseguimos-adaptar-nos-rapidamente-a-uma-nova-realidade\\\/#primaryimage\"},\"thumbnailUrl\":\"https:\\\/\\\/jornaldasoficinas.com\\\/pt\\\/wp-content\\\/uploads\\\/2021\\\/07\\\/NewsJO781_N5_MCS.jpeg\",\"keywords\":[\"MCS\"],\"articleSection\":[\"Empresas\"],\"inLanguage\":\"pt-PT\"},{\"@type\":\"WebPage\",\"@id\":\"https:\\\/\\\/jornaldasoficinas.com\\\/pt\\\/conseguimos-adaptar-nos-rapidamente-a-uma-nova-realidade\\\/\",\"url\":\"https:\\\/\\\/jornaldasoficinas.com\\\/pt\\\/conseguimos-adaptar-nos-rapidamente-a-uma-nova-realidade\\\/\",\"name\":\"\u201cConseguimos adaptar-nos rapidamente a uma nova realidade\u201d - Jornal das Oficinas\",\"isPartOf\":{\"@id\":\"https:\\\/\\\/jornaldasoficinas.com\\\/pt\\\/#website\"},\"primaryImageOfPage\":{\"@id\":\"https:\\\/\\\/jornaldasoficinas.com\\\/pt\\\/conseguimos-adaptar-nos-rapidamente-a-uma-nova-realidade\\\/#primaryimage\"},\"image\":{\"@id\":\"https:\\\/\\\/jornaldasoficinas.com\\\/pt\\\/conseguimos-adaptar-nos-rapidamente-a-uma-nova-realidade\\\/#primaryimage\"},\"thumbnailUrl\":\"https:\\\/\\\/jornaldasoficinas.com\\\/pt\\\/wp-content\\\/uploads\\\/2021\\\/07\\\/NewsJO781_N5_MCS.jpeg\",\"datePublished\":\"2021-08-15T15:00:48+00:00\",\"breadcrumb\":{\"@id\":\"https:\\\/\\\/jornaldasoficinas.com\\\/pt\\\/conseguimos-adaptar-nos-rapidamente-a-uma-nova-realidade\\\/#breadcrumb\"},\"inLanguage\":\"pt-PT\",\"potentialAction\":[{\"@type\":\"ReadAction\",\"target\":[\"https:\\\/\\\/jornaldasoficinas.com\\\/pt\\\/conseguimos-adaptar-nos-rapidamente-a-uma-nova-realidade\\\/\"]}]},{\"@type\":\"ImageObject\",\"inLanguage\":\"pt-PT\",\"@id\":\"https:\\\/\\\/jornaldasoficinas.com\\\/pt\\\/conseguimos-adaptar-nos-rapidamente-a-uma-nova-realidade\\\/#primaryimage\",\"url\":\"https:\\\/\\\/jornaldasoficinas.com\\\/pt\\\/wp-content\\\/uploads\\\/2021\\\/07\\\/NewsJO781_N5_MCS.jpeg\",\"contentUrl\":\"https:\\\/\\\/jornaldasoficinas.com\\\/pt\\\/wp-content\\\/uploads\\\/2021\\\/07\\\/NewsJO781_N5_MCS.jpeg\",\"width\":1024,\"height\":581,\"caption\":\"07 - NewsJO781_N5_MCS\"},{\"@type\":\"BreadcrumbList\",\"@id\":\"https:\\\/\\\/jornaldasoficinas.com\\\/pt\\\/conseguimos-adaptar-nos-rapidamente-a-uma-nova-realidade\\\/#breadcrumb\",\"itemListElement\":[{\"@type\":\"ListItem\",\"position\":1,\"name\":\"In\u00edcio\",\"item\":\"https:\\\/\\\/jornaldasoficinas.com\\\/pt\\\/\"},{\"@type\":\"ListItem\",\"position\":2,\"name\":\"\u201cConseguimos adaptar-nos rapidamente a uma nova realidade\u201d\"}]},{\"@type\":\"WebSite\",\"@id\":\"https:\\\/\\\/jornaldasoficinas.com\\\/pt\\\/#website\",\"url\":\"https:\\\/\\\/jornaldasoficinas.com\\\/pt\\\/\",\"name\":\"Jornal das Oficinas\",\"description\":\"Jornal independente do Aftermarket Autom\u00f3vel em Portugal\",\"publisher\":{\"@id\":\"https:\\\/\\\/jornaldasoficinas.com\\\/pt\\\/#organization\"},\"potentialAction\":[{\"@type\":\"SearchAction\",\"target\":{\"@type\":\"EntryPoint\",\"urlTemplate\":\"https:\\\/\\\/jornaldasoficinas.com\\\/pt\\\/?s={search_term_string}\"},\"query-input\":{\"@type\":\"PropertyValueSpecification\",\"valueRequired\":true,\"valueName\":\"search_term_string\"}}],\"inLanguage\":\"pt-PT\"},{\"@type\":\"Organization\",\"@id\":\"https:\\\/\\\/jornaldasoficinas.com\\\/pt\\\/#organization\",\"name\":\"Jornal das Oficinas\",\"url\":\"https:\\\/\\\/jornaldasoficinas.com\\\/pt\\\/\",\"logo\":{\"@type\":\"ImageObject\",\"inLanguage\":\"pt-PT\",\"@id\":\"https:\\\/\\\/jornaldasoficinas.com\\\/pt\\\/#\\\/schema\\\/logo\\\/image\\\/\",\"url\":\"https:\\\/\\\/jornaldasoficinas.com\\\/pt\\\/wp-content\\\/uploads\\\/logoJO-SEO.png\",\"contentUrl\":\"https:\\\/\\\/jornaldasoficinas.com\\\/pt\\\/wp-content\\\/uploads\\\/logoJO-SEO.png\",\"width\":285,\"height\":450,\"caption\":\"Jornal das Oficinas\"},\"image\":{\"@id\":\"https:\\\/\\\/jornaldasoficinas.com\\\/pt\\\/#\\\/schema\\\/logo\\\/image\\\/\"},\"sameAs\":[\"https:\\\/\\\/www.facebook.com\\\/jornaloficinas\",\"https:\\\/\\\/x.com\\\/jornaloficinas\",\"https:\\\/\\\/www.instagram.com\\\/jornal_oficinas\\\/\",\"https:\\\/\\\/www.linkedin.com\\\/company\\\/jornal-das-oficinas\\\/\",\"https:\\\/\\\/www.youtube.com\\\/channel\\\/UCbQZBqtcvV-oSQrr7RzINGg\"]},{\"@type\":\"Person\",\"@id\":\"https:\\\/\\\/jornaldasoficinas.com\\\/pt\\\/#\\\/schema\\\/person\\\/a38eef5de2c41d9e7c9ac10141afddf3\",\"name\":\"Reda\u00e7\u00e3o JO\",\"image\":{\"@type\":\"ImageObject\",\"inLanguage\":\"pt-PT\",\"@id\":\"https:\\\/\\\/secure.gravatar.com\\\/avatar\\\/71f2fa71737ad68a84fea94bc708ddac8ea5b0c4788dc2ad202f3ccb2887742f?s=96&d=wp_user_avatar&r=g\",\"url\":\"https:\\\/\\\/secure.gravatar.com\\\/avatar\\\/71f2fa71737ad68a84fea94bc708ddac8ea5b0c4788dc2ad202f3ccb2887742f?s=96&d=wp_user_avatar&r=g\",\"contentUrl\":\"https:\\\/\\\/secure.gravatar.com\\\/avatar\\\/71f2fa71737ad68a84fea94bc708ddac8ea5b0c4788dc2ad202f3ccb2887742f?s=96&d=wp_user_avatar&r=g\",\"caption\":\"Reda\u00e7\u00e3o JO\"},\"url\":\"https:\\\/\\\/jornaldasoficinas.com\\\/pt\\\/author\\\/joredacao\\\/\"}]}<\/script>\n<!-- \/ Yoast SEO plugin. -->","yoast_head_json":{"title":"\u201cConseguimos adaptar-nos rapidamente a uma nova realidade\u201d - Jornal das Oficinas","robots":{"index":"index","follow":"follow","max-snippet":"max-snippet:-1","max-image-preview":"max-image-preview:large","max-video-preview":"max-video-preview:-1"},"canonical":"https:\/\/jornaldasoficinas.com\/pt\/conseguimos-adaptar-nos-rapidamente-a-uma-nova-realidade\/","og_locale":"pt_PT","og_type":"article","og_title":"\u201cConseguimos adaptar-nos rapidamente a uma nova realidade\u201d - Jornal das Oficinas","og_description":"A MCS inaugurou a sua primeira...","og_url":"https:\/\/jornaldasoficinas.com\/pt\/conseguimos-adaptar-nos-rapidamente-a-uma-nova-realidade\/","og_site_name":"Jornal das Oficinas","article_publisher":"https:\/\/www.facebook.com\/jornaloficinas","article_published_time":"2021-08-15T15:00:48+00:00","og_image":[{"width":1024,"height":581,"url":"https:\/\/jornaldasoficinas.com\/pt\/wp-content\/uploads\/2021\/07\/NewsJO781_N5_MCS.jpeg","type":"image\/jpeg"}],"author":"Reda\u00e7\u00e3o JO","twitter_card":"summary_large_image","twitter_creator":"@jornaloficinas","twitter_site":"@jornaloficinas","twitter_misc":{"Escrito por":"Reda\u00e7\u00e3o JO","Tempo estimado de leitura":"2 minutos"},"schema":{"@context":"https:\/\/schema.org","@graph":[{"@type":"Article","@id":"https:\/\/jornaldasoficinas.com\/pt\/conseguimos-adaptar-nos-rapidamente-a-uma-nova-realidade\/#article","isPartOf":{"@id":"https:\/\/jornaldasoficinas.com\/pt\/conseguimos-adaptar-nos-rapidamente-a-uma-nova-realidade\/"},"author":{"name":"Reda\u00e7\u00e3o JO","@id":"https:\/\/jornaldasoficinas.com\/pt\/#\/schema\/person\/a38eef5de2c41d9e7c9ac10141afddf3"},"headline":"\u201cConseguimos adaptar-nos rapidamente a uma nova realidade\u201d","datePublished":"2021-08-15T15:00:48+00:00","mainEntityOfPage":{"@id":"https:\/\/jornaldasoficinas.com\/pt\/conseguimos-adaptar-nos-rapidamente-a-uma-nova-realidade\/"},"wordCount":381,"publisher":{"@id":"https:\/\/jornaldasoficinas.com\/pt\/#organization"},"image":{"@id":"https:\/\/jornaldasoficinas.com\/pt\/conseguimos-adaptar-nos-rapidamente-a-uma-nova-realidade\/#primaryimage"},"thumbnailUrl":"https:\/\/jornaldasoficinas.com\/pt\/wp-content\/uploads\/2021\/07\/NewsJO781_N5_MCS.jpeg","keywords":["MCS"],"articleSection":["Empresas"],"inLanguage":"pt-PT"},{"@type":"WebPage","@id":"https:\/\/jornaldasoficinas.com\/pt\/conseguimos-adaptar-nos-rapidamente-a-uma-nova-realidade\/","url":"https:\/\/jornaldasoficinas.com\/pt\/conseguimos-adaptar-nos-rapidamente-a-uma-nova-realidade\/","name":"\u201cConseguimos adaptar-nos rapidamente a uma nova realidade\u201d - Jornal das Oficinas","isPartOf":{"@id":"https:\/\/jornaldasoficinas.com\/pt\/#website"},"primaryImageOfPage":{"@id":"https:\/\/jornaldasoficinas.com\/pt\/conseguimos-adaptar-nos-rapidamente-a-uma-nova-realidade\/#primaryimage"},"image":{"@id":"https:\/\/jornaldasoficinas.com\/pt\/conseguimos-adaptar-nos-rapidamente-a-uma-nova-realidade\/#primaryimage"},"thumbnailUrl":"https:\/\/jornaldasoficinas.com\/pt\/wp-content\/uploads\/2021\/07\/NewsJO781_N5_MCS.jpeg","datePublished":"2021-08-15T15:00:48+00:00","breadcrumb":{"@id":"https:\/\/jornaldasoficinas.com\/pt\/conseguimos-adaptar-nos-rapidamente-a-uma-nova-realidade\/#breadcrumb"},"inLanguage":"pt-PT","potentialAction":[{"@type":"ReadAction","target":["https:\/\/jornaldasoficinas.com\/pt\/conseguimos-adaptar-nos-rapidamente-a-uma-nova-realidade\/"]}]},{"@type":"ImageObject","inLanguage":"pt-PT","@id":"https:\/\/jornaldasoficinas.com\/pt\/conseguimos-adaptar-nos-rapidamente-a-uma-nova-realidade\/#primaryimage","url":"https:\/\/jornaldasoficinas.com\/pt\/wp-content\/uploads\/2021\/07\/NewsJO781_N5_MCS.jpeg","contentUrl":"https:\/\/jornaldasoficinas.com\/pt\/wp-content\/uploads\/2021\/07\/NewsJO781_N5_MCS.jpeg","width":1024,"height":581,"caption":"07 - NewsJO781_N5_MCS"},{"@type":"BreadcrumbList","@id":"https:\/\/jornaldasoficinas.com\/pt\/conseguimos-adaptar-nos-rapidamente-a-uma-nova-realidade\/#breadcrumb","itemListElement":[{"@type":"ListItem","position":1,"name":"In\u00edcio","item":"https:\/\/jornaldasoficinas.com\/pt\/"},{"@type":"ListItem","position":2,"name":"\u201cConseguimos adaptar-nos rapidamente a uma nova realidade\u201d"}]},{"@type":"WebSite","@id":"https:\/\/jornaldasoficinas.com\/pt\/#website","url":"https:\/\/jornaldasoficinas.com\/pt\/","name":"Jornal das Oficinas","description":"Jornal independente do Aftermarket Autom\u00f3vel em Portugal","publisher":{"@id":"https:\/\/jornaldasoficinas.com\/pt\/#organization"},"potentialAction":[{"@type":"SearchAction","target":{"@type":"EntryPoint","urlTemplate":"https:\/\/jornaldasoficinas.com\/pt\/?s={search_term_string}"},"query-input":{"@type":"PropertyValueSpecification","valueRequired":true,"valueName":"search_term_string"}}],"inLanguage":"pt-PT"},{"@type":"Organization","@id":"https:\/\/jornaldasoficinas.com\/pt\/#organization","name":"Jornal das Oficinas","url":"https:\/\/jornaldasoficinas.com\/pt\/","logo":{"@type":"ImageObject","inLanguage":"pt-PT","@id":"https:\/\/jornaldasoficinas.com\/pt\/#\/schema\/logo\/image\/","url":"https:\/\/jornaldasoficinas.com\/pt\/wp-content\/uploads\/logoJO-SEO.png","contentUrl":"https:\/\/jornaldasoficinas.com\/pt\/wp-content\/uploads\/logoJO-SEO.png","width":285,"height":450,"caption":"Jornal das Oficinas"},"image":{"@id":"https:\/\/jornaldasoficinas.com\/pt\/#\/schema\/logo\/image\/"},"sameAs":["https:\/\/www.facebook.com\/jornaloficinas","https:\/\/x.com\/jornaloficinas","https:\/\/www.instagram.com\/jornal_oficinas\/","https:\/\/www.linkedin.com\/company\/jornal-das-oficinas\/","https:\/\/www.youtube.com\/channel\/UCbQZBqtcvV-oSQrr7RzINGg"]},{"@type":"Person","@id":"https:\/\/jornaldasoficinas.com\/pt\/#\/schema\/person\/a38eef5de2c41d9e7c9ac10141afddf3","name":"Reda\u00e7\u00e3o JO","image":{"@type":"ImageObject","inLanguage":"pt-PT","@id":"https:\/\/secure.gravatar.com\/avatar\/71f2fa71737ad68a84fea94bc708ddac8ea5b0c4788dc2ad202f3ccb2887742f?s=96&d=wp_user_avatar&r=g","url":"https:\/\/secure.gravatar.com\/avatar\/71f2fa71737ad68a84fea94bc708ddac8ea5b0c4788dc2ad202f3ccb2887742f?s=96&d=wp_user_avatar&r=g","contentUrl":"https:\/\/secure.gravatar.com\/avatar\/71f2fa71737ad68a84fea94bc708ddac8ea5b0c4788dc2ad202f3ccb2887742f?s=96&d=wp_user_avatar&r=g","caption":"Reda\u00e7\u00e3o JO"},"url":"https:\/\/jornaldasoficinas.com\/pt\/author\/joredacao\/"}]}},"_links":{"self":[{"href":"https:\/\/jornaldasoficinas.com\/pt\/wp-json\/wp\/v2\/posts\/23175","targetHints":{"allow":["GET"]}}],"collection":[{"href":"https:\/\/jornaldasoficinas.com\/pt\/wp-json\/wp\/v2\/posts"}],"about":[{"href":"https:\/\/jornaldasoficinas.com\/pt\/wp-json\/wp\/v2\/types\/post"}],"author":[{"embeddable":true,"href":"https:\/\/jornaldasoficinas.com\/pt\/wp-json\/wp\/v2\/users\/15"}],"replies":[{"embeddable":true,"href":"https:\/\/jornaldasoficinas.com\/pt\/wp-json\/wp\/v2\/comments?post=23175"}],"version-history":[{"count":0,"href":"https:\/\/jornaldasoficinas.com\/pt\/wp-json\/wp\/v2\/posts\/23175\/revisions"}],"wp:featuredmedia":[{"embeddable":true,"href":"https:\/\/jornaldasoficinas.com\/pt\/wp-json\/wp\/v2\/media\/23176"}],"wp:attachment":[{"href":"https:\/\/jornaldasoficinas.com\/pt\/wp-json\/wp\/v2\/media?parent=23175"}],"wp:term":[{"taxonomy":"category","embeddable":true,"href":"https:\/\/jornaldasoficinas.com\/pt\/wp-json\/wp\/v2\/categories?post=23175"},{"taxonomy":"post_tag","embeddable":true,"href":"https:\/\/jornaldasoficinas.com\/pt\/wp-json\/wp\/v2\/tags?post=23175"}],"curies":[{"name":"wp","href":"https:\/\/api.w.org\/{rel}","templated":true}]}}