{"id":23179,"date":"2021-08-16T10:00:40","date_gmt":"2021-08-16T09:00:40","guid":{"rendered":"https:\/\/jornaldasoficinas.com\/pt\/?p=23179"},"modified":"2021-08-16T08:07:48","modified_gmt":"2021-08-16T07:07:48","slug":"zf-oferece-amplo-portefolio-de-pecas-substituicao-para-ve","status":"publish","type":"post","link":"https:\/\/jornaldasoficinas.com\/pt\/zf-oferece-amplo-portefolio-de-pecas-substituicao-para-ve\/","title":{"rendered":"ZF oferece amplo portef\u00f3lio de pe\u00e7as substitui\u00e7\u00e3o para VE"},"content":{"rendered":"<p><img loading=\"lazy\" decoding=\"async\" class=\"size-full wp-image-23186\" src=\"https:\/\/jornaldasoficinas.com\/pt\/wp-content\/uploads\/2021\/07\/ZF-oferece-amplo.jpg\" alt=\"07 - ZF-oferece-amplo\" width=\"1024\" height=\"581\" srcset=\"https:\/\/jornaldasoficinas.com\/pt\/wp-content\/uploads\/2021\/07\/ZF-oferece-amplo.jpg 1024w, https:\/\/jornaldasoficinas.com\/pt\/wp-content\/uploads\/2021\/07\/ZF-oferece-amplo-300x170.jpg 300w, https:\/\/jornaldasoficinas.com\/pt\/wp-content\/uploads\/2021\/07\/ZF-oferece-amplo-150x85.jpg 150w, https:\/\/jornaldasoficinas.com\/pt\/wp-content\/uploads\/2021\/07\/ZF-oferece-amplo-768x436.jpg 768w\" sizes=\"auto, (max-width: 1024px) 100vw, 1024px\" \/><\/p>\n<p><strong>A perce\u00e7\u00e3o p\u00fablica dos ve\u00edculos el\u00e9tricos \u00e9 muitas vezes reduzida \u00e0 transmiss\u00e3o el\u00e9trica, que \u00e9 fi\u00e1vel e que requer pouca manuten\u00e7\u00e3o. Mas os sistemas de trav\u00f5es e chassis destes autom\u00f3veis s\u00e3o talvez mais suscet\u00edveis a danos e desgaste do que os dos ve\u00edculos convencionais, devido \u00e0s press\u00f5es exercidas pelo peso extra da bateria<\/strong><\/p>\n<p>A <a href=\"https:\/\/aftermarket.zf.com\/ib\/pt\/portal-da-zf-aftermarket\/\" target=\"_blank\" rel=\"noopener\">ZF Aftermarket<\/a> apoia as oficinas de autom\u00f3veis que fazem manuten\u00e7\u00e3o de ve\u00edculos el\u00e9tricos com uma vasta gama de pe\u00e7as de substitui\u00e7\u00e3o das suas marcas Lemf\u00f6rder, Sachs e TRW, com importantes adi\u00e7\u00f5es este ano.<\/p>\n<p>H\u00e1 dez anos, o Nissan Leaf foi o primeiro modelo de volume alimentado por bateria no mercado. Em 2020, Portugal ocupava a oitava posi\u00e7\u00e3o a n\u00edvel mundial, apresentando uma quota de mercado de 13.5% na venda de autom\u00f3veis el\u00e9tricos novos.<\/p>\n<p>No futuro, os propriet\u00e1rios de carros el\u00e9tricos ir\u00e3o visitar cada vez mais oficinas independentes. Assim, as oficinas devem questionar-se sobre o seguinte:<\/p>\n<ol>\n<li><strong>Os seus colaboradores j\u00e1 completaram a necess\u00e1ria forma\u00e7\u00e3o de alta tens\u00e3o para poderem trabalhar nestes ve\u00edculos?<\/strong><strong><br \/>\n<\/strong><\/li>\n<\/ol>\n<ol start=\"2\">\n<li><strong>T\u00eam acesso \u00e0s pe\u00e7as de substitui\u00e7\u00e3o adequadas para ve\u00edculos el\u00e9tricos?<\/strong><\/li>\n<\/ol>\n<p>A ZF Aftermarket \u00e9 um fornecedor de elei\u00e7\u00e3o, pois que oferece uma vasta gama de pe\u00e7as de substitui\u00e7\u00e3o para ve\u00edculos el\u00e9tricos e h\u00edbridos sob as suas marcas de produtos: Lemf\u00f6rder, Sachs e TRW.<\/p>\n<p><strong>Ru\u00eddos dos trav\u00f5es e do chassis s\u00e3o mais irritantes nos carros el\u00e9tricos<br \/>\n<\/strong>Mas qual \u00e9 a dimens\u00e3o da necessidade de manuten\u00e7\u00e3o e repara\u00e7\u00e3o? Afinal, a tecnologia de armazenamento de energia e de acionamento, de praticamente todos os autom\u00f3veis el\u00e9tricos, provou ser, at\u00e9 agora, extremamente dur\u00e1vel e de baixa manuten\u00e7\u00e3o.<\/p>\n<p>Devido \u00e0 elevada massa da bateria de tra\u00e7\u00e3o ser 300 a 500 quilogramas mais pesada do que nos ve\u00edculos convencionais de tamanho compar\u00e1vel, a press\u00e3o colocada em molas, amortecedores e juntas de apoio \u00e9 significativamente superior.<\/p>\n<p>O bin\u00e1rio elevado dos motores el\u00e9tricos tamb\u00e9m coloca maior press\u00e3o nas pe\u00e7as do chassis e aumenta o desgaste dos pneus. Por conseguinte, as oficinas devem de verificar cuidadosamente o chassis destes ve\u00edculos.<\/p>\n<p>E os trav\u00f5es? Aqui, pouca carga \u00e9 mais suscet\u00edvel de causar problemas. Uma vez que estes ve\u00edculos desaceleram eletricamente em muitas das situa\u00e7\u00f5es de condu\u00e7\u00e3o, os trav\u00f5es s\u00e3o utilizados menos vezes. Como resultado, os discos de trav\u00e3o podem corroer e as pastilhas de trav\u00e3o podem ficar vidradas.<\/p>\n<p>Uma vez que os autom\u00f3veis el\u00e9tricos s\u00e3o muito silenciosos, os seus propriet\u00e1rios rapidamente notam quaisquer ru\u00eddos na suspens\u00e3o ou nos trav\u00f5es, que limitam o conforto de condu\u00e7\u00e3o muito mais do que nos autom\u00f3veis a gasolina ou a gas\u00f3leo, porque o motor abafa estes ru\u00eddos.<\/p>\n<p><strong>Pastilhas de trav\u00e3o de baixo ru\u00eddo para autom\u00f3veis el\u00e9tricos<br \/>\n<\/strong>Com uma vasta gama de pe\u00e7as de substitui\u00e7\u00e3o das marcas Lemf\u00f6rder (componentes de dire\u00e7\u00e3o e suspens\u00e3o), Sachs (amortecedores) e TRW (travagem), a ZF Aftermarket apoia as oficinas em muitos casos de repara\u00e7\u00e3o de chassis. A gama estende-se desde o Nissan Leaf at\u00e9 aos modelos Tesla S e X.<\/p>\n<p>Um disco de trav\u00e3o espec\u00edfico para o Tesla Model S est\u00e1 dispon\u00edvel sob a marca TRW e as pastilhas de trav\u00e3o de baixo ru\u00eddo Electric Blue da TRW s\u00e3o adequadas para praticamente todos os autom\u00f3veis el\u00e9tricos no mercado europeu.<\/p>\n<p>A ZF Aftermarket dever\u00e1 expandir ainda mais o seu portef\u00f3lio de pe\u00e7as para autom\u00f3veis el\u00e9tricos em 2021. Nos pr\u00f3ximos meses, por exemplo, est\u00e1 previsto o lan\u00e7amento de componentes de suspens\u00e3o e dire\u00e7\u00e3o para os modelos VW ID.4, ID.3 e Skoda Enyaq. A ZF \u00e9 tamb\u00e9m fornecedora de equipamento original para os modelos el\u00e9tricos da Volkswagen.<\/p>\n<p>&nbsp;<\/p>\n","protected":false},"excerpt":{"rendered":"<p>A perce\u00e7\u00e3o p\u00fablica dos ve\u00edculos el\u00e9tricos&#8230;<\/p>\n","protected":false},"author":15,"featured_media":23186,"comment_status":"closed","ping_status":"closed","sticky":false,"template":"","format":"standard","meta":{"footnotes":""},"categories":[29],"tags":[97],"class_list":["post-23179","post","type-post","status-publish","format-standard","has-post-thumbnail","hentry","category-empresas","tag-zf"],"yoast_head":"<!-- This site is optimized with the Yoast SEO plugin v27.4 - https:\/\/yoast.com\/product\/yoast-seo-wordpress\/ -->\n<title>ZF oferece amplo portef\u00f3lio de pe\u00e7as substitui\u00e7\u00e3o para VE - Jornal das Oficinas<\/title>\n<meta name=\"robots\" content=\"index, follow, max-snippet:-1, max-image-preview:large, max-video-preview:-1\" \/>\n<link rel=\"canonical\" href=\"https:\/\/jornaldasoficinas.com\/pt\/zf-oferece-amplo-portefolio-de-pecas-substituicao-para-ve\/\" \/>\n<meta property=\"og:locale\" content=\"pt_PT\" \/>\n<meta property=\"og:type\" content=\"article\" \/>\n<meta property=\"og:title\" content=\"ZF oferece amplo portef\u00f3lio de pe\u00e7as substitui\u00e7\u00e3o para VE - Jornal das Oficinas\" \/>\n<meta property=\"og:description\" content=\"A perce\u00e7\u00e3o p\u00fablica dos ve\u00edculos el\u00e9tricos...\" \/>\n<meta property=\"og:url\" content=\"https:\/\/jornaldasoficinas.com\/pt\/zf-oferece-amplo-portefolio-de-pecas-substituicao-para-ve\/\" \/>\n<meta property=\"og:site_name\" content=\"Jornal das Oficinas\" \/>\n<meta property=\"article:publisher\" content=\"https:\/\/www.facebook.com\/jornaloficinas\" \/>\n<meta property=\"article:published_time\" content=\"2021-08-16T09:00:40+00:00\" \/>\n<meta property=\"og:image\" content=\"https:\/\/jornaldasoficinas.com\/pt\/wp-content\/uploads\/2021\/07\/ZF-oferece-amplo.jpg\" \/>\n\t<meta property=\"og:image:width\" content=\"1024\" \/>\n\t<meta property=\"og:image:height\" content=\"581\" \/>\n\t<meta property=\"og:image:type\" content=\"image\/jpeg\" \/>\n<meta name=\"author\" content=\"Reda\u00e7\u00e3o JO\" \/>\n<meta name=\"twitter:card\" content=\"summary_large_image\" \/>\n<meta name=\"twitter:creator\" content=\"@jornaloficinas\" \/>\n<meta name=\"twitter:site\" content=\"@jornaloficinas\" \/>\n<meta name=\"twitter:label1\" content=\"Escrito por\" \/>\n\t<meta name=\"twitter:data1\" content=\"Reda\u00e7\u00e3o JO\" \/>\n\t<meta name=\"twitter:label2\" content=\"Tempo estimado de leitura\" \/>\n\t<meta name=\"twitter:data2\" content=\"3 minutos\" \/>\n<script type=\"application\/ld+json\" class=\"yoast-schema-graph\">{\"@context\":\"https:\\\/\\\/schema.org\",\"@graph\":[{\"@type\":\"Article\",\"@id\":\"https:\\\/\\\/jornaldasoficinas.com\\\/pt\\\/zf-oferece-amplo-portefolio-de-pecas-substituicao-para-ve\\\/#article\",\"isPartOf\":{\"@id\":\"https:\\\/\\\/jornaldasoficinas.com\\\/pt\\\/zf-oferece-amplo-portefolio-de-pecas-substituicao-para-ve\\\/\"},\"author\":{\"name\":\"Reda\u00e7\u00e3o JO\",\"@id\":\"https:\\\/\\\/jornaldasoficinas.com\\\/pt\\\/#\\\/schema\\\/person\\\/a38eef5de2c41d9e7c9ac10141afddf3\"},\"headline\":\"ZF oferece amplo portef\u00f3lio de pe\u00e7as substitui\u00e7\u00e3o para VE\",\"datePublished\":\"2021-08-16T09:00:40+00:00\",\"mainEntityOfPage\":{\"@id\":\"https:\\\/\\\/jornaldasoficinas.com\\\/pt\\\/zf-oferece-amplo-portefolio-de-pecas-substituicao-para-ve\\\/\"},\"wordCount\":680,\"publisher\":{\"@id\":\"https:\\\/\\\/jornaldasoficinas.com\\\/pt\\\/#organization\"},\"image\":{\"@id\":\"https:\\\/\\\/jornaldasoficinas.com\\\/pt\\\/zf-oferece-amplo-portefolio-de-pecas-substituicao-para-ve\\\/#primaryimage\"},\"thumbnailUrl\":\"https:\\\/\\\/jornaldasoficinas.com\\\/pt\\\/wp-content\\\/uploads\\\/2021\\\/07\\\/ZF-oferece-amplo.jpg\",\"keywords\":[\"ZF\"],\"articleSection\":[\"Empresas\"],\"inLanguage\":\"pt-PT\"},{\"@type\":\"WebPage\",\"@id\":\"https:\\\/\\\/jornaldasoficinas.com\\\/pt\\\/zf-oferece-amplo-portefolio-de-pecas-substituicao-para-ve\\\/\",\"url\":\"https:\\\/\\\/jornaldasoficinas.com\\\/pt\\\/zf-oferece-amplo-portefolio-de-pecas-substituicao-para-ve\\\/\",\"name\":\"ZF oferece amplo portef\u00f3lio de pe\u00e7as substitui\u00e7\u00e3o para VE - Jornal das Oficinas\",\"isPartOf\":{\"@id\":\"https:\\\/\\\/jornaldasoficinas.com\\\/pt\\\/#website\"},\"primaryImageOfPage\":{\"@id\":\"https:\\\/\\\/jornaldasoficinas.com\\\/pt\\\/zf-oferece-amplo-portefolio-de-pecas-substituicao-para-ve\\\/#primaryimage\"},\"image\":{\"@id\":\"https:\\\/\\\/jornaldasoficinas.com\\\/pt\\\/zf-oferece-amplo-portefolio-de-pecas-substituicao-para-ve\\\/#primaryimage\"},\"thumbnailUrl\":\"https:\\\/\\\/jornaldasoficinas.com\\\/pt\\\/wp-content\\\/uploads\\\/2021\\\/07\\\/ZF-oferece-amplo.jpg\",\"datePublished\":\"2021-08-16T09:00:40+00:00\",\"breadcrumb\":{\"@id\":\"https:\\\/\\\/jornaldasoficinas.com\\\/pt\\\/zf-oferece-amplo-portefolio-de-pecas-substituicao-para-ve\\\/#breadcrumb\"},\"inLanguage\":\"pt-PT\",\"potentialAction\":[{\"@type\":\"ReadAction\",\"target\":[\"https:\\\/\\\/jornaldasoficinas.com\\\/pt\\\/zf-oferece-amplo-portefolio-de-pecas-substituicao-para-ve\\\/\"]}]},{\"@type\":\"ImageObject\",\"inLanguage\":\"pt-PT\",\"@id\":\"https:\\\/\\\/jornaldasoficinas.com\\\/pt\\\/zf-oferece-amplo-portefolio-de-pecas-substituicao-para-ve\\\/#primaryimage\",\"url\":\"https:\\\/\\\/jornaldasoficinas.com\\\/pt\\\/wp-content\\\/uploads\\\/2021\\\/07\\\/ZF-oferece-amplo.jpg\",\"contentUrl\":\"https:\\\/\\\/jornaldasoficinas.com\\\/pt\\\/wp-content\\\/uploads\\\/2021\\\/07\\\/ZF-oferece-amplo.jpg\",\"width\":1024,\"height\":581,\"caption\":\"Marketingbilder\"},{\"@type\":\"BreadcrumbList\",\"@id\":\"https:\\\/\\\/jornaldasoficinas.com\\\/pt\\\/zf-oferece-amplo-portefolio-de-pecas-substituicao-para-ve\\\/#breadcrumb\",\"itemListElement\":[{\"@type\":\"ListItem\",\"position\":1,\"name\":\"In\u00edcio\",\"item\":\"https:\\\/\\\/jornaldasoficinas.com\\\/pt\\\/\"},{\"@type\":\"ListItem\",\"position\":2,\"name\":\"ZF oferece amplo portef\u00f3lio de pe\u00e7as substitui\u00e7\u00e3o para VE\"}]},{\"@type\":\"WebSite\",\"@id\":\"https:\\\/\\\/jornaldasoficinas.com\\\/pt\\\/#website\",\"url\":\"https:\\\/\\\/jornaldasoficinas.com\\\/pt\\\/\",\"name\":\"Jornal das Oficinas\",\"description\":\"Jornal independente do Aftermarket Autom\u00f3vel em Portugal\",\"publisher\":{\"@id\":\"https:\\\/\\\/jornaldasoficinas.com\\\/pt\\\/#organization\"},\"potentialAction\":[{\"@type\":\"SearchAction\",\"target\":{\"@type\":\"EntryPoint\",\"urlTemplate\":\"https:\\\/\\\/jornaldasoficinas.com\\\/pt\\\/?s={search_term_string}\"},\"query-input\":{\"@type\":\"PropertyValueSpecification\",\"valueRequired\":true,\"valueName\":\"search_term_string\"}}],\"inLanguage\":\"pt-PT\"},{\"@type\":\"Organization\",\"@id\":\"https:\\\/\\\/jornaldasoficinas.com\\\/pt\\\/#organization\",\"name\":\"Jornal das Oficinas\",\"url\":\"https:\\\/\\\/jornaldasoficinas.com\\\/pt\\\/\",\"logo\":{\"@type\":\"ImageObject\",\"inLanguage\":\"pt-PT\",\"@id\":\"https:\\\/\\\/jornaldasoficinas.com\\\/pt\\\/#\\\/schema\\\/logo\\\/image\\\/\",\"url\":\"https:\\\/\\\/jornaldasoficinas.com\\\/pt\\\/wp-content\\\/uploads\\\/logoJO-SEO.png\",\"contentUrl\":\"https:\\\/\\\/jornaldasoficinas.com\\\/pt\\\/wp-content\\\/uploads\\\/logoJO-SEO.png\",\"width\":285,\"height\":450,\"caption\":\"Jornal das Oficinas\"},\"image\":{\"@id\":\"https:\\\/\\\/jornaldasoficinas.com\\\/pt\\\/#\\\/schema\\\/logo\\\/image\\\/\"},\"sameAs\":[\"https:\\\/\\\/www.facebook.com\\\/jornaloficinas\",\"https:\\\/\\\/x.com\\\/jornaloficinas\",\"https:\\\/\\\/www.instagram.com\\\/jornal_oficinas\\\/\",\"https:\\\/\\\/www.linkedin.com\\\/company\\\/jornal-das-oficinas\\\/\",\"https:\\\/\\\/www.youtube.com\\\/channel\\\/UCbQZBqtcvV-oSQrr7RzINGg\"]},{\"@type\":\"Person\",\"@id\":\"https:\\\/\\\/jornaldasoficinas.com\\\/pt\\\/#\\\/schema\\\/person\\\/a38eef5de2c41d9e7c9ac10141afddf3\",\"name\":\"Reda\u00e7\u00e3o JO\",\"image\":{\"@type\":\"ImageObject\",\"inLanguage\":\"pt-PT\",\"@id\":\"https:\\\/\\\/secure.gravatar.com\\\/avatar\\\/71f2fa71737ad68a84fea94bc708ddac8ea5b0c4788dc2ad202f3ccb2887742f?s=96&d=wp_user_avatar&r=g\",\"url\":\"https:\\\/\\\/secure.gravatar.com\\\/avatar\\\/71f2fa71737ad68a84fea94bc708ddac8ea5b0c4788dc2ad202f3ccb2887742f?s=96&d=wp_user_avatar&r=g\",\"contentUrl\":\"https:\\\/\\\/secure.gravatar.com\\\/avatar\\\/71f2fa71737ad68a84fea94bc708ddac8ea5b0c4788dc2ad202f3ccb2887742f?s=96&d=wp_user_avatar&r=g\",\"caption\":\"Reda\u00e7\u00e3o JO\"},\"url\":\"https:\\\/\\\/jornaldasoficinas.com\\\/pt\\\/author\\\/joredacao\\\/\"}]}<\/script>\n<!-- \/ Yoast SEO plugin. -->","yoast_head_json":{"title":"ZF oferece amplo portef\u00f3lio de pe\u00e7as substitui\u00e7\u00e3o para VE - Jornal das Oficinas","robots":{"index":"index","follow":"follow","max-snippet":"max-snippet:-1","max-image-preview":"max-image-preview:large","max-video-preview":"max-video-preview:-1"},"canonical":"https:\/\/jornaldasoficinas.com\/pt\/zf-oferece-amplo-portefolio-de-pecas-substituicao-para-ve\/","og_locale":"pt_PT","og_type":"article","og_title":"ZF oferece amplo portef\u00f3lio de pe\u00e7as substitui\u00e7\u00e3o para VE - Jornal das Oficinas","og_description":"A perce\u00e7\u00e3o p\u00fablica dos ve\u00edculos el\u00e9tricos...","og_url":"https:\/\/jornaldasoficinas.com\/pt\/zf-oferece-amplo-portefolio-de-pecas-substituicao-para-ve\/","og_site_name":"Jornal das Oficinas","article_publisher":"https:\/\/www.facebook.com\/jornaloficinas","article_published_time":"2021-08-16T09:00:40+00:00","og_image":[{"width":1024,"height":581,"url":"https:\/\/jornaldasoficinas.com\/pt\/wp-content\/uploads\/2021\/07\/ZF-oferece-amplo.jpg","type":"image\/jpeg"}],"author":"Reda\u00e7\u00e3o JO","twitter_card":"summary_large_image","twitter_creator":"@jornaloficinas","twitter_site":"@jornaloficinas","twitter_misc":{"Escrito por":"Reda\u00e7\u00e3o JO","Tempo estimado de leitura":"3 minutos"},"schema":{"@context":"https:\/\/schema.org","@graph":[{"@type":"Article","@id":"https:\/\/jornaldasoficinas.com\/pt\/zf-oferece-amplo-portefolio-de-pecas-substituicao-para-ve\/#article","isPartOf":{"@id":"https:\/\/jornaldasoficinas.com\/pt\/zf-oferece-amplo-portefolio-de-pecas-substituicao-para-ve\/"},"author":{"name":"Reda\u00e7\u00e3o JO","@id":"https:\/\/jornaldasoficinas.com\/pt\/#\/schema\/person\/a38eef5de2c41d9e7c9ac10141afddf3"},"headline":"ZF oferece amplo portef\u00f3lio de pe\u00e7as substitui\u00e7\u00e3o para VE","datePublished":"2021-08-16T09:00:40+00:00","mainEntityOfPage":{"@id":"https:\/\/jornaldasoficinas.com\/pt\/zf-oferece-amplo-portefolio-de-pecas-substituicao-para-ve\/"},"wordCount":680,"publisher":{"@id":"https:\/\/jornaldasoficinas.com\/pt\/#organization"},"image":{"@id":"https:\/\/jornaldasoficinas.com\/pt\/zf-oferece-amplo-portefolio-de-pecas-substituicao-para-ve\/#primaryimage"},"thumbnailUrl":"https:\/\/jornaldasoficinas.com\/pt\/wp-content\/uploads\/2021\/07\/ZF-oferece-amplo.jpg","keywords":["ZF"],"articleSection":["Empresas"],"inLanguage":"pt-PT"},{"@type":"WebPage","@id":"https:\/\/jornaldasoficinas.com\/pt\/zf-oferece-amplo-portefolio-de-pecas-substituicao-para-ve\/","url":"https:\/\/jornaldasoficinas.com\/pt\/zf-oferece-amplo-portefolio-de-pecas-substituicao-para-ve\/","name":"ZF oferece amplo portef\u00f3lio de pe\u00e7as substitui\u00e7\u00e3o para VE - Jornal das Oficinas","isPartOf":{"@id":"https:\/\/jornaldasoficinas.com\/pt\/#website"},"primaryImageOfPage":{"@id":"https:\/\/jornaldasoficinas.com\/pt\/zf-oferece-amplo-portefolio-de-pecas-substituicao-para-ve\/#primaryimage"},"image":{"@id":"https:\/\/jornaldasoficinas.com\/pt\/zf-oferece-amplo-portefolio-de-pecas-substituicao-para-ve\/#primaryimage"},"thumbnailUrl":"https:\/\/jornaldasoficinas.com\/pt\/wp-content\/uploads\/2021\/07\/ZF-oferece-amplo.jpg","datePublished":"2021-08-16T09:00:40+00:00","breadcrumb":{"@id":"https:\/\/jornaldasoficinas.com\/pt\/zf-oferece-amplo-portefolio-de-pecas-substituicao-para-ve\/#breadcrumb"},"inLanguage":"pt-PT","potentialAction":[{"@type":"ReadAction","target":["https:\/\/jornaldasoficinas.com\/pt\/zf-oferece-amplo-portefolio-de-pecas-substituicao-para-ve\/"]}]},{"@type":"ImageObject","inLanguage":"pt-PT","@id":"https:\/\/jornaldasoficinas.com\/pt\/zf-oferece-amplo-portefolio-de-pecas-substituicao-para-ve\/#primaryimage","url":"https:\/\/jornaldasoficinas.com\/pt\/wp-content\/uploads\/2021\/07\/ZF-oferece-amplo.jpg","contentUrl":"https:\/\/jornaldasoficinas.com\/pt\/wp-content\/uploads\/2021\/07\/ZF-oferece-amplo.jpg","width":1024,"height":581,"caption":"Marketingbilder"},{"@type":"BreadcrumbList","@id":"https:\/\/jornaldasoficinas.com\/pt\/zf-oferece-amplo-portefolio-de-pecas-substituicao-para-ve\/#breadcrumb","itemListElement":[{"@type":"ListItem","position":1,"name":"In\u00edcio","item":"https:\/\/jornaldasoficinas.com\/pt\/"},{"@type":"ListItem","position":2,"name":"ZF oferece amplo portef\u00f3lio de pe\u00e7as substitui\u00e7\u00e3o para VE"}]},{"@type":"WebSite","@id":"https:\/\/jornaldasoficinas.com\/pt\/#website","url":"https:\/\/jornaldasoficinas.com\/pt\/","name":"Jornal das Oficinas","description":"Jornal independente do Aftermarket Autom\u00f3vel em Portugal","publisher":{"@id":"https:\/\/jornaldasoficinas.com\/pt\/#organization"},"potentialAction":[{"@type":"SearchAction","target":{"@type":"EntryPoint","urlTemplate":"https:\/\/jornaldasoficinas.com\/pt\/?s={search_term_string}"},"query-input":{"@type":"PropertyValueSpecification","valueRequired":true,"valueName":"search_term_string"}}],"inLanguage":"pt-PT"},{"@type":"Organization","@id":"https:\/\/jornaldasoficinas.com\/pt\/#organization","name":"Jornal das Oficinas","url":"https:\/\/jornaldasoficinas.com\/pt\/","logo":{"@type":"ImageObject","inLanguage":"pt-PT","@id":"https:\/\/jornaldasoficinas.com\/pt\/#\/schema\/logo\/image\/","url":"https:\/\/jornaldasoficinas.com\/pt\/wp-content\/uploads\/logoJO-SEO.png","contentUrl":"https:\/\/jornaldasoficinas.com\/pt\/wp-content\/uploads\/logoJO-SEO.png","width":285,"height":450,"caption":"Jornal das Oficinas"},"image":{"@id":"https:\/\/jornaldasoficinas.com\/pt\/#\/schema\/logo\/image\/"},"sameAs":["https:\/\/www.facebook.com\/jornaloficinas","https:\/\/x.com\/jornaloficinas","https:\/\/www.instagram.com\/jornal_oficinas\/","https:\/\/www.linkedin.com\/company\/jornal-das-oficinas\/","https:\/\/www.youtube.com\/channel\/UCbQZBqtcvV-oSQrr7RzINGg"]},{"@type":"Person","@id":"https:\/\/jornaldasoficinas.com\/pt\/#\/schema\/person\/a38eef5de2c41d9e7c9ac10141afddf3","name":"Reda\u00e7\u00e3o JO","image":{"@type":"ImageObject","inLanguage":"pt-PT","@id":"https:\/\/secure.gravatar.com\/avatar\/71f2fa71737ad68a84fea94bc708ddac8ea5b0c4788dc2ad202f3ccb2887742f?s=96&d=wp_user_avatar&r=g","url":"https:\/\/secure.gravatar.com\/avatar\/71f2fa71737ad68a84fea94bc708ddac8ea5b0c4788dc2ad202f3ccb2887742f?s=96&d=wp_user_avatar&r=g","contentUrl":"https:\/\/secure.gravatar.com\/avatar\/71f2fa71737ad68a84fea94bc708ddac8ea5b0c4788dc2ad202f3ccb2887742f?s=96&d=wp_user_avatar&r=g","caption":"Reda\u00e7\u00e3o JO"},"url":"https:\/\/jornaldasoficinas.com\/pt\/author\/joredacao\/"}]}},"_links":{"self":[{"href":"https:\/\/jornaldasoficinas.com\/pt\/wp-json\/wp\/v2\/posts\/23179","targetHints":{"allow":["GET"]}}],"collection":[{"href":"https:\/\/jornaldasoficinas.com\/pt\/wp-json\/wp\/v2\/posts"}],"about":[{"href":"https:\/\/jornaldasoficinas.com\/pt\/wp-json\/wp\/v2\/types\/post"}],"author":[{"embeddable":true,"href":"https:\/\/jornaldasoficinas.com\/pt\/wp-json\/wp\/v2\/users\/15"}],"replies":[{"embeddable":true,"href":"https:\/\/jornaldasoficinas.com\/pt\/wp-json\/wp\/v2\/comments?post=23179"}],"version-history":[{"count":0,"href":"https:\/\/jornaldasoficinas.com\/pt\/wp-json\/wp\/v2\/posts\/23179\/revisions"}],"wp:featuredmedia":[{"embeddable":true,"href":"https:\/\/jornaldasoficinas.com\/pt\/wp-json\/wp\/v2\/media\/23186"}],"wp:attachment":[{"href":"https:\/\/jornaldasoficinas.com\/pt\/wp-json\/wp\/v2\/media?parent=23179"}],"wp:term":[{"taxonomy":"category","embeddable":true,"href":"https:\/\/jornaldasoficinas.com\/pt\/wp-json\/wp\/v2\/categories?post=23179"},{"taxonomy":"post_tag","embeddable":true,"href":"https:\/\/jornaldasoficinas.com\/pt\/wp-json\/wp\/v2\/tags?post=23179"}],"curies":[{"name":"wp","href":"https:\/\/api.w.org\/{rel}","templated":true}]}}