{"id":23192,"date":"2021-08-16T14:00:32","date_gmt":"2021-08-16T13:00:32","guid":{"rendered":"https:\/\/jornaldasoficinas.com\/pt\/?p=23192"},"modified":"2021-08-16T09:35:10","modified_gmt":"2021-08-16T08:35:10","slug":"cetelem-revela-que-21-portugueses-prefere-leasing-automovel","status":"publish","type":"post","link":"https:\/\/jornaldasoficinas.com\/pt\/cetelem-revela-que-21-portugueses-prefere-leasing-automovel\/","title":{"rendered":"Cetelem revela que 21% portugueses prefere leasing autom\u00f3vel"},"content":{"rendered":"<p><strong><img loading=\"lazy\" decoding=\"async\" class=\"alignnone size-full wp-image-23181\" src=\"https:\/\/jornaldasoficinas.com\/pt\/wp-content\/uploads\/2021\/07\/Cetelem-revela.jpg\" alt=\"07 - Cetelem-revela\" width=\"1024\" height=\"581\" srcset=\"https:\/\/jornaldasoficinas.com\/pt\/wp-content\/uploads\/2021\/07\/Cetelem-revela.jpg 1024w, https:\/\/jornaldasoficinas.com\/pt\/wp-content\/uploads\/2021\/07\/Cetelem-revela-300x170.jpg 300w, https:\/\/jornaldasoficinas.com\/pt\/wp-content\/uploads\/2021\/07\/Cetelem-revela-150x85.jpg 150w, https:\/\/jornaldasoficinas.com\/pt\/wp-content\/uploads\/2021\/07\/Cetelem-revela-768x436.jpg 768w\" sizes=\"auto, (max-width: 1024px) 100vw, 1024px\" \/><\/strong><\/p>\n<p><strong>Estudo da Cetelem-BNP Paribas revela que 21% dos portugueses, na altura de comprar carro, optaria por contrato de loca\u00e7\u00e3o financeira (leasing). Entre os 10 perfis de consumo avaliados, as Fam\u00edlias Abastadas (25%) est\u00e3o entre as que mais optariam por esta solu\u00e7\u00e3o em vez da compra, por estarem fortemente envolvidas num consumo sustent\u00e1vel<\/strong><\/p>\n<p>O Echangeur, um dos centros de investiga\u00e7\u00e3o econ\u00f3mica do departamento\u00a0Prospetivo do <a href=\"https:\/\/www.cetelem.pt\/\" target=\"_blank\" rel=\"noopener\">Cetelem &#8211; BNP Paribas Personal Finance<\/a>, revela novas conclus\u00f5es sobre o envolvimento dos consumidores na Economia Circular, com especial destaque no setor autom\u00f3vel.<\/p>\n<p>As conclus\u00f5es constam do\u00a0Circular Economy Book,\u00a0divulgado este m\u00eas, e tem por base os dados do Access Panel, plataforma que reuniu respostas de 14 000 indiv\u00edduos na B\u00e9lgica, Espanha, Fran\u00e7a e Portugal em 2020.<\/p>\n<p>De acordo com o estudo europeu, 21% dos portugueses estariam dispon\u00edveis a realizar um contrato de loca\u00e7\u00e3o financeira (leasing), em vez de comprar uma viatura. Entre os 10 perfis de consumo avaliados, a que corresponder\u00e3o os estilos de vida mais comuns em Portugal,\u00a0as Fam\u00edlias Abastadas (25%) est\u00e3o entre as que mais optariam por esta solu\u00e7\u00e3o em vez da compra, por estarem fortemente envolvidas num consumo sustent\u00e1vel.<\/p>\n<p>Por raz\u00e3o oposta, a poupan\u00e7a seria o principal incentivo para as Fam\u00edlias Pressionadas (24%) optarem pela loca\u00e7\u00e3o, principalmente para contrabalan\u00e7ar as dificuldades financeiras com as quais lidam, embora a sua baixa taxa de esfor\u00e7o possa mant\u00ea-los afastados dessa possibilidade.<\/p>\n<p>J\u00e1 26% dos Seniores, que de forma geral parecerem estar distantes dos servi\u00e7os de aluguer em geral, em compara\u00e7\u00e3o com os outros perfis, preferindo a propriedade, parecem abrir uma exce\u00e7\u00e3o aos autom\u00f3veis. Algumas das Fam\u00edlias Estrategas (25%) tamb\u00e9m aparentam apet\u00eancia para este tipo de solu\u00e7\u00f5es de mobilidade, se isso tamb\u00e9m significar economias.<\/p>\n<p>Para identificar os 10 perfis de consumo foi realizado o cruzamento de crit\u00e9rios sociodemogr\u00e1ficos \u2013 como idade, n\u00famero de elementos por habita\u00e7\u00e3o \u2013 com crit\u00e9rios or\u00e7amentais: rendimento l\u00edquido, restri\u00e7\u00f5es or\u00e7amentais, entre outros.<\/p>\n<p><strong>Jovens adultos s\u00e3o mais propensos a partilhar carro com quem n\u00e3o conhecem<br \/>\n<\/strong>Para terem novas fontes de receitas,\u00a028% dos portugueses parecem estar igualmente prontos para abra\u00e7ar servi\u00e7os inovadores ligados \u00e0 mobilidade, como colocar a sua viatura para aluguer.<\/p>\n<p>Neste dom\u00ednio, as Fam\u00edlias Abastadas s\u00e3o uma vez mais as campe\u00e3s, com 44% a afirmarem que o fariam. Seguem-lhes as Fam\u00edlias Estrategas (36%), os Jovens Adultos Despreocupados e as Fam\u00edlias Pressionadas (34% em ambos). Os Casais Jovens (33%) completam o Top 5 dos agregados familiares com mais inclina\u00e7\u00e3o para esta possibilidade.<\/p>\n<p>O estudo do Cetelem verifica ainda uma clara predomin\u00e2ncia dos mais jovens no que \u00e0 ades\u00e3o destes servi\u00e7os inovadores de mobilidade diz respeito, com 7% dos Jovens Adultos a revelar que partilhariam um carro com algu\u00e9m que n\u00e3o conhecem, assim como os casais jovens (6%).<\/p>\n<p>Um padr\u00e3o que se repete quando avaliada a predisposi\u00e7\u00e3o de utilizar um servi\u00e7o de bicicletas ou carro partilhado. Os mais velhos, casais reformados e seniores solit\u00e1rios, devido a quest\u00f5es geracionais, s\u00e3o aqueles que demonstram menos propens\u00e3o para servi\u00e7os de mobilidade inovadores, manifestando apenas 1% das inten\u00e7\u00f5es nos dom\u00ednios referidos.<\/p>\n","protected":false},"excerpt":{"rendered":"<p>Estudo da Cetelem-BNP Paribas revela que&#8230;<\/p>\n","protected":false},"author":15,"featured_media":23181,"comment_status":"closed","ping_status":"closed","sticky":false,"template":"","format":"standard","meta":{"footnotes":""},"categories":[37],"tags":[2672,2628],"class_list":["post-23192","post","type-post","status-publish","format-standard","has-post-thumbnail","hentry","category-mercado","tag-bnp-paribas","tag-cetelem"],"yoast_head":"<!-- This site is optimized with the Yoast SEO plugin v27.4 - https:\/\/yoast.com\/product\/yoast-seo-wordpress\/ -->\n<title>Cetelem revela que 21% portugueses prefere leasing autom\u00f3vel - Jornal das Oficinas<\/title>\n<meta name=\"robots\" content=\"index, follow, max-snippet:-1, max-image-preview:large, max-video-preview:-1\" \/>\n<link rel=\"canonical\" href=\"https:\/\/jornaldasoficinas.com\/pt\/cetelem-revela-que-21-portugueses-prefere-leasing-automovel\/\" \/>\n<meta property=\"og:locale\" content=\"pt_PT\" \/>\n<meta property=\"og:type\" content=\"article\" \/>\n<meta property=\"og:title\" content=\"Cetelem revela que 21% portugueses prefere leasing autom\u00f3vel - Jornal das Oficinas\" \/>\n<meta property=\"og:description\" content=\"Estudo da Cetelem-BNP Paribas revela que...\" \/>\n<meta property=\"og:url\" content=\"https:\/\/jornaldasoficinas.com\/pt\/cetelem-revela-que-21-portugueses-prefere-leasing-automovel\/\" \/>\n<meta property=\"og:site_name\" content=\"Jornal das Oficinas\" \/>\n<meta property=\"article:publisher\" content=\"https:\/\/www.facebook.com\/jornaloficinas\" \/>\n<meta property=\"article:published_time\" content=\"2021-08-16T13:00:32+00:00\" \/>\n<meta property=\"og:image\" content=\"https:\/\/jornaldasoficinas.com\/pt\/wp-content\/uploads\/2021\/07\/Cetelem-revela.jpg\" \/>\n\t<meta property=\"og:image:width\" content=\"1024\" \/>\n\t<meta property=\"og:image:height\" content=\"581\" \/>\n\t<meta property=\"og:image:type\" content=\"image\/jpeg\" \/>\n<meta name=\"author\" content=\"Reda\u00e7\u00e3o JO\" \/>\n<meta name=\"twitter:card\" content=\"summary_large_image\" \/>\n<meta name=\"twitter:creator\" content=\"@jornaloficinas\" \/>\n<meta name=\"twitter:site\" content=\"@jornaloficinas\" \/>\n<meta name=\"twitter:label1\" content=\"Escrito por\" \/>\n\t<meta name=\"twitter:data1\" content=\"Reda\u00e7\u00e3o JO\" \/>\n\t<meta name=\"twitter:label2\" content=\"Tempo estimado de leitura\" \/>\n\t<meta name=\"twitter:data2\" content=\"3 minutos\" \/>\n<script type=\"application\/ld+json\" class=\"yoast-schema-graph\">{\"@context\":\"https:\\\/\\\/schema.org\",\"@graph\":[{\"@type\":\"Article\",\"@id\":\"https:\\\/\\\/jornaldasoficinas.com\\\/pt\\\/cetelem-revela-que-21-portugueses-prefere-leasing-automovel\\\/#article\",\"isPartOf\":{\"@id\":\"https:\\\/\\\/jornaldasoficinas.com\\\/pt\\\/cetelem-revela-que-21-portugueses-prefere-leasing-automovel\\\/\"},\"author\":{\"name\":\"Reda\u00e7\u00e3o JO\",\"@id\":\"https:\\\/\\\/jornaldasoficinas.com\\\/pt\\\/#\\\/schema\\\/person\\\/a38eef5de2c41d9e7c9ac10141afddf3\"},\"headline\":\"Cetelem revela que 21% portugueses prefere leasing autom\u00f3vel\",\"datePublished\":\"2021-08-16T13:00:32+00:00\",\"mainEntityOfPage\":{\"@id\":\"https:\\\/\\\/jornaldasoficinas.com\\\/pt\\\/cetelem-revela-que-21-portugueses-prefere-leasing-automovel\\\/\"},\"wordCount\":550,\"publisher\":{\"@id\":\"https:\\\/\\\/jornaldasoficinas.com\\\/pt\\\/#organization\"},\"image\":{\"@id\":\"https:\\\/\\\/jornaldasoficinas.com\\\/pt\\\/cetelem-revela-que-21-portugueses-prefere-leasing-automovel\\\/#primaryimage\"},\"thumbnailUrl\":\"https:\\\/\\\/jornaldasoficinas.com\\\/pt\\\/wp-content\\\/uploads\\\/2021\\\/07\\\/Cetelem-revela.jpg\",\"keywords\":[\"BNP Paribas\",\"Cetelem\"],\"articleSection\":[\"Mercado\"],\"inLanguage\":\"pt-PT\"},{\"@type\":\"WebPage\",\"@id\":\"https:\\\/\\\/jornaldasoficinas.com\\\/pt\\\/cetelem-revela-que-21-portugueses-prefere-leasing-automovel\\\/\",\"url\":\"https:\\\/\\\/jornaldasoficinas.com\\\/pt\\\/cetelem-revela-que-21-portugueses-prefere-leasing-automovel\\\/\",\"name\":\"Cetelem revela que 21% portugueses prefere leasing autom\u00f3vel - Jornal das Oficinas\",\"isPartOf\":{\"@id\":\"https:\\\/\\\/jornaldasoficinas.com\\\/pt\\\/#website\"},\"primaryImageOfPage\":{\"@id\":\"https:\\\/\\\/jornaldasoficinas.com\\\/pt\\\/cetelem-revela-que-21-portugueses-prefere-leasing-automovel\\\/#primaryimage\"},\"image\":{\"@id\":\"https:\\\/\\\/jornaldasoficinas.com\\\/pt\\\/cetelem-revela-que-21-portugueses-prefere-leasing-automovel\\\/#primaryimage\"},\"thumbnailUrl\":\"https:\\\/\\\/jornaldasoficinas.com\\\/pt\\\/wp-content\\\/uploads\\\/2021\\\/07\\\/Cetelem-revela.jpg\",\"datePublished\":\"2021-08-16T13:00:32+00:00\",\"breadcrumb\":{\"@id\":\"https:\\\/\\\/jornaldasoficinas.com\\\/pt\\\/cetelem-revela-que-21-portugueses-prefere-leasing-automovel\\\/#breadcrumb\"},\"inLanguage\":\"pt-PT\",\"potentialAction\":[{\"@type\":\"ReadAction\",\"target\":[\"https:\\\/\\\/jornaldasoficinas.com\\\/pt\\\/cetelem-revela-que-21-portugueses-prefere-leasing-automovel\\\/\"]}]},{\"@type\":\"ImageObject\",\"inLanguage\":\"pt-PT\",\"@id\":\"https:\\\/\\\/jornaldasoficinas.com\\\/pt\\\/cetelem-revela-que-21-portugueses-prefere-leasing-automovel\\\/#primaryimage\",\"url\":\"https:\\\/\\\/jornaldasoficinas.com\\\/pt\\\/wp-content\\\/uploads\\\/2021\\\/07\\\/Cetelem-revela.jpg\",\"contentUrl\":\"https:\\\/\\\/jornaldasoficinas.com\\\/pt\\\/wp-content\\\/uploads\\\/2021\\\/07\\\/Cetelem-revela.jpg\",\"width\":1024,\"height\":581,\"caption\":\"07 - Cetelem-revela\"},{\"@type\":\"BreadcrumbList\",\"@id\":\"https:\\\/\\\/jornaldasoficinas.com\\\/pt\\\/cetelem-revela-que-21-portugueses-prefere-leasing-automovel\\\/#breadcrumb\",\"itemListElement\":[{\"@type\":\"ListItem\",\"position\":1,\"name\":\"In\u00edcio\",\"item\":\"https:\\\/\\\/jornaldasoficinas.com\\\/pt\\\/\"},{\"@type\":\"ListItem\",\"position\":2,\"name\":\"Cetelem revela que 21% portugueses prefere leasing autom\u00f3vel\"}]},{\"@type\":\"WebSite\",\"@id\":\"https:\\\/\\\/jornaldasoficinas.com\\\/pt\\\/#website\",\"url\":\"https:\\\/\\\/jornaldasoficinas.com\\\/pt\\\/\",\"name\":\"Jornal das Oficinas\",\"description\":\"Jornal independente do Aftermarket Autom\u00f3vel em Portugal\",\"publisher\":{\"@id\":\"https:\\\/\\\/jornaldasoficinas.com\\\/pt\\\/#organization\"},\"potentialAction\":[{\"@type\":\"SearchAction\",\"target\":{\"@type\":\"EntryPoint\",\"urlTemplate\":\"https:\\\/\\\/jornaldasoficinas.com\\\/pt\\\/?s={search_term_string}\"},\"query-input\":{\"@type\":\"PropertyValueSpecification\",\"valueRequired\":true,\"valueName\":\"search_term_string\"}}],\"inLanguage\":\"pt-PT\"},{\"@type\":\"Organization\",\"@id\":\"https:\\\/\\\/jornaldasoficinas.com\\\/pt\\\/#organization\",\"name\":\"Jornal das Oficinas\",\"url\":\"https:\\\/\\\/jornaldasoficinas.com\\\/pt\\\/\",\"logo\":{\"@type\":\"ImageObject\",\"inLanguage\":\"pt-PT\",\"@id\":\"https:\\\/\\\/jornaldasoficinas.com\\\/pt\\\/#\\\/schema\\\/logo\\\/image\\\/\",\"url\":\"https:\\\/\\\/jornaldasoficinas.com\\\/pt\\\/wp-content\\\/uploads\\\/logoJO-SEO.png\",\"contentUrl\":\"https:\\\/\\\/jornaldasoficinas.com\\\/pt\\\/wp-content\\\/uploads\\\/logoJO-SEO.png\",\"width\":285,\"height\":450,\"caption\":\"Jornal das Oficinas\"},\"image\":{\"@id\":\"https:\\\/\\\/jornaldasoficinas.com\\\/pt\\\/#\\\/schema\\\/logo\\\/image\\\/\"},\"sameAs\":[\"https:\\\/\\\/www.facebook.com\\\/jornaloficinas\",\"https:\\\/\\\/x.com\\\/jornaloficinas\",\"https:\\\/\\\/www.instagram.com\\\/jornal_oficinas\\\/\",\"https:\\\/\\\/www.linkedin.com\\\/company\\\/jornal-das-oficinas\\\/\",\"https:\\\/\\\/www.youtube.com\\\/channel\\\/UCbQZBqtcvV-oSQrr7RzINGg\"]},{\"@type\":\"Person\",\"@id\":\"https:\\\/\\\/jornaldasoficinas.com\\\/pt\\\/#\\\/schema\\\/person\\\/a38eef5de2c41d9e7c9ac10141afddf3\",\"name\":\"Reda\u00e7\u00e3o JO\",\"image\":{\"@type\":\"ImageObject\",\"inLanguage\":\"pt-PT\",\"@id\":\"https:\\\/\\\/secure.gravatar.com\\\/avatar\\\/71f2fa71737ad68a84fea94bc708ddac8ea5b0c4788dc2ad202f3ccb2887742f?s=96&d=wp_user_avatar&r=g\",\"url\":\"https:\\\/\\\/secure.gravatar.com\\\/avatar\\\/71f2fa71737ad68a84fea94bc708ddac8ea5b0c4788dc2ad202f3ccb2887742f?s=96&d=wp_user_avatar&r=g\",\"contentUrl\":\"https:\\\/\\\/secure.gravatar.com\\\/avatar\\\/71f2fa71737ad68a84fea94bc708ddac8ea5b0c4788dc2ad202f3ccb2887742f?s=96&d=wp_user_avatar&r=g\",\"caption\":\"Reda\u00e7\u00e3o JO\"},\"url\":\"https:\\\/\\\/jornaldasoficinas.com\\\/pt\\\/author\\\/joredacao\\\/\"}]}<\/script>\n<!-- \/ Yoast SEO plugin. -->","yoast_head_json":{"title":"Cetelem revela que 21% portugueses prefere leasing autom\u00f3vel - Jornal das Oficinas","robots":{"index":"index","follow":"follow","max-snippet":"max-snippet:-1","max-image-preview":"max-image-preview:large","max-video-preview":"max-video-preview:-1"},"canonical":"https:\/\/jornaldasoficinas.com\/pt\/cetelem-revela-que-21-portugueses-prefere-leasing-automovel\/","og_locale":"pt_PT","og_type":"article","og_title":"Cetelem revela que 21% portugueses prefere leasing autom\u00f3vel - Jornal das Oficinas","og_description":"Estudo da Cetelem-BNP Paribas revela que...","og_url":"https:\/\/jornaldasoficinas.com\/pt\/cetelem-revela-que-21-portugueses-prefere-leasing-automovel\/","og_site_name":"Jornal das Oficinas","article_publisher":"https:\/\/www.facebook.com\/jornaloficinas","article_published_time":"2021-08-16T13:00:32+00:00","og_image":[{"width":1024,"height":581,"url":"https:\/\/jornaldasoficinas.com\/pt\/wp-content\/uploads\/2021\/07\/Cetelem-revela.jpg","type":"image\/jpeg"}],"author":"Reda\u00e7\u00e3o JO","twitter_card":"summary_large_image","twitter_creator":"@jornaloficinas","twitter_site":"@jornaloficinas","twitter_misc":{"Escrito por":"Reda\u00e7\u00e3o JO","Tempo estimado de leitura":"3 minutos"},"schema":{"@context":"https:\/\/schema.org","@graph":[{"@type":"Article","@id":"https:\/\/jornaldasoficinas.com\/pt\/cetelem-revela-que-21-portugueses-prefere-leasing-automovel\/#article","isPartOf":{"@id":"https:\/\/jornaldasoficinas.com\/pt\/cetelem-revela-que-21-portugueses-prefere-leasing-automovel\/"},"author":{"name":"Reda\u00e7\u00e3o JO","@id":"https:\/\/jornaldasoficinas.com\/pt\/#\/schema\/person\/a38eef5de2c41d9e7c9ac10141afddf3"},"headline":"Cetelem revela que 21% portugueses prefere leasing autom\u00f3vel","datePublished":"2021-08-16T13:00:32+00:00","mainEntityOfPage":{"@id":"https:\/\/jornaldasoficinas.com\/pt\/cetelem-revela-que-21-portugueses-prefere-leasing-automovel\/"},"wordCount":550,"publisher":{"@id":"https:\/\/jornaldasoficinas.com\/pt\/#organization"},"image":{"@id":"https:\/\/jornaldasoficinas.com\/pt\/cetelem-revela-que-21-portugueses-prefere-leasing-automovel\/#primaryimage"},"thumbnailUrl":"https:\/\/jornaldasoficinas.com\/pt\/wp-content\/uploads\/2021\/07\/Cetelem-revela.jpg","keywords":["BNP Paribas","Cetelem"],"articleSection":["Mercado"],"inLanguage":"pt-PT"},{"@type":"WebPage","@id":"https:\/\/jornaldasoficinas.com\/pt\/cetelem-revela-que-21-portugueses-prefere-leasing-automovel\/","url":"https:\/\/jornaldasoficinas.com\/pt\/cetelem-revela-que-21-portugueses-prefere-leasing-automovel\/","name":"Cetelem revela que 21% portugueses prefere leasing autom\u00f3vel - Jornal das Oficinas","isPartOf":{"@id":"https:\/\/jornaldasoficinas.com\/pt\/#website"},"primaryImageOfPage":{"@id":"https:\/\/jornaldasoficinas.com\/pt\/cetelem-revela-que-21-portugueses-prefere-leasing-automovel\/#primaryimage"},"image":{"@id":"https:\/\/jornaldasoficinas.com\/pt\/cetelem-revela-que-21-portugueses-prefere-leasing-automovel\/#primaryimage"},"thumbnailUrl":"https:\/\/jornaldasoficinas.com\/pt\/wp-content\/uploads\/2021\/07\/Cetelem-revela.jpg","datePublished":"2021-08-16T13:00:32+00:00","breadcrumb":{"@id":"https:\/\/jornaldasoficinas.com\/pt\/cetelem-revela-que-21-portugueses-prefere-leasing-automovel\/#breadcrumb"},"inLanguage":"pt-PT","potentialAction":[{"@type":"ReadAction","target":["https:\/\/jornaldasoficinas.com\/pt\/cetelem-revela-que-21-portugueses-prefere-leasing-automovel\/"]}]},{"@type":"ImageObject","inLanguage":"pt-PT","@id":"https:\/\/jornaldasoficinas.com\/pt\/cetelem-revela-que-21-portugueses-prefere-leasing-automovel\/#primaryimage","url":"https:\/\/jornaldasoficinas.com\/pt\/wp-content\/uploads\/2021\/07\/Cetelem-revela.jpg","contentUrl":"https:\/\/jornaldasoficinas.com\/pt\/wp-content\/uploads\/2021\/07\/Cetelem-revela.jpg","width":1024,"height":581,"caption":"07 - Cetelem-revela"},{"@type":"BreadcrumbList","@id":"https:\/\/jornaldasoficinas.com\/pt\/cetelem-revela-que-21-portugueses-prefere-leasing-automovel\/#breadcrumb","itemListElement":[{"@type":"ListItem","position":1,"name":"In\u00edcio","item":"https:\/\/jornaldasoficinas.com\/pt\/"},{"@type":"ListItem","position":2,"name":"Cetelem revela que 21% portugueses prefere leasing autom\u00f3vel"}]},{"@type":"WebSite","@id":"https:\/\/jornaldasoficinas.com\/pt\/#website","url":"https:\/\/jornaldasoficinas.com\/pt\/","name":"Jornal das Oficinas","description":"Jornal independente do Aftermarket Autom\u00f3vel em Portugal","publisher":{"@id":"https:\/\/jornaldasoficinas.com\/pt\/#organization"},"potentialAction":[{"@type":"SearchAction","target":{"@type":"EntryPoint","urlTemplate":"https:\/\/jornaldasoficinas.com\/pt\/?s={search_term_string}"},"query-input":{"@type":"PropertyValueSpecification","valueRequired":true,"valueName":"search_term_string"}}],"inLanguage":"pt-PT"},{"@type":"Organization","@id":"https:\/\/jornaldasoficinas.com\/pt\/#organization","name":"Jornal das Oficinas","url":"https:\/\/jornaldasoficinas.com\/pt\/","logo":{"@type":"ImageObject","inLanguage":"pt-PT","@id":"https:\/\/jornaldasoficinas.com\/pt\/#\/schema\/logo\/image\/","url":"https:\/\/jornaldasoficinas.com\/pt\/wp-content\/uploads\/logoJO-SEO.png","contentUrl":"https:\/\/jornaldasoficinas.com\/pt\/wp-content\/uploads\/logoJO-SEO.png","width":285,"height":450,"caption":"Jornal das Oficinas"},"image":{"@id":"https:\/\/jornaldasoficinas.com\/pt\/#\/schema\/logo\/image\/"},"sameAs":["https:\/\/www.facebook.com\/jornaloficinas","https:\/\/x.com\/jornaloficinas","https:\/\/www.instagram.com\/jornal_oficinas\/","https:\/\/www.linkedin.com\/company\/jornal-das-oficinas\/","https:\/\/www.youtube.com\/channel\/UCbQZBqtcvV-oSQrr7RzINGg"]},{"@type":"Person","@id":"https:\/\/jornaldasoficinas.com\/pt\/#\/schema\/person\/a38eef5de2c41d9e7c9ac10141afddf3","name":"Reda\u00e7\u00e3o JO","image":{"@type":"ImageObject","inLanguage":"pt-PT","@id":"https:\/\/secure.gravatar.com\/avatar\/71f2fa71737ad68a84fea94bc708ddac8ea5b0c4788dc2ad202f3ccb2887742f?s=96&d=wp_user_avatar&r=g","url":"https:\/\/secure.gravatar.com\/avatar\/71f2fa71737ad68a84fea94bc708ddac8ea5b0c4788dc2ad202f3ccb2887742f?s=96&d=wp_user_avatar&r=g","contentUrl":"https:\/\/secure.gravatar.com\/avatar\/71f2fa71737ad68a84fea94bc708ddac8ea5b0c4788dc2ad202f3ccb2887742f?s=96&d=wp_user_avatar&r=g","caption":"Reda\u00e7\u00e3o JO"},"url":"https:\/\/jornaldasoficinas.com\/pt\/author\/joredacao\/"}]}},"_links":{"self":[{"href":"https:\/\/jornaldasoficinas.com\/pt\/wp-json\/wp\/v2\/posts\/23192","targetHints":{"allow":["GET"]}}],"collection":[{"href":"https:\/\/jornaldasoficinas.com\/pt\/wp-json\/wp\/v2\/posts"}],"about":[{"href":"https:\/\/jornaldasoficinas.com\/pt\/wp-json\/wp\/v2\/types\/post"}],"author":[{"embeddable":true,"href":"https:\/\/jornaldasoficinas.com\/pt\/wp-json\/wp\/v2\/users\/15"}],"replies":[{"embeddable":true,"href":"https:\/\/jornaldasoficinas.com\/pt\/wp-json\/wp\/v2\/comments?post=23192"}],"version-history":[{"count":0,"href":"https:\/\/jornaldasoficinas.com\/pt\/wp-json\/wp\/v2\/posts\/23192\/revisions"}],"wp:featuredmedia":[{"embeddable":true,"href":"https:\/\/jornaldasoficinas.com\/pt\/wp-json\/wp\/v2\/media\/23181"}],"wp:attachment":[{"href":"https:\/\/jornaldasoficinas.com\/pt\/wp-json\/wp\/v2\/media?parent=23192"}],"wp:term":[{"taxonomy":"category","embeddable":true,"href":"https:\/\/jornaldasoficinas.com\/pt\/wp-json\/wp\/v2\/categories?post=23192"},{"taxonomy":"post_tag","embeddable":true,"href":"https:\/\/jornaldasoficinas.com\/pt\/wp-json\/wp\/v2\/tags?post=23192"}],"curies":[{"name":"wp","href":"https:\/\/api.w.org\/{rel}","templated":true}]}}