{"id":23492,"date":"2021-09-08T10:00:07","date_gmt":"2021-09-08T09:00:07","guid":{"rendered":"https:\/\/jornaldasoficinas.com\/pt\/?p=23492"},"modified":"2021-09-07T15:28:25","modified_gmt":"2021-09-07T14:28:25","slug":"wolf-aposta-em-linha-de-aditivos-para-proteger-o-veiculo","status":"publish","type":"post","link":"https:\/\/jornaldasoficinas.com\/pt\/wolf-aposta-em-linha-de-aditivos-para-proteger-o-veiculo\/","title":{"rendered":"WOLF aposta em linha de aditivos para proteger o ve\u00edculo"},"content":{"rendered":"<p><strong><img loading=\"lazy\" decoding=\"async\" class=\"alignnone size-full wp-image-23484\" src=\"https:\/\/jornaldasoficinas.com\/pt\/wp-content\/uploads\/2021\/09\/WOLF-aposta-em-linha.png\" alt=\"09 - WOLF-aposta-em-linha\" width=\"1024\" height=\"581\" srcset=\"https:\/\/jornaldasoficinas.com\/pt\/wp-content\/uploads\/2021\/09\/WOLF-aposta-em-linha.png 1024w, https:\/\/jornaldasoficinas.com\/pt\/wp-content\/uploads\/2021\/09\/WOLF-aposta-em-linha-300x170.png 300w, https:\/\/jornaldasoficinas.com\/pt\/wp-content\/uploads\/2021\/09\/WOLF-aposta-em-linha-150x85.png 150w, https:\/\/jornaldasoficinas.com\/pt\/wp-content\/uploads\/2021\/09\/WOLF-aposta-em-linha-768x436.png 768w\" sizes=\"auto, (max-width: 1024px) 100vw, 1024px\" \/><\/strong><\/p>\n<p><strong>Dispon\u00edvel para motores a gasolina, diesel e GPL, a Wolf fornece aditivos para diferentes aplica\u00e7\u00f5es e finalidades. Quer seja para o sistema de combust\u00edvel, o motor ou o radiador, estes t\u00eam um prop\u00f3sito em comum:\u00a0proteger os ve\u00edculos<\/strong><\/p>\n<p>Como uma marca que se orgulha de oferecer uma solu\u00e7\u00e3o completa para seus parceiros, a Wolf tem no seu rico portf\u00f3lio de produtos tamb\u00e9m a gama de aditivos.<\/p>\n<p><strong>GASOLINE TREATMENT<br \/>\n<\/strong>Devido a certas subst\u00e2ncias qu\u00edmicas contidas na gasolina (conservantes, melhoradores de lubrifica\u00e7\u00e3o, etc.), com o tempo, dep\u00f3sitos prejudiciais acumular-se-\u00e3o no sistema de combust\u00edvel do motor. Estes dep\u00f3sitos podem facilmente obstruir as passagens de combust\u00edvel, que s\u00e3o muito menores hoje em dia do que eram no passado. Caso as passagens estejam obstru\u00eddas, os injetores deixar\u00e3o de funcionar corretamente. Como resultado, o desempenho do motor \u00e9 reduzido e mais combust\u00edvel ser\u00e1 consumido.<\/p>\n<p>O aditivo Wolf Gasoline Treatment remove os dep\u00f3sitos prejudiciais que podem obstruir as passagens de combust\u00edvel e\u00a0limpa todo o sistema de combust\u00edvel\u00a0(v\u00e1lvulas, carburadores, injetores). Como resultado, o motor ter\u00e1 desempenho ideal, consumo ideal de combust\u00edvel e vida \u00fatil prolongada.<\/p>\n<p>Este produto \u00e9 projetado para todos os motores a gasolina e \u00e9 inofensivo para conversores catal\u00edticos.<\/p>\n<p><strong>DIESEL TREATMENT<br \/>\n<\/strong>Assim como os motores a gasolina, os motores a diesel tamb\u00e9m podem enfrentar o desempenho reduzido e a baixa efici\u00eancia do combust\u00edvel devido aos dep\u00f3sitos prejudiciais que obstruem as passagens de combust\u00edvel.<\/p>\n<p>O aditivo Wolf Diesel Treatment remove os dep\u00f3sitos prejudiciais que podem obstruir as passagens de combust\u00edvel e\u00a0limpa todo o sistema de combust\u00edvel\u00a0(v\u00e1lvulas, injetores). Como resultado, o motor ter\u00e1 desempenho ideal, consumo ideal de combust\u00edvel e vida \u00fatil prolongada.<\/p>\n<p>Este aditivo est\u00e1 projetado para todos os motores a diesel, incluindo common rail, com ou sem turbocompressores. Inofensivo para Filtros de Part\u00edculas Diesel (DPF) e para conversores catal\u00edticos (SCR).<\/p>\n<p><strong>ENGINE FLUSH<br \/>\n<\/strong>Condi\u00e7\u00f5es de condu\u00e7\u00e3o urbana (viagens curtas, sistemas start-stop) causam a acumula\u00e7\u00e3o de part\u00edculas nocivas no \u00f3leo de motor. Estas part\u00edculas restringem o fluxo de \u00f3leo, o que pode afetar o desempenho do motor. Para evitar este tipo de desgaste, o seu motor deve ser limpo regularmente.<\/p>\n<p>O aditivo Wolf Engine Flush\u00a0limpa todo o interior do motor\u00a0removendo todas as part\u00edculas prejudiciais (por exemplo, lama, verniz, dep\u00f3sitos de carbono, fuligem, etc.). Como resultado, o seu motor ir\u00e1 operar com maior efici\u00eancia, reduzindo o consumo de combust\u00edvel e as emiss\u00f5es de gases de escape.<\/p>\n<p>Este produto pode ser usado para todos os motores a gasolina, diesel e GPL, com ou sem turbocompresores. O melhor de tudo \u00e9 que este produto \u00e9 compat\u00edvel com todos os \u00f3leos de motor.<\/p>\n<p><strong>RADIATOR CLEANER<br \/>\n<\/strong>Ao longo do tempo, dep\u00f3sitos prejudiciais do sistema de refrigera\u00e7\u00e3o do ve\u00edculo podem obstruir a circula\u00e7\u00e3o do l\u00edquido refrigerante atrav\u00e9s do radiador. Como resultado, a transfer\u00eancia de calor ser\u00e1 obstru\u00edda, criando &#8220;pontos quentes&#8221; que podem danificar o seu motor. Para evitar isso, o sistema de refrigera\u00e7\u00e3o deve ser limpo inteiramente regularmente.<\/p>\n<p>O Wolf Radiator Cleaner\u00a0limpa todo o sistema de refrigera\u00e7\u00e3o e melhora a transfer\u00eancia de calor\u00a0do motor para o sistema de refrigera\u00e7\u00e3o. Remove todos os tipos de dep\u00f3sitos (ferrugem, calc\u00e1rio e outros contaminantes) e evita o sobreaquecimento.<\/p>\n<p>Este aditivo \u00e9 adequado para todos os radiadores de alum\u00ednio e a\u00e7o de sistemas de refrigera\u00e7\u00e3o. O que mais, \u00e9 compat\u00edvel com todos os l\u00edquidos refrigerantes dispon\u00edveis comercialmente.<\/p>\n<p>Para mais informa\u00e7\u00f5es sobre a linha de aditivos da Wolf clique <a href=\"https:\/\/www.wolflubes.com\/PT_PT\/campaigns\/CONHECA-A-LINHA-DE-ADITIVOS-DOS-LUBRIFICANTES-WOLF.aspx\" target=\"_blank\" rel=\"noopener\"><strong>aqui<\/strong><\/a><\/p>\n","protected":false},"excerpt":{"rendered":"<p>Dispon\u00edvel para motores a gasolina, diesel&#8230;<\/p>\n","protected":false},"author":15,"featured_media":23484,"comment_status":"closed","ping_status":"closed","sticky":false,"template":"","format":"standard","meta":{"footnotes":""},"categories":[29],"tags":[2385],"class_list":["post-23492","post","type-post","status-publish","format-standard","has-post-thumbnail","hentry","category-empresas","tag-wolf"],"yoast_head":"<!-- This site is optimized with the Yoast SEO plugin v27.5 - https:\/\/yoast.com\/product\/yoast-seo-wordpress\/ -->\n<title>WOLF aposta em linha de aditivos para proteger o ve\u00edculo - Jornal das Oficinas<\/title>\n<meta name=\"robots\" content=\"index, follow, max-snippet:-1, max-image-preview:large, max-video-preview:-1\" \/>\n<link rel=\"canonical\" href=\"https:\/\/jornaldasoficinas.com\/pt\/wolf-aposta-em-linha-de-aditivos-para-proteger-o-veiculo\/\" \/>\n<meta property=\"og:locale\" content=\"pt_PT\" \/>\n<meta property=\"og:type\" content=\"article\" \/>\n<meta property=\"og:title\" content=\"WOLF aposta em linha de aditivos para proteger o ve\u00edculo - Jornal das Oficinas\" \/>\n<meta property=\"og:description\" content=\"Dispon\u00edvel para motores a gasolina, diesel...\" \/>\n<meta property=\"og:url\" content=\"https:\/\/jornaldasoficinas.com\/pt\/wolf-aposta-em-linha-de-aditivos-para-proteger-o-veiculo\/\" \/>\n<meta property=\"og:site_name\" content=\"Jornal das Oficinas\" \/>\n<meta property=\"article:publisher\" content=\"https:\/\/www.facebook.com\/jornaloficinas\" \/>\n<meta property=\"article:published_time\" content=\"2021-09-08T09:00:07+00:00\" \/>\n<meta property=\"og:image\" content=\"https:\/\/jornaldasoficinas.com\/pt\/wp-content\/uploads\/2021\/09\/WOLF-aposta-em-linha.png\" \/>\n\t<meta property=\"og:image:width\" content=\"1024\" \/>\n\t<meta property=\"og:image:height\" content=\"581\" \/>\n\t<meta property=\"og:image:type\" content=\"image\/png\" \/>\n<meta name=\"author\" content=\"Reda\u00e7\u00e3o JO\" \/>\n<meta name=\"twitter:card\" content=\"summary_large_image\" \/>\n<meta name=\"twitter:creator\" content=\"@jornaloficinas\" \/>\n<meta name=\"twitter:site\" content=\"@jornaloficinas\" \/>\n<meta name=\"twitter:label1\" content=\"Escrito por\" \/>\n\t<meta name=\"twitter:data1\" content=\"Reda\u00e7\u00e3o JO\" \/>\n\t<meta name=\"twitter:label2\" content=\"Tempo estimado de leitura\" \/>\n\t<meta name=\"twitter:data2\" content=\"3 minutos\" \/>\n<script type=\"application\/ld+json\" class=\"yoast-schema-graph\">{\"@context\":\"https:\\\/\\\/schema.org\",\"@graph\":[{\"@type\":\"Article\",\"@id\":\"https:\\\/\\\/jornaldasoficinas.com\\\/pt\\\/wolf-aposta-em-linha-de-aditivos-para-proteger-o-veiculo\\\/#article\",\"isPartOf\":{\"@id\":\"https:\\\/\\\/jornaldasoficinas.com\\\/pt\\\/wolf-aposta-em-linha-de-aditivos-para-proteger-o-veiculo\\\/\"},\"author\":{\"name\":\"Reda\u00e7\u00e3o JO\",\"@id\":\"https:\\\/\\\/jornaldasoficinas.com\\\/pt\\\/#\\\/schema\\\/person\\\/a38eef5de2c41d9e7c9ac10141afddf3\"},\"headline\":\"WOLF aposta em linha de aditivos para proteger o ve\u00edculo\",\"datePublished\":\"2021-09-08T09:00:07+00:00\",\"mainEntityOfPage\":{\"@id\":\"https:\\\/\\\/jornaldasoficinas.com\\\/pt\\\/wolf-aposta-em-linha-de-aditivos-para-proteger-o-veiculo\\\/\"},\"wordCount\":633,\"publisher\":{\"@id\":\"https:\\\/\\\/jornaldasoficinas.com\\\/pt\\\/#organization\"},\"image\":{\"@id\":\"https:\\\/\\\/jornaldasoficinas.com\\\/pt\\\/wolf-aposta-em-linha-de-aditivos-para-proteger-o-veiculo\\\/#primaryimage\"},\"thumbnailUrl\":\"https:\\\/\\\/jornaldasoficinas.com\\\/pt\\\/wp-content\\\/uploads\\\/2021\\\/09\\\/WOLF-aposta-em-linha.png\",\"keywords\":[\"Wolf\"],\"articleSection\":[\"Empresas\"],\"inLanguage\":\"pt-PT\"},{\"@type\":\"WebPage\",\"@id\":\"https:\\\/\\\/jornaldasoficinas.com\\\/pt\\\/wolf-aposta-em-linha-de-aditivos-para-proteger-o-veiculo\\\/\",\"url\":\"https:\\\/\\\/jornaldasoficinas.com\\\/pt\\\/wolf-aposta-em-linha-de-aditivos-para-proteger-o-veiculo\\\/\",\"name\":\"WOLF aposta em linha de aditivos para proteger o ve\u00edculo - Jornal das Oficinas\",\"isPartOf\":{\"@id\":\"https:\\\/\\\/jornaldasoficinas.com\\\/pt\\\/#website\"},\"primaryImageOfPage\":{\"@id\":\"https:\\\/\\\/jornaldasoficinas.com\\\/pt\\\/wolf-aposta-em-linha-de-aditivos-para-proteger-o-veiculo\\\/#primaryimage\"},\"image\":{\"@id\":\"https:\\\/\\\/jornaldasoficinas.com\\\/pt\\\/wolf-aposta-em-linha-de-aditivos-para-proteger-o-veiculo\\\/#primaryimage\"},\"thumbnailUrl\":\"https:\\\/\\\/jornaldasoficinas.com\\\/pt\\\/wp-content\\\/uploads\\\/2021\\\/09\\\/WOLF-aposta-em-linha.png\",\"datePublished\":\"2021-09-08T09:00:07+00:00\",\"breadcrumb\":{\"@id\":\"https:\\\/\\\/jornaldasoficinas.com\\\/pt\\\/wolf-aposta-em-linha-de-aditivos-para-proteger-o-veiculo\\\/#breadcrumb\"},\"inLanguage\":\"pt-PT\",\"potentialAction\":[{\"@type\":\"ReadAction\",\"target\":[\"https:\\\/\\\/jornaldasoficinas.com\\\/pt\\\/wolf-aposta-em-linha-de-aditivos-para-proteger-o-veiculo\\\/\"]}]},{\"@type\":\"ImageObject\",\"inLanguage\":\"pt-PT\",\"@id\":\"https:\\\/\\\/jornaldasoficinas.com\\\/pt\\\/wolf-aposta-em-linha-de-aditivos-para-proteger-o-veiculo\\\/#primaryimage\",\"url\":\"https:\\\/\\\/jornaldasoficinas.com\\\/pt\\\/wp-content\\\/uploads\\\/2021\\\/09\\\/WOLF-aposta-em-linha.png\",\"contentUrl\":\"https:\\\/\\\/jornaldasoficinas.com\\\/pt\\\/wp-content\\\/uploads\\\/2021\\\/09\\\/WOLF-aposta-em-linha.png\",\"width\":1024,\"height\":581,\"caption\":\"09 - WOLF-aposta-em-linha\"},{\"@type\":\"BreadcrumbList\",\"@id\":\"https:\\\/\\\/jornaldasoficinas.com\\\/pt\\\/wolf-aposta-em-linha-de-aditivos-para-proteger-o-veiculo\\\/#breadcrumb\",\"itemListElement\":[{\"@type\":\"ListItem\",\"position\":1,\"name\":\"In\u00edcio\",\"item\":\"https:\\\/\\\/jornaldasoficinas.com\\\/pt\\\/\"},{\"@type\":\"ListItem\",\"position\":2,\"name\":\"WOLF aposta em linha de aditivos para proteger o ve\u00edculo\"}]},{\"@type\":\"WebSite\",\"@id\":\"https:\\\/\\\/jornaldasoficinas.com\\\/pt\\\/#website\",\"url\":\"https:\\\/\\\/jornaldasoficinas.com\\\/pt\\\/\",\"name\":\"Jornal das Oficinas\",\"description\":\"Jornal independente do Aftermarket Autom\u00f3vel em Portugal\",\"publisher\":{\"@id\":\"https:\\\/\\\/jornaldasoficinas.com\\\/pt\\\/#organization\"},\"potentialAction\":[{\"@type\":\"SearchAction\",\"target\":{\"@type\":\"EntryPoint\",\"urlTemplate\":\"https:\\\/\\\/jornaldasoficinas.com\\\/pt\\\/?s={search_term_string}\"},\"query-input\":{\"@type\":\"PropertyValueSpecification\",\"valueRequired\":true,\"valueName\":\"search_term_string\"}}],\"inLanguage\":\"pt-PT\"},{\"@type\":\"Organization\",\"@id\":\"https:\\\/\\\/jornaldasoficinas.com\\\/pt\\\/#organization\",\"name\":\"Jornal das Oficinas\",\"url\":\"https:\\\/\\\/jornaldasoficinas.com\\\/pt\\\/\",\"logo\":{\"@type\":\"ImageObject\",\"inLanguage\":\"pt-PT\",\"@id\":\"https:\\\/\\\/jornaldasoficinas.com\\\/pt\\\/#\\\/schema\\\/logo\\\/image\\\/\",\"url\":\"https:\\\/\\\/jornaldasoficinas.com\\\/pt\\\/wp-content\\\/uploads\\\/logoJO-SEO.png\",\"contentUrl\":\"https:\\\/\\\/jornaldasoficinas.com\\\/pt\\\/wp-content\\\/uploads\\\/logoJO-SEO.png\",\"width\":285,\"height\":450,\"caption\":\"Jornal das Oficinas\"},\"image\":{\"@id\":\"https:\\\/\\\/jornaldasoficinas.com\\\/pt\\\/#\\\/schema\\\/logo\\\/image\\\/\"},\"sameAs\":[\"https:\\\/\\\/www.facebook.com\\\/jornaloficinas\",\"https:\\\/\\\/x.com\\\/jornaloficinas\",\"https:\\\/\\\/www.instagram.com\\\/jornal_oficinas\\\/\",\"https:\\\/\\\/www.linkedin.com\\\/company\\\/jornal-das-oficinas\\\/\",\"https:\\\/\\\/www.youtube.com\\\/channel\\\/UCbQZBqtcvV-oSQrr7RzINGg\"]},{\"@type\":\"Person\",\"@id\":\"https:\\\/\\\/jornaldasoficinas.com\\\/pt\\\/#\\\/schema\\\/person\\\/a38eef5de2c41d9e7c9ac10141afddf3\",\"name\":\"Reda\u00e7\u00e3o JO\",\"image\":{\"@type\":\"ImageObject\",\"inLanguage\":\"pt-PT\",\"@id\":\"https:\\\/\\\/secure.gravatar.com\\\/avatar\\\/71f2fa71737ad68a84fea94bc708ddac8ea5b0c4788dc2ad202f3ccb2887742f?s=96&d=wp_user_avatar&r=g\",\"url\":\"https:\\\/\\\/secure.gravatar.com\\\/avatar\\\/71f2fa71737ad68a84fea94bc708ddac8ea5b0c4788dc2ad202f3ccb2887742f?s=96&d=wp_user_avatar&r=g\",\"contentUrl\":\"https:\\\/\\\/secure.gravatar.com\\\/avatar\\\/71f2fa71737ad68a84fea94bc708ddac8ea5b0c4788dc2ad202f3ccb2887742f?s=96&d=wp_user_avatar&r=g\",\"caption\":\"Reda\u00e7\u00e3o JO\"},\"url\":\"https:\\\/\\\/jornaldasoficinas.com\\\/pt\\\/author\\\/joredacao\\\/\"}]}<\/script>\n<!-- \/ Yoast SEO plugin. -->","yoast_head_json":{"title":"WOLF aposta em linha de aditivos para proteger o ve\u00edculo - Jornal das Oficinas","robots":{"index":"index","follow":"follow","max-snippet":"max-snippet:-1","max-image-preview":"max-image-preview:large","max-video-preview":"max-video-preview:-1"},"canonical":"https:\/\/jornaldasoficinas.com\/pt\/wolf-aposta-em-linha-de-aditivos-para-proteger-o-veiculo\/","og_locale":"pt_PT","og_type":"article","og_title":"WOLF aposta em linha de aditivos para proteger o ve\u00edculo - Jornal das Oficinas","og_description":"Dispon\u00edvel para motores a gasolina, diesel...","og_url":"https:\/\/jornaldasoficinas.com\/pt\/wolf-aposta-em-linha-de-aditivos-para-proteger-o-veiculo\/","og_site_name":"Jornal das Oficinas","article_publisher":"https:\/\/www.facebook.com\/jornaloficinas","article_published_time":"2021-09-08T09:00:07+00:00","og_image":[{"width":1024,"height":581,"url":"https:\/\/jornaldasoficinas.com\/pt\/wp-content\/uploads\/2021\/09\/WOLF-aposta-em-linha.png","type":"image\/png"}],"author":"Reda\u00e7\u00e3o JO","twitter_card":"summary_large_image","twitter_creator":"@jornaloficinas","twitter_site":"@jornaloficinas","twitter_misc":{"Escrito por":"Reda\u00e7\u00e3o JO","Tempo estimado de leitura":"3 minutos"},"schema":{"@context":"https:\/\/schema.org","@graph":[{"@type":"Article","@id":"https:\/\/jornaldasoficinas.com\/pt\/wolf-aposta-em-linha-de-aditivos-para-proteger-o-veiculo\/#article","isPartOf":{"@id":"https:\/\/jornaldasoficinas.com\/pt\/wolf-aposta-em-linha-de-aditivos-para-proteger-o-veiculo\/"},"author":{"name":"Reda\u00e7\u00e3o JO","@id":"https:\/\/jornaldasoficinas.com\/pt\/#\/schema\/person\/a38eef5de2c41d9e7c9ac10141afddf3"},"headline":"WOLF aposta em linha de aditivos para proteger o ve\u00edculo","datePublished":"2021-09-08T09:00:07+00:00","mainEntityOfPage":{"@id":"https:\/\/jornaldasoficinas.com\/pt\/wolf-aposta-em-linha-de-aditivos-para-proteger-o-veiculo\/"},"wordCount":633,"publisher":{"@id":"https:\/\/jornaldasoficinas.com\/pt\/#organization"},"image":{"@id":"https:\/\/jornaldasoficinas.com\/pt\/wolf-aposta-em-linha-de-aditivos-para-proteger-o-veiculo\/#primaryimage"},"thumbnailUrl":"https:\/\/jornaldasoficinas.com\/pt\/wp-content\/uploads\/2021\/09\/WOLF-aposta-em-linha.png","keywords":["Wolf"],"articleSection":["Empresas"],"inLanguage":"pt-PT"},{"@type":"WebPage","@id":"https:\/\/jornaldasoficinas.com\/pt\/wolf-aposta-em-linha-de-aditivos-para-proteger-o-veiculo\/","url":"https:\/\/jornaldasoficinas.com\/pt\/wolf-aposta-em-linha-de-aditivos-para-proteger-o-veiculo\/","name":"WOLF aposta em linha de aditivos para proteger o ve\u00edculo - Jornal das Oficinas","isPartOf":{"@id":"https:\/\/jornaldasoficinas.com\/pt\/#website"},"primaryImageOfPage":{"@id":"https:\/\/jornaldasoficinas.com\/pt\/wolf-aposta-em-linha-de-aditivos-para-proteger-o-veiculo\/#primaryimage"},"image":{"@id":"https:\/\/jornaldasoficinas.com\/pt\/wolf-aposta-em-linha-de-aditivos-para-proteger-o-veiculo\/#primaryimage"},"thumbnailUrl":"https:\/\/jornaldasoficinas.com\/pt\/wp-content\/uploads\/2021\/09\/WOLF-aposta-em-linha.png","datePublished":"2021-09-08T09:00:07+00:00","breadcrumb":{"@id":"https:\/\/jornaldasoficinas.com\/pt\/wolf-aposta-em-linha-de-aditivos-para-proteger-o-veiculo\/#breadcrumb"},"inLanguage":"pt-PT","potentialAction":[{"@type":"ReadAction","target":["https:\/\/jornaldasoficinas.com\/pt\/wolf-aposta-em-linha-de-aditivos-para-proteger-o-veiculo\/"]}]},{"@type":"ImageObject","inLanguage":"pt-PT","@id":"https:\/\/jornaldasoficinas.com\/pt\/wolf-aposta-em-linha-de-aditivos-para-proteger-o-veiculo\/#primaryimage","url":"https:\/\/jornaldasoficinas.com\/pt\/wp-content\/uploads\/2021\/09\/WOLF-aposta-em-linha.png","contentUrl":"https:\/\/jornaldasoficinas.com\/pt\/wp-content\/uploads\/2021\/09\/WOLF-aposta-em-linha.png","width":1024,"height":581,"caption":"09 - WOLF-aposta-em-linha"},{"@type":"BreadcrumbList","@id":"https:\/\/jornaldasoficinas.com\/pt\/wolf-aposta-em-linha-de-aditivos-para-proteger-o-veiculo\/#breadcrumb","itemListElement":[{"@type":"ListItem","position":1,"name":"In\u00edcio","item":"https:\/\/jornaldasoficinas.com\/pt\/"},{"@type":"ListItem","position":2,"name":"WOLF aposta em linha de aditivos para proteger o ve\u00edculo"}]},{"@type":"WebSite","@id":"https:\/\/jornaldasoficinas.com\/pt\/#website","url":"https:\/\/jornaldasoficinas.com\/pt\/","name":"Jornal das Oficinas","description":"Jornal independente do Aftermarket Autom\u00f3vel em Portugal","publisher":{"@id":"https:\/\/jornaldasoficinas.com\/pt\/#organization"},"potentialAction":[{"@type":"SearchAction","target":{"@type":"EntryPoint","urlTemplate":"https:\/\/jornaldasoficinas.com\/pt\/?s={search_term_string}"},"query-input":{"@type":"PropertyValueSpecification","valueRequired":true,"valueName":"search_term_string"}}],"inLanguage":"pt-PT"},{"@type":"Organization","@id":"https:\/\/jornaldasoficinas.com\/pt\/#organization","name":"Jornal das Oficinas","url":"https:\/\/jornaldasoficinas.com\/pt\/","logo":{"@type":"ImageObject","inLanguage":"pt-PT","@id":"https:\/\/jornaldasoficinas.com\/pt\/#\/schema\/logo\/image\/","url":"https:\/\/jornaldasoficinas.com\/pt\/wp-content\/uploads\/logoJO-SEO.png","contentUrl":"https:\/\/jornaldasoficinas.com\/pt\/wp-content\/uploads\/logoJO-SEO.png","width":285,"height":450,"caption":"Jornal das Oficinas"},"image":{"@id":"https:\/\/jornaldasoficinas.com\/pt\/#\/schema\/logo\/image\/"},"sameAs":["https:\/\/www.facebook.com\/jornaloficinas","https:\/\/x.com\/jornaloficinas","https:\/\/www.instagram.com\/jornal_oficinas\/","https:\/\/www.linkedin.com\/company\/jornal-das-oficinas\/","https:\/\/www.youtube.com\/channel\/UCbQZBqtcvV-oSQrr7RzINGg"]},{"@type":"Person","@id":"https:\/\/jornaldasoficinas.com\/pt\/#\/schema\/person\/a38eef5de2c41d9e7c9ac10141afddf3","name":"Reda\u00e7\u00e3o JO","image":{"@type":"ImageObject","inLanguage":"pt-PT","@id":"https:\/\/secure.gravatar.com\/avatar\/71f2fa71737ad68a84fea94bc708ddac8ea5b0c4788dc2ad202f3ccb2887742f?s=96&d=wp_user_avatar&r=g","url":"https:\/\/secure.gravatar.com\/avatar\/71f2fa71737ad68a84fea94bc708ddac8ea5b0c4788dc2ad202f3ccb2887742f?s=96&d=wp_user_avatar&r=g","contentUrl":"https:\/\/secure.gravatar.com\/avatar\/71f2fa71737ad68a84fea94bc708ddac8ea5b0c4788dc2ad202f3ccb2887742f?s=96&d=wp_user_avatar&r=g","caption":"Reda\u00e7\u00e3o JO"},"url":"https:\/\/jornaldasoficinas.com\/pt\/author\/joredacao\/"}]}},"_links":{"self":[{"href":"https:\/\/jornaldasoficinas.com\/pt\/wp-json\/wp\/v2\/posts\/23492","targetHints":{"allow":["GET"]}}],"collection":[{"href":"https:\/\/jornaldasoficinas.com\/pt\/wp-json\/wp\/v2\/posts"}],"about":[{"href":"https:\/\/jornaldasoficinas.com\/pt\/wp-json\/wp\/v2\/types\/post"}],"author":[{"embeddable":true,"href":"https:\/\/jornaldasoficinas.com\/pt\/wp-json\/wp\/v2\/users\/15"}],"replies":[{"embeddable":true,"href":"https:\/\/jornaldasoficinas.com\/pt\/wp-json\/wp\/v2\/comments?post=23492"}],"version-history":[{"count":0,"href":"https:\/\/jornaldasoficinas.com\/pt\/wp-json\/wp\/v2\/posts\/23492\/revisions"}],"wp:featuredmedia":[{"embeddable":true,"href":"https:\/\/jornaldasoficinas.com\/pt\/wp-json\/wp\/v2\/media\/23484"}],"wp:attachment":[{"href":"https:\/\/jornaldasoficinas.com\/pt\/wp-json\/wp\/v2\/media?parent=23492"}],"wp:term":[{"taxonomy":"category","embeddable":true,"href":"https:\/\/jornaldasoficinas.com\/pt\/wp-json\/wp\/v2\/categories?post=23492"},{"taxonomy":"post_tag","embeddable":true,"href":"https:\/\/jornaldasoficinas.com\/pt\/wp-json\/wp\/v2\/tags?post=23492"}],"curies":[{"name":"wp","href":"https:\/\/api.w.org\/{rel}","templated":true}]}}