{"id":23504,"date":"2021-09-08T18:00:31","date_gmt":"2021-09-08T17:00:31","guid":{"rendered":"https:\/\/jornaldasoficinas.com\/pt\/?p=23504"},"modified":"2023-07-19T15:50:51","modified_gmt":"2023-07-19T14:50:51","slug":"rpl-clima-ira-apresentar-kit-de-detecao-de-fugas-por-azoto","status":"publish","type":"post","link":"https:\/\/jornaldasoficinas.com\/pt\/rpl-clima-ira-apresentar-kit-de-detecao-de-fugas-por-azoto\/","title":{"rendered":"RPL Clima ir\u00e1 apresentar kit de dete\u00e7\u00e3o de fugas por azoto\u00a0"},"content":{"rendered":"<p><strong><img loading=\"lazy\" decoding=\"async\" class=\"alignnone size-full wp-image-23500\" src=\"https:\/\/jornaldasoficinas.com\/pt\/wp-content\/uploads\/2021\/09\/RPL_Clima.jpeg\" alt=\"09 - RPL_Clima\" width=\"1024\" height=\"581\" srcset=\"https:\/\/jornaldasoficinas.com\/pt\/wp-content\/uploads\/2021\/09\/RPL_Clima.jpeg 1024w, https:\/\/jornaldasoficinas.com\/pt\/wp-content\/uploads\/2021\/09\/RPL_Clima-300x170.jpeg 300w, https:\/\/jornaldasoficinas.com\/pt\/wp-content\/uploads\/2021\/09\/RPL_Clima-150x85.jpeg 150w, https:\/\/jornaldasoficinas.com\/pt\/wp-content\/uploads\/2021\/09\/RPL_Clima-768x436.jpeg 768w\" sizes=\"auto, (max-width: 1024px) 100vw, 1024px\" \/><\/strong><\/p>\n<p><strong>A <a href=\"http:\/\/expomecanica.pt\/pt\/\" target=\"_blank\" rel=\"noopener\">expoMEC\u00c2NICA<\/a> tornou-se no novo destino do aftermarket e o evento onde o sector faz neg\u00f3cios. As portas abrem j\u00e1 no pr\u00f3ximo dia 14 de outubro e o Jornal das Oficinas, foi saber as novidades que as empresas est\u00e3o a preparar para apresentar na Exponor.\u00a0\u00a0<\/strong><\/p>\n<p><span data-ccp-props=\"{&quot;335551550&quot;:6,&quot;335551620&quot;:6,&quot;469777462&quot;:[566,1133,1700,2267,2834,3401,3968,4535,5102,5669,6236,6803],&quot;469777927&quot;:[0,0,0,0,0,0,0,0,0,0,0,0],&quot;469777928&quot;:[1,1,1,1,1,1,1,1,1,1,1,1]}\">\u00a0<\/span><span data-contrast=\"auto\">Rui Lopes, administrador da <a href=\"https:\/\/rplclima.com\/\" target=\"_blank\" rel=\"noopener\">RPL Clima<\/a>, desvendou a import\u00e2ncia deste evento para a empresa, bem como, algumas das novidades que v\u00e3o ter presentes.\u00a0\u00a0<\/span><span data-ccp-props=\"{&quot;335551550&quot;:6,&quot;335551620&quot;:6,&quot;469777462&quot;:[566,1133,1700,2267,2834,3401,3968,4535,5102,5669,6236,6803],&quot;469777927&quot;:[0,0,0,0,0,0,0,0,0,0,0,0],&quot;469777928&quot;:[1,1,1,1,1,1,1,1,1,1,1,1]}\">\u00a0<\/span><\/p>\n<p><span data-ccp-props=\"{&quot;335551550&quot;:6,&quot;335551620&quot;:6,&quot;469777462&quot;:[566,1133,1700,2267,2834,3401,3968,4535,5102,5669,6236,6803],&quot;469777927&quot;:[0,0,0,0,0,0,0,0,0,0,0,0],&quot;469777928&quot;:[1,1,1,1,1,1,1,1,1,1,1,1]}\">\u00a0<\/span><span data-contrast=\"auto\">\u201cA RPL procura estar sempre presente nos eventos mais importantes do aftermarket autom\u00f3vel realizados na Pen\u00ednsula Ib\u00e9rica, e estar presente na expoMEC\u00c2NICA 2021 em Matosinhos fez sempre parte do nosso portf\u00f3lio das feiras. O nosso objetivo prende-se principalmente a estarmos juntos dos nossos revendedores e clientes \u202fe isso deve-se principalmente por sermos uma refer\u00eancia no com\u00e9rcio de pe\u00e7as de climatiza\u00e7\u00e3o\u201d, afirma Rui Lopes.<\/span><span data-ccp-props=\"{&quot;335551550&quot;:6,&quot;335551620&quot;:6,&quot;469777462&quot;:[566,1133,1700,2267,2834,3401,3968,4535,5102,5669,6236,6803],&quot;469777927&quot;:[0,0,0,0,0,0,0,0,0,0,0,0],&quot;469777928&quot;:[1,1,1,1,1,1,1,1,1,1,1,1]}\">\u00a0<\/span><\/p>\n<p><span data-ccp-props=\"{&quot;335551550&quot;:6,&quot;335551620&quot;:6,&quot;469777462&quot;:[566,1133,1700,2267,2834,3401,3968,4535,5102,5669,6236,6803],&quot;469777927&quot;:[0,0,0,0,0,0,0,0,0,0,0,0],&quot;469777928&quot;:[1,1,1,1,1,1,1,1,1,1,1,1]}\">\u00a0<\/span><span data-contrast=\"auto\">Como novidade, ser\u00e1 apresentado o kit dete\u00e7\u00e3o de fugas por azoto mais eficaz do mercado: R134 \/ 1234yf.\u00a0<\/span><\/p>\n","protected":false},"excerpt":{"rendered":"<p>A expoMEC\u00c2NICA tornou-se no novo destino&#8230;<\/p>\n","protected":false},"author":15,"featured_media":23500,"comment_status":"closed","ping_status":"closed","sticky":false,"template":"","format":"standard","meta":{"footnotes":""},"categories":[29],"tags":[211],"class_list":["post-23504","post","type-post","status-publish","format-standard","has-post-thumbnail","hentry","category-empresas","tag-rpl-clima"],"yoast_head":"<!-- This site is optimized with the Yoast SEO plugin v27.4 - https:\/\/yoast.com\/product\/yoast-seo-wordpress\/ -->\n<title>RPL Clima ir\u00e1 apresentar kit de dete\u00e7\u00e3o de fugas por azoto\u00a0 - Jornal das Oficinas<\/title>\n<meta name=\"robots\" content=\"index, follow, max-snippet:-1, max-image-preview:large, max-video-preview:-1\" \/>\n<link rel=\"canonical\" href=\"https:\/\/jornaldasoficinas.com\/pt\/rpl-clima-ira-apresentar-kit-de-detecao-de-fugas-por-azoto\/\" \/>\n<meta property=\"og:locale\" content=\"pt_PT\" \/>\n<meta property=\"og:type\" content=\"article\" \/>\n<meta property=\"og:title\" content=\"RPL Clima ir\u00e1 apresentar kit de dete\u00e7\u00e3o de fugas por azoto\u00a0 - Jornal das Oficinas\" \/>\n<meta property=\"og:description\" content=\"A expoMEC\u00c2NICA tornou-se no novo destino...\" \/>\n<meta property=\"og:url\" content=\"https:\/\/jornaldasoficinas.com\/pt\/rpl-clima-ira-apresentar-kit-de-detecao-de-fugas-por-azoto\/\" \/>\n<meta property=\"og:site_name\" content=\"Jornal das Oficinas\" \/>\n<meta property=\"article:publisher\" content=\"https:\/\/www.facebook.com\/jornaloficinas\" \/>\n<meta property=\"article:published_time\" content=\"2021-09-08T17:00:31+00:00\" \/>\n<meta property=\"article:modified_time\" content=\"2023-07-19T14:50:51+00:00\" \/>\n<meta property=\"og:image\" content=\"https:\/\/jornaldasoficinas.com\/pt\/wp-content\/uploads\/2021\/09\/RPL_Clima.jpeg\" \/>\n\t<meta property=\"og:image:width\" content=\"1024\" \/>\n\t<meta property=\"og:image:height\" content=\"581\" \/>\n\t<meta property=\"og:image:type\" content=\"image\/jpeg\" \/>\n<meta name=\"author\" content=\"Reda\u00e7\u00e3o JO\" \/>\n<meta name=\"twitter:card\" content=\"summary_large_image\" \/>\n<meta name=\"twitter:creator\" content=\"@jornaloficinas\" \/>\n<meta name=\"twitter:site\" content=\"@jornaloficinas\" \/>\n<meta name=\"twitter:label1\" content=\"Escrito por\" \/>\n\t<meta name=\"twitter:data1\" content=\"Reda\u00e7\u00e3o JO\" \/>\n\t<meta name=\"twitter:label2\" content=\"Tempo estimado de leitura\" \/>\n\t<meta name=\"twitter:data2\" content=\"1 minuto\" \/>\n<script type=\"application\/ld+json\" class=\"yoast-schema-graph\">{\"@context\":\"https:\\\/\\\/schema.org\",\"@graph\":[{\"@type\":\"Article\",\"@id\":\"https:\\\/\\\/jornaldasoficinas.com\\\/pt\\\/rpl-clima-ira-apresentar-kit-de-detecao-de-fugas-por-azoto\\\/#article\",\"isPartOf\":{\"@id\":\"https:\\\/\\\/jornaldasoficinas.com\\\/pt\\\/rpl-clima-ira-apresentar-kit-de-detecao-de-fugas-por-azoto\\\/\"},\"author\":{\"name\":\"Reda\u00e7\u00e3o JO\",\"@id\":\"https:\\\/\\\/jornaldasoficinas.com\\\/pt\\\/#\\\/schema\\\/person\\\/a38eef5de2c41d9e7c9ac10141afddf3\"},\"headline\":\"RPL Clima ir\u00e1 apresentar kit de dete\u00e7\u00e3o de fugas por azoto\u00a0\",\"datePublished\":\"2021-09-08T17:00:31+00:00\",\"dateModified\":\"2023-07-19T14:50:51+00:00\",\"mainEntityOfPage\":{\"@id\":\"https:\\\/\\\/jornaldasoficinas.com\\\/pt\\\/rpl-clima-ira-apresentar-kit-de-detecao-de-fugas-por-azoto\\\/\"},\"wordCount\":174,\"publisher\":{\"@id\":\"https:\\\/\\\/jornaldasoficinas.com\\\/pt\\\/#organization\"},\"image\":{\"@id\":\"https:\\\/\\\/jornaldasoficinas.com\\\/pt\\\/rpl-clima-ira-apresentar-kit-de-detecao-de-fugas-por-azoto\\\/#primaryimage\"},\"thumbnailUrl\":\"https:\\\/\\\/jornaldasoficinas.com\\\/pt\\\/wp-content\\\/uploads\\\/2021\\\/09\\\/RPL_Clima.jpeg\",\"keywords\":[\"RPL Clima\"],\"articleSection\":[\"Empresas\"],\"inLanguage\":\"pt-PT\"},{\"@type\":\"WebPage\",\"@id\":\"https:\\\/\\\/jornaldasoficinas.com\\\/pt\\\/rpl-clima-ira-apresentar-kit-de-detecao-de-fugas-por-azoto\\\/\",\"url\":\"https:\\\/\\\/jornaldasoficinas.com\\\/pt\\\/rpl-clima-ira-apresentar-kit-de-detecao-de-fugas-por-azoto\\\/\",\"name\":\"RPL Clima ir\u00e1 apresentar kit de dete\u00e7\u00e3o de fugas por azoto\u00a0 - Jornal das Oficinas\",\"isPartOf\":{\"@id\":\"https:\\\/\\\/jornaldasoficinas.com\\\/pt\\\/#website\"},\"primaryImageOfPage\":{\"@id\":\"https:\\\/\\\/jornaldasoficinas.com\\\/pt\\\/rpl-clima-ira-apresentar-kit-de-detecao-de-fugas-por-azoto\\\/#primaryimage\"},\"image\":{\"@id\":\"https:\\\/\\\/jornaldasoficinas.com\\\/pt\\\/rpl-clima-ira-apresentar-kit-de-detecao-de-fugas-por-azoto\\\/#primaryimage\"},\"thumbnailUrl\":\"https:\\\/\\\/jornaldasoficinas.com\\\/pt\\\/wp-content\\\/uploads\\\/2021\\\/09\\\/RPL_Clima.jpeg\",\"datePublished\":\"2021-09-08T17:00:31+00:00\",\"dateModified\":\"2023-07-19T14:50:51+00:00\",\"breadcrumb\":{\"@id\":\"https:\\\/\\\/jornaldasoficinas.com\\\/pt\\\/rpl-clima-ira-apresentar-kit-de-detecao-de-fugas-por-azoto\\\/#breadcrumb\"},\"inLanguage\":\"pt-PT\",\"potentialAction\":[{\"@type\":\"ReadAction\",\"target\":[\"https:\\\/\\\/jornaldasoficinas.com\\\/pt\\\/rpl-clima-ira-apresentar-kit-de-detecao-de-fugas-por-azoto\\\/\"]}]},{\"@type\":\"ImageObject\",\"inLanguage\":\"pt-PT\",\"@id\":\"https:\\\/\\\/jornaldasoficinas.com\\\/pt\\\/rpl-clima-ira-apresentar-kit-de-detecao-de-fugas-por-azoto\\\/#primaryimage\",\"url\":\"https:\\\/\\\/jornaldasoficinas.com\\\/pt\\\/wp-content\\\/uploads\\\/2021\\\/09\\\/RPL_Clima.jpeg\",\"contentUrl\":\"https:\\\/\\\/jornaldasoficinas.com\\\/pt\\\/wp-content\\\/uploads\\\/2021\\\/09\\\/RPL_Clima.jpeg\",\"width\":1024,\"height\":581,\"caption\":\"09 - RPL_Clima\"},{\"@type\":\"BreadcrumbList\",\"@id\":\"https:\\\/\\\/jornaldasoficinas.com\\\/pt\\\/rpl-clima-ira-apresentar-kit-de-detecao-de-fugas-por-azoto\\\/#breadcrumb\",\"itemListElement\":[{\"@type\":\"ListItem\",\"position\":1,\"name\":\"In\u00edcio\",\"item\":\"https:\\\/\\\/jornaldasoficinas.com\\\/pt\\\/\"},{\"@type\":\"ListItem\",\"position\":2,\"name\":\"RPL Clima ir\u00e1 apresentar kit de dete\u00e7\u00e3o de fugas por azoto\u00a0\"}]},{\"@type\":\"WebSite\",\"@id\":\"https:\\\/\\\/jornaldasoficinas.com\\\/pt\\\/#website\",\"url\":\"https:\\\/\\\/jornaldasoficinas.com\\\/pt\\\/\",\"name\":\"Jornal das Oficinas\",\"description\":\"Jornal independente do Aftermarket Autom\u00f3vel em Portugal\",\"publisher\":{\"@id\":\"https:\\\/\\\/jornaldasoficinas.com\\\/pt\\\/#organization\"},\"potentialAction\":[{\"@type\":\"SearchAction\",\"target\":{\"@type\":\"EntryPoint\",\"urlTemplate\":\"https:\\\/\\\/jornaldasoficinas.com\\\/pt\\\/?s={search_term_string}\"},\"query-input\":{\"@type\":\"PropertyValueSpecification\",\"valueRequired\":true,\"valueName\":\"search_term_string\"}}],\"inLanguage\":\"pt-PT\"},{\"@type\":\"Organization\",\"@id\":\"https:\\\/\\\/jornaldasoficinas.com\\\/pt\\\/#organization\",\"name\":\"Jornal das Oficinas\",\"url\":\"https:\\\/\\\/jornaldasoficinas.com\\\/pt\\\/\",\"logo\":{\"@type\":\"ImageObject\",\"inLanguage\":\"pt-PT\",\"@id\":\"https:\\\/\\\/jornaldasoficinas.com\\\/pt\\\/#\\\/schema\\\/logo\\\/image\\\/\",\"url\":\"https:\\\/\\\/jornaldasoficinas.com\\\/pt\\\/wp-content\\\/uploads\\\/logoJO-SEO.png\",\"contentUrl\":\"https:\\\/\\\/jornaldasoficinas.com\\\/pt\\\/wp-content\\\/uploads\\\/logoJO-SEO.png\",\"width\":285,\"height\":450,\"caption\":\"Jornal das Oficinas\"},\"image\":{\"@id\":\"https:\\\/\\\/jornaldasoficinas.com\\\/pt\\\/#\\\/schema\\\/logo\\\/image\\\/\"},\"sameAs\":[\"https:\\\/\\\/www.facebook.com\\\/jornaloficinas\",\"https:\\\/\\\/x.com\\\/jornaloficinas\",\"https:\\\/\\\/www.instagram.com\\\/jornal_oficinas\\\/\",\"https:\\\/\\\/www.linkedin.com\\\/company\\\/jornal-das-oficinas\\\/\",\"https:\\\/\\\/www.youtube.com\\\/channel\\\/UCbQZBqtcvV-oSQrr7RzINGg\"]},{\"@type\":\"Person\",\"@id\":\"https:\\\/\\\/jornaldasoficinas.com\\\/pt\\\/#\\\/schema\\\/person\\\/a38eef5de2c41d9e7c9ac10141afddf3\",\"name\":\"Reda\u00e7\u00e3o JO\",\"image\":{\"@type\":\"ImageObject\",\"inLanguage\":\"pt-PT\",\"@id\":\"https:\\\/\\\/secure.gravatar.com\\\/avatar\\\/71f2fa71737ad68a84fea94bc708ddac8ea5b0c4788dc2ad202f3ccb2887742f?s=96&d=wp_user_avatar&r=g\",\"url\":\"https:\\\/\\\/secure.gravatar.com\\\/avatar\\\/71f2fa71737ad68a84fea94bc708ddac8ea5b0c4788dc2ad202f3ccb2887742f?s=96&d=wp_user_avatar&r=g\",\"contentUrl\":\"https:\\\/\\\/secure.gravatar.com\\\/avatar\\\/71f2fa71737ad68a84fea94bc708ddac8ea5b0c4788dc2ad202f3ccb2887742f?s=96&d=wp_user_avatar&r=g\",\"caption\":\"Reda\u00e7\u00e3o JO\"},\"url\":\"https:\\\/\\\/jornaldasoficinas.com\\\/pt\\\/author\\\/joredacao\\\/\"}]}<\/script>\n<!-- \/ Yoast SEO plugin. -->","yoast_head_json":{"title":"RPL Clima ir\u00e1 apresentar kit de dete\u00e7\u00e3o de fugas por azoto\u00a0 - Jornal das Oficinas","robots":{"index":"index","follow":"follow","max-snippet":"max-snippet:-1","max-image-preview":"max-image-preview:large","max-video-preview":"max-video-preview:-1"},"canonical":"https:\/\/jornaldasoficinas.com\/pt\/rpl-clima-ira-apresentar-kit-de-detecao-de-fugas-por-azoto\/","og_locale":"pt_PT","og_type":"article","og_title":"RPL Clima ir\u00e1 apresentar kit de dete\u00e7\u00e3o de fugas por azoto\u00a0 - Jornal das Oficinas","og_description":"A expoMEC\u00c2NICA tornou-se no novo destino...","og_url":"https:\/\/jornaldasoficinas.com\/pt\/rpl-clima-ira-apresentar-kit-de-detecao-de-fugas-por-azoto\/","og_site_name":"Jornal das Oficinas","article_publisher":"https:\/\/www.facebook.com\/jornaloficinas","article_published_time":"2021-09-08T17:00:31+00:00","article_modified_time":"2023-07-19T14:50:51+00:00","og_image":[{"width":1024,"height":581,"url":"https:\/\/jornaldasoficinas.com\/pt\/wp-content\/uploads\/2021\/09\/RPL_Clima.jpeg","type":"image\/jpeg"}],"author":"Reda\u00e7\u00e3o JO","twitter_card":"summary_large_image","twitter_creator":"@jornaloficinas","twitter_site":"@jornaloficinas","twitter_misc":{"Escrito por":"Reda\u00e7\u00e3o JO","Tempo estimado de leitura":"1 minuto"},"schema":{"@context":"https:\/\/schema.org","@graph":[{"@type":"Article","@id":"https:\/\/jornaldasoficinas.com\/pt\/rpl-clima-ira-apresentar-kit-de-detecao-de-fugas-por-azoto\/#article","isPartOf":{"@id":"https:\/\/jornaldasoficinas.com\/pt\/rpl-clima-ira-apresentar-kit-de-detecao-de-fugas-por-azoto\/"},"author":{"name":"Reda\u00e7\u00e3o JO","@id":"https:\/\/jornaldasoficinas.com\/pt\/#\/schema\/person\/a38eef5de2c41d9e7c9ac10141afddf3"},"headline":"RPL Clima ir\u00e1 apresentar kit de dete\u00e7\u00e3o de fugas por azoto\u00a0","datePublished":"2021-09-08T17:00:31+00:00","dateModified":"2023-07-19T14:50:51+00:00","mainEntityOfPage":{"@id":"https:\/\/jornaldasoficinas.com\/pt\/rpl-clima-ira-apresentar-kit-de-detecao-de-fugas-por-azoto\/"},"wordCount":174,"publisher":{"@id":"https:\/\/jornaldasoficinas.com\/pt\/#organization"},"image":{"@id":"https:\/\/jornaldasoficinas.com\/pt\/rpl-clima-ira-apresentar-kit-de-detecao-de-fugas-por-azoto\/#primaryimage"},"thumbnailUrl":"https:\/\/jornaldasoficinas.com\/pt\/wp-content\/uploads\/2021\/09\/RPL_Clima.jpeg","keywords":["RPL Clima"],"articleSection":["Empresas"],"inLanguage":"pt-PT"},{"@type":"WebPage","@id":"https:\/\/jornaldasoficinas.com\/pt\/rpl-clima-ira-apresentar-kit-de-detecao-de-fugas-por-azoto\/","url":"https:\/\/jornaldasoficinas.com\/pt\/rpl-clima-ira-apresentar-kit-de-detecao-de-fugas-por-azoto\/","name":"RPL Clima ir\u00e1 apresentar kit de dete\u00e7\u00e3o de fugas por azoto\u00a0 - Jornal das Oficinas","isPartOf":{"@id":"https:\/\/jornaldasoficinas.com\/pt\/#website"},"primaryImageOfPage":{"@id":"https:\/\/jornaldasoficinas.com\/pt\/rpl-clima-ira-apresentar-kit-de-detecao-de-fugas-por-azoto\/#primaryimage"},"image":{"@id":"https:\/\/jornaldasoficinas.com\/pt\/rpl-clima-ira-apresentar-kit-de-detecao-de-fugas-por-azoto\/#primaryimage"},"thumbnailUrl":"https:\/\/jornaldasoficinas.com\/pt\/wp-content\/uploads\/2021\/09\/RPL_Clima.jpeg","datePublished":"2021-09-08T17:00:31+00:00","dateModified":"2023-07-19T14:50:51+00:00","breadcrumb":{"@id":"https:\/\/jornaldasoficinas.com\/pt\/rpl-clima-ira-apresentar-kit-de-detecao-de-fugas-por-azoto\/#breadcrumb"},"inLanguage":"pt-PT","potentialAction":[{"@type":"ReadAction","target":["https:\/\/jornaldasoficinas.com\/pt\/rpl-clima-ira-apresentar-kit-de-detecao-de-fugas-por-azoto\/"]}]},{"@type":"ImageObject","inLanguage":"pt-PT","@id":"https:\/\/jornaldasoficinas.com\/pt\/rpl-clima-ira-apresentar-kit-de-detecao-de-fugas-por-azoto\/#primaryimage","url":"https:\/\/jornaldasoficinas.com\/pt\/wp-content\/uploads\/2021\/09\/RPL_Clima.jpeg","contentUrl":"https:\/\/jornaldasoficinas.com\/pt\/wp-content\/uploads\/2021\/09\/RPL_Clima.jpeg","width":1024,"height":581,"caption":"09 - RPL_Clima"},{"@type":"BreadcrumbList","@id":"https:\/\/jornaldasoficinas.com\/pt\/rpl-clima-ira-apresentar-kit-de-detecao-de-fugas-por-azoto\/#breadcrumb","itemListElement":[{"@type":"ListItem","position":1,"name":"In\u00edcio","item":"https:\/\/jornaldasoficinas.com\/pt\/"},{"@type":"ListItem","position":2,"name":"RPL Clima ir\u00e1 apresentar kit de dete\u00e7\u00e3o de fugas por azoto\u00a0"}]},{"@type":"WebSite","@id":"https:\/\/jornaldasoficinas.com\/pt\/#website","url":"https:\/\/jornaldasoficinas.com\/pt\/","name":"Jornal das Oficinas","description":"Jornal independente do Aftermarket Autom\u00f3vel em Portugal","publisher":{"@id":"https:\/\/jornaldasoficinas.com\/pt\/#organization"},"potentialAction":[{"@type":"SearchAction","target":{"@type":"EntryPoint","urlTemplate":"https:\/\/jornaldasoficinas.com\/pt\/?s={search_term_string}"},"query-input":{"@type":"PropertyValueSpecification","valueRequired":true,"valueName":"search_term_string"}}],"inLanguage":"pt-PT"},{"@type":"Organization","@id":"https:\/\/jornaldasoficinas.com\/pt\/#organization","name":"Jornal das Oficinas","url":"https:\/\/jornaldasoficinas.com\/pt\/","logo":{"@type":"ImageObject","inLanguage":"pt-PT","@id":"https:\/\/jornaldasoficinas.com\/pt\/#\/schema\/logo\/image\/","url":"https:\/\/jornaldasoficinas.com\/pt\/wp-content\/uploads\/logoJO-SEO.png","contentUrl":"https:\/\/jornaldasoficinas.com\/pt\/wp-content\/uploads\/logoJO-SEO.png","width":285,"height":450,"caption":"Jornal das Oficinas"},"image":{"@id":"https:\/\/jornaldasoficinas.com\/pt\/#\/schema\/logo\/image\/"},"sameAs":["https:\/\/www.facebook.com\/jornaloficinas","https:\/\/x.com\/jornaloficinas","https:\/\/www.instagram.com\/jornal_oficinas\/","https:\/\/www.linkedin.com\/company\/jornal-das-oficinas\/","https:\/\/www.youtube.com\/channel\/UCbQZBqtcvV-oSQrr7RzINGg"]},{"@type":"Person","@id":"https:\/\/jornaldasoficinas.com\/pt\/#\/schema\/person\/a38eef5de2c41d9e7c9ac10141afddf3","name":"Reda\u00e7\u00e3o JO","image":{"@type":"ImageObject","inLanguage":"pt-PT","@id":"https:\/\/secure.gravatar.com\/avatar\/71f2fa71737ad68a84fea94bc708ddac8ea5b0c4788dc2ad202f3ccb2887742f?s=96&d=wp_user_avatar&r=g","url":"https:\/\/secure.gravatar.com\/avatar\/71f2fa71737ad68a84fea94bc708ddac8ea5b0c4788dc2ad202f3ccb2887742f?s=96&d=wp_user_avatar&r=g","contentUrl":"https:\/\/secure.gravatar.com\/avatar\/71f2fa71737ad68a84fea94bc708ddac8ea5b0c4788dc2ad202f3ccb2887742f?s=96&d=wp_user_avatar&r=g","caption":"Reda\u00e7\u00e3o JO"},"url":"https:\/\/jornaldasoficinas.com\/pt\/author\/joredacao\/"}]}},"_links":{"self":[{"href":"https:\/\/jornaldasoficinas.com\/pt\/wp-json\/wp\/v2\/posts\/23504","targetHints":{"allow":["GET"]}}],"collection":[{"href":"https:\/\/jornaldasoficinas.com\/pt\/wp-json\/wp\/v2\/posts"}],"about":[{"href":"https:\/\/jornaldasoficinas.com\/pt\/wp-json\/wp\/v2\/types\/post"}],"author":[{"embeddable":true,"href":"https:\/\/jornaldasoficinas.com\/pt\/wp-json\/wp\/v2\/users\/15"}],"replies":[{"embeddable":true,"href":"https:\/\/jornaldasoficinas.com\/pt\/wp-json\/wp\/v2\/comments?post=23504"}],"version-history":[{"count":0,"href":"https:\/\/jornaldasoficinas.com\/pt\/wp-json\/wp\/v2\/posts\/23504\/revisions"}],"wp:featuredmedia":[{"embeddable":true,"href":"https:\/\/jornaldasoficinas.com\/pt\/wp-json\/wp\/v2\/media\/23500"}],"wp:attachment":[{"href":"https:\/\/jornaldasoficinas.com\/pt\/wp-json\/wp\/v2\/media?parent=23504"}],"wp:term":[{"taxonomy":"category","embeddable":true,"href":"https:\/\/jornaldasoficinas.com\/pt\/wp-json\/wp\/v2\/categories?post=23504"},{"taxonomy":"post_tag","embeddable":true,"href":"https:\/\/jornaldasoficinas.com\/pt\/wp-json\/wp\/v2\/tags?post=23504"}],"curies":[{"name":"wp","href":"https:\/\/api.w.org\/{rel}","templated":true}]}}