{"id":23559,"date":"2021-09-11T12:00:32","date_gmt":"2021-09-11T11:00:32","guid":{"rendered":"https:\/\/jornaldasoficinas.com\/pt\/?p=23559"},"modified":"2021-09-10T09:45:26","modified_gmt":"2021-09-10T08:45:26","slug":"randstad-partilha-dicas-para-regresso-ao-trabalho-pos-ferias","status":"publish","type":"post","link":"https:\/\/jornaldasoficinas.com\/pt\/randstad-partilha-dicas-para-regresso-ao-trabalho-pos-ferias\/","title":{"rendered":"Randstad partilha dicas para regresso ao trabalho p\u00f3s f\u00e9rias"},"content":{"rendered":"<p><img loading=\"lazy\" decoding=\"async\" class=\"size-full wp-image-23523\" src=\"https:\/\/jornaldasoficinas.com\/pt\/wp-content\/uploads\/2021\/09\/Randstad-partilha.jpg\" alt=\"09 - Randstad-partilha\" width=\"1024\" height=\"581\" srcset=\"https:\/\/jornaldasoficinas.com\/pt\/wp-content\/uploads\/2021\/09\/Randstad-partilha.jpg 1024w, https:\/\/jornaldasoficinas.com\/pt\/wp-content\/uploads\/2021\/09\/Randstad-partilha-300x170.jpg 300w, https:\/\/jornaldasoficinas.com\/pt\/wp-content\/uploads\/2021\/09\/Randstad-partilha-150x85.jpg 150w, https:\/\/jornaldasoficinas.com\/pt\/wp-content\/uploads\/2021\/09\/Randstad-partilha-768x436.jpg 768w\" sizes=\"auto, (max-width: 1024px) 100vw, 1024px\" \/><\/p>\n<p><strong>O m\u00eas de setembro \u00e9 marcado simbolicamente pelo regresso ao trabalho e \u00e0s rotinas p\u00f3s-f\u00e9rias, algo que n\u00e3o deve ser visto como negativo, mas antes como um momento de novos desafios. <a href=\"https:\/\/www.randstad.pt\/\" target=\"_blank\" rel=\"noopener\">A Randstad<\/a> partilhou cinco pr\u00e1ticas que pode adotar para um regresso mais feliz ao trabalho<\/strong><\/p>\n<ol>\n<li>Tire um dia antes do regresso ao trabalho \u2013 Tal como demoramos a adaptarmo-nos a entrar nas f\u00e9rias, tamb\u00e9m \u00e9 necess\u00e1rio algum tempo para o regresso \u00e0 rotina. Por isso, aproveite para organizar tudo de forma a que a transi\u00e7\u00e3o seja o mais suave poss\u00edvel.<\/li>\n<\/ol>\n<ol start=\"2\">\n<li>Organize-se no primeiro dia de trabalho ap\u00f3s as f\u00e9rias \u2013 Levante-se mais cedo para ter tempo para cuidar de si, tomar o pequeno-almo\u00e7o sem pressa e sair de casa com tempo (ou come\u00e7ar o teletrabalho com calma). Quando for para come\u00e7ar a trabalhar, comece por agendar o que \u00e9 importante e evite reservar muitas reuni\u00f5es e chamadas.<\/li>\n<\/ol>\n<ol start=\"3\">\n<li>Defina prioridades \u2013 N\u00e3o queira fazer tudo logo no primeiro dia, pois poder\u00e1 n\u00e3o conseguir e isso ir\u00e1 faz\u00ea-lo sentir-se frustrado. Comece pelas tarefas realmente importantes e as mais simples de executar, sem esquecer de confirmar com os seus colegas se h\u00e1 alguma tarefa que seja imperativa. O importante \u00e9 n\u00e3o se deixar levar pela ansiedade de querer resolver tudo de uma vez s\u00f3.<\/li>\n<\/ol>\n<ol start=\"4\">\n<li>Personalize o espa\u00e7o de trabalho \u2013 Aproveite este regresso para reorganizar o seu espa\u00e7o de trabalho, de forma a que consiga trabalhar de forma mais eficaz. Aproveite para dar um toque pessoal como forma de o motivar nos momentos mais complicados.<\/li>\n<\/ol>\n<ol start=\"5\">\n<li>Aproveite os tempos livres \u2013\u00a0As f\u00e9rias acabaram \u00e9 verdade, mas aproveite os tempos livres para caminhar durante a hora de almo\u00e7o ou ir ao gin\u00e1sio. Se n\u00e3o quer investir no exerc\u00edcio f\u00edsico, usufrua desses momentos para falar com os colegas ou pensar nalgum projeto interessante em que esteja envolvido.<\/li>\n<\/ol>\n","protected":false},"excerpt":{"rendered":"<p>O m\u00eas de setembro \u00e9 marcado&#8230;<\/p>\n","protected":false},"author":15,"featured_media":23523,"comment_status":"closed","ping_status":"closed","sticky":false,"template":"","format":"standard","meta":{"footnotes":""},"categories":[37],"tags":[2673],"class_list":["post-23559","post","type-post","status-publish","format-standard","has-post-thumbnail","hentry","category-mercado","tag-randstad"],"yoast_head":"<!-- This site is optimized with the Yoast SEO plugin v27.4 - https:\/\/yoast.com\/product\/yoast-seo-wordpress\/ -->\n<title>Randstad partilha dicas para regresso ao trabalho p\u00f3s f\u00e9rias - Jornal das Oficinas<\/title>\n<meta name=\"robots\" content=\"index, follow, max-snippet:-1, max-image-preview:large, max-video-preview:-1\" \/>\n<link rel=\"canonical\" href=\"https:\/\/jornaldasoficinas.com\/pt\/randstad-partilha-dicas-para-regresso-ao-trabalho-pos-ferias\/\" \/>\n<meta property=\"og:locale\" content=\"pt_PT\" \/>\n<meta property=\"og:type\" content=\"article\" \/>\n<meta property=\"og:title\" content=\"Randstad partilha dicas para regresso ao trabalho p\u00f3s f\u00e9rias - Jornal das Oficinas\" \/>\n<meta property=\"og:description\" content=\"O m\u00eas de setembro \u00e9 marcado...\" \/>\n<meta property=\"og:url\" content=\"https:\/\/jornaldasoficinas.com\/pt\/randstad-partilha-dicas-para-regresso-ao-trabalho-pos-ferias\/\" \/>\n<meta property=\"og:site_name\" content=\"Jornal das Oficinas\" \/>\n<meta property=\"article:publisher\" content=\"https:\/\/www.facebook.com\/jornaloficinas\" \/>\n<meta property=\"article:published_time\" content=\"2021-09-11T11:00:32+00:00\" \/>\n<meta property=\"og:image\" content=\"https:\/\/jornaldasoficinas.com\/pt\/wp-content\/uploads\/2021\/09\/Randstad-partilha.jpg\" \/>\n\t<meta property=\"og:image:width\" content=\"1024\" \/>\n\t<meta property=\"og:image:height\" content=\"581\" \/>\n\t<meta property=\"og:image:type\" content=\"image\/jpeg\" \/>\n<meta name=\"author\" content=\"Reda\u00e7\u00e3o JO\" \/>\n<meta name=\"twitter:card\" content=\"summary_large_image\" \/>\n<meta name=\"twitter:creator\" content=\"@jornaloficinas\" \/>\n<meta name=\"twitter:site\" content=\"@jornaloficinas\" \/>\n<meta name=\"twitter:label1\" content=\"Escrito por\" \/>\n\t<meta name=\"twitter:data1\" content=\"Reda\u00e7\u00e3o JO\" \/>\n\t<meta name=\"twitter:label2\" content=\"Tempo estimado de leitura\" \/>\n\t<meta name=\"twitter:data2\" content=\"2 minutos\" \/>\n<script type=\"application\/ld+json\" class=\"yoast-schema-graph\">{\"@context\":\"https:\\\/\\\/schema.org\",\"@graph\":[{\"@type\":\"Article\",\"@id\":\"https:\\\/\\\/jornaldasoficinas.com\\\/pt\\\/randstad-partilha-dicas-para-regresso-ao-trabalho-pos-ferias\\\/#article\",\"isPartOf\":{\"@id\":\"https:\\\/\\\/jornaldasoficinas.com\\\/pt\\\/randstad-partilha-dicas-para-regresso-ao-trabalho-pos-ferias\\\/\"},\"author\":{\"name\":\"Reda\u00e7\u00e3o JO\",\"@id\":\"https:\\\/\\\/jornaldasoficinas.com\\\/pt\\\/#\\\/schema\\\/person\\\/a38eef5de2c41d9e7c9ac10141afddf3\"},\"headline\":\"Randstad partilha dicas para regresso ao trabalho p\u00f3s f\u00e9rias\",\"datePublished\":\"2021-09-11T11:00:32+00:00\",\"mainEntityOfPage\":{\"@id\":\"https:\\\/\\\/jornaldasoficinas.com\\\/pt\\\/randstad-partilha-dicas-para-regresso-ao-trabalho-pos-ferias\\\/\"},\"wordCount\":331,\"publisher\":{\"@id\":\"https:\\\/\\\/jornaldasoficinas.com\\\/pt\\\/#organization\"},\"image\":{\"@id\":\"https:\\\/\\\/jornaldasoficinas.com\\\/pt\\\/randstad-partilha-dicas-para-regresso-ao-trabalho-pos-ferias\\\/#primaryimage\"},\"thumbnailUrl\":\"https:\\\/\\\/jornaldasoficinas.com\\\/pt\\\/wp-content\\\/uploads\\\/2021\\\/09\\\/Randstad-partilha.jpg\",\"keywords\":[\"Randstad\"],\"articleSection\":[\"Mercado\"],\"inLanguage\":\"pt-PT\"},{\"@type\":\"WebPage\",\"@id\":\"https:\\\/\\\/jornaldasoficinas.com\\\/pt\\\/randstad-partilha-dicas-para-regresso-ao-trabalho-pos-ferias\\\/\",\"url\":\"https:\\\/\\\/jornaldasoficinas.com\\\/pt\\\/randstad-partilha-dicas-para-regresso-ao-trabalho-pos-ferias\\\/\",\"name\":\"Randstad partilha dicas para regresso ao trabalho p\u00f3s f\u00e9rias - Jornal das Oficinas\",\"isPartOf\":{\"@id\":\"https:\\\/\\\/jornaldasoficinas.com\\\/pt\\\/#website\"},\"primaryImageOfPage\":{\"@id\":\"https:\\\/\\\/jornaldasoficinas.com\\\/pt\\\/randstad-partilha-dicas-para-regresso-ao-trabalho-pos-ferias\\\/#primaryimage\"},\"image\":{\"@id\":\"https:\\\/\\\/jornaldasoficinas.com\\\/pt\\\/randstad-partilha-dicas-para-regresso-ao-trabalho-pos-ferias\\\/#primaryimage\"},\"thumbnailUrl\":\"https:\\\/\\\/jornaldasoficinas.com\\\/pt\\\/wp-content\\\/uploads\\\/2021\\\/09\\\/Randstad-partilha.jpg\",\"datePublished\":\"2021-09-11T11:00:32+00:00\",\"breadcrumb\":{\"@id\":\"https:\\\/\\\/jornaldasoficinas.com\\\/pt\\\/randstad-partilha-dicas-para-regresso-ao-trabalho-pos-ferias\\\/#breadcrumb\"},\"inLanguage\":\"pt-PT\",\"potentialAction\":[{\"@type\":\"ReadAction\",\"target\":[\"https:\\\/\\\/jornaldasoficinas.com\\\/pt\\\/randstad-partilha-dicas-para-regresso-ao-trabalho-pos-ferias\\\/\"]}]},{\"@type\":\"ImageObject\",\"inLanguage\":\"pt-PT\",\"@id\":\"https:\\\/\\\/jornaldasoficinas.com\\\/pt\\\/randstad-partilha-dicas-para-regresso-ao-trabalho-pos-ferias\\\/#primaryimage\",\"url\":\"https:\\\/\\\/jornaldasoficinas.com\\\/pt\\\/wp-content\\\/uploads\\\/2021\\\/09\\\/Randstad-partilha.jpg\",\"contentUrl\":\"https:\\\/\\\/jornaldasoficinas.com\\\/pt\\\/wp-content\\\/uploads\\\/2021\\\/09\\\/Randstad-partilha.jpg\",\"width\":1024,\"height\":581,\"caption\":\"closeup of the hand of a young caucasian man on the beach, in front of a folded beach umbrella and the ocean in the background, holding a stone with the text back to work written in it\"},{\"@type\":\"BreadcrumbList\",\"@id\":\"https:\\\/\\\/jornaldasoficinas.com\\\/pt\\\/randstad-partilha-dicas-para-regresso-ao-trabalho-pos-ferias\\\/#breadcrumb\",\"itemListElement\":[{\"@type\":\"ListItem\",\"position\":1,\"name\":\"In\u00edcio\",\"item\":\"https:\\\/\\\/jornaldasoficinas.com\\\/pt\\\/\"},{\"@type\":\"ListItem\",\"position\":2,\"name\":\"Randstad partilha dicas para regresso ao trabalho p\u00f3s f\u00e9rias\"}]},{\"@type\":\"WebSite\",\"@id\":\"https:\\\/\\\/jornaldasoficinas.com\\\/pt\\\/#website\",\"url\":\"https:\\\/\\\/jornaldasoficinas.com\\\/pt\\\/\",\"name\":\"Jornal das Oficinas\",\"description\":\"Jornal independente do Aftermarket Autom\u00f3vel em Portugal\",\"publisher\":{\"@id\":\"https:\\\/\\\/jornaldasoficinas.com\\\/pt\\\/#organization\"},\"potentialAction\":[{\"@type\":\"SearchAction\",\"target\":{\"@type\":\"EntryPoint\",\"urlTemplate\":\"https:\\\/\\\/jornaldasoficinas.com\\\/pt\\\/?s={search_term_string}\"},\"query-input\":{\"@type\":\"PropertyValueSpecification\",\"valueRequired\":true,\"valueName\":\"search_term_string\"}}],\"inLanguage\":\"pt-PT\"},{\"@type\":\"Organization\",\"@id\":\"https:\\\/\\\/jornaldasoficinas.com\\\/pt\\\/#organization\",\"name\":\"Jornal das Oficinas\",\"url\":\"https:\\\/\\\/jornaldasoficinas.com\\\/pt\\\/\",\"logo\":{\"@type\":\"ImageObject\",\"inLanguage\":\"pt-PT\",\"@id\":\"https:\\\/\\\/jornaldasoficinas.com\\\/pt\\\/#\\\/schema\\\/logo\\\/image\\\/\",\"url\":\"https:\\\/\\\/jornaldasoficinas.com\\\/pt\\\/wp-content\\\/uploads\\\/logoJO-SEO.png\",\"contentUrl\":\"https:\\\/\\\/jornaldasoficinas.com\\\/pt\\\/wp-content\\\/uploads\\\/logoJO-SEO.png\",\"width\":285,\"height\":450,\"caption\":\"Jornal das Oficinas\"},\"image\":{\"@id\":\"https:\\\/\\\/jornaldasoficinas.com\\\/pt\\\/#\\\/schema\\\/logo\\\/image\\\/\"},\"sameAs\":[\"https:\\\/\\\/www.facebook.com\\\/jornaloficinas\",\"https:\\\/\\\/x.com\\\/jornaloficinas\",\"https:\\\/\\\/www.instagram.com\\\/jornal_oficinas\\\/\",\"https:\\\/\\\/www.linkedin.com\\\/company\\\/jornal-das-oficinas\\\/\",\"https:\\\/\\\/www.youtube.com\\\/channel\\\/UCbQZBqtcvV-oSQrr7RzINGg\"]},{\"@type\":\"Person\",\"@id\":\"https:\\\/\\\/jornaldasoficinas.com\\\/pt\\\/#\\\/schema\\\/person\\\/a38eef5de2c41d9e7c9ac10141afddf3\",\"name\":\"Reda\u00e7\u00e3o JO\",\"image\":{\"@type\":\"ImageObject\",\"inLanguage\":\"pt-PT\",\"@id\":\"https:\\\/\\\/secure.gravatar.com\\\/avatar\\\/71f2fa71737ad68a84fea94bc708ddac8ea5b0c4788dc2ad202f3ccb2887742f?s=96&d=wp_user_avatar&r=g\",\"url\":\"https:\\\/\\\/secure.gravatar.com\\\/avatar\\\/71f2fa71737ad68a84fea94bc708ddac8ea5b0c4788dc2ad202f3ccb2887742f?s=96&d=wp_user_avatar&r=g\",\"contentUrl\":\"https:\\\/\\\/secure.gravatar.com\\\/avatar\\\/71f2fa71737ad68a84fea94bc708ddac8ea5b0c4788dc2ad202f3ccb2887742f?s=96&d=wp_user_avatar&r=g\",\"caption\":\"Reda\u00e7\u00e3o JO\"},\"url\":\"https:\\\/\\\/jornaldasoficinas.com\\\/pt\\\/author\\\/joredacao\\\/\"}]}<\/script>\n<!-- \/ Yoast SEO plugin. -->","yoast_head_json":{"title":"Randstad partilha dicas para regresso ao trabalho p\u00f3s f\u00e9rias - Jornal das Oficinas","robots":{"index":"index","follow":"follow","max-snippet":"max-snippet:-1","max-image-preview":"max-image-preview:large","max-video-preview":"max-video-preview:-1"},"canonical":"https:\/\/jornaldasoficinas.com\/pt\/randstad-partilha-dicas-para-regresso-ao-trabalho-pos-ferias\/","og_locale":"pt_PT","og_type":"article","og_title":"Randstad partilha dicas para regresso ao trabalho p\u00f3s f\u00e9rias - Jornal das Oficinas","og_description":"O m\u00eas de setembro \u00e9 marcado...","og_url":"https:\/\/jornaldasoficinas.com\/pt\/randstad-partilha-dicas-para-regresso-ao-trabalho-pos-ferias\/","og_site_name":"Jornal das Oficinas","article_publisher":"https:\/\/www.facebook.com\/jornaloficinas","article_published_time":"2021-09-11T11:00:32+00:00","og_image":[{"width":1024,"height":581,"url":"https:\/\/jornaldasoficinas.com\/pt\/wp-content\/uploads\/2021\/09\/Randstad-partilha.jpg","type":"image\/jpeg"}],"author":"Reda\u00e7\u00e3o JO","twitter_card":"summary_large_image","twitter_creator":"@jornaloficinas","twitter_site":"@jornaloficinas","twitter_misc":{"Escrito por":"Reda\u00e7\u00e3o JO","Tempo estimado de leitura":"2 minutos"},"schema":{"@context":"https:\/\/schema.org","@graph":[{"@type":"Article","@id":"https:\/\/jornaldasoficinas.com\/pt\/randstad-partilha-dicas-para-regresso-ao-trabalho-pos-ferias\/#article","isPartOf":{"@id":"https:\/\/jornaldasoficinas.com\/pt\/randstad-partilha-dicas-para-regresso-ao-trabalho-pos-ferias\/"},"author":{"name":"Reda\u00e7\u00e3o JO","@id":"https:\/\/jornaldasoficinas.com\/pt\/#\/schema\/person\/a38eef5de2c41d9e7c9ac10141afddf3"},"headline":"Randstad partilha dicas para regresso ao trabalho p\u00f3s f\u00e9rias","datePublished":"2021-09-11T11:00:32+00:00","mainEntityOfPage":{"@id":"https:\/\/jornaldasoficinas.com\/pt\/randstad-partilha-dicas-para-regresso-ao-trabalho-pos-ferias\/"},"wordCount":331,"publisher":{"@id":"https:\/\/jornaldasoficinas.com\/pt\/#organization"},"image":{"@id":"https:\/\/jornaldasoficinas.com\/pt\/randstad-partilha-dicas-para-regresso-ao-trabalho-pos-ferias\/#primaryimage"},"thumbnailUrl":"https:\/\/jornaldasoficinas.com\/pt\/wp-content\/uploads\/2021\/09\/Randstad-partilha.jpg","keywords":["Randstad"],"articleSection":["Mercado"],"inLanguage":"pt-PT"},{"@type":"WebPage","@id":"https:\/\/jornaldasoficinas.com\/pt\/randstad-partilha-dicas-para-regresso-ao-trabalho-pos-ferias\/","url":"https:\/\/jornaldasoficinas.com\/pt\/randstad-partilha-dicas-para-regresso-ao-trabalho-pos-ferias\/","name":"Randstad partilha dicas para regresso ao trabalho p\u00f3s f\u00e9rias - Jornal das Oficinas","isPartOf":{"@id":"https:\/\/jornaldasoficinas.com\/pt\/#website"},"primaryImageOfPage":{"@id":"https:\/\/jornaldasoficinas.com\/pt\/randstad-partilha-dicas-para-regresso-ao-trabalho-pos-ferias\/#primaryimage"},"image":{"@id":"https:\/\/jornaldasoficinas.com\/pt\/randstad-partilha-dicas-para-regresso-ao-trabalho-pos-ferias\/#primaryimage"},"thumbnailUrl":"https:\/\/jornaldasoficinas.com\/pt\/wp-content\/uploads\/2021\/09\/Randstad-partilha.jpg","datePublished":"2021-09-11T11:00:32+00:00","breadcrumb":{"@id":"https:\/\/jornaldasoficinas.com\/pt\/randstad-partilha-dicas-para-regresso-ao-trabalho-pos-ferias\/#breadcrumb"},"inLanguage":"pt-PT","potentialAction":[{"@type":"ReadAction","target":["https:\/\/jornaldasoficinas.com\/pt\/randstad-partilha-dicas-para-regresso-ao-trabalho-pos-ferias\/"]}]},{"@type":"ImageObject","inLanguage":"pt-PT","@id":"https:\/\/jornaldasoficinas.com\/pt\/randstad-partilha-dicas-para-regresso-ao-trabalho-pos-ferias\/#primaryimage","url":"https:\/\/jornaldasoficinas.com\/pt\/wp-content\/uploads\/2021\/09\/Randstad-partilha.jpg","contentUrl":"https:\/\/jornaldasoficinas.com\/pt\/wp-content\/uploads\/2021\/09\/Randstad-partilha.jpg","width":1024,"height":581,"caption":"closeup of the hand of a young caucasian man on the beach, in front of a folded beach umbrella and the ocean in the background, holding a stone with the text back to work written in it"},{"@type":"BreadcrumbList","@id":"https:\/\/jornaldasoficinas.com\/pt\/randstad-partilha-dicas-para-regresso-ao-trabalho-pos-ferias\/#breadcrumb","itemListElement":[{"@type":"ListItem","position":1,"name":"In\u00edcio","item":"https:\/\/jornaldasoficinas.com\/pt\/"},{"@type":"ListItem","position":2,"name":"Randstad partilha dicas para regresso ao trabalho p\u00f3s f\u00e9rias"}]},{"@type":"WebSite","@id":"https:\/\/jornaldasoficinas.com\/pt\/#website","url":"https:\/\/jornaldasoficinas.com\/pt\/","name":"Jornal das Oficinas","description":"Jornal independente do Aftermarket Autom\u00f3vel em Portugal","publisher":{"@id":"https:\/\/jornaldasoficinas.com\/pt\/#organization"},"potentialAction":[{"@type":"SearchAction","target":{"@type":"EntryPoint","urlTemplate":"https:\/\/jornaldasoficinas.com\/pt\/?s={search_term_string}"},"query-input":{"@type":"PropertyValueSpecification","valueRequired":true,"valueName":"search_term_string"}}],"inLanguage":"pt-PT"},{"@type":"Organization","@id":"https:\/\/jornaldasoficinas.com\/pt\/#organization","name":"Jornal das Oficinas","url":"https:\/\/jornaldasoficinas.com\/pt\/","logo":{"@type":"ImageObject","inLanguage":"pt-PT","@id":"https:\/\/jornaldasoficinas.com\/pt\/#\/schema\/logo\/image\/","url":"https:\/\/jornaldasoficinas.com\/pt\/wp-content\/uploads\/logoJO-SEO.png","contentUrl":"https:\/\/jornaldasoficinas.com\/pt\/wp-content\/uploads\/logoJO-SEO.png","width":285,"height":450,"caption":"Jornal das Oficinas"},"image":{"@id":"https:\/\/jornaldasoficinas.com\/pt\/#\/schema\/logo\/image\/"},"sameAs":["https:\/\/www.facebook.com\/jornaloficinas","https:\/\/x.com\/jornaloficinas","https:\/\/www.instagram.com\/jornal_oficinas\/","https:\/\/www.linkedin.com\/company\/jornal-das-oficinas\/","https:\/\/www.youtube.com\/channel\/UCbQZBqtcvV-oSQrr7RzINGg"]},{"@type":"Person","@id":"https:\/\/jornaldasoficinas.com\/pt\/#\/schema\/person\/a38eef5de2c41d9e7c9ac10141afddf3","name":"Reda\u00e7\u00e3o JO","image":{"@type":"ImageObject","inLanguage":"pt-PT","@id":"https:\/\/secure.gravatar.com\/avatar\/71f2fa71737ad68a84fea94bc708ddac8ea5b0c4788dc2ad202f3ccb2887742f?s=96&d=wp_user_avatar&r=g","url":"https:\/\/secure.gravatar.com\/avatar\/71f2fa71737ad68a84fea94bc708ddac8ea5b0c4788dc2ad202f3ccb2887742f?s=96&d=wp_user_avatar&r=g","contentUrl":"https:\/\/secure.gravatar.com\/avatar\/71f2fa71737ad68a84fea94bc708ddac8ea5b0c4788dc2ad202f3ccb2887742f?s=96&d=wp_user_avatar&r=g","caption":"Reda\u00e7\u00e3o JO"},"url":"https:\/\/jornaldasoficinas.com\/pt\/author\/joredacao\/"}]}},"_links":{"self":[{"href":"https:\/\/jornaldasoficinas.com\/pt\/wp-json\/wp\/v2\/posts\/23559","targetHints":{"allow":["GET"]}}],"collection":[{"href":"https:\/\/jornaldasoficinas.com\/pt\/wp-json\/wp\/v2\/posts"}],"about":[{"href":"https:\/\/jornaldasoficinas.com\/pt\/wp-json\/wp\/v2\/types\/post"}],"author":[{"embeddable":true,"href":"https:\/\/jornaldasoficinas.com\/pt\/wp-json\/wp\/v2\/users\/15"}],"replies":[{"embeddable":true,"href":"https:\/\/jornaldasoficinas.com\/pt\/wp-json\/wp\/v2\/comments?post=23559"}],"version-history":[{"count":0,"href":"https:\/\/jornaldasoficinas.com\/pt\/wp-json\/wp\/v2\/posts\/23559\/revisions"}],"wp:featuredmedia":[{"embeddable":true,"href":"https:\/\/jornaldasoficinas.com\/pt\/wp-json\/wp\/v2\/media\/23523"}],"wp:attachment":[{"href":"https:\/\/jornaldasoficinas.com\/pt\/wp-json\/wp\/v2\/media?parent=23559"}],"wp:term":[{"taxonomy":"category","embeddable":true,"href":"https:\/\/jornaldasoficinas.com\/pt\/wp-json\/wp\/v2\/categories?post=23559"},{"taxonomy":"post_tag","embeddable":true,"href":"https:\/\/jornaldasoficinas.com\/pt\/wp-json\/wp\/v2\/tags?post=23559"}],"curies":[{"name":"wp","href":"https:\/\/api.w.org\/{rel}","templated":true}]}}