{"id":23563,"date":"2021-09-11T16:00:16","date_gmt":"2021-09-11T15:00:16","guid":{"rendered":"https:\/\/jornaldasoficinas.com\/pt\/?p=23563"},"modified":"2021-09-10T09:52:34","modified_gmt":"2021-09-10T08:52:34","slug":"cepsa-aposta-na-sustentabilidade","status":"publish","type":"post","link":"https:\/\/jornaldasoficinas.com\/pt\/cepsa-aposta-na-sustentabilidade\/","title":{"rendered":"Cepsa aposta na sustentabilidade"},"content":{"rendered":"<p><strong><img loading=\"lazy\" decoding=\"async\" class=\"alignnone size-full wp-image-23512\" src=\"https:\/\/jornaldasoficinas.com\/pt\/wp-content\/uploads\/2021\/09\/Cepsa-aposta.jpg\" alt=\"09 - Cepsa-aposta\" width=\"1024\" height=\"581\" srcset=\"https:\/\/jornaldasoficinas.com\/pt\/wp-content\/uploads\/2021\/09\/Cepsa-aposta.jpg 1024w, https:\/\/jornaldasoficinas.com\/pt\/wp-content\/uploads\/2021\/09\/Cepsa-aposta-300x170.jpg 300w, https:\/\/jornaldasoficinas.com\/pt\/wp-content\/uploads\/2021\/09\/Cepsa-aposta-150x85.jpg 150w, https:\/\/jornaldasoficinas.com\/pt\/wp-content\/uploads\/2021\/09\/Cepsa-aposta-768x436.jpg 768w\" sizes=\"auto, (max-width: 1024px) 100vw, 1024px\" \/><\/strong><\/p>\n<p><strong>A Fundaci\u00f3n Cepsa aposta na sustentabilidade na XVII edi\u00e7\u00e3o dos Pr\u00e9mios ao Valor Social. Este ano e como novidade v\u00e3o ser valorizados de forma positiva as iniciativas sociais que contribuam para a transi\u00e7\u00e3o energ\u00e9tica<\/strong><\/p>\n<p>A Fundaci\u00f3n mant\u00e9m a dota\u00e7\u00e3o de 500 mil euros para entregar aos projetos vencedores, aumentada na edi\u00e7\u00e3o anterior devido \u00e0 situa\u00e7\u00e3o de crise sanit\u00e1ria e social provocada pela pandemia.<\/p>\n<p>Nestes pr\u00e9mios podem participar entidades sociais de Portugal, Madrid, Can\u00e1rias, Campo de Gibraltar, Col\u00f4mbia e Brasil. O prazo de inscri\u00e7\u00f5es estar\u00e1 aberto de 9 a 30 de setembro.<\/p>\n<p>Desde 2005, esta iniciativa j\u00e1 permitiu o desenvolvimento de 385 projetos que permitiram melhorar a qualidade de vida de cerca de 60 mil pessoas.<\/p>\n<p>A Fundaci\u00f3n Cepsa abriu o per\u00edodo de inscri\u00e7\u00f5es para os Pr\u00e9mios ao Valor Social, que t\u00eam como objetivo reconhecer e promover diferentes projetos sociais que promovam a inclus\u00e3o e a qualidade de vida de pessoas ou grupos mais desfavorecidos.<\/p>\n<p>Na sua 17\u00aa edi\u00e7\u00e3o, a Fundaci\u00f3n Cepsa decidiu ampliar o foco de atua\u00e7\u00e3o para iniciativas sustent\u00e1veis que contribuam para a transi\u00e7\u00e3o energ\u00e9tica. Desta forma, os diferentes j\u00faris participantes v\u00e3o valorizar de forma positiva, embora n\u00e3o com car\u00e1cter de exclus\u00e3o, os projetos que, para al\u00e9m de apoiarem grupos vulner\u00e1veis, tenham em considera\u00e7\u00e3o a promo\u00e7\u00e3o das energias renov\u00e1veis, a efici\u00eancia energ\u00e9tica, a mobilidade de baixas emiss\u00f5es, a prote\u00e7\u00e3o da biodiversidade ou a divulga\u00e7\u00e3o no combate \u00e0s altera\u00e7\u00f5es clim\u00e1ticas, entre outros aspetos.<\/p>\n<p>Da mesma forma, nesta nova edi\u00e7\u00e3o, a Fundaci\u00f3n Cepsa vai manter a dota\u00e7\u00e3o excecional de 500 mil euros para distribuir entre os projetos vencedores, valor que j\u00e1 em 2020 foi aumentado em 100.000 euros face aos anos anteriores. Esta dota\u00e7\u00e3o \u00e9 mantida com o objetivo de continuar a apoiar os grupos menos favorecidos, aumentando de 12 mil para um m\u00e1ximo de 15 mil euros o montante por projeto vencedor num contexto socioecon\u00f3mico complexo para entidades do terceiro setor.<\/p>\n<p>Nestes pr\u00e9mios podem participar projetos sociais desenvolvidos em Portugal, Madrid, Can\u00e1rias, Huelva e Campo de Gibraltar (Espanha), Col\u00f4mbia e Brasil, zonas geogr\u00e1ficas nas quais a Cepsa tem uma atividade relevante e la\u00e7os estreitos com a comunidade.<\/p>\n<p>A Fundaci\u00f3n Cepsa reconhece atrav\u00e9s destes pr\u00e9mios o trabalho social de diferentes entidades que trabalham para melhorar a qualidade de vida de grupos muito diversos: pessoas em situa\u00e7\u00e3o de vulnerabilidade social, desempregados, doentes, pessoas com diversidade funcional, grupos \u00e9tnicos, inf\u00e2ncia, jovens e adolescentes, idosos ou v\u00edtimas de viol\u00eancia de g\u00e9nero, entre outros.<\/p>\n<p>Cristina Ortiz, diretora da Fundaci\u00f3n Cepsa, real\u00e7a que \u201co objetivo principal dos Pr\u00e9mios ao Valor Social \u00e9 melhorar a qualidade de vida da sociedade que nos rodeia. Deste ponto de vista, dada a complexidade da situa\u00e7\u00e3o que vivemos devido \u00e0 pandemia, e que se prolongou ao longo do tempo, consideramos que \u00e9 necess\u00e1rio manter esta dota\u00e7\u00e3o extraordin\u00e1ria para contribuir junto dos projetos que ajudam os grupos mais vulner\u00e1veis. Por isso, aument\u00e1mos o valor por projeto vencedor. Ao mesmo tempo, na Fundaci\u00f3n Cepsa estamos convencidos de que apostar em medidas que favore\u00e7am a transi\u00e7\u00e3o energ\u00e9tica \u00e9 uma das formas mais diretas de garantir o bem-estar social a longo prazo, por isso valorizaremos positivamente os projetos sustent\u00e1veis\u201d.<\/p>\n<p>As entidades que pretendam participar podem apresentar os seus projetos de 9 a 30 de setembro atrav\u00e9s do website da <a href=\"http:\/\/www.fundacioncepsa.com.\" target=\"_blank\" rel=\"noopener\">Funda\u00e7\u00e3o<\/a>.<\/p>\n<p>No pr\u00f3ximo m\u00eas de dezembro ser\u00e1 anunciada a decis\u00e3o de cada um dos j\u00faris locais, com a participa\u00e7\u00e3o de representantes institucionais ligados ao campo da a\u00e7\u00e3o social. Posteriormente, os colaboradores da Cepsa ir\u00e3o escolher mais cinco projetos vencedores, para al\u00e9m de participarem e de se envolverem com as entidades participantes na padrinhos e madrinhas solid\u00e1rias com todas as iniciativas que se candidatam aos Pr\u00e9mios ao Valor Social.<\/p>\n<p>A Fundaci\u00f3n Cepsa \u00e9 uma entidade de interesse geral e sem fins lucrativos que tem como objetivo a realiza\u00e7\u00e3o de a\u00e7\u00f5es destinadas a responder \u00e0s necessidades e prioridades das comunidades locais onde a sua fundadora, a COMPA\u00d1\u00cdA ESPA\u00d1OLA DE PETR\u00d3LEOS S.A.U. (Cepsa), desenvolve as suas atividades. Os \u00e2mbitos de atua\u00e7\u00e3o da Fundaci\u00f3n Cepsa s\u00e3o de car\u00e1ter social, ambiental e cient\u00edfico-educativo.<\/p>\n","protected":false},"excerpt":{"rendered":"<p>A Fundaci\u00f3n Cepsa aposta na sustentabilidade&#8230;<\/p>\n","protected":false},"author":15,"featured_media":23512,"comment_status":"closed","ping_status":"closed","sticky":false,"template":"","format":"standard","meta":{"footnotes":""},"categories":[29],"tags":[200],"class_list":["post-23563","post","type-post","status-publish","format-standard","has-post-thumbnail","hentry","category-empresas","tag-fundacion-cepsa"],"yoast_head":"<!-- This site is optimized with the Yoast SEO plugin v27.5 - https:\/\/yoast.com\/product\/yoast-seo-wordpress\/ -->\n<title>Cepsa aposta na sustentabilidade - Jornal das Oficinas<\/title>\n<meta name=\"robots\" content=\"index, follow, max-snippet:-1, max-image-preview:large, max-video-preview:-1\" \/>\n<link rel=\"canonical\" href=\"https:\/\/jornaldasoficinas.com\/pt\/cepsa-aposta-na-sustentabilidade\/\" \/>\n<meta property=\"og:locale\" content=\"pt_PT\" \/>\n<meta property=\"og:type\" content=\"article\" \/>\n<meta property=\"og:title\" content=\"Cepsa aposta na sustentabilidade - Jornal das Oficinas\" \/>\n<meta property=\"og:description\" content=\"A Fundaci\u00f3n Cepsa aposta na sustentabilidade...\" \/>\n<meta property=\"og:url\" content=\"https:\/\/jornaldasoficinas.com\/pt\/cepsa-aposta-na-sustentabilidade\/\" \/>\n<meta property=\"og:site_name\" content=\"Jornal das Oficinas\" \/>\n<meta property=\"article:publisher\" content=\"https:\/\/www.facebook.com\/jornaloficinas\" \/>\n<meta property=\"article:published_time\" content=\"2021-09-11T15:00:16+00:00\" \/>\n<meta property=\"og:image\" content=\"https:\/\/jornaldasoficinas.com\/pt\/wp-content\/uploads\/2021\/09\/Cepsa-aposta.jpg\" \/>\n\t<meta property=\"og:image:width\" content=\"1024\" \/>\n\t<meta property=\"og:image:height\" content=\"581\" \/>\n\t<meta property=\"og:image:type\" content=\"image\/jpeg\" \/>\n<meta name=\"author\" content=\"Reda\u00e7\u00e3o JO\" \/>\n<meta name=\"twitter:card\" content=\"summary_large_image\" \/>\n<meta name=\"twitter:creator\" content=\"@jornaloficinas\" \/>\n<meta name=\"twitter:site\" content=\"@jornaloficinas\" \/>\n<meta name=\"twitter:label1\" content=\"Escrito por\" \/>\n\t<meta name=\"twitter:data1\" content=\"Reda\u00e7\u00e3o JO\" \/>\n\t<meta name=\"twitter:label2\" content=\"Tempo estimado de leitura\" \/>\n\t<meta name=\"twitter:data2\" content=\"4 minutos\" \/>\n<script type=\"application\/ld+json\" class=\"yoast-schema-graph\">{\"@context\":\"https:\\\/\\\/schema.org\",\"@graph\":[{\"@type\":\"Article\",\"@id\":\"https:\\\/\\\/jornaldasoficinas.com\\\/pt\\\/cepsa-aposta-na-sustentabilidade\\\/#article\",\"isPartOf\":{\"@id\":\"https:\\\/\\\/jornaldasoficinas.com\\\/pt\\\/cepsa-aposta-na-sustentabilidade\\\/\"},\"author\":{\"name\":\"Reda\u00e7\u00e3o JO\",\"@id\":\"https:\\\/\\\/jornaldasoficinas.com\\\/pt\\\/#\\\/schema\\\/person\\\/a38eef5de2c41d9e7c9ac10141afddf3\"},\"headline\":\"Cepsa aposta na sustentabilidade\",\"datePublished\":\"2021-09-11T15:00:16+00:00\",\"mainEntityOfPage\":{\"@id\":\"https:\\\/\\\/jornaldasoficinas.com\\\/pt\\\/cepsa-aposta-na-sustentabilidade\\\/\"},\"wordCount\":748,\"publisher\":{\"@id\":\"https:\\\/\\\/jornaldasoficinas.com\\\/pt\\\/#organization\"},\"image\":{\"@id\":\"https:\\\/\\\/jornaldasoficinas.com\\\/pt\\\/cepsa-aposta-na-sustentabilidade\\\/#primaryimage\"},\"thumbnailUrl\":\"https:\\\/\\\/jornaldasoficinas.com\\\/pt\\\/wp-content\\\/uploads\\\/2021\\\/09\\\/Cepsa-aposta.jpg\",\"keywords\":[\"Fundaci\u00f3n Cepsa\"],\"articleSection\":[\"Empresas\"],\"inLanguage\":\"pt-PT\"},{\"@type\":\"WebPage\",\"@id\":\"https:\\\/\\\/jornaldasoficinas.com\\\/pt\\\/cepsa-aposta-na-sustentabilidade\\\/\",\"url\":\"https:\\\/\\\/jornaldasoficinas.com\\\/pt\\\/cepsa-aposta-na-sustentabilidade\\\/\",\"name\":\"Cepsa aposta na sustentabilidade - Jornal das Oficinas\",\"isPartOf\":{\"@id\":\"https:\\\/\\\/jornaldasoficinas.com\\\/pt\\\/#website\"},\"primaryImageOfPage\":{\"@id\":\"https:\\\/\\\/jornaldasoficinas.com\\\/pt\\\/cepsa-aposta-na-sustentabilidade\\\/#primaryimage\"},\"image\":{\"@id\":\"https:\\\/\\\/jornaldasoficinas.com\\\/pt\\\/cepsa-aposta-na-sustentabilidade\\\/#primaryimage\"},\"thumbnailUrl\":\"https:\\\/\\\/jornaldasoficinas.com\\\/pt\\\/wp-content\\\/uploads\\\/2021\\\/09\\\/Cepsa-aposta.jpg\",\"datePublished\":\"2021-09-11T15:00:16+00:00\",\"breadcrumb\":{\"@id\":\"https:\\\/\\\/jornaldasoficinas.com\\\/pt\\\/cepsa-aposta-na-sustentabilidade\\\/#breadcrumb\"},\"inLanguage\":\"pt-PT\",\"potentialAction\":[{\"@type\":\"ReadAction\",\"target\":[\"https:\\\/\\\/jornaldasoficinas.com\\\/pt\\\/cepsa-aposta-na-sustentabilidade\\\/\"]}]},{\"@type\":\"ImageObject\",\"inLanguage\":\"pt-PT\",\"@id\":\"https:\\\/\\\/jornaldasoficinas.com\\\/pt\\\/cepsa-aposta-na-sustentabilidade\\\/#primaryimage\",\"url\":\"https:\\\/\\\/jornaldasoficinas.com\\\/pt\\\/wp-content\\\/uploads\\\/2021\\\/09\\\/Cepsa-aposta.jpg\",\"contentUrl\":\"https:\\\/\\\/jornaldasoficinas.com\\\/pt\\\/wp-content\\\/uploads\\\/2021\\\/09\\\/Cepsa-aposta.jpg\",\"width\":1024,\"height\":581,\"caption\":\"09 - Cepsa-aposta\"},{\"@type\":\"BreadcrumbList\",\"@id\":\"https:\\\/\\\/jornaldasoficinas.com\\\/pt\\\/cepsa-aposta-na-sustentabilidade\\\/#breadcrumb\",\"itemListElement\":[{\"@type\":\"ListItem\",\"position\":1,\"name\":\"In\u00edcio\",\"item\":\"https:\\\/\\\/jornaldasoficinas.com\\\/pt\\\/\"},{\"@type\":\"ListItem\",\"position\":2,\"name\":\"Cepsa aposta na sustentabilidade\"}]},{\"@type\":\"WebSite\",\"@id\":\"https:\\\/\\\/jornaldasoficinas.com\\\/pt\\\/#website\",\"url\":\"https:\\\/\\\/jornaldasoficinas.com\\\/pt\\\/\",\"name\":\"Jornal das Oficinas\",\"description\":\"Jornal independente do Aftermarket Autom\u00f3vel em Portugal\",\"publisher\":{\"@id\":\"https:\\\/\\\/jornaldasoficinas.com\\\/pt\\\/#organization\"},\"potentialAction\":[{\"@type\":\"SearchAction\",\"target\":{\"@type\":\"EntryPoint\",\"urlTemplate\":\"https:\\\/\\\/jornaldasoficinas.com\\\/pt\\\/?s={search_term_string}\"},\"query-input\":{\"@type\":\"PropertyValueSpecification\",\"valueRequired\":true,\"valueName\":\"search_term_string\"}}],\"inLanguage\":\"pt-PT\"},{\"@type\":\"Organization\",\"@id\":\"https:\\\/\\\/jornaldasoficinas.com\\\/pt\\\/#organization\",\"name\":\"Jornal das Oficinas\",\"url\":\"https:\\\/\\\/jornaldasoficinas.com\\\/pt\\\/\",\"logo\":{\"@type\":\"ImageObject\",\"inLanguage\":\"pt-PT\",\"@id\":\"https:\\\/\\\/jornaldasoficinas.com\\\/pt\\\/#\\\/schema\\\/logo\\\/image\\\/\",\"url\":\"https:\\\/\\\/jornaldasoficinas.com\\\/pt\\\/wp-content\\\/uploads\\\/logoJO-SEO.png\",\"contentUrl\":\"https:\\\/\\\/jornaldasoficinas.com\\\/pt\\\/wp-content\\\/uploads\\\/logoJO-SEO.png\",\"width\":285,\"height\":450,\"caption\":\"Jornal das Oficinas\"},\"image\":{\"@id\":\"https:\\\/\\\/jornaldasoficinas.com\\\/pt\\\/#\\\/schema\\\/logo\\\/image\\\/\"},\"sameAs\":[\"https:\\\/\\\/www.facebook.com\\\/jornaloficinas\",\"https:\\\/\\\/x.com\\\/jornaloficinas\",\"https:\\\/\\\/www.instagram.com\\\/jornal_oficinas\\\/\",\"https:\\\/\\\/www.linkedin.com\\\/company\\\/jornal-das-oficinas\\\/\",\"https:\\\/\\\/www.youtube.com\\\/channel\\\/UCbQZBqtcvV-oSQrr7RzINGg\"]},{\"@type\":\"Person\",\"@id\":\"https:\\\/\\\/jornaldasoficinas.com\\\/pt\\\/#\\\/schema\\\/person\\\/a38eef5de2c41d9e7c9ac10141afddf3\",\"name\":\"Reda\u00e7\u00e3o JO\",\"image\":{\"@type\":\"ImageObject\",\"inLanguage\":\"pt-PT\",\"@id\":\"https:\\\/\\\/secure.gravatar.com\\\/avatar\\\/71f2fa71737ad68a84fea94bc708ddac8ea5b0c4788dc2ad202f3ccb2887742f?s=96&d=wp_user_avatar&r=g\",\"url\":\"https:\\\/\\\/secure.gravatar.com\\\/avatar\\\/71f2fa71737ad68a84fea94bc708ddac8ea5b0c4788dc2ad202f3ccb2887742f?s=96&d=wp_user_avatar&r=g\",\"contentUrl\":\"https:\\\/\\\/secure.gravatar.com\\\/avatar\\\/71f2fa71737ad68a84fea94bc708ddac8ea5b0c4788dc2ad202f3ccb2887742f?s=96&d=wp_user_avatar&r=g\",\"caption\":\"Reda\u00e7\u00e3o JO\"},\"url\":\"https:\\\/\\\/jornaldasoficinas.com\\\/pt\\\/author\\\/joredacao\\\/\"}]}<\/script>\n<!-- \/ Yoast SEO plugin. -->","yoast_head_json":{"title":"Cepsa aposta na sustentabilidade - Jornal das Oficinas","robots":{"index":"index","follow":"follow","max-snippet":"max-snippet:-1","max-image-preview":"max-image-preview:large","max-video-preview":"max-video-preview:-1"},"canonical":"https:\/\/jornaldasoficinas.com\/pt\/cepsa-aposta-na-sustentabilidade\/","og_locale":"pt_PT","og_type":"article","og_title":"Cepsa aposta na sustentabilidade - Jornal das Oficinas","og_description":"A Fundaci\u00f3n Cepsa aposta na sustentabilidade...","og_url":"https:\/\/jornaldasoficinas.com\/pt\/cepsa-aposta-na-sustentabilidade\/","og_site_name":"Jornal das Oficinas","article_publisher":"https:\/\/www.facebook.com\/jornaloficinas","article_published_time":"2021-09-11T15:00:16+00:00","og_image":[{"width":1024,"height":581,"url":"https:\/\/jornaldasoficinas.com\/pt\/wp-content\/uploads\/2021\/09\/Cepsa-aposta.jpg","type":"image\/jpeg"}],"author":"Reda\u00e7\u00e3o JO","twitter_card":"summary_large_image","twitter_creator":"@jornaloficinas","twitter_site":"@jornaloficinas","twitter_misc":{"Escrito por":"Reda\u00e7\u00e3o JO","Tempo estimado de leitura":"4 minutos"},"schema":{"@context":"https:\/\/schema.org","@graph":[{"@type":"Article","@id":"https:\/\/jornaldasoficinas.com\/pt\/cepsa-aposta-na-sustentabilidade\/#article","isPartOf":{"@id":"https:\/\/jornaldasoficinas.com\/pt\/cepsa-aposta-na-sustentabilidade\/"},"author":{"name":"Reda\u00e7\u00e3o JO","@id":"https:\/\/jornaldasoficinas.com\/pt\/#\/schema\/person\/a38eef5de2c41d9e7c9ac10141afddf3"},"headline":"Cepsa aposta na sustentabilidade","datePublished":"2021-09-11T15:00:16+00:00","mainEntityOfPage":{"@id":"https:\/\/jornaldasoficinas.com\/pt\/cepsa-aposta-na-sustentabilidade\/"},"wordCount":748,"publisher":{"@id":"https:\/\/jornaldasoficinas.com\/pt\/#organization"},"image":{"@id":"https:\/\/jornaldasoficinas.com\/pt\/cepsa-aposta-na-sustentabilidade\/#primaryimage"},"thumbnailUrl":"https:\/\/jornaldasoficinas.com\/pt\/wp-content\/uploads\/2021\/09\/Cepsa-aposta.jpg","keywords":["Fundaci\u00f3n Cepsa"],"articleSection":["Empresas"],"inLanguage":"pt-PT"},{"@type":"WebPage","@id":"https:\/\/jornaldasoficinas.com\/pt\/cepsa-aposta-na-sustentabilidade\/","url":"https:\/\/jornaldasoficinas.com\/pt\/cepsa-aposta-na-sustentabilidade\/","name":"Cepsa aposta na sustentabilidade - Jornal das Oficinas","isPartOf":{"@id":"https:\/\/jornaldasoficinas.com\/pt\/#website"},"primaryImageOfPage":{"@id":"https:\/\/jornaldasoficinas.com\/pt\/cepsa-aposta-na-sustentabilidade\/#primaryimage"},"image":{"@id":"https:\/\/jornaldasoficinas.com\/pt\/cepsa-aposta-na-sustentabilidade\/#primaryimage"},"thumbnailUrl":"https:\/\/jornaldasoficinas.com\/pt\/wp-content\/uploads\/2021\/09\/Cepsa-aposta.jpg","datePublished":"2021-09-11T15:00:16+00:00","breadcrumb":{"@id":"https:\/\/jornaldasoficinas.com\/pt\/cepsa-aposta-na-sustentabilidade\/#breadcrumb"},"inLanguage":"pt-PT","potentialAction":[{"@type":"ReadAction","target":["https:\/\/jornaldasoficinas.com\/pt\/cepsa-aposta-na-sustentabilidade\/"]}]},{"@type":"ImageObject","inLanguage":"pt-PT","@id":"https:\/\/jornaldasoficinas.com\/pt\/cepsa-aposta-na-sustentabilidade\/#primaryimage","url":"https:\/\/jornaldasoficinas.com\/pt\/wp-content\/uploads\/2021\/09\/Cepsa-aposta.jpg","contentUrl":"https:\/\/jornaldasoficinas.com\/pt\/wp-content\/uploads\/2021\/09\/Cepsa-aposta.jpg","width":1024,"height":581,"caption":"09 - Cepsa-aposta"},{"@type":"BreadcrumbList","@id":"https:\/\/jornaldasoficinas.com\/pt\/cepsa-aposta-na-sustentabilidade\/#breadcrumb","itemListElement":[{"@type":"ListItem","position":1,"name":"In\u00edcio","item":"https:\/\/jornaldasoficinas.com\/pt\/"},{"@type":"ListItem","position":2,"name":"Cepsa aposta na sustentabilidade"}]},{"@type":"WebSite","@id":"https:\/\/jornaldasoficinas.com\/pt\/#website","url":"https:\/\/jornaldasoficinas.com\/pt\/","name":"Jornal das Oficinas","description":"Jornal independente do Aftermarket Autom\u00f3vel em Portugal","publisher":{"@id":"https:\/\/jornaldasoficinas.com\/pt\/#organization"},"potentialAction":[{"@type":"SearchAction","target":{"@type":"EntryPoint","urlTemplate":"https:\/\/jornaldasoficinas.com\/pt\/?s={search_term_string}"},"query-input":{"@type":"PropertyValueSpecification","valueRequired":true,"valueName":"search_term_string"}}],"inLanguage":"pt-PT"},{"@type":"Organization","@id":"https:\/\/jornaldasoficinas.com\/pt\/#organization","name":"Jornal das Oficinas","url":"https:\/\/jornaldasoficinas.com\/pt\/","logo":{"@type":"ImageObject","inLanguage":"pt-PT","@id":"https:\/\/jornaldasoficinas.com\/pt\/#\/schema\/logo\/image\/","url":"https:\/\/jornaldasoficinas.com\/pt\/wp-content\/uploads\/logoJO-SEO.png","contentUrl":"https:\/\/jornaldasoficinas.com\/pt\/wp-content\/uploads\/logoJO-SEO.png","width":285,"height":450,"caption":"Jornal das Oficinas"},"image":{"@id":"https:\/\/jornaldasoficinas.com\/pt\/#\/schema\/logo\/image\/"},"sameAs":["https:\/\/www.facebook.com\/jornaloficinas","https:\/\/x.com\/jornaloficinas","https:\/\/www.instagram.com\/jornal_oficinas\/","https:\/\/www.linkedin.com\/company\/jornal-das-oficinas\/","https:\/\/www.youtube.com\/channel\/UCbQZBqtcvV-oSQrr7RzINGg"]},{"@type":"Person","@id":"https:\/\/jornaldasoficinas.com\/pt\/#\/schema\/person\/a38eef5de2c41d9e7c9ac10141afddf3","name":"Reda\u00e7\u00e3o JO","image":{"@type":"ImageObject","inLanguage":"pt-PT","@id":"https:\/\/secure.gravatar.com\/avatar\/71f2fa71737ad68a84fea94bc708ddac8ea5b0c4788dc2ad202f3ccb2887742f?s=96&d=wp_user_avatar&r=g","url":"https:\/\/secure.gravatar.com\/avatar\/71f2fa71737ad68a84fea94bc708ddac8ea5b0c4788dc2ad202f3ccb2887742f?s=96&d=wp_user_avatar&r=g","contentUrl":"https:\/\/secure.gravatar.com\/avatar\/71f2fa71737ad68a84fea94bc708ddac8ea5b0c4788dc2ad202f3ccb2887742f?s=96&d=wp_user_avatar&r=g","caption":"Reda\u00e7\u00e3o JO"},"url":"https:\/\/jornaldasoficinas.com\/pt\/author\/joredacao\/"}]}},"_links":{"self":[{"href":"https:\/\/jornaldasoficinas.com\/pt\/wp-json\/wp\/v2\/posts\/23563","targetHints":{"allow":["GET"]}}],"collection":[{"href":"https:\/\/jornaldasoficinas.com\/pt\/wp-json\/wp\/v2\/posts"}],"about":[{"href":"https:\/\/jornaldasoficinas.com\/pt\/wp-json\/wp\/v2\/types\/post"}],"author":[{"embeddable":true,"href":"https:\/\/jornaldasoficinas.com\/pt\/wp-json\/wp\/v2\/users\/15"}],"replies":[{"embeddable":true,"href":"https:\/\/jornaldasoficinas.com\/pt\/wp-json\/wp\/v2\/comments?post=23563"}],"version-history":[{"count":0,"href":"https:\/\/jornaldasoficinas.com\/pt\/wp-json\/wp\/v2\/posts\/23563\/revisions"}],"wp:featuredmedia":[{"embeddable":true,"href":"https:\/\/jornaldasoficinas.com\/pt\/wp-json\/wp\/v2\/media\/23512"}],"wp:attachment":[{"href":"https:\/\/jornaldasoficinas.com\/pt\/wp-json\/wp\/v2\/media?parent=23563"}],"wp:term":[{"taxonomy":"category","embeddable":true,"href":"https:\/\/jornaldasoficinas.com\/pt\/wp-json\/wp\/v2\/categories?post=23563"},{"taxonomy":"post_tag","embeddable":true,"href":"https:\/\/jornaldasoficinas.com\/pt\/wp-json\/wp\/v2\/tags?post=23563"}],"curies":[{"name":"wp","href":"https:\/\/api.w.org\/{rel}","templated":true}]}}