{"id":23624,"date":"2021-09-13T11:00:45","date_gmt":"2021-09-13T10:00:45","guid":{"rendered":"https:\/\/jornaldasoficinas.com\/pt\/?p=23624"},"modified":"2021-09-13T10:58:57","modified_gmt":"2021-09-13T09:58:57","slug":"liqui-moly-days-chegaram-a-sofrapa","status":"publish","type":"post","link":"https:\/\/jornaldasoficinas.com\/pt\/liqui-moly-days-chegaram-a-sofrapa\/","title":{"rendered":"Liqui Moly Days chegaram \u00e0 Sofrapa"},"content":{"rendered":"<p><strong><img loading=\"lazy\" decoding=\"async\" class=\"alignnone size-full wp-image-23625\" src=\"https:\/\/jornaldasoficinas.com\/pt\/wp-content\/uploads\/2021\/09\/Liqui-Moly-Days-chegaram-a-Sofrapa.jpeg\" alt=\"09 - Liqui-Moly-Days-chegaram-a-Sofrapa\" width=\"1024\" height=\"581\" srcset=\"https:\/\/jornaldasoficinas.com\/pt\/wp-content\/uploads\/2021\/09\/Liqui-Moly-Days-chegaram-a-Sofrapa.jpeg 1024w, https:\/\/jornaldasoficinas.com\/pt\/wp-content\/uploads\/2021\/09\/Liqui-Moly-Days-chegaram-a-Sofrapa-300x170.jpeg 300w, https:\/\/jornaldasoficinas.com\/pt\/wp-content\/uploads\/2021\/09\/Liqui-Moly-Days-chegaram-a-Sofrapa-150x85.jpeg 150w, https:\/\/jornaldasoficinas.com\/pt\/wp-content\/uploads\/2021\/09\/Liqui-Moly-Days-chegaram-a-Sofrapa-768x436.jpeg 768w\" sizes=\"auto, (max-width: 1024px) 100vw, 1024px\" \/><\/strong><\/p>\n<p><strong>J\u00e1 arrancaram os Liqui Moly Days nas lojas <a href=\"http:\/\/www.sofrapa.pt\/\" target=\"_blank\" rel=\"noopener\">Sofrapa<\/a>. Num dia espec\u00edfico, uma determinada loja vai respirar ainda mais Liqui Moly, com a presen\u00e7a de equipa pr\u00f3pria do fabricante alem\u00e3o de lubrificantes e aditivos que estar\u00e1 dispon\u00edvel para tirar todas as d\u00favidas e distribuir alguns brindes<\/strong><\/p>\n<p>\u201cSomos adeptos fervorosos deste tipo de iniciativas, n\u00e3o s\u00f3 porque motiva as equipas como tamb\u00e9m os nossos clientes, demonstrando o grande dinamismo que a Sofrapa tem. Nestes dias o ambiente que se vive \u00e9 especial, n\u00e3o s\u00f3 pelas ofertas de produto, merchandising, como tamb\u00e9m uma maior informa\u00e7\u00e3o e conhecimento dos produtos. A ideia \u00e9 levar os nossos clientes a ter um dia diferente e especial\u201d, explica Ricardo Fernandes, Diretor Comercial da Sofrapa Autom\u00f3veis AS.<\/p>\n<p>J\u00e1 para Sadhna Monteiro, diretora comercial e de marketing da Liqui Moly Iberia, \u201ceste tipo de a\u00e7\u00f5es s\u00e3o sempre vencedoras. S\u00e3o eventos fundamentais por diferentes motivos: pela liga\u00e7\u00e3o que a marca consegue diretamente com aqueles que s\u00e3o os consumidores dos nossos produtos, mas tamb\u00e9m no estreitar rela\u00e7\u00f5es com o nosso parceiro. O elemento da nossa equipa comercial que est\u00e1 presente todo o dia tem tamb\u00e9m um papel muito importante j\u00e1 que vai ajudar e passar argumenta\u00e7\u00e3o de venda dos produtos ao pessoal do balc\u00e3o de cada loja, ao mesmo tempo que aconselha os clientes da loja.\u201d<\/p>\n<p>Durante os Liqui Moly Days todos os clientes podem beneficiar de uma campanha muito especial, que ser\u00e1 divulgada na pr\u00f3pria loja e que est\u00e1 em vigor apenas durante o dia da a\u00e7\u00e3o. A imagem Liqui Moly tamb\u00e9m ser\u00e1 refor\u00e7ada em cada loja.<\/p>\n<p>A a\u00e7\u00e3o decorre em sete lojas Sofrapa, num dia espec\u00edfico para cada uma. N\u00e3o vai faltar atividade. Se tem curiosidade ou d\u00favidas sobre algum produto ou a sua aplica\u00e7\u00e3o basta aparecer na loja no dia espec\u00edfico e aproveitar a presen\u00e7a do t\u00e9cnico Liqui Moly que poder\u00e1 dar-lhe todas as informa\u00e7\u00f5es, sugest\u00f5es ou aconselhamento.<\/p>\n<p><strong>Calend\u00e1rio de a\u00e7\u00f5es em Setembro: <\/strong><\/p>\n<p>&#8211; 13 de Setembro &#8211; Odivelas (sede)<\/p>\n<p>&#8211; 14 de Setembro &#8211; Porto<\/p>\n<p>&#8211; 15 de Setembro &#8211; Torres Vedras<\/p>\n<p>&#8211; 16 de Setembro &#8211; Coimbra<\/p>\n<p>&#8211; 20 de Setembro &#8211; Corroios<\/p>\n<p>&#8211; 21 de Setembro &#8211; Leiria<\/p>\n<p>&#8211; 23 de Setembro \u2013 Viseu<\/p>\n","protected":false},"excerpt":{"rendered":"<p>J\u00e1 arrancaram os Liqui Moly Days&#8230;<\/p>\n","protected":false},"author":15,"featured_media":23625,"comment_status":"closed","ping_status":"closed","sticky":false,"template":"","format":"standard","meta":{"footnotes":""},"categories":[29],"tags":[272],"class_list":["post-23624","post","type-post","status-publish","format-standard","has-post-thumbnail","hentry","category-empresas","tag-liqui-moly"],"yoast_head":"<!-- This site is optimized with the Yoast SEO plugin v27.5 - https:\/\/yoast.com\/product\/yoast-seo-wordpress\/ -->\n<title>Liqui Moly Days chegaram \u00e0 Sofrapa - Jornal das Oficinas<\/title>\n<meta name=\"robots\" content=\"index, follow, max-snippet:-1, max-image-preview:large, max-video-preview:-1\" \/>\n<link rel=\"canonical\" href=\"https:\/\/jornaldasoficinas.com\/pt\/liqui-moly-days-chegaram-a-sofrapa\/\" \/>\n<meta property=\"og:locale\" content=\"pt_PT\" \/>\n<meta property=\"og:type\" content=\"article\" \/>\n<meta property=\"og:title\" content=\"Liqui Moly Days chegaram \u00e0 Sofrapa - Jornal das Oficinas\" \/>\n<meta property=\"og:description\" content=\"J\u00e1 arrancaram os Liqui Moly Days...\" \/>\n<meta property=\"og:url\" content=\"https:\/\/jornaldasoficinas.com\/pt\/liqui-moly-days-chegaram-a-sofrapa\/\" \/>\n<meta property=\"og:site_name\" content=\"Jornal das Oficinas\" \/>\n<meta property=\"article:publisher\" content=\"https:\/\/www.facebook.com\/jornaloficinas\" \/>\n<meta property=\"article:published_time\" content=\"2021-09-13T10:00:45+00:00\" \/>\n<meta property=\"og:image\" content=\"https:\/\/jornaldasoficinas.com\/pt\/wp-content\/uploads\/2021\/09\/Liqui-Moly-Days-chegaram-a-Sofrapa.jpeg\" \/>\n\t<meta property=\"og:image:width\" content=\"1024\" \/>\n\t<meta property=\"og:image:height\" content=\"581\" \/>\n\t<meta property=\"og:image:type\" content=\"image\/jpeg\" \/>\n<meta name=\"author\" content=\"Reda\u00e7\u00e3o JO\" \/>\n<meta name=\"twitter:card\" content=\"summary_large_image\" \/>\n<meta name=\"twitter:creator\" content=\"@jornaloficinas\" \/>\n<meta name=\"twitter:site\" content=\"@jornaloficinas\" \/>\n<meta name=\"twitter:label1\" content=\"Escrito por\" \/>\n\t<meta name=\"twitter:data1\" content=\"Reda\u00e7\u00e3o JO\" \/>\n\t<meta name=\"twitter:label2\" content=\"Tempo estimado de leitura\" \/>\n\t<meta name=\"twitter:data2\" content=\"2 minutos\" \/>\n<script type=\"application\/ld+json\" class=\"yoast-schema-graph\">{\"@context\":\"https:\\\/\\\/schema.org\",\"@graph\":[{\"@type\":\"Article\",\"@id\":\"https:\\\/\\\/jornaldasoficinas.com\\\/pt\\\/liqui-moly-days-chegaram-a-sofrapa\\\/#article\",\"isPartOf\":{\"@id\":\"https:\\\/\\\/jornaldasoficinas.com\\\/pt\\\/liqui-moly-days-chegaram-a-sofrapa\\\/\"},\"author\":{\"name\":\"Reda\u00e7\u00e3o JO\",\"@id\":\"https:\\\/\\\/jornaldasoficinas.com\\\/pt\\\/#\\\/schema\\\/person\\\/a38eef5de2c41d9e7c9ac10141afddf3\"},\"headline\":\"Liqui Moly Days chegaram \u00e0 Sofrapa\",\"datePublished\":\"2021-09-13T10:00:45+00:00\",\"mainEntityOfPage\":{\"@id\":\"https:\\\/\\\/jornaldasoficinas.com\\\/pt\\\/liqui-moly-days-chegaram-a-sofrapa\\\/\"},\"wordCount\":393,\"publisher\":{\"@id\":\"https:\\\/\\\/jornaldasoficinas.com\\\/pt\\\/#organization\"},\"image\":{\"@id\":\"https:\\\/\\\/jornaldasoficinas.com\\\/pt\\\/liqui-moly-days-chegaram-a-sofrapa\\\/#primaryimage\"},\"thumbnailUrl\":\"https:\\\/\\\/jornaldasoficinas.com\\\/pt\\\/wp-content\\\/uploads\\\/2021\\\/09\\\/Liqui-Moly-Days-chegaram-a-Sofrapa.jpeg\",\"keywords\":[\"LIQUI MOLY\"],\"articleSection\":[\"Empresas\"],\"inLanguage\":\"pt-PT\"},{\"@type\":\"WebPage\",\"@id\":\"https:\\\/\\\/jornaldasoficinas.com\\\/pt\\\/liqui-moly-days-chegaram-a-sofrapa\\\/\",\"url\":\"https:\\\/\\\/jornaldasoficinas.com\\\/pt\\\/liqui-moly-days-chegaram-a-sofrapa\\\/\",\"name\":\"Liqui Moly Days chegaram \u00e0 Sofrapa - Jornal das Oficinas\",\"isPartOf\":{\"@id\":\"https:\\\/\\\/jornaldasoficinas.com\\\/pt\\\/#website\"},\"primaryImageOfPage\":{\"@id\":\"https:\\\/\\\/jornaldasoficinas.com\\\/pt\\\/liqui-moly-days-chegaram-a-sofrapa\\\/#primaryimage\"},\"image\":{\"@id\":\"https:\\\/\\\/jornaldasoficinas.com\\\/pt\\\/liqui-moly-days-chegaram-a-sofrapa\\\/#primaryimage\"},\"thumbnailUrl\":\"https:\\\/\\\/jornaldasoficinas.com\\\/pt\\\/wp-content\\\/uploads\\\/2021\\\/09\\\/Liqui-Moly-Days-chegaram-a-Sofrapa.jpeg\",\"datePublished\":\"2021-09-13T10:00:45+00:00\",\"breadcrumb\":{\"@id\":\"https:\\\/\\\/jornaldasoficinas.com\\\/pt\\\/liqui-moly-days-chegaram-a-sofrapa\\\/#breadcrumb\"},\"inLanguage\":\"pt-PT\",\"potentialAction\":[{\"@type\":\"ReadAction\",\"target\":[\"https:\\\/\\\/jornaldasoficinas.com\\\/pt\\\/liqui-moly-days-chegaram-a-sofrapa\\\/\"]}]},{\"@type\":\"ImageObject\",\"inLanguage\":\"pt-PT\",\"@id\":\"https:\\\/\\\/jornaldasoficinas.com\\\/pt\\\/liqui-moly-days-chegaram-a-sofrapa\\\/#primaryimage\",\"url\":\"https:\\\/\\\/jornaldasoficinas.com\\\/pt\\\/wp-content\\\/uploads\\\/2021\\\/09\\\/Liqui-Moly-Days-chegaram-a-Sofrapa.jpeg\",\"contentUrl\":\"https:\\\/\\\/jornaldasoficinas.com\\\/pt\\\/wp-content\\\/uploads\\\/2021\\\/09\\\/Liqui-Moly-Days-chegaram-a-Sofrapa.jpeg\",\"width\":1024,\"height\":581,\"caption\":\"09 - Liqui-Moly-Days-chegaram-a-Sofrapa\"},{\"@type\":\"BreadcrumbList\",\"@id\":\"https:\\\/\\\/jornaldasoficinas.com\\\/pt\\\/liqui-moly-days-chegaram-a-sofrapa\\\/#breadcrumb\",\"itemListElement\":[{\"@type\":\"ListItem\",\"position\":1,\"name\":\"In\u00edcio\",\"item\":\"https:\\\/\\\/jornaldasoficinas.com\\\/pt\\\/\"},{\"@type\":\"ListItem\",\"position\":2,\"name\":\"Liqui Moly Days chegaram \u00e0 Sofrapa\"}]},{\"@type\":\"WebSite\",\"@id\":\"https:\\\/\\\/jornaldasoficinas.com\\\/pt\\\/#website\",\"url\":\"https:\\\/\\\/jornaldasoficinas.com\\\/pt\\\/\",\"name\":\"Jornal das Oficinas\",\"description\":\"Jornal independente do Aftermarket Autom\u00f3vel em Portugal\",\"publisher\":{\"@id\":\"https:\\\/\\\/jornaldasoficinas.com\\\/pt\\\/#organization\"},\"potentialAction\":[{\"@type\":\"SearchAction\",\"target\":{\"@type\":\"EntryPoint\",\"urlTemplate\":\"https:\\\/\\\/jornaldasoficinas.com\\\/pt\\\/?s={search_term_string}\"},\"query-input\":{\"@type\":\"PropertyValueSpecification\",\"valueRequired\":true,\"valueName\":\"search_term_string\"}}],\"inLanguage\":\"pt-PT\"},{\"@type\":\"Organization\",\"@id\":\"https:\\\/\\\/jornaldasoficinas.com\\\/pt\\\/#organization\",\"name\":\"Jornal das Oficinas\",\"url\":\"https:\\\/\\\/jornaldasoficinas.com\\\/pt\\\/\",\"logo\":{\"@type\":\"ImageObject\",\"inLanguage\":\"pt-PT\",\"@id\":\"https:\\\/\\\/jornaldasoficinas.com\\\/pt\\\/#\\\/schema\\\/logo\\\/image\\\/\",\"url\":\"https:\\\/\\\/jornaldasoficinas.com\\\/pt\\\/wp-content\\\/uploads\\\/logoJO-SEO.png\",\"contentUrl\":\"https:\\\/\\\/jornaldasoficinas.com\\\/pt\\\/wp-content\\\/uploads\\\/logoJO-SEO.png\",\"width\":285,\"height\":450,\"caption\":\"Jornal das Oficinas\"},\"image\":{\"@id\":\"https:\\\/\\\/jornaldasoficinas.com\\\/pt\\\/#\\\/schema\\\/logo\\\/image\\\/\"},\"sameAs\":[\"https:\\\/\\\/www.facebook.com\\\/jornaloficinas\",\"https:\\\/\\\/x.com\\\/jornaloficinas\",\"https:\\\/\\\/www.instagram.com\\\/jornal_oficinas\\\/\",\"https:\\\/\\\/www.linkedin.com\\\/company\\\/jornal-das-oficinas\\\/\",\"https:\\\/\\\/www.youtube.com\\\/channel\\\/UCbQZBqtcvV-oSQrr7RzINGg\"]},{\"@type\":\"Person\",\"@id\":\"https:\\\/\\\/jornaldasoficinas.com\\\/pt\\\/#\\\/schema\\\/person\\\/a38eef5de2c41d9e7c9ac10141afddf3\",\"name\":\"Reda\u00e7\u00e3o JO\",\"image\":{\"@type\":\"ImageObject\",\"inLanguage\":\"pt-PT\",\"@id\":\"https:\\\/\\\/secure.gravatar.com\\\/avatar\\\/71f2fa71737ad68a84fea94bc708ddac8ea5b0c4788dc2ad202f3ccb2887742f?s=96&d=wp_user_avatar&r=g\",\"url\":\"https:\\\/\\\/secure.gravatar.com\\\/avatar\\\/71f2fa71737ad68a84fea94bc708ddac8ea5b0c4788dc2ad202f3ccb2887742f?s=96&d=wp_user_avatar&r=g\",\"contentUrl\":\"https:\\\/\\\/secure.gravatar.com\\\/avatar\\\/71f2fa71737ad68a84fea94bc708ddac8ea5b0c4788dc2ad202f3ccb2887742f?s=96&d=wp_user_avatar&r=g\",\"caption\":\"Reda\u00e7\u00e3o JO\"},\"url\":\"https:\\\/\\\/jornaldasoficinas.com\\\/pt\\\/author\\\/joredacao\\\/\"}]}<\/script>\n<!-- \/ Yoast SEO plugin. -->","yoast_head_json":{"title":"Liqui Moly Days chegaram \u00e0 Sofrapa - Jornal das Oficinas","robots":{"index":"index","follow":"follow","max-snippet":"max-snippet:-1","max-image-preview":"max-image-preview:large","max-video-preview":"max-video-preview:-1"},"canonical":"https:\/\/jornaldasoficinas.com\/pt\/liqui-moly-days-chegaram-a-sofrapa\/","og_locale":"pt_PT","og_type":"article","og_title":"Liqui Moly Days chegaram \u00e0 Sofrapa - Jornal das Oficinas","og_description":"J\u00e1 arrancaram os Liqui Moly Days...","og_url":"https:\/\/jornaldasoficinas.com\/pt\/liqui-moly-days-chegaram-a-sofrapa\/","og_site_name":"Jornal das Oficinas","article_publisher":"https:\/\/www.facebook.com\/jornaloficinas","article_published_time":"2021-09-13T10:00:45+00:00","og_image":[{"width":1024,"height":581,"url":"https:\/\/jornaldasoficinas.com\/pt\/wp-content\/uploads\/2021\/09\/Liqui-Moly-Days-chegaram-a-Sofrapa.jpeg","type":"image\/jpeg"}],"author":"Reda\u00e7\u00e3o JO","twitter_card":"summary_large_image","twitter_creator":"@jornaloficinas","twitter_site":"@jornaloficinas","twitter_misc":{"Escrito por":"Reda\u00e7\u00e3o JO","Tempo estimado de leitura":"2 minutos"},"schema":{"@context":"https:\/\/schema.org","@graph":[{"@type":"Article","@id":"https:\/\/jornaldasoficinas.com\/pt\/liqui-moly-days-chegaram-a-sofrapa\/#article","isPartOf":{"@id":"https:\/\/jornaldasoficinas.com\/pt\/liqui-moly-days-chegaram-a-sofrapa\/"},"author":{"name":"Reda\u00e7\u00e3o JO","@id":"https:\/\/jornaldasoficinas.com\/pt\/#\/schema\/person\/a38eef5de2c41d9e7c9ac10141afddf3"},"headline":"Liqui Moly Days chegaram \u00e0 Sofrapa","datePublished":"2021-09-13T10:00:45+00:00","mainEntityOfPage":{"@id":"https:\/\/jornaldasoficinas.com\/pt\/liqui-moly-days-chegaram-a-sofrapa\/"},"wordCount":393,"publisher":{"@id":"https:\/\/jornaldasoficinas.com\/pt\/#organization"},"image":{"@id":"https:\/\/jornaldasoficinas.com\/pt\/liqui-moly-days-chegaram-a-sofrapa\/#primaryimage"},"thumbnailUrl":"https:\/\/jornaldasoficinas.com\/pt\/wp-content\/uploads\/2021\/09\/Liqui-Moly-Days-chegaram-a-Sofrapa.jpeg","keywords":["LIQUI MOLY"],"articleSection":["Empresas"],"inLanguage":"pt-PT"},{"@type":"WebPage","@id":"https:\/\/jornaldasoficinas.com\/pt\/liqui-moly-days-chegaram-a-sofrapa\/","url":"https:\/\/jornaldasoficinas.com\/pt\/liqui-moly-days-chegaram-a-sofrapa\/","name":"Liqui Moly Days chegaram \u00e0 Sofrapa - Jornal das Oficinas","isPartOf":{"@id":"https:\/\/jornaldasoficinas.com\/pt\/#website"},"primaryImageOfPage":{"@id":"https:\/\/jornaldasoficinas.com\/pt\/liqui-moly-days-chegaram-a-sofrapa\/#primaryimage"},"image":{"@id":"https:\/\/jornaldasoficinas.com\/pt\/liqui-moly-days-chegaram-a-sofrapa\/#primaryimage"},"thumbnailUrl":"https:\/\/jornaldasoficinas.com\/pt\/wp-content\/uploads\/2021\/09\/Liqui-Moly-Days-chegaram-a-Sofrapa.jpeg","datePublished":"2021-09-13T10:00:45+00:00","breadcrumb":{"@id":"https:\/\/jornaldasoficinas.com\/pt\/liqui-moly-days-chegaram-a-sofrapa\/#breadcrumb"},"inLanguage":"pt-PT","potentialAction":[{"@type":"ReadAction","target":["https:\/\/jornaldasoficinas.com\/pt\/liqui-moly-days-chegaram-a-sofrapa\/"]}]},{"@type":"ImageObject","inLanguage":"pt-PT","@id":"https:\/\/jornaldasoficinas.com\/pt\/liqui-moly-days-chegaram-a-sofrapa\/#primaryimage","url":"https:\/\/jornaldasoficinas.com\/pt\/wp-content\/uploads\/2021\/09\/Liqui-Moly-Days-chegaram-a-Sofrapa.jpeg","contentUrl":"https:\/\/jornaldasoficinas.com\/pt\/wp-content\/uploads\/2021\/09\/Liqui-Moly-Days-chegaram-a-Sofrapa.jpeg","width":1024,"height":581,"caption":"09 - Liqui-Moly-Days-chegaram-a-Sofrapa"},{"@type":"BreadcrumbList","@id":"https:\/\/jornaldasoficinas.com\/pt\/liqui-moly-days-chegaram-a-sofrapa\/#breadcrumb","itemListElement":[{"@type":"ListItem","position":1,"name":"In\u00edcio","item":"https:\/\/jornaldasoficinas.com\/pt\/"},{"@type":"ListItem","position":2,"name":"Liqui Moly Days chegaram \u00e0 Sofrapa"}]},{"@type":"WebSite","@id":"https:\/\/jornaldasoficinas.com\/pt\/#website","url":"https:\/\/jornaldasoficinas.com\/pt\/","name":"Jornal das Oficinas","description":"Jornal independente do Aftermarket Autom\u00f3vel em Portugal","publisher":{"@id":"https:\/\/jornaldasoficinas.com\/pt\/#organization"},"potentialAction":[{"@type":"SearchAction","target":{"@type":"EntryPoint","urlTemplate":"https:\/\/jornaldasoficinas.com\/pt\/?s={search_term_string}"},"query-input":{"@type":"PropertyValueSpecification","valueRequired":true,"valueName":"search_term_string"}}],"inLanguage":"pt-PT"},{"@type":"Organization","@id":"https:\/\/jornaldasoficinas.com\/pt\/#organization","name":"Jornal das Oficinas","url":"https:\/\/jornaldasoficinas.com\/pt\/","logo":{"@type":"ImageObject","inLanguage":"pt-PT","@id":"https:\/\/jornaldasoficinas.com\/pt\/#\/schema\/logo\/image\/","url":"https:\/\/jornaldasoficinas.com\/pt\/wp-content\/uploads\/logoJO-SEO.png","contentUrl":"https:\/\/jornaldasoficinas.com\/pt\/wp-content\/uploads\/logoJO-SEO.png","width":285,"height":450,"caption":"Jornal das Oficinas"},"image":{"@id":"https:\/\/jornaldasoficinas.com\/pt\/#\/schema\/logo\/image\/"},"sameAs":["https:\/\/www.facebook.com\/jornaloficinas","https:\/\/x.com\/jornaloficinas","https:\/\/www.instagram.com\/jornal_oficinas\/","https:\/\/www.linkedin.com\/company\/jornal-das-oficinas\/","https:\/\/www.youtube.com\/channel\/UCbQZBqtcvV-oSQrr7RzINGg"]},{"@type":"Person","@id":"https:\/\/jornaldasoficinas.com\/pt\/#\/schema\/person\/a38eef5de2c41d9e7c9ac10141afddf3","name":"Reda\u00e7\u00e3o JO","image":{"@type":"ImageObject","inLanguage":"pt-PT","@id":"https:\/\/secure.gravatar.com\/avatar\/71f2fa71737ad68a84fea94bc708ddac8ea5b0c4788dc2ad202f3ccb2887742f?s=96&d=wp_user_avatar&r=g","url":"https:\/\/secure.gravatar.com\/avatar\/71f2fa71737ad68a84fea94bc708ddac8ea5b0c4788dc2ad202f3ccb2887742f?s=96&d=wp_user_avatar&r=g","contentUrl":"https:\/\/secure.gravatar.com\/avatar\/71f2fa71737ad68a84fea94bc708ddac8ea5b0c4788dc2ad202f3ccb2887742f?s=96&d=wp_user_avatar&r=g","caption":"Reda\u00e7\u00e3o JO"},"url":"https:\/\/jornaldasoficinas.com\/pt\/author\/joredacao\/"}]}},"_links":{"self":[{"href":"https:\/\/jornaldasoficinas.com\/pt\/wp-json\/wp\/v2\/posts\/23624","targetHints":{"allow":["GET"]}}],"collection":[{"href":"https:\/\/jornaldasoficinas.com\/pt\/wp-json\/wp\/v2\/posts"}],"about":[{"href":"https:\/\/jornaldasoficinas.com\/pt\/wp-json\/wp\/v2\/types\/post"}],"author":[{"embeddable":true,"href":"https:\/\/jornaldasoficinas.com\/pt\/wp-json\/wp\/v2\/users\/15"}],"replies":[{"embeddable":true,"href":"https:\/\/jornaldasoficinas.com\/pt\/wp-json\/wp\/v2\/comments?post=23624"}],"version-history":[{"count":0,"href":"https:\/\/jornaldasoficinas.com\/pt\/wp-json\/wp\/v2\/posts\/23624\/revisions"}],"wp:featuredmedia":[{"embeddable":true,"href":"https:\/\/jornaldasoficinas.com\/pt\/wp-json\/wp\/v2\/media\/23625"}],"wp:attachment":[{"href":"https:\/\/jornaldasoficinas.com\/pt\/wp-json\/wp\/v2\/media?parent=23624"}],"wp:term":[{"taxonomy":"category","embeddable":true,"href":"https:\/\/jornaldasoficinas.com\/pt\/wp-json\/wp\/v2\/categories?post=23624"},{"taxonomy":"post_tag","embeddable":true,"href":"https:\/\/jornaldasoficinas.com\/pt\/wp-json\/wp\/v2\/tags?post=23624"}],"curies":[{"name":"wp","href":"https:\/\/api.w.org\/{rel}","templated":true}]}}