{"id":23631,"date":"2021-09-14T14:00:11","date_gmt":"2021-09-14T13:00:11","guid":{"rendered":"https:\/\/jornaldasoficinas.com\/pt\/?p=23631"},"modified":"2021-09-13T18:54:06","modified_gmt":"2021-09-13T17:54:06","slug":"eni-assinala-marco-historico-na-fusao-nuclear","status":"publish","type":"post","link":"https:\/\/jornaldasoficinas.com\/pt\/eni-assinala-marco-historico-na-fusao-nuclear\/","title":{"rendered":"Eni assinala marco hist\u00f3rico na fus\u00e3o nuclear"},"content":{"rendered":"<p><strong><img loading=\"lazy\" decoding=\"async\" class=\"alignnone size-full wp-image-23602\" src=\"https:\/\/jornaldasoficinas.com\/pt\/wp-content\/uploads\/2021\/09\/Eni-assinala-marco.jpg\" alt=\"09 - Eni-assinala-marco\" width=\"1024\" height=\"581\" srcset=\"https:\/\/jornaldasoficinas.com\/pt\/wp-content\/uploads\/2021\/09\/Eni-assinala-marco.jpg 1024w, https:\/\/jornaldasoficinas.com\/pt\/wp-content\/uploads\/2021\/09\/Eni-assinala-marco-300x170.jpg 300w, https:\/\/jornaldasoficinas.com\/pt\/wp-content\/uploads\/2021\/09\/Eni-assinala-marco-150x85.jpg 150w, https:\/\/jornaldasoficinas.com\/pt\/wp-content\/uploads\/2021\/09\/Eni-assinala-marco-768x436.jpg 768w\" sizes=\"auto, (max-width: 1024px) 100vw, 1024px\" \/><\/strong><\/p>\n<p><strong>Foi um sucesso o primeiro teste do super \u00edman da Eni, necess\u00e1rio para controlar a fus\u00e3o nuclear. Foi a pr\u00f3pria Eni a anunciar, a qual participa neste ambicioso projeto atrav\u00e9s da Commonwealth Fusion Systems (CFS, empresa na qual os Italianos s\u00e3o os acionistas maiorit\u00e1rios), junto com o prestigiado Massachusetts Institutte of Tecnology (MIT) de Boston<\/strong><\/p>\n<p>O teste ocorreu em 5 de setembro, mas foi validado pelos dados recolhidos ontem (7 de setembro) e confirmaram o desempenho do super \u00edman que dever\u00e1 conter a fus\u00e3o nos reatores e controlar o &#8220;plasma&#8221; do deut\u00e9rio e do tr\u00edtio. O CFS planeia construir o primeiro reator experimental at\u00e9 2025 e produzir energia para a rede j\u00e1 na pr\u00f3xima d\u00e9cada.<\/p>\n<p>Confirmou-se assim o \u00eaxito de tr\u00eas anos de trabalho na investiga\u00e7\u00e3o e desenvolvimento: pela primeira vez, um grande eletro\u00edman supercondutor de alta temperatura foi elevado a uma intensidade de campo de 20 tesla, o campo magn\u00e9tico mais poderoso deste tipo j\u00e1 criado na Terra. O teste ajuda a resolver a maior incerteza na pesquisa necess\u00e1ria para construir a primeira central el\u00e9trica de fus\u00e3o nuclear no mundo.<\/p>\n<p>Num momento hist\u00f3rico em que existe press\u00e3o na pesquisa por eletricidade de baixo custo e sem emiss\u00f5es nocivas, depois de o Ministro Italiano para a Transi\u00e7\u00e3o Ecol\u00f3gica, Roberto Cingolani, durante o F\u00f3rum de Cernobbio, voltou a falar em energia nuclear de nova gera\u00e7\u00e3o, este resultado abre caminho para a cria\u00e7\u00e3o de centrais el\u00e9tricas de baixo custo e sem emiss\u00f5es de carbono que poderiam dar uma contribui\u00e7\u00e3o importante para limitar os efeitos das altera\u00e7\u00f5es clim\u00e1ticas.<\/p>\n<p>\u201cSe em determinado momento descobrir que os quilos de lixo radioativo s\u00e3o muito poucos, a seguran\u00e7a alta e o custo baixo, seria tolice n\u00e3o considerar esta tecnologia&#8221;, disse o Ministro, embora aludindo aos mini reatores de quarta gera\u00e7\u00e3o, ciente que a fus\u00e3o nuclear ainda \u00e9 um projeto. Todavia, \u201ca fus\u00e3o \u00e9 a mais recente fonte de energia limpa\u201d, afirmou Maria Zuber, vice-presidente para a investiga\u00e7\u00e3o do MIT, \u201co combust\u00edvel utilizado para criar a energia de fus\u00e3o provem da \u00e1gua, que na Terra \u00e9 um recurso quase ilimitado. Precisamos entender como o utilizar\u201d.<\/p>\n<p>Com a demonstra\u00e7\u00e3o destes dias, a colabora\u00e7\u00e3o MIT-CFS est\u00e1 no caminho certo para construir o primeiro dispositivo de demonstra\u00e7\u00e3o de fus\u00e3o do mundo, chamado Sparc, que deve ser conclu\u00eddo em quatro anos. Dennis Whyte, diretor do Plasma Science and Fusion Center do MIT, que est\u00e1 a trabalhar com a CFS para desenvolver este reator, disse: \u201cOs desafios de se conseguir a fus\u00e3o s\u00e3o t\u00e9cnicos e cient\u00edficos, mas assim que a tecnologia for demonstrada, ser\u00e1 uma nova e inesgot\u00e1vel fonte de energia.\u201d Whyte, que tamb\u00e9m \u00e9 o diretor de engenharia da Hitachi Am\u00e9rica, afirma que a demonstra\u00e7\u00e3o desta semana representa um marco importante, abordando as principais quest\u00f5es levantadas sobre a viabilidade do projeto.<\/p>\n<p>Para entender a diferen\u00e7a com a fiss\u00e3o nuclear, banida da It\u00e1lia ap\u00f3s o desastre de Chernobyl, devemos lembrar que estamos a falar sobre a replica\u00e7\u00e3o do processo que alimenta o Sol de forma controlada. A fus\u00e3o de dois \u00e1tomos para fazer um maior, libertando grandes quantidades de energia.<\/p>\n<p>Mas o processo requer temperaturas muito al\u00e9m do que qualquer material s\u00f3lido poderia suportar. Para captar a fonte de energia do Sol aqui na Terra, \u00e9 preciso uma forma de capturar e conter algo t\u00e3o quente (cem milh\u00f5es de graus e mais), suspendendo-o no limite que o impede de entrar em contacto com qualquer coisa s\u00f3lida, fundido instantaneamente.<\/p>\n<p>\u00c9 poss\u00edvel fazer isso usando campos magn\u00e9ticos intensos que formam uma esp\u00e9cie de &#8220;garrafa invis\u00edvel&#8221; para conter o plasma de prot\u00f5es e eletr\u00f5es.<\/p>\n<p>Como essas part\u00edculas t\u00eam carga el\u00e9trica, s\u00e3o fortemente influenciadas por campos magn\u00e9ticos e a configura\u00e7\u00e3o mais usada para cont\u00ea-las \u00e9 um dispositivo em forma de donut chamado Tokamak. Eletro\u00edmans de cobre convencionais sempre foram usados \u200b\u200bpara criar campos magn\u00e9ticos, mas a vers\u00e3o mais recente e melhor deles, em constru\u00e7\u00e3o na Fran\u00e7a e chamada Iter, usa os chamados supercondutores de baixa temperatura.<\/p>\n<p>No projeto de fus\u00e3o MIT-CFS, a inova\u00e7\u00e3o est\u00e1 no uso de supercondutores de alta temperatura, que permitem um campo magn\u00e9tico muito mais forte num espa\u00e7o reduzido em 40 vezes em compara\u00e7\u00e3o ao que seria necess\u00e1rio com tecnologias mais antigas.<\/p>\n<p>\u201cEste \u00e9 um grande momento\u201d, disse Bob Mumgaard, CEO da CFS. \u201cTemos uma plataforma que \u00e9 tanto cientificamente muito avan\u00e7ada, gra\u00e7as a d\u00e9cadas de pesquisa nestes equipamentos, quanto comercialmente interessante. O que ela faz \u00e9 permitir-nos construir dispositivos mais r\u00e1pidos, menores e a um custo mais baixo.<\/p>\n<p>Trazer esse novo conceito de \u00edman para a realidade levou tr\u00eas anos de intenso trabalho de projeto, constru\u00e7\u00e3o de cadeias de suprimentos e desenvolvimento de m\u00e9todos de fabrica\u00e7\u00e3o para \u00edmans que podem, eventualmente, ser produzidos aos milhares. Constru\u00edmos um \u00edman supercondutor \u00fanico no seu g\u00e9nero.<\/p>\n<p>Agora estamos bem preparados para iniciar a produ\u00e7\u00e3o do Sparc.&#8221; O pr\u00f3ximo passo para a realiza\u00e7\u00e3o da fus\u00e3o nuclear ser\u00e1 a constru\u00e7\u00e3o de um modelo em escala reduzida da central planeada e, se bem-sucedida, demonstrar\u00e1 que uma central el\u00e9trica de fus\u00e3o nuclear \u00e9 poss\u00edvel, abrindo caminho para a sua constru\u00e7\u00e3o com a certeza de ter toda a energia dispon\u00edvel que a humanidade precisa para manter o planeta habit\u00e1vel.<\/p>\n<p>Por fim, o CEO da Eni, Claudio Descalzi, comentou: &#8220;O desenvolvimento de tecnologias inovadoras \u00e9 um dos pilares em que se baseia a estrat\u00e9gia da Eni, voltada para a redu\u00e7\u00e3o total das emiss\u00f5es de processos e produtos industriais, bem como a chave para uma transi\u00e7\u00e3o energ\u00e9tica justa e bem-sucedida . O extraordin\u00e1rio resultado obtido durante o teste demonstra mais uma vez a import\u00e2ncia estrat\u00e9gica das nossas parcerias de investiga\u00e7\u00e3o no setor da energia e consolida o nosso contributo para o desenvolvimento de tecnologias inovadoras\u201d.<\/p>\n<p>Uma not\u00edcia que chega ap\u00f3s a abertura feita pelo Ministro para a Transi\u00e7\u00e3o Ecol\u00f3gica, Cingolani, que disse estar pronto para estudar o benef\u00edcio de projetos relacionados \u00e0 energia nuclear de quarta gera\u00e7\u00e3o, como est\u00e1 a acontecer em outros pa\u00edses, na Europa e n\u00e3o s\u00f3. Frases que t\u00eam suscitado profunda pol\u00e9mica, principalmente entre aqueles totalmente contr\u00e1rios a qualquer hip\u00f3tese de utiliza\u00e7\u00e3o deste tipo de tecnologia.<\/p>\n","protected":false},"excerpt":{"rendered":"<p>Foi um sucesso o primeiro teste&#8230;<\/p>\n","protected":false},"author":15,"featured_media":23602,"comment_status":"closed","ping_status":"closed","sticky":false,"template":"","format":"standard","meta":{"footnotes":""},"categories":[29],"tags":[70],"class_list":["post-23631","post","type-post","status-publish","format-standard","has-post-thumbnail","hentry","category-empresas","tag-eni"],"yoast_head":"<!-- This site is optimized with the Yoast SEO plugin v27.4 - https:\/\/yoast.com\/product\/yoast-seo-wordpress\/ -->\n<title>Eni assinala marco hist\u00f3rico na fus\u00e3o nuclear - Jornal das Oficinas<\/title>\n<meta name=\"robots\" content=\"index, follow, max-snippet:-1, max-image-preview:large, max-video-preview:-1\" \/>\n<link rel=\"canonical\" href=\"https:\/\/jornaldasoficinas.com\/pt\/eni-assinala-marco-historico-na-fusao-nuclear\/\" \/>\n<meta property=\"og:locale\" content=\"pt_PT\" \/>\n<meta property=\"og:type\" content=\"article\" \/>\n<meta property=\"og:title\" content=\"Eni assinala marco hist\u00f3rico na fus\u00e3o nuclear - Jornal das Oficinas\" \/>\n<meta property=\"og:description\" content=\"Foi um sucesso o primeiro teste...\" \/>\n<meta property=\"og:url\" content=\"https:\/\/jornaldasoficinas.com\/pt\/eni-assinala-marco-historico-na-fusao-nuclear\/\" \/>\n<meta property=\"og:site_name\" content=\"Jornal das Oficinas\" \/>\n<meta property=\"article:publisher\" content=\"https:\/\/www.facebook.com\/jornaloficinas\" \/>\n<meta property=\"article:published_time\" content=\"2021-09-14T13:00:11+00:00\" \/>\n<meta property=\"og:image\" content=\"https:\/\/jornaldasoficinas.com\/pt\/wp-content\/uploads\/2021\/09\/Eni-assinala-marco.jpg\" \/>\n\t<meta property=\"og:image:width\" content=\"1024\" \/>\n\t<meta property=\"og:image:height\" content=\"581\" \/>\n\t<meta property=\"og:image:type\" content=\"image\/jpeg\" \/>\n<meta name=\"author\" content=\"Reda\u00e7\u00e3o JO\" \/>\n<meta name=\"twitter:card\" content=\"summary_large_image\" \/>\n<meta name=\"twitter:creator\" content=\"@jornaloficinas\" \/>\n<meta name=\"twitter:site\" content=\"@jornaloficinas\" \/>\n<meta name=\"twitter:label1\" content=\"Escrito por\" \/>\n\t<meta name=\"twitter:data1\" content=\"Reda\u00e7\u00e3o JO\" \/>\n\t<meta name=\"twitter:label2\" content=\"Tempo estimado de leitura\" \/>\n\t<meta name=\"twitter:data2\" content=\"6 minutos\" \/>\n<script type=\"application\/ld+json\" class=\"yoast-schema-graph\">{\"@context\":\"https:\\\/\\\/schema.org\",\"@graph\":[{\"@type\":\"Article\",\"@id\":\"https:\\\/\\\/jornaldasoficinas.com\\\/pt\\\/eni-assinala-marco-historico-na-fusao-nuclear\\\/#article\",\"isPartOf\":{\"@id\":\"https:\\\/\\\/jornaldasoficinas.com\\\/pt\\\/eni-assinala-marco-historico-na-fusao-nuclear\\\/\"},\"author\":{\"name\":\"Reda\u00e7\u00e3o JO\",\"@id\":\"https:\\\/\\\/jornaldasoficinas.com\\\/pt\\\/#\\\/schema\\\/person\\\/a38eef5de2c41d9e7c9ac10141afddf3\"},\"headline\":\"Eni assinala marco hist\u00f3rico na fus\u00e3o nuclear\",\"datePublished\":\"2021-09-14T13:00:11+00:00\",\"mainEntityOfPage\":{\"@id\":\"https:\\\/\\\/jornaldasoficinas.com\\\/pt\\\/eni-assinala-marco-historico-na-fusao-nuclear\\\/\"},\"wordCount\":1118,\"publisher\":{\"@id\":\"https:\\\/\\\/jornaldasoficinas.com\\\/pt\\\/#organization\"},\"image\":{\"@id\":\"https:\\\/\\\/jornaldasoficinas.com\\\/pt\\\/eni-assinala-marco-historico-na-fusao-nuclear\\\/#primaryimage\"},\"thumbnailUrl\":\"https:\\\/\\\/jornaldasoficinas.com\\\/pt\\\/wp-content\\\/uploads\\\/2021\\\/09\\\/Eni-assinala-marco.jpg\",\"keywords\":[\"Eni\"],\"articleSection\":[\"Empresas\"],\"inLanguage\":\"pt-PT\"},{\"@type\":\"WebPage\",\"@id\":\"https:\\\/\\\/jornaldasoficinas.com\\\/pt\\\/eni-assinala-marco-historico-na-fusao-nuclear\\\/\",\"url\":\"https:\\\/\\\/jornaldasoficinas.com\\\/pt\\\/eni-assinala-marco-historico-na-fusao-nuclear\\\/\",\"name\":\"Eni assinala marco hist\u00f3rico na fus\u00e3o nuclear - Jornal das Oficinas\",\"isPartOf\":{\"@id\":\"https:\\\/\\\/jornaldasoficinas.com\\\/pt\\\/#website\"},\"primaryImageOfPage\":{\"@id\":\"https:\\\/\\\/jornaldasoficinas.com\\\/pt\\\/eni-assinala-marco-historico-na-fusao-nuclear\\\/#primaryimage\"},\"image\":{\"@id\":\"https:\\\/\\\/jornaldasoficinas.com\\\/pt\\\/eni-assinala-marco-historico-na-fusao-nuclear\\\/#primaryimage\"},\"thumbnailUrl\":\"https:\\\/\\\/jornaldasoficinas.com\\\/pt\\\/wp-content\\\/uploads\\\/2021\\\/09\\\/Eni-assinala-marco.jpg\",\"datePublished\":\"2021-09-14T13:00:11+00:00\",\"breadcrumb\":{\"@id\":\"https:\\\/\\\/jornaldasoficinas.com\\\/pt\\\/eni-assinala-marco-historico-na-fusao-nuclear\\\/#breadcrumb\"},\"inLanguage\":\"pt-PT\",\"potentialAction\":[{\"@type\":\"ReadAction\",\"target\":[\"https:\\\/\\\/jornaldasoficinas.com\\\/pt\\\/eni-assinala-marco-historico-na-fusao-nuclear\\\/\"]}]},{\"@type\":\"ImageObject\",\"inLanguage\":\"pt-PT\",\"@id\":\"https:\\\/\\\/jornaldasoficinas.com\\\/pt\\\/eni-assinala-marco-historico-na-fusao-nuclear\\\/#primaryimage\",\"url\":\"https:\\\/\\\/jornaldasoficinas.com\\\/pt\\\/wp-content\\\/uploads\\\/2021\\\/09\\\/Eni-assinala-marco.jpg\",\"contentUrl\":\"https:\\\/\\\/jornaldasoficinas.com\\\/pt\\\/wp-content\\\/uploads\\\/2021\\\/09\\\/Eni-assinala-marco.jpg\",\"width\":1024,\"height\":581,\"caption\":\"09 - Eni-assinala-marco\"},{\"@type\":\"BreadcrumbList\",\"@id\":\"https:\\\/\\\/jornaldasoficinas.com\\\/pt\\\/eni-assinala-marco-historico-na-fusao-nuclear\\\/#breadcrumb\",\"itemListElement\":[{\"@type\":\"ListItem\",\"position\":1,\"name\":\"In\u00edcio\",\"item\":\"https:\\\/\\\/jornaldasoficinas.com\\\/pt\\\/\"},{\"@type\":\"ListItem\",\"position\":2,\"name\":\"Eni assinala marco hist\u00f3rico na fus\u00e3o nuclear\"}]},{\"@type\":\"WebSite\",\"@id\":\"https:\\\/\\\/jornaldasoficinas.com\\\/pt\\\/#website\",\"url\":\"https:\\\/\\\/jornaldasoficinas.com\\\/pt\\\/\",\"name\":\"Jornal das Oficinas\",\"description\":\"Jornal independente do Aftermarket Autom\u00f3vel em Portugal\",\"publisher\":{\"@id\":\"https:\\\/\\\/jornaldasoficinas.com\\\/pt\\\/#organization\"},\"potentialAction\":[{\"@type\":\"SearchAction\",\"target\":{\"@type\":\"EntryPoint\",\"urlTemplate\":\"https:\\\/\\\/jornaldasoficinas.com\\\/pt\\\/?s={search_term_string}\"},\"query-input\":{\"@type\":\"PropertyValueSpecification\",\"valueRequired\":true,\"valueName\":\"search_term_string\"}}],\"inLanguage\":\"pt-PT\"},{\"@type\":\"Organization\",\"@id\":\"https:\\\/\\\/jornaldasoficinas.com\\\/pt\\\/#organization\",\"name\":\"Jornal das Oficinas\",\"url\":\"https:\\\/\\\/jornaldasoficinas.com\\\/pt\\\/\",\"logo\":{\"@type\":\"ImageObject\",\"inLanguage\":\"pt-PT\",\"@id\":\"https:\\\/\\\/jornaldasoficinas.com\\\/pt\\\/#\\\/schema\\\/logo\\\/image\\\/\",\"url\":\"https:\\\/\\\/jornaldasoficinas.com\\\/pt\\\/wp-content\\\/uploads\\\/logoJO-SEO.png\",\"contentUrl\":\"https:\\\/\\\/jornaldasoficinas.com\\\/pt\\\/wp-content\\\/uploads\\\/logoJO-SEO.png\",\"width\":285,\"height\":450,\"caption\":\"Jornal das Oficinas\"},\"image\":{\"@id\":\"https:\\\/\\\/jornaldasoficinas.com\\\/pt\\\/#\\\/schema\\\/logo\\\/image\\\/\"},\"sameAs\":[\"https:\\\/\\\/www.facebook.com\\\/jornaloficinas\",\"https:\\\/\\\/x.com\\\/jornaloficinas\",\"https:\\\/\\\/www.instagram.com\\\/jornal_oficinas\\\/\",\"https:\\\/\\\/www.linkedin.com\\\/company\\\/jornal-das-oficinas\\\/\",\"https:\\\/\\\/www.youtube.com\\\/channel\\\/UCbQZBqtcvV-oSQrr7RzINGg\"]},{\"@type\":\"Person\",\"@id\":\"https:\\\/\\\/jornaldasoficinas.com\\\/pt\\\/#\\\/schema\\\/person\\\/a38eef5de2c41d9e7c9ac10141afddf3\",\"name\":\"Reda\u00e7\u00e3o JO\",\"image\":{\"@type\":\"ImageObject\",\"inLanguage\":\"pt-PT\",\"@id\":\"https:\\\/\\\/secure.gravatar.com\\\/avatar\\\/71f2fa71737ad68a84fea94bc708ddac8ea5b0c4788dc2ad202f3ccb2887742f?s=96&d=wp_user_avatar&r=g\",\"url\":\"https:\\\/\\\/secure.gravatar.com\\\/avatar\\\/71f2fa71737ad68a84fea94bc708ddac8ea5b0c4788dc2ad202f3ccb2887742f?s=96&d=wp_user_avatar&r=g\",\"contentUrl\":\"https:\\\/\\\/secure.gravatar.com\\\/avatar\\\/71f2fa71737ad68a84fea94bc708ddac8ea5b0c4788dc2ad202f3ccb2887742f?s=96&d=wp_user_avatar&r=g\",\"caption\":\"Reda\u00e7\u00e3o JO\"},\"url\":\"https:\\\/\\\/jornaldasoficinas.com\\\/pt\\\/author\\\/joredacao\\\/\"}]}<\/script>\n<!-- \/ Yoast SEO plugin. -->","yoast_head_json":{"title":"Eni assinala marco hist\u00f3rico na fus\u00e3o nuclear - Jornal das Oficinas","robots":{"index":"index","follow":"follow","max-snippet":"max-snippet:-1","max-image-preview":"max-image-preview:large","max-video-preview":"max-video-preview:-1"},"canonical":"https:\/\/jornaldasoficinas.com\/pt\/eni-assinala-marco-historico-na-fusao-nuclear\/","og_locale":"pt_PT","og_type":"article","og_title":"Eni assinala marco hist\u00f3rico na fus\u00e3o nuclear - Jornal das Oficinas","og_description":"Foi um sucesso o primeiro teste...","og_url":"https:\/\/jornaldasoficinas.com\/pt\/eni-assinala-marco-historico-na-fusao-nuclear\/","og_site_name":"Jornal das Oficinas","article_publisher":"https:\/\/www.facebook.com\/jornaloficinas","article_published_time":"2021-09-14T13:00:11+00:00","og_image":[{"width":1024,"height":581,"url":"https:\/\/jornaldasoficinas.com\/pt\/wp-content\/uploads\/2021\/09\/Eni-assinala-marco.jpg","type":"image\/jpeg"}],"author":"Reda\u00e7\u00e3o JO","twitter_card":"summary_large_image","twitter_creator":"@jornaloficinas","twitter_site":"@jornaloficinas","twitter_misc":{"Escrito por":"Reda\u00e7\u00e3o JO","Tempo estimado de leitura":"6 minutos"},"schema":{"@context":"https:\/\/schema.org","@graph":[{"@type":"Article","@id":"https:\/\/jornaldasoficinas.com\/pt\/eni-assinala-marco-historico-na-fusao-nuclear\/#article","isPartOf":{"@id":"https:\/\/jornaldasoficinas.com\/pt\/eni-assinala-marco-historico-na-fusao-nuclear\/"},"author":{"name":"Reda\u00e7\u00e3o JO","@id":"https:\/\/jornaldasoficinas.com\/pt\/#\/schema\/person\/a38eef5de2c41d9e7c9ac10141afddf3"},"headline":"Eni assinala marco hist\u00f3rico na fus\u00e3o nuclear","datePublished":"2021-09-14T13:00:11+00:00","mainEntityOfPage":{"@id":"https:\/\/jornaldasoficinas.com\/pt\/eni-assinala-marco-historico-na-fusao-nuclear\/"},"wordCount":1118,"publisher":{"@id":"https:\/\/jornaldasoficinas.com\/pt\/#organization"},"image":{"@id":"https:\/\/jornaldasoficinas.com\/pt\/eni-assinala-marco-historico-na-fusao-nuclear\/#primaryimage"},"thumbnailUrl":"https:\/\/jornaldasoficinas.com\/pt\/wp-content\/uploads\/2021\/09\/Eni-assinala-marco.jpg","keywords":["Eni"],"articleSection":["Empresas"],"inLanguage":"pt-PT"},{"@type":"WebPage","@id":"https:\/\/jornaldasoficinas.com\/pt\/eni-assinala-marco-historico-na-fusao-nuclear\/","url":"https:\/\/jornaldasoficinas.com\/pt\/eni-assinala-marco-historico-na-fusao-nuclear\/","name":"Eni assinala marco hist\u00f3rico na fus\u00e3o nuclear - Jornal das Oficinas","isPartOf":{"@id":"https:\/\/jornaldasoficinas.com\/pt\/#website"},"primaryImageOfPage":{"@id":"https:\/\/jornaldasoficinas.com\/pt\/eni-assinala-marco-historico-na-fusao-nuclear\/#primaryimage"},"image":{"@id":"https:\/\/jornaldasoficinas.com\/pt\/eni-assinala-marco-historico-na-fusao-nuclear\/#primaryimage"},"thumbnailUrl":"https:\/\/jornaldasoficinas.com\/pt\/wp-content\/uploads\/2021\/09\/Eni-assinala-marco.jpg","datePublished":"2021-09-14T13:00:11+00:00","breadcrumb":{"@id":"https:\/\/jornaldasoficinas.com\/pt\/eni-assinala-marco-historico-na-fusao-nuclear\/#breadcrumb"},"inLanguage":"pt-PT","potentialAction":[{"@type":"ReadAction","target":["https:\/\/jornaldasoficinas.com\/pt\/eni-assinala-marco-historico-na-fusao-nuclear\/"]}]},{"@type":"ImageObject","inLanguage":"pt-PT","@id":"https:\/\/jornaldasoficinas.com\/pt\/eni-assinala-marco-historico-na-fusao-nuclear\/#primaryimage","url":"https:\/\/jornaldasoficinas.com\/pt\/wp-content\/uploads\/2021\/09\/Eni-assinala-marco.jpg","contentUrl":"https:\/\/jornaldasoficinas.com\/pt\/wp-content\/uploads\/2021\/09\/Eni-assinala-marco.jpg","width":1024,"height":581,"caption":"09 - Eni-assinala-marco"},{"@type":"BreadcrumbList","@id":"https:\/\/jornaldasoficinas.com\/pt\/eni-assinala-marco-historico-na-fusao-nuclear\/#breadcrumb","itemListElement":[{"@type":"ListItem","position":1,"name":"In\u00edcio","item":"https:\/\/jornaldasoficinas.com\/pt\/"},{"@type":"ListItem","position":2,"name":"Eni assinala marco hist\u00f3rico na fus\u00e3o nuclear"}]},{"@type":"WebSite","@id":"https:\/\/jornaldasoficinas.com\/pt\/#website","url":"https:\/\/jornaldasoficinas.com\/pt\/","name":"Jornal das Oficinas","description":"Jornal independente do Aftermarket Autom\u00f3vel em Portugal","publisher":{"@id":"https:\/\/jornaldasoficinas.com\/pt\/#organization"},"potentialAction":[{"@type":"SearchAction","target":{"@type":"EntryPoint","urlTemplate":"https:\/\/jornaldasoficinas.com\/pt\/?s={search_term_string}"},"query-input":{"@type":"PropertyValueSpecification","valueRequired":true,"valueName":"search_term_string"}}],"inLanguage":"pt-PT"},{"@type":"Organization","@id":"https:\/\/jornaldasoficinas.com\/pt\/#organization","name":"Jornal das Oficinas","url":"https:\/\/jornaldasoficinas.com\/pt\/","logo":{"@type":"ImageObject","inLanguage":"pt-PT","@id":"https:\/\/jornaldasoficinas.com\/pt\/#\/schema\/logo\/image\/","url":"https:\/\/jornaldasoficinas.com\/pt\/wp-content\/uploads\/logoJO-SEO.png","contentUrl":"https:\/\/jornaldasoficinas.com\/pt\/wp-content\/uploads\/logoJO-SEO.png","width":285,"height":450,"caption":"Jornal das Oficinas"},"image":{"@id":"https:\/\/jornaldasoficinas.com\/pt\/#\/schema\/logo\/image\/"},"sameAs":["https:\/\/www.facebook.com\/jornaloficinas","https:\/\/x.com\/jornaloficinas","https:\/\/www.instagram.com\/jornal_oficinas\/","https:\/\/www.linkedin.com\/company\/jornal-das-oficinas\/","https:\/\/www.youtube.com\/channel\/UCbQZBqtcvV-oSQrr7RzINGg"]},{"@type":"Person","@id":"https:\/\/jornaldasoficinas.com\/pt\/#\/schema\/person\/a38eef5de2c41d9e7c9ac10141afddf3","name":"Reda\u00e7\u00e3o JO","image":{"@type":"ImageObject","inLanguage":"pt-PT","@id":"https:\/\/secure.gravatar.com\/avatar\/71f2fa71737ad68a84fea94bc708ddac8ea5b0c4788dc2ad202f3ccb2887742f?s=96&d=wp_user_avatar&r=g","url":"https:\/\/secure.gravatar.com\/avatar\/71f2fa71737ad68a84fea94bc708ddac8ea5b0c4788dc2ad202f3ccb2887742f?s=96&d=wp_user_avatar&r=g","contentUrl":"https:\/\/secure.gravatar.com\/avatar\/71f2fa71737ad68a84fea94bc708ddac8ea5b0c4788dc2ad202f3ccb2887742f?s=96&d=wp_user_avatar&r=g","caption":"Reda\u00e7\u00e3o JO"},"url":"https:\/\/jornaldasoficinas.com\/pt\/author\/joredacao\/"}]}},"_links":{"self":[{"href":"https:\/\/jornaldasoficinas.com\/pt\/wp-json\/wp\/v2\/posts\/23631","targetHints":{"allow":["GET"]}}],"collection":[{"href":"https:\/\/jornaldasoficinas.com\/pt\/wp-json\/wp\/v2\/posts"}],"about":[{"href":"https:\/\/jornaldasoficinas.com\/pt\/wp-json\/wp\/v2\/types\/post"}],"author":[{"embeddable":true,"href":"https:\/\/jornaldasoficinas.com\/pt\/wp-json\/wp\/v2\/users\/15"}],"replies":[{"embeddable":true,"href":"https:\/\/jornaldasoficinas.com\/pt\/wp-json\/wp\/v2\/comments?post=23631"}],"version-history":[{"count":0,"href":"https:\/\/jornaldasoficinas.com\/pt\/wp-json\/wp\/v2\/posts\/23631\/revisions"}],"wp:featuredmedia":[{"embeddable":true,"href":"https:\/\/jornaldasoficinas.com\/pt\/wp-json\/wp\/v2\/media\/23602"}],"wp:attachment":[{"href":"https:\/\/jornaldasoficinas.com\/pt\/wp-json\/wp\/v2\/media?parent=23631"}],"wp:term":[{"taxonomy":"category","embeddable":true,"href":"https:\/\/jornaldasoficinas.com\/pt\/wp-json\/wp\/v2\/categories?post=23631"},{"taxonomy":"post_tag","embeddable":true,"href":"https:\/\/jornaldasoficinas.com\/pt\/wp-json\/wp\/v2\/tags?post=23631"}],"curies":[{"name":"wp","href":"https:\/\/api.w.org\/{rel}","templated":true}]}}