{"id":23649,"date":"2021-09-15T12:00:50","date_gmt":"2021-09-15T11:00:50","guid":{"rendered":"https:\/\/jornaldasoficinas.com\/pt\/?p=23649"},"modified":"2021-09-14T17:45:18","modified_gmt":"2021-09-14T16:45:18","slug":"zf-aftermarket-antecipa-mobilidade-da-proxima-geracao","status":"publish","type":"post","link":"https:\/\/jornaldasoficinas.com\/pt\/zf-aftermarket-antecipa-mobilidade-da-proxima-geracao\/","title":{"rendered":"ZF Aftermarket antecipa Mobilidade da Pr\u00f3xima Gera\u00e7\u00e3o"},"content":{"rendered":"<p><img loading=\"lazy\" decoding=\"async\" class=\"size-full wp-image-23653\" src=\"https:\/\/jornaldasoficinas.com\/pt\/wp-content\/uploads\/2021\/09\/ZF-Aftermarket-antecipa-Mobilidade1.jpg\" alt=\"09 - ZF-Aftermarket-antecipa-Mobilidade1\" width=\"1024\" height=\"581\" srcset=\"https:\/\/jornaldasoficinas.com\/pt\/wp-content\/uploads\/2021\/09\/ZF-Aftermarket-antecipa-Mobilidade1.jpg 1024w, https:\/\/jornaldasoficinas.com\/pt\/wp-content\/uploads\/2021\/09\/ZF-Aftermarket-antecipa-Mobilidade1-300x170.jpg 300w, https:\/\/jornaldasoficinas.com\/pt\/wp-content\/uploads\/2021\/09\/ZF-Aftermarket-antecipa-Mobilidade1-150x85.jpg 150w, https:\/\/jornaldasoficinas.com\/pt\/wp-content\/uploads\/2021\/09\/ZF-Aftermarket-antecipa-Mobilidade1-768x436.jpg 768w\" sizes=\"auto, (max-width: 1024px) 100vw, 1024px\" \/><\/p>\n<p><strong>A ZF Aftermarket realizou uma confer\u00eancia de imprensa no \u00e2mbito do sal\u00e3o Automechanika de Frankfurt, onde antecipou os desafios do sector e apresentou a sua oferta para o Mercado de P\u00f3s-Venda da Pr\u00f3xima Gera\u00e7\u00e3o<\/strong><\/p>\n<p>Toda a ind\u00fastria autom\u00f3vel est\u00e1 a passar por uma transforma\u00e7\u00e3o para uma economia baseada em dados, na qual as solu\u00e7\u00f5es digitais est\u00e3o a tornar-se t\u00e3o importantes quanto a tecnologia cl\u00e1ssica dos ve\u00edculos. A ZF produz solu\u00e7\u00f5es hol\u00edsticas de sistemas que permitem que os ve\u00edculos vejam, pensem e ajam, com o intuito de moldar a Mobilidade da Pr\u00f3xima Gera\u00e7\u00e3o.<\/p>\n<p>Os especialistas agrupam as cinco tecnologias principais que moldar\u00e3o o futuro mercado da mobilidade sob a sigla &#8216;CASES&#8217;: Conectado, Aut\u00f3nomo, Partilhado (Shared), El\u00e9trico e Sustent\u00e1vel. Philippe Colpron, Diretor da Divis\u00e3o do Mercado de P\u00f3s-Venda da ZF, explica: &#8220;Estas tecnologias t\u00eam o poder de revolucionar toda a nossa ind\u00fastria porque oferecem uma alternativa convincente ao cen\u00e1rio atual centrado no ve\u00edculo &#8211; e ao mesmo tempo conservam recursos e reduzem as emiss\u00f5es.&#8221; Esta Mobilidade da Pr\u00f3xima Gera\u00e7\u00e3o j\u00e1 \u00e9 uma realidade, em parte gra\u00e7as aos produtos e solu\u00e7\u00f5es da ZF.<\/p>\n<p><strong>Condu\u00e7\u00e3o Aut\u00f3noma \u2013 O futuro j\u00e1 come\u00e7ou ZF<br \/>\n<\/strong>Os Sistemas Aut\u00f3nomos de Transporte (ATS) da ZF s\u00e3o usados desde 1997 &#8211; os chamados &#8220;people movers&#8221; transportaram mais de 14 milh\u00f5es de passageiros at\u00e9 \u00e0 data. Devido aos seus equipamentos abrangentes que incluem sensores, sistemas de assist\u00eancia ao motorista e linhas de tra\u00e7\u00e3o el\u00e9trica, juntamente com capacidades permanentes de rede pass\u00edveis de operar com o fabricante e a infraestrutura, estes ve\u00edculos podem servir como modelo para todos os futuros ve\u00edculos ligeiros de passageiros, ve\u00edculos comercias ligeiros e ve\u00edculos comerciais pesados.<\/p>\n<p>A complexidade destes ve\u00edculos significa que os seus operadores j\u00e1 n\u00e3o podem simplesmente contar com o apoio cl\u00e1ssico de manuten\u00e7\u00e3o e repara\u00e7\u00e3o das oficinas; tamb\u00e9m necessitam de um apoio digital abrangente durante a sua vida \u00fatil. Entre muitas outras coisas, isso inclui servi\u00e7os como controlo inteligente da frota, manuten\u00e7\u00e3o preditiva e atualiza\u00e7\u00f5es remotas. Desta forma, as oficinas do passado est\u00e3o a evoluir para um &#8220;Mercado de P\u00f3s-Venda da Pr\u00f3xima Gera\u00e7\u00e3o.&#8221; Esta nova rotina \u00e9 caracterizada por ve\u00edculos cada vez mais complexos, empresas de frotas profissionalmente organizadas em vez de muitos clientes privados individuais, e novos concorrentes, como os operadores de com\u00e9rcio eletr\u00f3nico.<\/p>\n<p><strong>\u00a0<\/strong><strong>Mobilidade como Servi\u00e7o: manuten\u00e7\u00e3o preventiva e preditiva alimentada pela ZF Aftermarket<br \/>\n<\/strong>De acordo com a abordagem hol\u00edstica da ZF de um fornecedor \u00fanico, o neg\u00f3cio oferece um portef\u00f3lio abrangente de produtos. Este inclui pe\u00e7as individuais, como sensores, sistemas de assist\u00eancia ao condutor e unidades el\u00e9tricas, assim como servi\u00e7os de software, servi\u00e7os de manuten\u00e7\u00e3o e repara\u00e7\u00e3o preventivos e preditivos. Ap\u00f3s a recente aquisi\u00e7\u00e3o da WABCO, a ZF agora tamb\u00e9m oferece o portef\u00f3lio l\u00edder de produtos e servi\u00e7os para ve\u00edculos comerciais para o mercado de p\u00f3s-venda.<\/p>\n<p>A ZF Aftermarket n\u00e3o presta apenas servi\u00e7os para ATS, mas tamb\u00e9m para outras aplica\u00e7\u00f5es que j\u00e1 est\u00e3o em produ\u00e7\u00e3o em s\u00e9rie ou planeadas: carrinhas aut\u00f3nomas, ve\u00edculos de transporte de materiais industriais e m\u00e1quinas agr\u00edcolas. \u00c9 aqui que surgir\u00e1 um novo mercado para as oficinas parceiras da ZF no futuro.<\/p>\n<p>&#8220;Aplica\u00e7\u00f5es altamente eficientes e sem motorista baseadas em dados &#8211; como autocarros ou t\u00e1xis robot &#8211; est\u00e3o a estabelecer novos horizontes para a mobilidade. A ZF Aftermarket suporta a implementa\u00e7\u00e3o cont\u00ednua de ve\u00edculos CASES ao expandir a infraestrutura, mas tamb\u00e9m ao oferecer servi\u00e7os de manuten\u00e7\u00e3o para o software e hardware dessas aplica\u00e7\u00f5es orientadas para o futuro&#8221;, comenta Philippe Colpron.<\/p>\n<p>A empresa tamb\u00e9m passa essa experi\u00eancia aos seus parceiros de servi\u00e7os &#8211; por exemplo, em cursos de forma\u00e7\u00e3o sobre temas como sistemas de assist\u00eancia ao condutor ou unidades de alta tens\u00e3o. Este t\u00f3pico est\u00e1 em destaque na ZF Aftermarket Live, a plataforma online da ZF que funcionar\u00e1 paralelamente \u00e0 Automechanika Digital Plus.<\/p>\n<p><strong>A mobilidade el\u00e9trica j\u00e1 \u00e9 a chave para o transporte limpo e eficiente<br \/>\n<\/strong>A evolu\u00e7\u00e3o tecnol\u00f3gica oferece um potencial de crescimento interessante para as oficinas, mas pode apenas ser usada se estas estiverem preparadas para tal. O n\u00famero de modelos el\u00e9tricos h\u00edbridos, mas tamb\u00e9m operados por bateria, est\u00e1 a aumentar e, consequentemente, a necessidade de servi\u00e7o e repara\u00e7\u00e3o.<\/p>\n<p>No entanto, sem a forma\u00e7\u00e3o adequada, n\u00e3o \u00e9 permitido aos t\u00e9cnicos trabalharem num ve\u00edculo el\u00e9trico ou h\u00edbrido; uma regra que se aplica at\u00e9 mesmo ao trabalho de manuten\u00e7\u00e3o simples em ve\u00edculos com componentes convencionais. Como um fabricante l\u00edder de produtos para ve\u00edculos el\u00e9tricos com a qualidade do equipamento original, a ZF Aftermarket aproveita o seu conhecimento em primeira m\u00e3o para oferecer as capacidades t\u00e9cnicas relevantes \u00e0s suas oficinas parceiras.<\/p>\n<p>Com uma abordagem totalmente integrada, a ZF Aftermarket garante que os componentes constru\u00eddos pelo grupo ZF estejam dispon\u00edveis desde cedo no mercado de substitui\u00e7\u00e3o \u2013 por exemplo, o Servofreio El\u00e9ctrico da TRW.<\/p>\n<p><strong>Solu\u00e7\u00f5es de produtos e sistemas para reduzir custos operacionais e emiss\u00f5es de CO2<br \/>\n<\/strong>As Solu\u00e7\u00f5es de Gest\u00e3o de Frotas da ZF Aftermarket contribuem para a sustentabilidade, mas os produtos da ZF tamb\u00e9m lideram mundialmente em termos de efici\u00eancia; ajudando os clientes a reduzir o consumo de combust\u00edvel e, desta forma, as emiss\u00f5es. O desafio global \u00e9 alcan\u00e7ar a neutralidade clim\u00e1tica ao longo de toda a cadeia de valor: para todos os produtos prim\u00e1rios e rotas de transporte associadas, mas tamb\u00e9m para o produto, o pr\u00f3prio ve\u00edculo, a sua utiliza\u00e7\u00e3o e a sua elimina\u00e7\u00e3o.<\/p>\n<p>A ZF est\u00e1 a trabalhar para neutralizar essas emiss\u00f5es at\u00e9 2040. Al\u00e9m disso, a ZF est\u00e1 a reduzir as emiss\u00f5es de CO2 em todas as etapas e processos de produ\u00e7\u00e3o &#8211; por exemplo, controlar as m\u00e1quinas-ferramenta de acordo com a procura ou substituindo processos baseados em g\u00e1s, como o endurecimento.<\/p>\n<p>Como resultado, estes produtos fabricados de forma sustent\u00e1vel est\u00e3o dispon\u00edveis para o mercado de substitui\u00e7\u00e3o como um elemento do plano #greenaftermaket da ZF. Outro elemento \u00e9 a reconstru\u00e7\u00e3o \u2013 reduzir as necessidades de materiais em at\u00e9 90% em compara\u00e7\u00e3o com o fabrico de um novo produto. Ao mesmo tempo, cerca de 90% da energia pode ser economizada.<\/p>\n<p>Uma ampla gama de componentes de ve\u00edculos, como trav\u00f5es, transmiss\u00f5es, sistemas de dire\u00e7\u00e3o e conversores de torque s\u00e3o reconstru\u00eddos, com a qualidade do equipamento original, em mais de 20 localiza\u00e7\u00f5es em todo o mundo &#8211; e a tend\u00eancia \u00e9 crescente. Al\u00e9m disso, os especialistas da ZF Aftermarket j\u00e1 est\u00e3o a trabalhar em solu\u00e7\u00f5es reconstru\u00eddas para motores el\u00e9tricos, para responderem \u00e0 procura.<\/p>\n<p>Philippe Colpron considera que a ZF Aftermarket e os seus parceiros est\u00e3o bem posicionados no ponto de transforma\u00e7\u00e3o do setor: &#8220;A ZF Aftermarket tem a ambi\u00e7\u00e3o de ser o l\u00edder verde e sustent\u00e1vel do mercado de p\u00f3s-venda com aspira\u00e7\u00f5es em muitas \u00e1reas, como a neutralidade de carbono, embalagens isentas de pl\u00e1stico e educa\u00e7\u00e3o. Com base na lideran\u00e7a tecnol\u00f3gica do Grupo ZF, a ZF Aftermarket traz tecnologias e abordagens sustent\u00e1veis do equipamento original para o mercado de p\u00f3s-venda. A nossa receita para o sucesso \u00e9 uma combina\u00e7\u00e3o de um forte foco no cliente, presen\u00e7a do servi\u00e7o exatamente onde o cliente precisa e um portef\u00f3lio de produtos e servi\u00e7os em constante crescimento, incluindo solu\u00e7\u00f5es digitais. Num mundo cada vez mais complexo, queremos oferecer, ao mesmo tempo, simplicidade, conveni\u00eancia e valor acrescentado.&#8221;<\/p>\n<p>Para mais informa\u00e7\u00f5es sobre a ZF Aftermarket clique <a href=\"http:\/\/www.zf.com\" target=\"_blank\" rel=\"noopener\"><strong>aqui<\/strong><\/a><\/p>\n<div class=\"wonderplugingallery-container\" id=\"wonderplugingallery-container-62\" style=\"max-width:960px;margin:0 auto;\"><div class=\"wonderplugingallery\" id=\"wonderplugingallery-62\" data-galleryid=\"62\" data-width=\"960\" data-height=\"540\" data-skin=\"gallery\" data-playsinline=\"false\" data-mutevideo=\"false\" data-random=\"false\" data-autoslide=\"false\" data-autoplayvideo=\"false\" data-schemamarkup=\"false\" data-stopallplaying=\"false\" data-reloadonvideoend=\"false\" data-donotuseposter=\"false\" data-enabletabindex=\"false\" data-loadnextonvideoend=\"false\" data-hidetitlewhenvideoisplaying=\"false\" data-disablehovereventontouch=\"false\" data-autoslideandplayafterfirstplayed=\"false\" data-html5player=\"true\" data-responsive=\"true\" data-fullwidth=\"false\" data-showtitle=\"true\" data-showdescription=\"true\" data-showplaybutton=\"true\" data-showfullscreenbutton=\"true\" data-showtimer=\"true\" data-showcarousel=\"true\" data-galleryshadow=\"false\" data-slideshadow=\"true\" data-thumbshowtitle=\"false\" data-thumbshowimage=\"true\" data-thumbshadow=\"true\" data-lightboxshowtitle=\"true\" data-lightboxshowdescription=\"true\" data-specifyid=\"true\" data-donotinit=\"false\" data-addinitscript=\"false\" data-triggerresize=\"false\" data-thumbcolumnsresponsive=\"false\" data-thumbverticalmiddle=\"true\" data-removeinlinecss=\"true\" data-switchonmouseover=\"false\" data-showcategory=\"true\" data-showimgtitle=\"false\" data-titlesmallscreen=\"false\" data-initsocial=\"true\" data-showsocial=\"false\" data-showemail=\"false\" data-showfacebook=\"true\" data-showtwitter=\"true\" data-showpinterest=\"true\" data-socialrotateeffect=\"true\" data-doshortcodeontext=\"false\" data-loop=\"0\" data-duration=\"1500\" data-slideduration=\"1000\" data-slideshowinterval=\"6000\" data-googleanalyticsaccount=\"\" data-resizemode=\"fill\" data-imagetoolboxmode=\"mouseover\" data-effect=\"fade\" data-padding=\"12\" data-bgcolor=\"\" data-bgimage=\"\" data-thumbwidth=\"120\" data-thumbheight=\"60\" data-thumbgap=\"8\" data-thumbrowgap=\"16\" data-lightboxtextheight=\"72\" data-lightboxtitlecss=\"{color:#333333; font:bold 12px Arial,Helvetica,sans-serif; overflow:hidden; white-space:normal; line-height:18px;}\" data-lightboxdescriptioncss=\"{color:#333333; font:normal 12px Arial,Helvetica,sans-serif; overflow:hidden; white-space:normal; line-height:14px;}\" data-titlecss=\"{color:#ffffff; font-size:14px; font-family:Armata, sans-serif, Arial; overflow:hidden; text-align:left; padding:10px 0px 10px 10px; background:rgb(102, 102, 102) transparent; background:rgba(102, 102, 102, 0.6);}\" data-descriptioncss=\"{color:#ffffff; font-size:13px; font-family:Armata, sans-serif, Arial; overflow:hidden; text-align:left; padding:0px 0px 10px 10px; background:rgb(102, 102, 102) transparent; background:rgba(102, 102, 102, 0.6);}\" data-titleheight=\"72\" data-titlesmallscreenwidth=\"640\" data-titleheightsmallscreen=\"148\" data-socialmode=\"mouseover\" data-socialposition=\"position:absolute;top:8px;right:8px;\" data-socialpositionlightbox=\"position:absolute;top:8px;right:8px;\" data-socialdirection=\"horizontal\" data-socialbuttonsize=\"32\" data-socialbuttonfontsize=\"18\" data-defaultvideovolume=\"1\" data-thumbtitleheight=\"24\" data-thumbmediumtitleheight=\"48\" data-thumbsmalltitleheight=\"72\" data-categoryheight=\"36\" data-categorydefault=\"all\" data-triggerresizedelay=\"100\" data-thumbmediumsize=\"800\" data-thumbsmallsize=\"480\" data-thumbmediumwidth=\"64\" data-thumbmediumheight=\"64\" data-thumbsmallwidth=\"48\" data-thumbsmallheight=\"48\" data-imgtitle=\"title\" data-categorystyle=\"dropdown\" data-categorylist=\"[{&quot;slug&quot;:&quot;all&quot;,&quot;caption&quot;:&quot;Show All&quot;}]\" data-jsfolder=\"https:\/\/jornaldasoficinas.com\/pt\/wp-content\/plugins\/wonderplugin-gallery\/engine\/\" style=\"display:none;\" ><a class=\"html5galleryimglink\" href=\"https:\/\/jornaldasoficinas.com\/pt\/wp-content\/uploads\/2021\/09\/ZF-Aftermarket-antecipa-Mobilidade\/04_Web_ZF_DigitalAuMeWeek_2021_Cockpit_EN.jpg\" data-mediatype=1><img decoding=\"async\" class=\"html5galleryimg html5gallery-tn-image\" src=\"https:\/\/jornaldasoficinas.com\/pt\/wp-content\/uploads\/2021\/09\/ZF-Aftermarket-antecipa-Mobilidade\/04_Web_ZF_DigitalAuMeWeek_2021_Cockpit_EN.jpg\" alt=\"\"><\/a><div class=\"html5gallery-info\"><\/div><a class=\"html5galleryimglink\" href=\"https:\/\/jornaldasoficinas.com\/pt\/wp-content\/uploads\/2021\/09\/ZF-Aftermarket-antecipa-Mobilidade\/06_TRW_PC_Brake_Pad.jpg\" data-mediatype=1><img decoding=\"async\" class=\"html5galleryimg html5gallery-tn-image\" src=\"https:\/\/jornaldasoficinas.com\/pt\/wp-content\/uploads\/2021\/09\/ZF-Aftermarket-antecipa-Mobilidade\/06_TRW_PC_Brake_Pad.jpg\" alt=\"\"><\/a><div class=\"html5gallery-info\"><\/div><a class=\"html5galleryimglink\" href=\"https:\/\/jornaldasoficinas.com\/pt\/wp-content\/uploads\/2021\/09\/ZF-Aftermarket-antecipa-Mobilidade\/07_Electric-Brake-Booster.jpg\" data-mediatype=1><img decoding=\"async\" class=\"html5galleryimg html5gallery-tn-image\" src=\"https:\/\/jornaldasoficinas.com\/pt\/wp-content\/uploads\/2021\/09\/ZF-Aftermarket-antecipa-Mobilidade\/07_Electric-Brake-Booster.jpg\" alt=\"\"><\/a><div class=\"html5gallery-info\"><\/div><a class=\"html5galleryimglink\" href=\"https:\/\/jornaldasoficinas.com\/pt\/wp-content\/uploads\/2021\/09\/ZF-Aftermarket-antecipa-Mobilidade\/08_TRW_PC_Brake_Caliper.jpg\" data-mediatype=1><img decoding=\"async\" class=\"html5galleryimg html5gallery-tn-image\" src=\"https:\/\/jornaldasoficinas.com\/pt\/wp-content\/uploads\/2021\/09\/ZF-Aftermarket-antecipa-Mobilidade\/08_TRW_PC_Brake_Caliper.jpg\" alt=\"\"><\/a><div class=\"html5gallery-info\"><\/div><a class=\"html5galleryimglink\" href=\"https:\/\/jornaldasoficinas.com\/pt\/wp-content\/uploads\/2021\/09\/ZF-Aftermarket-antecipa-Mobilidade\/09_ZF_Wabco_ASB-Sensor.jpg\" data-mediatype=1><img decoding=\"async\" class=\"html5galleryimg html5gallery-tn-image\" src=\"https:\/\/jornaldasoficinas.com\/pt\/wp-content\/uploads\/2021\/09\/ZF-Aftermarket-antecipa-Mobilidade\/09_ZF_Wabco_ASB-Sensor.jpg\" alt=\"\"><\/a><div class=\"html5gallery-info\"><\/div><\/div><\/div><script>function wondergallery_62_appendcss(csscode) {var head=document.head || document.getElementsByTagName(\"head\")[0];var style=document.createElement(\"style\");head.appendChild(style);style.type=\"text\/css\";if (style.styleSheet){style.styleSheet.cssText=csscode;} else {style.appendChild(document.createTextNode(csscode));}};wondergallery_62_appendcss(\"#wonderplugingallery-62 .html5gallery-cat-selection-62 { \tbox-sizing: border-box; \ttext-align: center; }  #wonderplugingallery-62 .html5gallery-cat-selection-62 select { \tbox-sizing: border-box; \tmargin: 4px auto; }\");<\/script>\n","protected":false},"excerpt":{"rendered":"<p>A ZF Aftermarket realizou uma confer\u00eancia&#8230;<\/p>\n","protected":false},"author":15,"featured_media":23653,"comment_status":"closed","ping_status":"closed","sticky":false,"template":"","format":"standard","meta":{"footnotes":""},"categories":[29],"tags":[181],"class_list":["post-23649","post","type-post","status-publish","format-standard","has-post-thumbnail","hentry","category-empresas","tag-zf-aftermarket"],"yoast_head":"<!-- This site is optimized with the Yoast SEO plugin v27.4 - https:\/\/yoast.com\/product\/yoast-seo-wordpress\/ -->\n<title>ZF Aftermarket antecipa Mobilidade da Pr\u00f3xima Gera\u00e7\u00e3o - Jornal das Oficinas<\/title>\n<meta name=\"robots\" content=\"index, follow, max-snippet:-1, max-image-preview:large, max-video-preview:-1\" \/>\n<link rel=\"canonical\" href=\"https:\/\/jornaldasoficinas.com\/pt\/zf-aftermarket-antecipa-mobilidade-da-proxima-geracao\/\" \/>\n<meta property=\"og:locale\" content=\"pt_PT\" \/>\n<meta property=\"og:type\" content=\"article\" \/>\n<meta property=\"og:title\" content=\"ZF Aftermarket antecipa Mobilidade da Pr\u00f3xima Gera\u00e7\u00e3o - Jornal das Oficinas\" \/>\n<meta property=\"og:description\" content=\"A ZF Aftermarket realizou uma confer\u00eancia...\" \/>\n<meta property=\"og:url\" content=\"https:\/\/jornaldasoficinas.com\/pt\/zf-aftermarket-antecipa-mobilidade-da-proxima-geracao\/\" \/>\n<meta property=\"og:site_name\" content=\"Jornal das Oficinas\" \/>\n<meta property=\"article:publisher\" content=\"https:\/\/www.facebook.com\/jornaloficinas\" \/>\n<meta property=\"article:published_time\" content=\"2021-09-15T11:00:50+00:00\" \/>\n<meta property=\"og:image\" content=\"https:\/\/jornaldasoficinas.com\/pt\/wp-content\/uploads\/2021\/09\/ZF-Aftermarket-antecipa-Mobilidade1.jpg\" \/>\n\t<meta property=\"og:image:width\" content=\"1024\" \/>\n\t<meta property=\"og:image:height\" content=\"581\" \/>\n\t<meta property=\"og:image:type\" content=\"image\/jpeg\" \/>\n<meta name=\"author\" content=\"Reda\u00e7\u00e3o JO\" \/>\n<meta name=\"twitter:card\" content=\"summary_large_image\" \/>\n<meta name=\"twitter:creator\" content=\"@jornaloficinas\" \/>\n<meta name=\"twitter:site\" content=\"@jornaloficinas\" \/>\n<meta name=\"twitter:label1\" content=\"Escrito por\" \/>\n\t<meta name=\"twitter:data1\" content=\"Reda\u00e7\u00e3o JO\" \/>\n\t<meta name=\"twitter:label2\" content=\"Tempo estimado de leitura\" \/>\n\t<meta name=\"twitter:data2\" content=\"7 minutos\" \/>\n<script type=\"application\/ld+json\" class=\"yoast-schema-graph\">{\"@context\":\"https:\\\/\\\/schema.org\",\"@graph\":[{\"@type\":\"Article\",\"@id\":\"https:\\\/\\\/jornaldasoficinas.com\\\/pt\\\/zf-aftermarket-antecipa-mobilidade-da-proxima-geracao\\\/#article\",\"isPartOf\":{\"@id\":\"https:\\\/\\\/jornaldasoficinas.com\\\/pt\\\/zf-aftermarket-antecipa-mobilidade-da-proxima-geracao\\\/\"},\"author\":{\"name\":\"Reda\u00e7\u00e3o JO\",\"@id\":\"https:\\\/\\\/jornaldasoficinas.com\\\/pt\\\/#\\\/schema\\\/person\\\/a38eef5de2c41d9e7c9ac10141afddf3\"},\"headline\":\"ZF Aftermarket antecipa Mobilidade da Pr\u00f3xima Gera\u00e7\u00e3o\",\"datePublished\":\"2021-09-15T11:00:50+00:00\",\"mainEntityOfPage\":{\"@id\":\"https:\\\/\\\/jornaldasoficinas.com\\\/pt\\\/zf-aftermarket-antecipa-mobilidade-da-proxima-geracao\\\/\"},\"wordCount\":1363,\"publisher\":{\"@id\":\"https:\\\/\\\/jornaldasoficinas.com\\\/pt\\\/#organization\"},\"image\":{\"@id\":\"https:\\\/\\\/jornaldasoficinas.com\\\/pt\\\/zf-aftermarket-antecipa-mobilidade-da-proxima-geracao\\\/#primaryimage\"},\"thumbnailUrl\":\"https:\\\/\\\/jornaldasoficinas.com\\\/pt\\\/wp-content\\\/uploads\\\/2021\\\/09\\\/ZF-Aftermarket-antecipa-Mobilidade1.jpg\",\"keywords\":[\"ZF Aftermarket\"],\"articleSection\":[\"Empresas\"],\"inLanguage\":\"pt-PT\"},{\"@type\":\"WebPage\",\"@id\":\"https:\\\/\\\/jornaldasoficinas.com\\\/pt\\\/zf-aftermarket-antecipa-mobilidade-da-proxima-geracao\\\/\",\"url\":\"https:\\\/\\\/jornaldasoficinas.com\\\/pt\\\/zf-aftermarket-antecipa-mobilidade-da-proxima-geracao\\\/\",\"name\":\"ZF Aftermarket antecipa Mobilidade da Pr\u00f3xima Gera\u00e7\u00e3o - Jornal das Oficinas\",\"isPartOf\":{\"@id\":\"https:\\\/\\\/jornaldasoficinas.com\\\/pt\\\/#website\"},\"primaryImageOfPage\":{\"@id\":\"https:\\\/\\\/jornaldasoficinas.com\\\/pt\\\/zf-aftermarket-antecipa-mobilidade-da-proxima-geracao\\\/#primaryimage\"},\"image\":{\"@id\":\"https:\\\/\\\/jornaldasoficinas.com\\\/pt\\\/zf-aftermarket-antecipa-mobilidade-da-proxima-geracao\\\/#primaryimage\"},\"thumbnailUrl\":\"https:\\\/\\\/jornaldasoficinas.com\\\/pt\\\/wp-content\\\/uploads\\\/2021\\\/09\\\/ZF-Aftermarket-antecipa-Mobilidade1.jpg\",\"datePublished\":\"2021-09-15T11:00:50+00:00\",\"breadcrumb\":{\"@id\":\"https:\\\/\\\/jornaldasoficinas.com\\\/pt\\\/zf-aftermarket-antecipa-mobilidade-da-proxima-geracao\\\/#breadcrumb\"},\"inLanguage\":\"pt-PT\",\"potentialAction\":[{\"@type\":\"ReadAction\",\"target\":[\"https:\\\/\\\/jornaldasoficinas.com\\\/pt\\\/zf-aftermarket-antecipa-mobilidade-da-proxima-geracao\\\/\"]}]},{\"@type\":\"ImageObject\",\"inLanguage\":\"pt-PT\",\"@id\":\"https:\\\/\\\/jornaldasoficinas.com\\\/pt\\\/zf-aftermarket-antecipa-mobilidade-da-proxima-geracao\\\/#primaryimage\",\"url\":\"https:\\\/\\\/jornaldasoficinas.com\\\/pt\\\/wp-content\\\/uploads\\\/2021\\\/09\\\/ZF-Aftermarket-antecipa-Mobilidade1.jpg\",\"contentUrl\":\"https:\\\/\\\/jornaldasoficinas.com\\\/pt\\\/wp-content\\\/uploads\\\/2021\\\/09\\\/ZF-Aftermarket-antecipa-Mobilidade1.jpg\",\"width\":1024,\"height\":581,\"caption\":\"www.franktoussaint.be,Philippe Colpron-ZF\"},{\"@type\":\"BreadcrumbList\",\"@id\":\"https:\\\/\\\/jornaldasoficinas.com\\\/pt\\\/zf-aftermarket-antecipa-mobilidade-da-proxima-geracao\\\/#breadcrumb\",\"itemListElement\":[{\"@type\":\"ListItem\",\"position\":1,\"name\":\"In\u00edcio\",\"item\":\"https:\\\/\\\/jornaldasoficinas.com\\\/pt\\\/\"},{\"@type\":\"ListItem\",\"position\":2,\"name\":\"ZF Aftermarket antecipa Mobilidade da Pr\u00f3xima Gera\u00e7\u00e3o\"}]},{\"@type\":\"WebSite\",\"@id\":\"https:\\\/\\\/jornaldasoficinas.com\\\/pt\\\/#website\",\"url\":\"https:\\\/\\\/jornaldasoficinas.com\\\/pt\\\/\",\"name\":\"Jornal das Oficinas\",\"description\":\"Jornal independente do Aftermarket Autom\u00f3vel em Portugal\",\"publisher\":{\"@id\":\"https:\\\/\\\/jornaldasoficinas.com\\\/pt\\\/#organization\"},\"potentialAction\":[{\"@type\":\"SearchAction\",\"target\":{\"@type\":\"EntryPoint\",\"urlTemplate\":\"https:\\\/\\\/jornaldasoficinas.com\\\/pt\\\/?s={search_term_string}\"},\"query-input\":{\"@type\":\"PropertyValueSpecification\",\"valueRequired\":true,\"valueName\":\"search_term_string\"}}],\"inLanguage\":\"pt-PT\"},{\"@type\":\"Organization\",\"@id\":\"https:\\\/\\\/jornaldasoficinas.com\\\/pt\\\/#organization\",\"name\":\"Jornal das Oficinas\",\"url\":\"https:\\\/\\\/jornaldasoficinas.com\\\/pt\\\/\",\"logo\":{\"@type\":\"ImageObject\",\"inLanguage\":\"pt-PT\",\"@id\":\"https:\\\/\\\/jornaldasoficinas.com\\\/pt\\\/#\\\/schema\\\/logo\\\/image\\\/\",\"url\":\"https:\\\/\\\/jornaldasoficinas.com\\\/pt\\\/wp-content\\\/uploads\\\/logoJO-SEO.png\",\"contentUrl\":\"https:\\\/\\\/jornaldasoficinas.com\\\/pt\\\/wp-content\\\/uploads\\\/logoJO-SEO.png\",\"width\":285,\"height\":450,\"caption\":\"Jornal das Oficinas\"},\"image\":{\"@id\":\"https:\\\/\\\/jornaldasoficinas.com\\\/pt\\\/#\\\/schema\\\/logo\\\/image\\\/\"},\"sameAs\":[\"https:\\\/\\\/www.facebook.com\\\/jornaloficinas\",\"https:\\\/\\\/x.com\\\/jornaloficinas\",\"https:\\\/\\\/www.instagram.com\\\/jornal_oficinas\\\/\",\"https:\\\/\\\/www.linkedin.com\\\/company\\\/jornal-das-oficinas\\\/\",\"https:\\\/\\\/www.youtube.com\\\/channel\\\/UCbQZBqtcvV-oSQrr7RzINGg\"]},{\"@type\":\"Person\",\"@id\":\"https:\\\/\\\/jornaldasoficinas.com\\\/pt\\\/#\\\/schema\\\/person\\\/a38eef5de2c41d9e7c9ac10141afddf3\",\"name\":\"Reda\u00e7\u00e3o JO\",\"image\":{\"@type\":\"ImageObject\",\"inLanguage\":\"pt-PT\",\"@id\":\"https:\\\/\\\/secure.gravatar.com\\\/avatar\\\/71f2fa71737ad68a84fea94bc708ddac8ea5b0c4788dc2ad202f3ccb2887742f?s=96&d=wp_user_avatar&r=g\",\"url\":\"https:\\\/\\\/secure.gravatar.com\\\/avatar\\\/71f2fa71737ad68a84fea94bc708ddac8ea5b0c4788dc2ad202f3ccb2887742f?s=96&d=wp_user_avatar&r=g\",\"contentUrl\":\"https:\\\/\\\/secure.gravatar.com\\\/avatar\\\/71f2fa71737ad68a84fea94bc708ddac8ea5b0c4788dc2ad202f3ccb2887742f?s=96&d=wp_user_avatar&r=g\",\"caption\":\"Reda\u00e7\u00e3o JO\"},\"url\":\"https:\\\/\\\/jornaldasoficinas.com\\\/pt\\\/author\\\/joredacao\\\/\"}]}<\/script>\n<!-- \/ Yoast SEO plugin. -->","yoast_head_json":{"title":"ZF Aftermarket antecipa Mobilidade da Pr\u00f3xima Gera\u00e7\u00e3o - Jornal das Oficinas","robots":{"index":"index","follow":"follow","max-snippet":"max-snippet:-1","max-image-preview":"max-image-preview:large","max-video-preview":"max-video-preview:-1"},"canonical":"https:\/\/jornaldasoficinas.com\/pt\/zf-aftermarket-antecipa-mobilidade-da-proxima-geracao\/","og_locale":"pt_PT","og_type":"article","og_title":"ZF Aftermarket antecipa Mobilidade da Pr\u00f3xima Gera\u00e7\u00e3o - Jornal das Oficinas","og_description":"A ZF Aftermarket realizou uma confer\u00eancia...","og_url":"https:\/\/jornaldasoficinas.com\/pt\/zf-aftermarket-antecipa-mobilidade-da-proxima-geracao\/","og_site_name":"Jornal das Oficinas","article_publisher":"https:\/\/www.facebook.com\/jornaloficinas","article_published_time":"2021-09-15T11:00:50+00:00","og_image":[{"width":1024,"height":581,"url":"https:\/\/jornaldasoficinas.com\/pt\/wp-content\/uploads\/2021\/09\/ZF-Aftermarket-antecipa-Mobilidade1.jpg","type":"image\/jpeg"}],"author":"Reda\u00e7\u00e3o JO","twitter_card":"summary_large_image","twitter_creator":"@jornaloficinas","twitter_site":"@jornaloficinas","twitter_misc":{"Escrito por":"Reda\u00e7\u00e3o JO","Tempo estimado de leitura":"7 minutos"},"schema":{"@context":"https:\/\/schema.org","@graph":[{"@type":"Article","@id":"https:\/\/jornaldasoficinas.com\/pt\/zf-aftermarket-antecipa-mobilidade-da-proxima-geracao\/#article","isPartOf":{"@id":"https:\/\/jornaldasoficinas.com\/pt\/zf-aftermarket-antecipa-mobilidade-da-proxima-geracao\/"},"author":{"name":"Reda\u00e7\u00e3o JO","@id":"https:\/\/jornaldasoficinas.com\/pt\/#\/schema\/person\/a38eef5de2c41d9e7c9ac10141afddf3"},"headline":"ZF Aftermarket antecipa Mobilidade da Pr\u00f3xima Gera\u00e7\u00e3o","datePublished":"2021-09-15T11:00:50+00:00","mainEntityOfPage":{"@id":"https:\/\/jornaldasoficinas.com\/pt\/zf-aftermarket-antecipa-mobilidade-da-proxima-geracao\/"},"wordCount":1363,"publisher":{"@id":"https:\/\/jornaldasoficinas.com\/pt\/#organization"},"image":{"@id":"https:\/\/jornaldasoficinas.com\/pt\/zf-aftermarket-antecipa-mobilidade-da-proxima-geracao\/#primaryimage"},"thumbnailUrl":"https:\/\/jornaldasoficinas.com\/pt\/wp-content\/uploads\/2021\/09\/ZF-Aftermarket-antecipa-Mobilidade1.jpg","keywords":["ZF Aftermarket"],"articleSection":["Empresas"],"inLanguage":"pt-PT"},{"@type":"WebPage","@id":"https:\/\/jornaldasoficinas.com\/pt\/zf-aftermarket-antecipa-mobilidade-da-proxima-geracao\/","url":"https:\/\/jornaldasoficinas.com\/pt\/zf-aftermarket-antecipa-mobilidade-da-proxima-geracao\/","name":"ZF Aftermarket antecipa Mobilidade da Pr\u00f3xima Gera\u00e7\u00e3o - Jornal das Oficinas","isPartOf":{"@id":"https:\/\/jornaldasoficinas.com\/pt\/#website"},"primaryImageOfPage":{"@id":"https:\/\/jornaldasoficinas.com\/pt\/zf-aftermarket-antecipa-mobilidade-da-proxima-geracao\/#primaryimage"},"image":{"@id":"https:\/\/jornaldasoficinas.com\/pt\/zf-aftermarket-antecipa-mobilidade-da-proxima-geracao\/#primaryimage"},"thumbnailUrl":"https:\/\/jornaldasoficinas.com\/pt\/wp-content\/uploads\/2021\/09\/ZF-Aftermarket-antecipa-Mobilidade1.jpg","datePublished":"2021-09-15T11:00:50+00:00","breadcrumb":{"@id":"https:\/\/jornaldasoficinas.com\/pt\/zf-aftermarket-antecipa-mobilidade-da-proxima-geracao\/#breadcrumb"},"inLanguage":"pt-PT","potentialAction":[{"@type":"ReadAction","target":["https:\/\/jornaldasoficinas.com\/pt\/zf-aftermarket-antecipa-mobilidade-da-proxima-geracao\/"]}]},{"@type":"ImageObject","inLanguage":"pt-PT","@id":"https:\/\/jornaldasoficinas.com\/pt\/zf-aftermarket-antecipa-mobilidade-da-proxima-geracao\/#primaryimage","url":"https:\/\/jornaldasoficinas.com\/pt\/wp-content\/uploads\/2021\/09\/ZF-Aftermarket-antecipa-Mobilidade1.jpg","contentUrl":"https:\/\/jornaldasoficinas.com\/pt\/wp-content\/uploads\/2021\/09\/ZF-Aftermarket-antecipa-Mobilidade1.jpg","width":1024,"height":581,"caption":"www.franktoussaint.be,Philippe Colpron-ZF"},{"@type":"BreadcrumbList","@id":"https:\/\/jornaldasoficinas.com\/pt\/zf-aftermarket-antecipa-mobilidade-da-proxima-geracao\/#breadcrumb","itemListElement":[{"@type":"ListItem","position":1,"name":"In\u00edcio","item":"https:\/\/jornaldasoficinas.com\/pt\/"},{"@type":"ListItem","position":2,"name":"ZF Aftermarket antecipa Mobilidade da Pr\u00f3xima Gera\u00e7\u00e3o"}]},{"@type":"WebSite","@id":"https:\/\/jornaldasoficinas.com\/pt\/#website","url":"https:\/\/jornaldasoficinas.com\/pt\/","name":"Jornal das Oficinas","description":"Jornal independente do Aftermarket Autom\u00f3vel em Portugal","publisher":{"@id":"https:\/\/jornaldasoficinas.com\/pt\/#organization"},"potentialAction":[{"@type":"SearchAction","target":{"@type":"EntryPoint","urlTemplate":"https:\/\/jornaldasoficinas.com\/pt\/?s={search_term_string}"},"query-input":{"@type":"PropertyValueSpecification","valueRequired":true,"valueName":"search_term_string"}}],"inLanguage":"pt-PT"},{"@type":"Organization","@id":"https:\/\/jornaldasoficinas.com\/pt\/#organization","name":"Jornal das Oficinas","url":"https:\/\/jornaldasoficinas.com\/pt\/","logo":{"@type":"ImageObject","inLanguage":"pt-PT","@id":"https:\/\/jornaldasoficinas.com\/pt\/#\/schema\/logo\/image\/","url":"https:\/\/jornaldasoficinas.com\/pt\/wp-content\/uploads\/logoJO-SEO.png","contentUrl":"https:\/\/jornaldasoficinas.com\/pt\/wp-content\/uploads\/logoJO-SEO.png","width":285,"height":450,"caption":"Jornal das Oficinas"},"image":{"@id":"https:\/\/jornaldasoficinas.com\/pt\/#\/schema\/logo\/image\/"},"sameAs":["https:\/\/www.facebook.com\/jornaloficinas","https:\/\/x.com\/jornaloficinas","https:\/\/www.instagram.com\/jornal_oficinas\/","https:\/\/www.linkedin.com\/company\/jornal-das-oficinas\/","https:\/\/www.youtube.com\/channel\/UCbQZBqtcvV-oSQrr7RzINGg"]},{"@type":"Person","@id":"https:\/\/jornaldasoficinas.com\/pt\/#\/schema\/person\/a38eef5de2c41d9e7c9ac10141afddf3","name":"Reda\u00e7\u00e3o JO","image":{"@type":"ImageObject","inLanguage":"pt-PT","@id":"https:\/\/secure.gravatar.com\/avatar\/71f2fa71737ad68a84fea94bc708ddac8ea5b0c4788dc2ad202f3ccb2887742f?s=96&d=wp_user_avatar&r=g","url":"https:\/\/secure.gravatar.com\/avatar\/71f2fa71737ad68a84fea94bc708ddac8ea5b0c4788dc2ad202f3ccb2887742f?s=96&d=wp_user_avatar&r=g","contentUrl":"https:\/\/secure.gravatar.com\/avatar\/71f2fa71737ad68a84fea94bc708ddac8ea5b0c4788dc2ad202f3ccb2887742f?s=96&d=wp_user_avatar&r=g","caption":"Reda\u00e7\u00e3o JO"},"url":"https:\/\/jornaldasoficinas.com\/pt\/author\/joredacao\/"}]}},"_links":{"self":[{"href":"https:\/\/jornaldasoficinas.com\/pt\/wp-json\/wp\/v2\/posts\/23649","targetHints":{"allow":["GET"]}}],"collection":[{"href":"https:\/\/jornaldasoficinas.com\/pt\/wp-json\/wp\/v2\/posts"}],"about":[{"href":"https:\/\/jornaldasoficinas.com\/pt\/wp-json\/wp\/v2\/types\/post"}],"author":[{"embeddable":true,"href":"https:\/\/jornaldasoficinas.com\/pt\/wp-json\/wp\/v2\/users\/15"}],"replies":[{"embeddable":true,"href":"https:\/\/jornaldasoficinas.com\/pt\/wp-json\/wp\/v2\/comments?post=23649"}],"version-history":[{"count":0,"href":"https:\/\/jornaldasoficinas.com\/pt\/wp-json\/wp\/v2\/posts\/23649\/revisions"}],"wp:featuredmedia":[{"embeddable":true,"href":"https:\/\/jornaldasoficinas.com\/pt\/wp-json\/wp\/v2\/media\/23653"}],"wp:attachment":[{"href":"https:\/\/jornaldasoficinas.com\/pt\/wp-json\/wp\/v2\/media?parent=23649"}],"wp:term":[{"taxonomy":"category","embeddable":true,"href":"https:\/\/jornaldasoficinas.com\/pt\/wp-json\/wp\/v2\/categories?post=23649"},{"taxonomy":"post_tag","embeddable":true,"href":"https:\/\/jornaldasoficinas.com\/pt\/wp-json\/wp\/v2\/tags?post=23649"}],"curies":[{"name":"wp","href":"https:\/\/api.w.org\/{rel}","templated":true}]}}