{"id":23700,"date":"2021-09-16T14:00:15","date_gmt":"2021-09-16T13:00:15","guid":{"rendered":"https:\/\/jornaldasoficinas.com\/pt\/?p=23700"},"modified":"2021-09-16T09:19:07","modified_gmt":"2021-09-16T08:19:07","slug":"procura-de-ve-e-hibridos-cresce-no-mercado-de-usados","status":"publish","type":"post","link":"https:\/\/jornaldasoficinas.com\/pt\/procura-de-ve-e-hibridos-cresce-no-mercado-de-usados\/","title":{"rendered":"Procura de VE e h\u00edbridos cresce no mercado de usados"},"content":{"rendered":"<p><strong><img loading=\"lazy\" decoding=\"async\" class=\"alignnone size-full wp-image-23697\" src=\"https:\/\/jornaldasoficinas.com\/pt\/wp-content\/uploads\/2021\/09\/procura-de-VE-e-hibridos.jpg\" alt=\"09 - procura-de-VE-e-hibridos\" width=\"1024\" height=\"581\" srcset=\"https:\/\/jornaldasoficinas.com\/pt\/wp-content\/uploads\/2021\/09\/procura-de-VE-e-hibridos.jpg 1024w, https:\/\/jornaldasoficinas.com\/pt\/wp-content\/uploads\/2021\/09\/procura-de-VE-e-hibridos-300x170.jpg 300w, https:\/\/jornaldasoficinas.com\/pt\/wp-content\/uploads\/2021\/09\/procura-de-VE-e-hibridos-150x85.jpg 150w, https:\/\/jornaldasoficinas.com\/pt\/wp-content\/uploads\/2021\/09\/procura-de-VE-e-hibridos-768x436.jpg 768w\" sizes=\"auto, (max-width: 1024px) 100vw, 1024px\" \/><\/strong><\/p>\n<p><strong>A tend\u00eancia de compra de carros el\u00e9tricos e h\u00edbridos vai crescer entre os condutores que optam por um carro usado, de acordo com o primeiro Bar\u00f3metro da Mobilidade da <a href=\"https:\/\/www.carnext.com\/pt-pt\/\" target=\"_blank\" rel=\"noopener\">CarNext<\/a>, um dos principais marketplaces digitais de carros usados de alta qualidade da Europa, nos segmentos B2C e B2B<\/strong><\/p>\n<p>A op\u00e7\u00e3o por modelos el\u00e9tricos e h\u00edbridos na compra de um carro j\u00e1 \u00e9 uma realidade a n\u00edvel mundial. Se, por um lado, os utilizadores manifestam uma consci\u00eancia ambiental cada vez mais vincada, por outro, as marcas apostaram nestes modelos, havendo j\u00e1 um portef\u00f3lio vari\u00e1vel. O mercado dos usados n\u00e3o \u00e9 alheio a esta tend\u00eancia e, de acordo com o Bar\u00f3metro de Mobilidade da CarNetx, 66% dos portugueses sente-se \u00e0 vontade para adquirir um modelo el\u00e9trico ou h\u00edbrido usado. Um valor igual ao revelado pelo survey realizado na Holanda e apenas ultrapassado por It\u00e1lia (84%) e Espanha (82%).<\/p>\n<p><strong>Confira alguma das conclus\u00f5es deste survey no que respeita \u00e0s quest\u00f5es da sustentabilidade na mobilidade:<\/strong><\/p>\n<ul>\n<li>66% dos portugueses entrevistados mostra-se confiante para comprar um carro el\u00e9trico ou h\u00edbrido usado. A faixa et\u00e1ria 18-23 anos lidera esta tend\u00eancia (75%), seguindo-se o intervalo 46-55 anos (69%) e 36-45 anos (67%). Entre os inquiridos com filhos com idades dos 0 aos 17 anos, 69% avan\u00e7aria com a compra.<\/li>\n<li>O impacto ambiental \u00e9 um fator em crescendo na decis\u00e3o de compra de um carro, com 86% dos portugueses a confirmar que estas quest\u00f5es ter\u00e3o um peso maior nos pr\u00f3ximos anos e a colocar Portugal no topo da tabela. Seguem-se It\u00e1lia (85%) e Espanha (83%). Em Portugal, 87% dos condutores entre os 24-35 e os 36-45 anos confirma este comportamento, seguidos pelos inquiridos mais jovens, 18-23 anos, (85%) e pelos condutores com 46 a 55 anos (82%).<\/li>\n<li>74% dos entrevistados portugueses revela ter-se tornado mais consciente do impacto ambiental das suas a\u00e7\u00f5es desde o in\u00edcio da pandemia por COVID-19. Um comportamento que prevalece entre os inquiridos com idades compreendidas entre os 24-35 anos e 36-45 anos (76%). Seguem-se os intervalos 18-23 anos (72%) e 46-55 anos (70%).<\/li>\n<li>Em Portugal, 86% dos condutores afirma estar interessado em saber mais sobre escolhas sustent\u00e1veis na mobilidade no futuro. Os condutores italianos partilham a percentagem dos portugueses, enquanto 88% dos espanh\u00f3is inquiridos manifesta esta inten\u00e7\u00e3o.<\/li>\n<\/ul>\n<p>De acordo com Lu\u00eds Lopes, Managing Director da CarNext em Portugal, \u201ceste estudo confirma que as preocupa\u00e7\u00f5es ambientais s\u00e3o uma realidade nos dias de hoje e \u00e9 inevit\u00e1vel que se tornem cada vez mais relevantes na compra de um carro nos pr\u00f3ximos anos. Os condutores e as pr\u00f3prias marcas mostram-se cada vez mais atentos \u00e0 sua pegada ecol\u00f3gica e ao impacte ambiental das suas a\u00e7\u00f5es, algo vis\u00edvel no parque autom\u00f3vel mais recente\u201d.<\/p>\n<p>\u201cO comportamento natural do setor autom\u00f3vel transportar\u00e1 esta realidade para o mercado dos usados\u201d, conclui Lu\u00eds Lopes.<\/p>\n<p>O Bar\u00f3metro de Mobilidade da CarNext foi realizado em maio de 2021 pela consultora OnePoll, em linha com o c\u00f3digo de boas condutas da Market Research Society.<\/p>\n<p>O estudo inclui as respostas de 3000 condutores em seis pa\u00edses: Portugal, Espanha, Fran\u00e7a, Alemanha, It\u00e1lia, Holanda e Portugal.<\/p>\n<p>A amostra da pesquisa incluiu 500 condutores de todas as idades, equilibrada entre pa\u00edses e g\u00e9neros.<\/p>\n<p>O Bar\u00f3metro de Mobilidade da CarNext\u00a0\u00e9 um estudo que analisa tend\u00eancias chave para os condutores em quest\u00f5es que dizem respeito \u00e0 propriedade, confian\u00e7a e sustentabilidade.<\/p>\n<p>&nbsp;<\/p>\n","protected":false},"excerpt":{"rendered":"<p>A tend\u00eancia de compra de carros&#8230;<\/p>\n","protected":false},"author":15,"featured_media":23697,"comment_status":"closed","ping_status":"closed","sticky":false,"template":"","format":"standard","meta":{"footnotes":""},"categories":[37],"tags":[2457],"class_list":["post-23700","post","type-post","status-publish","format-standard","has-post-thumbnail","hentry","category-mercado","tag-carnext"],"yoast_head":"<!-- This site is optimized with the Yoast SEO plugin v27.4 - https:\/\/yoast.com\/product\/yoast-seo-wordpress\/ -->\n<title>Procura de VE e h\u00edbridos cresce no mercado de usados - Jornal das Oficinas<\/title>\n<meta name=\"robots\" content=\"index, follow, max-snippet:-1, max-image-preview:large, max-video-preview:-1\" \/>\n<link rel=\"canonical\" href=\"https:\/\/jornaldasoficinas.com\/pt\/procura-de-ve-e-hibridos-cresce-no-mercado-de-usados\/\" \/>\n<meta property=\"og:locale\" content=\"pt_PT\" \/>\n<meta property=\"og:type\" content=\"article\" \/>\n<meta property=\"og:title\" content=\"Procura de VE e h\u00edbridos cresce no mercado de usados - Jornal das Oficinas\" \/>\n<meta property=\"og:description\" content=\"A tend\u00eancia de compra de carros...\" \/>\n<meta property=\"og:url\" content=\"https:\/\/jornaldasoficinas.com\/pt\/procura-de-ve-e-hibridos-cresce-no-mercado-de-usados\/\" \/>\n<meta property=\"og:site_name\" content=\"Jornal das Oficinas\" \/>\n<meta property=\"article:publisher\" content=\"https:\/\/www.facebook.com\/jornaloficinas\" \/>\n<meta property=\"article:published_time\" content=\"2021-09-16T13:00:15+00:00\" \/>\n<meta property=\"og:image\" content=\"https:\/\/jornaldasoficinas.com\/pt\/wp-content\/uploads\/2021\/09\/procura-de-VE-e-hibridos.jpg\" \/>\n\t<meta property=\"og:image:width\" content=\"1024\" \/>\n\t<meta property=\"og:image:height\" content=\"581\" \/>\n\t<meta property=\"og:image:type\" content=\"image\/jpeg\" \/>\n<meta name=\"author\" content=\"Reda\u00e7\u00e3o JO\" \/>\n<meta name=\"twitter:card\" content=\"summary_large_image\" \/>\n<meta name=\"twitter:creator\" content=\"@jornaloficinas\" \/>\n<meta name=\"twitter:site\" content=\"@jornaloficinas\" \/>\n<meta name=\"twitter:label1\" content=\"Escrito por\" \/>\n\t<meta name=\"twitter:data1\" content=\"Reda\u00e7\u00e3o JO\" \/>\n\t<meta name=\"twitter:label2\" content=\"Tempo estimado de leitura\" \/>\n\t<meta name=\"twitter:data2\" content=\"3 minutos\" \/>\n<script type=\"application\/ld+json\" class=\"yoast-schema-graph\">{\"@context\":\"https:\\\/\\\/schema.org\",\"@graph\":[{\"@type\":\"Article\",\"@id\":\"https:\\\/\\\/jornaldasoficinas.com\\\/pt\\\/procura-de-ve-e-hibridos-cresce-no-mercado-de-usados\\\/#article\",\"isPartOf\":{\"@id\":\"https:\\\/\\\/jornaldasoficinas.com\\\/pt\\\/procura-de-ve-e-hibridos-cresce-no-mercado-de-usados\\\/\"},\"author\":{\"name\":\"Reda\u00e7\u00e3o JO\",\"@id\":\"https:\\\/\\\/jornaldasoficinas.com\\\/pt\\\/#\\\/schema\\\/person\\\/a38eef5de2c41d9e7c9ac10141afddf3\"},\"headline\":\"Procura de VE e h\u00edbridos cresce no mercado de usados\",\"datePublished\":\"2021-09-16T13:00:15+00:00\",\"mainEntityOfPage\":{\"@id\":\"https:\\\/\\\/jornaldasoficinas.com\\\/pt\\\/procura-de-ve-e-hibridos-cresce-no-mercado-de-usados\\\/\"},\"wordCount\":585,\"publisher\":{\"@id\":\"https:\\\/\\\/jornaldasoficinas.com\\\/pt\\\/#organization\"},\"image\":{\"@id\":\"https:\\\/\\\/jornaldasoficinas.com\\\/pt\\\/procura-de-ve-e-hibridos-cresce-no-mercado-de-usados\\\/#primaryimage\"},\"thumbnailUrl\":\"https:\\\/\\\/jornaldasoficinas.com\\\/pt\\\/wp-content\\\/uploads\\\/2021\\\/09\\\/procura-de-VE-e-hibridos.jpg\",\"keywords\":[\"CarNext\"],\"articleSection\":[\"Mercado\"],\"inLanguage\":\"pt-PT\"},{\"@type\":\"WebPage\",\"@id\":\"https:\\\/\\\/jornaldasoficinas.com\\\/pt\\\/procura-de-ve-e-hibridos-cresce-no-mercado-de-usados\\\/\",\"url\":\"https:\\\/\\\/jornaldasoficinas.com\\\/pt\\\/procura-de-ve-e-hibridos-cresce-no-mercado-de-usados\\\/\",\"name\":\"Procura de VE e h\u00edbridos cresce no mercado de usados - Jornal das Oficinas\",\"isPartOf\":{\"@id\":\"https:\\\/\\\/jornaldasoficinas.com\\\/pt\\\/#website\"},\"primaryImageOfPage\":{\"@id\":\"https:\\\/\\\/jornaldasoficinas.com\\\/pt\\\/procura-de-ve-e-hibridos-cresce-no-mercado-de-usados\\\/#primaryimage\"},\"image\":{\"@id\":\"https:\\\/\\\/jornaldasoficinas.com\\\/pt\\\/procura-de-ve-e-hibridos-cresce-no-mercado-de-usados\\\/#primaryimage\"},\"thumbnailUrl\":\"https:\\\/\\\/jornaldasoficinas.com\\\/pt\\\/wp-content\\\/uploads\\\/2021\\\/09\\\/procura-de-VE-e-hibridos.jpg\",\"datePublished\":\"2021-09-16T13:00:15+00:00\",\"breadcrumb\":{\"@id\":\"https:\\\/\\\/jornaldasoficinas.com\\\/pt\\\/procura-de-ve-e-hibridos-cresce-no-mercado-de-usados\\\/#breadcrumb\"},\"inLanguage\":\"pt-PT\",\"potentialAction\":[{\"@type\":\"ReadAction\",\"target\":[\"https:\\\/\\\/jornaldasoficinas.com\\\/pt\\\/procura-de-ve-e-hibridos-cresce-no-mercado-de-usados\\\/\"]}]},{\"@type\":\"ImageObject\",\"inLanguage\":\"pt-PT\",\"@id\":\"https:\\\/\\\/jornaldasoficinas.com\\\/pt\\\/procura-de-ve-e-hibridos-cresce-no-mercado-de-usados\\\/#primaryimage\",\"url\":\"https:\\\/\\\/jornaldasoficinas.com\\\/pt\\\/wp-content\\\/uploads\\\/2021\\\/09\\\/procura-de-VE-e-hibridos.jpg\",\"contentUrl\":\"https:\\\/\\\/jornaldasoficinas.com\\\/pt\\\/wp-content\\\/uploads\\\/2021\\\/09\\\/procura-de-VE-e-hibridos.jpg\",\"width\":1024,\"height\":581,\"caption\":\"09 - procura-de-VE-e-hibridos\"},{\"@type\":\"BreadcrumbList\",\"@id\":\"https:\\\/\\\/jornaldasoficinas.com\\\/pt\\\/procura-de-ve-e-hibridos-cresce-no-mercado-de-usados\\\/#breadcrumb\",\"itemListElement\":[{\"@type\":\"ListItem\",\"position\":1,\"name\":\"In\u00edcio\",\"item\":\"https:\\\/\\\/jornaldasoficinas.com\\\/pt\\\/\"},{\"@type\":\"ListItem\",\"position\":2,\"name\":\"Procura de VE e h\u00edbridos cresce no mercado de usados\"}]},{\"@type\":\"WebSite\",\"@id\":\"https:\\\/\\\/jornaldasoficinas.com\\\/pt\\\/#website\",\"url\":\"https:\\\/\\\/jornaldasoficinas.com\\\/pt\\\/\",\"name\":\"Jornal das Oficinas\",\"description\":\"Jornal independente do Aftermarket Autom\u00f3vel em Portugal\",\"publisher\":{\"@id\":\"https:\\\/\\\/jornaldasoficinas.com\\\/pt\\\/#organization\"},\"potentialAction\":[{\"@type\":\"SearchAction\",\"target\":{\"@type\":\"EntryPoint\",\"urlTemplate\":\"https:\\\/\\\/jornaldasoficinas.com\\\/pt\\\/?s={search_term_string}\"},\"query-input\":{\"@type\":\"PropertyValueSpecification\",\"valueRequired\":true,\"valueName\":\"search_term_string\"}}],\"inLanguage\":\"pt-PT\"},{\"@type\":\"Organization\",\"@id\":\"https:\\\/\\\/jornaldasoficinas.com\\\/pt\\\/#organization\",\"name\":\"Jornal das Oficinas\",\"url\":\"https:\\\/\\\/jornaldasoficinas.com\\\/pt\\\/\",\"logo\":{\"@type\":\"ImageObject\",\"inLanguage\":\"pt-PT\",\"@id\":\"https:\\\/\\\/jornaldasoficinas.com\\\/pt\\\/#\\\/schema\\\/logo\\\/image\\\/\",\"url\":\"https:\\\/\\\/jornaldasoficinas.com\\\/pt\\\/wp-content\\\/uploads\\\/logoJO-SEO.png\",\"contentUrl\":\"https:\\\/\\\/jornaldasoficinas.com\\\/pt\\\/wp-content\\\/uploads\\\/logoJO-SEO.png\",\"width\":285,\"height\":450,\"caption\":\"Jornal das Oficinas\"},\"image\":{\"@id\":\"https:\\\/\\\/jornaldasoficinas.com\\\/pt\\\/#\\\/schema\\\/logo\\\/image\\\/\"},\"sameAs\":[\"https:\\\/\\\/www.facebook.com\\\/jornaloficinas\",\"https:\\\/\\\/x.com\\\/jornaloficinas\",\"https:\\\/\\\/www.instagram.com\\\/jornal_oficinas\\\/\",\"https:\\\/\\\/www.linkedin.com\\\/company\\\/jornal-das-oficinas\\\/\",\"https:\\\/\\\/www.youtube.com\\\/channel\\\/UCbQZBqtcvV-oSQrr7RzINGg\"]},{\"@type\":\"Person\",\"@id\":\"https:\\\/\\\/jornaldasoficinas.com\\\/pt\\\/#\\\/schema\\\/person\\\/a38eef5de2c41d9e7c9ac10141afddf3\",\"name\":\"Reda\u00e7\u00e3o JO\",\"image\":{\"@type\":\"ImageObject\",\"inLanguage\":\"pt-PT\",\"@id\":\"https:\\\/\\\/secure.gravatar.com\\\/avatar\\\/71f2fa71737ad68a84fea94bc708ddac8ea5b0c4788dc2ad202f3ccb2887742f?s=96&d=wp_user_avatar&r=g\",\"url\":\"https:\\\/\\\/secure.gravatar.com\\\/avatar\\\/71f2fa71737ad68a84fea94bc708ddac8ea5b0c4788dc2ad202f3ccb2887742f?s=96&d=wp_user_avatar&r=g\",\"contentUrl\":\"https:\\\/\\\/secure.gravatar.com\\\/avatar\\\/71f2fa71737ad68a84fea94bc708ddac8ea5b0c4788dc2ad202f3ccb2887742f?s=96&d=wp_user_avatar&r=g\",\"caption\":\"Reda\u00e7\u00e3o JO\"},\"url\":\"https:\\\/\\\/jornaldasoficinas.com\\\/pt\\\/author\\\/joredacao\\\/\"}]}<\/script>\n<!-- \/ Yoast SEO plugin. -->","yoast_head_json":{"title":"Procura de VE e h\u00edbridos cresce no mercado de usados - Jornal das Oficinas","robots":{"index":"index","follow":"follow","max-snippet":"max-snippet:-1","max-image-preview":"max-image-preview:large","max-video-preview":"max-video-preview:-1"},"canonical":"https:\/\/jornaldasoficinas.com\/pt\/procura-de-ve-e-hibridos-cresce-no-mercado-de-usados\/","og_locale":"pt_PT","og_type":"article","og_title":"Procura de VE e h\u00edbridos cresce no mercado de usados - Jornal das Oficinas","og_description":"A tend\u00eancia de compra de carros...","og_url":"https:\/\/jornaldasoficinas.com\/pt\/procura-de-ve-e-hibridos-cresce-no-mercado-de-usados\/","og_site_name":"Jornal das Oficinas","article_publisher":"https:\/\/www.facebook.com\/jornaloficinas","article_published_time":"2021-09-16T13:00:15+00:00","og_image":[{"width":1024,"height":581,"url":"https:\/\/jornaldasoficinas.com\/pt\/wp-content\/uploads\/2021\/09\/procura-de-VE-e-hibridos.jpg","type":"image\/jpeg"}],"author":"Reda\u00e7\u00e3o JO","twitter_card":"summary_large_image","twitter_creator":"@jornaloficinas","twitter_site":"@jornaloficinas","twitter_misc":{"Escrito por":"Reda\u00e7\u00e3o JO","Tempo estimado de leitura":"3 minutos"},"schema":{"@context":"https:\/\/schema.org","@graph":[{"@type":"Article","@id":"https:\/\/jornaldasoficinas.com\/pt\/procura-de-ve-e-hibridos-cresce-no-mercado-de-usados\/#article","isPartOf":{"@id":"https:\/\/jornaldasoficinas.com\/pt\/procura-de-ve-e-hibridos-cresce-no-mercado-de-usados\/"},"author":{"name":"Reda\u00e7\u00e3o JO","@id":"https:\/\/jornaldasoficinas.com\/pt\/#\/schema\/person\/a38eef5de2c41d9e7c9ac10141afddf3"},"headline":"Procura de VE e h\u00edbridos cresce no mercado de usados","datePublished":"2021-09-16T13:00:15+00:00","mainEntityOfPage":{"@id":"https:\/\/jornaldasoficinas.com\/pt\/procura-de-ve-e-hibridos-cresce-no-mercado-de-usados\/"},"wordCount":585,"publisher":{"@id":"https:\/\/jornaldasoficinas.com\/pt\/#organization"},"image":{"@id":"https:\/\/jornaldasoficinas.com\/pt\/procura-de-ve-e-hibridos-cresce-no-mercado-de-usados\/#primaryimage"},"thumbnailUrl":"https:\/\/jornaldasoficinas.com\/pt\/wp-content\/uploads\/2021\/09\/procura-de-VE-e-hibridos.jpg","keywords":["CarNext"],"articleSection":["Mercado"],"inLanguage":"pt-PT"},{"@type":"WebPage","@id":"https:\/\/jornaldasoficinas.com\/pt\/procura-de-ve-e-hibridos-cresce-no-mercado-de-usados\/","url":"https:\/\/jornaldasoficinas.com\/pt\/procura-de-ve-e-hibridos-cresce-no-mercado-de-usados\/","name":"Procura de VE e h\u00edbridos cresce no mercado de usados - Jornal das Oficinas","isPartOf":{"@id":"https:\/\/jornaldasoficinas.com\/pt\/#website"},"primaryImageOfPage":{"@id":"https:\/\/jornaldasoficinas.com\/pt\/procura-de-ve-e-hibridos-cresce-no-mercado-de-usados\/#primaryimage"},"image":{"@id":"https:\/\/jornaldasoficinas.com\/pt\/procura-de-ve-e-hibridos-cresce-no-mercado-de-usados\/#primaryimage"},"thumbnailUrl":"https:\/\/jornaldasoficinas.com\/pt\/wp-content\/uploads\/2021\/09\/procura-de-VE-e-hibridos.jpg","datePublished":"2021-09-16T13:00:15+00:00","breadcrumb":{"@id":"https:\/\/jornaldasoficinas.com\/pt\/procura-de-ve-e-hibridos-cresce-no-mercado-de-usados\/#breadcrumb"},"inLanguage":"pt-PT","potentialAction":[{"@type":"ReadAction","target":["https:\/\/jornaldasoficinas.com\/pt\/procura-de-ve-e-hibridos-cresce-no-mercado-de-usados\/"]}]},{"@type":"ImageObject","inLanguage":"pt-PT","@id":"https:\/\/jornaldasoficinas.com\/pt\/procura-de-ve-e-hibridos-cresce-no-mercado-de-usados\/#primaryimage","url":"https:\/\/jornaldasoficinas.com\/pt\/wp-content\/uploads\/2021\/09\/procura-de-VE-e-hibridos.jpg","contentUrl":"https:\/\/jornaldasoficinas.com\/pt\/wp-content\/uploads\/2021\/09\/procura-de-VE-e-hibridos.jpg","width":1024,"height":581,"caption":"09 - procura-de-VE-e-hibridos"},{"@type":"BreadcrumbList","@id":"https:\/\/jornaldasoficinas.com\/pt\/procura-de-ve-e-hibridos-cresce-no-mercado-de-usados\/#breadcrumb","itemListElement":[{"@type":"ListItem","position":1,"name":"In\u00edcio","item":"https:\/\/jornaldasoficinas.com\/pt\/"},{"@type":"ListItem","position":2,"name":"Procura de VE e h\u00edbridos cresce no mercado de usados"}]},{"@type":"WebSite","@id":"https:\/\/jornaldasoficinas.com\/pt\/#website","url":"https:\/\/jornaldasoficinas.com\/pt\/","name":"Jornal das Oficinas","description":"Jornal independente do Aftermarket Autom\u00f3vel em Portugal","publisher":{"@id":"https:\/\/jornaldasoficinas.com\/pt\/#organization"},"potentialAction":[{"@type":"SearchAction","target":{"@type":"EntryPoint","urlTemplate":"https:\/\/jornaldasoficinas.com\/pt\/?s={search_term_string}"},"query-input":{"@type":"PropertyValueSpecification","valueRequired":true,"valueName":"search_term_string"}}],"inLanguage":"pt-PT"},{"@type":"Organization","@id":"https:\/\/jornaldasoficinas.com\/pt\/#organization","name":"Jornal das Oficinas","url":"https:\/\/jornaldasoficinas.com\/pt\/","logo":{"@type":"ImageObject","inLanguage":"pt-PT","@id":"https:\/\/jornaldasoficinas.com\/pt\/#\/schema\/logo\/image\/","url":"https:\/\/jornaldasoficinas.com\/pt\/wp-content\/uploads\/logoJO-SEO.png","contentUrl":"https:\/\/jornaldasoficinas.com\/pt\/wp-content\/uploads\/logoJO-SEO.png","width":285,"height":450,"caption":"Jornal das Oficinas"},"image":{"@id":"https:\/\/jornaldasoficinas.com\/pt\/#\/schema\/logo\/image\/"},"sameAs":["https:\/\/www.facebook.com\/jornaloficinas","https:\/\/x.com\/jornaloficinas","https:\/\/www.instagram.com\/jornal_oficinas\/","https:\/\/www.linkedin.com\/company\/jornal-das-oficinas\/","https:\/\/www.youtube.com\/channel\/UCbQZBqtcvV-oSQrr7RzINGg"]},{"@type":"Person","@id":"https:\/\/jornaldasoficinas.com\/pt\/#\/schema\/person\/a38eef5de2c41d9e7c9ac10141afddf3","name":"Reda\u00e7\u00e3o JO","image":{"@type":"ImageObject","inLanguage":"pt-PT","@id":"https:\/\/secure.gravatar.com\/avatar\/71f2fa71737ad68a84fea94bc708ddac8ea5b0c4788dc2ad202f3ccb2887742f?s=96&d=wp_user_avatar&r=g","url":"https:\/\/secure.gravatar.com\/avatar\/71f2fa71737ad68a84fea94bc708ddac8ea5b0c4788dc2ad202f3ccb2887742f?s=96&d=wp_user_avatar&r=g","contentUrl":"https:\/\/secure.gravatar.com\/avatar\/71f2fa71737ad68a84fea94bc708ddac8ea5b0c4788dc2ad202f3ccb2887742f?s=96&d=wp_user_avatar&r=g","caption":"Reda\u00e7\u00e3o JO"},"url":"https:\/\/jornaldasoficinas.com\/pt\/author\/joredacao\/"}]}},"_links":{"self":[{"href":"https:\/\/jornaldasoficinas.com\/pt\/wp-json\/wp\/v2\/posts\/23700","targetHints":{"allow":["GET"]}}],"collection":[{"href":"https:\/\/jornaldasoficinas.com\/pt\/wp-json\/wp\/v2\/posts"}],"about":[{"href":"https:\/\/jornaldasoficinas.com\/pt\/wp-json\/wp\/v2\/types\/post"}],"author":[{"embeddable":true,"href":"https:\/\/jornaldasoficinas.com\/pt\/wp-json\/wp\/v2\/users\/15"}],"replies":[{"embeddable":true,"href":"https:\/\/jornaldasoficinas.com\/pt\/wp-json\/wp\/v2\/comments?post=23700"}],"version-history":[{"count":0,"href":"https:\/\/jornaldasoficinas.com\/pt\/wp-json\/wp\/v2\/posts\/23700\/revisions"}],"wp:featuredmedia":[{"embeddable":true,"href":"https:\/\/jornaldasoficinas.com\/pt\/wp-json\/wp\/v2\/media\/23697"}],"wp:attachment":[{"href":"https:\/\/jornaldasoficinas.com\/pt\/wp-json\/wp\/v2\/media?parent=23700"}],"wp:term":[{"taxonomy":"category","embeddable":true,"href":"https:\/\/jornaldasoficinas.com\/pt\/wp-json\/wp\/v2\/categories?post=23700"},{"taxonomy":"post_tag","embeddable":true,"href":"https:\/\/jornaldasoficinas.com\/pt\/wp-json\/wp\/v2\/tags?post=23700"}],"curies":[{"name":"wp","href":"https:\/\/api.w.org\/{rel}","templated":true}]}}