{"id":23866,"date":"2021-09-23T12:00:24","date_gmt":"2021-09-23T11:00:24","guid":{"rendered":"https:\/\/jornaldasoficinas.com\/pt\/?p=23866"},"modified":"2023-07-20T16:12:59","modified_gmt":"2023-07-20T15:12:59","slug":"luis-simoes-mais-digital-do-que-nunca","status":"publish","type":"post","link":"https:\/\/jornaldasoficinas.com\/pt\/luis-simoes-mais-digital-do-que-nunca\/","title":{"rendered":"Lu\u00eds Sim\u00f5es mais digital do que nunca"},"content":{"rendered":"<p><img loading=\"lazy\" decoding=\"async\" class=\"alignnone size-full wp-image-23851\" src=\"https:\/\/jornaldasoficinas.com\/pt\/wp-content\/uploads\/2021\/09\/luis-simoes.jpg\" alt=\"09 - luis-simoes\" width=\"1024\" height=\"581\" srcset=\"https:\/\/jornaldasoficinas.com\/pt\/wp-content\/uploads\/2021\/09\/luis-simoes.jpg 1024w, https:\/\/jornaldasoficinas.com\/pt\/wp-content\/uploads\/2021\/09\/luis-simoes-300x170.jpg 300w, https:\/\/jornaldasoficinas.com\/pt\/wp-content\/uploads\/2021\/09\/luis-simoes-150x85.jpg 150w, https:\/\/jornaldasoficinas.com\/pt\/wp-content\/uploads\/2021\/09\/luis-simoes-768x436.jpg 768w\" sizes=\"auto, (max-width: 1024px) 100vw, 1024px\" \/><\/p>\n<p><strong>Gra\u00e7as ao impulso da pandemia, em 2020 e 2021 a <a href=\"https:\/\/www.luis-simoes.com\/\" target=\"_blank\" rel=\"noopener\">Lu\u00eds Sim\u00f5es<\/a> implementou ferramentas digitais inovadoras, tanto nas opera\u00e7\u00f5es de neg\u00f3cio como de suporte<\/strong><\/p>\n<p>Os processos realizados em papel, as chamadas telef\u00f3nicas e outros m\u00e9todos anal\u00f3gicos s\u00e3o coisa do passado para a\u00a0Lu\u00eds Sim\u00f5es. Ap\u00f3s uma forte aposta na automatiza\u00e7\u00e3o dos seus centros log\u00edsticos, a empresa est\u00e1 a acelerar a transforma\u00e7\u00e3o digital das suas opera\u00e7\u00f5es de neg\u00f3cio e suporte.<\/p>\n<p>\u201cOs anos 2020 e 2021, marcados pela pandemia e pela ado\u00e7\u00e3o massiva e continuada do teletrabalho, criaram o cen\u00e1rio ideal para refor\u00e7armos a nossa digitaliza\u00e7\u00e3o,\u201d\u00a0destaca\u00a0Pedro Ventura, Diretor de Processos e Compliance da\u00a0Lu\u00eds Sim\u00f5es. \u201cIntegr\u00e1mos novas capacidades digitais nas nossas opera\u00e7\u00f5es, no servi\u00e7o ao cliente e tamb\u00e9m nos processos internos.\u201d<\/p>\n<p>Os operadores log\u00edsticos tradicionais enfrentam desafios como a subutiliza\u00e7\u00e3o de ativos, processos manuais ineficientes e interfaces de clientes antiquadas, que fazem aumentar os tempos de resposta. Em sentido contr\u00e1rio,\u00a0a log\u00edstica digital garante a otimiza\u00e7\u00e3o, a visibilidade e a colabora\u00e7\u00e3o\u00a0entre todos os elos da cadeia de abastecimento.<\/p>\n<p><strong>Metodologia, tecnologias e recursos<br \/>\n<\/strong>Para alcan\u00e7ar estes objetivos, a empresa elegeu um conjunto de processos com potencial e uma equipa de gestores que tem liderado diversos projetos, tanto em entidades externas (fornecedores e clientes) como em departamentos internos. Entre eles, destacam-se:<\/p>\n<p>&#8211; Caixas de correio centralizadas para gerir pedidos externos. De forma a otimizar o fluxo de comunica\u00e7\u00e3o com clientes e fornecedores, a ferramenta\u00a0Softexpert\u00a0reencaminha os e-mails a um primeiro grupo de\u00a0front office, que pode resolver o assunto ou reenvia-o para diferentes \u00e1reas de\u00a0back office, mantendo sempre o controlo sobre a resposta.<\/p>\n<p>Os processos permitem, por exemplo, verificar em tempo real todo o hist\u00f3rico de um pedido e as respostas enviadas. A avalia\u00e7\u00e3o de clientes e fornecedores feita diariamente determinou uma classifica\u00e7\u00e3o da qualidade de resposta superior a 4, numa escala at\u00e9 5, e num ano foi poss\u00edvel responder a uma m\u00e9dia de 400 solicita\u00e7\u00f5es di\u00e1rias (e-mails, chamadas e outros processos anal\u00f3gicos) atrav\u00e9s de processos automatizados que, em breve, permitir\u00e3o aumentar para as 2.000 solicita\u00e7\u00f5es di\u00e1rias.<\/p>\n<p>&#8211; Guias de remessa digitais. O processo sistematiza em formato digital todas as guias de remessa emitidas pelos clientes da LS em diversos formatos, possibilitando o seguimento da mercadoria a partir do momento em que \u00e9 carregada num ve\u00edculo, em qualquer dos centros de opera\u00e7\u00f5es da\u00a0Lu\u00eds Sim\u00f5es.<\/p>\n<p>Armazenada num reposit\u00f3rio digital na rede da empresa, a guia de remessa pode ser impressa e agrafada automaticamente em qualquer s\u00edtio da rede de distribui\u00e7\u00e3o ib\u00e9rica da LS para acompanhar a entrega. O processo elimina a utiliza\u00e7\u00e3o desnecess\u00e1ria de papel, evita a perda de documentos, reduz custos e maximiza a produtividade e o controlo. Com este sistema foi poss\u00edvel poupar mais de 80 horas de trabalho di\u00e1rias.<\/p>\n<p>&#8211;\u00a0\u00a0e-CMR. Ainda em fase de implementa\u00e7\u00e3o, o processo permite a emiss\u00e3o do CMR em formato digital, o que pode ser feito pelo operador log\u00edstico, pela transportadora, pelo cliente e pelo condutor. A ferramenta digital \u2013 que ser\u00e1 obrigat\u00f3ria na UE nos pr\u00f3ximos anos \u2013 elimina o papel e permite dispor de toda a informa\u00e7\u00e3o relativa a uma mercadoria em apenas um clique, incluindo documentos, fotograf\u00edas, incidentes e a rastreabilidade de todas as opera\u00e7\u00f5es de carga, com data\/hora e localiza\u00e7\u00e3o.<\/p>\n<p>A transforma\u00e7\u00e3o digital do setor log\u00edstico\u00a0permite otimizar os processos, aumentar a produtividade e reduzir o risco, com o objetivo final de entregar o produto aos clientes com a qualidade e o custo adequados.<\/p>\n<p>\u201cNa Lu\u00eds Sim\u00f5es acreditamos que a digitaliza\u00e7\u00e3o deve acontecer a partir de dentro e de forma continuada, concebendo e adotando internamente uma cultura digital capaz de transformar a empresa, para que esta consiga alcan\u00e7ar resultados globais e fazer evoluir os objetivos estabelecidos pela estrat\u00e9gia definida,\u201d\u00a0conclui\u00a0Pedro Ventura.<\/p>\n","protected":false},"excerpt":{"rendered":"<p>Gra\u00e7as ao impulso da pandemia, em&#8230;<\/p>\n","protected":false},"author":15,"featured_media":23851,"comment_status":"closed","ping_status":"closed","sticky":false,"template":"","format":"standard","meta":{"footnotes":""},"categories":[29],"tags":[1213],"class_list":["post-23866","post","type-post","status-publish","format-standard","has-post-thumbnail","hentry","category-empresas","tag-luis-simoes"],"yoast_head":"<!-- This site is optimized with the Yoast SEO plugin v27.4 - https:\/\/yoast.com\/product\/yoast-seo-wordpress\/ -->\n<title>Lu\u00eds Sim\u00f5es mais digital do que nunca - Jornal das Oficinas<\/title>\n<meta name=\"robots\" content=\"index, follow, max-snippet:-1, max-image-preview:large, max-video-preview:-1\" \/>\n<link rel=\"canonical\" href=\"https:\/\/jornaldasoficinas.com\/pt\/luis-simoes-mais-digital-do-que-nunca\/\" \/>\n<meta property=\"og:locale\" content=\"pt_PT\" \/>\n<meta property=\"og:type\" content=\"article\" \/>\n<meta property=\"og:title\" content=\"Lu\u00eds Sim\u00f5es mais digital do que nunca - Jornal das Oficinas\" \/>\n<meta property=\"og:description\" content=\"Gra\u00e7as ao impulso da pandemia, em...\" \/>\n<meta property=\"og:url\" content=\"https:\/\/jornaldasoficinas.com\/pt\/luis-simoes-mais-digital-do-que-nunca\/\" \/>\n<meta property=\"og:site_name\" content=\"Jornal das Oficinas\" \/>\n<meta property=\"article:publisher\" content=\"https:\/\/www.facebook.com\/jornaloficinas\" \/>\n<meta property=\"article:published_time\" content=\"2021-09-23T11:00:24+00:00\" \/>\n<meta property=\"article:modified_time\" content=\"2023-07-20T15:12:59+00:00\" \/>\n<meta property=\"og:image\" content=\"https:\/\/jornaldasoficinas.com\/pt\/wp-content\/uploads\/2021\/09\/luis-simoes.jpg\" \/>\n\t<meta property=\"og:image:width\" content=\"1024\" \/>\n\t<meta property=\"og:image:height\" content=\"581\" \/>\n\t<meta property=\"og:image:type\" content=\"image\/jpeg\" \/>\n<meta name=\"author\" content=\"Reda\u00e7\u00e3o JO\" \/>\n<meta name=\"twitter:card\" content=\"summary_large_image\" \/>\n<meta name=\"twitter:creator\" content=\"@jornaloficinas\" \/>\n<meta name=\"twitter:site\" content=\"@jornaloficinas\" \/>\n<meta name=\"twitter:label1\" content=\"Escrito por\" \/>\n\t<meta name=\"twitter:data1\" content=\"Reda\u00e7\u00e3o JO\" \/>\n\t<meta name=\"twitter:label2\" content=\"Tempo estimado de leitura\" \/>\n\t<meta name=\"twitter:data2\" content=\"3 minutos\" \/>\n<script type=\"application\/ld+json\" class=\"yoast-schema-graph\">{\"@context\":\"https:\\\/\\\/schema.org\",\"@graph\":[{\"@type\":\"Article\",\"@id\":\"https:\\\/\\\/jornaldasoficinas.com\\\/pt\\\/luis-simoes-mais-digital-do-que-nunca\\\/#article\",\"isPartOf\":{\"@id\":\"https:\\\/\\\/jornaldasoficinas.com\\\/pt\\\/luis-simoes-mais-digital-do-que-nunca\\\/\"},\"author\":{\"name\":\"Reda\u00e7\u00e3o JO\",\"@id\":\"https:\\\/\\\/jornaldasoficinas.com\\\/pt\\\/#\\\/schema\\\/person\\\/a38eef5de2c41d9e7c9ac10141afddf3\"},\"headline\":\"Lu\u00eds Sim\u00f5es mais digital do que nunca\",\"datePublished\":\"2021-09-23T11:00:24+00:00\",\"dateModified\":\"2023-07-20T15:12:59+00:00\",\"mainEntityOfPage\":{\"@id\":\"https:\\\/\\\/jornaldasoficinas.com\\\/pt\\\/luis-simoes-mais-digital-do-que-nunca\\\/\"},\"wordCount\":688,\"publisher\":{\"@id\":\"https:\\\/\\\/jornaldasoficinas.com\\\/pt\\\/#organization\"},\"image\":{\"@id\":\"https:\\\/\\\/jornaldasoficinas.com\\\/pt\\\/luis-simoes-mais-digital-do-que-nunca\\\/#primaryimage\"},\"thumbnailUrl\":\"https:\\\/\\\/jornaldasoficinas.com\\\/pt\\\/wp-content\\\/uploads\\\/2021\\\/09\\\/luis-simoes.jpg\",\"keywords\":[\"Lu\u00eds Sim\u00f5es\"],\"articleSection\":[\"Empresas\"],\"inLanguage\":\"pt-PT\"},{\"@type\":\"WebPage\",\"@id\":\"https:\\\/\\\/jornaldasoficinas.com\\\/pt\\\/luis-simoes-mais-digital-do-que-nunca\\\/\",\"url\":\"https:\\\/\\\/jornaldasoficinas.com\\\/pt\\\/luis-simoes-mais-digital-do-que-nunca\\\/\",\"name\":\"Lu\u00eds Sim\u00f5es mais digital do que nunca - Jornal das Oficinas\",\"isPartOf\":{\"@id\":\"https:\\\/\\\/jornaldasoficinas.com\\\/pt\\\/#website\"},\"primaryImageOfPage\":{\"@id\":\"https:\\\/\\\/jornaldasoficinas.com\\\/pt\\\/luis-simoes-mais-digital-do-que-nunca\\\/#primaryimage\"},\"image\":{\"@id\":\"https:\\\/\\\/jornaldasoficinas.com\\\/pt\\\/luis-simoes-mais-digital-do-que-nunca\\\/#primaryimage\"},\"thumbnailUrl\":\"https:\\\/\\\/jornaldasoficinas.com\\\/pt\\\/wp-content\\\/uploads\\\/2021\\\/09\\\/luis-simoes.jpg\",\"datePublished\":\"2021-09-23T11:00:24+00:00\",\"dateModified\":\"2023-07-20T15:12:59+00:00\",\"breadcrumb\":{\"@id\":\"https:\\\/\\\/jornaldasoficinas.com\\\/pt\\\/luis-simoes-mais-digital-do-que-nunca\\\/#breadcrumb\"},\"inLanguage\":\"pt-PT\",\"potentialAction\":[{\"@type\":\"ReadAction\",\"target\":[\"https:\\\/\\\/jornaldasoficinas.com\\\/pt\\\/luis-simoes-mais-digital-do-que-nunca\\\/\"]}]},{\"@type\":\"ImageObject\",\"inLanguage\":\"pt-PT\",\"@id\":\"https:\\\/\\\/jornaldasoficinas.com\\\/pt\\\/luis-simoes-mais-digital-do-que-nunca\\\/#primaryimage\",\"url\":\"https:\\\/\\\/jornaldasoficinas.com\\\/pt\\\/wp-content\\\/uploads\\\/2021\\\/09\\\/luis-simoes.jpg\",\"contentUrl\":\"https:\\\/\\\/jornaldasoficinas.com\\\/pt\\\/wp-content\\\/uploads\\\/2021\\\/09\\\/luis-simoes.jpg\",\"width\":1024,\"height\":581,\"caption\":\"09 - luis-simoes\"},{\"@type\":\"BreadcrumbList\",\"@id\":\"https:\\\/\\\/jornaldasoficinas.com\\\/pt\\\/luis-simoes-mais-digital-do-que-nunca\\\/#breadcrumb\",\"itemListElement\":[{\"@type\":\"ListItem\",\"position\":1,\"name\":\"In\u00edcio\",\"item\":\"https:\\\/\\\/jornaldasoficinas.com\\\/pt\\\/\"},{\"@type\":\"ListItem\",\"position\":2,\"name\":\"Lu\u00eds Sim\u00f5es mais digital do que nunca\"}]},{\"@type\":\"WebSite\",\"@id\":\"https:\\\/\\\/jornaldasoficinas.com\\\/pt\\\/#website\",\"url\":\"https:\\\/\\\/jornaldasoficinas.com\\\/pt\\\/\",\"name\":\"Jornal das Oficinas\",\"description\":\"Jornal independente do Aftermarket Autom\u00f3vel em Portugal\",\"publisher\":{\"@id\":\"https:\\\/\\\/jornaldasoficinas.com\\\/pt\\\/#organization\"},\"potentialAction\":[{\"@type\":\"SearchAction\",\"target\":{\"@type\":\"EntryPoint\",\"urlTemplate\":\"https:\\\/\\\/jornaldasoficinas.com\\\/pt\\\/?s={search_term_string}\"},\"query-input\":{\"@type\":\"PropertyValueSpecification\",\"valueRequired\":true,\"valueName\":\"search_term_string\"}}],\"inLanguage\":\"pt-PT\"},{\"@type\":\"Organization\",\"@id\":\"https:\\\/\\\/jornaldasoficinas.com\\\/pt\\\/#organization\",\"name\":\"Jornal das Oficinas\",\"url\":\"https:\\\/\\\/jornaldasoficinas.com\\\/pt\\\/\",\"logo\":{\"@type\":\"ImageObject\",\"inLanguage\":\"pt-PT\",\"@id\":\"https:\\\/\\\/jornaldasoficinas.com\\\/pt\\\/#\\\/schema\\\/logo\\\/image\\\/\",\"url\":\"https:\\\/\\\/jornaldasoficinas.com\\\/pt\\\/wp-content\\\/uploads\\\/logoJO-SEO.png\",\"contentUrl\":\"https:\\\/\\\/jornaldasoficinas.com\\\/pt\\\/wp-content\\\/uploads\\\/logoJO-SEO.png\",\"width\":285,\"height\":450,\"caption\":\"Jornal das Oficinas\"},\"image\":{\"@id\":\"https:\\\/\\\/jornaldasoficinas.com\\\/pt\\\/#\\\/schema\\\/logo\\\/image\\\/\"},\"sameAs\":[\"https:\\\/\\\/www.facebook.com\\\/jornaloficinas\",\"https:\\\/\\\/x.com\\\/jornaloficinas\",\"https:\\\/\\\/www.instagram.com\\\/jornal_oficinas\\\/\",\"https:\\\/\\\/www.linkedin.com\\\/company\\\/jornal-das-oficinas\\\/\",\"https:\\\/\\\/www.youtube.com\\\/channel\\\/UCbQZBqtcvV-oSQrr7RzINGg\"]},{\"@type\":\"Person\",\"@id\":\"https:\\\/\\\/jornaldasoficinas.com\\\/pt\\\/#\\\/schema\\\/person\\\/a38eef5de2c41d9e7c9ac10141afddf3\",\"name\":\"Reda\u00e7\u00e3o JO\",\"image\":{\"@type\":\"ImageObject\",\"inLanguage\":\"pt-PT\",\"@id\":\"https:\\\/\\\/secure.gravatar.com\\\/avatar\\\/71f2fa71737ad68a84fea94bc708ddac8ea5b0c4788dc2ad202f3ccb2887742f?s=96&d=wp_user_avatar&r=g\",\"url\":\"https:\\\/\\\/secure.gravatar.com\\\/avatar\\\/71f2fa71737ad68a84fea94bc708ddac8ea5b0c4788dc2ad202f3ccb2887742f?s=96&d=wp_user_avatar&r=g\",\"contentUrl\":\"https:\\\/\\\/secure.gravatar.com\\\/avatar\\\/71f2fa71737ad68a84fea94bc708ddac8ea5b0c4788dc2ad202f3ccb2887742f?s=96&d=wp_user_avatar&r=g\",\"caption\":\"Reda\u00e7\u00e3o JO\"},\"url\":\"https:\\\/\\\/jornaldasoficinas.com\\\/pt\\\/author\\\/joredacao\\\/\"}]}<\/script>\n<!-- \/ Yoast SEO plugin. -->","yoast_head_json":{"title":"Lu\u00eds Sim\u00f5es mais digital do que nunca - Jornal das Oficinas","robots":{"index":"index","follow":"follow","max-snippet":"max-snippet:-1","max-image-preview":"max-image-preview:large","max-video-preview":"max-video-preview:-1"},"canonical":"https:\/\/jornaldasoficinas.com\/pt\/luis-simoes-mais-digital-do-que-nunca\/","og_locale":"pt_PT","og_type":"article","og_title":"Lu\u00eds Sim\u00f5es mais digital do que nunca - Jornal das Oficinas","og_description":"Gra\u00e7as ao impulso da pandemia, em...","og_url":"https:\/\/jornaldasoficinas.com\/pt\/luis-simoes-mais-digital-do-que-nunca\/","og_site_name":"Jornal das Oficinas","article_publisher":"https:\/\/www.facebook.com\/jornaloficinas","article_published_time":"2021-09-23T11:00:24+00:00","article_modified_time":"2023-07-20T15:12:59+00:00","og_image":[{"width":1024,"height":581,"url":"https:\/\/jornaldasoficinas.com\/pt\/wp-content\/uploads\/2021\/09\/luis-simoes.jpg","type":"image\/jpeg"}],"author":"Reda\u00e7\u00e3o JO","twitter_card":"summary_large_image","twitter_creator":"@jornaloficinas","twitter_site":"@jornaloficinas","twitter_misc":{"Escrito por":"Reda\u00e7\u00e3o JO","Tempo estimado de leitura":"3 minutos"},"schema":{"@context":"https:\/\/schema.org","@graph":[{"@type":"Article","@id":"https:\/\/jornaldasoficinas.com\/pt\/luis-simoes-mais-digital-do-que-nunca\/#article","isPartOf":{"@id":"https:\/\/jornaldasoficinas.com\/pt\/luis-simoes-mais-digital-do-que-nunca\/"},"author":{"name":"Reda\u00e7\u00e3o JO","@id":"https:\/\/jornaldasoficinas.com\/pt\/#\/schema\/person\/a38eef5de2c41d9e7c9ac10141afddf3"},"headline":"Lu\u00eds Sim\u00f5es mais digital do que nunca","datePublished":"2021-09-23T11:00:24+00:00","dateModified":"2023-07-20T15:12:59+00:00","mainEntityOfPage":{"@id":"https:\/\/jornaldasoficinas.com\/pt\/luis-simoes-mais-digital-do-que-nunca\/"},"wordCount":688,"publisher":{"@id":"https:\/\/jornaldasoficinas.com\/pt\/#organization"},"image":{"@id":"https:\/\/jornaldasoficinas.com\/pt\/luis-simoes-mais-digital-do-que-nunca\/#primaryimage"},"thumbnailUrl":"https:\/\/jornaldasoficinas.com\/pt\/wp-content\/uploads\/2021\/09\/luis-simoes.jpg","keywords":["Lu\u00eds Sim\u00f5es"],"articleSection":["Empresas"],"inLanguage":"pt-PT"},{"@type":"WebPage","@id":"https:\/\/jornaldasoficinas.com\/pt\/luis-simoes-mais-digital-do-que-nunca\/","url":"https:\/\/jornaldasoficinas.com\/pt\/luis-simoes-mais-digital-do-que-nunca\/","name":"Lu\u00eds Sim\u00f5es mais digital do que nunca - Jornal das Oficinas","isPartOf":{"@id":"https:\/\/jornaldasoficinas.com\/pt\/#website"},"primaryImageOfPage":{"@id":"https:\/\/jornaldasoficinas.com\/pt\/luis-simoes-mais-digital-do-que-nunca\/#primaryimage"},"image":{"@id":"https:\/\/jornaldasoficinas.com\/pt\/luis-simoes-mais-digital-do-que-nunca\/#primaryimage"},"thumbnailUrl":"https:\/\/jornaldasoficinas.com\/pt\/wp-content\/uploads\/2021\/09\/luis-simoes.jpg","datePublished":"2021-09-23T11:00:24+00:00","dateModified":"2023-07-20T15:12:59+00:00","breadcrumb":{"@id":"https:\/\/jornaldasoficinas.com\/pt\/luis-simoes-mais-digital-do-que-nunca\/#breadcrumb"},"inLanguage":"pt-PT","potentialAction":[{"@type":"ReadAction","target":["https:\/\/jornaldasoficinas.com\/pt\/luis-simoes-mais-digital-do-que-nunca\/"]}]},{"@type":"ImageObject","inLanguage":"pt-PT","@id":"https:\/\/jornaldasoficinas.com\/pt\/luis-simoes-mais-digital-do-que-nunca\/#primaryimage","url":"https:\/\/jornaldasoficinas.com\/pt\/wp-content\/uploads\/2021\/09\/luis-simoes.jpg","contentUrl":"https:\/\/jornaldasoficinas.com\/pt\/wp-content\/uploads\/2021\/09\/luis-simoes.jpg","width":1024,"height":581,"caption":"09 - luis-simoes"},{"@type":"BreadcrumbList","@id":"https:\/\/jornaldasoficinas.com\/pt\/luis-simoes-mais-digital-do-que-nunca\/#breadcrumb","itemListElement":[{"@type":"ListItem","position":1,"name":"In\u00edcio","item":"https:\/\/jornaldasoficinas.com\/pt\/"},{"@type":"ListItem","position":2,"name":"Lu\u00eds Sim\u00f5es mais digital do que nunca"}]},{"@type":"WebSite","@id":"https:\/\/jornaldasoficinas.com\/pt\/#website","url":"https:\/\/jornaldasoficinas.com\/pt\/","name":"Jornal das Oficinas","description":"Jornal independente do Aftermarket Autom\u00f3vel em Portugal","publisher":{"@id":"https:\/\/jornaldasoficinas.com\/pt\/#organization"},"potentialAction":[{"@type":"SearchAction","target":{"@type":"EntryPoint","urlTemplate":"https:\/\/jornaldasoficinas.com\/pt\/?s={search_term_string}"},"query-input":{"@type":"PropertyValueSpecification","valueRequired":true,"valueName":"search_term_string"}}],"inLanguage":"pt-PT"},{"@type":"Organization","@id":"https:\/\/jornaldasoficinas.com\/pt\/#organization","name":"Jornal das Oficinas","url":"https:\/\/jornaldasoficinas.com\/pt\/","logo":{"@type":"ImageObject","inLanguage":"pt-PT","@id":"https:\/\/jornaldasoficinas.com\/pt\/#\/schema\/logo\/image\/","url":"https:\/\/jornaldasoficinas.com\/pt\/wp-content\/uploads\/logoJO-SEO.png","contentUrl":"https:\/\/jornaldasoficinas.com\/pt\/wp-content\/uploads\/logoJO-SEO.png","width":285,"height":450,"caption":"Jornal das Oficinas"},"image":{"@id":"https:\/\/jornaldasoficinas.com\/pt\/#\/schema\/logo\/image\/"},"sameAs":["https:\/\/www.facebook.com\/jornaloficinas","https:\/\/x.com\/jornaloficinas","https:\/\/www.instagram.com\/jornal_oficinas\/","https:\/\/www.linkedin.com\/company\/jornal-das-oficinas\/","https:\/\/www.youtube.com\/channel\/UCbQZBqtcvV-oSQrr7RzINGg"]},{"@type":"Person","@id":"https:\/\/jornaldasoficinas.com\/pt\/#\/schema\/person\/a38eef5de2c41d9e7c9ac10141afddf3","name":"Reda\u00e7\u00e3o JO","image":{"@type":"ImageObject","inLanguage":"pt-PT","@id":"https:\/\/secure.gravatar.com\/avatar\/71f2fa71737ad68a84fea94bc708ddac8ea5b0c4788dc2ad202f3ccb2887742f?s=96&d=wp_user_avatar&r=g","url":"https:\/\/secure.gravatar.com\/avatar\/71f2fa71737ad68a84fea94bc708ddac8ea5b0c4788dc2ad202f3ccb2887742f?s=96&d=wp_user_avatar&r=g","contentUrl":"https:\/\/secure.gravatar.com\/avatar\/71f2fa71737ad68a84fea94bc708ddac8ea5b0c4788dc2ad202f3ccb2887742f?s=96&d=wp_user_avatar&r=g","caption":"Reda\u00e7\u00e3o JO"},"url":"https:\/\/jornaldasoficinas.com\/pt\/author\/joredacao\/"}]}},"_links":{"self":[{"href":"https:\/\/jornaldasoficinas.com\/pt\/wp-json\/wp\/v2\/posts\/23866","targetHints":{"allow":["GET"]}}],"collection":[{"href":"https:\/\/jornaldasoficinas.com\/pt\/wp-json\/wp\/v2\/posts"}],"about":[{"href":"https:\/\/jornaldasoficinas.com\/pt\/wp-json\/wp\/v2\/types\/post"}],"author":[{"embeddable":true,"href":"https:\/\/jornaldasoficinas.com\/pt\/wp-json\/wp\/v2\/users\/15"}],"replies":[{"embeddable":true,"href":"https:\/\/jornaldasoficinas.com\/pt\/wp-json\/wp\/v2\/comments?post=23866"}],"version-history":[{"count":0,"href":"https:\/\/jornaldasoficinas.com\/pt\/wp-json\/wp\/v2\/posts\/23866\/revisions"}],"wp:featuredmedia":[{"embeddable":true,"href":"https:\/\/jornaldasoficinas.com\/pt\/wp-json\/wp\/v2\/media\/23851"}],"wp:attachment":[{"href":"https:\/\/jornaldasoficinas.com\/pt\/wp-json\/wp\/v2\/media?parent=23866"}],"wp:term":[{"taxonomy":"category","embeddable":true,"href":"https:\/\/jornaldasoficinas.com\/pt\/wp-json\/wp\/v2\/categories?post=23866"},{"taxonomy":"post_tag","embeddable":true,"href":"https:\/\/jornaldasoficinas.com\/pt\/wp-json\/wp\/v2\/tags?post=23866"}],"curies":[{"name":"wp","href":"https:\/\/api.w.org\/{rel}","templated":true}]}}