{"id":23889,"date":"2021-09-23T09:00:56","date_gmt":"2021-09-23T08:00:56","guid":{"rendered":"https:\/\/jornaldasoficinas.com\/pt\/?p=23889"},"modified":"2021-09-22T10:38:08","modified_gmt":"2021-09-22T09:38:08","slug":"viagens-de-veiculos-eletricos-registam-aumento-212","status":"publish","type":"post","link":"https:\/\/jornaldasoficinas.com\/pt\/viagens-de-veiculos-eletricos-registam-aumento-212\/","title":{"rendered":"Viagens de Ve\u00edculos El\u00e9tricos registam aumento 212%"},"content":{"rendered":"<p><strong><img loading=\"lazy\" decoding=\"async\" class=\"alignnone size-full wp-image-23855\" src=\"https:\/\/jornaldasoficinas.com\/pt\/wp-content\/uploads\/2021\/09\/Viagens-de-Veiculos-Eletricos.jpg\" alt=\"09 - Viagens-de-Veiculos-Eletricos\" width=\"1024\" height=\"581\" srcset=\"https:\/\/jornaldasoficinas.com\/pt\/wp-content\/uploads\/2021\/09\/Viagens-de-Veiculos-Eletricos.jpg 1024w, https:\/\/jornaldasoficinas.com\/pt\/wp-content\/uploads\/2021\/09\/Viagens-de-Veiculos-Eletricos-300x170.jpg 300w, https:\/\/jornaldasoficinas.com\/pt\/wp-content\/uploads\/2021\/09\/Viagens-de-Veiculos-Eletricos-150x85.jpg 150w, https:\/\/jornaldasoficinas.com\/pt\/wp-content\/uploads\/2021\/09\/Viagens-de-Veiculos-Eletricos-768x436.jpg 768w\" sizes=\"auto, (max-width: 1024px) 100vw, 1024px\" \/><\/strong><\/p>\n<p><strong>Desde que a <a href=\"https:\/\/free-now.com\/pt\/\" target=\"_blank\" rel=\"noopener\">FREE NOW<\/a> lan\u00e7ou a iniciativa \u201cMake a Move \u201d, com o intuito de atingir a neutralidade carb\u00f3nica at\u00e9 2030, a plataforma de mobilidade assinalou um crescimento de 67% no n\u00famero de BEV e de 71% no total de motoristas ativos a optarem por esta solu\u00e7\u00e3o<\/strong><\/p>\n<p>Aproveitando o arranque da Semana Europeia da Mobilidade (de 16 a 22 de setembro),\u00a0subordinada ao tema da mobilidade sustent\u00e1vel,\u00a0a FREE NOW acaba de revelar alguns dos resultados j\u00e1 alcan\u00e7ados no \u00e2mbito da iniciativa \u201cMake a Move\u201d. Al\u00e9m dos n\u00fameros j\u00e1 divulgados sobre a realidade portuguesa, a FREE NOW\u00a0destaca\u00a0ainda que, atualmente, a quota de viagens em territ\u00f3rio nacional de BEV (Battery Eletric Vehicules \u2013 Ve\u00edculos El\u00e9tricos) face ao total\u00a0\u00e9 agora de 26%.<\/p>\n<p><strong>Os consumidores europeus preferem op\u00e7\u00f5es de mobilidade mais sustent\u00e1veis<br \/>\n<\/strong>Al\u00e9m de promover meios de transporte mais sustent\u00e1veis, a FREE NOW lan\u00e7ou igualmente um inqu\u00e9rito aos seus utilizadores a n\u00edvel europeu. As quest\u00f5es foram partilhadas online e os respondentes s\u00e3o provenientes de pa\u00edses como \u00c1ustria, Alemanha, Fran\u00e7a, It\u00e1lia, Portugal, Espanha, Irlanda, Pol\u00f3nia, Rom\u00e9nia e Reino Unido. Este estudo mostra que:<\/p>\n<ul>\n<li>7 em cada 10 europeus responde \u201cmuito\u201d quando questionado sobre se prefere uma mobilidade mais sustent\u00e1vel;<\/li>\n<li>Quase 50% dos inquiridos afirma valorizar \u201cmuito mais\u201d viajar em ve\u00edculos el\u00e9tricos e 65% confessa que gostaria de ter uma op\u00e7\u00e3o-padr\u00e3o por BEV na aplica\u00e7\u00e3o;<\/li>\n<li>E quase 20% mostra-se disposto a pagar mais por viagem de BEV do que por outro tipo de ve\u00edculos.<\/li>\n<\/ul>\n<p>\u201cTodos os n\u00fameros que agora revelamos, quer sejam relativos \u00e0 nossa opera\u00e7\u00e3o nacional e internacional ou mesmo relacionados com o inqu\u00e9rito lan\u00e7ado a n\u00edvel europeu, deixam claro que existe uma cada vez maior consciencializa\u00e7\u00e3o dos consumidores para a necessidade de se moverem de forma mais sustent\u00e1vel. \u00c9 uma evid\u00eancia \u00e0 qual n\u00e3o fugimos e para a qual nos temos vindo a preparar no sentido de responder da melhor forma \u00e0s pretens\u00f5es de quem procura os nossos servi\u00e7os. Os objetivos definidos at\u00e9 2030 s\u00e3o bastante ambiciosos, mas perfeitamente exequ\u00edveis e julgo at\u00e9 que em Portugal, pela evolu\u00e7\u00e3o e aceita\u00e7\u00e3o que o mercado tem tido,\u00a0acreditamos que iremos atingir estas metas antes do previsto\u201d, revela\u00a0Bruno Borges, Country Manager da FREE NOW.<\/p>\n","protected":false},"excerpt":{"rendered":"<p>Desde que a FREE NOW lan\u00e7ou&#8230;<\/p>\n","protected":false},"author":15,"featured_media":23855,"comment_status":"closed","ping_status":"closed","sticky":false,"template":"","format":"standard","meta":{"footnotes":""},"categories":[37],"tags":[1672],"class_list":["post-23889","post","type-post","status-publish","format-standard","has-post-thumbnail","hentry","category-mercado","tag-free-now"],"yoast_head":"<!-- This site is optimized with the Yoast SEO plugin v27.4 - https:\/\/yoast.com\/product\/yoast-seo-wordpress\/ -->\n<title>Viagens de Ve\u00edculos El\u00e9tricos registam aumento 212% - Jornal das Oficinas<\/title>\n<meta name=\"robots\" content=\"index, follow, max-snippet:-1, max-image-preview:large, max-video-preview:-1\" \/>\n<link rel=\"canonical\" href=\"https:\/\/jornaldasoficinas.com\/pt\/viagens-de-veiculos-eletricos-registam-aumento-212\/\" \/>\n<meta property=\"og:locale\" content=\"pt_PT\" \/>\n<meta property=\"og:type\" content=\"article\" \/>\n<meta property=\"og:title\" content=\"Viagens de Ve\u00edculos El\u00e9tricos registam aumento 212% - Jornal das Oficinas\" \/>\n<meta property=\"og:description\" content=\"Desde que a FREE NOW lan\u00e7ou...\" \/>\n<meta property=\"og:url\" content=\"https:\/\/jornaldasoficinas.com\/pt\/viagens-de-veiculos-eletricos-registam-aumento-212\/\" \/>\n<meta property=\"og:site_name\" content=\"Jornal das Oficinas\" \/>\n<meta property=\"article:publisher\" content=\"https:\/\/www.facebook.com\/jornaloficinas\" \/>\n<meta property=\"article:published_time\" content=\"2021-09-23T08:00:56+00:00\" \/>\n<meta property=\"og:image\" content=\"https:\/\/jornaldasoficinas.com\/pt\/wp-content\/uploads\/2021\/09\/Viagens-de-Veiculos-Eletricos.jpg\" \/>\n\t<meta property=\"og:image:width\" content=\"1024\" \/>\n\t<meta property=\"og:image:height\" content=\"581\" \/>\n\t<meta property=\"og:image:type\" content=\"image\/jpeg\" \/>\n<meta name=\"author\" content=\"Reda\u00e7\u00e3o JO\" \/>\n<meta name=\"twitter:card\" content=\"summary_large_image\" \/>\n<meta name=\"twitter:creator\" content=\"@jornaloficinas\" \/>\n<meta name=\"twitter:site\" content=\"@jornaloficinas\" \/>\n<meta name=\"twitter:label1\" content=\"Escrito por\" \/>\n\t<meta name=\"twitter:data1\" content=\"Reda\u00e7\u00e3o JO\" \/>\n\t<meta name=\"twitter:label2\" content=\"Tempo estimado de leitura\" \/>\n\t<meta name=\"twitter:data2\" content=\"2 minutos\" \/>\n<script type=\"application\/ld+json\" class=\"yoast-schema-graph\">{\"@context\":\"https:\\\/\\\/schema.org\",\"@graph\":[{\"@type\":\"Article\",\"@id\":\"https:\\\/\\\/jornaldasoficinas.com\\\/pt\\\/viagens-de-veiculos-eletricos-registam-aumento-212\\\/#article\",\"isPartOf\":{\"@id\":\"https:\\\/\\\/jornaldasoficinas.com\\\/pt\\\/viagens-de-veiculos-eletricos-registam-aumento-212\\\/\"},\"author\":{\"name\":\"Reda\u00e7\u00e3o JO\",\"@id\":\"https:\\\/\\\/jornaldasoficinas.com\\\/pt\\\/#\\\/schema\\\/person\\\/a38eef5de2c41d9e7c9ac10141afddf3\"},\"headline\":\"Viagens de Ve\u00edculos El\u00e9tricos registam aumento 212%\",\"datePublished\":\"2021-09-23T08:00:56+00:00\",\"mainEntityOfPage\":{\"@id\":\"https:\\\/\\\/jornaldasoficinas.com\\\/pt\\\/viagens-de-veiculos-eletricos-registam-aumento-212\\\/\"},\"wordCount\":400,\"publisher\":{\"@id\":\"https:\\\/\\\/jornaldasoficinas.com\\\/pt\\\/#organization\"},\"image\":{\"@id\":\"https:\\\/\\\/jornaldasoficinas.com\\\/pt\\\/viagens-de-veiculos-eletricos-registam-aumento-212\\\/#primaryimage\"},\"thumbnailUrl\":\"https:\\\/\\\/jornaldasoficinas.com\\\/pt\\\/wp-content\\\/uploads\\\/2021\\\/09\\\/Viagens-de-Veiculos-Eletricos.jpg\",\"keywords\":[\"FREE NOW\"],\"articleSection\":[\"Mercado\"],\"inLanguage\":\"pt-PT\"},{\"@type\":\"WebPage\",\"@id\":\"https:\\\/\\\/jornaldasoficinas.com\\\/pt\\\/viagens-de-veiculos-eletricos-registam-aumento-212\\\/\",\"url\":\"https:\\\/\\\/jornaldasoficinas.com\\\/pt\\\/viagens-de-veiculos-eletricos-registam-aumento-212\\\/\",\"name\":\"Viagens de Ve\u00edculos El\u00e9tricos registam aumento 212% - Jornal das Oficinas\",\"isPartOf\":{\"@id\":\"https:\\\/\\\/jornaldasoficinas.com\\\/pt\\\/#website\"},\"primaryImageOfPage\":{\"@id\":\"https:\\\/\\\/jornaldasoficinas.com\\\/pt\\\/viagens-de-veiculos-eletricos-registam-aumento-212\\\/#primaryimage\"},\"image\":{\"@id\":\"https:\\\/\\\/jornaldasoficinas.com\\\/pt\\\/viagens-de-veiculos-eletricos-registam-aumento-212\\\/#primaryimage\"},\"thumbnailUrl\":\"https:\\\/\\\/jornaldasoficinas.com\\\/pt\\\/wp-content\\\/uploads\\\/2021\\\/09\\\/Viagens-de-Veiculos-Eletricos.jpg\",\"datePublished\":\"2021-09-23T08:00:56+00:00\",\"breadcrumb\":{\"@id\":\"https:\\\/\\\/jornaldasoficinas.com\\\/pt\\\/viagens-de-veiculos-eletricos-registam-aumento-212\\\/#breadcrumb\"},\"inLanguage\":\"pt-PT\",\"potentialAction\":[{\"@type\":\"ReadAction\",\"target\":[\"https:\\\/\\\/jornaldasoficinas.com\\\/pt\\\/viagens-de-veiculos-eletricos-registam-aumento-212\\\/\"]}]},{\"@type\":\"ImageObject\",\"inLanguage\":\"pt-PT\",\"@id\":\"https:\\\/\\\/jornaldasoficinas.com\\\/pt\\\/viagens-de-veiculos-eletricos-registam-aumento-212\\\/#primaryimage\",\"url\":\"https:\\\/\\\/jornaldasoficinas.com\\\/pt\\\/wp-content\\\/uploads\\\/2021\\\/09\\\/Viagens-de-Veiculos-Eletricos.jpg\",\"contentUrl\":\"https:\\\/\\\/jornaldasoficinas.com\\\/pt\\\/wp-content\\\/uploads\\\/2021\\\/09\\\/Viagens-de-Veiculos-Eletricos.jpg\",\"width\":1024,\"height\":581,\"caption\":\"09 - Viagens-de-Veiculos-Eletricos\"},{\"@type\":\"BreadcrumbList\",\"@id\":\"https:\\\/\\\/jornaldasoficinas.com\\\/pt\\\/viagens-de-veiculos-eletricos-registam-aumento-212\\\/#breadcrumb\",\"itemListElement\":[{\"@type\":\"ListItem\",\"position\":1,\"name\":\"In\u00edcio\",\"item\":\"https:\\\/\\\/jornaldasoficinas.com\\\/pt\\\/\"},{\"@type\":\"ListItem\",\"position\":2,\"name\":\"Viagens de Ve\u00edculos El\u00e9tricos registam aumento 212%\"}]},{\"@type\":\"WebSite\",\"@id\":\"https:\\\/\\\/jornaldasoficinas.com\\\/pt\\\/#website\",\"url\":\"https:\\\/\\\/jornaldasoficinas.com\\\/pt\\\/\",\"name\":\"Jornal das Oficinas\",\"description\":\"Jornal independente do Aftermarket Autom\u00f3vel em Portugal\",\"publisher\":{\"@id\":\"https:\\\/\\\/jornaldasoficinas.com\\\/pt\\\/#organization\"},\"potentialAction\":[{\"@type\":\"SearchAction\",\"target\":{\"@type\":\"EntryPoint\",\"urlTemplate\":\"https:\\\/\\\/jornaldasoficinas.com\\\/pt\\\/?s={search_term_string}\"},\"query-input\":{\"@type\":\"PropertyValueSpecification\",\"valueRequired\":true,\"valueName\":\"search_term_string\"}}],\"inLanguage\":\"pt-PT\"},{\"@type\":\"Organization\",\"@id\":\"https:\\\/\\\/jornaldasoficinas.com\\\/pt\\\/#organization\",\"name\":\"Jornal das Oficinas\",\"url\":\"https:\\\/\\\/jornaldasoficinas.com\\\/pt\\\/\",\"logo\":{\"@type\":\"ImageObject\",\"inLanguage\":\"pt-PT\",\"@id\":\"https:\\\/\\\/jornaldasoficinas.com\\\/pt\\\/#\\\/schema\\\/logo\\\/image\\\/\",\"url\":\"https:\\\/\\\/jornaldasoficinas.com\\\/pt\\\/wp-content\\\/uploads\\\/logoJO-SEO.png\",\"contentUrl\":\"https:\\\/\\\/jornaldasoficinas.com\\\/pt\\\/wp-content\\\/uploads\\\/logoJO-SEO.png\",\"width\":285,\"height\":450,\"caption\":\"Jornal das Oficinas\"},\"image\":{\"@id\":\"https:\\\/\\\/jornaldasoficinas.com\\\/pt\\\/#\\\/schema\\\/logo\\\/image\\\/\"},\"sameAs\":[\"https:\\\/\\\/www.facebook.com\\\/jornaloficinas\",\"https:\\\/\\\/x.com\\\/jornaloficinas\",\"https:\\\/\\\/www.instagram.com\\\/jornal_oficinas\\\/\",\"https:\\\/\\\/www.linkedin.com\\\/company\\\/jornal-das-oficinas\\\/\",\"https:\\\/\\\/www.youtube.com\\\/channel\\\/UCbQZBqtcvV-oSQrr7RzINGg\"]},{\"@type\":\"Person\",\"@id\":\"https:\\\/\\\/jornaldasoficinas.com\\\/pt\\\/#\\\/schema\\\/person\\\/a38eef5de2c41d9e7c9ac10141afddf3\",\"name\":\"Reda\u00e7\u00e3o JO\",\"image\":{\"@type\":\"ImageObject\",\"inLanguage\":\"pt-PT\",\"@id\":\"https:\\\/\\\/secure.gravatar.com\\\/avatar\\\/71f2fa71737ad68a84fea94bc708ddac8ea5b0c4788dc2ad202f3ccb2887742f?s=96&d=wp_user_avatar&r=g\",\"url\":\"https:\\\/\\\/secure.gravatar.com\\\/avatar\\\/71f2fa71737ad68a84fea94bc708ddac8ea5b0c4788dc2ad202f3ccb2887742f?s=96&d=wp_user_avatar&r=g\",\"contentUrl\":\"https:\\\/\\\/secure.gravatar.com\\\/avatar\\\/71f2fa71737ad68a84fea94bc708ddac8ea5b0c4788dc2ad202f3ccb2887742f?s=96&d=wp_user_avatar&r=g\",\"caption\":\"Reda\u00e7\u00e3o JO\"},\"url\":\"https:\\\/\\\/jornaldasoficinas.com\\\/pt\\\/author\\\/joredacao\\\/\"}]}<\/script>\n<!-- \/ Yoast SEO plugin. -->","yoast_head_json":{"title":"Viagens de Ve\u00edculos El\u00e9tricos registam aumento 212% - Jornal das Oficinas","robots":{"index":"index","follow":"follow","max-snippet":"max-snippet:-1","max-image-preview":"max-image-preview:large","max-video-preview":"max-video-preview:-1"},"canonical":"https:\/\/jornaldasoficinas.com\/pt\/viagens-de-veiculos-eletricos-registam-aumento-212\/","og_locale":"pt_PT","og_type":"article","og_title":"Viagens de Ve\u00edculos El\u00e9tricos registam aumento 212% - Jornal das Oficinas","og_description":"Desde que a FREE NOW lan\u00e7ou...","og_url":"https:\/\/jornaldasoficinas.com\/pt\/viagens-de-veiculos-eletricos-registam-aumento-212\/","og_site_name":"Jornal das Oficinas","article_publisher":"https:\/\/www.facebook.com\/jornaloficinas","article_published_time":"2021-09-23T08:00:56+00:00","og_image":[{"width":1024,"height":581,"url":"https:\/\/jornaldasoficinas.com\/pt\/wp-content\/uploads\/2021\/09\/Viagens-de-Veiculos-Eletricos.jpg","type":"image\/jpeg"}],"author":"Reda\u00e7\u00e3o JO","twitter_card":"summary_large_image","twitter_creator":"@jornaloficinas","twitter_site":"@jornaloficinas","twitter_misc":{"Escrito por":"Reda\u00e7\u00e3o JO","Tempo estimado de leitura":"2 minutos"},"schema":{"@context":"https:\/\/schema.org","@graph":[{"@type":"Article","@id":"https:\/\/jornaldasoficinas.com\/pt\/viagens-de-veiculos-eletricos-registam-aumento-212\/#article","isPartOf":{"@id":"https:\/\/jornaldasoficinas.com\/pt\/viagens-de-veiculos-eletricos-registam-aumento-212\/"},"author":{"name":"Reda\u00e7\u00e3o JO","@id":"https:\/\/jornaldasoficinas.com\/pt\/#\/schema\/person\/a38eef5de2c41d9e7c9ac10141afddf3"},"headline":"Viagens de Ve\u00edculos El\u00e9tricos registam aumento 212%","datePublished":"2021-09-23T08:00:56+00:00","mainEntityOfPage":{"@id":"https:\/\/jornaldasoficinas.com\/pt\/viagens-de-veiculos-eletricos-registam-aumento-212\/"},"wordCount":400,"publisher":{"@id":"https:\/\/jornaldasoficinas.com\/pt\/#organization"},"image":{"@id":"https:\/\/jornaldasoficinas.com\/pt\/viagens-de-veiculos-eletricos-registam-aumento-212\/#primaryimage"},"thumbnailUrl":"https:\/\/jornaldasoficinas.com\/pt\/wp-content\/uploads\/2021\/09\/Viagens-de-Veiculos-Eletricos.jpg","keywords":["FREE NOW"],"articleSection":["Mercado"],"inLanguage":"pt-PT"},{"@type":"WebPage","@id":"https:\/\/jornaldasoficinas.com\/pt\/viagens-de-veiculos-eletricos-registam-aumento-212\/","url":"https:\/\/jornaldasoficinas.com\/pt\/viagens-de-veiculos-eletricos-registam-aumento-212\/","name":"Viagens de Ve\u00edculos El\u00e9tricos registam aumento 212% - Jornal das Oficinas","isPartOf":{"@id":"https:\/\/jornaldasoficinas.com\/pt\/#website"},"primaryImageOfPage":{"@id":"https:\/\/jornaldasoficinas.com\/pt\/viagens-de-veiculos-eletricos-registam-aumento-212\/#primaryimage"},"image":{"@id":"https:\/\/jornaldasoficinas.com\/pt\/viagens-de-veiculos-eletricos-registam-aumento-212\/#primaryimage"},"thumbnailUrl":"https:\/\/jornaldasoficinas.com\/pt\/wp-content\/uploads\/2021\/09\/Viagens-de-Veiculos-Eletricos.jpg","datePublished":"2021-09-23T08:00:56+00:00","breadcrumb":{"@id":"https:\/\/jornaldasoficinas.com\/pt\/viagens-de-veiculos-eletricos-registam-aumento-212\/#breadcrumb"},"inLanguage":"pt-PT","potentialAction":[{"@type":"ReadAction","target":["https:\/\/jornaldasoficinas.com\/pt\/viagens-de-veiculos-eletricos-registam-aumento-212\/"]}]},{"@type":"ImageObject","inLanguage":"pt-PT","@id":"https:\/\/jornaldasoficinas.com\/pt\/viagens-de-veiculos-eletricos-registam-aumento-212\/#primaryimage","url":"https:\/\/jornaldasoficinas.com\/pt\/wp-content\/uploads\/2021\/09\/Viagens-de-Veiculos-Eletricos.jpg","contentUrl":"https:\/\/jornaldasoficinas.com\/pt\/wp-content\/uploads\/2021\/09\/Viagens-de-Veiculos-Eletricos.jpg","width":1024,"height":581,"caption":"09 - Viagens-de-Veiculos-Eletricos"},{"@type":"BreadcrumbList","@id":"https:\/\/jornaldasoficinas.com\/pt\/viagens-de-veiculos-eletricos-registam-aumento-212\/#breadcrumb","itemListElement":[{"@type":"ListItem","position":1,"name":"In\u00edcio","item":"https:\/\/jornaldasoficinas.com\/pt\/"},{"@type":"ListItem","position":2,"name":"Viagens de Ve\u00edculos El\u00e9tricos registam aumento 212%"}]},{"@type":"WebSite","@id":"https:\/\/jornaldasoficinas.com\/pt\/#website","url":"https:\/\/jornaldasoficinas.com\/pt\/","name":"Jornal das Oficinas","description":"Jornal independente do Aftermarket Autom\u00f3vel em Portugal","publisher":{"@id":"https:\/\/jornaldasoficinas.com\/pt\/#organization"},"potentialAction":[{"@type":"SearchAction","target":{"@type":"EntryPoint","urlTemplate":"https:\/\/jornaldasoficinas.com\/pt\/?s={search_term_string}"},"query-input":{"@type":"PropertyValueSpecification","valueRequired":true,"valueName":"search_term_string"}}],"inLanguage":"pt-PT"},{"@type":"Organization","@id":"https:\/\/jornaldasoficinas.com\/pt\/#organization","name":"Jornal das Oficinas","url":"https:\/\/jornaldasoficinas.com\/pt\/","logo":{"@type":"ImageObject","inLanguage":"pt-PT","@id":"https:\/\/jornaldasoficinas.com\/pt\/#\/schema\/logo\/image\/","url":"https:\/\/jornaldasoficinas.com\/pt\/wp-content\/uploads\/logoJO-SEO.png","contentUrl":"https:\/\/jornaldasoficinas.com\/pt\/wp-content\/uploads\/logoJO-SEO.png","width":285,"height":450,"caption":"Jornal das Oficinas"},"image":{"@id":"https:\/\/jornaldasoficinas.com\/pt\/#\/schema\/logo\/image\/"},"sameAs":["https:\/\/www.facebook.com\/jornaloficinas","https:\/\/x.com\/jornaloficinas","https:\/\/www.instagram.com\/jornal_oficinas\/","https:\/\/www.linkedin.com\/company\/jornal-das-oficinas\/","https:\/\/www.youtube.com\/channel\/UCbQZBqtcvV-oSQrr7RzINGg"]},{"@type":"Person","@id":"https:\/\/jornaldasoficinas.com\/pt\/#\/schema\/person\/a38eef5de2c41d9e7c9ac10141afddf3","name":"Reda\u00e7\u00e3o JO","image":{"@type":"ImageObject","inLanguage":"pt-PT","@id":"https:\/\/secure.gravatar.com\/avatar\/71f2fa71737ad68a84fea94bc708ddac8ea5b0c4788dc2ad202f3ccb2887742f?s=96&d=wp_user_avatar&r=g","url":"https:\/\/secure.gravatar.com\/avatar\/71f2fa71737ad68a84fea94bc708ddac8ea5b0c4788dc2ad202f3ccb2887742f?s=96&d=wp_user_avatar&r=g","contentUrl":"https:\/\/secure.gravatar.com\/avatar\/71f2fa71737ad68a84fea94bc708ddac8ea5b0c4788dc2ad202f3ccb2887742f?s=96&d=wp_user_avatar&r=g","caption":"Reda\u00e7\u00e3o JO"},"url":"https:\/\/jornaldasoficinas.com\/pt\/author\/joredacao\/"}]}},"_links":{"self":[{"href":"https:\/\/jornaldasoficinas.com\/pt\/wp-json\/wp\/v2\/posts\/23889","targetHints":{"allow":["GET"]}}],"collection":[{"href":"https:\/\/jornaldasoficinas.com\/pt\/wp-json\/wp\/v2\/posts"}],"about":[{"href":"https:\/\/jornaldasoficinas.com\/pt\/wp-json\/wp\/v2\/types\/post"}],"author":[{"embeddable":true,"href":"https:\/\/jornaldasoficinas.com\/pt\/wp-json\/wp\/v2\/users\/15"}],"replies":[{"embeddable":true,"href":"https:\/\/jornaldasoficinas.com\/pt\/wp-json\/wp\/v2\/comments?post=23889"}],"version-history":[{"count":0,"href":"https:\/\/jornaldasoficinas.com\/pt\/wp-json\/wp\/v2\/posts\/23889\/revisions"}],"wp:featuredmedia":[{"embeddable":true,"href":"https:\/\/jornaldasoficinas.com\/pt\/wp-json\/wp\/v2\/media\/23855"}],"wp:attachment":[{"href":"https:\/\/jornaldasoficinas.com\/pt\/wp-json\/wp\/v2\/media?parent=23889"}],"wp:term":[{"taxonomy":"category","embeddable":true,"href":"https:\/\/jornaldasoficinas.com\/pt\/wp-json\/wp\/v2\/categories?post=23889"},{"taxonomy":"post_tag","embeddable":true,"href":"https:\/\/jornaldasoficinas.com\/pt\/wp-json\/wp\/v2\/tags?post=23889"}],"curies":[{"name":"wp","href":"https:\/\/api.w.org\/{rel}","templated":true}]}}