{"id":23907,"date":"2021-09-22T19:00:21","date_gmt":"2021-09-22T18:00:21","guid":{"rendered":"https:\/\/jornaldasoficinas.com\/pt\/?p=23907"},"modified":"2023-07-19T15:50:48","modified_gmt":"2023-07-19T14:50:48","slug":"achamos-que-e-de-opiniao-geral-que-a-edicao-de-2021-tem-uma-importancia-acrescida-para-o-setor","status":"publish","type":"post","link":"https:\/\/jornaldasoficinas.com\/pt\/achamos-que-e-de-opiniao-geral-que-a-edicao-de-2021-tem-uma-importancia-acrescida-para-o-setor\/","title":{"rendered":"\u201cAchamos que \u00e9 de opini\u00e3o geral que a edi\u00e7\u00e3o de 2021 tem uma import\u00e2ncia acrescida para o setor&#8221;"},"content":{"rendered":"<p><strong><img loading=\"lazy\" decoding=\"async\" class=\"alignnone size-full wp-image-23902\" src=\"https:\/\/jornaldasoficinas.com\/pt\/wp-content\/uploads\/2021\/09\/avieira_expomecanica.jpg\" alt=\"09 - avieira_expomecanica\" width=\"1024\" height=\"581\" srcset=\"https:\/\/jornaldasoficinas.com\/pt\/wp-content\/uploads\/2021\/09\/avieira_expomecanica.jpg 1024w, https:\/\/jornaldasoficinas.com\/pt\/wp-content\/uploads\/2021\/09\/avieira_expomecanica-300x170.jpg 300w, https:\/\/jornaldasoficinas.com\/pt\/wp-content\/uploads\/2021\/09\/avieira_expomecanica-150x85.jpg 150w, https:\/\/jornaldasoficinas.com\/pt\/wp-content\/uploads\/2021\/09\/avieira_expomecanica-768x436.jpg 768w\" sizes=\"auto, (max-width: 1024px) 100vw, 1024px\" \/><\/strong><\/p>\n<p><strong>\u201cAchamos que \u00e9 de opini\u00e3o geral que a edi\u00e7\u00e3o de 2021 tem uma import\u00e2ncia acrescida para o setor (&#8230;) serve para mostrar que o setor est\u00e1 vivo\u201d, Administra\u00e7\u00e3o A. Vieira, S.A.<\/strong><\/p>\n<p><a href=\"http:\/\/www.avieirasa.pt\/\" target=\"_blank\" rel=\"noopener\">\u00a0A. Vieira, S.A.<\/a> \u00e9 uma empresa importadora que se dedica ao com\u00e9rcio, grosso e retalho, de pe\u00e7as e acess\u00f3rios para autom\u00f3veis, incluindo lubrificantes e ferramentas. Uma empresa fundada em 1974 que foi crescendo ao longo dos anos e devido ao impulso do mercado autom\u00f3vel, ao trabalho e seriedade dos s\u00f3cios gerentes, \u00e9 neste momento, uma das empresas l\u00edder do setor.<\/p>\n<p>Com uma equipa de 60 colaboradores e mais de 30.000 refer\u00eancias em stock, o \u00faltimo ano foi para a A. Vieira, S.A. um desafio, por este motivo, a expoMEC\u00c2NICA desempenha um elevado grau de import\u00e2ncia para a empresa \u201cAchamos que \u00e9 de opini\u00e3o geral que a edi\u00e7\u00e3o de 2021 tem uma import\u00e2ncia acrescida para o sector. Este certame, de certa forma, marca a retoma p\u00f3s pand\u00e9mica do aftermarket nacional e serve para mostrar que o sector est\u00e1 vivo. Para n\u00f3s essa import\u00e2ncia acrescida serve, agora mais do que nunca, para que os nossos parceiros saibam que podem contar connosco\u201d, referiu a administra\u00e7\u00e3o da A. Vieira, S.A.<\/p>\n<p>Recentemente integrados no grupo TEMOT, que permitiu \u00e0 empresa a cria\u00e7\u00e3o de novas parcerias estrat\u00e9gicas a A.Vieira, S.A. revelou ao Jornal das Oficinas que a expoMEC\u00c2NICA ser\u00e1 palco da apresenta\u00e7\u00e3o dos novos produtos resultantes desta parceria \u201cFruto da parceria com a TEMOT, surgiram a integra\u00e7\u00e3o da NGK, SNR e Contitech no nosso portef\u00f3lio que v\u00eam enriquecer a oferta aos nossos clientes\u201d, concluiu a administra\u00e7\u00e3o.<\/p>\n","protected":false},"excerpt":{"rendered":"<p>\u201cAchamos que \u00e9 de opini\u00e3o geral&#8230;<\/p>\n","protected":false},"author":15,"featured_media":23902,"comment_status":"closed","ping_status":"closed","sticky":false,"template":"","format":"standard","meta":{"footnotes":""},"categories":[29],"tags":[2634],"class_list":["post-23907","post","type-post","status-publish","format-standard","has-post-thumbnail","hentry","category-empresas","tag-a-vieira"],"yoast_head":"<!-- This site is optimized with the Yoast SEO plugin v27.4 - https:\/\/yoast.com\/product\/yoast-seo-wordpress\/ -->\n<title>\u201cAchamos que \u00e9 de opini\u00e3o geral que a edi\u00e7\u00e3o de 2021 tem uma import\u00e2ncia acrescida para o setor&quot; - Jornal das Oficinas<\/title>\n<meta name=\"robots\" content=\"index, follow, max-snippet:-1, max-image-preview:large, max-video-preview:-1\" \/>\n<link rel=\"canonical\" href=\"https:\/\/jornaldasoficinas.com\/pt\/achamos-que-e-de-opiniao-geral-que-a-edicao-de-2021-tem-uma-importancia-acrescida-para-o-setor\/\" \/>\n<meta property=\"og:locale\" content=\"pt_PT\" \/>\n<meta property=\"og:type\" content=\"article\" \/>\n<meta property=\"og:title\" content=\"\u201cAchamos que \u00e9 de opini\u00e3o geral que a edi\u00e7\u00e3o de 2021 tem uma import\u00e2ncia acrescida para o setor&quot; - Jornal das Oficinas\" \/>\n<meta property=\"og:description\" content=\"\u201cAchamos que \u00e9 de opini\u00e3o geral...\" \/>\n<meta property=\"og:url\" content=\"https:\/\/jornaldasoficinas.com\/pt\/achamos-que-e-de-opiniao-geral-que-a-edicao-de-2021-tem-uma-importancia-acrescida-para-o-setor\/\" \/>\n<meta property=\"og:site_name\" content=\"Jornal das Oficinas\" \/>\n<meta property=\"article:publisher\" content=\"https:\/\/www.facebook.com\/jornaloficinas\" \/>\n<meta property=\"article:published_time\" content=\"2021-09-22T18:00:21+00:00\" \/>\n<meta property=\"article:modified_time\" content=\"2023-07-19T14:50:48+00:00\" \/>\n<meta property=\"og:image\" content=\"https:\/\/jornaldasoficinas.com\/pt\/wp-content\/uploads\/2021\/09\/avieira_expomecanica.jpg\" \/>\n\t<meta property=\"og:image:width\" content=\"1024\" \/>\n\t<meta property=\"og:image:height\" content=\"581\" \/>\n\t<meta property=\"og:image:type\" content=\"image\/jpeg\" \/>\n<meta name=\"author\" content=\"Reda\u00e7\u00e3o JO\" \/>\n<meta name=\"twitter:card\" content=\"summary_large_image\" \/>\n<meta name=\"twitter:creator\" content=\"@jornaloficinas\" \/>\n<meta name=\"twitter:site\" content=\"@jornaloficinas\" \/>\n<meta name=\"twitter:label1\" content=\"Escrito por\" \/>\n\t<meta name=\"twitter:data1\" content=\"Reda\u00e7\u00e3o JO\" \/>\n\t<meta name=\"twitter:label2\" content=\"Tempo estimado de leitura\" \/>\n\t<meta name=\"twitter:data2\" content=\"1 minuto\" \/>\n<script type=\"application\/ld+json\" class=\"yoast-schema-graph\">{\"@context\":\"https:\\\/\\\/schema.org\",\"@graph\":[{\"@type\":\"Article\",\"@id\":\"https:\\\/\\\/jornaldasoficinas.com\\\/pt\\\/achamos-que-e-de-opiniao-geral-que-a-edicao-de-2021-tem-uma-importancia-acrescida-para-o-setor\\\/#article\",\"isPartOf\":{\"@id\":\"https:\\\/\\\/jornaldasoficinas.com\\\/pt\\\/achamos-que-e-de-opiniao-geral-que-a-edicao-de-2021-tem-uma-importancia-acrescida-para-o-setor\\\/\"},\"author\":{\"name\":\"Reda\u00e7\u00e3o JO\",\"@id\":\"https:\\\/\\\/jornaldasoficinas.com\\\/pt\\\/#\\\/schema\\\/person\\\/a38eef5de2c41d9e7c9ac10141afddf3\"},\"headline\":\"\u201cAchamos que \u00e9 de opini\u00e3o geral que a edi\u00e7\u00e3o de 2021 tem uma import\u00e2ncia acrescida para o setor&#8221;\",\"datePublished\":\"2021-09-22T18:00:21+00:00\",\"dateModified\":\"2023-07-19T14:50:48+00:00\",\"mainEntityOfPage\":{\"@id\":\"https:\\\/\\\/jornaldasoficinas.com\\\/pt\\\/achamos-que-e-de-opiniao-geral-que-a-edicao-de-2021-tem-uma-importancia-acrescida-para-o-setor\\\/\"},\"wordCount\":305,\"publisher\":{\"@id\":\"https:\\\/\\\/jornaldasoficinas.com\\\/pt\\\/#organization\"},\"image\":{\"@id\":\"https:\\\/\\\/jornaldasoficinas.com\\\/pt\\\/achamos-que-e-de-opiniao-geral-que-a-edicao-de-2021-tem-uma-importancia-acrescida-para-o-setor\\\/#primaryimage\"},\"thumbnailUrl\":\"https:\\\/\\\/jornaldasoficinas.com\\\/pt\\\/wp-content\\\/uploads\\\/2021\\\/09\\\/avieira_expomecanica.jpg\",\"keywords\":[\"A. Vieira\"],\"articleSection\":[\"Empresas\"],\"inLanguage\":\"pt-PT\"},{\"@type\":\"WebPage\",\"@id\":\"https:\\\/\\\/jornaldasoficinas.com\\\/pt\\\/achamos-que-e-de-opiniao-geral-que-a-edicao-de-2021-tem-uma-importancia-acrescida-para-o-setor\\\/\",\"url\":\"https:\\\/\\\/jornaldasoficinas.com\\\/pt\\\/achamos-que-e-de-opiniao-geral-que-a-edicao-de-2021-tem-uma-importancia-acrescida-para-o-setor\\\/\",\"name\":\"\u201cAchamos que \u00e9 de opini\u00e3o geral que a edi\u00e7\u00e3o de 2021 tem uma import\u00e2ncia acrescida para o setor\\\" - Jornal das Oficinas\",\"isPartOf\":{\"@id\":\"https:\\\/\\\/jornaldasoficinas.com\\\/pt\\\/#website\"},\"primaryImageOfPage\":{\"@id\":\"https:\\\/\\\/jornaldasoficinas.com\\\/pt\\\/achamos-que-e-de-opiniao-geral-que-a-edicao-de-2021-tem-uma-importancia-acrescida-para-o-setor\\\/#primaryimage\"},\"image\":{\"@id\":\"https:\\\/\\\/jornaldasoficinas.com\\\/pt\\\/achamos-que-e-de-opiniao-geral-que-a-edicao-de-2021-tem-uma-importancia-acrescida-para-o-setor\\\/#primaryimage\"},\"thumbnailUrl\":\"https:\\\/\\\/jornaldasoficinas.com\\\/pt\\\/wp-content\\\/uploads\\\/2021\\\/09\\\/avieira_expomecanica.jpg\",\"datePublished\":\"2021-09-22T18:00:21+00:00\",\"dateModified\":\"2023-07-19T14:50:48+00:00\",\"breadcrumb\":{\"@id\":\"https:\\\/\\\/jornaldasoficinas.com\\\/pt\\\/achamos-que-e-de-opiniao-geral-que-a-edicao-de-2021-tem-uma-importancia-acrescida-para-o-setor\\\/#breadcrumb\"},\"inLanguage\":\"pt-PT\",\"potentialAction\":[{\"@type\":\"ReadAction\",\"target\":[\"https:\\\/\\\/jornaldasoficinas.com\\\/pt\\\/achamos-que-e-de-opiniao-geral-que-a-edicao-de-2021-tem-uma-importancia-acrescida-para-o-setor\\\/\"]}]},{\"@type\":\"ImageObject\",\"inLanguage\":\"pt-PT\",\"@id\":\"https:\\\/\\\/jornaldasoficinas.com\\\/pt\\\/achamos-que-e-de-opiniao-geral-que-a-edicao-de-2021-tem-uma-importancia-acrescida-para-o-setor\\\/#primaryimage\",\"url\":\"https:\\\/\\\/jornaldasoficinas.com\\\/pt\\\/wp-content\\\/uploads\\\/2021\\\/09\\\/avieira_expomecanica.jpg\",\"contentUrl\":\"https:\\\/\\\/jornaldasoficinas.com\\\/pt\\\/wp-content\\\/uploads\\\/2021\\\/09\\\/avieira_expomecanica.jpg\",\"width\":1024,\"height\":581,\"caption\":\"09 - avieira_expomecanica\"},{\"@type\":\"BreadcrumbList\",\"@id\":\"https:\\\/\\\/jornaldasoficinas.com\\\/pt\\\/achamos-que-e-de-opiniao-geral-que-a-edicao-de-2021-tem-uma-importancia-acrescida-para-o-setor\\\/#breadcrumb\",\"itemListElement\":[{\"@type\":\"ListItem\",\"position\":1,\"name\":\"In\u00edcio\",\"item\":\"https:\\\/\\\/jornaldasoficinas.com\\\/pt\\\/\"},{\"@type\":\"ListItem\",\"position\":2,\"name\":\"\u201cAchamos que \u00e9 de opini\u00e3o geral que a edi\u00e7\u00e3o de 2021 tem uma import\u00e2ncia acrescida para o setor&#8221;\"}]},{\"@type\":\"WebSite\",\"@id\":\"https:\\\/\\\/jornaldasoficinas.com\\\/pt\\\/#website\",\"url\":\"https:\\\/\\\/jornaldasoficinas.com\\\/pt\\\/\",\"name\":\"Jornal das Oficinas\",\"description\":\"Jornal independente do Aftermarket Autom\u00f3vel em Portugal\",\"publisher\":{\"@id\":\"https:\\\/\\\/jornaldasoficinas.com\\\/pt\\\/#organization\"},\"potentialAction\":[{\"@type\":\"SearchAction\",\"target\":{\"@type\":\"EntryPoint\",\"urlTemplate\":\"https:\\\/\\\/jornaldasoficinas.com\\\/pt\\\/?s={search_term_string}\"},\"query-input\":{\"@type\":\"PropertyValueSpecification\",\"valueRequired\":true,\"valueName\":\"search_term_string\"}}],\"inLanguage\":\"pt-PT\"},{\"@type\":\"Organization\",\"@id\":\"https:\\\/\\\/jornaldasoficinas.com\\\/pt\\\/#organization\",\"name\":\"Jornal das Oficinas\",\"url\":\"https:\\\/\\\/jornaldasoficinas.com\\\/pt\\\/\",\"logo\":{\"@type\":\"ImageObject\",\"inLanguage\":\"pt-PT\",\"@id\":\"https:\\\/\\\/jornaldasoficinas.com\\\/pt\\\/#\\\/schema\\\/logo\\\/image\\\/\",\"url\":\"https:\\\/\\\/jornaldasoficinas.com\\\/pt\\\/wp-content\\\/uploads\\\/logoJO-SEO.png\",\"contentUrl\":\"https:\\\/\\\/jornaldasoficinas.com\\\/pt\\\/wp-content\\\/uploads\\\/logoJO-SEO.png\",\"width\":285,\"height\":450,\"caption\":\"Jornal das Oficinas\"},\"image\":{\"@id\":\"https:\\\/\\\/jornaldasoficinas.com\\\/pt\\\/#\\\/schema\\\/logo\\\/image\\\/\"},\"sameAs\":[\"https:\\\/\\\/www.facebook.com\\\/jornaloficinas\",\"https:\\\/\\\/x.com\\\/jornaloficinas\",\"https:\\\/\\\/www.instagram.com\\\/jornal_oficinas\\\/\",\"https:\\\/\\\/www.linkedin.com\\\/company\\\/jornal-das-oficinas\\\/\",\"https:\\\/\\\/www.youtube.com\\\/channel\\\/UCbQZBqtcvV-oSQrr7RzINGg\"]},{\"@type\":\"Person\",\"@id\":\"https:\\\/\\\/jornaldasoficinas.com\\\/pt\\\/#\\\/schema\\\/person\\\/a38eef5de2c41d9e7c9ac10141afddf3\",\"name\":\"Reda\u00e7\u00e3o JO\",\"image\":{\"@type\":\"ImageObject\",\"inLanguage\":\"pt-PT\",\"@id\":\"https:\\\/\\\/secure.gravatar.com\\\/avatar\\\/71f2fa71737ad68a84fea94bc708ddac8ea5b0c4788dc2ad202f3ccb2887742f?s=96&d=wp_user_avatar&r=g\",\"url\":\"https:\\\/\\\/secure.gravatar.com\\\/avatar\\\/71f2fa71737ad68a84fea94bc708ddac8ea5b0c4788dc2ad202f3ccb2887742f?s=96&d=wp_user_avatar&r=g\",\"contentUrl\":\"https:\\\/\\\/secure.gravatar.com\\\/avatar\\\/71f2fa71737ad68a84fea94bc708ddac8ea5b0c4788dc2ad202f3ccb2887742f?s=96&d=wp_user_avatar&r=g\",\"caption\":\"Reda\u00e7\u00e3o JO\"},\"url\":\"https:\\\/\\\/jornaldasoficinas.com\\\/pt\\\/author\\\/joredacao\\\/\"}]}<\/script>\n<!-- \/ Yoast SEO plugin. -->","yoast_head_json":{"title":"\u201cAchamos que \u00e9 de opini\u00e3o geral que a edi\u00e7\u00e3o de 2021 tem uma import\u00e2ncia acrescida para o setor\" - Jornal das Oficinas","robots":{"index":"index","follow":"follow","max-snippet":"max-snippet:-1","max-image-preview":"max-image-preview:large","max-video-preview":"max-video-preview:-1"},"canonical":"https:\/\/jornaldasoficinas.com\/pt\/achamos-que-e-de-opiniao-geral-que-a-edicao-de-2021-tem-uma-importancia-acrescida-para-o-setor\/","og_locale":"pt_PT","og_type":"article","og_title":"\u201cAchamos que \u00e9 de opini\u00e3o geral que a edi\u00e7\u00e3o de 2021 tem uma import\u00e2ncia acrescida para o setor\" - Jornal das Oficinas","og_description":"\u201cAchamos que \u00e9 de opini\u00e3o geral...","og_url":"https:\/\/jornaldasoficinas.com\/pt\/achamos-que-e-de-opiniao-geral-que-a-edicao-de-2021-tem-uma-importancia-acrescida-para-o-setor\/","og_site_name":"Jornal das Oficinas","article_publisher":"https:\/\/www.facebook.com\/jornaloficinas","article_published_time":"2021-09-22T18:00:21+00:00","article_modified_time":"2023-07-19T14:50:48+00:00","og_image":[{"width":1024,"height":581,"url":"https:\/\/jornaldasoficinas.com\/pt\/wp-content\/uploads\/2021\/09\/avieira_expomecanica.jpg","type":"image\/jpeg"}],"author":"Reda\u00e7\u00e3o JO","twitter_card":"summary_large_image","twitter_creator":"@jornaloficinas","twitter_site":"@jornaloficinas","twitter_misc":{"Escrito por":"Reda\u00e7\u00e3o JO","Tempo estimado de leitura":"1 minuto"},"schema":{"@context":"https:\/\/schema.org","@graph":[{"@type":"Article","@id":"https:\/\/jornaldasoficinas.com\/pt\/achamos-que-e-de-opiniao-geral-que-a-edicao-de-2021-tem-uma-importancia-acrescida-para-o-setor\/#article","isPartOf":{"@id":"https:\/\/jornaldasoficinas.com\/pt\/achamos-que-e-de-opiniao-geral-que-a-edicao-de-2021-tem-uma-importancia-acrescida-para-o-setor\/"},"author":{"name":"Reda\u00e7\u00e3o JO","@id":"https:\/\/jornaldasoficinas.com\/pt\/#\/schema\/person\/a38eef5de2c41d9e7c9ac10141afddf3"},"headline":"\u201cAchamos que \u00e9 de opini\u00e3o geral que a edi\u00e7\u00e3o de 2021 tem uma import\u00e2ncia acrescida para o setor&#8221;","datePublished":"2021-09-22T18:00:21+00:00","dateModified":"2023-07-19T14:50:48+00:00","mainEntityOfPage":{"@id":"https:\/\/jornaldasoficinas.com\/pt\/achamos-que-e-de-opiniao-geral-que-a-edicao-de-2021-tem-uma-importancia-acrescida-para-o-setor\/"},"wordCount":305,"publisher":{"@id":"https:\/\/jornaldasoficinas.com\/pt\/#organization"},"image":{"@id":"https:\/\/jornaldasoficinas.com\/pt\/achamos-que-e-de-opiniao-geral-que-a-edicao-de-2021-tem-uma-importancia-acrescida-para-o-setor\/#primaryimage"},"thumbnailUrl":"https:\/\/jornaldasoficinas.com\/pt\/wp-content\/uploads\/2021\/09\/avieira_expomecanica.jpg","keywords":["A. Vieira"],"articleSection":["Empresas"],"inLanguage":"pt-PT"},{"@type":"WebPage","@id":"https:\/\/jornaldasoficinas.com\/pt\/achamos-que-e-de-opiniao-geral-que-a-edicao-de-2021-tem-uma-importancia-acrescida-para-o-setor\/","url":"https:\/\/jornaldasoficinas.com\/pt\/achamos-que-e-de-opiniao-geral-que-a-edicao-de-2021-tem-uma-importancia-acrescida-para-o-setor\/","name":"\u201cAchamos que \u00e9 de opini\u00e3o geral que a edi\u00e7\u00e3o de 2021 tem uma import\u00e2ncia acrescida para o setor\" - Jornal das Oficinas","isPartOf":{"@id":"https:\/\/jornaldasoficinas.com\/pt\/#website"},"primaryImageOfPage":{"@id":"https:\/\/jornaldasoficinas.com\/pt\/achamos-que-e-de-opiniao-geral-que-a-edicao-de-2021-tem-uma-importancia-acrescida-para-o-setor\/#primaryimage"},"image":{"@id":"https:\/\/jornaldasoficinas.com\/pt\/achamos-que-e-de-opiniao-geral-que-a-edicao-de-2021-tem-uma-importancia-acrescida-para-o-setor\/#primaryimage"},"thumbnailUrl":"https:\/\/jornaldasoficinas.com\/pt\/wp-content\/uploads\/2021\/09\/avieira_expomecanica.jpg","datePublished":"2021-09-22T18:00:21+00:00","dateModified":"2023-07-19T14:50:48+00:00","breadcrumb":{"@id":"https:\/\/jornaldasoficinas.com\/pt\/achamos-que-e-de-opiniao-geral-que-a-edicao-de-2021-tem-uma-importancia-acrescida-para-o-setor\/#breadcrumb"},"inLanguage":"pt-PT","potentialAction":[{"@type":"ReadAction","target":["https:\/\/jornaldasoficinas.com\/pt\/achamos-que-e-de-opiniao-geral-que-a-edicao-de-2021-tem-uma-importancia-acrescida-para-o-setor\/"]}]},{"@type":"ImageObject","inLanguage":"pt-PT","@id":"https:\/\/jornaldasoficinas.com\/pt\/achamos-que-e-de-opiniao-geral-que-a-edicao-de-2021-tem-uma-importancia-acrescida-para-o-setor\/#primaryimage","url":"https:\/\/jornaldasoficinas.com\/pt\/wp-content\/uploads\/2021\/09\/avieira_expomecanica.jpg","contentUrl":"https:\/\/jornaldasoficinas.com\/pt\/wp-content\/uploads\/2021\/09\/avieira_expomecanica.jpg","width":1024,"height":581,"caption":"09 - avieira_expomecanica"},{"@type":"BreadcrumbList","@id":"https:\/\/jornaldasoficinas.com\/pt\/achamos-que-e-de-opiniao-geral-que-a-edicao-de-2021-tem-uma-importancia-acrescida-para-o-setor\/#breadcrumb","itemListElement":[{"@type":"ListItem","position":1,"name":"In\u00edcio","item":"https:\/\/jornaldasoficinas.com\/pt\/"},{"@type":"ListItem","position":2,"name":"\u201cAchamos que \u00e9 de opini\u00e3o geral que a edi\u00e7\u00e3o de 2021 tem uma import\u00e2ncia acrescida para o setor&#8221;"}]},{"@type":"WebSite","@id":"https:\/\/jornaldasoficinas.com\/pt\/#website","url":"https:\/\/jornaldasoficinas.com\/pt\/","name":"Jornal das Oficinas","description":"Jornal independente do Aftermarket Autom\u00f3vel em Portugal","publisher":{"@id":"https:\/\/jornaldasoficinas.com\/pt\/#organization"},"potentialAction":[{"@type":"SearchAction","target":{"@type":"EntryPoint","urlTemplate":"https:\/\/jornaldasoficinas.com\/pt\/?s={search_term_string}"},"query-input":{"@type":"PropertyValueSpecification","valueRequired":true,"valueName":"search_term_string"}}],"inLanguage":"pt-PT"},{"@type":"Organization","@id":"https:\/\/jornaldasoficinas.com\/pt\/#organization","name":"Jornal das Oficinas","url":"https:\/\/jornaldasoficinas.com\/pt\/","logo":{"@type":"ImageObject","inLanguage":"pt-PT","@id":"https:\/\/jornaldasoficinas.com\/pt\/#\/schema\/logo\/image\/","url":"https:\/\/jornaldasoficinas.com\/pt\/wp-content\/uploads\/logoJO-SEO.png","contentUrl":"https:\/\/jornaldasoficinas.com\/pt\/wp-content\/uploads\/logoJO-SEO.png","width":285,"height":450,"caption":"Jornal das Oficinas"},"image":{"@id":"https:\/\/jornaldasoficinas.com\/pt\/#\/schema\/logo\/image\/"},"sameAs":["https:\/\/www.facebook.com\/jornaloficinas","https:\/\/x.com\/jornaloficinas","https:\/\/www.instagram.com\/jornal_oficinas\/","https:\/\/www.linkedin.com\/company\/jornal-das-oficinas\/","https:\/\/www.youtube.com\/channel\/UCbQZBqtcvV-oSQrr7RzINGg"]},{"@type":"Person","@id":"https:\/\/jornaldasoficinas.com\/pt\/#\/schema\/person\/a38eef5de2c41d9e7c9ac10141afddf3","name":"Reda\u00e7\u00e3o JO","image":{"@type":"ImageObject","inLanguage":"pt-PT","@id":"https:\/\/secure.gravatar.com\/avatar\/71f2fa71737ad68a84fea94bc708ddac8ea5b0c4788dc2ad202f3ccb2887742f?s=96&d=wp_user_avatar&r=g","url":"https:\/\/secure.gravatar.com\/avatar\/71f2fa71737ad68a84fea94bc708ddac8ea5b0c4788dc2ad202f3ccb2887742f?s=96&d=wp_user_avatar&r=g","contentUrl":"https:\/\/secure.gravatar.com\/avatar\/71f2fa71737ad68a84fea94bc708ddac8ea5b0c4788dc2ad202f3ccb2887742f?s=96&d=wp_user_avatar&r=g","caption":"Reda\u00e7\u00e3o JO"},"url":"https:\/\/jornaldasoficinas.com\/pt\/author\/joredacao\/"}]}},"_links":{"self":[{"href":"https:\/\/jornaldasoficinas.com\/pt\/wp-json\/wp\/v2\/posts\/23907","targetHints":{"allow":["GET"]}}],"collection":[{"href":"https:\/\/jornaldasoficinas.com\/pt\/wp-json\/wp\/v2\/posts"}],"about":[{"href":"https:\/\/jornaldasoficinas.com\/pt\/wp-json\/wp\/v2\/types\/post"}],"author":[{"embeddable":true,"href":"https:\/\/jornaldasoficinas.com\/pt\/wp-json\/wp\/v2\/users\/15"}],"replies":[{"embeddable":true,"href":"https:\/\/jornaldasoficinas.com\/pt\/wp-json\/wp\/v2\/comments?post=23907"}],"version-history":[{"count":0,"href":"https:\/\/jornaldasoficinas.com\/pt\/wp-json\/wp\/v2\/posts\/23907\/revisions"}],"wp:featuredmedia":[{"embeddable":true,"href":"https:\/\/jornaldasoficinas.com\/pt\/wp-json\/wp\/v2\/media\/23902"}],"wp:attachment":[{"href":"https:\/\/jornaldasoficinas.com\/pt\/wp-json\/wp\/v2\/media?parent=23907"}],"wp:term":[{"taxonomy":"category","embeddable":true,"href":"https:\/\/jornaldasoficinas.com\/pt\/wp-json\/wp\/v2\/categories?post=23907"},{"taxonomy":"post_tag","embeddable":true,"href":"https:\/\/jornaldasoficinas.com\/pt\/wp-json\/wp\/v2\/tags?post=23907"}],"curies":[{"name":"wp","href":"https:\/\/api.w.org\/{rel}","templated":true}]}}