{"id":23954,"date":"2021-09-24T17:00:59","date_gmt":"2021-09-24T16:00:59","guid":{"rendered":"https:\/\/jornaldasoficinas.com\/pt\/?p=23954"},"modified":"2023-07-19T15:50:48","modified_gmt":"2023-07-19T14:50:48","slug":"expomecanica-ja-tem-confirmados-212-expositores","status":"publish","type":"post","link":"https:\/\/jornaldasoficinas.com\/pt\/expomecanica-ja-tem-confirmados-212-expositores\/","title":{"rendered":"expoMEC\u00c2NICA j\u00e1 tem confirmados 212 expositores"},"content":{"rendered":"<p><img loading=\"lazy\" decoding=\"async\" class=\"alignnone size-full wp-image-23941\" src=\"https:\/\/jornaldasoficinas.com\/pt\/wp-content\/uploads\/2021\/09\/expoMECANICA-ja-tem-confirmados.jpeg\" alt=\"09 - expoMECANICA-ja-tem-confirmados\" width=\"1024\" height=\"581\" srcset=\"https:\/\/jornaldasoficinas.com\/pt\/wp-content\/uploads\/2021\/09\/expoMECANICA-ja-tem-confirmados.jpeg 1024w, https:\/\/jornaldasoficinas.com\/pt\/wp-content\/uploads\/2021\/09\/expoMECANICA-ja-tem-confirmados-300x170.jpeg 300w, https:\/\/jornaldasoficinas.com\/pt\/wp-content\/uploads\/2021\/09\/expoMECANICA-ja-tem-confirmados-150x85.jpeg 150w, https:\/\/jornaldasoficinas.com\/pt\/wp-content\/uploads\/2021\/09\/expoMECANICA-ja-tem-confirmados-768x436.jpeg 768w\" sizes=\"auto, (max-width: 1024px) 100vw, 1024px\" \/><\/p>\n<p><strong>A expressiva ades\u00e3o do tecido empresarial \u00e0 maior feira nacional dedicada ao p\u00f3s-venda espelha a vitalidade do setor. Dos 212 expositores j\u00e1 confirmados, cerca de 50 s\u00e3o estrangeiros, de oito pa\u00edses<\/strong><\/p>\n<p>O setor do p\u00f3s-venda nacional d\u00e1 sinais de retoma e quer um (re)encontro. A forte presen\u00e7a dos operadores da manuten\u00e7\u00e3o, repara\u00e7\u00e3o e p\u00f3s-venda autom\u00f3vel na <a href=\"http:\/\/expomecanica.pt\/pt\/\" target=\"_blank\" rel=\"noopener\">expoMEC\u00c2NICA<\/a>, 7.\u00ba Sal\u00e3o de Equipamentos, Servi\u00e7os e Pe\u00e7as Auto, a acontecer de 15 a 17 de outubro, na EXPONOR \u2013 Feira Internacional do Porto, transmite uma mensagem clara de \u00abresili\u00eancia e vitalidade do setor\u00bb, refere Jos\u00e9 Manuel Costa, diretor da Kikai Eventos, o organizador de mais uma edi\u00e7\u00e3o do certame.<\/p>\n<p>O aftermarket autom\u00f3vel foi uma das atividades que se manteve sempre ativa e resiliente, assegurando que as cadeias de fornecimento n\u00e3o fossem interrompidas, de forma a garantir a mobilidade e a seguran\u00e7a das viaturas de todos os portugueses, incluindo, e sobretudo, aqueles que se encontravam na linha da frente, em mat\u00e9ria de sa\u00fade. Com as metas organizacionais muito perto de atingirem os n\u00fameros da \u00faltima edi\u00e7\u00e3o, a expoMEC\u00c2NICA 2021 ser\u00e1 \u00abum lugar seguro para visitar e fazer neg\u00f3cios\u00bb, garante a Kikai Eventos, que tem um plano de conting\u00eancia detalhado e aprovado pela Dire\u00e7\u00e3o Geral da Sa\u00fade.<\/p>\n<p>A feira assegurou at\u00e9 ao momento a participa\u00e7\u00e3o de 212 expositores &#8211; distribu\u00eddos por tr\u00eas pavilh\u00f5es da EXPONOR, ocupando 16 mil metros quadrados, quase a totalidade da \u00e1rea expositiva dispon\u00edvel.<\/p>\n<p>A Organiza\u00e7\u00e3o est\u00e1 confiante de que o evento chegar\u00e1 \u00e0 dimens\u00e3o do ano anterior e poder\u00e1 ainda incrementar o n\u00famero de participa\u00e7\u00f5es (at\u00e9 aos 225 expositores). Para tal, muito est\u00e1 a contribuir a presen\u00e7a estrangeira. S\u00e3o 50 expositores internacionais, de oito pa\u00edses, maioritariamente oriundos da Espanha (34), It\u00e1lia (9), Turquia (2), seguidos de uma representa\u00e7\u00e3o da Fran\u00e7a, da Alemanha, da B\u00e9lgica, do Reino Unido e do Luxemburgo.<\/p>\n<p>A praticamente um m\u00eas da inaugura\u00e7\u00e3o (15 a 17 de outubro), a Organiza\u00e7\u00e3o prepara com os principais intervenientes do mercado uma certame mais qualificado, com uma forte aposta na forma\u00e7\u00e3o, no debate e na componente digital.<\/p>\n<p>Nas \u00e1reas da forma\u00e7\u00e3o e do debate, a feira vai continuar a oferecer aos visitantes as suas mais emblem\u00e1ticas iniciativas (o DEMOTEC by CEPRA, o ciclo de palestras do Expotalks e o Plateau TV), mas h\u00e1 novidades.<\/p>\n<p>O novo programa Eina Training, com a assinatura da Eina, transportar\u00e1 para dentro da feira mais um aliado tecnol\u00f3gico para os profissionais do aftermarket.<\/p>\n<p>Este modelo de forma\u00e7\u00e3o t\u00e9cnica no local trar\u00e1 cen\u00e1rios da vida real, diagn\u00f3sticos e repara\u00e7\u00f5es, para que o profissional reparador possa lidar com o seu dia-a-dia com mais sucesso, ajudando a cimentar o seu futuro na ind\u00fastria.<\/p>\n<p>Ser\u00e3o realizadas mini-forma\u00e7\u00f5es com uma dura\u00e7\u00e3o de cerca de 30 minutos, numa viatura preparada para o efeito, na qual ser\u00e3o provocadas avarias para simular pr\u00e1ticas e expor a mat\u00e9ria a tratar. Ser\u00e1 seguramente um espa\u00e7o concorrido da feira, que oferecer\u00e1 a cada sessenta minutos uma forma\u00e7\u00e3o ou demonstra\u00e7\u00e3o.<\/p>\n<p>Ainda de referir que a Exposi\u00e7\u00e3o de Miniaturas e Cl\u00e1ssicos voltar\u00e1, pela terceira vez consecutiva, a marcar presen\u00e7a.<\/p>\n","protected":false},"excerpt":{"rendered":"<p>A expressiva ades\u00e3o do tecido empresarial&#8230;<\/p>\n","protected":false},"author":15,"featured_media":23941,"comment_status":"closed","ping_status":"closed","sticky":false,"template":"","format":"standard","meta":{"footnotes":""},"categories":[29],"tags":[78],"class_list":["post-23954","post","type-post","status-publish","format-standard","has-post-thumbnail","hentry","category-empresas","tag-expomecanica"],"yoast_head":"<!-- This site is optimized with the Yoast SEO plugin v27.4 - https:\/\/yoast.com\/product\/yoast-seo-wordpress\/ -->\n<title>expoMEC\u00c2NICA j\u00e1 tem confirmados 212 expositores - Jornal das Oficinas<\/title>\n<meta name=\"robots\" content=\"index, follow, max-snippet:-1, max-image-preview:large, max-video-preview:-1\" \/>\n<link rel=\"canonical\" href=\"https:\/\/jornaldasoficinas.com\/pt\/expomecanica-ja-tem-confirmados-212-expositores\/\" \/>\n<meta property=\"og:locale\" content=\"pt_PT\" \/>\n<meta property=\"og:type\" content=\"article\" \/>\n<meta property=\"og:title\" content=\"expoMEC\u00c2NICA j\u00e1 tem confirmados 212 expositores - Jornal das Oficinas\" \/>\n<meta property=\"og:description\" content=\"A expressiva ades\u00e3o do tecido empresarial...\" \/>\n<meta property=\"og:url\" content=\"https:\/\/jornaldasoficinas.com\/pt\/expomecanica-ja-tem-confirmados-212-expositores\/\" \/>\n<meta property=\"og:site_name\" content=\"Jornal das Oficinas\" \/>\n<meta property=\"article:publisher\" content=\"https:\/\/www.facebook.com\/jornaloficinas\" \/>\n<meta property=\"article:published_time\" content=\"2021-09-24T16:00:59+00:00\" \/>\n<meta property=\"article:modified_time\" content=\"2023-07-19T14:50:48+00:00\" \/>\n<meta property=\"og:image\" content=\"https:\/\/jornaldasoficinas.com\/pt\/wp-content\/uploads\/2021\/09\/expoMECANICA-ja-tem-confirmados.jpeg\" \/>\n\t<meta property=\"og:image:width\" content=\"1024\" \/>\n\t<meta property=\"og:image:height\" content=\"581\" \/>\n\t<meta property=\"og:image:type\" content=\"image\/jpeg\" \/>\n<meta name=\"author\" content=\"Reda\u00e7\u00e3o JO\" \/>\n<meta name=\"twitter:card\" content=\"summary_large_image\" \/>\n<meta name=\"twitter:creator\" content=\"@jornaloficinas\" \/>\n<meta name=\"twitter:site\" content=\"@jornaloficinas\" \/>\n<meta name=\"twitter:label1\" content=\"Escrito por\" \/>\n\t<meta name=\"twitter:data1\" content=\"Reda\u00e7\u00e3o JO\" \/>\n\t<meta name=\"twitter:label2\" content=\"Tempo estimado de leitura\" \/>\n\t<meta name=\"twitter:data2\" content=\"3 minutos\" \/>\n<script type=\"application\/ld+json\" class=\"yoast-schema-graph\">{\"@context\":\"https:\\\/\\\/schema.org\",\"@graph\":[{\"@type\":\"Article\",\"@id\":\"https:\\\/\\\/jornaldasoficinas.com\\\/pt\\\/expomecanica-ja-tem-confirmados-212-expositores\\\/#article\",\"isPartOf\":{\"@id\":\"https:\\\/\\\/jornaldasoficinas.com\\\/pt\\\/expomecanica-ja-tem-confirmados-212-expositores\\\/\"},\"author\":{\"name\":\"Reda\u00e7\u00e3o JO\",\"@id\":\"https:\\\/\\\/jornaldasoficinas.com\\\/pt\\\/#\\\/schema\\\/person\\\/a38eef5de2c41d9e7c9ac10141afddf3\"},\"headline\":\"expoMEC\u00c2NICA j\u00e1 tem confirmados 212 expositores\",\"datePublished\":\"2021-09-24T16:00:59+00:00\",\"dateModified\":\"2023-07-19T14:50:48+00:00\",\"mainEntityOfPage\":{\"@id\":\"https:\\\/\\\/jornaldasoficinas.com\\\/pt\\\/expomecanica-ja-tem-confirmados-212-expositores\\\/\"},\"wordCount\":556,\"publisher\":{\"@id\":\"https:\\\/\\\/jornaldasoficinas.com\\\/pt\\\/#organization\"},\"image\":{\"@id\":\"https:\\\/\\\/jornaldasoficinas.com\\\/pt\\\/expomecanica-ja-tem-confirmados-212-expositores\\\/#primaryimage\"},\"thumbnailUrl\":\"https:\\\/\\\/jornaldasoficinas.com\\\/pt\\\/wp-content\\\/uploads\\\/2021\\\/09\\\/expoMECANICA-ja-tem-confirmados.jpeg\",\"keywords\":[\"expoMEC\u00c2NICA\"],\"articleSection\":[\"Empresas\"],\"inLanguage\":\"pt-PT\"},{\"@type\":\"WebPage\",\"@id\":\"https:\\\/\\\/jornaldasoficinas.com\\\/pt\\\/expomecanica-ja-tem-confirmados-212-expositores\\\/\",\"url\":\"https:\\\/\\\/jornaldasoficinas.com\\\/pt\\\/expomecanica-ja-tem-confirmados-212-expositores\\\/\",\"name\":\"expoMEC\u00c2NICA j\u00e1 tem confirmados 212 expositores - Jornal das Oficinas\",\"isPartOf\":{\"@id\":\"https:\\\/\\\/jornaldasoficinas.com\\\/pt\\\/#website\"},\"primaryImageOfPage\":{\"@id\":\"https:\\\/\\\/jornaldasoficinas.com\\\/pt\\\/expomecanica-ja-tem-confirmados-212-expositores\\\/#primaryimage\"},\"image\":{\"@id\":\"https:\\\/\\\/jornaldasoficinas.com\\\/pt\\\/expomecanica-ja-tem-confirmados-212-expositores\\\/#primaryimage\"},\"thumbnailUrl\":\"https:\\\/\\\/jornaldasoficinas.com\\\/pt\\\/wp-content\\\/uploads\\\/2021\\\/09\\\/expoMECANICA-ja-tem-confirmados.jpeg\",\"datePublished\":\"2021-09-24T16:00:59+00:00\",\"dateModified\":\"2023-07-19T14:50:48+00:00\",\"breadcrumb\":{\"@id\":\"https:\\\/\\\/jornaldasoficinas.com\\\/pt\\\/expomecanica-ja-tem-confirmados-212-expositores\\\/#breadcrumb\"},\"inLanguage\":\"pt-PT\",\"potentialAction\":[{\"@type\":\"ReadAction\",\"target\":[\"https:\\\/\\\/jornaldasoficinas.com\\\/pt\\\/expomecanica-ja-tem-confirmados-212-expositores\\\/\"]}]},{\"@type\":\"ImageObject\",\"inLanguage\":\"pt-PT\",\"@id\":\"https:\\\/\\\/jornaldasoficinas.com\\\/pt\\\/expomecanica-ja-tem-confirmados-212-expositores\\\/#primaryimage\",\"url\":\"https:\\\/\\\/jornaldasoficinas.com\\\/pt\\\/wp-content\\\/uploads\\\/2021\\\/09\\\/expoMECANICA-ja-tem-confirmados.jpeg\",\"contentUrl\":\"https:\\\/\\\/jornaldasoficinas.com\\\/pt\\\/wp-content\\\/uploads\\\/2021\\\/09\\\/expoMECANICA-ja-tem-confirmados.jpeg\",\"width\":1024,\"height\":581,\"caption\":\"09 - expoMECANICA-ja-tem-confirmados\"},{\"@type\":\"BreadcrumbList\",\"@id\":\"https:\\\/\\\/jornaldasoficinas.com\\\/pt\\\/expomecanica-ja-tem-confirmados-212-expositores\\\/#breadcrumb\",\"itemListElement\":[{\"@type\":\"ListItem\",\"position\":1,\"name\":\"In\u00edcio\",\"item\":\"https:\\\/\\\/jornaldasoficinas.com\\\/pt\\\/\"},{\"@type\":\"ListItem\",\"position\":2,\"name\":\"expoMEC\u00c2NICA j\u00e1 tem confirmados 212 expositores\"}]},{\"@type\":\"WebSite\",\"@id\":\"https:\\\/\\\/jornaldasoficinas.com\\\/pt\\\/#website\",\"url\":\"https:\\\/\\\/jornaldasoficinas.com\\\/pt\\\/\",\"name\":\"Jornal das Oficinas\",\"description\":\"Jornal independente do Aftermarket Autom\u00f3vel em Portugal\",\"publisher\":{\"@id\":\"https:\\\/\\\/jornaldasoficinas.com\\\/pt\\\/#organization\"},\"potentialAction\":[{\"@type\":\"SearchAction\",\"target\":{\"@type\":\"EntryPoint\",\"urlTemplate\":\"https:\\\/\\\/jornaldasoficinas.com\\\/pt\\\/?s={search_term_string}\"},\"query-input\":{\"@type\":\"PropertyValueSpecification\",\"valueRequired\":true,\"valueName\":\"search_term_string\"}}],\"inLanguage\":\"pt-PT\"},{\"@type\":\"Organization\",\"@id\":\"https:\\\/\\\/jornaldasoficinas.com\\\/pt\\\/#organization\",\"name\":\"Jornal das Oficinas\",\"url\":\"https:\\\/\\\/jornaldasoficinas.com\\\/pt\\\/\",\"logo\":{\"@type\":\"ImageObject\",\"inLanguage\":\"pt-PT\",\"@id\":\"https:\\\/\\\/jornaldasoficinas.com\\\/pt\\\/#\\\/schema\\\/logo\\\/image\\\/\",\"url\":\"https:\\\/\\\/jornaldasoficinas.com\\\/pt\\\/wp-content\\\/uploads\\\/logoJO-SEO.png\",\"contentUrl\":\"https:\\\/\\\/jornaldasoficinas.com\\\/pt\\\/wp-content\\\/uploads\\\/logoJO-SEO.png\",\"width\":285,\"height\":450,\"caption\":\"Jornal das Oficinas\"},\"image\":{\"@id\":\"https:\\\/\\\/jornaldasoficinas.com\\\/pt\\\/#\\\/schema\\\/logo\\\/image\\\/\"},\"sameAs\":[\"https:\\\/\\\/www.facebook.com\\\/jornaloficinas\",\"https:\\\/\\\/x.com\\\/jornaloficinas\",\"https:\\\/\\\/www.instagram.com\\\/jornal_oficinas\\\/\",\"https:\\\/\\\/www.linkedin.com\\\/company\\\/jornal-das-oficinas\\\/\",\"https:\\\/\\\/www.youtube.com\\\/channel\\\/UCbQZBqtcvV-oSQrr7RzINGg\"]},{\"@type\":\"Person\",\"@id\":\"https:\\\/\\\/jornaldasoficinas.com\\\/pt\\\/#\\\/schema\\\/person\\\/a38eef5de2c41d9e7c9ac10141afddf3\",\"name\":\"Reda\u00e7\u00e3o JO\",\"image\":{\"@type\":\"ImageObject\",\"inLanguage\":\"pt-PT\",\"@id\":\"https:\\\/\\\/secure.gravatar.com\\\/avatar\\\/71f2fa71737ad68a84fea94bc708ddac8ea5b0c4788dc2ad202f3ccb2887742f?s=96&d=wp_user_avatar&r=g\",\"url\":\"https:\\\/\\\/secure.gravatar.com\\\/avatar\\\/71f2fa71737ad68a84fea94bc708ddac8ea5b0c4788dc2ad202f3ccb2887742f?s=96&d=wp_user_avatar&r=g\",\"contentUrl\":\"https:\\\/\\\/secure.gravatar.com\\\/avatar\\\/71f2fa71737ad68a84fea94bc708ddac8ea5b0c4788dc2ad202f3ccb2887742f?s=96&d=wp_user_avatar&r=g\",\"caption\":\"Reda\u00e7\u00e3o JO\"},\"url\":\"https:\\\/\\\/jornaldasoficinas.com\\\/pt\\\/author\\\/joredacao\\\/\"}]}<\/script>\n<!-- \/ Yoast SEO plugin. -->","yoast_head_json":{"title":"expoMEC\u00c2NICA j\u00e1 tem confirmados 212 expositores - Jornal das Oficinas","robots":{"index":"index","follow":"follow","max-snippet":"max-snippet:-1","max-image-preview":"max-image-preview:large","max-video-preview":"max-video-preview:-1"},"canonical":"https:\/\/jornaldasoficinas.com\/pt\/expomecanica-ja-tem-confirmados-212-expositores\/","og_locale":"pt_PT","og_type":"article","og_title":"expoMEC\u00c2NICA j\u00e1 tem confirmados 212 expositores - Jornal das Oficinas","og_description":"A expressiva ades\u00e3o do tecido empresarial...","og_url":"https:\/\/jornaldasoficinas.com\/pt\/expomecanica-ja-tem-confirmados-212-expositores\/","og_site_name":"Jornal das Oficinas","article_publisher":"https:\/\/www.facebook.com\/jornaloficinas","article_published_time":"2021-09-24T16:00:59+00:00","article_modified_time":"2023-07-19T14:50:48+00:00","og_image":[{"width":1024,"height":581,"url":"https:\/\/jornaldasoficinas.com\/pt\/wp-content\/uploads\/2021\/09\/expoMECANICA-ja-tem-confirmados.jpeg","type":"image\/jpeg"}],"author":"Reda\u00e7\u00e3o JO","twitter_card":"summary_large_image","twitter_creator":"@jornaloficinas","twitter_site":"@jornaloficinas","twitter_misc":{"Escrito por":"Reda\u00e7\u00e3o JO","Tempo estimado de leitura":"3 minutos"},"schema":{"@context":"https:\/\/schema.org","@graph":[{"@type":"Article","@id":"https:\/\/jornaldasoficinas.com\/pt\/expomecanica-ja-tem-confirmados-212-expositores\/#article","isPartOf":{"@id":"https:\/\/jornaldasoficinas.com\/pt\/expomecanica-ja-tem-confirmados-212-expositores\/"},"author":{"name":"Reda\u00e7\u00e3o JO","@id":"https:\/\/jornaldasoficinas.com\/pt\/#\/schema\/person\/a38eef5de2c41d9e7c9ac10141afddf3"},"headline":"expoMEC\u00c2NICA j\u00e1 tem confirmados 212 expositores","datePublished":"2021-09-24T16:00:59+00:00","dateModified":"2023-07-19T14:50:48+00:00","mainEntityOfPage":{"@id":"https:\/\/jornaldasoficinas.com\/pt\/expomecanica-ja-tem-confirmados-212-expositores\/"},"wordCount":556,"publisher":{"@id":"https:\/\/jornaldasoficinas.com\/pt\/#organization"},"image":{"@id":"https:\/\/jornaldasoficinas.com\/pt\/expomecanica-ja-tem-confirmados-212-expositores\/#primaryimage"},"thumbnailUrl":"https:\/\/jornaldasoficinas.com\/pt\/wp-content\/uploads\/2021\/09\/expoMECANICA-ja-tem-confirmados.jpeg","keywords":["expoMEC\u00c2NICA"],"articleSection":["Empresas"],"inLanguage":"pt-PT"},{"@type":"WebPage","@id":"https:\/\/jornaldasoficinas.com\/pt\/expomecanica-ja-tem-confirmados-212-expositores\/","url":"https:\/\/jornaldasoficinas.com\/pt\/expomecanica-ja-tem-confirmados-212-expositores\/","name":"expoMEC\u00c2NICA j\u00e1 tem confirmados 212 expositores - Jornal das Oficinas","isPartOf":{"@id":"https:\/\/jornaldasoficinas.com\/pt\/#website"},"primaryImageOfPage":{"@id":"https:\/\/jornaldasoficinas.com\/pt\/expomecanica-ja-tem-confirmados-212-expositores\/#primaryimage"},"image":{"@id":"https:\/\/jornaldasoficinas.com\/pt\/expomecanica-ja-tem-confirmados-212-expositores\/#primaryimage"},"thumbnailUrl":"https:\/\/jornaldasoficinas.com\/pt\/wp-content\/uploads\/2021\/09\/expoMECANICA-ja-tem-confirmados.jpeg","datePublished":"2021-09-24T16:00:59+00:00","dateModified":"2023-07-19T14:50:48+00:00","breadcrumb":{"@id":"https:\/\/jornaldasoficinas.com\/pt\/expomecanica-ja-tem-confirmados-212-expositores\/#breadcrumb"},"inLanguage":"pt-PT","potentialAction":[{"@type":"ReadAction","target":["https:\/\/jornaldasoficinas.com\/pt\/expomecanica-ja-tem-confirmados-212-expositores\/"]}]},{"@type":"ImageObject","inLanguage":"pt-PT","@id":"https:\/\/jornaldasoficinas.com\/pt\/expomecanica-ja-tem-confirmados-212-expositores\/#primaryimage","url":"https:\/\/jornaldasoficinas.com\/pt\/wp-content\/uploads\/2021\/09\/expoMECANICA-ja-tem-confirmados.jpeg","contentUrl":"https:\/\/jornaldasoficinas.com\/pt\/wp-content\/uploads\/2021\/09\/expoMECANICA-ja-tem-confirmados.jpeg","width":1024,"height":581,"caption":"09 - expoMECANICA-ja-tem-confirmados"},{"@type":"BreadcrumbList","@id":"https:\/\/jornaldasoficinas.com\/pt\/expomecanica-ja-tem-confirmados-212-expositores\/#breadcrumb","itemListElement":[{"@type":"ListItem","position":1,"name":"In\u00edcio","item":"https:\/\/jornaldasoficinas.com\/pt\/"},{"@type":"ListItem","position":2,"name":"expoMEC\u00c2NICA j\u00e1 tem confirmados 212 expositores"}]},{"@type":"WebSite","@id":"https:\/\/jornaldasoficinas.com\/pt\/#website","url":"https:\/\/jornaldasoficinas.com\/pt\/","name":"Jornal das Oficinas","description":"Jornal independente do Aftermarket Autom\u00f3vel em Portugal","publisher":{"@id":"https:\/\/jornaldasoficinas.com\/pt\/#organization"},"potentialAction":[{"@type":"SearchAction","target":{"@type":"EntryPoint","urlTemplate":"https:\/\/jornaldasoficinas.com\/pt\/?s={search_term_string}"},"query-input":{"@type":"PropertyValueSpecification","valueRequired":true,"valueName":"search_term_string"}}],"inLanguage":"pt-PT"},{"@type":"Organization","@id":"https:\/\/jornaldasoficinas.com\/pt\/#organization","name":"Jornal das Oficinas","url":"https:\/\/jornaldasoficinas.com\/pt\/","logo":{"@type":"ImageObject","inLanguage":"pt-PT","@id":"https:\/\/jornaldasoficinas.com\/pt\/#\/schema\/logo\/image\/","url":"https:\/\/jornaldasoficinas.com\/pt\/wp-content\/uploads\/logoJO-SEO.png","contentUrl":"https:\/\/jornaldasoficinas.com\/pt\/wp-content\/uploads\/logoJO-SEO.png","width":285,"height":450,"caption":"Jornal das Oficinas"},"image":{"@id":"https:\/\/jornaldasoficinas.com\/pt\/#\/schema\/logo\/image\/"},"sameAs":["https:\/\/www.facebook.com\/jornaloficinas","https:\/\/x.com\/jornaloficinas","https:\/\/www.instagram.com\/jornal_oficinas\/","https:\/\/www.linkedin.com\/company\/jornal-das-oficinas\/","https:\/\/www.youtube.com\/channel\/UCbQZBqtcvV-oSQrr7RzINGg"]},{"@type":"Person","@id":"https:\/\/jornaldasoficinas.com\/pt\/#\/schema\/person\/a38eef5de2c41d9e7c9ac10141afddf3","name":"Reda\u00e7\u00e3o JO","image":{"@type":"ImageObject","inLanguage":"pt-PT","@id":"https:\/\/secure.gravatar.com\/avatar\/71f2fa71737ad68a84fea94bc708ddac8ea5b0c4788dc2ad202f3ccb2887742f?s=96&d=wp_user_avatar&r=g","url":"https:\/\/secure.gravatar.com\/avatar\/71f2fa71737ad68a84fea94bc708ddac8ea5b0c4788dc2ad202f3ccb2887742f?s=96&d=wp_user_avatar&r=g","contentUrl":"https:\/\/secure.gravatar.com\/avatar\/71f2fa71737ad68a84fea94bc708ddac8ea5b0c4788dc2ad202f3ccb2887742f?s=96&d=wp_user_avatar&r=g","caption":"Reda\u00e7\u00e3o JO"},"url":"https:\/\/jornaldasoficinas.com\/pt\/author\/joredacao\/"}]}},"_links":{"self":[{"href":"https:\/\/jornaldasoficinas.com\/pt\/wp-json\/wp\/v2\/posts\/23954","targetHints":{"allow":["GET"]}}],"collection":[{"href":"https:\/\/jornaldasoficinas.com\/pt\/wp-json\/wp\/v2\/posts"}],"about":[{"href":"https:\/\/jornaldasoficinas.com\/pt\/wp-json\/wp\/v2\/types\/post"}],"author":[{"embeddable":true,"href":"https:\/\/jornaldasoficinas.com\/pt\/wp-json\/wp\/v2\/users\/15"}],"replies":[{"embeddable":true,"href":"https:\/\/jornaldasoficinas.com\/pt\/wp-json\/wp\/v2\/comments?post=23954"}],"version-history":[{"count":0,"href":"https:\/\/jornaldasoficinas.com\/pt\/wp-json\/wp\/v2\/posts\/23954\/revisions"}],"wp:featuredmedia":[{"embeddable":true,"href":"https:\/\/jornaldasoficinas.com\/pt\/wp-json\/wp\/v2\/media\/23941"}],"wp:attachment":[{"href":"https:\/\/jornaldasoficinas.com\/pt\/wp-json\/wp\/v2\/media?parent=23954"}],"wp:term":[{"taxonomy":"category","embeddable":true,"href":"https:\/\/jornaldasoficinas.com\/pt\/wp-json\/wp\/v2\/categories?post=23954"},{"taxonomy":"post_tag","embeddable":true,"href":"https:\/\/jornaldasoficinas.com\/pt\/wp-json\/wp\/v2\/tags?post=23954"}],"curies":[{"name":"wp","href":"https:\/\/api.w.org\/{rel}","templated":true}]}}