{"id":23973,"date":"2021-09-26T17:00:36","date_gmt":"2021-09-26T16:00:36","guid":{"rendered":"https:\/\/jornaldasoficinas.com\/pt\/?p=23973"},"modified":"2021-09-26T09:33:56","modified_gmt":"2021-09-26T08:33:56","slug":"como-peritar-os-danos-nos-veiculos","status":"publish","type":"post","link":"https:\/\/jornaldasoficinas.com\/pt\/como-peritar-os-danos-nos-veiculos\/","title":{"rendered":"Como peritar  os danos nos ve\u00edculos?"},"content":{"rendered":"<p><strong><img loading=\"lazy\" decoding=\"async\" class=\"alignnone size-full wp-image-23974\" src=\"https:\/\/jornaldasoficinas.com\/pt\/wp-content\/uploads\/2021\/09\/WhatsApp-Image-2021-09-25-at-21.32.261.jpeg\" alt=\"09 - WhatsApp-Image-2021-09-25-at-21.32.261\" width=\"1024\" height=\"581\" srcset=\"https:\/\/jornaldasoficinas.com\/pt\/wp-content\/uploads\/2021\/09\/WhatsApp-Image-2021-09-25-at-21.32.261.jpeg 1024w, https:\/\/jornaldasoficinas.com\/pt\/wp-content\/uploads\/2021\/09\/WhatsApp-Image-2021-09-25-at-21.32.261-300x170.jpeg 300w, https:\/\/jornaldasoficinas.com\/pt\/wp-content\/uploads\/2021\/09\/WhatsApp-Image-2021-09-25-at-21.32.261-150x85.jpeg 150w, https:\/\/jornaldasoficinas.com\/pt\/wp-content\/uploads\/2021\/09\/WhatsApp-Image-2021-09-25-at-21.32.261-768x436.jpeg 768w\" sizes=\"auto, (max-width: 1024px) 100vw, 1024px\" \/><\/strong><\/p>\n<p><strong>No \u00e2mbito da avalia\u00e7\u00e3o de danos em ve\u00edculos, o perito de seguros de autom\u00f3veis tem de realizar o seu trabalho baseando a sua forma de atuar nas distintas condicionantes das ap\u00f3lices e nos crit\u00e9rios de responsabilidade dos contratos. Este tipo de avalia\u00e7\u00f5es implicam um maior grau de especializa\u00e7\u00e3o para o perito<\/strong><\/p>\n<p>Ocorre um sinistro empresarial quando os danos nos ve\u00edculos s\u00e3o provocados durante a execu\u00e7\u00e3o de uma atividade industrial ou empresarial, e a Responsabilidade Civil \u00e9 assegurada pela empresa que necessita dos servi\u00e7os do perito de autom\u00f3veis.<\/p>\n<p><strong>Metodologia pericial em sinistros empresariais<\/strong><br \/>\nEm caso de acidentes ocorridos em consequ\u00eancia da atividade empresarial, \u00e9 contratado um seguro pelos danos que possam ocorrer nos ve\u00edculos durante a sua perman\u00eancia na oficina, nas suas desloca\u00e7\u00f5es (testes, entregas e recolhas, transporte em reboque\u2026) e pelos que resultem de repara\u00e7\u00f5es incorretas, durante a lavagem do ve\u00edculo ou no abastecimento de combust\u00edvel, entre outros. Entre as tarefas do perito de autom\u00f3veis nos expedientes empresariais, inclui-se estabelecer o valor do sinistro, tarefa que, indubitavelmente, passa por avaliar os danos do ve\u00edculo afetado.<\/p>\n<p>Al\u00e9m disso, h\u00e1 que estabelecer a causa ou causas da ocorr\u00eancia, pelo que o perito se deve focar em dois aspetos fundamentais: a correspond\u00eancia dos danos, ou rela\u00e7\u00e3o entre a forma de ocorr\u00eancia relatada pelo segurado e os danos observados no ve\u00edculo, e a an\u00e1lise das circunst\u00e2ncias que rodeiam a ocorr\u00eancia do sinistro, que impliquem um aumento do risco ou o risco em si mesmo. A quebra do nexo causal ocorre por falta de correspond\u00eancia entre os danos e o relato do sinistro, ou por circunst\u00e2ncias que podem aumentar as possibilidades de acidente ou ser a causa deste. A exist\u00eancia de nexo causal \u00e9 necess\u00e1ria para a indemniza\u00e7\u00e3o.<\/p>\n<p><strong>Casos mais frequentes em sinistros empresariais<\/strong><br \/>\nEstes sinistros est\u00e3o relacionados com as empresas que t\u00eam um contacto direto com os ve\u00edculos: oficinas de repara\u00e7\u00e3o, servi\u00e7os de assist\u00eancia em viagem, t\u00faneis de lavagem, esta\u00e7\u00f5es de servi\u00e7o\u2026 Tendo isto em conta, podem-se classificar em cinco grupos:<\/p>\n<p><strong>1 Avarias no ve\u00edculo<\/strong><br \/>\nUma vez que, efetuada uma repara\u00e7\u00e3o numa oficina, ocorra uma avaria, esta pode ser consequ\u00eancia da referida repara\u00e7\u00e3o ou pode tratar-se de uma nova. O ve\u00edculo chega de novo \u00e0 oficina de repara\u00e7\u00e3o, e o perito de autom\u00f3veis analisa e investiga a ocorr\u00eancia. A primeira coisa que solicita \u00e9 a documenta\u00e7\u00e3o da repara\u00e7\u00e3o (ordem de trabalho, or\u00e7amento, guias de remessa, faturas\u2026) para conhecer a extens\u00e3o dos trabalhos, com o objetivo de poder clarificar a correspond\u00eancia da repara\u00e7\u00e3o com a avaria.<\/p>\n<p>Caso exista rela\u00e7\u00e3o entre repara\u00e7\u00e3o e avaria, s\u00e3o analisadas as circunst\u00e2ncias em que foi efetuada a repara\u00e7\u00e3o. O objetivo \u00e9 ver se os trabalhos foram executados de forma correta, verificando os processos de repara\u00e7\u00e3o, e se foram cumpridas as caracter\u00edsticas t\u00e9cnicas do \u00f3rg\u00e3o mec\u00e2nico avariado (bin\u00e1rios de aperto, volume de l\u00edquidos\u2026).<\/p>\n<p>Tamb\u00e9m se verifica se n\u00e3o foi danificado acidentalmente qualquer elemento nas pe\u00e7as reparadas ou nas anexas, bem como se ocorreram erros ou esquecimentos por parte do oper\u00e1rio que realizou a repara\u00e7\u00e3o. Ser\u00e1 verificado se n\u00e3o existem danos repetidos, como os desgastes nos parafusos e pernos, que devem ser substitu\u00eddos obrigatoriamente, ou tensores que possam ceder caso n\u00e3o sejam substitu\u00eddos\u2026 Por \u00faltimo, h\u00e1 que descartar a hip\u00f3tese de que a avaria tenha ocorrido de forma causal, ap\u00f3s a repara\u00e7\u00e3o, e que n\u00e3o existe qualquer rela\u00e7\u00e3o com os trabalhos da oficina.<\/p>\n<p><strong>2 Danos ocorridos em t\u00faneis de lavagem<\/strong><br \/>\nEsta tipologia de danos repete-se em elementos salientes do ve\u00edculo (limpa-para-brisas, retrovisores exteriores, antenas\u2026), que se prendem nos rolos e batem no ve\u00edculo, ou quando este sai da calha de transporte e bate contra elementos do t\u00fanel. \u00c9 fundamental verificar se foram cumpridas, na sua totalidade, as instru\u00e7\u00f5es de lavagem do ve\u00edculo, que dever\u00e3o encontrar-se na entrada do t\u00fanel de lavagem.<\/p>\n<p><strong>3 Sinistros em oficinas<\/strong><br \/>\nOs danos nestes expedientes s\u00e3o muito similares aos que ocorrem em sinistros cobertos pelas ap\u00f3lices de autom\u00f3veis. Assim, a causalidade \u00e9 determinada pela correspond\u00eancia dos danos, tendo sempre em conta circunst\u00e2ncias que podem influenciar. Ocorrem danos nas opera\u00e7\u00f5es de repara\u00e7\u00e3o do ve\u00edculo (como a queda de elevadores, entre outros), nas suas desloca\u00e7\u00f5es dentro das instala\u00e7\u00f5es da oficina, ou nos percursos de teste, entrega e recolha.<\/p>\n<p><strong>4 Danos na desloca\u00e7\u00e3o do ve\u00edculo em reboque<\/strong><br \/>\nTamb\u00e9m neste caso, a verifica\u00e7\u00e3o dos danos assume grande import\u00e2ncia, ao mostrar uma tipologia muito definida. Os danos reclamados correspondem aos provocados nas opera\u00e7\u00f5es de carga e descarga, com impacto direto nas pe\u00e7as exteriores ou por deteriora\u00e7\u00e3o nas mec\u00e2nicas, provocada pelos elementos de arrasto do reboque. Por vezes, ocorrem danos por se partir o cabo e o ve\u00edculo ficar solto, ou em opera\u00e7\u00f5es de resgate, devido \u00e0 complexidade eventualmente existente.<\/p>\n<p><strong>5. Avarias por troca de combust\u00edvel<\/strong><br \/>\nS\u00e3o reclamados danos em sistemas de inje\u00e7\u00e3o, em motores e em sistemas de escape, devido a um abastecimento do ve\u00edculo com combust\u00edvel diferente daquele que usa. Para al\u00e9m dos casos descritos de poss\u00edveis sinistros empresariais, o perito de autom\u00f3veis pode deparar-se com outros de diversa \u00edndole. Por exemplo, em capots dianteiros, devido a uma ferramenta esquecida sob os mesmos; danos provocados por animais que entraram nos ve\u00edculos em armaz\u00e9m; devido a cadeiras de uma varanda que voaram com ventos fortes\u2026 N\u00e3o obstante, os motivos mais habituais s\u00e3o os descritos anteriormente. l<\/p>\n","protected":false},"excerpt":{"rendered":"<p>No \u00e2mbito da avalia\u00e7\u00e3o de danos&#8230;<\/p>\n","protected":false},"author":15,"featured_media":23974,"comment_status":"closed","ping_status":"closed","sticky":false,"template":"","format":"standard","meta":{"footnotes":""},"categories":[120],"tags":[],"class_list":["post-23973","post","type-post","status-publish","format-standard","has-post-thumbnail","hentry","category-tecnica"],"yoast_head":"<!-- This site is optimized with the Yoast SEO plugin v27.4 - https:\/\/yoast.com\/product\/yoast-seo-wordpress\/ -->\n<title>Como peritar os danos nos ve\u00edculos? - Jornal das Oficinas<\/title>\n<meta name=\"robots\" content=\"index, follow, max-snippet:-1, max-image-preview:large, max-video-preview:-1\" \/>\n<link rel=\"canonical\" href=\"https:\/\/jornaldasoficinas.com\/pt\/como-peritar-os-danos-nos-veiculos\/\" \/>\n<meta property=\"og:locale\" content=\"pt_PT\" \/>\n<meta property=\"og:type\" content=\"article\" \/>\n<meta property=\"og:title\" content=\"Como peritar os danos nos ve\u00edculos? - Jornal das Oficinas\" \/>\n<meta property=\"og:description\" content=\"No \u00e2mbito da avalia\u00e7\u00e3o de danos...\" \/>\n<meta property=\"og:url\" content=\"https:\/\/jornaldasoficinas.com\/pt\/como-peritar-os-danos-nos-veiculos\/\" \/>\n<meta property=\"og:site_name\" content=\"Jornal das Oficinas\" \/>\n<meta property=\"article:publisher\" content=\"https:\/\/www.facebook.com\/jornaloficinas\" \/>\n<meta property=\"article:published_time\" content=\"2021-09-26T16:00:36+00:00\" \/>\n<meta property=\"og:image\" content=\"https:\/\/jornaldasoficinas.com\/pt\/wp-content\/uploads\/2021\/09\/WhatsApp-Image-2021-09-25-at-21.32.261.jpeg\" \/>\n\t<meta property=\"og:image:width\" content=\"1024\" \/>\n\t<meta property=\"og:image:height\" content=\"581\" \/>\n\t<meta property=\"og:image:type\" content=\"image\/jpeg\" \/>\n<meta name=\"author\" content=\"Reda\u00e7\u00e3o JO\" \/>\n<meta name=\"twitter:card\" content=\"summary_large_image\" \/>\n<meta name=\"twitter:creator\" content=\"@jornaloficinas\" \/>\n<meta name=\"twitter:site\" content=\"@jornaloficinas\" \/>\n<meta name=\"twitter:label1\" content=\"Escrito por\" \/>\n\t<meta name=\"twitter:data1\" content=\"Reda\u00e7\u00e3o JO\" \/>\n\t<meta name=\"twitter:label2\" content=\"Tempo estimado de leitura\" \/>\n\t<meta name=\"twitter:data2\" content=\"5 minutos\" \/>\n<script type=\"application\/ld+json\" class=\"yoast-schema-graph\">{\"@context\":\"https:\\\/\\\/schema.org\",\"@graph\":[{\"@type\":\"Article\",\"@id\":\"https:\\\/\\\/jornaldasoficinas.com\\\/pt\\\/como-peritar-os-danos-nos-veiculos\\\/#article\",\"isPartOf\":{\"@id\":\"https:\\\/\\\/jornaldasoficinas.com\\\/pt\\\/como-peritar-os-danos-nos-veiculos\\\/\"},\"author\":{\"name\":\"Reda\u00e7\u00e3o JO\",\"@id\":\"https:\\\/\\\/jornaldasoficinas.com\\\/pt\\\/#\\\/schema\\\/person\\\/a38eef5de2c41d9e7c9ac10141afddf3\"},\"headline\":\"Como peritar os danos nos ve\u00edculos?\",\"datePublished\":\"2021-09-26T16:00:36+00:00\",\"mainEntityOfPage\":{\"@id\":\"https:\\\/\\\/jornaldasoficinas.com\\\/pt\\\/como-peritar-os-danos-nos-veiculos\\\/\"},\"wordCount\":981,\"publisher\":{\"@id\":\"https:\\\/\\\/jornaldasoficinas.com\\\/pt\\\/#organization\"},\"image\":{\"@id\":\"https:\\\/\\\/jornaldasoficinas.com\\\/pt\\\/como-peritar-os-danos-nos-veiculos\\\/#primaryimage\"},\"thumbnailUrl\":\"https:\\\/\\\/jornaldasoficinas.com\\\/pt\\\/wp-content\\\/uploads\\\/2021\\\/09\\\/WhatsApp-Image-2021-09-25-at-21.32.261.jpeg\",\"articleSection\":[\"T\u00e9cnica\"],\"inLanguage\":\"pt-PT\"},{\"@type\":\"WebPage\",\"@id\":\"https:\\\/\\\/jornaldasoficinas.com\\\/pt\\\/como-peritar-os-danos-nos-veiculos\\\/\",\"url\":\"https:\\\/\\\/jornaldasoficinas.com\\\/pt\\\/como-peritar-os-danos-nos-veiculos\\\/\",\"name\":\"Como peritar os danos nos ve\u00edculos? - Jornal das Oficinas\",\"isPartOf\":{\"@id\":\"https:\\\/\\\/jornaldasoficinas.com\\\/pt\\\/#website\"},\"primaryImageOfPage\":{\"@id\":\"https:\\\/\\\/jornaldasoficinas.com\\\/pt\\\/como-peritar-os-danos-nos-veiculos\\\/#primaryimage\"},\"image\":{\"@id\":\"https:\\\/\\\/jornaldasoficinas.com\\\/pt\\\/como-peritar-os-danos-nos-veiculos\\\/#primaryimage\"},\"thumbnailUrl\":\"https:\\\/\\\/jornaldasoficinas.com\\\/pt\\\/wp-content\\\/uploads\\\/2021\\\/09\\\/WhatsApp-Image-2021-09-25-at-21.32.261.jpeg\",\"datePublished\":\"2021-09-26T16:00:36+00:00\",\"breadcrumb\":{\"@id\":\"https:\\\/\\\/jornaldasoficinas.com\\\/pt\\\/como-peritar-os-danos-nos-veiculos\\\/#breadcrumb\"},\"inLanguage\":\"pt-PT\",\"potentialAction\":[{\"@type\":\"ReadAction\",\"target\":[\"https:\\\/\\\/jornaldasoficinas.com\\\/pt\\\/como-peritar-os-danos-nos-veiculos\\\/\"]}]},{\"@type\":\"ImageObject\",\"inLanguage\":\"pt-PT\",\"@id\":\"https:\\\/\\\/jornaldasoficinas.com\\\/pt\\\/como-peritar-os-danos-nos-veiculos\\\/#primaryimage\",\"url\":\"https:\\\/\\\/jornaldasoficinas.com\\\/pt\\\/wp-content\\\/uploads\\\/2021\\\/09\\\/WhatsApp-Image-2021-09-25-at-21.32.261.jpeg\",\"contentUrl\":\"https:\\\/\\\/jornaldasoficinas.com\\\/pt\\\/wp-content\\\/uploads\\\/2021\\\/09\\\/WhatsApp-Image-2021-09-25-at-21.32.261.jpeg\",\"width\":1024,\"height\":581,\"caption\":\"09 - WhatsApp-Image-2021-09-25-at-21.32.261\"},{\"@type\":\"BreadcrumbList\",\"@id\":\"https:\\\/\\\/jornaldasoficinas.com\\\/pt\\\/como-peritar-os-danos-nos-veiculos\\\/#breadcrumb\",\"itemListElement\":[{\"@type\":\"ListItem\",\"position\":1,\"name\":\"In\u00edcio\",\"item\":\"https:\\\/\\\/jornaldasoficinas.com\\\/pt\\\/\"},{\"@type\":\"ListItem\",\"position\":2,\"name\":\"Como peritar os danos nos ve\u00edculos?\"}]},{\"@type\":\"WebSite\",\"@id\":\"https:\\\/\\\/jornaldasoficinas.com\\\/pt\\\/#website\",\"url\":\"https:\\\/\\\/jornaldasoficinas.com\\\/pt\\\/\",\"name\":\"Jornal das Oficinas\",\"description\":\"Jornal independente do Aftermarket Autom\u00f3vel em Portugal\",\"publisher\":{\"@id\":\"https:\\\/\\\/jornaldasoficinas.com\\\/pt\\\/#organization\"},\"potentialAction\":[{\"@type\":\"SearchAction\",\"target\":{\"@type\":\"EntryPoint\",\"urlTemplate\":\"https:\\\/\\\/jornaldasoficinas.com\\\/pt\\\/?s={search_term_string}\"},\"query-input\":{\"@type\":\"PropertyValueSpecification\",\"valueRequired\":true,\"valueName\":\"search_term_string\"}}],\"inLanguage\":\"pt-PT\"},{\"@type\":\"Organization\",\"@id\":\"https:\\\/\\\/jornaldasoficinas.com\\\/pt\\\/#organization\",\"name\":\"Jornal das Oficinas\",\"url\":\"https:\\\/\\\/jornaldasoficinas.com\\\/pt\\\/\",\"logo\":{\"@type\":\"ImageObject\",\"inLanguage\":\"pt-PT\",\"@id\":\"https:\\\/\\\/jornaldasoficinas.com\\\/pt\\\/#\\\/schema\\\/logo\\\/image\\\/\",\"url\":\"https:\\\/\\\/jornaldasoficinas.com\\\/pt\\\/wp-content\\\/uploads\\\/logoJO-SEO.png\",\"contentUrl\":\"https:\\\/\\\/jornaldasoficinas.com\\\/pt\\\/wp-content\\\/uploads\\\/logoJO-SEO.png\",\"width\":285,\"height\":450,\"caption\":\"Jornal das Oficinas\"},\"image\":{\"@id\":\"https:\\\/\\\/jornaldasoficinas.com\\\/pt\\\/#\\\/schema\\\/logo\\\/image\\\/\"},\"sameAs\":[\"https:\\\/\\\/www.facebook.com\\\/jornaloficinas\",\"https:\\\/\\\/x.com\\\/jornaloficinas\",\"https:\\\/\\\/www.instagram.com\\\/jornal_oficinas\\\/\",\"https:\\\/\\\/www.linkedin.com\\\/company\\\/jornal-das-oficinas\\\/\",\"https:\\\/\\\/www.youtube.com\\\/channel\\\/UCbQZBqtcvV-oSQrr7RzINGg\"]},{\"@type\":\"Person\",\"@id\":\"https:\\\/\\\/jornaldasoficinas.com\\\/pt\\\/#\\\/schema\\\/person\\\/a38eef5de2c41d9e7c9ac10141afddf3\",\"name\":\"Reda\u00e7\u00e3o JO\",\"image\":{\"@type\":\"ImageObject\",\"inLanguage\":\"pt-PT\",\"@id\":\"https:\\\/\\\/secure.gravatar.com\\\/avatar\\\/71f2fa71737ad68a84fea94bc708ddac8ea5b0c4788dc2ad202f3ccb2887742f?s=96&d=wp_user_avatar&r=g\",\"url\":\"https:\\\/\\\/secure.gravatar.com\\\/avatar\\\/71f2fa71737ad68a84fea94bc708ddac8ea5b0c4788dc2ad202f3ccb2887742f?s=96&d=wp_user_avatar&r=g\",\"contentUrl\":\"https:\\\/\\\/secure.gravatar.com\\\/avatar\\\/71f2fa71737ad68a84fea94bc708ddac8ea5b0c4788dc2ad202f3ccb2887742f?s=96&d=wp_user_avatar&r=g\",\"caption\":\"Reda\u00e7\u00e3o JO\"},\"url\":\"https:\\\/\\\/jornaldasoficinas.com\\\/pt\\\/author\\\/joredacao\\\/\"}]}<\/script>\n<!-- \/ Yoast SEO plugin. -->","yoast_head_json":{"title":"Como peritar os danos nos ve\u00edculos? - Jornal das Oficinas","robots":{"index":"index","follow":"follow","max-snippet":"max-snippet:-1","max-image-preview":"max-image-preview:large","max-video-preview":"max-video-preview:-1"},"canonical":"https:\/\/jornaldasoficinas.com\/pt\/como-peritar-os-danos-nos-veiculos\/","og_locale":"pt_PT","og_type":"article","og_title":"Como peritar os danos nos ve\u00edculos? - Jornal das Oficinas","og_description":"No \u00e2mbito da avalia\u00e7\u00e3o de danos...","og_url":"https:\/\/jornaldasoficinas.com\/pt\/como-peritar-os-danos-nos-veiculos\/","og_site_name":"Jornal das Oficinas","article_publisher":"https:\/\/www.facebook.com\/jornaloficinas","article_published_time":"2021-09-26T16:00:36+00:00","og_image":[{"width":1024,"height":581,"url":"https:\/\/jornaldasoficinas.com\/pt\/wp-content\/uploads\/2021\/09\/WhatsApp-Image-2021-09-25-at-21.32.261.jpeg","type":"image\/jpeg"}],"author":"Reda\u00e7\u00e3o JO","twitter_card":"summary_large_image","twitter_creator":"@jornaloficinas","twitter_site":"@jornaloficinas","twitter_misc":{"Escrito por":"Reda\u00e7\u00e3o JO","Tempo estimado de leitura":"5 minutos"},"schema":{"@context":"https:\/\/schema.org","@graph":[{"@type":"Article","@id":"https:\/\/jornaldasoficinas.com\/pt\/como-peritar-os-danos-nos-veiculos\/#article","isPartOf":{"@id":"https:\/\/jornaldasoficinas.com\/pt\/como-peritar-os-danos-nos-veiculos\/"},"author":{"name":"Reda\u00e7\u00e3o JO","@id":"https:\/\/jornaldasoficinas.com\/pt\/#\/schema\/person\/a38eef5de2c41d9e7c9ac10141afddf3"},"headline":"Como peritar os danos nos ve\u00edculos?","datePublished":"2021-09-26T16:00:36+00:00","mainEntityOfPage":{"@id":"https:\/\/jornaldasoficinas.com\/pt\/como-peritar-os-danos-nos-veiculos\/"},"wordCount":981,"publisher":{"@id":"https:\/\/jornaldasoficinas.com\/pt\/#organization"},"image":{"@id":"https:\/\/jornaldasoficinas.com\/pt\/como-peritar-os-danos-nos-veiculos\/#primaryimage"},"thumbnailUrl":"https:\/\/jornaldasoficinas.com\/pt\/wp-content\/uploads\/2021\/09\/WhatsApp-Image-2021-09-25-at-21.32.261.jpeg","articleSection":["T\u00e9cnica"],"inLanguage":"pt-PT"},{"@type":"WebPage","@id":"https:\/\/jornaldasoficinas.com\/pt\/como-peritar-os-danos-nos-veiculos\/","url":"https:\/\/jornaldasoficinas.com\/pt\/como-peritar-os-danos-nos-veiculos\/","name":"Como peritar os danos nos ve\u00edculos? - Jornal das Oficinas","isPartOf":{"@id":"https:\/\/jornaldasoficinas.com\/pt\/#website"},"primaryImageOfPage":{"@id":"https:\/\/jornaldasoficinas.com\/pt\/como-peritar-os-danos-nos-veiculos\/#primaryimage"},"image":{"@id":"https:\/\/jornaldasoficinas.com\/pt\/como-peritar-os-danos-nos-veiculos\/#primaryimage"},"thumbnailUrl":"https:\/\/jornaldasoficinas.com\/pt\/wp-content\/uploads\/2021\/09\/WhatsApp-Image-2021-09-25-at-21.32.261.jpeg","datePublished":"2021-09-26T16:00:36+00:00","breadcrumb":{"@id":"https:\/\/jornaldasoficinas.com\/pt\/como-peritar-os-danos-nos-veiculos\/#breadcrumb"},"inLanguage":"pt-PT","potentialAction":[{"@type":"ReadAction","target":["https:\/\/jornaldasoficinas.com\/pt\/como-peritar-os-danos-nos-veiculos\/"]}]},{"@type":"ImageObject","inLanguage":"pt-PT","@id":"https:\/\/jornaldasoficinas.com\/pt\/como-peritar-os-danos-nos-veiculos\/#primaryimage","url":"https:\/\/jornaldasoficinas.com\/pt\/wp-content\/uploads\/2021\/09\/WhatsApp-Image-2021-09-25-at-21.32.261.jpeg","contentUrl":"https:\/\/jornaldasoficinas.com\/pt\/wp-content\/uploads\/2021\/09\/WhatsApp-Image-2021-09-25-at-21.32.261.jpeg","width":1024,"height":581,"caption":"09 - WhatsApp-Image-2021-09-25-at-21.32.261"},{"@type":"BreadcrumbList","@id":"https:\/\/jornaldasoficinas.com\/pt\/como-peritar-os-danos-nos-veiculos\/#breadcrumb","itemListElement":[{"@type":"ListItem","position":1,"name":"In\u00edcio","item":"https:\/\/jornaldasoficinas.com\/pt\/"},{"@type":"ListItem","position":2,"name":"Como peritar os danos nos ve\u00edculos?"}]},{"@type":"WebSite","@id":"https:\/\/jornaldasoficinas.com\/pt\/#website","url":"https:\/\/jornaldasoficinas.com\/pt\/","name":"Jornal das Oficinas","description":"Jornal independente do Aftermarket Autom\u00f3vel em Portugal","publisher":{"@id":"https:\/\/jornaldasoficinas.com\/pt\/#organization"},"potentialAction":[{"@type":"SearchAction","target":{"@type":"EntryPoint","urlTemplate":"https:\/\/jornaldasoficinas.com\/pt\/?s={search_term_string}"},"query-input":{"@type":"PropertyValueSpecification","valueRequired":true,"valueName":"search_term_string"}}],"inLanguage":"pt-PT"},{"@type":"Organization","@id":"https:\/\/jornaldasoficinas.com\/pt\/#organization","name":"Jornal das Oficinas","url":"https:\/\/jornaldasoficinas.com\/pt\/","logo":{"@type":"ImageObject","inLanguage":"pt-PT","@id":"https:\/\/jornaldasoficinas.com\/pt\/#\/schema\/logo\/image\/","url":"https:\/\/jornaldasoficinas.com\/pt\/wp-content\/uploads\/logoJO-SEO.png","contentUrl":"https:\/\/jornaldasoficinas.com\/pt\/wp-content\/uploads\/logoJO-SEO.png","width":285,"height":450,"caption":"Jornal das Oficinas"},"image":{"@id":"https:\/\/jornaldasoficinas.com\/pt\/#\/schema\/logo\/image\/"},"sameAs":["https:\/\/www.facebook.com\/jornaloficinas","https:\/\/x.com\/jornaloficinas","https:\/\/www.instagram.com\/jornal_oficinas\/","https:\/\/www.linkedin.com\/company\/jornal-das-oficinas\/","https:\/\/www.youtube.com\/channel\/UCbQZBqtcvV-oSQrr7RzINGg"]},{"@type":"Person","@id":"https:\/\/jornaldasoficinas.com\/pt\/#\/schema\/person\/a38eef5de2c41d9e7c9ac10141afddf3","name":"Reda\u00e7\u00e3o JO","image":{"@type":"ImageObject","inLanguage":"pt-PT","@id":"https:\/\/secure.gravatar.com\/avatar\/71f2fa71737ad68a84fea94bc708ddac8ea5b0c4788dc2ad202f3ccb2887742f?s=96&d=wp_user_avatar&r=g","url":"https:\/\/secure.gravatar.com\/avatar\/71f2fa71737ad68a84fea94bc708ddac8ea5b0c4788dc2ad202f3ccb2887742f?s=96&d=wp_user_avatar&r=g","contentUrl":"https:\/\/secure.gravatar.com\/avatar\/71f2fa71737ad68a84fea94bc708ddac8ea5b0c4788dc2ad202f3ccb2887742f?s=96&d=wp_user_avatar&r=g","caption":"Reda\u00e7\u00e3o JO"},"url":"https:\/\/jornaldasoficinas.com\/pt\/author\/joredacao\/"}]}},"_links":{"self":[{"href":"https:\/\/jornaldasoficinas.com\/pt\/wp-json\/wp\/v2\/posts\/23973","targetHints":{"allow":["GET"]}}],"collection":[{"href":"https:\/\/jornaldasoficinas.com\/pt\/wp-json\/wp\/v2\/posts"}],"about":[{"href":"https:\/\/jornaldasoficinas.com\/pt\/wp-json\/wp\/v2\/types\/post"}],"author":[{"embeddable":true,"href":"https:\/\/jornaldasoficinas.com\/pt\/wp-json\/wp\/v2\/users\/15"}],"replies":[{"embeddable":true,"href":"https:\/\/jornaldasoficinas.com\/pt\/wp-json\/wp\/v2\/comments?post=23973"}],"version-history":[{"count":0,"href":"https:\/\/jornaldasoficinas.com\/pt\/wp-json\/wp\/v2\/posts\/23973\/revisions"}],"wp:featuredmedia":[{"embeddable":true,"href":"https:\/\/jornaldasoficinas.com\/pt\/wp-json\/wp\/v2\/media\/23974"}],"wp:attachment":[{"href":"https:\/\/jornaldasoficinas.com\/pt\/wp-json\/wp\/v2\/media?parent=23973"}],"wp:term":[{"taxonomy":"category","embeddable":true,"href":"https:\/\/jornaldasoficinas.com\/pt\/wp-json\/wp\/v2\/categories?post=23973"},{"taxonomy":"post_tag","embeddable":true,"href":"https:\/\/jornaldasoficinas.com\/pt\/wp-json\/wp\/v2\/tags?post=23973"}],"curies":[{"name":"wp","href":"https:\/\/api.w.org\/{rel}","templated":true}]}}