{"id":24043,"date":"2021-10-05T09:00:41","date_gmt":"2021-10-05T08:00:41","guid":{"rendered":"https:\/\/jornaldasoficinas.com\/pt\/?p=24043"},"modified":"2023-07-19T15:49:06","modified_gmt":"2023-07-19T14:49:06","slug":"3o-painel-comercio-de-pneus-em-portugal","status":"publish","type":"post","link":"https:\/\/jornaldasoficinas.com\/pt\/3o-painel-comercio-de-pneus-em-portugal\/","title":{"rendered":"3\u00ba Painel \u2013 Com\u00e9rcio de Pneus em Portugal"},"content":{"rendered":"<p><img loading=\"lazy\" decoding=\"async\" class=\"alignnone size-full wp-image-24037\" src=\"https:\/\/jornaldasoficinas.com\/pt\/wp-content\/uploads\/2021\/09\/ATIVIDADE-MAIS-SUSTENTAVEL.jpeg\" alt=\"09 - ATIVIDADE-MAIS-SUSTENTAVEL\" width=\"1024\" height=\"581\" srcset=\"https:\/\/jornaldasoficinas.com\/pt\/wp-content\/uploads\/2021\/09\/ATIVIDADE-MAIS-SUSTENTAVEL.jpeg 1024w, https:\/\/jornaldasoficinas.com\/pt\/wp-content\/uploads\/2021\/09\/ATIVIDADE-MAIS-SUSTENTAVEL-300x170.jpeg 300w, https:\/\/jornaldasoficinas.com\/pt\/wp-content\/uploads\/2021\/09\/ATIVIDADE-MAIS-SUSTENTAVEL-150x85.jpeg 150w, https:\/\/jornaldasoficinas.com\/pt\/wp-content\/uploads\/2021\/09\/ATIVIDADE-MAIS-SUSTENTAVEL-768x436.jpeg 768w\" sizes=\"auto, (max-width: 1024px) 100vw, 1024px\" \/><\/p>\n<p><strong>A ind\u00fastria dos pneus \u00e9 uma atividade que est\u00e1 em permanente desenvolvimento, que passa por descobrir, desenvolver, desenhar, fabricar, ensaiar e produzir, com vista a melhorar as funcionalidades dos \u201cpneus\u201d quer no formato tradicional, quer noutros formatos mais radicais e, ainda, pela utiliza\u00e7\u00e3o de materiais amigos do ambiente. Existe uma grande preocupa\u00e7\u00e3o ambiental e de sustentabilidade dos produtores de pneus, pelo que a atividade de um fabricante na \u00e1rea da mobilidade \u00e9 grande.<\/strong><\/p>\n<p>Tudo o que estiver relacionado com a mobilidade poder\u00e1 vir a contribuir para novos modelos de neg\u00f3cio. O desafio que se coloca nas novas formas de utiliza\u00e7\u00e3o do ve\u00edculo e que ve\u00edculos iremos ter at\u00e9 2050, ser\u00e1 uma grande interroga\u00e7\u00e3o.<\/p>\n<p>Para os distribuidores, o impacto da pandemia acabou, no final do ano, por ser muito menor que o esperado inicialmente. Houve uma quebra acentuada durante mar\u00e7o e abril que depois se refletiu numa subida nos meses seguintes.<\/p>\n<p>Com a pandemia ficou demonstrado que os distribuidores s\u00e3o um elo fundamental na cadeia de abastecimento. Se n\u00e3o existiram problemas de fornecimento tal deveu-se \u00e0 capacidade que os distribuidores tiveram de fornecimento. Houve uma grande perca de quota de mercado por parte dos fabricantes para os retalhistas.<\/p>\n<p>As redes organizadas de oficinas s\u00e3o uma ferramenta que as empresas ter\u00e3o ao seu dispor para se manterem no mercado, de uma forma atualizada.<\/p>\n<p>O futuro do retalho independente passa pela diversifica\u00e7\u00e3o de servi\u00e7os e, claramente, pela melhoria da qualidade da gest\u00e3o das empresas. Os empres\u00e1rios do setor devem tamb\u00e9m procurar corresponder com condi\u00e7\u00f5es financeiras para poderem atrair mais gente para o setor. Para tal precisam de se modernizar, gerir melhor a sua empresa para poder gerar mais valias que lhes permitam remunerar melhor os t\u00e9cnicos.<\/p>\n<p>Neste momento o setor debate-se com a falta de produto, o que est\u00e1 a criar alguma instabilidade no mercado, colocando s\u00e9rios desafios a fabricantes e distribuidores.<\/p>\n<p>Se \u00e9 profissional da \u00e1rea dos pneus, n\u00e3o perca o 3\u00ba Painel do Plateau TV, que ser\u00e1 totalmente dedicado \u00e0 an\u00e1lise do fabrico e com\u00e9rcio de pneus em Portugal.<\/p>\n<p><strong>Data, local, hor\u00e1rio e oradores:<\/strong><strong>\u00a0<\/strong><\/p>\n<p><strong>Data: 16 outubro 2021, s\u00e1bado<\/strong><strong>\u00a0<\/strong><\/p>\n<p><strong>Local: Plateau TV &#8211; expoMEC\u00c2NICA 2021 \u2013 Exponor, Matosinhos<\/strong><strong>\u00a0<\/strong><\/p>\n<p><strong>Hor\u00e1rio: 12H00 \u2013 12H45<\/strong><strong>\u00a0<\/strong><\/p>\n<p><strong>Oradores:<br \/>\n<\/strong><strong>&#8211; Ribeiro da Silva, respons\u00e1vel da Comiss\u00e3o Especializada de Produtores de Pneus da DPAI\/ACAP<br \/>\n<\/strong><strong>&#8211; Manuel F\u00e9lix, respons\u00e1vel da Comiss\u00e3o Especializada de Distribuidores de Pneus da DPAI\/ACAP<\/strong><\/p>\n<p><strong>\u00a0<\/strong><\/p>\n","protected":false},"excerpt":{"rendered":"<p>A ind\u00fastria dos pneus \u00e9 uma&#8230;<\/p>\n","protected":false},"author":15,"featured_media":24037,"comment_status":"closed","ping_status":"closed","sticky":false,"template":"","format":"standard","meta":{"footnotes":""},"categories":[29],"tags":[1048,78],"class_list":["post-24043","post","type-post","status-publish","format-standard","has-post-thumbnail","hentry","category-empresas","tag-dpai-acap","tag-expomecanica"],"yoast_head":"<!-- This site is optimized with the Yoast SEO plugin v27.5 - https:\/\/yoast.com\/product\/yoast-seo-wordpress\/ -->\n<title>3\u00ba Painel \u2013 Com\u00e9rcio de Pneus em Portugal - Jornal das Oficinas<\/title>\n<meta name=\"robots\" content=\"index, follow, max-snippet:-1, max-image-preview:large, max-video-preview:-1\" \/>\n<link rel=\"canonical\" href=\"https:\/\/jornaldasoficinas.com\/pt\/3o-painel-comercio-de-pneus-em-portugal\/\" \/>\n<meta property=\"og:locale\" content=\"pt_PT\" \/>\n<meta property=\"og:type\" content=\"article\" \/>\n<meta property=\"og:title\" content=\"3\u00ba Painel \u2013 Com\u00e9rcio de Pneus em Portugal - Jornal das Oficinas\" \/>\n<meta property=\"og:description\" content=\"A ind\u00fastria dos pneus \u00e9 uma...\" \/>\n<meta property=\"og:url\" content=\"https:\/\/jornaldasoficinas.com\/pt\/3o-painel-comercio-de-pneus-em-portugal\/\" \/>\n<meta property=\"og:site_name\" content=\"Jornal das Oficinas\" \/>\n<meta property=\"article:publisher\" content=\"https:\/\/www.facebook.com\/jornaloficinas\" \/>\n<meta property=\"article:published_time\" content=\"2021-10-05T08:00:41+00:00\" \/>\n<meta property=\"article:modified_time\" content=\"2023-07-19T14:49:06+00:00\" \/>\n<meta property=\"og:image\" content=\"https:\/\/jornaldasoficinas.com\/pt\/wp-content\/uploads\/2021\/09\/ATIVIDADE-MAIS-SUSTENTAVEL.jpeg\" \/>\n\t<meta property=\"og:image:width\" content=\"1024\" \/>\n\t<meta property=\"og:image:height\" content=\"581\" \/>\n\t<meta property=\"og:image:type\" content=\"image\/jpeg\" \/>\n<meta name=\"author\" content=\"Reda\u00e7\u00e3o JO\" \/>\n<meta name=\"twitter:card\" content=\"summary_large_image\" \/>\n<meta name=\"twitter:creator\" content=\"@jornaloficinas\" \/>\n<meta name=\"twitter:site\" content=\"@jornaloficinas\" \/>\n<meta name=\"twitter:label1\" content=\"Escrito por\" \/>\n\t<meta name=\"twitter:data1\" content=\"Reda\u00e7\u00e3o JO\" \/>\n\t<meta name=\"twitter:label2\" content=\"Tempo estimado de leitura\" \/>\n\t<meta name=\"twitter:data2\" content=\"2 minutos\" \/>\n<script type=\"application\/ld+json\" class=\"yoast-schema-graph\">{\"@context\":\"https:\\\/\\\/schema.org\",\"@graph\":[{\"@type\":\"Article\",\"@id\":\"https:\\\/\\\/jornaldasoficinas.com\\\/pt\\\/3o-painel-comercio-de-pneus-em-portugal\\\/#article\",\"isPartOf\":{\"@id\":\"https:\\\/\\\/jornaldasoficinas.com\\\/pt\\\/3o-painel-comercio-de-pneus-em-portugal\\\/\"},\"author\":{\"name\":\"Reda\u00e7\u00e3o JO\",\"@id\":\"https:\\\/\\\/jornaldasoficinas.com\\\/pt\\\/#\\\/schema\\\/person\\\/a38eef5de2c41d9e7c9ac10141afddf3\"},\"headline\":\"3\u00ba Painel \u2013 Com\u00e9rcio de Pneus em Portugal\",\"datePublished\":\"2021-10-05T08:00:41+00:00\",\"dateModified\":\"2023-07-19T14:49:06+00:00\",\"mainEntityOfPage\":{\"@id\":\"https:\\\/\\\/jornaldasoficinas.com\\\/pt\\\/3o-painel-comercio-de-pneus-em-portugal\\\/\"},\"wordCount\":419,\"publisher\":{\"@id\":\"https:\\\/\\\/jornaldasoficinas.com\\\/pt\\\/#organization\"},\"image\":{\"@id\":\"https:\\\/\\\/jornaldasoficinas.com\\\/pt\\\/3o-painel-comercio-de-pneus-em-portugal\\\/#primaryimage\"},\"thumbnailUrl\":\"https:\\\/\\\/jornaldasoficinas.com\\\/pt\\\/wp-content\\\/uploads\\\/2021\\\/09\\\/ATIVIDADE-MAIS-SUSTENTAVEL.jpeg\",\"keywords\":[\"DPAI\\\/ACAP\",\"expoMEC\u00c2NICA\"],\"articleSection\":[\"Empresas\"],\"inLanguage\":\"pt-PT\"},{\"@type\":\"WebPage\",\"@id\":\"https:\\\/\\\/jornaldasoficinas.com\\\/pt\\\/3o-painel-comercio-de-pneus-em-portugal\\\/\",\"url\":\"https:\\\/\\\/jornaldasoficinas.com\\\/pt\\\/3o-painel-comercio-de-pneus-em-portugal\\\/\",\"name\":\"3\u00ba Painel \u2013 Com\u00e9rcio de Pneus em Portugal - Jornal das Oficinas\",\"isPartOf\":{\"@id\":\"https:\\\/\\\/jornaldasoficinas.com\\\/pt\\\/#website\"},\"primaryImageOfPage\":{\"@id\":\"https:\\\/\\\/jornaldasoficinas.com\\\/pt\\\/3o-painel-comercio-de-pneus-em-portugal\\\/#primaryimage\"},\"image\":{\"@id\":\"https:\\\/\\\/jornaldasoficinas.com\\\/pt\\\/3o-painel-comercio-de-pneus-em-portugal\\\/#primaryimage\"},\"thumbnailUrl\":\"https:\\\/\\\/jornaldasoficinas.com\\\/pt\\\/wp-content\\\/uploads\\\/2021\\\/09\\\/ATIVIDADE-MAIS-SUSTENTAVEL.jpeg\",\"datePublished\":\"2021-10-05T08:00:41+00:00\",\"dateModified\":\"2023-07-19T14:49:06+00:00\",\"breadcrumb\":{\"@id\":\"https:\\\/\\\/jornaldasoficinas.com\\\/pt\\\/3o-painel-comercio-de-pneus-em-portugal\\\/#breadcrumb\"},\"inLanguage\":\"pt-PT\",\"potentialAction\":[{\"@type\":\"ReadAction\",\"target\":[\"https:\\\/\\\/jornaldasoficinas.com\\\/pt\\\/3o-painel-comercio-de-pneus-em-portugal\\\/\"]}]},{\"@type\":\"ImageObject\",\"inLanguage\":\"pt-PT\",\"@id\":\"https:\\\/\\\/jornaldasoficinas.com\\\/pt\\\/3o-painel-comercio-de-pneus-em-portugal\\\/#primaryimage\",\"url\":\"https:\\\/\\\/jornaldasoficinas.com\\\/pt\\\/wp-content\\\/uploads\\\/2021\\\/09\\\/ATIVIDADE-MAIS-SUSTENTAVEL.jpeg\",\"contentUrl\":\"https:\\\/\\\/jornaldasoficinas.com\\\/pt\\\/wp-content\\\/uploads\\\/2021\\\/09\\\/ATIVIDADE-MAIS-SUSTENTAVEL.jpeg\",\"width\":1024,\"height\":581,\"caption\":\"09 - ATIVIDADE-MAIS-SUSTENTAVEL\"},{\"@type\":\"BreadcrumbList\",\"@id\":\"https:\\\/\\\/jornaldasoficinas.com\\\/pt\\\/3o-painel-comercio-de-pneus-em-portugal\\\/#breadcrumb\",\"itemListElement\":[{\"@type\":\"ListItem\",\"position\":1,\"name\":\"In\u00edcio\",\"item\":\"https:\\\/\\\/jornaldasoficinas.com\\\/pt\\\/\"},{\"@type\":\"ListItem\",\"position\":2,\"name\":\"3\u00ba Painel \u2013 Com\u00e9rcio de Pneus em Portugal\"}]},{\"@type\":\"WebSite\",\"@id\":\"https:\\\/\\\/jornaldasoficinas.com\\\/pt\\\/#website\",\"url\":\"https:\\\/\\\/jornaldasoficinas.com\\\/pt\\\/\",\"name\":\"Jornal das Oficinas\",\"description\":\"Jornal independente do Aftermarket Autom\u00f3vel em Portugal\",\"publisher\":{\"@id\":\"https:\\\/\\\/jornaldasoficinas.com\\\/pt\\\/#organization\"},\"potentialAction\":[{\"@type\":\"SearchAction\",\"target\":{\"@type\":\"EntryPoint\",\"urlTemplate\":\"https:\\\/\\\/jornaldasoficinas.com\\\/pt\\\/?s={search_term_string}\"},\"query-input\":{\"@type\":\"PropertyValueSpecification\",\"valueRequired\":true,\"valueName\":\"search_term_string\"}}],\"inLanguage\":\"pt-PT\"},{\"@type\":\"Organization\",\"@id\":\"https:\\\/\\\/jornaldasoficinas.com\\\/pt\\\/#organization\",\"name\":\"Jornal das Oficinas\",\"url\":\"https:\\\/\\\/jornaldasoficinas.com\\\/pt\\\/\",\"logo\":{\"@type\":\"ImageObject\",\"inLanguage\":\"pt-PT\",\"@id\":\"https:\\\/\\\/jornaldasoficinas.com\\\/pt\\\/#\\\/schema\\\/logo\\\/image\\\/\",\"url\":\"https:\\\/\\\/jornaldasoficinas.com\\\/pt\\\/wp-content\\\/uploads\\\/logoJO-SEO.png\",\"contentUrl\":\"https:\\\/\\\/jornaldasoficinas.com\\\/pt\\\/wp-content\\\/uploads\\\/logoJO-SEO.png\",\"width\":285,\"height\":450,\"caption\":\"Jornal das Oficinas\"},\"image\":{\"@id\":\"https:\\\/\\\/jornaldasoficinas.com\\\/pt\\\/#\\\/schema\\\/logo\\\/image\\\/\"},\"sameAs\":[\"https:\\\/\\\/www.facebook.com\\\/jornaloficinas\",\"https:\\\/\\\/x.com\\\/jornaloficinas\",\"https:\\\/\\\/www.instagram.com\\\/jornal_oficinas\\\/\",\"https:\\\/\\\/www.linkedin.com\\\/company\\\/jornal-das-oficinas\\\/\",\"https:\\\/\\\/www.youtube.com\\\/channel\\\/UCbQZBqtcvV-oSQrr7RzINGg\"]},{\"@type\":\"Person\",\"@id\":\"https:\\\/\\\/jornaldasoficinas.com\\\/pt\\\/#\\\/schema\\\/person\\\/a38eef5de2c41d9e7c9ac10141afddf3\",\"name\":\"Reda\u00e7\u00e3o JO\",\"image\":{\"@type\":\"ImageObject\",\"inLanguage\":\"pt-PT\",\"@id\":\"https:\\\/\\\/secure.gravatar.com\\\/avatar\\\/71f2fa71737ad68a84fea94bc708ddac8ea5b0c4788dc2ad202f3ccb2887742f?s=96&d=wp_user_avatar&r=g\",\"url\":\"https:\\\/\\\/secure.gravatar.com\\\/avatar\\\/71f2fa71737ad68a84fea94bc708ddac8ea5b0c4788dc2ad202f3ccb2887742f?s=96&d=wp_user_avatar&r=g\",\"contentUrl\":\"https:\\\/\\\/secure.gravatar.com\\\/avatar\\\/71f2fa71737ad68a84fea94bc708ddac8ea5b0c4788dc2ad202f3ccb2887742f?s=96&d=wp_user_avatar&r=g\",\"caption\":\"Reda\u00e7\u00e3o JO\"},\"url\":\"https:\\\/\\\/jornaldasoficinas.com\\\/pt\\\/author\\\/joredacao\\\/\"}]}<\/script>\n<!-- \/ Yoast SEO plugin. -->","yoast_head_json":{"title":"3\u00ba Painel \u2013 Com\u00e9rcio de Pneus em Portugal - Jornal das Oficinas","robots":{"index":"index","follow":"follow","max-snippet":"max-snippet:-1","max-image-preview":"max-image-preview:large","max-video-preview":"max-video-preview:-1"},"canonical":"https:\/\/jornaldasoficinas.com\/pt\/3o-painel-comercio-de-pneus-em-portugal\/","og_locale":"pt_PT","og_type":"article","og_title":"3\u00ba Painel \u2013 Com\u00e9rcio de Pneus em Portugal - Jornal das Oficinas","og_description":"A ind\u00fastria dos pneus \u00e9 uma...","og_url":"https:\/\/jornaldasoficinas.com\/pt\/3o-painel-comercio-de-pneus-em-portugal\/","og_site_name":"Jornal das Oficinas","article_publisher":"https:\/\/www.facebook.com\/jornaloficinas","article_published_time":"2021-10-05T08:00:41+00:00","article_modified_time":"2023-07-19T14:49:06+00:00","og_image":[{"width":1024,"height":581,"url":"https:\/\/jornaldasoficinas.com\/pt\/wp-content\/uploads\/2021\/09\/ATIVIDADE-MAIS-SUSTENTAVEL.jpeg","type":"image\/jpeg"}],"author":"Reda\u00e7\u00e3o JO","twitter_card":"summary_large_image","twitter_creator":"@jornaloficinas","twitter_site":"@jornaloficinas","twitter_misc":{"Escrito por":"Reda\u00e7\u00e3o JO","Tempo estimado de leitura":"2 minutos"},"schema":{"@context":"https:\/\/schema.org","@graph":[{"@type":"Article","@id":"https:\/\/jornaldasoficinas.com\/pt\/3o-painel-comercio-de-pneus-em-portugal\/#article","isPartOf":{"@id":"https:\/\/jornaldasoficinas.com\/pt\/3o-painel-comercio-de-pneus-em-portugal\/"},"author":{"name":"Reda\u00e7\u00e3o JO","@id":"https:\/\/jornaldasoficinas.com\/pt\/#\/schema\/person\/a38eef5de2c41d9e7c9ac10141afddf3"},"headline":"3\u00ba Painel \u2013 Com\u00e9rcio de Pneus em Portugal","datePublished":"2021-10-05T08:00:41+00:00","dateModified":"2023-07-19T14:49:06+00:00","mainEntityOfPage":{"@id":"https:\/\/jornaldasoficinas.com\/pt\/3o-painel-comercio-de-pneus-em-portugal\/"},"wordCount":419,"publisher":{"@id":"https:\/\/jornaldasoficinas.com\/pt\/#organization"},"image":{"@id":"https:\/\/jornaldasoficinas.com\/pt\/3o-painel-comercio-de-pneus-em-portugal\/#primaryimage"},"thumbnailUrl":"https:\/\/jornaldasoficinas.com\/pt\/wp-content\/uploads\/2021\/09\/ATIVIDADE-MAIS-SUSTENTAVEL.jpeg","keywords":["DPAI\/ACAP","expoMEC\u00c2NICA"],"articleSection":["Empresas"],"inLanguage":"pt-PT"},{"@type":"WebPage","@id":"https:\/\/jornaldasoficinas.com\/pt\/3o-painel-comercio-de-pneus-em-portugal\/","url":"https:\/\/jornaldasoficinas.com\/pt\/3o-painel-comercio-de-pneus-em-portugal\/","name":"3\u00ba Painel \u2013 Com\u00e9rcio de Pneus em Portugal - Jornal das Oficinas","isPartOf":{"@id":"https:\/\/jornaldasoficinas.com\/pt\/#website"},"primaryImageOfPage":{"@id":"https:\/\/jornaldasoficinas.com\/pt\/3o-painel-comercio-de-pneus-em-portugal\/#primaryimage"},"image":{"@id":"https:\/\/jornaldasoficinas.com\/pt\/3o-painel-comercio-de-pneus-em-portugal\/#primaryimage"},"thumbnailUrl":"https:\/\/jornaldasoficinas.com\/pt\/wp-content\/uploads\/2021\/09\/ATIVIDADE-MAIS-SUSTENTAVEL.jpeg","datePublished":"2021-10-05T08:00:41+00:00","dateModified":"2023-07-19T14:49:06+00:00","breadcrumb":{"@id":"https:\/\/jornaldasoficinas.com\/pt\/3o-painel-comercio-de-pneus-em-portugal\/#breadcrumb"},"inLanguage":"pt-PT","potentialAction":[{"@type":"ReadAction","target":["https:\/\/jornaldasoficinas.com\/pt\/3o-painel-comercio-de-pneus-em-portugal\/"]}]},{"@type":"ImageObject","inLanguage":"pt-PT","@id":"https:\/\/jornaldasoficinas.com\/pt\/3o-painel-comercio-de-pneus-em-portugal\/#primaryimage","url":"https:\/\/jornaldasoficinas.com\/pt\/wp-content\/uploads\/2021\/09\/ATIVIDADE-MAIS-SUSTENTAVEL.jpeg","contentUrl":"https:\/\/jornaldasoficinas.com\/pt\/wp-content\/uploads\/2021\/09\/ATIVIDADE-MAIS-SUSTENTAVEL.jpeg","width":1024,"height":581,"caption":"09 - ATIVIDADE-MAIS-SUSTENTAVEL"},{"@type":"BreadcrumbList","@id":"https:\/\/jornaldasoficinas.com\/pt\/3o-painel-comercio-de-pneus-em-portugal\/#breadcrumb","itemListElement":[{"@type":"ListItem","position":1,"name":"In\u00edcio","item":"https:\/\/jornaldasoficinas.com\/pt\/"},{"@type":"ListItem","position":2,"name":"3\u00ba Painel \u2013 Com\u00e9rcio de Pneus em Portugal"}]},{"@type":"WebSite","@id":"https:\/\/jornaldasoficinas.com\/pt\/#website","url":"https:\/\/jornaldasoficinas.com\/pt\/","name":"Jornal das Oficinas","description":"Jornal independente do Aftermarket Autom\u00f3vel em Portugal","publisher":{"@id":"https:\/\/jornaldasoficinas.com\/pt\/#organization"},"potentialAction":[{"@type":"SearchAction","target":{"@type":"EntryPoint","urlTemplate":"https:\/\/jornaldasoficinas.com\/pt\/?s={search_term_string}"},"query-input":{"@type":"PropertyValueSpecification","valueRequired":true,"valueName":"search_term_string"}}],"inLanguage":"pt-PT"},{"@type":"Organization","@id":"https:\/\/jornaldasoficinas.com\/pt\/#organization","name":"Jornal das Oficinas","url":"https:\/\/jornaldasoficinas.com\/pt\/","logo":{"@type":"ImageObject","inLanguage":"pt-PT","@id":"https:\/\/jornaldasoficinas.com\/pt\/#\/schema\/logo\/image\/","url":"https:\/\/jornaldasoficinas.com\/pt\/wp-content\/uploads\/logoJO-SEO.png","contentUrl":"https:\/\/jornaldasoficinas.com\/pt\/wp-content\/uploads\/logoJO-SEO.png","width":285,"height":450,"caption":"Jornal das Oficinas"},"image":{"@id":"https:\/\/jornaldasoficinas.com\/pt\/#\/schema\/logo\/image\/"},"sameAs":["https:\/\/www.facebook.com\/jornaloficinas","https:\/\/x.com\/jornaloficinas","https:\/\/www.instagram.com\/jornal_oficinas\/","https:\/\/www.linkedin.com\/company\/jornal-das-oficinas\/","https:\/\/www.youtube.com\/channel\/UCbQZBqtcvV-oSQrr7RzINGg"]},{"@type":"Person","@id":"https:\/\/jornaldasoficinas.com\/pt\/#\/schema\/person\/a38eef5de2c41d9e7c9ac10141afddf3","name":"Reda\u00e7\u00e3o JO","image":{"@type":"ImageObject","inLanguage":"pt-PT","@id":"https:\/\/secure.gravatar.com\/avatar\/71f2fa71737ad68a84fea94bc708ddac8ea5b0c4788dc2ad202f3ccb2887742f?s=96&d=wp_user_avatar&r=g","url":"https:\/\/secure.gravatar.com\/avatar\/71f2fa71737ad68a84fea94bc708ddac8ea5b0c4788dc2ad202f3ccb2887742f?s=96&d=wp_user_avatar&r=g","contentUrl":"https:\/\/secure.gravatar.com\/avatar\/71f2fa71737ad68a84fea94bc708ddac8ea5b0c4788dc2ad202f3ccb2887742f?s=96&d=wp_user_avatar&r=g","caption":"Reda\u00e7\u00e3o JO"},"url":"https:\/\/jornaldasoficinas.com\/pt\/author\/joredacao\/"}]}},"_links":{"self":[{"href":"https:\/\/jornaldasoficinas.com\/pt\/wp-json\/wp\/v2\/posts\/24043","targetHints":{"allow":["GET"]}}],"collection":[{"href":"https:\/\/jornaldasoficinas.com\/pt\/wp-json\/wp\/v2\/posts"}],"about":[{"href":"https:\/\/jornaldasoficinas.com\/pt\/wp-json\/wp\/v2\/types\/post"}],"author":[{"embeddable":true,"href":"https:\/\/jornaldasoficinas.com\/pt\/wp-json\/wp\/v2\/users\/15"}],"replies":[{"embeddable":true,"href":"https:\/\/jornaldasoficinas.com\/pt\/wp-json\/wp\/v2\/comments?post=24043"}],"version-history":[{"count":0,"href":"https:\/\/jornaldasoficinas.com\/pt\/wp-json\/wp\/v2\/posts\/24043\/revisions"}],"wp:featuredmedia":[{"embeddable":true,"href":"https:\/\/jornaldasoficinas.com\/pt\/wp-json\/wp\/v2\/media\/24037"}],"wp:attachment":[{"href":"https:\/\/jornaldasoficinas.com\/pt\/wp-json\/wp\/v2\/media?parent=24043"}],"wp:term":[{"taxonomy":"category","embeddable":true,"href":"https:\/\/jornaldasoficinas.com\/pt\/wp-json\/wp\/v2\/categories?post=24043"},{"taxonomy":"post_tag","embeddable":true,"href":"https:\/\/jornaldasoficinas.com\/pt\/wp-json\/wp\/v2\/tags?post=24043"}],"curies":[{"name":"wp","href":"https:\/\/api.w.org\/{rel}","templated":true}]}}