{"id":24307,"date":"2021-10-06T18:30:25","date_gmt":"2021-10-06T17:30:25","guid":{"rendered":"https:\/\/jornaldasoficinas.com\/pt\/?p=24307"},"modified":"2021-10-06T18:02:09","modified_gmt":"2021-10-06T17:02:09","slug":"bosch-tem-90-vagas-em-braga-para-engenheiros-software-e-hardware","status":"publish","type":"post","link":"https:\/\/jornaldasoficinas.com\/pt\/bosch-tem-90-vagas-em-braga-para-engenheiros-software-e-hardware\/","title":{"rendered":"Bosch tem 90 vagas em Braga para engenheiros Software e Hardware"},"content":{"rendered":"<p><img loading=\"lazy\" decoding=\"async\" class=\"alignnone size-full wp-image-24308\" src=\"https:\/\/jornaldasoficinas.com\/pt\/wp-content\/uploads\/2021\/09\/Recruitment-Day-Bosch-2.jpg\" alt=\"09 - Recruitment-Day-Bosch-2\" width=\"1024\" height=\"581\" srcset=\"https:\/\/jornaldasoficinas.com\/pt\/wp-content\/uploads\/2021\/09\/Recruitment-Day-Bosch-2.jpg 1024w, https:\/\/jornaldasoficinas.com\/pt\/wp-content\/uploads\/2021\/09\/Recruitment-Day-Bosch-2-300x170.jpg 300w, https:\/\/jornaldasoficinas.com\/pt\/wp-content\/uploads\/2021\/09\/Recruitment-Day-Bosch-2-150x85.jpg 150w, https:\/\/jornaldasoficinas.com\/pt\/wp-content\/uploads\/2021\/09\/Recruitment-Day-Bosch-2-768x436.jpg 768w\" sizes=\"auto, (max-width: 1024px) 100vw, 1024px\" \/><\/p>\n<p><strong>A Bosch est\u00e1 a recrutar 90 engenheiros com perfis de Software and Hardware Engineering, Data Science, Deep Learning, Machine Learning, AI, Sensor Fusion, Computer Vision, entre outros, para desenvolvimento de tecnologias para a mobilidade e condu\u00e7\u00e3o aut\u00f3noma a partir de Braga<\/strong><\/p>\n<p>\u201cProcuramos perfis altamente especializados e sobretudo candidatos que tenham vontade de vir trabalhar para dar resposta \u00e0quelas que s\u00e3o as capacidades exigidas para o futuro da mobilidade. A Bosch em Portugal est\u00e1 a dar um grande contributo para a condu\u00e7\u00e3o aut\u00f3noma do futuro a n\u00edvel global e esse deve ser um desafio entusiasmante para quem se juntar a estas equipas\u201d, explica Gl\u00f3ria Ara\u00fajo-W\u00f6rmann, Diretora de Recursos Humanos da Bosch Car Multimedia Portugal.<\/p>\n<p>Com o objetivo tra\u00e7ado de se posicionar cada vez mais como uma software house para a mobilidade, este processo de recrutamento visa refor\u00e7ar as equipas da Bosch em Braga que t\u00eam vindo a trabalhar no desenvolvimento de tecnologias para a mobilidade como: sistemas LiDAR e sensores de condi\u00e7\u00e3o de piso para a capacidade de perce\u00e7\u00e3o a 360\u00ba; sensor Automotive Precise Positioning para a capacidade de localiza\u00e7\u00e3o; sensores para a monitoriza\u00e7\u00e3o de condutor e passageiros no interior do ve\u00edculo aut\u00f3nomo; sistemas de comunica\u00e7\u00f5es entre ve\u00edculos e infraestruturas, entre outros.<\/p>\n<p>Para acelerar o processo de recrutamento e proporcionar uma experi\u00eancia diferenciadora aos candidatos, a Bosch vai realizar um evento de recrutamento no qual os potenciais novos colaboradores v\u00e3o poder testar as tecnologias que est\u00e3o a ser desenvolvidas pelas equipas da Bosch em Braga, participar em entrevistas e ficar a conhecer os objetivos e desafios de cada projeto. Al\u00e9m disso, esta ser\u00e1 tamb\u00e9m uma oportunidade para os participantes conhecerem um pouco melhor as tend\u00eancias do futuro para as quais a Bosch est\u00e1 a trabalhar.<\/p>\n<p>Este evento ir\u00e1 decorrer nos dias 12 e 13 de novembro, em Braga, e os participantes poder\u00e3o sair j\u00e1 com uma proposta de trabalho.<\/p>\n<p>As inscri\u00e7\u00f5es s\u00e3o limitadas e os interessados em participar devem submeter a sua candidatura at\u00e9 15 de outubro <a href=\"http:\/\/www.bosch.pt\" target=\"_blank\" rel=\"noopener\"><strong>aqui<\/strong><\/a><\/p>\n","protected":false},"excerpt":{"rendered":"<p>A Bosch est\u00e1 a recrutar 90&#8230;<\/p>\n","protected":false},"author":15,"featured_media":24308,"comment_status":"closed","ping_status":"closed","sticky":false,"template":"","format":"standard","meta":{"footnotes":""},"categories":[29],"tags":[123],"class_list":["post-24307","post","type-post","status-publish","format-standard","has-post-thumbnail","hentry","category-empresas","tag-bosch"],"yoast_head":"<!-- This site is optimized with the Yoast SEO plugin v27.4 - https:\/\/yoast.com\/product\/yoast-seo-wordpress\/ -->\n<title>Bosch tem 90 vagas em Braga para engenheiros Software e Hardware - Jornal das Oficinas<\/title>\n<meta name=\"robots\" content=\"index, follow, max-snippet:-1, max-image-preview:large, max-video-preview:-1\" \/>\n<link rel=\"canonical\" href=\"https:\/\/jornaldasoficinas.com\/pt\/bosch-tem-90-vagas-em-braga-para-engenheiros-software-e-hardware\/\" \/>\n<meta property=\"og:locale\" content=\"pt_PT\" \/>\n<meta property=\"og:type\" content=\"article\" \/>\n<meta property=\"og:title\" content=\"Bosch tem 90 vagas em Braga para engenheiros Software e Hardware - Jornal das Oficinas\" \/>\n<meta property=\"og:description\" content=\"A Bosch est\u00e1 a recrutar 90...\" \/>\n<meta property=\"og:url\" content=\"https:\/\/jornaldasoficinas.com\/pt\/bosch-tem-90-vagas-em-braga-para-engenheiros-software-e-hardware\/\" \/>\n<meta property=\"og:site_name\" content=\"Jornal das Oficinas\" \/>\n<meta property=\"article:publisher\" content=\"https:\/\/www.facebook.com\/jornaloficinas\" \/>\n<meta property=\"article:published_time\" content=\"2021-10-06T17:30:25+00:00\" \/>\n<meta property=\"og:image\" content=\"https:\/\/jornaldasoficinas.com\/pt\/wp-content\/uploads\/2021\/09\/Recruitment-Day-Bosch-2.jpg\" \/>\n\t<meta property=\"og:image:width\" content=\"1024\" \/>\n\t<meta property=\"og:image:height\" content=\"581\" \/>\n\t<meta property=\"og:image:type\" content=\"image\/jpeg\" \/>\n<meta name=\"author\" content=\"Reda\u00e7\u00e3o JO\" \/>\n<meta name=\"twitter:card\" content=\"summary_large_image\" \/>\n<meta name=\"twitter:creator\" content=\"@jornaloficinas\" \/>\n<meta name=\"twitter:site\" content=\"@jornaloficinas\" \/>\n<meta name=\"twitter:label1\" content=\"Escrito por\" \/>\n\t<meta name=\"twitter:data1\" content=\"Reda\u00e7\u00e3o JO\" \/>\n\t<meta name=\"twitter:label2\" content=\"Tempo estimado de leitura\" \/>\n\t<meta name=\"twitter:data2\" content=\"2 minutos\" \/>\n<script type=\"application\/ld+json\" class=\"yoast-schema-graph\">{\"@context\":\"https:\\\/\\\/schema.org\",\"@graph\":[{\"@type\":\"Article\",\"@id\":\"https:\\\/\\\/jornaldasoficinas.com\\\/pt\\\/bosch-tem-90-vagas-em-braga-para-engenheiros-software-e-hardware\\\/#article\",\"isPartOf\":{\"@id\":\"https:\\\/\\\/jornaldasoficinas.com\\\/pt\\\/bosch-tem-90-vagas-em-braga-para-engenheiros-software-e-hardware\\\/\"},\"author\":{\"name\":\"Reda\u00e7\u00e3o JO\",\"@id\":\"https:\\\/\\\/jornaldasoficinas.com\\\/pt\\\/#\\\/schema\\\/person\\\/a38eef5de2c41d9e7c9ac10141afddf3\"},\"headline\":\"Bosch tem 90 vagas em Braga para engenheiros Software e Hardware\",\"datePublished\":\"2021-10-06T17:30:25+00:00\",\"mainEntityOfPage\":{\"@id\":\"https:\\\/\\\/jornaldasoficinas.com\\\/pt\\\/bosch-tem-90-vagas-em-braga-para-engenheiros-software-e-hardware\\\/\"},\"wordCount\":361,\"publisher\":{\"@id\":\"https:\\\/\\\/jornaldasoficinas.com\\\/pt\\\/#organization\"},\"image\":{\"@id\":\"https:\\\/\\\/jornaldasoficinas.com\\\/pt\\\/bosch-tem-90-vagas-em-braga-para-engenheiros-software-e-hardware\\\/#primaryimage\"},\"thumbnailUrl\":\"https:\\\/\\\/jornaldasoficinas.com\\\/pt\\\/wp-content\\\/uploads\\\/2021\\\/09\\\/Recruitment-Day-Bosch-2.jpg\",\"keywords\":[\"Bosch\"],\"articleSection\":[\"Empresas\"],\"inLanguage\":\"pt-PT\"},{\"@type\":\"WebPage\",\"@id\":\"https:\\\/\\\/jornaldasoficinas.com\\\/pt\\\/bosch-tem-90-vagas-em-braga-para-engenheiros-software-e-hardware\\\/\",\"url\":\"https:\\\/\\\/jornaldasoficinas.com\\\/pt\\\/bosch-tem-90-vagas-em-braga-para-engenheiros-software-e-hardware\\\/\",\"name\":\"Bosch tem 90 vagas em Braga para engenheiros Software e Hardware - Jornal das Oficinas\",\"isPartOf\":{\"@id\":\"https:\\\/\\\/jornaldasoficinas.com\\\/pt\\\/#website\"},\"primaryImageOfPage\":{\"@id\":\"https:\\\/\\\/jornaldasoficinas.com\\\/pt\\\/bosch-tem-90-vagas-em-braga-para-engenheiros-software-e-hardware\\\/#primaryimage\"},\"image\":{\"@id\":\"https:\\\/\\\/jornaldasoficinas.com\\\/pt\\\/bosch-tem-90-vagas-em-braga-para-engenheiros-software-e-hardware\\\/#primaryimage\"},\"thumbnailUrl\":\"https:\\\/\\\/jornaldasoficinas.com\\\/pt\\\/wp-content\\\/uploads\\\/2021\\\/09\\\/Recruitment-Day-Bosch-2.jpg\",\"datePublished\":\"2021-10-06T17:30:25+00:00\",\"breadcrumb\":{\"@id\":\"https:\\\/\\\/jornaldasoficinas.com\\\/pt\\\/bosch-tem-90-vagas-em-braga-para-engenheiros-software-e-hardware\\\/#breadcrumb\"},\"inLanguage\":\"pt-PT\",\"potentialAction\":[{\"@type\":\"ReadAction\",\"target\":[\"https:\\\/\\\/jornaldasoficinas.com\\\/pt\\\/bosch-tem-90-vagas-em-braga-para-engenheiros-software-e-hardware\\\/\"]}]},{\"@type\":\"ImageObject\",\"inLanguage\":\"pt-PT\",\"@id\":\"https:\\\/\\\/jornaldasoficinas.com\\\/pt\\\/bosch-tem-90-vagas-em-braga-para-engenheiros-software-e-hardware\\\/#primaryimage\",\"url\":\"https:\\\/\\\/jornaldasoficinas.com\\\/pt\\\/wp-content\\\/uploads\\\/2021\\\/09\\\/Recruitment-Day-Bosch-2.jpg\",\"contentUrl\":\"https:\\\/\\\/jornaldasoficinas.com\\\/pt\\\/wp-content\\\/uploads\\\/2021\\\/09\\\/Recruitment-Day-Bosch-2.jpg\",\"width\":1024,\"height\":581,\"caption\":\"09 - Recruitment-Day-Bosch-2\"},{\"@type\":\"BreadcrumbList\",\"@id\":\"https:\\\/\\\/jornaldasoficinas.com\\\/pt\\\/bosch-tem-90-vagas-em-braga-para-engenheiros-software-e-hardware\\\/#breadcrumb\",\"itemListElement\":[{\"@type\":\"ListItem\",\"position\":1,\"name\":\"In\u00edcio\",\"item\":\"https:\\\/\\\/jornaldasoficinas.com\\\/pt\\\/\"},{\"@type\":\"ListItem\",\"position\":2,\"name\":\"Bosch tem 90 vagas em Braga para engenheiros Software e Hardware\"}]},{\"@type\":\"WebSite\",\"@id\":\"https:\\\/\\\/jornaldasoficinas.com\\\/pt\\\/#website\",\"url\":\"https:\\\/\\\/jornaldasoficinas.com\\\/pt\\\/\",\"name\":\"Jornal das Oficinas\",\"description\":\"Jornal independente do Aftermarket Autom\u00f3vel em Portugal\",\"publisher\":{\"@id\":\"https:\\\/\\\/jornaldasoficinas.com\\\/pt\\\/#organization\"},\"potentialAction\":[{\"@type\":\"SearchAction\",\"target\":{\"@type\":\"EntryPoint\",\"urlTemplate\":\"https:\\\/\\\/jornaldasoficinas.com\\\/pt\\\/?s={search_term_string}\"},\"query-input\":{\"@type\":\"PropertyValueSpecification\",\"valueRequired\":true,\"valueName\":\"search_term_string\"}}],\"inLanguage\":\"pt-PT\"},{\"@type\":\"Organization\",\"@id\":\"https:\\\/\\\/jornaldasoficinas.com\\\/pt\\\/#organization\",\"name\":\"Jornal das Oficinas\",\"url\":\"https:\\\/\\\/jornaldasoficinas.com\\\/pt\\\/\",\"logo\":{\"@type\":\"ImageObject\",\"inLanguage\":\"pt-PT\",\"@id\":\"https:\\\/\\\/jornaldasoficinas.com\\\/pt\\\/#\\\/schema\\\/logo\\\/image\\\/\",\"url\":\"https:\\\/\\\/jornaldasoficinas.com\\\/pt\\\/wp-content\\\/uploads\\\/logoJO-SEO.png\",\"contentUrl\":\"https:\\\/\\\/jornaldasoficinas.com\\\/pt\\\/wp-content\\\/uploads\\\/logoJO-SEO.png\",\"width\":285,\"height\":450,\"caption\":\"Jornal das Oficinas\"},\"image\":{\"@id\":\"https:\\\/\\\/jornaldasoficinas.com\\\/pt\\\/#\\\/schema\\\/logo\\\/image\\\/\"},\"sameAs\":[\"https:\\\/\\\/www.facebook.com\\\/jornaloficinas\",\"https:\\\/\\\/x.com\\\/jornaloficinas\",\"https:\\\/\\\/www.instagram.com\\\/jornal_oficinas\\\/\",\"https:\\\/\\\/www.linkedin.com\\\/company\\\/jornal-das-oficinas\\\/\",\"https:\\\/\\\/www.youtube.com\\\/channel\\\/UCbQZBqtcvV-oSQrr7RzINGg\"]},{\"@type\":\"Person\",\"@id\":\"https:\\\/\\\/jornaldasoficinas.com\\\/pt\\\/#\\\/schema\\\/person\\\/a38eef5de2c41d9e7c9ac10141afddf3\",\"name\":\"Reda\u00e7\u00e3o JO\",\"image\":{\"@type\":\"ImageObject\",\"inLanguage\":\"pt-PT\",\"@id\":\"https:\\\/\\\/secure.gravatar.com\\\/avatar\\\/71f2fa71737ad68a84fea94bc708ddac8ea5b0c4788dc2ad202f3ccb2887742f?s=96&d=wp_user_avatar&r=g\",\"url\":\"https:\\\/\\\/secure.gravatar.com\\\/avatar\\\/71f2fa71737ad68a84fea94bc708ddac8ea5b0c4788dc2ad202f3ccb2887742f?s=96&d=wp_user_avatar&r=g\",\"contentUrl\":\"https:\\\/\\\/secure.gravatar.com\\\/avatar\\\/71f2fa71737ad68a84fea94bc708ddac8ea5b0c4788dc2ad202f3ccb2887742f?s=96&d=wp_user_avatar&r=g\",\"caption\":\"Reda\u00e7\u00e3o JO\"},\"url\":\"https:\\\/\\\/jornaldasoficinas.com\\\/pt\\\/author\\\/joredacao\\\/\"}]}<\/script>\n<!-- \/ Yoast SEO plugin. -->","yoast_head_json":{"title":"Bosch tem 90 vagas em Braga para engenheiros Software e Hardware - Jornal das Oficinas","robots":{"index":"index","follow":"follow","max-snippet":"max-snippet:-1","max-image-preview":"max-image-preview:large","max-video-preview":"max-video-preview:-1"},"canonical":"https:\/\/jornaldasoficinas.com\/pt\/bosch-tem-90-vagas-em-braga-para-engenheiros-software-e-hardware\/","og_locale":"pt_PT","og_type":"article","og_title":"Bosch tem 90 vagas em Braga para engenheiros Software e Hardware - Jornal das Oficinas","og_description":"A Bosch est\u00e1 a recrutar 90...","og_url":"https:\/\/jornaldasoficinas.com\/pt\/bosch-tem-90-vagas-em-braga-para-engenheiros-software-e-hardware\/","og_site_name":"Jornal das Oficinas","article_publisher":"https:\/\/www.facebook.com\/jornaloficinas","article_published_time":"2021-10-06T17:30:25+00:00","og_image":[{"width":1024,"height":581,"url":"https:\/\/jornaldasoficinas.com\/pt\/wp-content\/uploads\/2021\/09\/Recruitment-Day-Bosch-2.jpg","type":"image\/jpeg"}],"author":"Reda\u00e7\u00e3o JO","twitter_card":"summary_large_image","twitter_creator":"@jornaloficinas","twitter_site":"@jornaloficinas","twitter_misc":{"Escrito por":"Reda\u00e7\u00e3o JO","Tempo estimado de leitura":"2 minutos"},"schema":{"@context":"https:\/\/schema.org","@graph":[{"@type":"Article","@id":"https:\/\/jornaldasoficinas.com\/pt\/bosch-tem-90-vagas-em-braga-para-engenheiros-software-e-hardware\/#article","isPartOf":{"@id":"https:\/\/jornaldasoficinas.com\/pt\/bosch-tem-90-vagas-em-braga-para-engenheiros-software-e-hardware\/"},"author":{"name":"Reda\u00e7\u00e3o JO","@id":"https:\/\/jornaldasoficinas.com\/pt\/#\/schema\/person\/a38eef5de2c41d9e7c9ac10141afddf3"},"headline":"Bosch tem 90 vagas em Braga para engenheiros Software e Hardware","datePublished":"2021-10-06T17:30:25+00:00","mainEntityOfPage":{"@id":"https:\/\/jornaldasoficinas.com\/pt\/bosch-tem-90-vagas-em-braga-para-engenheiros-software-e-hardware\/"},"wordCount":361,"publisher":{"@id":"https:\/\/jornaldasoficinas.com\/pt\/#organization"},"image":{"@id":"https:\/\/jornaldasoficinas.com\/pt\/bosch-tem-90-vagas-em-braga-para-engenheiros-software-e-hardware\/#primaryimage"},"thumbnailUrl":"https:\/\/jornaldasoficinas.com\/pt\/wp-content\/uploads\/2021\/09\/Recruitment-Day-Bosch-2.jpg","keywords":["Bosch"],"articleSection":["Empresas"],"inLanguage":"pt-PT"},{"@type":"WebPage","@id":"https:\/\/jornaldasoficinas.com\/pt\/bosch-tem-90-vagas-em-braga-para-engenheiros-software-e-hardware\/","url":"https:\/\/jornaldasoficinas.com\/pt\/bosch-tem-90-vagas-em-braga-para-engenheiros-software-e-hardware\/","name":"Bosch tem 90 vagas em Braga para engenheiros Software e Hardware - Jornal das Oficinas","isPartOf":{"@id":"https:\/\/jornaldasoficinas.com\/pt\/#website"},"primaryImageOfPage":{"@id":"https:\/\/jornaldasoficinas.com\/pt\/bosch-tem-90-vagas-em-braga-para-engenheiros-software-e-hardware\/#primaryimage"},"image":{"@id":"https:\/\/jornaldasoficinas.com\/pt\/bosch-tem-90-vagas-em-braga-para-engenheiros-software-e-hardware\/#primaryimage"},"thumbnailUrl":"https:\/\/jornaldasoficinas.com\/pt\/wp-content\/uploads\/2021\/09\/Recruitment-Day-Bosch-2.jpg","datePublished":"2021-10-06T17:30:25+00:00","breadcrumb":{"@id":"https:\/\/jornaldasoficinas.com\/pt\/bosch-tem-90-vagas-em-braga-para-engenheiros-software-e-hardware\/#breadcrumb"},"inLanguage":"pt-PT","potentialAction":[{"@type":"ReadAction","target":["https:\/\/jornaldasoficinas.com\/pt\/bosch-tem-90-vagas-em-braga-para-engenheiros-software-e-hardware\/"]}]},{"@type":"ImageObject","inLanguage":"pt-PT","@id":"https:\/\/jornaldasoficinas.com\/pt\/bosch-tem-90-vagas-em-braga-para-engenheiros-software-e-hardware\/#primaryimage","url":"https:\/\/jornaldasoficinas.com\/pt\/wp-content\/uploads\/2021\/09\/Recruitment-Day-Bosch-2.jpg","contentUrl":"https:\/\/jornaldasoficinas.com\/pt\/wp-content\/uploads\/2021\/09\/Recruitment-Day-Bosch-2.jpg","width":1024,"height":581,"caption":"09 - Recruitment-Day-Bosch-2"},{"@type":"BreadcrumbList","@id":"https:\/\/jornaldasoficinas.com\/pt\/bosch-tem-90-vagas-em-braga-para-engenheiros-software-e-hardware\/#breadcrumb","itemListElement":[{"@type":"ListItem","position":1,"name":"In\u00edcio","item":"https:\/\/jornaldasoficinas.com\/pt\/"},{"@type":"ListItem","position":2,"name":"Bosch tem 90 vagas em Braga para engenheiros Software e Hardware"}]},{"@type":"WebSite","@id":"https:\/\/jornaldasoficinas.com\/pt\/#website","url":"https:\/\/jornaldasoficinas.com\/pt\/","name":"Jornal das Oficinas","description":"Jornal independente do Aftermarket Autom\u00f3vel em Portugal","publisher":{"@id":"https:\/\/jornaldasoficinas.com\/pt\/#organization"},"potentialAction":[{"@type":"SearchAction","target":{"@type":"EntryPoint","urlTemplate":"https:\/\/jornaldasoficinas.com\/pt\/?s={search_term_string}"},"query-input":{"@type":"PropertyValueSpecification","valueRequired":true,"valueName":"search_term_string"}}],"inLanguage":"pt-PT"},{"@type":"Organization","@id":"https:\/\/jornaldasoficinas.com\/pt\/#organization","name":"Jornal das Oficinas","url":"https:\/\/jornaldasoficinas.com\/pt\/","logo":{"@type":"ImageObject","inLanguage":"pt-PT","@id":"https:\/\/jornaldasoficinas.com\/pt\/#\/schema\/logo\/image\/","url":"https:\/\/jornaldasoficinas.com\/pt\/wp-content\/uploads\/logoJO-SEO.png","contentUrl":"https:\/\/jornaldasoficinas.com\/pt\/wp-content\/uploads\/logoJO-SEO.png","width":285,"height":450,"caption":"Jornal das Oficinas"},"image":{"@id":"https:\/\/jornaldasoficinas.com\/pt\/#\/schema\/logo\/image\/"},"sameAs":["https:\/\/www.facebook.com\/jornaloficinas","https:\/\/x.com\/jornaloficinas","https:\/\/www.instagram.com\/jornal_oficinas\/","https:\/\/www.linkedin.com\/company\/jornal-das-oficinas\/","https:\/\/www.youtube.com\/channel\/UCbQZBqtcvV-oSQrr7RzINGg"]},{"@type":"Person","@id":"https:\/\/jornaldasoficinas.com\/pt\/#\/schema\/person\/a38eef5de2c41d9e7c9ac10141afddf3","name":"Reda\u00e7\u00e3o JO","image":{"@type":"ImageObject","inLanguage":"pt-PT","@id":"https:\/\/secure.gravatar.com\/avatar\/71f2fa71737ad68a84fea94bc708ddac8ea5b0c4788dc2ad202f3ccb2887742f?s=96&d=wp_user_avatar&r=g","url":"https:\/\/secure.gravatar.com\/avatar\/71f2fa71737ad68a84fea94bc708ddac8ea5b0c4788dc2ad202f3ccb2887742f?s=96&d=wp_user_avatar&r=g","contentUrl":"https:\/\/secure.gravatar.com\/avatar\/71f2fa71737ad68a84fea94bc708ddac8ea5b0c4788dc2ad202f3ccb2887742f?s=96&d=wp_user_avatar&r=g","caption":"Reda\u00e7\u00e3o JO"},"url":"https:\/\/jornaldasoficinas.com\/pt\/author\/joredacao\/"}]}},"_links":{"self":[{"href":"https:\/\/jornaldasoficinas.com\/pt\/wp-json\/wp\/v2\/posts\/24307","targetHints":{"allow":["GET"]}}],"collection":[{"href":"https:\/\/jornaldasoficinas.com\/pt\/wp-json\/wp\/v2\/posts"}],"about":[{"href":"https:\/\/jornaldasoficinas.com\/pt\/wp-json\/wp\/v2\/types\/post"}],"author":[{"embeddable":true,"href":"https:\/\/jornaldasoficinas.com\/pt\/wp-json\/wp\/v2\/users\/15"}],"replies":[{"embeddable":true,"href":"https:\/\/jornaldasoficinas.com\/pt\/wp-json\/wp\/v2\/comments?post=24307"}],"version-history":[{"count":0,"href":"https:\/\/jornaldasoficinas.com\/pt\/wp-json\/wp\/v2\/posts\/24307\/revisions"}],"wp:featuredmedia":[{"embeddable":true,"href":"https:\/\/jornaldasoficinas.com\/pt\/wp-json\/wp\/v2\/media\/24308"}],"wp:attachment":[{"href":"https:\/\/jornaldasoficinas.com\/pt\/wp-json\/wp\/v2\/media?parent=24307"}],"wp:term":[{"taxonomy":"category","embeddable":true,"href":"https:\/\/jornaldasoficinas.com\/pt\/wp-json\/wp\/v2\/categories?post=24307"},{"taxonomy":"post_tag","embeddable":true,"href":"https:\/\/jornaldasoficinas.com\/pt\/wp-json\/wp\/v2\/tags?post=24307"}],"curies":[{"name":"wp","href":"https:\/\/api.w.org\/{rel}","templated":true}]}}