{"id":24435,"date":"2021-10-12T19:00:47","date_gmt":"2021-10-12T18:00:47","guid":{"rendered":"https:\/\/jornaldasoficinas.com\/pt\/?p=24435"},"modified":"2023-07-19T15:48:56","modified_gmt":"2023-07-19T14:48:56","slug":"a-nossa-presenca-e-importante-como-reforco-a-estrategia-de-proximidade-com-o-mercado-paulo-santos-redeinnov","status":"publish","type":"post","link":"https:\/\/jornaldasoficinas.com\/pt\/a-nossa-presenca-e-importante-como-reforco-a-estrategia-de-proximidade-com-o-mercado-paulo-santos-redeinnov\/","title":{"rendered":"\u201cA nossa presen\u00e7a \u00e9 importante para proximidade com o mercado\u201d, Paulo Santos, RedeInnov"},"content":{"rendered":"<p><strong><img loading=\"lazy\" decoding=\"async\" class=\"alignnone size-full wp-image-24433\" src=\"https:\/\/jornaldasoficinas.com\/pt\/wp-content\/uploads\/2021\/09\/redeinnov-01.png\" alt=\"09 - redeinnov-01\" width=\"1024\" height=\"581\" srcset=\"https:\/\/jornaldasoficinas.com\/pt\/wp-content\/uploads\/2021\/09\/redeinnov-01.png 1024w, https:\/\/jornaldasoficinas.com\/pt\/wp-content\/uploads\/2021\/09\/redeinnov-01-300x170.png 300w, https:\/\/jornaldasoficinas.com\/pt\/wp-content\/uploads\/2021\/09\/redeinnov-01-150x85.png 150w, https:\/\/jornaldasoficinas.com\/pt\/wp-content\/uploads\/2021\/09\/redeinnov-01-768x436.png 768w\" sizes=\"auto, (max-width: 1024px) 100vw, 1024px\" \/><\/strong><\/p>\n<p><strong>A <a href=\"http:\/\/redeinnov.pt\/pt\/home\/\" target=\"_blank\" rel=\"noopener\">RedeInnov<\/a> tem por objetivo proporcionar \u00e0s oficinas de repara\u00e7\u00e3o autom\u00f3vel independentes uma melhoria da oferta atualmente\u00a0disponibilizada, n\u00e3o s\u00f3 em termos de produtos, mas essencialmente atrav\u00e9s de servi\u00e7os que visam aumentar a sua rentabilidade.<\/strong><\/p>\n<p>Neste sentido e no seguimento da sua estrat\u00e9gia, o desenvolvimento da rede passa pela otimiza\u00e7\u00e3o da cadeia de valor e de fornecedores, agregando em si uma maior cobertura geogr\u00e1fica de forma a dar uma resposta mais eficiente e eficaz ao mercado, atrav\u00e9s de ferramentas de vendas inovadoras.<\/p>\n<p>Para estar cada vez mais perto do mercado, a sua participa\u00e7\u00e3o na expoMEC\u00c2NICA tem como objetivo principal \u201cdisponibilizar \u00e0 nossa rede de membros, um espa\u00e7o agrad\u00e1vel para receberem os seus clientes, mostrarem as novidades que dispomos a cada ano e fundamentalmente fortalecer la\u00e7os entre clientes e fornecedores\u201d, explicou Paulo Santos, Diretor de Marketing e Vendas.<\/p>\n<p>Para continuar com a sua estrat\u00e9gia de neg\u00f3cio e fortalecer a sua presen\u00e7a no mercado nacional, a RedeInnov vai ter dispon\u00edvel no seu stand \u201cferramentas de diagn\u00f3stico da marca AUTEL, novas solu\u00e7\u00f5es em m\u00e1quinas de carregamento de ar condicionado da marca CTR, uma gama refor\u00e7ada de Motores de Arranque e Alternadores\u201d, mas n\u00e3o \u00e9 tudo \u201co restante deixamos para revelar a quem nos for visitar\u201d, convidou Paulo Santos.<\/p>\n","protected":false},"excerpt":{"rendered":"<p>A RedeInnov tem por objetivo proporcionar&#8230;<\/p>\n","protected":false},"author":15,"featured_media":24433,"comment_status":"closed","ping_status":"closed","sticky":false,"template":"","format":"standard","meta":{"footnotes":""},"categories":[29],"tags":[78,553],"class_list":["post-24435","post","type-post","status-publish","format-standard","has-post-thumbnail","hentry","category-empresas","tag-expomecanica","tag-redeinnov"],"yoast_head":"<!-- This site is optimized with the Yoast SEO plugin v27.4 - https:\/\/yoast.com\/product\/yoast-seo-wordpress\/ -->\n<title>\u201cA nossa presen\u00e7a \u00e9 importante para proximidade com o mercado\u201d, Paulo Santos, RedeInnov - Jornal das Oficinas<\/title>\n<meta name=\"robots\" content=\"index, follow, max-snippet:-1, max-image-preview:large, max-video-preview:-1\" \/>\n<link rel=\"canonical\" href=\"https:\/\/jornaldasoficinas.com\/pt\/a-nossa-presenca-e-importante-como-reforco-a-estrategia-de-proximidade-com-o-mercado-paulo-santos-redeinnov\/\" \/>\n<meta property=\"og:locale\" content=\"pt_PT\" \/>\n<meta property=\"og:type\" content=\"article\" \/>\n<meta property=\"og:title\" content=\"\u201cA nossa presen\u00e7a \u00e9 importante para proximidade com o mercado\u201d, Paulo Santos, RedeInnov - Jornal das Oficinas\" \/>\n<meta property=\"og:description\" content=\"A RedeInnov tem por objetivo proporcionar...\" \/>\n<meta property=\"og:url\" content=\"https:\/\/jornaldasoficinas.com\/pt\/a-nossa-presenca-e-importante-como-reforco-a-estrategia-de-proximidade-com-o-mercado-paulo-santos-redeinnov\/\" \/>\n<meta property=\"og:site_name\" content=\"Jornal das Oficinas\" \/>\n<meta property=\"article:publisher\" content=\"https:\/\/www.facebook.com\/jornaloficinas\" \/>\n<meta property=\"article:published_time\" content=\"2021-10-12T18:00:47+00:00\" \/>\n<meta property=\"article:modified_time\" content=\"2023-07-19T14:48:56+00:00\" \/>\n<meta property=\"og:image\" content=\"https:\/\/jornaldasoficinas.com\/pt\/wp-content\/uploads\/2021\/09\/redeinnov-01.png\" \/>\n\t<meta property=\"og:image:width\" content=\"1024\" \/>\n\t<meta property=\"og:image:height\" content=\"581\" \/>\n\t<meta property=\"og:image:type\" content=\"image\/png\" \/>\n<meta name=\"author\" content=\"Reda\u00e7\u00e3o JO\" \/>\n<meta name=\"twitter:card\" content=\"summary_large_image\" \/>\n<meta name=\"twitter:creator\" content=\"@jornaloficinas\" \/>\n<meta name=\"twitter:site\" content=\"@jornaloficinas\" \/>\n<meta name=\"twitter:label1\" content=\"Escrito por\" \/>\n\t<meta name=\"twitter:data1\" content=\"Reda\u00e7\u00e3o JO\" \/>\n\t<meta name=\"twitter:label2\" content=\"Tempo estimado de leitura\" \/>\n\t<meta name=\"twitter:data2\" content=\"1 minuto\" \/>\n<script type=\"application\/ld+json\" class=\"yoast-schema-graph\">{\"@context\":\"https:\\\/\\\/schema.org\",\"@graph\":[{\"@type\":\"Article\",\"@id\":\"https:\\\/\\\/jornaldasoficinas.com\\\/pt\\\/a-nossa-presenca-e-importante-como-reforco-a-estrategia-de-proximidade-com-o-mercado-paulo-santos-redeinnov\\\/#article\",\"isPartOf\":{\"@id\":\"https:\\\/\\\/jornaldasoficinas.com\\\/pt\\\/a-nossa-presenca-e-importante-como-reforco-a-estrategia-de-proximidade-com-o-mercado-paulo-santos-redeinnov\\\/\"},\"author\":{\"name\":\"Reda\u00e7\u00e3o JO\",\"@id\":\"https:\\\/\\\/jornaldasoficinas.com\\\/pt\\\/#\\\/schema\\\/person\\\/a38eef5de2c41d9e7c9ac10141afddf3\"},\"headline\":\"\u201cA nossa presen\u00e7a \u00e9 importante para proximidade com o mercado\u201d, Paulo Santos, RedeInnov\",\"datePublished\":\"2021-10-12T18:00:47+00:00\",\"dateModified\":\"2023-07-19T14:48:56+00:00\",\"mainEntityOfPage\":{\"@id\":\"https:\\\/\\\/jornaldasoficinas.com\\\/pt\\\/a-nossa-presenca-e-importante-como-reforco-a-estrategia-de-proximidade-com-o-mercado-paulo-santos-redeinnov\\\/\"},\"wordCount\":239,\"publisher\":{\"@id\":\"https:\\\/\\\/jornaldasoficinas.com\\\/pt\\\/#organization\"},\"image\":{\"@id\":\"https:\\\/\\\/jornaldasoficinas.com\\\/pt\\\/a-nossa-presenca-e-importante-como-reforco-a-estrategia-de-proximidade-com-o-mercado-paulo-santos-redeinnov\\\/#primaryimage\"},\"thumbnailUrl\":\"https:\\\/\\\/jornaldasoficinas.com\\\/pt\\\/wp-content\\\/uploads\\\/2021\\\/09\\\/redeinnov-01.png\",\"keywords\":[\"expoMEC\u00c2NICA\",\"RedeInnov\"],\"articleSection\":[\"Empresas\"],\"inLanguage\":\"pt-PT\"},{\"@type\":\"WebPage\",\"@id\":\"https:\\\/\\\/jornaldasoficinas.com\\\/pt\\\/a-nossa-presenca-e-importante-como-reforco-a-estrategia-de-proximidade-com-o-mercado-paulo-santos-redeinnov\\\/\",\"url\":\"https:\\\/\\\/jornaldasoficinas.com\\\/pt\\\/a-nossa-presenca-e-importante-como-reforco-a-estrategia-de-proximidade-com-o-mercado-paulo-santos-redeinnov\\\/\",\"name\":\"\u201cA nossa presen\u00e7a \u00e9 importante para proximidade com o mercado\u201d, Paulo Santos, RedeInnov - Jornal das Oficinas\",\"isPartOf\":{\"@id\":\"https:\\\/\\\/jornaldasoficinas.com\\\/pt\\\/#website\"},\"primaryImageOfPage\":{\"@id\":\"https:\\\/\\\/jornaldasoficinas.com\\\/pt\\\/a-nossa-presenca-e-importante-como-reforco-a-estrategia-de-proximidade-com-o-mercado-paulo-santos-redeinnov\\\/#primaryimage\"},\"image\":{\"@id\":\"https:\\\/\\\/jornaldasoficinas.com\\\/pt\\\/a-nossa-presenca-e-importante-como-reforco-a-estrategia-de-proximidade-com-o-mercado-paulo-santos-redeinnov\\\/#primaryimage\"},\"thumbnailUrl\":\"https:\\\/\\\/jornaldasoficinas.com\\\/pt\\\/wp-content\\\/uploads\\\/2021\\\/09\\\/redeinnov-01.png\",\"datePublished\":\"2021-10-12T18:00:47+00:00\",\"dateModified\":\"2023-07-19T14:48:56+00:00\",\"breadcrumb\":{\"@id\":\"https:\\\/\\\/jornaldasoficinas.com\\\/pt\\\/a-nossa-presenca-e-importante-como-reforco-a-estrategia-de-proximidade-com-o-mercado-paulo-santos-redeinnov\\\/#breadcrumb\"},\"inLanguage\":\"pt-PT\",\"potentialAction\":[{\"@type\":\"ReadAction\",\"target\":[\"https:\\\/\\\/jornaldasoficinas.com\\\/pt\\\/a-nossa-presenca-e-importante-como-reforco-a-estrategia-de-proximidade-com-o-mercado-paulo-santos-redeinnov\\\/\"]}]},{\"@type\":\"ImageObject\",\"inLanguage\":\"pt-PT\",\"@id\":\"https:\\\/\\\/jornaldasoficinas.com\\\/pt\\\/a-nossa-presenca-e-importante-como-reforco-a-estrategia-de-proximidade-com-o-mercado-paulo-santos-redeinnov\\\/#primaryimage\",\"url\":\"https:\\\/\\\/jornaldasoficinas.com\\\/pt\\\/wp-content\\\/uploads\\\/2021\\\/09\\\/redeinnov-01.png\",\"contentUrl\":\"https:\\\/\\\/jornaldasoficinas.com\\\/pt\\\/wp-content\\\/uploads\\\/2021\\\/09\\\/redeinnov-01.png\",\"width\":1024,\"height\":581,\"caption\":\"09 - redeinnov-01\"},{\"@type\":\"BreadcrumbList\",\"@id\":\"https:\\\/\\\/jornaldasoficinas.com\\\/pt\\\/a-nossa-presenca-e-importante-como-reforco-a-estrategia-de-proximidade-com-o-mercado-paulo-santos-redeinnov\\\/#breadcrumb\",\"itemListElement\":[{\"@type\":\"ListItem\",\"position\":1,\"name\":\"In\u00edcio\",\"item\":\"https:\\\/\\\/jornaldasoficinas.com\\\/pt\\\/\"},{\"@type\":\"ListItem\",\"position\":2,\"name\":\"\u201cA nossa presen\u00e7a \u00e9 importante para proximidade com o mercado\u201d, Paulo Santos, RedeInnov\"}]},{\"@type\":\"WebSite\",\"@id\":\"https:\\\/\\\/jornaldasoficinas.com\\\/pt\\\/#website\",\"url\":\"https:\\\/\\\/jornaldasoficinas.com\\\/pt\\\/\",\"name\":\"Jornal das Oficinas\",\"description\":\"Jornal independente do Aftermarket Autom\u00f3vel em Portugal\",\"publisher\":{\"@id\":\"https:\\\/\\\/jornaldasoficinas.com\\\/pt\\\/#organization\"},\"potentialAction\":[{\"@type\":\"SearchAction\",\"target\":{\"@type\":\"EntryPoint\",\"urlTemplate\":\"https:\\\/\\\/jornaldasoficinas.com\\\/pt\\\/?s={search_term_string}\"},\"query-input\":{\"@type\":\"PropertyValueSpecification\",\"valueRequired\":true,\"valueName\":\"search_term_string\"}}],\"inLanguage\":\"pt-PT\"},{\"@type\":\"Organization\",\"@id\":\"https:\\\/\\\/jornaldasoficinas.com\\\/pt\\\/#organization\",\"name\":\"Jornal das Oficinas\",\"url\":\"https:\\\/\\\/jornaldasoficinas.com\\\/pt\\\/\",\"logo\":{\"@type\":\"ImageObject\",\"inLanguage\":\"pt-PT\",\"@id\":\"https:\\\/\\\/jornaldasoficinas.com\\\/pt\\\/#\\\/schema\\\/logo\\\/image\\\/\",\"url\":\"https:\\\/\\\/jornaldasoficinas.com\\\/pt\\\/wp-content\\\/uploads\\\/logoJO-SEO.png\",\"contentUrl\":\"https:\\\/\\\/jornaldasoficinas.com\\\/pt\\\/wp-content\\\/uploads\\\/logoJO-SEO.png\",\"width\":285,\"height\":450,\"caption\":\"Jornal das Oficinas\"},\"image\":{\"@id\":\"https:\\\/\\\/jornaldasoficinas.com\\\/pt\\\/#\\\/schema\\\/logo\\\/image\\\/\"},\"sameAs\":[\"https:\\\/\\\/www.facebook.com\\\/jornaloficinas\",\"https:\\\/\\\/x.com\\\/jornaloficinas\",\"https:\\\/\\\/www.instagram.com\\\/jornal_oficinas\\\/\",\"https:\\\/\\\/www.linkedin.com\\\/company\\\/jornal-das-oficinas\\\/\",\"https:\\\/\\\/www.youtube.com\\\/channel\\\/UCbQZBqtcvV-oSQrr7RzINGg\"]},{\"@type\":\"Person\",\"@id\":\"https:\\\/\\\/jornaldasoficinas.com\\\/pt\\\/#\\\/schema\\\/person\\\/a38eef5de2c41d9e7c9ac10141afddf3\",\"name\":\"Reda\u00e7\u00e3o JO\",\"image\":{\"@type\":\"ImageObject\",\"inLanguage\":\"pt-PT\",\"@id\":\"https:\\\/\\\/secure.gravatar.com\\\/avatar\\\/71f2fa71737ad68a84fea94bc708ddac8ea5b0c4788dc2ad202f3ccb2887742f?s=96&d=wp_user_avatar&r=g\",\"url\":\"https:\\\/\\\/secure.gravatar.com\\\/avatar\\\/71f2fa71737ad68a84fea94bc708ddac8ea5b0c4788dc2ad202f3ccb2887742f?s=96&d=wp_user_avatar&r=g\",\"contentUrl\":\"https:\\\/\\\/secure.gravatar.com\\\/avatar\\\/71f2fa71737ad68a84fea94bc708ddac8ea5b0c4788dc2ad202f3ccb2887742f?s=96&d=wp_user_avatar&r=g\",\"caption\":\"Reda\u00e7\u00e3o JO\"},\"url\":\"https:\\\/\\\/jornaldasoficinas.com\\\/pt\\\/author\\\/joredacao\\\/\"}]}<\/script>\n<!-- \/ Yoast SEO plugin. -->","yoast_head_json":{"title":"\u201cA nossa presen\u00e7a \u00e9 importante para proximidade com o mercado\u201d, Paulo Santos, RedeInnov - Jornal das Oficinas","robots":{"index":"index","follow":"follow","max-snippet":"max-snippet:-1","max-image-preview":"max-image-preview:large","max-video-preview":"max-video-preview:-1"},"canonical":"https:\/\/jornaldasoficinas.com\/pt\/a-nossa-presenca-e-importante-como-reforco-a-estrategia-de-proximidade-com-o-mercado-paulo-santos-redeinnov\/","og_locale":"pt_PT","og_type":"article","og_title":"\u201cA nossa presen\u00e7a \u00e9 importante para proximidade com o mercado\u201d, Paulo Santos, RedeInnov - Jornal das Oficinas","og_description":"A RedeInnov tem por objetivo proporcionar...","og_url":"https:\/\/jornaldasoficinas.com\/pt\/a-nossa-presenca-e-importante-como-reforco-a-estrategia-de-proximidade-com-o-mercado-paulo-santos-redeinnov\/","og_site_name":"Jornal das Oficinas","article_publisher":"https:\/\/www.facebook.com\/jornaloficinas","article_published_time":"2021-10-12T18:00:47+00:00","article_modified_time":"2023-07-19T14:48:56+00:00","og_image":[{"width":1024,"height":581,"url":"https:\/\/jornaldasoficinas.com\/pt\/wp-content\/uploads\/2021\/09\/redeinnov-01.png","type":"image\/png"}],"author":"Reda\u00e7\u00e3o JO","twitter_card":"summary_large_image","twitter_creator":"@jornaloficinas","twitter_site":"@jornaloficinas","twitter_misc":{"Escrito por":"Reda\u00e7\u00e3o JO","Tempo estimado de leitura":"1 minuto"},"schema":{"@context":"https:\/\/schema.org","@graph":[{"@type":"Article","@id":"https:\/\/jornaldasoficinas.com\/pt\/a-nossa-presenca-e-importante-como-reforco-a-estrategia-de-proximidade-com-o-mercado-paulo-santos-redeinnov\/#article","isPartOf":{"@id":"https:\/\/jornaldasoficinas.com\/pt\/a-nossa-presenca-e-importante-como-reforco-a-estrategia-de-proximidade-com-o-mercado-paulo-santos-redeinnov\/"},"author":{"name":"Reda\u00e7\u00e3o JO","@id":"https:\/\/jornaldasoficinas.com\/pt\/#\/schema\/person\/a38eef5de2c41d9e7c9ac10141afddf3"},"headline":"\u201cA nossa presen\u00e7a \u00e9 importante para proximidade com o mercado\u201d, Paulo Santos, RedeInnov","datePublished":"2021-10-12T18:00:47+00:00","dateModified":"2023-07-19T14:48:56+00:00","mainEntityOfPage":{"@id":"https:\/\/jornaldasoficinas.com\/pt\/a-nossa-presenca-e-importante-como-reforco-a-estrategia-de-proximidade-com-o-mercado-paulo-santos-redeinnov\/"},"wordCount":239,"publisher":{"@id":"https:\/\/jornaldasoficinas.com\/pt\/#organization"},"image":{"@id":"https:\/\/jornaldasoficinas.com\/pt\/a-nossa-presenca-e-importante-como-reforco-a-estrategia-de-proximidade-com-o-mercado-paulo-santos-redeinnov\/#primaryimage"},"thumbnailUrl":"https:\/\/jornaldasoficinas.com\/pt\/wp-content\/uploads\/2021\/09\/redeinnov-01.png","keywords":["expoMEC\u00c2NICA","RedeInnov"],"articleSection":["Empresas"],"inLanguage":"pt-PT"},{"@type":"WebPage","@id":"https:\/\/jornaldasoficinas.com\/pt\/a-nossa-presenca-e-importante-como-reforco-a-estrategia-de-proximidade-com-o-mercado-paulo-santos-redeinnov\/","url":"https:\/\/jornaldasoficinas.com\/pt\/a-nossa-presenca-e-importante-como-reforco-a-estrategia-de-proximidade-com-o-mercado-paulo-santos-redeinnov\/","name":"\u201cA nossa presen\u00e7a \u00e9 importante para proximidade com o mercado\u201d, Paulo Santos, RedeInnov - Jornal das Oficinas","isPartOf":{"@id":"https:\/\/jornaldasoficinas.com\/pt\/#website"},"primaryImageOfPage":{"@id":"https:\/\/jornaldasoficinas.com\/pt\/a-nossa-presenca-e-importante-como-reforco-a-estrategia-de-proximidade-com-o-mercado-paulo-santos-redeinnov\/#primaryimage"},"image":{"@id":"https:\/\/jornaldasoficinas.com\/pt\/a-nossa-presenca-e-importante-como-reforco-a-estrategia-de-proximidade-com-o-mercado-paulo-santos-redeinnov\/#primaryimage"},"thumbnailUrl":"https:\/\/jornaldasoficinas.com\/pt\/wp-content\/uploads\/2021\/09\/redeinnov-01.png","datePublished":"2021-10-12T18:00:47+00:00","dateModified":"2023-07-19T14:48:56+00:00","breadcrumb":{"@id":"https:\/\/jornaldasoficinas.com\/pt\/a-nossa-presenca-e-importante-como-reforco-a-estrategia-de-proximidade-com-o-mercado-paulo-santos-redeinnov\/#breadcrumb"},"inLanguage":"pt-PT","potentialAction":[{"@type":"ReadAction","target":["https:\/\/jornaldasoficinas.com\/pt\/a-nossa-presenca-e-importante-como-reforco-a-estrategia-de-proximidade-com-o-mercado-paulo-santos-redeinnov\/"]}]},{"@type":"ImageObject","inLanguage":"pt-PT","@id":"https:\/\/jornaldasoficinas.com\/pt\/a-nossa-presenca-e-importante-como-reforco-a-estrategia-de-proximidade-com-o-mercado-paulo-santos-redeinnov\/#primaryimage","url":"https:\/\/jornaldasoficinas.com\/pt\/wp-content\/uploads\/2021\/09\/redeinnov-01.png","contentUrl":"https:\/\/jornaldasoficinas.com\/pt\/wp-content\/uploads\/2021\/09\/redeinnov-01.png","width":1024,"height":581,"caption":"09 - redeinnov-01"},{"@type":"BreadcrumbList","@id":"https:\/\/jornaldasoficinas.com\/pt\/a-nossa-presenca-e-importante-como-reforco-a-estrategia-de-proximidade-com-o-mercado-paulo-santos-redeinnov\/#breadcrumb","itemListElement":[{"@type":"ListItem","position":1,"name":"In\u00edcio","item":"https:\/\/jornaldasoficinas.com\/pt\/"},{"@type":"ListItem","position":2,"name":"\u201cA nossa presen\u00e7a \u00e9 importante para proximidade com o mercado\u201d, Paulo Santos, RedeInnov"}]},{"@type":"WebSite","@id":"https:\/\/jornaldasoficinas.com\/pt\/#website","url":"https:\/\/jornaldasoficinas.com\/pt\/","name":"Jornal das Oficinas","description":"Jornal independente do Aftermarket Autom\u00f3vel em Portugal","publisher":{"@id":"https:\/\/jornaldasoficinas.com\/pt\/#organization"},"potentialAction":[{"@type":"SearchAction","target":{"@type":"EntryPoint","urlTemplate":"https:\/\/jornaldasoficinas.com\/pt\/?s={search_term_string}"},"query-input":{"@type":"PropertyValueSpecification","valueRequired":true,"valueName":"search_term_string"}}],"inLanguage":"pt-PT"},{"@type":"Organization","@id":"https:\/\/jornaldasoficinas.com\/pt\/#organization","name":"Jornal das Oficinas","url":"https:\/\/jornaldasoficinas.com\/pt\/","logo":{"@type":"ImageObject","inLanguage":"pt-PT","@id":"https:\/\/jornaldasoficinas.com\/pt\/#\/schema\/logo\/image\/","url":"https:\/\/jornaldasoficinas.com\/pt\/wp-content\/uploads\/logoJO-SEO.png","contentUrl":"https:\/\/jornaldasoficinas.com\/pt\/wp-content\/uploads\/logoJO-SEO.png","width":285,"height":450,"caption":"Jornal das Oficinas"},"image":{"@id":"https:\/\/jornaldasoficinas.com\/pt\/#\/schema\/logo\/image\/"},"sameAs":["https:\/\/www.facebook.com\/jornaloficinas","https:\/\/x.com\/jornaloficinas","https:\/\/www.instagram.com\/jornal_oficinas\/","https:\/\/www.linkedin.com\/company\/jornal-das-oficinas\/","https:\/\/www.youtube.com\/channel\/UCbQZBqtcvV-oSQrr7RzINGg"]},{"@type":"Person","@id":"https:\/\/jornaldasoficinas.com\/pt\/#\/schema\/person\/a38eef5de2c41d9e7c9ac10141afddf3","name":"Reda\u00e7\u00e3o JO","image":{"@type":"ImageObject","inLanguage":"pt-PT","@id":"https:\/\/secure.gravatar.com\/avatar\/71f2fa71737ad68a84fea94bc708ddac8ea5b0c4788dc2ad202f3ccb2887742f?s=96&d=wp_user_avatar&r=g","url":"https:\/\/secure.gravatar.com\/avatar\/71f2fa71737ad68a84fea94bc708ddac8ea5b0c4788dc2ad202f3ccb2887742f?s=96&d=wp_user_avatar&r=g","contentUrl":"https:\/\/secure.gravatar.com\/avatar\/71f2fa71737ad68a84fea94bc708ddac8ea5b0c4788dc2ad202f3ccb2887742f?s=96&d=wp_user_avatar&r=g","caption":"Reda\u00e7\u00e3o JO"},"url":"https:\/\/jornaldasoficinas.com\/pt\/author\/joredacao\/"}]}},"_links":{"self":[{"href":"https:\/\/jornaldasoficinas.com\/pt\/wp-json\/wp\/v2\/posts\/24435","targetHints":{"allow":["GET"]}}],"collection":[{"href":"https:\/\/jornaldasoficinas.com\/pt\/wp-json\/wp\/v2\/posts"}],"about":[{"href":"https:\/\/jornaldasoficinas.com\/pt\/wp-json\/wp\/v2\/types\/post"}],"author":[{"embeddable":true,"href":"https:\/\/jornaldasoficinas.com\/pt\/wp-json\/wp\/v2\/users\/15"}],"replies":[{"embeddable":true,"href":"https:\/\/jornaldasoficinas.com\/pt\/wp-json\/wp\/v2\/comments?post=24435"}],"version-history":[{"count":0,"href":"https:\/\/jornaldasoficinas.com\/pt\/wp-json\/wp\/v2\/posts\/24435\/revisions"}],"wp:featuredmedia":[{"embeddable":true,"href":"https:\/\/jornaldasoficinas.com\/pt\/wp-json\/wp\/v2\/media\/24433"}],"wp:attachment":[{"href":"https:\/\/jornaldasoficinas.com\/pt\/wp-json\/wp\/v2\/media?parent=24435"}],"wp:term":[{"taxonomy":"category","embeddable":true,"href":"https:\/\/jornaldasoficinas.com\/pt\/wp-json\/wp\/v2\/categories?post=24435"},{"taxonomy":"post_tag","embeddable":true,"href":"https:\/\/jornaldasoficinas.com\/pt\/wp-json\/wp\/v2\/tags?post=24435"}],"curies":[{"name":"wp","href":"https:\/\/api.w.org\/{rel}","templated":true}]}}