{"id":24438,"date":"2021-10-13T08:00:38","date_gmt":"2021-10-13T07:00:38","guid":{"rendered":"https:\/\/jornaldasoficinas.com\/pt\/?p=24438"},"modified":"2021-10-13T09:15:47","modified_gmt":"2021-10-13T08:15:47","slug":"mg-equipamentos-promove-sessao-as-inspecoes-na-uniao-europeia","status":"publish","type":"post","link":"https:\/\/jornaldasoficinas.com\/pt\/mg-equipamentos-promove-sessao-as-inspecoes-na-uniao-europeia\/","title":{"rendered":"MG Equipamentos promove sess\u00e3o \u201cAs Inspe\u00e7\u00f5es na Uni\u00e3o Europeia\u201d"},"content":{"rendered":"<p><strong><img loading=\"lazy\" decoding=\"async\" class=\"alignnone size-full wp-image-24425\" src=\"https:\/\/jornaldasoficinas.com\/pt\/wp-content\/uploads\/2021\/09\/MG-Equipamentos-promove.png\" alt=\"09 - MG-Equipamentos-promove\" width=\"1024\" height=\"581\" srcset=\"https:\/\/jornaldasoficinas.com\/pt\/wp-content\/uploads\/2021\/09\/MG-Equipamentos-promove.png 1024w, https:\/\/jornaldasoficinas.com\/pt\/wp-content\/uploads\/2021\/09\/MG-Equipamentos-promove-300x170.png 300w, https:\/\/jornaldasoficinas.com\/pt\/wp-content\/uploads\/2021\/09\/MG-Equipamentos-promove-150x85.png 150w, https:\/\/jornaldasoficinas.com\/pt\/wp-content\/uploads\/2021\/09\/MG-Equipamentos-promove-768x436.png 768w\" sizes=\"auto, (max-width: 1024px) 100vw, 1024px\" \/><\/strong><\/p>\n<p><strong>A <a href=\"http:\/\/www.mgequipamentos.com\/\" target=\"_blank\" rel=\"noopener\">MG Equipamentos<\/a> volta a estar presente no Sal\u00e3o expoMEC\u00c2NICA que se realizar\u00e1 de 15 a 17 de Outubro, na Exponor, Porto, onde ter\u00e1 oportunidade de apresentar a sua extensa gama de produtos aplic\u00e1vel aos mercados de repara\u00e7\u00e3o e inspe\u00e7\u00e3o autom\u00f3vel.<\/strong><\/p>\n<p>Aproveitando a circunst\u00e2ncia de voltar a ser poss\u00edvel promover os contactos presenciais dos quais estivemos privados durante tanto tempo, estar\u00e1 presente a convite da MG, o Sr. Jordi Brunet, secret\u00e1rio geral da EGEA (European Garage Equipment Association).<\/p>\n<p>A EGEA (European Garage Equipment Association) constitui uma associa\u00e7\u00e3o dos principais fabricantes de equipamentos europeus, e participa regularmente no processo de elabora\u00e7\u00e3o de Regulamentos e Diretivas junto dos competentes organismos da Uni\u00e3o Europeia em Bruxelas.<\/p>\n<p>A MG Equipamentos ir\u00e1 promover uma Sess\u00e3o\/Debate subordinada ao tema \u201cAs Inspec\u00e7\u00f5es na Uni\u00e3o Europeia\u201d, que ter\u00e1 lugar no Centro de Congressos da Exponor, Sala 554 Piso 1, dia 15 de Outubro \u00e0s 15h, onde ser\u00e1 orador o Sr. Jordi Brunet, cujo programa poder\u00e1 ser consultado em anexo.<\/p>\n<p>Ir\u00e1 tratar-se de uma boa oportunidade de obter esclarecimentos e informa\u00e7\u00f5es sobre os aspetos regulamentares das inspe\u00e7\u00f5es autom\u00f3veis, presentes e futuros, atendendo \u00e0 regular a\u00e7\u00e3o da EGEA\u00a0 junto dos principais organismos europeus que decidem estas mat\u00e9rias e ao profundo conhecimento sobre as mesmas por parte do Sr. Jordi Brunet, actual secret\u00e1rio geral desta organiza\u00e7\u00e3o.<\/p>\n<p>Ser\u00e1 feita uma breve apresenta\u00e7\u00e3o da EGEA e da respetiva atividade, reservando-se a maior parte da sess\u00e3o para os aspetos relacionados com as Inspe\u00e7\u00f5es autom\u00f3veis, sua caracteriza\u00e7\u00e3o em Portugal e nos restantes Estados-membros, e evolu\u00e7\u00e3o expect\u00e1vel segundo o novo Regulamento em prepara\u00e7\u00e3o.<\/p>\n<p>No restante hor\u00e1rio do dia 15 de Outubro e tamb\u00e9m no dia 16, o Sr. Jordi Brunet estar\u00e1 dispon\u00edvel no Stand da MG Equipamentos para prestar eventuais esclarecimentos sobre a actividade da EGEA, particularmente sobre novidades que se encontrem em processo de estudo e discuss\u00e3o t\u00e9cnica e que vir\u00e3o a ser transpostas para Normas e Regulamentos relacionados com os diversos tipos de equipamentos a cargo dos seus v\u00e1rios Grupos de Trabalho &#8211; Elevadores, Diagn\u00f3stico, Pneus, Reglosc\u00f3pios, Cabines de Pintura, Linhas de Inspec\u00e7\u00e3o, Sistemas de Exaust\u00e3o, Sistemas de Ar Condicionado, etc.<\/p>\n<p>A MG Equipamentos conta com a presen\u00e7a de todos os interessados na Sess\u00e3o\/Debate acima mencionada, ou no restante hor\u00e1rio no Stand da MG (Pav 4 C15b).<\/p>\n<p>&nbsp;<\/p>\n","protected":false},"excerpt":{"rendered":"<p>A MG Equipamentos volta a estar&#8230;<\/p>\n","protected":false},"author":15,"featured_media":24425,"comment_status":"closed","ping_status":"closed","sticky":false,"template":"","format":"standard","meta":{"footnotes":""},"categories":[29],"tags":[2706],"class_list":["post-24438","post","type-post","status-publish","format-standard","has-post-thumbnail","hentry","category-empresas","tag-mg-equipamentos"],"yoast_head":"<!-- This site is optimized with the Yoast SEO plugin v27.4 - https:\/\/yoast.com\/product\/yoast-seo-wordpress\/ -->\n<title>MG Equipamentos promove sess\u00e3o \u201cAs Inspe\u00e7\u00f5es na Uni\u00e3o Europeia\u201d - Jornal das Oficinas<\/title>\n<meta name=\"robots\" content=\"index, follow, max-snippet:-1, max-image-preview:large, max-video-preview:-1\" \/>\n<link rel=\"canonical\" href=\"https:\/\/jornaldasoficinas.com\/pt\/mg-equipamentos-promove-sessao-as-inspecoes-na-uniao-europeia\/\" \/>\n<meta property=\"og:locale\" content=\"pt_PT\" \/>\n<meta property=\"og:type\" content=\"article\" \/>\n<meta property=\"og:title\" content=\"MG Equipamentos promove sess\u00e3o \u201cAs Inspe\u00e7\u00f5es na Uni\u00e3o Europeia\u201d - Jornal das Oficinas\" \/>\n<meta property=\"og:description\" content=\"A MG Equipamentos volta a estar...\" \/>\n<meta property=\"og:url\" content=\"https:\/\/jornaldasoficinas.com\/pt\/mg-equipamentos-promove-sessao-as-inspecoes-na-uniao-europeia\/\" \/>\n<meta property=\"og:site_name\" content=\"Jornal das Oficinas\" \/>\n<meta property=\"article:publisher\" content=\"https:\/\/www.facebook.com\/jornaloficinas\" \/>\n<meta property=\"article:published_time\" content=\"2021-10-13T07:00:38+00:00\" \/>\n<meta property=\"article:modified_time\" content=\"2021-10-13T08:15:47+00:00\" \/>\n<meta property=\"og:image\" content=\"https:\/\/jornaldasoficinas.com\/pt\/wp-content\/uploads\/2021\/09\/MG-Equipamentos-promove.png\" \/>\n\t<meta property=\"og:image:width\" content=\"1024\" \/>\n\t<meta property=\"og:image:height\" content=\"581\" \/>\n\t<meta property=\"og:image:type\" content=\"image\/png\" \/>\n<meta name=\"author\" content=\"Reda\u00e7\u00e3o JO\" \/>\n<meta name=\"twitter:card\" content=\"summary_large_image\" \/>\n<meta name=\"twitter:creator\" content=\"@jornaloficinas\" \/>\n<meta name=\"twitter:site\" content=\"@jornaloficinas\" \/>\n<meta name=\"twitter:label1\" content=\"Escrito por\" \/>\n\t<meta name=\"twitter:data1\" content=\"Reda\u00e7\u00e3o JO\" \/>\n\t<meta name=\"twitter:label2\" content=\"Tempo estimado de leitura\" \/>\n\t<meta name=\"twitter:data2\" content=\"2 minutos\" \/>\n<script type=\"application\/ld+json\" class=\"yoast-schema-graph\">{\"@context\":\"https:\\\/\\\/schema.org\",\"@graph\":[{\"@type\":\"Article\",\"@id\":\"https:\\\/\\\/jornaldasoficinas.com\\\/pt\\\/mg-equipamentos-promove-sessao-as-inspecoes-na-uniao-europeia\\\/#article\",\"isPartOf\":{\"@id\":\"https:\\\/\\\/jornaldasoficinas.com\\\/pt\\\/mg-equipamentos-promove-sessao-as-inspecoes-na-uniao-europeia\\\/\"},\"author\":{\"name\":\"Reda\u00e7\u00e3o JO\",\"@id\":\"https:\\\/\\\/jornaldasoficinas.com\\\/pt\\\/#\\\/schema\\\/person\\\/a38eef5de2c41d9e7c9ac10141afddf3\"},\"headline\":\"MG Equipamentos promove sess\u00e3o \u201cAs Inspe\u00e7\u00f5es na Uni\u00e3o Europeia\u201d\",\"datePublished\":\"2021-10-13T07:00:38+00:00\",\"dateModified\":\"2021-10-13T08:15:47+00:00\",\"mainEntityOfPage\":{\"@id\":\"https:\\\/\\\/jornaldasoficinas.com\\\/pt\\\/mg-equipamentos-promove-sessao-as-inspecoes-na-uniao-europeia\\\/\"},\"wordCount\":424,\"publisher\":{\"@id\":\"https:\\\/\\\/jornaldasoficinas.com\\\/pt\\\/#organization\"},\"image\":{\"@id\":\"https:\\\/\\\/jornaldasoficinas.com\\\/pt\\\/mg-equipamentos-promove-sessao-as-inspecoes-na-uniao-europeia\\\/#primaryimage\"},\"thumbnailUrl\":\"https:\\\/\\\/jornaldasoficinas.com\\\/pt\\\/wp-content\\\/uploads\\\/2021\\\/09\\\/MG-Equipamentos-promove.png\",\"keywords\":[\"MG Equipamentos\"],\"articleSection\":[\"Empresas\"],\"inLanguage\":\"pt-PT\"},{\"@type\":\"WebPage\",\"@id\":\"https:\\\/\\\/jornaldasoficinas.com\\\/pt\\\/mg-equipamentos-promove-sessao-as-inspecoes-na-uniao-europeia\\\/\",\"url\":\"https:\\\/\\\/jornaldasoficinas.com\\\/pt\\\/mg-equipamentos-promove-sessao-as-inspecoes-na-uniao-europeia\\\/\",\"name\":\"MG Equipamentos promove sess\u00e3o \u201cAs Inspe\u00e7\u00f5es na Uni\u00e3o Europeia\u201d - Jornal das Oficinas\",\"isPartOf\":{\"@id\":\"https:\\\/\\\/jornaldasoficinas.com\\\/pt\\\/#website\"},\"primaryImageOfPage\":{\"@id\":\"https:\\\/\\\/jornaldasoficinas.com\\\/pt\\\/mg-equipamentos-promove-sessao-as-inspecoes-na-uniao-europeia\\\/#primaryimage\"},\"image\":{\"@id\":\"https:\\\/\\\/jornaldasoficinas.com\\\/pt\\\/mg-equipamentos-promove-sessao-as-inspecoes-na-uniao-europeia\\\/#primaryimage\"},\"thumbnailUrl\":\"https:\\\/\\\/jornaldasoficinas.com\\\/pt\\\/wp-content\\\/uploads\\\/2021\\\/09\\\/MG-Equipamentos-promove.png\",\"datePublished\":\"2021-10-13T07:00:38+00:00\",\"dateModified\":\"2021-10-13T08:15:47+00:00\",\"breadcrumb\":{\"@id\":\"https:\\\/\\\/jornaldasoficinas.com\\\/pt\\\/mg-equipamentos-promove-sessao-as-inspecoes-na-uniao-europeia\\\/#breadcrumb\"},\"inLanguage\":\"pt-PT\",\"potentialAction\":[{\"@type\":\"ReadAction\",\"target\":[\"https:\\\/\\\/jornaldasoficinas.com\\\/pt\\\/mg-equipamentos-promove-sessao-as-inspecoes-na-uniao-europeia\\\/\"]}]},{\"@type\":\"ImageObject\",\"inLanguage\":\"pt-PT\",\"@id\":\"https:\\\/\\\/jornaldasoficinas.com\\\/pt\\\/mg-equipamentos-promove-sessao-as-inspecoes-na-uniao-europeia\\\/#primaryimage\",\"url\":\"https:\\\/\\\/jornaldasoficinas.com\\\/pt\\\/wp-content\\\/uploads\\\/2021\\\/09\\\/MG-Equipamentos-promove.png\",\"contentUrl\":\"https:\\\/\\\/jornaldasoficinas.com\\\/pt\\\/wp-content\\\/uploads\\\/2021\\\/09\\\/MG-Equipamentos-promove.png\",\"width\":1024,\"height\":581,\"caption\":\"09 - MG-Equipamentos-promove\"},{\"@type\":\"BreadcrumbList\",\"@id\":\"https:\\\/\\\/jornaldasoficinas.com\\\/pt\\\/mg-equipamentos-promove-sessao-as-inspecoes-na-uniao-europeia\\\/#breadcrumb\",\"itemListElement\":[{\"@type\":\"ListItem\",\"position\":1,\"name\":\"In\u00edcio\",\"item\":\"https:\\\/\\\/jornaldasoficinas.com\\\/pt\\\/\"},{\"@type\":\"ListItem\",\"position\":2,\"name\":\"MG Equipamentos promove sess\u00e3o \u201cAs Inspe\u00e7\u00f5es na Uni\u00e3o Europeia\u201d\"}]},{\"@type\":\"WebSite\",\"@id\":\"https:\\\/\\\/jornaldasoficinas.com\\\/pt\\\/#website\",\"url\":\"https:\\\/\\\/jornaldasoficinas.com\\\/pt\\\/\",\"name\":\"Jornal das Oficinas\",\"description\":\"Jornal independente do Aftermarket Autom\u00f3vel em Portugal\",\"publisher\":{\"@id\":\"https:\\\/\\\/jornaldasoficinas.com\\\/pt\\\/#organization\"},\"potentialAction\":[{\"@type\":\"SearchAction\",\"target\":{\"@type\":\"EntryPoint\",\"urlTemplate\":\"https:\\\/\\\/jornaldasoficinas.com\\\/pt\\\/?s={search_term_string}\"},\"query-input\":{\"@type\":\"PropertyValueSpecification\",\"valueRequired\":true,\"valueName\":\"search_term_string\"}}],\"inLanguage\":\"pt-PT\"},{\"@type\":\"Organization\",\"@id\":\"https:\\\/\\\/jornaldasoficinas.com\\\/pt\\\/#organization\",\"name\":\"Jornal das Oficinas\",\"url\":\"https:\\\/\\\/jornaldasoficinas.com\\\/pt\\\/\",\"logo\":{\"@type\":\"ImageObject\",\"inLanguage\":\"pt-PT\",\"@id\":\"https:\\\/\\\/jornaldasoficinas.com\\\/pt\\\/#\\\/schema\\\/logo\\\/image\\\/\",\"url\":\"https:\\\/\\\/jornaldasoficinas.com\\\/pt\\\/wp-content\\\/uploads\\\/logoJO-SEO.png\",\"contentUrl\":\"https:\\\/\\\/jornaldasoficinas.com\\\/pt\\\/wp-content\\\/uploads\\\/logoJO-SEO.png\",\"width\":285,\"height\":450,\"caption\":\"Jornal das Oficinas\"},\"image\":{\"@id\":\"https:\\\/\\\/jornaldasoficinas.com\\\/pt\\\/#\\\/schema\\\/logo\\\/image\\\/\"},\"sameAs\":[\"https:\\\/\\\/www.facebook.com\\\/jornaloficinas\",\"https:\\\/\\\/x.com\\\/jornaloficinas\",\"https:\\\/\\\/www.instagram.com\\\/jornal_oficinas\\\/\",\"https:\\\/\\\/www.linkedin.com\\\/company\\\/jornal-das-oficinas\\\/\",\"https:\\\/\\\/www.youtube.com\\\/channel\\\/UCbQZBqtcvV-oSQrr7RzINGg\"]},{\"@type\":\"Person\",\"@id\":\"https:\\\/\\\/jornaldasoficinas.com\\\/pt\\\/#\\\/schema\\\/person\\\/a38eef5de2c41d9e7c9ac10141afddf3\",\"name\":\"Reda\u00e7\u00e3o JO\",\"image\":{\"@type\":\"ImageObject\",\"inLanguage\":\"pt-PT\",\"@id\":\"https:\\\/\\\/secure.gravatar.com\\\/avatar\\\/71f2fa71737ad68a84fea94bc708ddac8ea5b0c4788dc2ad202f3ccb2887742f?s=96&d=wp_user_avatar&r=g\",\"url\":\"https:\\\/\\\/secure.gravatar.com\\\/avatar\\\/71f2fa71737ad68a84fea94bc708ddac8ea5b0c4788dc2ad202f3ccb2887742f?s=96&d=wp_user_avatar&r=g\",\"contentUrl\":\"https:\\\/\\\/secure.gravatar.com\\\/avatar\\\/71f2fa71737ad68a84fea94bc708ddac8ea5b0c4788dc2ad202f3ccb2887742f?s=96&d=wp_user_avatar&r=g\",\"caption\":\"Reda\u00e7\u00e3o JO\"},\"url\":\"https:\\\/\\\/jornaldasoficinas.com\\\/pt\\\/author\\\/joredacao\\\/\"}]}<\/script>\n<!-- \/ Yoast SEO plugin. -->","yoast_head_json":{"title":"MG Equipamentos promove sess\u00e3o \u201cAs Inspe\u00e7\u00f5es na Uni\u00e3o Europeia\u201d - Jornal das Oficinas","robots":{"index":"index","follow":"follow","max-snippet":"max-snippet:-1","max-image-preview":"max-image-preview:large","max-video-preview":"max-video-preview:-1"},"canonical":"https:\/\/jornaldasoficinas.com\/pt\/mg-equipamentos-promove-sessao-as-inspecoes-na-uniao-europeia\/","og_locale":"pt_PT","og_type":"article","og_title":"MG Equipamentos promove sess\u00e3o \u201cAs Inspe\u00e7\u00f5es na Uni\u00e3o Europeia\u201d - Jornal das Oficinas","og_description":"A MG Equipamentos volta a estar...","og_url":"https:\/\/jornaldasoficinas.com\/pt\/mg-equipamentos-promove-sessao-as-inspecoes-na-uniao-europeia\/","og_site_name":"Jornal das Oficinas","article_publisher":"https:\/\/www.facebook.com\/jornaloficinas","article_published_time":"2021-10-13T07:00:38+00:00","article_modified_time":"2021-10-13T08:15:47+00:00","og_image":[{"width":1024,"height":581,"url":"https:\/\/jornaldasoficinas.com\/pt\/wp-content\/uploads\/2021\/09\/MG-Equipamentos-promove.png","type":"image\/png"}],"author":"Reda\u00e7\u00e3o JO","twitter_card":"summary_large_image","twitter_creator":"@jornaloficinas","twitter_site":"@jornaloficinas","twitter_misc":{"Escrito por":"Reda\u00e7\u00e3o JO","Tempo estimado de leitura":"2 minutos"},"schema":{"@context":"https:\/\/schema.org","@graph":[{"@type":"Article","@id":"https:\/\/jornaldasoficinas.com\/pt\/mg-equipamentos-promove-sessao-as-inspecoes-na-uniao-europeia\/#article","isPartOf":{"@id":"https:\/\/jornaldasoficinas.com\/pt\/mg-equipamentos-promove-sessao-as-inspecoes-na-uniao-europeia\/"},"author":{"name":"Reda\u00e7\u00e3o JO","@id":"https:\/\/jornaldasoficinas.com\/pt\/#\/schema\/person\/a38eef5de2c41d9e7c9ac10141afddf3"},"headline":"MG Equipamentos promove sess\u00e3o \u201cAs Inspe\u00e7\u00f5es na Uni\u00e3o Europeia\u201d","datePublished":"2021-10-13T07:00:38+00:00","dateModified":"2021-10-13T08:15:47+00:00","mainEntityOfPage":{"@id":"https:\/\/jornaldasoficinas.com\/pt\/mg-equipamentos-promove-sessao-as-inspecoes-na-uniao-europeia\/"},"wordCount":424,"publisher":{"@id":"https:\/\/jornaldasoficinas.com\/pt\/#organization"},"image":{"@id":"https:\/\/jornaldasoficinas.com\/pt\/mg-equipamentos-promove-sessao-as-inspecoes-na-uniao-europeia\/#primaryimage"},"thumbnailUrl":"https:\/\/jornaldasoficinas.com\/pt\/wp-content\/uploads\/2021\/09\/MG-Equipamentos-promove.png","keywords":["MG Equipamentos"],"articleSection":["Empresas"],"inLanguage":"pt-PT"},{"@type":"WebPage","@id":"https:\/\/jornaldasoficinas.com\/pt\/mg-equipamentos-promove-sessao-as-inspecoes-na-uniao-europeia\/","url":"https:\/\/jornaldasoficinas.com\/pt\/mg-equipamentos-promove-sessao-as-inspecoes-na-uniao-europeia\/","name":"MG Equipamentos promove sess\u00e3o \u201cAs Inspe\u00e7\u00f5es na Uni\u00e3o Europeia\u201d - Jornal das Oficinas","isPartOf":{"@id":"https:\/\/jornaldasoficinas.com\/pt\/#website"},"primaryImageOfPage":{"@id":"https:\/\/jornaldasoficinas.com\/pt\/mg-equipamentos-promove-sessao-as-inspecoes-na-uniao-europeia\/#primaryimage"},"image":{"@id":"https:\/\/jornaldasoficinas.com\/pt\/mg-equipamentos-promove-sessao-as-inspecoes-na-uniao-europeia\/#primaryimage"},"thumbnailUrl":"https:\/\/jornaldasoficinas.com\/pt\/wp-content\/uploads\/2021\/09\/MG-Equipamentos-promove.png","datePublished":"2021-10-13T07:00:38+00:00","dateModified":"2021-10-13T08:15:47+00:00","breadcrumb":{"@id":"https:\/\/jornaldasoficinas.com\/pt\/mg-equipamentos-promove-sessao-as-inspecoes-na-uniao-europeia\/#breadcrumb"},"inLanguage":"pt-PT","potentialAction":[{"@type":"ReadAction","target":["https:\/\/jornaldasoficinas.com\/pt\/mg-equipamentos-promove-sessao-as-inspecoes-na-uniao-europeia\/"]}]},{"@type":"ImageObject","inLanguage":"pt-PT","@id":"https:\/\/jornaldasoficinas.com\/pt\/mg-equipamentos-promove-sessao-as-inspecoes-na-uniao-europeia\/#primaryimage","url":"https:\/\/jornaldasoficinas.com\/pt\/wp-content\/uploads\/2021\/09\/MG-Equipamentos-promove.png","contentUrl":"https:\/\/jornaldasoficinas.com\/pt\/wp-content\/uploads\/2021\/09\/MG-Equipamentos-promove.png","width":1024,"height":581,"caption":"09 - MG-Equipamentos-promove"},{"@type":"BreadcrumbList","@id":"https:\/\/jornaldasoficinas.com\/pt\/mg-equipamentos-promove-sessao-as-inspecoes-na-uniao-europeia\/#breadcrumb","itemListElement":[{"@type":"ListItem","position":1,"name":"In\u00edcio","item":"https:\/\/jornaldasoficinas.com\/pt\/"},{"@type":"ListItem","position":2,"name":"MG Equipamentos promove sess\u00e3o \u201cAs Inspe\u00e7\u00f5es na Uni\u00e3o Europeia\u201d"}]},{"@type":"WebSite","@id":"https:\/\/jornaldasoficinas.com\/pt\/#website","url":"https:\/\/jornaldasoficinas.com\/pt\/","name":"Jornal das Oficinas","description":"Jornal independente do Aftermarket Autom\u00f3vel em Portugal","publisher":{"@id":"https:\/\/jornaldasoficinas.com\/pt\/#organization"},"potentialAction":[{"@type":"SearchAction","target":{"@type":"EntryPoint","urlTemplate":"https:\/\/jornaldasoficinas.com\/pt\/?s={search_term_string}"},"query-input":{"@type":"PropertyValueSpecification","valueRequired":true,"valueName":"search_term_string"}}],"inLanguage":"pt-PT"},{"@type":"Organization","@id":"https:\/\/jornaldasoficinas.com\/pt\/#organization","name":"Jornal das Oficinas","url":"https:\/\/jornaldasoficinas.com\/pt\/","logo":{"@type":"ImageObject","inLanguage":"pt-PT","@id":"https:\/\/jornaldasoficinas.com\/pt\/#\/schema\/logo\/image\/","url":"https:\/\/jornaldasoficinas.com\/pt\/wp-content\/uploads\/logoJO-SEO.png","contentUrl":"https:\/\/jornaldasoficinas.com\/pt\/wp-content\/uploads\/logoJO-SEO.png","width":285,"height":450,"caption":"Jornal das Oficinas"},"image":{"@id":"https:\/\/jornaldasoficinas.com\/pt\/#\/schema\/logo\/image\/"},"sameAs":["https:\/\/www.facebook.com\/jornaloficinas","https:\/\/x.com\/jornaloficinas","https:\/\/www.instagram.com\/jornal_oficinas\/","https:\/\/www.linkedin.com\/company\/jornal-das-oficinas\/","https:\/\/www.youtube.com\/channel\/UCbQZBqtcvV-oSQrr7RzINGg"]},{"@type":"Person","@id":"https:\/\/jornaldasoficinas.com\/pt\/#\/schema\/person\/a38eef5de2c41d9e7c9ac10141afddf3","name":"Reda\u00e7\u00e3o JO","image":{"@type":"ImageObject","inLanguage":"pt-PT","@id":"https:\/\/secure.gravatar.com\/avatar\/71f2fa71737ad68a84fea94bc708ddac8ea5b0c4788dc2ad202f3ccb2887742f?s=96&d=wp_user_avatar&r=g","url":"https:\/\/secure.gravatar.com\/avatar\/71f2fa71737ad68a84fea94bc708ddac8ea5b0c4788dc2ad202f3ccb2887742f?s=96&d=wp_user_avatar&r=g","contentUrl":"https:\/\/secure.gravatar.com\/avatar\/71f2fa71737ad68a84fea94bc708ddac8ea5b0c4788dc2ad202f3ccb2887742f?s=96&d=wp_user_avatar&r=g","caption":"Reda\u00e7\u00e3o JO"},"url":"https:\/\/jornaldasoficinas.com\/pt\/author\/joredacao\/"}]}},"_links":{"self":[{"href":"https:\/\/jornaldasoficinas.com\/pt\/wp-json\/wp\/v2\/posts\/24438","targetHints":{"allow":["GET"]}}],"collection":[{"href":"https:\/\/jornaldasoficinas.com\/pt\/wp-json\/wp\/v2\/posts"}],"about":[{"href":"https:\/\/jornaldasoficinas.com\/pt\/wp-json\/wp\/v2\/types\/post"}],"author":[{"embeddable":true,"href":"https:\/\/jornaldasoficinas.com\/pt\/wp-json\/wp\/v2\/users\/15"}],"replies":[{"embeddable":true,"href":"https:\/\/jornaldasoficinas.com\/pt\/wp-json\/wp\/v2\/comments?post=24438"}],"version-history":[{"count":0,"href":"https:\/\/jornaldasoficinas.com\/pt\/wp-json\/wp\/v2\/posts\/24438\/revisions"}],"wp:featuredmedia":[{"embeddable":true,"href":"https:\/\/jornaldasoficinas.com\/pt\/wp-json\/wp\/v2\/media\/24425"}],"wp:attachment":[{"href":"https:\/\/jornaldasoficinas.com\/pt\/wp-json\/wp\/v2\/media?parent=24438"}],"wp:term":[{"taxonomy":"category","embeddable":true,"href":"https:\/\/jornaldasoficinas.com\/pt\/wp-json\/wp\/v2\/categories?post=24438"},{"taxonomy":"post_tag","embeddable":true,"href":"https:\/\/jornaldasoficinas.com\/pt\/wp-json\/wp\/v2\/tags?post=24438"}],"curies":[{"name":"wp","href":"https:\/\/api.w.org\/{rel}","templated":true}]}}