{"id":24447,"date":"2021-10-13T16:00:17","date_gmt":"2021-10-13T15:00:17","guid":{"rendered":"https:\/\/jornaldasoficinas.com\/pt\/?p=24447"},"modified":"2021-10-13T09:31:07","modified_gmt":"2021-10-13T08:31:07","slug":"nova-unidade-industrial-da-borgwarner-em-portugal","status":"publish","type":"post","link":"https:\/\/jornaldasoficinas.com\/pt\/nova-unidade-industrial-da-borgwarner-em-portugal\/","title":{"rendered":"Nova Unidade Industrial da BorgWarner em Portugal"},"content":{"rendered":"<p><strong><img loading=\"lazy\" decoding=\"async\" class=\"alignnone size-full wp-image-24428\" src=\"https:\/\/jornaldasoficinas.com\/pt\/wp-content\/uploads\/2021\/09\/Nova-Unidade-Industrial-da-BorgWarner.jpg\" alt=\"09 - Nova-Unidade-Industrial-da-BorgWarner\" width=\"1024\" height=\"581\" srcset=\"https:\/\/jornaldasoficinas.com\/pt\/wp-content\/uploads\/2021\/09\/Nova-Unidade-Industrial-da-BorgWarner.jpg 1024w, https:\/\/jornaldasoficinas.com\/pt\/wp-content\/uploads\/2021\/09\/Nova-Unidade-Industrial-da-BorgWarner-300x170.jpg 300w, https:\/\/jornaldasoficinas.com\/pt\/wp-content\/uploads\/2021\/09\/Nova-Unidade-Industrial-da-BorgWarner-150x85.jpg 150w, https:\/\/jornaldasoficinas.com\/pt\/wp-content\/uploads\/2021\/09\/Nova-Unidade-Industrial-da-BorgWarner-768x436.jpg 768w\" sizes=\"auto, (max-width: 1024px) 100vw, 1024px\" \/><\/strong><\/p>\n<p><strong>Foi esta semana lan\u00e7ada\u00a0a\u00a0primeira pedra da nova unidade industrial, em Viana do Castelo da BorgWarner, grupo norte-americano especialista na produ\u00e7\u00e3o de componentes para a ind\u00fastria autom\u00f3vel<\/strong><\/p>\n<p>A\u00a0nova f\u00e1brica\u00a0da Borgwarner, a ser\u00a0constru\u00edda\u00a0no Parque Empresarial de Lanheses, em\u00a0Viana do Castelo, ter\u00e1 uma localiza\u00e7\u00e3o pr\u00f3xima \u00e0 unidade do grupo j\u00e1 existente no mesmo parque. Ser\u00e1 um\u00a0edif\u00edcio industrial\u00a0com cerca de\u00a017 mil m2,\u00a0concebido para obten\u00e7\u00e3o da Certifica\u00e7\u00e3o LEED, um certificado internacional que avalia a sustentabilidade dos edif\u00edcios desde o\u00a0design\u00a0\u00e0 manuten\u00e7\u00e3o, passando pela constru\u00e7\u00e3o e\u00a0opera\u00e7\u00e3o.\u00a0A\u00a0conclus\u00e3o da empreitada\u00a0est\u00e1\u00a0prevista para 2022\u00a0e permitir\u00e1 criar\u00a0cerca de\u00a0300 novos postos de trabalho\u00a0na regi\u00e3o.<\/p>\n<p>A cerim\u00f3nia de lan\u00e7amento da primeira pedra, que assinala o in\u00edcio dos trabalhos, decorre hoje, a partir das 12h00, contando com a presen\u00e7a do primeiro-ministro, Ant\u00f3nio Costa,\u00a0do presidente cessante da\u00a0C\u00e2mara Municipal de Viana do Castelo,\u00a0Jos\u00e9 Maria Costa, e de Lu\u00eds Nobre,\u00a0eleito em setembro, assim como dos respons\u00e1veis da BorgWarner.<\/p>\n<p>Com\u00a0know-how\u00a0comprovado, traduzido num vasto portef\u00f3lio e do qual fazem parte nos \u00faltimos anos v\u00e1rios projetos\u00a0em que predominou o investimento estrangeiro,\u00a0a Garcia Garcia\u00a0volta a associar-se a\u00a0uma grande multinacional que mant\u00e9m a sua aposta em Portugal.\u00a0Em 2014, a BorgWarner confiou \u00e0 construtora portuguesa o projeto e constru\u00e7\u00e3o do seu complexo industrial em Viana do Castelo, assinalando um marco para a regi\u00e3o. O projeto, na altura reconhecido como de Potencial Interesse Nacional (PIN), permitiu \u00e0 multinacional norte-americana aumentar a sua capacidade e flexibilidade produtiva em Portugal.<\/p>\n<p>Dando agora continuidade ao trajeto, a BorgWarner renova a confian\u00e7a na Garcia para o projeto e constru\u00e7\u00e3o de uma nova unidade industrial, que ser\u00e1 dedicada \u00e0 produ\u00e7\u00e3o de motores el\u00e9tricos.\u00a0A construtora participa, assim, em mais uma obra para o ramo autom\u00f3vel na regi\u00e3o de Viana do Castelo, onde est\u00e1 instalado um verdadeiro\u00a0cluster\u00a0de empresas do setor.<\/p>\n<p>O Grupo BorgWarner\u00a0\u00e9 l\u00edder\u00a0mundial em solu\u00e7\u00f5es de tecnologia limpa e eficiente para ve\u00edculos de combust\u00e3o, h\u00edbridos e el\u00e9tricos. Com f\u00e1bricas e instala\u00e7\u00f5es t\u00e9cnicas em 96 localiza\u00e7\u00f5es, distribu\u00eddas por 24 pa\u00edses, a empresa emprega cerca de 50 mil pessoas. Este grupo norte-americano \u00e9 um dos maiores produtores mundiais de componentes para a ind\u00fastria autom\u00f3vel e tem como foco acelerar rumo \u00e0 eletrifica\u00e7\u00e3o, pretendendo proporcionar solu\u00e7\u00f5es de mobilidade inovadoras e sustent\u00e1veis para este mercado, no qual trabalha para as maiores e mais prestigiadas marcas de autom\u00f3veis. Em Portugal, a BorgWarner emprega cerca de 950 trabalhadores, encontrando-se j\u00e1 a recrutar trabalhadores para esta nova unidade, que dever\u00e1 iniciar produ\u00e7\u00e3o em 2023.<\/p>\n","protected":false},"excerpt":{"rendered":"<p>Foi esta semana lan\u00e7ada\u00a0a\u00a0primeira pedra da&#8230;<\/p>\n","protected":false},"author":15,"featured_media":24428,"comment_status":"closed","ping_status":"closed","sticky":false,"template":"","format":"standard","meta":{"footnotes":""},"categories":[29],"tags":[2180],"class_list":["post-24447","post","type-post","status-publish","format-standard","has-post-thumbnail","hentry","category-empresas","tag-borgwarner"],"yoast_head":"<!-- This site is optimized with the Yoast SEO plugin v27.4 - https:\/\/yoast.com\/product\/yoast-seo-wordpress\/ -->\n<title>Nova Unidade Industrial da BorgWarner em Portugal - Jornal das Oficinas<\/title>\n<meta name=\"robots\" content=\"index, follow, max-snippet:-1, max-image-preview:large, max-video-preview:-1\" \/>\n<link rel=\"canonical\" href=\"https:\/\/jornaldasoficinas.com\/pt\/nova-unidade-industrial-da-borgwarner-em-portugal\/\" \/>\n<meta property=\"og:locale\" content=\"pt_PT\" \/>\n<meta property=\"og:type\" content=\"article\" \/>\n<meta property=\"og:title\" content=\"Nova Unidade Industrial da BorgWarner em Portugal - Jornal das Oficinas\" \/>\n<meta property=\"og:description\" content=\"Foi esta semana lan\u00e7ada\u00a0a\u00a0primeira pedra da...\" \/>\n<meta property=\"og:url\" content=\"https:\/\/jornaldasoficinas.com\/pt\/nova-unidade-industrial-da-borgwarner-em-portugal\/\" \/>\n<meta property=\"og:site_name\" content=\"Jornal das Oficinas\" \/>\n<meta property=\"article:publisher\" content=\"https:\/\/www.facebook.com\/jornaloficinas\" \/>\n<meta property=\"article:published_time\" content=\"2021-10-13T15:00:17+00:00\" \/>\n<meta property=\"og:image\" content=\"https:\/\/jornaldasoficinas.com\/pt\/wp-content\/uploads\/2021\/09\/Nova-Unidade-Industrial-da-BorgWarner.jpg\" \/>\n\t<meta property=\"og:image:width\" content=\"1024\" \/>\n\t<meta property=\"og:image:height\" content=\"581\" \/>\n\t<meta property=\"og:image:type\" content=\"image\/jpeg\" \/>\n<meta name=\"author\" content=\"Reda\u00e7\u00e3o JO\" \/>\n<meta name=\"twitter:card\" content=\"summary_large_image\" \/>\n<meta name=\"twitter:creator\" content=\"@jornaloficinas\" \/>\n<meta name=\"twitter:site\" content=\"@jornaloficinas\" \/>\n<meta name=\"twitter:label1\" content=\"Escrito por\" \/>\n\t<meta name=\"twitter:data1\" content=\"Reda\u00e7\u00e3o JO\" \/>\n\t<meta name=\"twitter:label2\" content=\"Tempo estimado de leitura\" \/>\n\t<meta name=\"twitter:data2\" content=\"2 minutos\" \/>\n<script type=\"application\/ld+json\" class=\"yoast-schema-graph\">{\"@context\":\"https:\\\/\\\/schema.org\",\"@graph\":[{\"@type\":\"Article\",\"@id\":\"https:\\\/\\\/jornaldasoficinas.com\\\/pt\\\/nova-unidade-industrial-da-borgwarner-em-portugal\\\/#article\",\"isPartOf\":{\"@id\":\"https:\\\/\\\/jornaldasoficinas.com\\\/pt\\\/nova-unidade-industrial-da-borgwarner-em-portugal\\\/\"},\"author\":{\"name\":\"Reda\u00e7\u00e3o JO\",\"@id\":\"https:\\\/\\\/jornaldasoficinas.com\\\/pt\\\/#\\\/schema\\\/person\\\/a38eef5de2c41d9e7c9ac10141afddf3\"},\"headline\":\"Nova Unidade Industrial da BorgWarner em Portugal\",\"datePublished\":\"2021-10-13T15:00:17+00:00\",\"mainEntityOfPage\":{\"@id\":\"https:\\\/\\\/jornaldasoficinas.com\\\/pt\\\/nova-unidade-industrial-da-borgwarner-em-portugal\\\/\"},\"wordCount\":469,\"publisher\":{\"@id\":\"https:\\\/\\\/jornaldasoficinas.com\\\/pt\\\/#organization\"},\"image\":{\"@id\":\"https:\\\/\\\/jornaldasoficinas.com\\\/pt\\\/nova-unidade-industrial-da-borgwarner-em-portugal\\\/#primaryimage\"},\"thumbnailUrl\":\"https:\\\/\\\/jornaldasoficinas.com\\\/pt\\\/wp-content\\\/uploads\\\/2021\\\/09\\\/Nova-Unidade-Industrial-da-BorgWarner.jpg\",\"keywords\":[\"BorgWarner\"],\"articleSection\":[\"Empresas\"],\"inLanguage\":\"pt-PT\"},{\"@type\":\"WebPage\",\"@id\":\"https:\\\/\\\/jornaldasoficinas.com\\\/pt\\\/nova-unidade-industrial-da-borgwarner-em-portugal\\\/\",\"url\":\"https:\\\/\\\/jornaldasoficinas.com\\\/pt\\\/nova-unidade-industrial-da-borgwarner-em-portugal\\\/\",\"name\":\"Nova Unidade Industrial da BorgWarner em Portugal - Jornal das Oficinas\",\"isPartOf\":{\"@id\":\"https:\\\/\\\/jornaldasoficinas.com\\\/pt\\\/#website\"},\"primaryImageOfPage\":{\"@id\":\"https:\\\/\\\/jornaldasoficinas.com\\\/pt\\\/nova-unidade-industrial-da-borgwarner-em-portugal\\\/#primaryimage\"},\"image\":{\"@id\":\"https:\\\/\\\/jornaldasoficinas.com\\\/pt\\\/nova-unidade-industrial-da-borgwarner-em-portugal\\\/#primaryimage\"},\"thumbnailUrl\":\"https:\\\/\\\/jornaldasoficinas.com\\\/pt\\\/wp-content\\\/uploads\\\/2021\\\/09\\\/Nova-Unidade-Industrial-da-BorgWarner.jpg\",\"datePublished\":\"2021-10-13T15:00:17+00:00\",\"breadcrumb\":{\"@id\":\"https:\\\/\\\/jornaldasoficinas.com\\\/pt\\\/nova-unidade-industrial-da-borgwarner-em-portugal\\\/#breadcrumb\"},\"inLanguage\":\"pt-PT\",\"potentialAction\":[{\"@type\":\"ReadAction\",\"target\":[\"https:\\\/\\\/jornaldasoficinas.com\\\/pt\\\/nova-unidade-industrial-da-borgwarner-em-portugal\\\/\"]}]},{\"@type\":\"ImageObject\",\"inLanguage\":\"pt-PT\",\"@id\":\"https:\\\/\\\/jornaldasoficinas.com\\\/pt\\\/nova-unidade-industrial-da-borgwarner-em-portugal\\\/#primaryimage\",\"url\":\"https:\\\/\\\/jornaldasoficinas.com\\\/pt\\\/wp-content\\\/uploads\\\/2021\\\/09\\\/Nova-Unidade-Industrial-da-BorgWarner.jpg\",\"contentUrl\":\"https:\\\/\\\/jornaldasoficinas.com\\\/pt\\\/wp-content\\\/uploads\\\/2021\\\/09\\\/Nova-Unidade-Industrial-da-BorgWarner.jpg\",\"width\":1024,\"height\":581,\"caption\":\"09 - Nova-Unidade-Industrial-da-BorgWarner\"},{\"@type\":\"BreadcrumbList\",\"@id\":\"https:\\\/\\\/jornaldasoficinas.com\\\/pt\\\/nova-unidade-industrial-da-borgwarner-em-portugal\\\/#breadcrumb\",\"itemListElement\":[{\"@type\":\"ListItem\",\"position\":1,\"name\":\"In\u00edcio\",\"item\":\"https:\\\/\\\/jornaldasoficinas.com\\\/pt\\\/\"},{\"@type\":\"ListItem\",\"position\":2,\"name\":\"Nova Unidade Industrial da BorgWarner em Portugal\"}]},{\"@type\":\"WebSite\",\"@id\":\"https:\\\/\\\/jornaldasoficinas.com\\\/pt\\\/#website\",\"url\":\"https:\\\/\\\/jornaldasoficinas.com\\\/pt\\\/\",\"name\":\"Jornal das Oficinas\",\"description\":\"Jornal independente do Aftermarket Autom\u00f3vel em Portugal\",\"publisher\":{\"@id\":\"https:\\\/\\\/jornaldasoficinas.com\\\/pt\\\/#organization\"},\"potentialAction\":[{\"@type\":\"SearchAction\",\"target\":{\"@type\":\"EntryPoint\",\"urlTemplate\":\"https:\\\/\\\/jornaldasoficinas.com\\\/pt\\\/?s={search_term_string}\"},\"query-input\":{\"@type\":\"PropertyValueSpecification\",\"valueRequired\":true,\"valueName\":\"search_term_string\"}}],\"inLanguage\":\"pt-PT\"},{\"@type\":\"Organization\",\"@id\":\"https:\\\/\\\/jornaldasoficinas.com\\\/pt\\\/#organization\",\"name\":\"Jornal das Oficinas\",\"url\":\"https:\\\/\\\/jornaldasoficinas.com\\\/pt\\\/\",\"logo\":{\"@type\":\"ImageObject\",\"inLanguage\":\"pt-PT\",\"@id\":\"https:\\\/\\\/jornaldasoficinas.com\\\/pt\\\/#\\\/schema\\\/logo\\\/image\\\/\",\"url\":\"https:\\\/\\\/jornaldasoficinas.com\\\/pt\\\/wp-content\\\/uploads\\\/logoJO-SEO.png\",\"contentUrl\":\"https:\\\/\\\/jornaldasoficinas.com\\\/pt\\\/wp-content\\\/uploads\\\/logoJO-SEO.png\",\"width\":285,\"height\":450,\"caption\":\"Jornal das Oficinas\"},\"image\":{\"@id\":\"https:\\\/\\\/jornaldasoficinas.com\\\/pt\\\/#\\\/schema\\\/logo\\\/image\\\/\"},\"sameAs\":[\"https:\\\/\\\/www.facebook.com\\\/jornaloficinas\",\"https:\\\/\\\/x.com\\\/jornaloficinas\",\"https:\\\/\\\/www.instagram.com\\\/jornal_oficinas\\\/\",\"https:\\\/\\\/www.linkedin.com\\\/company\\\/jornal-das-oficinas\\\/\",\"https:\\\/\\\/www.youtube.com\\\/channel\\\/UCbQZBqtcvV-oSQrr7RzINGg\"]},{\"@type\":\"Person\",\"@id\":\"https:\\\/\\\/jornaldasoficinas.com\\\/pt\\\/#\\\/schema\\\/person\\\/a38eef5de2c41d9e7c9ac10141afddf3\",\"name\":\"Reda\u00e7\u00e3o JO\",\"image\":{\"@type\":\"ImageObject\",\"inLanguage\":\"pt-PT\",\"@id\":\"https:\\\/\\\/secure.gravatar.com\\\/avatar\\\/71f2fa71737ad68a84fea94bc708ddac8ea5b0c4788dc2ad202f3ccb2887742f?s=96&d=wp_user_avatar&r=g\",\"url\":\"https:\\\/\\\/secure.gravatar.com\\\/avatar\\\/71f2fa71737ad68a84fea94bc708ddac8ea5b0c4788dc2ad202f3ccb2887742f?s=96&d=wp_user_avatar&r=g\",\"contentUrl\":\"https:\\\/\\\/secure.gravatar.com\\\/avatar\\\/71f2fa71737ad68a84fea94bc708ddac8ea5b0c4788dc2ad202f3ccb2887742f?s=96&d=wp_user_avatar&r=g\",\"caption\":\"Reda\u00e7\u00e3o JO\"},\"url\":\"https:\\\/\\\/jornaldasoficinas.com\\\/pt\\\/author\\\/joredacao\\\/\"}]}<\/script>\n<!-- \/ Yoast SEO plugin. -->","yoast_head_json":{"title":"Nova Unidade Industrial da BorgWarner em Portugal - Jornal das Oficinas","robots":{"index":"index","follow":"follow","max-snippet":"max-snippet:-1","max-image-preview":"max-image-preview:large","max-video-preview":"max-video-preview:-1"},"canonical":"https:\/\/jornaldasoficinas.com\/pt\/nova-unidade-industrial-da-borgwarner-em-portugal\/","og_locale":"pt_PT","og_type":"article","og_title":"Nova Unidade Industrial da BorgWarner em Portugal - Jornal das Oficinas","og_description":"Foi esta semana lan\u00e7ada\u00a0a\u00a0primeira pedra da...","og_url":"https:\/\/jornaldasoficinas.com\/pt\/nova-unidade-industrial-da-borgwarner-em-portugal\/","og_site_name":"Jornal das Oficinas","article_publisher":"https:\/\/www.facebook.com\/jornaloficinas","article_published_time":"2021-10-13T15:00:17+00:00","og_image":[{"width":1024,"height":581,"url":"https:\/\/jornaldasoficinas.com\/pt\/wp-content\/uploads\/2021\/09\/Nova-Unidade-Industrial-da-BorgWarner.jpg","type":"image\/jpeg"}],"author":"Reda\u00e7\u00e3o JO","twitter_card":"summary_large_image","twitter_creator":"@jornaloficinas","twitter_site":"@jornaloficinas","twitter_misc":{"Escrito por":"Reda\u00e7\u00e3o JO","Tempo estimado de leitura":"2 minutos"},"schema":{"@context":"https:\/\/schema.org","@graph":[{"@type":"Article","@id":"https:\/\/jornaldasoficinas.com\/pt\/nova-unidade-industrial-da-borgwarner-em-portugal\/#article","isPartOf":{"@id":"https:\/\/jornaldasoficinas.com\/pt\/nova-unidade-industrial-da-borgwarner-em-portugal\/"},"author":{"name":"Reda\u00e7\u00e3o JO","@id":"https:\/\/jornaldasoficinas.com\/pt\/#\/schema\/person\/a38eef5de2c41d9e7c9ac10141afddf3"},"headline":"Nova Unidade Industrial da BorgWarner em Portugal","datePublished":"2021-10-13T15:00:17+00:00","mainEntityOfPage":{"@id":"https:\/\/jornaldasoficinas.com\/pt\/nova-unidade-industrial-da-borgwarner-em-portugal\/"},"wordCount":469,"publisher":{"@id":"https:\/\/jornaldasoficinas.com\/pt\/#organization"},"image":{"@id":"https:\/\/jornaldasoficinas.com\/pt\/nova-unidade-industrial-da-borgwarner-em-portugal\/#primaryimage"},"thumbnailUrl":"https:\/\/jornaldasoficinas.com\/pt\/wp-content\/uploads\/2021\/09\/Nova-Unidade-Industrial-da-BorgWarner.jpg","keywords":["BorgWarner"],"articleSection":["Empresas"],"inLanguage":"pt-PT"},{"@type":"WebPage","@id":"https:\/\/jornaldasoficinas.com\/pt\/nova-unidade-industrial-da-borgwarner-em-portugal\/","url":"https:\/\/jornaldasoficinas.com\/pt\/nova-unidade-industrial-da-borgwarner-em-portugal\/","name":"Nova Unidade Industrial da BorgWarner em Portugal - Jornal das Oficinas","isPartOf":{"@id":"https:\/\/jornaldasoficinas.com\/pt\/#website"},"primaryImageOfPage":{"@id":"https:\/\/jornaldasoficinas.com\/pt\/nova-unidade-industrial-da-borgwarner-em-portugal\/#primaryimage"},"image":{"@id":"https:\/\/jornaldasoficinas.com\/pt\/nova-unidade-industrial-da-borgwarner-em-portugal\/#primaryimage"},"thumbnailUrl":"https:\/\/jornaldasoficinas.com\/pt\/wp-content\/uploads\/2021\/09\/Nova-Unidade-Industrial-da-BorgWarner.jpg","datePublished":"2021-10-13T15:00:17+00:00","breadcrumb":{"@id":"https:\/\/jornaldasoficinas.com\/pt\/nova-unidade-industrial-da-borgwarner-em-portugal\/#breadcrumb"},"inLanguage":"pt-PT","potentialAction":[{"@type":"ReadAction","target":["https:\/\/jornaldasoficinas.com\/pt\/nova-unidade-industrial-da-borgwarner-em-portugal\/"]}]},{"@type":"ImageObject","inLanguage":"pt-PT","@id":"https:\/\/jornaldasoficinas.com\/pt\/nova-unidade-industrial-da-borgwarner-em-portugal\/#primaryimage","url":"https:\/\/jornaldasoficinas.com\/pt\/wp-content\/uploads\/2021\/09\/Nova-Unidade-Industrial-da-BorgWarner.jpg","contentUrl":"https:\/\/jornaldasoficinas.com\/pt\/wp-content\/uploads\/2021\/09\/Nova-Unidade-Industrial-da-BorgWarner.jpg","width":1024,"height":581,"caption":"09 - Nova-Unidade-Industrial-da-BorgWarner"},{"@type":"BreadcrumbList","@id":"https:\/\/jornaldasoficinas.com\/pt\/nova-unidade-industrial-da-borgwarner-em-portugal\/#breadcrumb","itemListElement":[{"@type":"ListItem","position":1,"name":"In\u00edcio","item":"https:\/\/jornaldasoficinas.com\/pt\/"},{"@type":"ListItem","position":2,"name":"Nova Unidade Industrial da BorgWarner em Portugal"}]},{"@type":"WebSite","@id":"https:\/\/jornaldasoficinas.com\/pt\/#website","url":"https:\/\/jornaldasoficinas.com\/pt\/","name":"Jornal das Oficinas","description":"Jornal independente do Aftermarket Autom\u00f3vel em Portugal","publisher":{"@id":"https:\/\/jornaldasoficinas.com\/pt\/#organization"},"potentialAction":[{"@type":"SearchAction","target":{"@type":"EntryPoint","urlTemplate":"https:\/\/jornaldasoficinas.com\/pt\/?s={search_term_string}"},"query-input":{"@type":"PropertyValueSpecification","valueRequired":true,"valueName":"search_term_string"}}],"inLanguage":"pt-PT"},{"@type":"Organization","@id":"https:\/\/jornaldasoficinas.com\/pt\/#organization","name":"Jornal das Oficinas","url":"https:\/\/jornaldasoficinas.com\/pt\/","logo":{"@type":"ImageObject","inLanguage":"pt-PT","@id":"https:\/\/jornaldasoficinas.com\/pt\/#\/schema\/logo\/image\/","url":"https:\/\/jornaldasoficinas.com\/pt\/wp-content\/uploads\/logoJO-SEO.png","contentUrl":"https:\/\/jornaldasoficinas.com\/pt\/wp-content\/uploads\/logoJO-SEO.png","width":285,"height":450,"caption":"Jornal das Oficinas"},"image":{"@id":"https:\/\/jornaldasoficinas.com\/pt\/#\/schema\/logo\/image\/"},"sameAs":["https:\/\/www.facebook.com\/jornaloficinas","https:\/\/x.com\/jornaloficinas","https:\/\/www.instagram.com\/jornal_oficinas\/","https:\/\/www.linkedin.com\/company\/jornal-das-oficinas\/","https:\/\/www.youtube.com\/channel\/UCbQZBqtcvV-oSQrr7RzINGg"]},{"@type":"Person","@id":"https:\/\/jornaldasoficinas.com\/pt\/#\/schema\/person\/a38eef5de2c41d9e7c9ac10141afddf3","name":"Reda\u00e7\u00e3o JO","image":{"@type":"ImageObject","inLanguage":"pt-PT","@id":"https:\/\/secure.gravatar.com\/avatar\/71f2fa71737ad68a84fea94bc708ddac8ea5b0c4788dc2ad202f3ccb2887742f?s=96&d=wp_user_avatar&r=g","url":"https:\/\/secure.gravatar.com\/avatar\/71f2fa71737ad68a84fea94bc708ddac8ea5b0c4788dc2ad202f3ccb2887742f?s=96&d=wp_user_avatar&r=g","contentUrl":"https:\/\/secure.gravatar.com\/avatar\/71f2fa71737ad68a84fea94bc708ddac8ea5b0c4788dc2ad202f3ccb2887742f?s=96&d=wp_user_avatar&r=g","caption":"Reda\u00e7\u00e3o JO"},"url":"https:\/\/jornaldasoficinas.com\/pt\/author\/joredacao\/"}]}},"_links":{"self":[{"href":"https:\/\/jornaldasoficinas.com\/pt\/wp-json\/wp\/v2\/posts\/24447","targetHints":{"allow":["GET"]}}],"collection":[{"href":"https:\/\/jornaldasoficinas.com\/pt\/wp-json\/wp\/v2\/posts"}],"about":[{"href":"https:\/\/jornaldasoficinas.com\/pt\/wp-json\/wp\/v2\/types\/post"}],"author":[{"embeddable":true,"href":"https:\/\/jornaldasoficinas.com\/pt\/wp-json\/wp\/v2\/users\/15"}],"replies":[{"embeddable":true,"href":"https:\/\/jornaldasoficinas.com\/pt\/wp-json\/wp\/v2\/comments?post=24447"}],"version-history":[{"count":0,"href":"https:\/\/jornaldasoficinas.com\/pt\/wp-json\/wp\/v2\/posts\/24447\/revisions"}],"wp:featuredmedia":[{"embeddable":true,"href":"https:\/\/jornaldasoficinas.com\/pt\/wp-json\/wp\/v2\/media\/24428"}],"wp:attachment":[{"href":"https:\/\/jornaldasoficinas.com\/pt\/wp-json\/wp\/v2\/media?parent=24447"}],"wp:term":[{"taxonomy":"category","embeddable":true,"href":"https:\/\/jornaldasoficinas.com\/pt\/wp-json\/wp\/v2\/categories?post=24447"},{"taxonomy":"post_tag","embeddable":true,"href":"https:\/\/jornaldasoficinas.com\/pt\/wp-json\/wp\/v2\/tags?post=24447"}],"curies":[{"name":"wp","href":"https:\/\/api.w.org\/{rel}","templated":true}]}}