{"id":24543,"date":"2021-10-18T10:00:46","date_gmt":"2021-10-18T09:00:46","guid":{"rendered":"https:\/\/jornaldasoficinas.com\/pt\/?p=24543"},"modified":"2021-10-15T10:26:22","modified_gmt":"2021-10-15T09:26:22","slug":"constellation-automotive-group-compra-carnext","status":"publish","type":"post","link":"https:\/\/jornaldasoficinas.com\/pt\/constellation-automotive-group-compra-carnext\/","title":{"rendered":"Constellation Automotive Group compra CarNext"},"content":{"rendered":"<p><strong><img loading=\"lazy\" decoding=\"async\" class=\"alignnone size-full wp-image-24530\" src=\"https:\/\/jornaldasoficinas.com\/pt\/wp-content\/uploads\/2021\/09\/Constellation-Automotive-Group.jpg\" alt=\"09 - Constellation-Automotive-Group\" width=\"1024\" height=\"581\" srcset=\"https:\/\/jornaldasoficinas.com\/pt\/wp-content\/uploads\/2021\/09\/Constellation-Automotive-Group.jpg 1024w, https:\/\/jornaldasoficinas.com\/pt\/wp-content\/uploads\/2021\/09\/Constellation-Automotive-Group-300x170.jpg 300w, https:\/\/jornaldasoficinas.com\/pt\/wp-content\/uploads\/2021\/09\/Constellation-Automotive-Group-150x85.jpg 150w, https:\/\/jornaldasoficinas.com\/pt\/wp-content\/uploads\/2021\/09\/Constellation-Automotive-Group-768x436.jpg 768w\" sizes=\"auto, (max-width: 1024px) 100vw, 1024px\" \/><\/strong><\/p>\n<p><strong>O Constellation Automotive Group acaba de anunciar a aquisi\u00e7\u00e3o da <a href=\"https:\/\/www.carnext.com\/pt-pt\/\" target=\"_blank\" rel=\"noopener\">CarNext<\/a> &#8211; um dos principais marketplaces digitais de venda de autom\u00f3veis usados nos segmentos B2B e B2C, presente em 22 pa\u00edses na Europa<\/strong><\/p>\n<p>A combina\u00e7\u00e3o da CarNext e do Constellation d\u00e1 origem ao maior marketplace digital de carros usados da Europa, com vendas anuais de mais de 2.5 milh\u00f5es de carros e um GMV (Gross Merchandise Value) de 21 mil milh\u00f5es de euros.<\/p>\n<p>Como principal player do mercado digital de carros usados na Europa, o Constellation negoceia em tr\u00eas marketplaces completamente digitais:<\/p>\n<ul>\n<li>BCA, o marketplace de carros usados totalmente digital n.\u00ba1 no segmento Business-to-Business (B2B) na Europa, com a venda de perto de 1.7 milh\u00f5es de autom\u00f3veis por ano em 14 pa\u00edses atrav\u00e9s da sua plataforma e aplica\u00e7\u00e3o de leil\u00f5es online, em nome de concession\u00e1rios, empresas de leasing, bancos e outros clientes corporativos.<\/li>\n<\/ul>\n<ul>\n<li>cinch, o markeplace online de carros usados l\u00edder no Reino Unido no segmento Business-to-Consumer (B2C), que est\u00e1 a transformar a forma como os consumidores compram carros usados ao permitir realizar o processo inteiramente online em milhares de ve\u00edculos. O cinch foi lan\u00e7ado h\u00e1 12 meses e tornou-se rapidamente no maior player puramente online no Reino Unido e o que est\u00e1 a crescer mais rapidamente.<\/li>\n<\/ul>\n<ul>\n<li>WeBuyAnyCar, a principal plataforma de compra de carros online no segmento Consumer-to-Business (C2B) no Reino Unido, providenciando mais de 16 milh\u00f5es de avalia\u00e7\u00f5es de carros usados por ano e permitindo que cerca de 600 mil consumidores vendam o seu carro online todos os anos da forma mais eficiente e r\u00e1pida.<\/li>\n<\/ul>\n<p>Estes mercados s\u00e3o apoiados pela mais extensa e integrada infraestrutura de dados e tecnologia, prepara\u00e7\u00e3o de autom\u00f3veis, imagiologia, armazenamento e rede de transporte em toda a Europa.<\/p>\n<p>A CarNext, que j\u00e1 \u00e9 um dos principais marketplaces B2C e B2B na Europa continental, dever\u00e1 vender 40 mil carros em 2021 atrav\u00e9s do seu mercado digital B2C e 210 mil ve\u00edculos na sua plataforma de leil\u00f5es online para B2B. A CarNext beneficia de um acordo de longo prazo com a LeasePlan, uma das maiores empresas de leasing de carros do mundo, para o fornecimento anual de 250 mil carros usados de elevada qualidade para venda nos seus mercados B2C e B2B. A plataforma digital de leil\u00f5es B2B da CarNext opera em 22 pa\u00edses atrav\u00e9s de uma rede de parceiros de compra, e o marketplace B2C j\u00e1 est\u00e1 presente em sete dos maiores mercados europeus.<\/p>\n<p>A aquisi\u00e7\u00e3o da CarNext expande o modelo de mercado C2B, B2B e B2C integrado verticalmente da Constellation atrav\u00e9s de sete dos maiores pa\u00edses na Europa e permite que o Grupo atinja uma escala inigual\u00e1vel, com um volume de vendas anual atual superior aos 100 mil carros no mercado B2C, dois milh\u00f5es de ve\u00edculos no segmento B2B e 600 mil autom\u00f3veis no marketplace C2B.<\/p>\n<p>Os marketplaces, a tecnologia, os dados e as infraestruturas do Constellation j\u00e1 s\u00e3o a espinha dorsal do mercado de carros usados na Europa. A aquisi\u00e7\u00e3o da Carnext permitir\u00e1 combinar a sua an\u00e1lise de dados de propriedade e os dados do seu hist\u00f3rico de transa\u00e7\u00f5es na Europa com os dados do Constellation, criando a principal base de dados de carros usados da Europa.<\/p>\n<p>\u00c9 esperado que esta transa\u00e7\u00e3o impulsione ainda mais o crescimento j\u00e1 gal\u00e1ctico da Constellation em todo o Reino Unido e na Europa continental, e surge depois de o Grupo combinado ter angariado mais de dois mil milh\u00f5es de euros este ano.<\/p>\n<p>Avril Palmer-Baunack, Presidente Executivo da Constellation afirmou \u201cEstou muito satisfeita por a CarNext se juntar ao Grupo Constellation. A CarNext foi uma das primeiras empresas na Europa a digitalizar a experi\u00eancia de compra de carros usados e estamos ansiosos por combinar a escala dos nossos marketplaces e liderar a transforma\u00e7\u00e3o digital do mercado europeu de autom\u00f3veis usados. Os dados e a excel\u00eancia tecnol\u00f3gica s\u00e3o centrais para a Constellation continuar a inovar e os dados de propriedade e os extensos dados de transa\u00e7\u00f5es da CarNext dar\u00e3o \u00e0 Constellation uma vantagem. A equipa da Constellation e eu estamos ansiosos por acolher a CarNext no Grupo \u00e0 medida que avan\u00e7amos para a pr\u00f3xima fase do nosso crescimento na Europa\u201d.<\/p>\n<p>Sophie Krishnan, Chief Executive Office da CarNext: \u201cA CarNext \u00e9 um \u2018fit\u2019 perfeito para a Constellation e estou entusiasmada com a ades\u00e3o ao Grupo. A CarNext est\u00e1 focada em permitir que os seus cientes encontrem, financiem, comprem ou vendam um carro usado inteiramente online num local em que possam confiar. A possibilidade de crescimento nos nossos principais mercados europeus \u00e9 excecional e fazer parte do Constellation ir\u00e1 permitir acelerar a nossa din\u00e2mica e construir um l\u00edder de mercado.\u201d<\/p>\n<p>Thibaut Large, Partner da TDR Capital, principal acionista do Constellation referiu \u201cO mercado de carros usados \u00e9 um dos \u00faltimos basti\u00f5es do mercado retalhista a n\u00e3o estar digitalizado. Tal como o mercado das viagens, da eletr\u00f3nica ou vestu\u00e1rio, \u00e9 s\u00f3 uma quest\u00e3o de tempo. O Constellation, com o seu modelo vertical integrado C2B, B2B e B2C, est\u00e1 a liderar o caminho ao transformar a forma como os consumidores e profissionais compram e vendem os seus carros usados online. Esta combina\u00e7\u00e3o posiciona o Grupo para fazer incurs\u00f5es maci\u00e7as no mercado autom\u00f3vel europeu, que vale 400 mil milh\u00f5es de euros. Com um capital novo de 2 mil milh\u00f5es de euros, o Constellation \u00e9 o neg\u00f3cio mais bem capitalizado do setor e tem um enorme poder para uma expans\u00e3o na Europa\u201d.<\/p>\n","protected":false},"excerpt":{"rendered":"<p>O Constellation Automotive Group acaba de&#8230;<\/p>\n","protected":false},"author":15,"featured_media":24530,"comment_status":"closed","ping_status":"closed","sticky":false,"template":"","format":"standard","meta":{"footnotes":""},"categories":[37],"tags":[2457],"class_list":["post-24543","post","type-post","status-publish","format-standard","has-post-thumbnail","hentry","category-mercado","tag-carnext"],"yoast_head":"<!-- This site is optimized with the Yoast SEO plugin v27.4 - https:\/\/yoast.com\/product\/yoast-seo-wordpress\/ -->\n<title>Constellation Automotive Group compra CarNext - Jornal das Oficinas<\/title>\n<meta name=\"robots\" content=\"index, follow, max-snippet:-1, max-image-preview:large, max-video-preview:-1\" \/>\n<link rel=\"canonical\" href=\"https:\/\/jornaldasoficinas.com\/pt\/constellation-automotive-group-compra-carnext\/\" \/>\n<meta property=\"og:locale\" content=\"pt_PT\" \/>\n<meta property=\"og:type\" content=\"article\" \/>\n<meta property=\"og:title\" content=\"Constellation Automotive Group compra CarNext - Jornal das Oficinas\" \/>\n<meta property=\"og:description\" content=\"O Constellation Automotive Group acaba de...\" \/>\n<meta property=\"og:url\" content=\"https:\/\/jornaldasoficinas.com\/pt\/constellation-automotive-group-compra-carnext\/\" \/>\n<meta property=\"og:site_name\" content=\"Jornal das Oficinas\" \/>\n<meta property=\"article:publisher\" content=\"https:\/\/www.facebook.com\/jornaloficinas\" \/>\n<meta property=\"article:published_time\" content=\"2021-10-18T09:00:46+00:00\" \/>\n<meta property=\"og:image\" content=\"https:\/\/jornaldasoficinas.com\/pt\/wp-content\/uploads\/2021\/09\/Constellation-Automotive-Group.jpg\" \/>\n\t<meta property=\"og:image:width\" content=\"1024\" \/>\n\t<meta property=\"og:image:height\" content=\"581\" \/>\n\t<meta property=\"og:image:type\" content=\"image\/jpeg\" \/>\n<meta name=\"author\" content=\"Reda\u00e7\u00e3o JO\" \/>\n<meta name=\"twitter:card\" content=\"summary_large_image\" \/>\n<meta name=\"twitter:creator\" content=\"@jornaloficinas\" \/>\n<meta name=\"twitter:site\" content=\"@jornaloficinas\" \/>\n<meta name=\"twitter:label1\" content=\"Escrito por\" \/>\n\t<meta name=\"twitter:data1\" content=\"Reda\u00e7\u00e3o JO\" \/>\n\t<meta name=\"twitter:label2\" content=\"Tempo estimado de leitura\" \/>\n\t<meta name=\"twitter:data2\" content=\"5 minutos\" \/>\n<script type=\"application\/ld+json\" class=\"yoast-schema-graph\">{\"@context\":\"https:\\\/\\\/schema.org\",\"@graph\":[{\"@type\":\"Article\",\"@id\":\"https:\\\/\\\/jornaldasoficinas.com\\\/pt\\\/constellation-automotive-group-compra-carnext\\\/#article\",\"isPartOf\":{\"@id\":\"https:\\\/\\\/jornaldasoficinas.com\\\/pt\\\/constellation-automotive-group-compra-carnext\\\/\"},\"author\":{\"name\":\"Reda\u00e7\u00e3o JO\",\"@id\":\"https:\\\/\\\/jornaldasoficinas.com\\\/pt\\\/#\\\/schema\\\/person\\\/a38eef5de2c41d9e7c9ac10141afddf3\"},\"headline\":\"Constellation Automotive Group compra CarNext\",\"datePublished\":\"2021-10-18T09:00:46+00:00\",\"mainEntityOfPage\":{\"@id\":\"https:\\\/\\\/jornaldasoficinas.com\\\/pt\\\/constellation-automotive-group-compra-carnext\\\/\"},\"wordCount\":958,\"publisher\":{\"@id\":\"https:\\\/\\\/jornaldasoficinas.com\\\/pt\\\/#organization\"},\"image\":{\"@id\":\"https:\\\/\\\/jornaldasoficinas.com\\\/pt\\\/constellation-automotive-group-compra-carnext\\\/#primaryimage\"},\"thumbnailUrl\":\"https:\\\/\\\/jornaldasoficinas.com\\\/pt\\\/wp-content\\\/uploads\\\/2021\\\/09\\\/Constellation-Automotive-Group.jpg\",\"keywords\":[\"CarNext\"],\"articleSection\":[\"Mercado\"],\"inLanguage\":\"pt-PT\"},{\"@type\":\"WebPage\",\"@id\":\"https:\\\/\\\/jornaldasoficinas.com\\\/pt\\\/constellation-automotive-group-compra-carnext\\\/\",\"url\":\"https:\\\/\\\/jornaldasoficinas.com\\\/pt\\\/constellation-automotive-group-compra-carnext\\\/\",\"name\":\"Constellation Automotive Group compra CarNext - Jornal das Oficinas\",\"isPartOf\":{\"@id\":\"https:\\\/\\\/jornaldasoficinas.com\\\/pt\\\/#website\"},\"primaryImageOfPage\":{\"@id\":\"https:\\\/\\\/jornaldasoficinas.com\\\/pt\\\/constellation-automotive-group-compra-carnext\\\/#primaryimage\"},\"image\":{\"@id\":\"https:\\\/\\\/jornaldasoficinas.com\\\/pt\\\/constellation-automotive-group-compra-carnext\\\/#primaryimage\"},\"thumbnailUrl\":\"https:\\\/\\\/jornaldasoficinas.com\\\/pt\\\/wp-content\\\/uploads\\\/2021\\\/09\\\/Constellation-Automotive-Group.jpg\",\"datePublished\":\"2021-10-18T09:00:46+00:00\",\"breadcrumb\":{\"@id\":\"https:\\\/\\\/jornaldasoficinas.com\\\/pt\\\/constellation-automotive-group-compra-carnext\\\/#breadcrumb\"},\"inLanguage\":\"pt-PT\",\"potentialAction\":[{\"@type\":\"ReadAction\",\"target\":[\"https:\\\/\\\/jornaldasoficinas.com\\\/pt\\\/constellation-automotive-group-compra-carnext\\\/\"]}]},{\"@type\":\"ImageObject\",\"inLanguage\":\"pt-PT\",\"@id\":\"https:\\\/\\\/jornaldasoficinas.com\\\/pt\\\/constellation-automotive-group-compra-carnext\\\/#primaryimage\",\"url\":\"https:\\\/\\\/jornaldasoficinas.com\\\/pt\\\/wp-content\\\/uploads\\\/2021\\\/09\\\/Constellation-Automotive-Group.jpg\",\"contentUrl\":\"https:\\\/\\\/jornaldasoficinas.com\\\/pt\\\/wp-content\\\/uploads\\\/2021\\\/09\\\/Constellation-Automotive-Group.jpg\",\"width\":1024,\"height\":581,\"caption\":\"09 - Constellation-Automotive-Group\"},{\"@type\":\"BreadcrumbList\",\"@id\":\"https:\\\/\\\/jornaldasoficinas.com\\\/pt\\\/constellation-automotive-group-compra-carnext\\\/#breadcrumb\",\"itemListElement\":[{\"@type\":\"ListItem\",\"position\":1,\"name\":\"In\u00edcio\",\"item\":\"https:\\\/\\\/jornaldasoficinas.com\\\/pt\\\/\"},{\"@type\":\"ListItem\",\"position\":2,\"name\":\"Constellation Automotive Group compra CarNext\"}]},{\"@type\":\"WebSite\",\"@id\":\"https:\\\/\\\/jornaldasoficinas.com\\\/pt\\\/#website\",\"url\":\"https:\\\/\\\/jornaldasoficinas.com\\\/pt\\\/\",\"name\":\"Jornal das Oficinas\",\"description\":\"Jornal independente do Aftermarket Autom\u00f3vel em Portugal\",\"publisher\":{\"@id\":\"https:\\\/\\\/jornaldasoficinas.com\\\/pt\\\/#organization\"},\"potentialAction\":[{\"@type\":\"SearchAction\",\"target\":{\"@type\":\"EntryPoint\",\"urlTemplate\":\"https:\\\/\\\/jornaldasoficinas.com\\\/pt\\\/?s={search_term_string}\"},\"query-input\":{\"@type\":\"PropertyValueSpecification\",\"valueRequired\":true,\"valueName\":\"search_term_string\"}}],\"inLanguage\":\"pt-PT\"},{\"@type\":\"Organization\",\"@id\":\"https:\\\/\\\/jornaldasoficinas.com\\\/pt\\\/#organization\",\"name\":\"Jornal das Oficinas\",\"url\":\"https:\\\/\\\/jornaldasoficinas.com\\\/pt\\\/\",\"logo\":{\"@type\":\"ImageObject\",\"inLanguage\":\"pt-PT\",\"@id\":\"https:\\\/\\\/jornaldasoficinas.com\\\/pt\\\/#\\\/schema\\\/logo\\\/image\\\/\",\"url\":\"https:\\\/\\\/jornaldasoficinas.com\\\/pt\\\/wp-content\\\/uploads\\\/logoJO-SEO.png\",\"contentUrl\":\"https:\\\/\\\/jornaldasoficinas.com\\\/pt\\\/wp-content\\\/uploads\\\/logoJO-SEO.png\",\"width\":285,\"height\":450,\"caption\":\"Jornal das Oficinas\"},\"image\":{\"@id\":\"https:\\\/\\\/jornaldasoficinas.com\\\/pt\\\/#\\\/schema\\\/logo\\\/image\\\/\"},\"sameAs\":[\"https:\\\/\\\/www.facebook.com\\\/jornaloficinas\",\"https:\\\/\\\/x.com\\\/jornaloficinas\",\"https:\\\/\\\/www.instagram.com\\\/jornal_oficinas\\\/\",\"https:\\\/\\\/www.linkedin.com\\\/company\\\/jornal-das-oficinas\\\/\",\"https:\\\/\\\/www.youtube.com\\\/channel\\\/UCbQZBqtcvV-oSQrr7RzINGg\"]},{\"@type\":\"Person\",\"@id\":\"https:\\\/\\\/jornaldasoficinas.com\\\/pt\\\/#\\\/schema\\\/person\\\/a38eef5de2c41d9e7c9ac10141afddf3\",\"name\":\"Reda\u00e7\u00e3o JO\",\"image\":{\"@type\":\"ImageObject\",\"inLanguage\":\"pt-PT\",\"@id\":\"https:\\\/\\\/secure.gravatar.com\\\/avatar\\\/71f2fa71737ad68a84fea94bc708ddac8ea5b0c4788dc2ad202f3ccb2887742f?s=96&d=wp_user_avatar&r=g\",\"url\":\"https:\\\/\\\/secure.gravatar.com\\\/avatar\\\/71f2fa71737ad68a84fea94bc708ddac8ea5b0c4788dc2ad202f3ccb2887742f?s=96&d=wp_user_avatar&r=g\",\"contentUrl\":\"https:\\\/\\\/secure.gravatar.com\\\/avatar\\\/71f2fa71737ad68a84fea94bc708ddac8ea5b0c4788dc2ad202f3ccb2887742f?s=96&d=wp_user_avatar&r=g\",\"caption\":\"Reda\u00e7\u00e3o JO\"},\"url\":\"https:\\\/\\\/jornaldasoficinas.com\\\/pt\\\/author\\\/joredacao\\\/\"}]}<\/script>\n<!-- \/ Yoast SEO plugin. -->","yoast_head_json":{"title":"Constellation Automotive Group compra CarNext - Jornal das Oficinas","robots":{"index":"index","follow":"follow","max-snippet":"max-snippet:-1","max-image-preview":"max-image-preview:large","max-video-preview":"max-video-preview:-1"},"canonical":"https:\/\/jornaldasoficinas.com\/pt\/constellation-automotive-group-compra-carnext\/","og_locale":"pt_PT","og_type":"article","og_title":"Constellation Automotive Group compra CarNext - Jornal das Oficinas","og_description":"O Constellation Automotive Group acaba de...","og_url":"https:\/\/jornaldasoficinas.com\/pt\/constellation-automotive-group-compra-carnext\/","og_site_name":"Jornal das Oficinas","article_publisher":"https:\/\/www.facebook.com\/jornaloficinas","article_published_time":"2021-10-18T09:00:46+00:00","og_image":[{"width":1024,"height":581,"url":"https:\/\/jornaldasoficinas.com\/pt\/wp-content\/uploads\/2021\/09\/Constellation-Automotive-Group.jpg","type":"image\/jpeg"}],"author":"Reda\u00e7\u00e3o JO","twitter_card":"summary_large_image","twitter_creator":"@jornaloficinas","twitter_site":"@jornaloficinas","twitter_misc":{"Escrito por":"Reda\u00e7\u00e3o JO","Tempo estimado de leitura":"5 minutos"},"schema":{"@context":"https:\/\/schema.org","@graph":[{"@type":"Article","@id":"https:\/\/jornaldasoficinas.com\/pt\/constellation-automotive-group-compra-carnext\/#article","isPartOf":{"@id":"https:\/\/jornaldasoficinas.com\/pt\/constellation-automotive-group-compra-carnext\/"},"author":{"name":"Reda\u00e7\u00e3o JO","@id":"https:\/\/jornaldasoficinas.com\/pt\/#\/schema\/person\/a38eef5de2c41d9e7c9ac10141afddf3"},"headline":"Constellation Automotive Group compra CarNext","datePublished":"2021-10-18T09:00:46+00:00","mainEntityOfPage":{"@id":"https:\/\/jornaldasoficinas.com\/pt\/constellation-automotive-group-compra-carnext\/"},"wordCount":958,"publisher":{"@id":"https:\/\/jornaldasoficinas.com\/pt\/#organization"},"image":{"@id":"https:\/\/jornaldasoficinas.com\/pt\/constellation-automotive-group-compra-carnext\/#primaryimage"},"thumbnailUrl":"https:\/\/jornaldasoficinas.com\/pt\/wp-content\/uploads\/2021\/09\/Constellation-Automotive-Group.jpg","keywords":["CarNext"],"articleSection":["Mercado"],"inLanguage":"pt-PT"},{"@type":"WebPage","@id":"https:\/\/jornaldasoficinas.com\/pt\/constellation-automotive-group-compra-carnext\/","url":"https:\/\/jornaldasoficinas.com\/pt\/constellation-automotive-group-compra-carnext\/","name":"Constellation Automotive Group compra CarNext - Jornal das Oficinas","isPartOf":{"@id":"https:\/\/jornaldasoficinas.com\/pt\/#website"},"primaryImageOfPage":{"@id":"https:\/\/jornaldasoficinas.com\/pt\/constellation-automotive-group-compra-carnext\/#primaryimage"},"image":{"@id":"https:\/\/jornaldasoficinas.com\/pt\/constellation-automotive-group-compra-carnext\/#primaryimage"},"thumbnailUrl":"https:\/\/jornaldasoficinas.com\/pt\/wp-content\/uploads\/2021\/09\/Constellation-Automotive-Group.jpg","datePublished":"2021-10-18T09:00:46+00:00","breadcrumb":{"@id":"https:\/\/jornaldasoficinas.com\/pt\/constellation-automotive-group-compra-carnext\/#breadcrumb"},"inLanguage":"pt-PT","potentialAction":[{"@type":"ReadAction","target":["https:\/\/jornaldasoficinas.com\/pt\/constellation-automotive-group-compra-carnext\/"]}]},{"@type":"ImageObject","inLanguage":"pt-PT","@id":"https:\/\/jornaldasoficinas.com\/pt\/constellation-automotive-group-compra-carnext\/#primaryimage","url":"https:\/\/jornaldasoficinas.com\/pt\/wp-content\/uploads\/2021\/09\/Constellation-Automotive-Group.jpg","contentUrl":"https:\/\/jornaldasoficinas.com\/pt\/wp-content\/uploads\/2021\/09\/Constellation-Automotive-Group.jpg","width":1024,"height":581,"caption":"09 - Constellation-Automotive-Group"},{"@type":"BreadcrumbList","@id":"https:\/\/jornaldasoficinas.com\/pt\/constellation-automotive-group-compra-carnext\/#breadcrumb","itemListElement":[{"@type":"ListItem","position":1,"name":"In\u00edcio","item":"https:\/\/jornaldasoficinas.com\/pt\/"},{"@type":"ListItem","position":2,"name":"Constellation Automotive Group compra CarNext"}]},{"@type":"WebSite","@id":"https:\/\/jornaldasoficinas.com\/pt\/#website","url":"https:\/\/jornaldasoficinas.com\/pt\/","name":"Jornal das Oficinas","description":"Jornal independente do Aftermarket Autom\u00f3vel em Portugal","publisher":{"@id":"https:\/\/jornaldasoficinas.com\/pt\/#organization"},"potentialAction":[{"@type":"SearchAction","target":{"@type":"EntryPoint","urlTemplate":"https:\/\/jornaldasoficinas.com\/pt\/?s={search_term_string}"},"query-input":{"@type":"PropertyValueSpecification","valueRequired":true,"valueName":"search_term_string"}}],"inLanguage":"pt-PT"},{"@type":"Organization","@id":"https:\/\/jornaldasoficinas.com\/pt\/#organization","name":"Jornal das Oficinas","url":"https:\/\/jornaldasoficinas.com\/pt\/","logo":{"@type":"ImageObject","inLanguage":"pt-PT","@id":"https:\/\/jornaldasoficinas.com\/pt\/#\/schema\/logo\/image\/","url":"https:\/\/jornaldasoficinas.com\/pt\/wp-content\/uploads\/logoJO-SEO.png","contentUrl":"https:\/\/jornaldasoficinas.com\/pt\/wp-content\/uploads\/logoJO-SEO.png","width":285,"height":450,"caption":"Jornal das Oficinas"},"image":{"@id":"https:\/\/jornaldasoficinas.com\/pt\/#\/schema\/logo\/image\/"},"sameAs":["https:\/\/www.facebook.com\/jornaloficinas","https:\/\/x.com\/jornaloficinas","https:\/\/www.instagram.com\/jornal_oficinas\/","https:\/\/www.linkedin.com\/company\/jornal-das-oficinas\/","https:\/\/www.youtube.com\/channel\/UCbQZBqtcvV-oSQrr7RzINGg"]},{"@type":"Person","@id":"https:\/\/jornaldasoficinas.com\/pt\/#\/schema\/person\/a38eef5de2c41d9e7c9ac10141afddf3","name":"Reda\u00e7\u00e3o JO","image":{"@type":"ImageObject","inLanguage":"pt-PT","@id":"https:\/\/secure.gravatar.com\/avatar\/71f2fa71737ad68a84fea94bc708ddac8ea5b0c4788dc2ad202f3ccb2887742f?s=96&d=wp_user_avatar&r=g","url":"https:\/\/secure.gravatar.com\/avatar\/71f2fa71737ad68a84fea94bc708ddac8ea5b0c4788dc2ad202f3ccb2887742f?s=96&d=wp_user_avatar&r=g","contentUrl":"https:\/\/secure.gravatar.com\/avatar\/71f2fa71737ad68a84fea94bc708ddac8ea5b0c4788dc2ad202f3ccb2887742f?s=96&d=wp_user_avatar&r=g","caption":"Reda\u00e7\u00e3o JO"},"url":"https:\/\/jornaldasoficinas.com\/pt\/author\/joredacao\/"}]}},"_links":{"self":[{"href":"https:\/\/jornaldasoficinas.com\/pt\/wp-json\/wp\/v2\/posts\/24543","targetHints":{"allow":["GET"]}}],"collection":[{"href":"https:\/\/jornaldasoficinas.com\/pt\/wp-json\/wp\/v2\/posts"}],"about":[{"href":"https:\/\/jornaldasoficinas.com\/pt\/wp-json\/wp\/v2\/types\/post"}],"author":[{"embeddable":true,"href":"https:\/\/jornaldasoficinas.com\/pt\/wp-json\/wp\/v2\/users\/15"}],"replies":[{"embeddable":true,"href":"https:\/\/jornaldasoficinas.com\/pt\/wp-json\/wp\/v2\/comments?post=24543"}],"version-history":[{"count":0,"href":"https:\/\/jornaldasoficinas.com\/pt\/wp-json\/wp\/v2\/posts\/24543\/revisions"}],"wp:featuredmedia":[{"embeddable":true,"href":"https:\/\/jornaldasoficinas.com\/pt\/wp-json\/wp\/v2\/media\/24530"}],"wp:attachment":[{"href":"https:\/\/jornaldasoficinas.com\/pt\/wp-json\/wp\/v2\/media?parent=24543"}],"wp:term":[{"taxonomy":"category","embeddable":true,"href":"https:\/\/jornaldasoficinas.com\/pt\/wp-json\/wp\/v2\/categories?post=24543"},{"taxonomy":"post_tag","embeddable":true,"href":"https:\/\/jornaldasoficinas.com\/pt\/wp-json\/wp\/v2\/tags?post=24543"}],"curies":[{"name":"wp","href":"https:\/\/api.w.org\/{rel}","templated":true}]}}