{"id":24545,"date":"2021-10-18T12:00:28","date_gmt":"2021-10-18T11:00:28","guid":{"rendered":"https:\/\/jornaldasoficinas.com\/pt\/?p=24545"},"modified":"2021-10-15T16:17:41","modified_gmt":"2021-10-15T15:17:41","slug":"delphi-technologies-aposta-em-programa-global-de-eletrificacao","status":"publish","type":"post","link":"https:\/\/jornaldasoficinas.com\/pt\/delphi-technologies-aposta-em-programa-global-de-eletrificacao\/","title":{"rendered":"Delphi Technologies aposta em programa global de eletrifica\u00e7\u00e3o"},"content":{"rendered":"<p><strong><img loading=\"lazy\" decoding=\"async\" class=\"alignnone size-full wp-image-24569\" src=\"https:\/\/jornaldasoficinas.com\/pt\/wp-content\/uploads\/2021\/09\/Delphi-Technologies-aposta-em-programa-global-de-eletrific.png\" alt=\"09 - Delphi-Technologies-aposta-em-programa-global-de-eletrific\" width=\"1024\" height=\"581\" srcset=\"https:\/\/jornaldasoficinas.com\/pt\/wp-content\/uploads\/2021\/09\/Delphi-Technologies-aposta-em-programa-global-de-eletrific.png 1024w, https:\/\/jornaldasoficinas.com\/pt\/wp-content\/uploads\/2021\/09\/Delphi-Technologies-aposta-em-programa-global-de-eletrific-300x170.png 300w, https:\/\/jornaldasoficinas.com\/pt\/wp-content\/uploads\/2021\/09\/Delphi-Technologies-aposta-em-programa-global-de-eletrific-150x85.png 150w, https:\/\/jornaldasoficinas.com\/pt\/wp-content\/uploads\/2021\/09\/Delphi-Technologies-aposta-em-programa-global-de-eletrific-768x436.png 768w\" sizes=\"auto, (max-width: 1024px) 100vw, 1024px\" \/><\/strong><\/p>\n<p><strong>A <a href=\"https:\/\/www.delphiautoparts.com\/bra\/pt\" target=\"_blank\" rel=\"noopener\">Delphi Technologies<\/a> e a <a href=\"https:\/\/www.borgwarner.com\/home\" target=\"_blank\" rel=\"noopener\">BorgWarner<\/a>, est\u00e3o a apostar na mais recente tecnologia para o mercado de reposi\u00e7\u00e3o, com o seu programa global de eletr\u00f3nica de pot\u00eancia para ve\u00edculos el\u00e9tricos<\/strong><\/p>\n<p>A gama de produtos pioneira da empresa beneficia-se dos investimentos e neg\u00f3cios estrat\u00e9gicos da BorgWarner para expandir os seus recursos de eletrifica\u00e7\u00e3o, permitindo que os clientes do mercado de reposi\u00e7\u00e3o tenham acesso a pe\u00e7as de reposi\u00e7\u00e3o de qualidade de Equipamento Original (OE), como inversores e conversores DC \/ DC combinados, carregadores on-board e cabos de carregamento.<\/p>\n<p>&#8220;O movimento em dire\u00e7\u00e3o \u00e0 sustentabilidade em todo o mundo n\u00e3o \u00e9 impulsionado apenas por iniciativas governamentais que implementam 100% das vendas de ve\u00edculos com emiss\u00e3o zero&#8221;, disse Alex Ashmore, presidente e CEO da BorgWarner Aftermarket. \u201cAgora temos a prova de que os consumidores tamb\u00e9m querem uma mobilidade mais verde, porque mesmo durante a pandemia, as vendas globais de ve\u00edculos el\u00e9tricos a bateria e h\u00edbridos plug-in aumentaram 43% no ano passado. Todos esses ve\u00edculos usam eletr\u00f3nica de pot\u00eancia para se locomover e o mercado de reposi\u00e7\u00e3o precisar\u00e1 ter acesso a esses componentes para fazer a ind\u00fastria avan\u00e7ar.\u201d<\/p>\n<p><strong>Desempenho OE para um mercado de reposi\u00e7\u00e3o eletrificado<br \/>\n<\/strong>A vis\u00e3o inovadora da empresa em investir em eletr\u00f3nica de pot\u00eancia ajudou os seus clientes a atender \u00e0s crescentes regulamenta\u00e7\u00f5es de economia de combust\u00edvel e emiss\u00f5es, al\u00e9m de ajudar os consumidores a adotar ve\u00edculos eletrificados.<\/p>\n<p>O conjunto de solu\u00e7\u00f5es OE diferenciadas da BorgWarner inclui inversores e conversores DC \/ DC combinados e m\u00f3dulos inversores de pot\u00eancia de tra\u00e7\u00e3o integrados e carregadores que oferecem o melhor desempenho da classe em tamanho, peso, densidade de pot\u00eancia e redu\u00e7\u00e3o significativa de custos. J\u00e1 presente em v\u00e1rias plataformas de fabricantes globais de ve\u00edculos, a empresa ir\u00e1 continuar a correr pela eletrifica\u00e7\u00e3o do p\u00f3s-venda, oferecendo esses mesmos componentes para reparos de qualidade OE.<\/p>\n<p><strong>Oferta de cobran\u00e7a ao consumidor flex\u00edvel e port\u00e1til<br \/>\n<\/strong>A Delphi Technologies atende \u00e0s necessidades do consumidor com uma solu\u00e7\u00e3o de carregamento inovadora, de baixo custo e tudo-em-um que pode ser usada em quase qualquer lugar.<\/p>\n<p>Testado em produ\u00e7\u00e3o em s\u00e9rie em v\u00e1rios OEMs importantes, o cabo Charge Mode 2 da empresa possui um dispositivo de prote\u00e7\u00e3o e controlo interno (IC-CPD) que permite aos clientes carregar com seguran\u00e7a seus ve\u00edculos el\u00e9tricos (EV) usando a infraestrutura existente, como um sistema el\u00e9trico dom\u00e9stico tomada.<\/p>\n<p>Facilmente armazen\u00e1vel no porta-malas de um ve\u00edculo el\u00e9trico, essa tecnologia pioneira \u00e9 perfeita para viagens curtas, carregamento noturno ou carregamento de emerg\u00eancia. Os cabos Modo 2 de carga da Delphi Technologies j\u00e1 est\u00e3o prontos para o pa\u00eds e dispon\u00edveis na Am\u00e9rica do Norte, Europa e China.<\/p>\n<p><strong>Uma solu\u00e7\u00e3o completa para o mercado de reposi\u00e7\u00e3o<br \/>\n<\/strong>Antecipando as tend\u00eancias futuras de eletrifica\u00e7\u00e3o, a Delphi Technologies est\u00e1 comprometida em apoiar a forma\u00e7\u00e3o t\u00e9cnica que os instaladores em todo o mundo devem realizar para fornecer um servi\u00e7o seguro em tecnologia automotiva de alta tens\u00e3o.<\/p>\n<p>A solu\u00e7\u00e3o completa da empresa oferecer\u00e1 forma\u00e7\u00f5es abrangentes em manuten\u00e7\u00e3o el\u00e9trica, h\u00edbrida e h\u00edbrida plug-in (PHEV \/ HEV), com planos de expandir o programa para atender \u00e0s necessidades de servi\u00e7o futuras. Dependendo da regi\u00e3o, os produtos pioneiros da Delphi Technologies fornecem pe\u00e7as de reposi\u00e7\u00e3o tradicionais de alta qualidade para muitos reparos de sistemas de transmiss\u00e3o, como freios, sensores, resfriamento, dire\u00e7\u00e3o e suspens\u00e3o, para uma solu\u00e7\u00e3o de servi\u00e7o completo para ve\u00edculos el\u00e9tricos.<\/p>\n","protected":false},"excerpt":{"rendered":"<p>A Delphi Technologies e a BorgWarner,&#8230;<\/p>\n","protected":false},"author":15,"featured_media":24569,"comment_status":"closed","ping_status":"closed","sticky":false,"template":"","format":"standard","meta":{"footnotes":""},"categories":[29],"tags":[2180,953],"class_list":["post-24545","post","type-post","status-publish","format-standard","has-post-thumbnail","hentry","category-empresas","tag-borgwarner","tag-delphi-technologies"],"yoast_head":"<!-- This site is optimized with the Yoast SEO plugin v27.4 - https:\/\/yoast.com\/product\/yoast-seo-wordpress\/ -->\n<title>Delphi Technologies aposta em programa global de eletrifica\u00e7\u00e3o - Jornal das Oficinas<\/title>\n<meta name=\"robots\" content=\"index, follow, max-snippet:-1, max-image-preview:large, max-video-preview:-1\" \/>\n<link rel=\"canonical\" href=\"https:\/\/jornaldasoficinas.com\/pt\/delphi-technologies-aposta-em-programa-global-de-eletrificacao\/\" \/>\n<meta property=\"og:locale\" content=\"pt_PT\" \/>\n<meta property=\"og:type\" content=\"article\" \/>\n<meta property=\"og:title\" content=\"Delphi Technologies aposta em programa global de eletrifica\u00e7\u00e3o - Jornal das Oficinas\" \/>\n<meta property=\"og:description\" content=\"A Delphi Technologies e a BorgWarner,...\" \/>\n<meta property=\"og:url\" content=\"https:\/\/jornaldasoficinas.com\/pt\/delphi-technologies-aposta-em-programa-global-de-eletrificacao\/\" \/>\n<meta property=\"og:site_name\" content=\"Jornal das Oficinas\" \/>\n<meta property=\"article:publisher\" content=\"https:\/\/www.facebook.com\/jornaloficinas\" \/>\n<meta property=\"article:published_time\" content=\"2021-10-18T11:00:28+00:00\" \/>\n<meta property=\"og:image\" content=\"https:\/\/jornaldasoficinas.com\/pt\/wp-content\/uploads\/2021\/09\/Delphi-Technologies-aposta-em-programa-global-de-eletrific.png\" \/>\n\t<meta property=\"og:image:width\" content=\"1024\" \/>\n\t<meta property=\"og:image:height\" content=\"581\" \/>\n\t<meta property=\"og:image:type\" content=\"image\/png\" \/>\n<meta name=\"author\" content=\"Reda\u00e7\u00e3o JO\" \/>\n<meta name=\"twitter:card\" content=\"summary_large_image\" \/>\n<meta name=\"twitter:creator\" content=\"@jornaloficinas\" \/>\n<meta name=\"twitter:site\" content=\"@jornaloficinas\" \/>\n<meta name=\"twitter:label1\" content=\"Escrito por\" \/>\n\t<meta name=\"twitter:data1\" content=\"Reda\u00e7\u00e3o JO\" \/>\n\t<meta name=\"twitter:label2\" content=\"Tempo estimado de leitura\" \/>\n\t<meta name=\"twitter:data2\" content=\"3 minutos\" \/>\n<script type=\"application\/ld+json\" class=\"yoast-schema-graph\">{\"@context\":\"https:\\\/\\\/schema.org\",\"@graph\":[{\"@type\":\"Article\",\"@id\":\"https:\\\/\\\/jornaldasoficinas.com\\\/pt\\\/delphi-technologies-aposta-em-programa-global-de-eletrificacao\\\/#article\",\"isPartOf\":{\"@id\":\"https:\\\/\\\/jornaldasoficinas.com\\\/pt\\\/delphi-technologies-aposta-em-programa-global-de-eletrificacao\\\/\"},\"author\":{\"name\":\"Reda\u00e7\u00e3o JO\",\"@id\":\"https:\\\/\\\/jornaldasoficinas.com\\\/pt\\\/#\\\/schema\\\/person\\\/a38eef5de2c41d9e7c9ac10141afddf3\"},\"headline\":\"Delphi Technologies aposta em programa global de eletrifica\u00e7\u00e3o\",\"datePublished\":\"2021-10-18T11:00:28+00:00\",\"mainEntityOfPage\":{\"@id\":\"https:\\\/\\\/jornaldasoficinas.com\\\/pt\\\/delphi-technologies-aposta-em-programa-global-de-eletrificacao\\\/\"},\"wordCount\":631,\"publisher\":{\"@id\":\"https:\\\/\\\/jornaldasoficinas.com\\\/pt\\\/#organization\"},\"image\":{\"@id\":\"https:\\\/\\\/jornaldasoficinas.com\\\/pt\\\/delphi-technologies-aposta-em-programa-global-de-eletrificacao\\\/#primaryimage\"},\"thumbnailUrl\":\"https:\\\/\\\/jornaldasoficinas.com\\\/pt\\\/wp-content\\\/uploads\\\/2021\\\/09\\\/Delphi-Technologies-aposta-em-programa-global-de-eletrific.png\",\"keywords\":[\"BorgWarner\",\"Delphi Technologies\"],\"articleSection\":[\"Empresas\"],\"inLanguage\":\"pt-PT\"},{\"@type\":\"WebPage\",\"@id\":\"https:\\\/\\\/jornaldasoficinas.com\\\/pt\\\/delphi-technologies-aposta-em-programa-global-de-eletrificacao\\\/\",\"url\":\"https:\\\/\\\/jornaldasoficinas.com\\\/pt\\\/delphi-technologies-aposta-em-programa-global-de-eletrificacao\\\/\",\"name\":\"Delphi Technologies aposta em programa global de eletrifica\u00e7\u00e3o - Jornal das Oficinas\",\"isPartOf\":{\"@id\":\"https:\\\/\\\/jornaldasoficinas.com\\\/pt\\\/#website\"},\"primaryImageOfPage\":{\"@id\":\"https:\\\/\\\/jornaldasoficinas.com\\\/pt\\\/delphi-technologies-aposta-em-programa-global-de-eletrificacao\\\/#primaryimage\"},\"image\":{\"@id\":\"https:\\\/\\\/jornaldasoficinas.com\\\/pt\\\/delphi-technologies-aposta-em-programa-global-de-eletrificacao\\\/#primaryimage\"},\"thumbnailUrl\":\"https:\\\/\\\/jornaldasoficinas.com\\\/pt\\\/wp-content\\\/uploads\\\/2021\\\/09\\\/Delphi-Technologies-aposta-em-programa-global-de-eletrific.png\",\"datePublished\":\"2021-10-18T11:00:28+00:00\",\"breadcrumb\":{\"@id\":\"https:\\\/\\\/jornaldasoficinas.com\\\/pt\\\/delphi-technologies-aposta-em-programa-global-de-eletrificacao\\\/#breadcrumb\"},\"inLanguage\":\"pt-PT\",\"potentialAction\":[{\"@type\":\"ReadAction\",\"target\":[\"https:\\\/\\\/jornaldasoficinas.com\\\/pt\\\/delphi-technologies-aposta-em-programa-global-de-eletrificacao\\\/\"]}]},{\"@type\":\"ImageObject\",\"inLanguage\":\"pt-PT\",\"@id\":\"https:\\\/\\\/jornaldasoficinas.com\\\/pt\\\/delphi-technologies-aposta-em-programa-global-de-eletrificacao\\\/#primaryimage\",\"url\":\"https:\\\/\\\/jornaldasoficinas.com\\\/pt\\\/wp-content\\\/uploads\\\/2021\\\/09\\\/Delphi-Technologies-aposta-em-programa-global-de-eletrific.png\",\"contentUrl\":\"https:\\\/\\\/jornaldasoficinas.com\\\/pt\\\/wp-content\\\/uploads\\\/2021\\\/09\\\/Delphi-Technologies-aposta-em-programa-global-de-eletrific.png\",\"width\":1024,\"height\":581,\"caption\":\"09 - Delphi-Technologies-aposta-em-programa-global-de-eletrific\"},{\"@type\":\"BreadcrumbList\",\"@id\":\"https:\\\/\\\/jornaldasoficinas.com\\\/pt\\\/delphi-technologies-aposta-em-programa-global-de-eletrificacao\\\/#breadcrumb\",\"itemListElement\":[{\"@type\":\"ListItem\",\"position\":1,\"name\":\"In\u00edcio\",\"item\":\"https:\\\/\\\/jornaldasoficinas.com\\\/pt\\\/\"},{\"@type\":\"ListItem\",\"position\":2,\"name\":\"Delphi Technologies aposta em programa global de eletrifica\u00e7\u00e3o\"}]},{\"@type\":\"WebSite\",\"@id\":\"https:\\\/\\\/jornaldasoficinas.com\\\/pt\\\/#website\",\"url\":\"https:\\\/\\\/jornaldasoficinas.com\\\/pt\\\/\",\"name\":\"Jornal das Oficinas\",\"description\":\"Jornal independente do Aftermarket Autom\u00f3vel em Portugal\",\"publisher\":{\"@id\":\"https:\\\/\\\/jornaldasoficinas.com\\\/pt\\\/#organization\"},\"potentialAction\":[{\"@type\":\"SearchAction\",\"target\":{\"@type\":\"EntryPoint\",\"urlTemplate\":\"https:\\\/\\\/jornaldasoficinas.com\\\/pt\\\/?s={search_term_string}\"},\"query-input\":{\"@type\":\"PropertyValueSpecification\",\"valueRequired\":true,\"valueName\":\"search_term_string\"}}],\"inLanguage\":\"pt-PT\"},{\"@type\":\"Organization\",\"@id\":\"https:\\\/\\\/jornaldasoficinas.com\\\/pt\\\/#organization\",\"name\":\"Jornal das Oficinas\",\"url\":\"https:\\\/\\\/jornaldasoficinas.com\\\/pt\\\/\",\"logo\":{\"@type\":\"ImageObject\",\"inLanguage\":\"pt-PT\",\"@id\":\"https:\\\/\\\/jornaldasoficinas.com\\\/pt\\\/#\\\/schema\\\/logo\\\/image\\\/\",\"url\":\"https:\\\/\\\/jornaldasoficinas.com\\\/pt\\\/wp-content\\\/uploads\\\/logoJO-SEO.png\",\"contentUrl\":\"https:\\\/\\\/jornaldasoficinas.com\\\/pt\\\/wp-content\\\/uploads\\\/logoJO-SEO.png\",\"width\":285,\"height\":450,\"caption\":\"Jornal das Oficinas\"},\"image\":{\"@id\":\"https:\\\/\\\/jornaldasoficinas.com\\\/pt\\\/#\\\/schema\\\/logo\\\/image\\\/\"},\"sameAs\":[\"https:\\\/\\\/www.facebook.com\\\/jornaloficinas\",\"https:\\\/\\\/x.com\\\/jornaloficinas\",\"https:\\\/\\\/www.instagram.com\\\/jornal_oficinas\\\/\",\"https:\\\/\\\/www.linkedin.com\\\/company\\\/jornal-das-oficinas\\\/\",\"https:\\\/\\\/www.youtube.com\\\/channel\\\/UCbQZBqtcvV-oSQrr7RzINGg\"]},{\"@type\":\"Person\",\"@id\":\"https:\\\/\\\/jornaldasoficinas.com\\\/pt\\\/#\\\/schema\\\/person\\\/a38eef5de2c41d9e7c9ac10141afddf3\",\"name\":\"Reda\u00e7\u00e3o JO\",\"image\":{\"@type\":\"ImageObject\",\"inLanguage\":\"pt-PT\",\"@id\":\"https:\\\/\\\/secure.gravatar.com\\\/avatar\\\/71f2fa71737ad68a84fea94bc708ddac8ea5b0c4788dc2ad202f3ccb2887742f?s=96&d=wp_user_avatar&r=g\",\"url\":\"https:\\\/\\\/secure.gravatar.com\\\/avatar\\\/71f2fa71737ad68a84fea94bc708ddac8ea5b0c4788dc2ad202f3ccb2887742f?s=96&d=wp_user_avatar&r=g\",\"contentUrl\":\"https:\\\/\\\/secure.gravatar.com\\\/avatar\\\/71f2fa71737ad68a84fea94bc708ddac8ea5b0c4788dc2ad202f3ccb2887742f?s=96&d=wp_user_avatar&r=g\",\"caption\":\"Reda\u00e7\u00e3o JO\"},\"url\":\"https:\\\/\\\/jornaldasoficinas.com\\\/pt\\\/author\\\/joredacao\\\/\"}]}<\/script>\n<!-- \/ Yoast SEO plugin. -->","yoast_head_json":{"title":"Delphi Technologies aposta em programa global de eletrifica\u00e7\u00e3o - Jornal das Oficinas","robots":{"index":"index","follow":"follow","max-snippet":"max-snippet:-1","max-image-preview":"max-image-preview:large","max-video-preview":"max-video-preview:-1"},"canonical":"https:\/\/jornaldasoficinas.com\/pt\/delphi-technologies-aposta-em-programa-global-de-eletrificacao\/","og_locale":"pt_PT","og_type":"article","og_title":"Delphi Technologies aposta em programa global de eletrifica\u00e7\u00e3o - Jornal das Oficinas","og_description":"A Delphi Technologies e a BorgWarner,...","og_url":"https:\/\/jornaldasoficinas.com\/pt\/delphi-technologies-aposta-em-programa-global-de-eletrificacao\/","og_site_name":"Jornal das Oficinas","article_publisher":"https:\/\/www.facebook.com\/jornaloficinas","article_published_time":"2021-10-18T11:00:28+00:00","og_image":[{"width":1024,"height":581,"url":"https:\/\/jornaldasoficinas.com\/pt\/wp-content\/uploads\/2021\/09\/Delphi-Technologies-aposta-em-programa-global-de-eletrific.png","type":"image\/png"}],"author":"Reda\u00e7\u00e3o JO","twitter_card":"summary_large_image","twitter_creator":"@jornaloficinas","twitter_site":"@jornaloficinas","twitter_misc":{"Escrito por":"Reda\u00e7\u00e3o JO","Tempo estimado de leitura":"3 minutos"},"schema":{"@context":"https:\/\/schema.org","@graph":[{"@type":"Article","@id":"https:\/\/jornaldasoficinas.com\/pt\/delphi-technologies-aposta-em-programa-global-de-eletrificacao\/#article","isPartOf":{"@id":"https:\/\/jornaldasoficinas.com\/pt\/delphi-technologies-aposta-em-programa-global-de-eletrificacao\/"},"author":{"name":"Reda\u00e7\u00e3o JO","@id":"https:\/\/jornaldasoficinas.com\/pt\/#\/schema\/person\/a38eef5de2c41d9e7c9ac10141afddf3"},"headline":"Delphi Technologies aposta em programa global de eletrifica\u00e7\u00e3o","datePublished":"2021-10-18T11:00:28+00:00","mainEntityOfPage":{"@id":"https:\/\/jornaldasoficinas.com\/pt\/delphi-technologies-aposta-em-programa-global-de-eletrificacao\/"},"wordCount":631,"publisher":{"@id":"https:\/\/jornaldasoficinas.com\/pt\/#organization"},"image":{"@id":"https:\/\/jornaldasoficinas.com\/pt\/delphi-technologies-aposta-em-programa-global-de-eletrificacao\/#primaryimage"},"thumbnailUrl":"https:\/\/jornaldasoficinas.com\/pt\/wp-content\/uploads\/2021\/09\/Delphi-Technologies-aposta-em-programa-global-de-eletrific.png","keywords":["BorgWarner","Delphi Technologies"],"articleSection":["Empresas"],"inLanguage":"pt-PT"},{"@type":"WebPage","@id":"https:\/\/jornaldasoficinas.com\/pt\/delphi-technologies-aposta-em-programa-global-de-eletrificacao\/","url":"https:\/\/jornaldasoficinas.com\/pt\/delphi-technologies-aposta-em-programa-global-de-eletrificacao\/","name":"Delphi Technologies aposta em programa global de eletrifica\u00e7\u00e3o - Jornal das Oficinas","isPartOf":{"@id":"https:\/\/jornaldasoficinas.com\/pt\/#website"},"primaryImageOfPage":{"@id":"https:\/\/jornaldasoficinas.com\/pt\/delphi-technologies-aposta-em-programa-global-de-eletrificacao\/#primaryimage"},"image":{"@id":"https:\/\/jornaldasoficinas.com\/pt\/delphi-technologies-aposta-em-programa-global-de-eletrificacao\/#primaryimage"},"thumbnailUrl":"https:\/\/jornaldasoficinas.com\/pt\/wp-content\/uploads\/2021\/09\/Delphi-Technologies-aposta-em-programa-global-de-eletrific.png","datePublished":"2021-10-18T11:00:28+00:00","breadcrumb":{"@id":"https:\/\/jornaldasoficinas.com\/pt\/delphi-technologies-aposta-em-programa-global-de-eletrificacao\/#breadcrumb"},"inLanguage":"pt-PT","potentialAction":[{"@type":"ReadAction","target":["https:\/\/jornaldasoficinas.com\/pt\/delphi-technologies-aposta-em-programa-global-de-eletrificacao\/"]}]},{"@type":"ImageObject","inLanguage":"pt-PT","@id":"https:\/\/jornaldasoficinas.com\/pt\/delphi-technologies-aposta-em-programa-global-de-eletrificacao\/#primaryimage","url":"https:\/\/jornaldasoficinas.com\/pt\/wp-content\/uploads\/2021\/09\/Delphi-Technologies-aposta-em-programa-global-de-eletrific.png","contentUrl":"https:\/\/jornaldasoficinas.com\/pt\/wp-content\/uploads\/2021\/09\/Delphi-Technologies-aposta-em-programa-global-de-eletrific.png","width":1024,"height":581,"caption":"09 - Delphi-Technologies-aposta-em-programa-global-de-eletrific"},{"@type":"BreadcrumbList","@id":"https:\/\/jornaldasoficinas.com\/pt\/delphi-technologies-aposta-em-programa-global-de-eletrificacao\/#breadcrumb","itemListElement":[{"@type":"ListItem","position":1,"name":"In\u00edcio","item":"https:\/\/jornaldasoficinas.com\/pt\/"},{"@type":"ListItem","position":2,"name":"Delphi Technologies aposta em programa global de eletrifica\u00e7\u00e3o"}]},{"@type":"WebSite","@id":"https:\/\/jornaldasoficinas.com\/pt\/#website","url":"https:\/\/jornaldasoficinas.com\/pt\/","name":"Jornal das Oficinas","description":"Jornal independente do Aftermarket Autom\u00f3vel em Portugal","publisher":{"@id":"https:\/\/jornaldasoficinas.com\/pt\/#organization"},"potentialAction":[{"@type":"SearchAction","target":{"@type":"EntryPoint","urlTemplate":"https:\/\/jornaldasoficinas.com\/pt\/?s={search_term_string}"},"query-input":{"@type":"PropertyValueSpecification","valueRequired":true,"valueName":"search_term_string"}}],"inLanguage":"pt-PT"},{"@type":"Organization","@id":"https:\/\/jornaldasoficinas.com\/pt\/#organization","name":"Jornal das Oficinas","url":"https:\/\/jornaldasoficinas.com\/pt\/","logo":{"@type":"ImageObject","inLanguage":"pt-PT","@id":"https:\/\/jornaldasoficinas.com\/pt\/#\/schema\/logo\/image\/","url":"https:\/\/jornaldasoficinas.com\/pt\/wp-content\/uploads\/logoJO-SEO.png","contentUrl":"https:\/\/jornaldasoficinas.com\/pt\/wp-content\/uploads\/logoJO-SEO.png","width":285,"height":450,"caption":"Jornal das Oficinas"},"image":{"@id":"https:\/\/jornaldasoficinas.com\/pt\/#\/schema\/logo\/image\/"},"sameAs":["https:\/\/www.facebook.com\/jornaloficinas","https:\/\/x.com\/jornaloficinas","https:\/\/www.instagram.com\/jornal_oficinas\/","https:\/\/www.linkedin.com\/company\/jornal-das-oficinas\/","https:\/\/www.youtube.com\/channel\/UCbQZBqtcvV-oSQrr7RzINGg"]},{"@type":"Person","@id":"https:\/\/jornaldasoficinas.com\/pt\/#\/schema\/person\/a38eef5de2c41d9e7c9ac10141afddf3","name":"Reda\u00e7\u00e3o JO","image":{"@type":"ImageObject","inLanguage":"pt-PT","@id":"https:\/\/secure.gravatar.com\/avatar\/71f2fa71737ad68a84fea94bc708ddac8ea5b0c4788dc2ad202f3ccb2887742f?s=96&d=wp_user_avatar&r=g","url":"https:\/\/secure.gravatar.com\/avatar\/71f2fa71737ad68a84fea94bc708ddac8ea5b0c4788dc2ad202f3ccb2887742f?s=96&d=wp_user_avatar&r=g","contentUrl":"https:\/\/secure.gravatar.com\/avatar\/71f2fa71737ad68a84fea94bc708ddac8ea5b0c4788dc2ad202f3ccb2887742f?s=96&d=wp_user_avatar&r=g","caption":"Reda\u00e7\u00e3o JO"},"url":"https:\/\/jornaldasoficinas.com\/pt\/author\/joredacao\/"}]}},"_links":{"self":[{"href":"https:\/\/jornaldasoficinas.com\/pt\/wp-json\/wp\/v2\/posts\/24545","targetHints":{"allow":["GET"]}}],"collection":[{"href":"https:\/\/jornaldasoficinas.com\/pt\/wp-json\/wp\/v2\/posts"}],"about":[{"href":"https:\/\/jornaldasoficinas.com\/pt\/wp-json\/wp\/v2\/types\/post"}],"author":[{"embeddable":true,"href":"https:\/\/jornaldasoficinas.com\/pt\/wp-json\/wp\/v2\/users\/15"}],"replies":[{"embeddable":true,"href":"https:\/\/jornaldasoficinas.com\/pt\/wp-json\/wp\/v2\/comments?post=24545"}],"version-history":[{"count":0,"href":"https:\/\/jornaldasoficinas.com\/pt\/wp-json\/wp\/v2\/posts\/24545\/revisions"}],"wp:featuredmedia":[{"embeddable":true,"href":"https:\/\/jornaldasoficinas.com\/pt\/wp-json\/wp\/v2\/media\/24569"}],"wp:attachment":[{"href":"https:\/\/jornaldasoficinas.com\/pt\/wp-json\/wp\/v2\/media?parent=24545"}],"wp:term":[{"taxonomy":"category","embeddable":true,"href":"https:\/\/jornaldasoficinas.com\/pt\/wp-json\/wp\/v2\/categories?post=24545"},{"taxonomy":"post_tag","embeddable":true,"href":"https:\/\/jornaldasoficinas.com\/pt\/wp-json\/wp\/v2\/tags?post=24545"}],"curies":[{"name":"wp","href":"https:\/\/api.w.org\/{rel}","templated":true}]}}