{"id":24734,"date":"2021-10-21T14:00:38","date_gmt":"2021-10-21T13:00:38","guid":{"rendered":"https:\/\/jornaldasoficinas.com\/pt\/?p=24734"},"modified":"2021-10-21T08:51:51","modified_gmt":"2021-10-21T07:51:51","slug":"tco-dos-veiculos-eletricos-e-mais-economico-em-portugal","status":"publish","type":"post","link":"https:\/\/jornaldasoficinas.com\/pt\/tco-dos-veiculos-eletricos-e-mais-economico-em-portugal\/","title":{"rendered":"TCO dos ve\u00edculos el\u00e9tricos \u00e9 mais econ\u00f3mico em Portugal"},"content":{"rendered":"<p><img loading=\"lazy\" decoding=\"async\" class=\"alignnone size-full wp-image-24729\" src=\"https:\/\/jornaldasoficinas.com\/pt\/wp-content\/uploads\/2021\/09\/TCO-dos-veiculos-eletricos-1.png\" alt=\"09 - TCO-dos-veiculos-eletricos-1\" width=\"1024\" height=\"581\" srcset=\"https:\/\/jornaldasoficinas.com\/pt\/wp-content\/uploads\/2021\/09\/TCO-dos-veiculos-eletricos-1.png 1024w, https:\/\/jornaldasoficinas.com\/pt\/wp-content\/uploads\/2021\/09\/TCO-dos-veiculos-eletricos-1-300x170.png 300w, https:\/\/jornaldasoficinas.com\/pt\/wp-content\/uploads\/2021\/09\/TCO-dos-veiculos-eletricos-1-150x85.png 150w, https:\/\/jornaldasoficinas.com\/pt\/wp-content\/uploads\/2021\/09\/TCO-dos-veiculos-eletricos-1-768x436.png 768w\" sizes=\"auto, (max-width: 1024px) 100vw, 1024px\" \/><\/p>\n<p><strong>A <a href=\"https:\/\/www.leaseplan.com\/pt-pt\/\" target=\"_blank\" rel=\"noopener\">LeasePlan<\/a> acaba de divulgar o Car Cost Index 2021 que revela que os ve\u00edculos el\u00e9tricos do segmento compactos e de tamanho m\u00e9dio s\u00e3o, agora, totalmente competitivos em termos de custos com os ve\u00edculos a gasolina e diesel na maioria dos pa\u00edses europeus. Destaque para Portugal, onde o TCO dos ve\u00edculos el\u00e9tricos \u00e9 mais econ\u00f3mico n\u00e3o apenas nesses segmentos como tamb\u00e9m em todos os outros segmentos<\/strong><\/p>\n<p>Nos poucos pa\u00edses onde os VE ainda n\u00e3o s\u00e3o competitivos em termos de custos, a diferen\u00e7a de pre\u00e7os entre os VE e os autom\u00f3veis a gas\u00f3leo\/gasolina diminuiu significativamente. Se a tend\u00eancia continuar, provavelmente os VE v\u00e3o atingir a competitividade de custos em todos os pa\u00edses inquiridos, incluindo nos mercados da Europa de Leste, como a Rom\u00e9nia e a Pol\u00f3nia, at\u00e9 2030.<\/p>\n<p>O LeasePlan Car Cost Index, agora na sua sexta edi\u00e7\u00e3o, \u00e9 uma an\u00e1lise abrangente que revela o Custo Total de Propriedade (TCO) de um autom\u00f3vel &#8211; incluindo combust\u00edvel\/energia, deprecia\u00e7\u00e3o, impostos, seguros e manuten\u00e7\u00e3o &#8211; em 22 pa\u00edses europeus.<\/p>\n<p>Tex Gunning, CEO da LeasePlan, afirmou \u201cEste relat\u00f3rio \u00e9 um alerta para os decisores pol\u00edticos: os carros el\u00e9tricos ultrapassaram finalmente o ponto de viragem em termos de pre\u00e7os e s\u00e3o agora competitivos em termos de custos em toda a Europa. No entanto a a\u00e7\u00e3o governamental, no que \u00e0s infraestruturas diz respeito, continua a ser lamentavelmente inadequada. Antes da COP26, continuaremos a apelar aos decisores pol\u00edticos para que finalmente aumentem e invistam em infraestruturas de carregamento dignas das suas ambi\u00e7\u00f5es de zero emiss\u00f5es l\u00edquidas. At\u00e9 que os postos de carregamento sejam t\u00e3o omnipresentes como as esta\u00e7\u00f5es de servi\u00e7o nas ruas de Glasgow (cidade onde se realiza a COP26), a Europa n\u00e3o tem qualquer esperan\u00e7a de alcan\u00e7ar as zero emiss\u00f5es\u201d.<\/p>\n<p>Sandra Roling, Head of Transport do Climate Group, referiu tamb\u00e9m \u201cO \u00faltimo Car Cost Index da LeasePlan mostra que os argumentos comerciais para mudar as frotas das empresas para VE nunca foram t\u00e3o consistentes. O transporte rodovi\u00e1rio sem emiss\u00f5es representa uma das maiores oportunidades tanto para as empresas como para o nosso clima. Atrav\u00e9s do EV100, temos trabalhado com empresas como a LeasePlan para fazer dos VE o novo normal at\u00e9 2030, por isso \u00e9 emocionante ver que, atualmente, j\u00e1 pass\u00e1mos o ponto de viragem econ\u00f3mico na maior parte da Europa. Todas as empresas podem e devem come\u00e7ar a converter a sua frota em el\u00e9trica. Com o COP26 a aproximar-se, temos de continuar a refor\u00e7ar a ideia de que os ve\u00edculos com emiss\u00f5es zero s\u00e3o o futuro\u201d.<\/p>\n","protected":false},"excerpt":{"rendered":"<p>A LeasePlan acaba de divulgar o&#8230;<\/p>\n","protected":false},"author":15,"featured_media":24729,"comment_status":"closed","ping_status":"closed","sticky":false,"template":"","format":"standard","meta":{"footnotes":""},"categories":[37],"tags":[519],"class_list":["post-24734","post","type-post","status-publish","format-standard","has-post-thumbnail","hentry","category-mercado","tag-leaseplan"],"yoast_head":"<!-- This site is optimized with the Yoast SEO plugin v27.5 - https:\/\/yoast.com\/product\/yoast-seo-wordpress\/ -->\n<title>TCO dos ve\u00edculos el\u00e9tricos \u00e9 mais econ\u00f3mico em Portugal - Jornal das Oficinas<\/title>\n<meta name=\"robots\" content=\"index, follow, max-snippet:-1, max-image-preview:large, max-video-preview:-1\" \/>\n<link rel=\"canonical\" href=\"https:\/\/jornaldasoficinas.com\/pt\/tco-dos-veiculos-eletricos-e-mais-economico-em-portugal\/\" \/>\n<meta property=\"og:locale\" content=\"pt_PT\" \/>\n<meta property=\"og:type\" content=\"article\" \/>\n<meta property=\"og:title\" content=\"TCO dos ve\u00edculos el\u00e9tricos \u00e9 mais econ\u00f3mico em Portugal - Jornal das Oficinas\" \/>\n<meta property=\"og:description\" content=\"A LeasePlan acaba de divulgar o...\" \/>\n<meta property=\"og:url\" content=\"https:\/\/jornaldasoficinas.com\/pt\/tco-dos-veiculos-eletricos-e-mais-economico-em-portugal\/\" \/>\n<meta property=\"og:site_name\" content=\"Jornal das Oficinas\" \/>\n<meta property=\"article:publisher\" content=\"https:\/\/www.facebook.com\/jornaloficinas\" \/>\n<meta property=\"article:published_time\" content=\"2021-10-21T13:00:38+00:00\" \/>\n<meta property=\"og:image\" content=\"https:\/\/jornaldasoficinas.com\/pt\/wp-content\/uploads\/2021\/09\/TCO-dos-veiculos-eletricos-1.png\" \/>\n\t<meta property=\"og:image:width\" content=\"1024\" \/>\n\t<meta property=\"og:image:height\" content=\"581\" \/>\n\t<meta property=\"og:image:type\" content=\"image\/png\" \/>\n<meta name=\"author\" content=\"Reda\u00e7\u00e3o JO\" \/>\n<meta name=\"twitter:card\" content=\"summary_large_image\" \/>\n<meta name=\"twitter:creator\" content=\"@jornaloficinas\" \/>\n<meta name=\"twitter:site\" content=\"@jornaloficinas\" \/>\n<meta name=\"twitter:label1\" content=\"Escrito por\" \/>\n\t<meta name=\"twitter:data1\" content=\"Reda\u00e7\u00e3o JO\" \/>\n\t<meta name=\"twitter:label2\" content=\"Tempo estimado de leitura\" \/>\n\t<meta name=\"twitter:data2\" content=\"2 minutos\" \/>\n<script type=\"application\/ld+json\" class=\"yoast-schema-graph\">{\"@context\":\"https:\\\/\\\/schema.org\",\"@graph\":[{\"@type\":\"Article\",\"@id\":\"https:\\\/\\\/jornaldasoficinas.com\\\/pt\\\/tco-dos-veiculos-eletricos-e-mais-economico-em-portugal\\\/#article\",\"isPartOf\":{\"@id\":\"https:\\\/\\\/jornaldasoficinas.com\\\/pt\\\/tco-dos-veiculos-eletricos-e-mais-economico-em-portugal\\\/\"},\"author\":{\"name\":\"Reda\u00e7\u00e3o JO\",\"@id\":\"https:\\\/\\\/jornaldasoficinas.com\\\/pt\\\/#\\\/schema\\\/person\\\/a38eef5de2c41d9e7c9ac10141afddf3\"},\"headline\":\"TCO dos ve\u00edculos el\u00e9tricos \u00e9 mais econ\u00f3mico em Portugal\",\"datePublished\":\"2021-10-21T13:00:38+00:00\",\"mainEntityOfPage\":{\"@id\":\"https:\\\/\\\/jornaldasoficinas.com\\\/pt\\\/tco-dos-veiculos-eletricos-e-mais-economico-em-portugal\\\/\"},\"wordCount\":475,\"publisher\":{\"@id\":\"https:\\\/\\\/jornaldasoficinas.com\\\/pt\\\/#organization\"},\"image\":{\"@id\":\"https:\\\/\\\/jornaldasoficinas.com\\\/pt\\\/tco-dos-veiculos-eletricos-e-mais-economico-em-portugal\\\/#primaryimage\"},\"thumbnailUrl\":\"https:\\\/\\\/jornaldasoficinas.com\\\/pt\\\/wp-content\\\/uploads\\\/2021\\\/09\\\/TCO-dos-veiculos-eletricos-1.png\",\"keywords\":[\"LeasePlan\"],\"articleSection\":[\"Mercado\"],\"inLanguage\":\"pt-PT\"},{\"@type\":\"WebPage\",\"@id\":\"https:\\\/\\\/jornaldasoficinas.com\\\/pt\\\/tco-dos-veiculos-eletricos-e-mais-economico-em-portugal\\\/\",\"url\":\"https:\\\/\\\/jornaldasoficinas.com\\\/pt\\\/tco-dos-veiculos-eletricos-e-mais-economico-em-portugal\\\/\",\"name\":\"TCO dos ve\u00edculos el\u00e9tricos \u00e9 mais econ\u00f3mico em Portugal - Jornal das Oficinas\",\"isPartOf\":{\"@id\":\"https:\\\/\\\/jornaldasoficinas.com\\\/pt\\\/#website\"},\"primaryImageOfPage\":{\"@id\":\"https:\\\/\\\/jornaldasoficinas.com\\\/pt\\\/tco-dos-veiculos-eletricos-e-mais-economico-em-portugal\\\/#primaryimage\"},\"image\":{\"@id\":\"https:\\\/\\\/jornaldasoficinas.com\\\/pt\\\/tco-dos-veiculos-eletricos-e-mais-economico-em-portugal\\\/#primaryimage\"},\"thumbnailUrl\":\"https:\\\/\\\/jornaldasoficinas.com\\\/pt\\\/wp-content\\\/uploads\\\/2021\\\/09\\\/TCO-dos-veiculos-eletricos-1.png\",\"datePublished\":\"2021-10-21T13:00:38+00:00\",\"breadcrumb\":{\"@id\":\"https:\\\/\\\/jornaldasoficinas.com\\\/pt\\\/tco-dos-veiculos-eletricos-e-mais-economico-em-portugal\\\/#breadcrumb\"},\"inLanguage\":\"pt-PT\",\"potentialAction\":[{\"@type\":\"ReadAction\",\"target\":[\"https:\\\/\\\/jornaldasoficinas.com\\\/pt\\\/tco-dos-veiculos-eletricos-e-mais-economico-em-portugal\\\/\"]}]},{\"@type\":\"ImageObject\",\"inLanguage\":\"pt-PT\",\"@id\":\"https:\\\/\\\/jornaldasoficinas.com\\\/pt\\\/tco-dos-veiculos-eletricos-e-mais-economico-em-portugal\\\/#primaryimage\",\"url\":\"https:\\\/\\\/jornaldasoficinas.com\\\/pt\\\/wp-content\\\/uploads\\\/2021\\\/09\\\/TCO-dos-veiculos-eletricos-1.png\",\"contentUrl\":\"https:\\\/\\\/jornaldasoficinas.com\\\/pt\\\/wp-content\\\/uploads\\\/2021\\\/09\\\/TCO-dos-veiculos-eletricos-1.png\",\"width\":1024,\"height\":581,\"caption\":\"09 - TCO-dos-veiculos-eletricos-1\"},{\"@type\":\"BreadcrumbList\",\"@id\":\"https:\\\/\\\/jornaldasoficinas.com\\\/pt\\\/tco-dos-veiculos-eletricos-e-mais-economico-em-portugal\\\/#breadcrumb\",\"itemListElement\":[{\"@type\":\"ListItem\",\"position\":1,\"name\":\"In\u00edcio\",\"item\":\"https:\\\/\\\/jornaldasoficinas.com\\\/pt\\\/\"},{\"@type\":\"ListItem\",\"position\":2,\"name\":\"TCO dos ve\u00edculos el\u00e9tricos \u00e9 mais econ\u00f3mico em Portugal\"}]},{\"@type\":\"WebSite\",\"@id\":\"https:\\\/\\\/jornaldasoficinas.com\\\/pt\\\/#website\",\"url\":\"https:\\\/\\\/jornaldasoficinas.com\\\/pt\\\/\",\"name\":\"Jornal das Oficinas\",\"description\":\"Jornal independente do Aftermarket Autom\u00f3vel em Portugal\",\"publisher\":{\"@id\":\"https:\\\/\\\/jornaldasoficinas.com\\\/pt\\\/#organization\"},\"potentialAction\":[{\"@type\":\"SearchAction\",\"target\":{\"@type\":\"EntryPoint\",\"urlTemplate\":\"https:\\\/\\\/jornaldasoficinas.com\\\/pt\\\/?s={search_term_string}\"},\"query-input\":{\"@type\":\"PropertyValueSpecification\",\"valueRequired\":true,\"valueName\":\"search_term_string\"}}],\"inLanguage\":\"pt-PT\"},{\"@type\":\"Organization\",\"@id\":\"https:\\\/\\\/jornaldasoficinas.com\\\/pt\\\/#organization\",\"name\":\"Jornal das Oficinas\",\"url\":\"https:\\\/\\\/jornaldasoficinas.com\\\/pt\\\/\",\"logo\":{\"@type\":\"ImageObject\",\"inLanguage\":\"pt-PT\",\"@id\":\"https:\\\/\\\/jornaldasoficinas.com\\\/pt\\\/#\\\/schema\\\/logo\\\/image\\\/\",\"url\":\"https:\\\/\\\/jornaldasoficinas.com\\\/pt\\\/wp-content\\\/uploads\\\/logoJO-SEO.png\",\"contentUrl\":\"https:\\\/\\\/jornaldasoficinas.com\\\/pt\\\/wp-content\\\/uploads\\\/logoJO-SEO.png\",\"width\":285,\"height\":450,\"caption\":\"Jornal das Oficinas\"},\"image\":{\"@id\":\"https:\\\/\\\/jornaldasoficinas.com\\\/pt\\\/#\\\/schema\\\/logo\\\/image\\\/\"},\"sameAs\":[\"https:\\\/\\\/www.facebook.com\\\/jornaloficinas\",\"https:\\\/\\\/x.com\\\/jornaloficinas\",\"https:\\\/\\\/www.instagram.com\\\/jornal_oficinas\\\/\",\"https:\\\/\\\/www.linkedin.com\\\/company\\\/jornal-das-oficinas\\\/\",\"https:\\\/\\\/www.youtube.com\\\/channel\\\/UCbQZBqtcvV-oSQrr7RzINGg\"]},{\"@type\":\"Person\",\"@id\":\"https:\\\/\\\/jornaldasoficinas.com\\\/pt\\\/#\\\/schema\\\/person\\\/a38eef5de2c41d9e7c9ac10141afddf3\",\"name\":\"Reda\u00e7\u00e3o JO\",\"image\":{\"@type\":\"ImageObject\",\"inLanguage\":\"pt-PT\",\"@id\":\"https:\\\/\\\/secure.gravatar.com\\\/avatar\\\/71f2fa71737ad68a84fea94bc708ddac8ea5b0c4788dc2ad202f3ccb2887742f?s=96&d=wp_user_avatar&r=g\",\"url\":\"https:\\\/\\\/secure.gravatar.com\\\/avatar\\\/71f2fa71737ad68a84fea94bc708ddac8ea5b0c4788dc2ad202f3ccb2887742f?s=96&d=wp_user_avatar&r=g\",\"contentUrl\":\"https:\\\/\\\/secure.gravatar.com\\\/avatar\\\/71f2fa71737ad68a84fea94bc708ddac8ea5b0c4788dc2ad202f3ccb2887742f?s=96&d=wp_user_avatar&r=g\",\"caption\":\"Reda\u00e7\u00e3o JO\"},\"url\":\"https:\\\/\\\/jornaldasoficinas.com\\\/pt\\\/author\\\/joredacao\\\/\"}]}<\/script>\n<!-- \/ Yoast SEO plugin. -->","yoast_head_json":{"title":"TCO dos ve\u00edculos el\u00e9tricos \u00e9 mais econ\u00f3mico em Portugal - Jornal das Oficinas","robots":{"index":"index","follow":"follow","max-snippet":"max-snippet:-1","max-image-preview":"max-image-preview:large","max-video-preview":"max-video-preview:-1"},"canonical":"https:\/\/jornaldasoficinas.com\/pt\/tco-dos-veiculos-eletricos-e-mais-economico-em-portugal\/","og_locale":"pt_PT","og_type":"article","og_title":"TCO dos ve\u00edculos el\u00e9tricos \u00e9 mais econ\u00f3mico em Portugal - Jornal das Oficinas","og_description":"A LeasePlan acaba de divulgar o...","og_url":"https:\/\/jornaldasoficinas.com\/pt\/tco-dos-veiculos-eletricos-e-mais-economico-em-portugal\/","og_site_name":"Jornal das Oficinas","article_publisher":"https:\/\/www.facebook.com\/jornaloficinas","article_published_time":"2021-10-21T13:00:38+00:00","og_image":[{"width":1024,"height":581,"url":"https:\/\/jornaldasoficinas.com\/pt\/wp-content\/uploads\/2021\/09\/TCO-dos-veiculos-eletricos-1.png","type":"image\/png"}],"author":"Reda\u00e7\u00e3o JO","twitter_card":"summary_large_image","twitter_creator":"@jornaloficinas","twitter_site":"@jornaloficinas","twitter_misc":{"Escrito por":"Reda\u00e7\u00e3o JO","Tempo estimado de leitura":"2 minutos"},"schema":{"@context":"https:\/\/schema.org","@graph":[{"@type":"Article","@id":"https:\/\/jornaldasoficinas.com\/pt\/tco-dos-veiculos-eletricos-e-mais-economico-em-portugal\/#article","isPartOf":{"@id":"https:\/\/jornaldasoficinas.com\/pt\/tco-dos-veiculos-eletricos-e-mais-economico-em-portugal\/"},"author":{"name":"Reda\u00e7\u00e3o JO","@id":"https:\/\/jornaldasoficinas.com\/pt\/#\/schema\/person\/a38eef5de2c41d9e7c9ac10141afddf3"},"headline":"TCO dos ve\u00edculos el\u00e9tricos \u00e9 mais econ\u00f3mico em Portugal","datePublished":"2021-10-21T13:00:38+00:00","mainEntityOfPage":{"@id":"https:\/\/jornaldasoficinas.com\/pt\/tco-dos-veiculos-eletricos-e-mais-economico-em-portugal\/"},"wordCount":475,"publisher":{"@id":"https:\/\/jornaldasoficinas.com\/pt\/#organization"},"image":{"@id":"https:\/\/jornaldasoficinas.com\/pt\/tco-dos-veiculos-eletricos-e-mais-economico-em-portugal\/#primaryimage"},"thumbnailUrl":"https:\/\/jornaldasoficinas.com\/pt\/wp-content\/uploads\/2021\/09\/TCO-dos-veiculos-eletricos-1.png","keywords":["LeasePlan"],"articleSection":["Mercado"],"inLanguage":"pt-PT"},{"@type":"WebPage","@id":"https:\/\/jornaldasoficinas.com\/pt\/tco-dos-veiculos-eletricos-e-mais-economico-em-portugal\/","url":"https:\/\/jornaldasoficinas.com\/pt\/tco-dos-veiculos-eletricos-e-mais-economico-em-portugal\/","name":"TCO dos ve\u00edculos el\u00e9tricos \u00e9 mais econ\u00f3mico em Portugal - Jornal das Oficinas","isPartOf":{"@id":"https:\/\/jornaldasoficinas.com\/pt\/#website"},"primaryImageOfPage":{"@id":"https:\/\/jornaldasoficinas.com\/pt\/tco-dos-veiculos-eletricos-e-mais-economico-em-portugal\/#primaryimage"},"image":{"@id":"https:\/\/jornaldasoficinas.com\/pt\/tco-dos-veiculos-eletricos-e-mais-economico-em-portugal\/#primaryimage"},"thumbnailUrl":"https:\/\/jornaldasoficinas.com\/pt\/wp-content\/uploads\/2021\/09\/TCO-dos-veiculos-eletricos-1.png","datePublished":"2021-10-21T13:00:38+00:00","breadcrumb":{"@id":"https:\/\/jornaldasoficinas.com\/pt\/tco-dos-veiculos-eletricos-e-mais-economico-em-portugal\/#breadcrumb"},"inLanguage":"pt-PT","potentialAction":[{"@type":"ReadAction","target":["https:\/\/jornaldasoficinas.com\/pt\/tco-dos-veiculos-eletricos-e-mais-economico-em-portugal\/"]}]},{"@type":"ImageObject","inLanguage":"pt-PT","@id":"https:\/\/jornaldasoficinas.com\/pt\/tco-dos-veiculos-eletricos-e-mais-economico-em-portugal\/#primaryimage","url":"https:\/\/jornaldasoficinas.com\/pt\/wp-content\/uploads\/2021\/09\/TCO-dos-veiculos-eletricos-1.png","contentUrl":"https:\/\/jornaldasoficinas.com\/pt\/wp-content\/uploads\/2021\/09\/TCO-dos-veiculos-eletricos-1.png","width":1024,"height":581,"caption":"09 - TCO-dos-veiculos-eletricos-1"},{"@type":"BreadcrumbList","@id":"https:\/\/jornaldasoficinas.com\/pt\/tco-dos-veiculos-eletricos-e-mais-economico-em-portugal\/#breadcrumb","itemListElement":[{"@type":"ListItem","position":1,"name":"In\u00edcio","item":"https:\/\/jornaldasoficinas.com\/pt\/"},{"@type":"ListItem","position":2,"name":"TCO dos ve\u00edculos el\u00e9tricos \u00e9 mais econ\u00f3mico em Portugal"}]},{"@type":"WebSite","@id":"https:\/\/jornaldasoficinas.com\/pt\/#website","url":"https:\/\/jornaldasoficinas.com\/pt\/","name":"Jornal das Oficinas","description":"Jornal independente do Aftermarket Autom\u00f3vel em Portugal","publisher":{"@id":"https:\/\/jornaldasoficinas.com\/pt\/#organization"},"potentialAction":[{"@type":"SearchAction","target":{"@type":"EntryPoint","urlTemplate":"https:\/\/jornaldasoficinas.com\/pt\/?s={search_term_string}"},"query-input":{"@type":"PropertyValueSpecification","valueRequired":true,"valueName":"search_term_string"}}],"inLanguage":"pt-PT"},{"@type":"Organization","@id":"https:\/\/jornaldasoficinas.com\/pt\/#organization","name":"Jornal das Oficinas","url":"https:\/\/jornaldasoficinas.com\/pt\/","logo":{"@type":"ImageObject","inLanguage":"pt-PT","@id":"https:\/\/jornaldasoficinas.com\/pt\/#\/schema\/logo\/image\/","url":"https:\/\/jornaldasoficinas.com\/pt\/wp-content\/uploads\/logoJO-SEO.png","contentUrl":"https:\/\/jornaldasoficinas.com\/pt\/wp-content\/uploads\/logoJO-SEO.png","width":285,"height":450,"caption":"Jornal das Oficinas"},"image":{"@id":"https:\/\/jornaldasoficinas.com\/pt\/#\/schema\/logo\/image\/"},"sameAs":["https:\/\/www.facebook.com\/jornaloficinas","https:\/\/x.com\/jornaloficinas","https:\/\/www.instagram.com\/jornal_oficinas\/","https:\/\/www.linkedin.com\/company\/jornal-das-oficinas\/","https:\/\/www.youtube.com\/channel\/UCbQZBqtcvV-oSQrr7RzINGg"]},{"@type":"Person","@id":"https:\/\/jornaldasoficinas.com\/pt\/#\/schema\/person\/a38eef5de2c41d9e7c9ac10141afddf3","name":"Reda\u00e7\u00e3o JO","image":{"@type":"ImageObject","inLanguage":"pt-PT","@id":"https:\/\/secure.gravatar.com\/avatar\/71f2fa71737ad68a84fea94bc708ddac8ea5b0c4788dc2ad202f3ccb2887742f?s=96&d=wp_user_avatar&r=g","url":"https:\/\/secure.gravatar.com\/avatar\/71f2fa71737ad68a84fea94bc708ddac8ea5b0c4788dc2ad202f3ccb2887742f?s=96&d=wp_user_avatar&r=g","contentUrl":"https:\/\/secure.gravatar.com\/avatar\/71f2fa71737ad68a84fea94bc708ddac8ea5b0c4788dc2ad202f3ccb2887742f?s=96&d=wp_user_avatar&r=g","caption":"Reda\u00e7\u00e3o JO"},"url":"https:\/\/jornaldasoficinas.com\/pt\/author\/joredacao\/"}]}},"_links":{"self":[{"href":"https:\/\/jornaldasoficinas.com\/pt\/wp-json\/wp\/v2\/posts\/24734","targetHints":{"allow":["GET"]}}],"collection":[{"href":"https:\/\/jornaldasoficinas.com\/pt\/wp-json\/wp\/v2\/posts"}],"about":[{"href":"https:\/\/jornaldasoficinas.com\/pt\/wp-json\/wp\/v2\/types\/post"}],"author":[{"embeddable":true,"href":"https:\/\/jornaldasoficinas.com\/pt\/wp-json\/wp\/v2\/users\/15"}],"replies":[{"embeddable":true,"href":"https:\/\/jornaldasoficinas.com\/pt\/wp-json\/wp\/v2\/comments?post=24734"}],"version-history":[{"count":0,"href":"https:\/\/jornaldasoficinas.com\/pt\/wp-json\/wp\/v2\/posts\/24734\/revisions"}],"wp:featuredmedia":[{"embeddable":true,"href":"https:\/\/jornaldasoficinas.com\/pt\/wp-json\/wp\/v2\/media\/24729"}],"wp:attachment":[{"href":"https:\/\/jornaldasoficinas.com\/pt\/wp-json\/wp\/v2\/media?parent=24734"}],"wp:term":[{"taxonomy":"category","embeddable":true,"href":"https:\/\/jornaldasoficinas.com\/pt\/wp-json\/wp\/v2\/categories?post=24734"},{"taxonomy":"post_tag","embeddable":true,"href":"https:\/\/jornaldasoficinas.com\/pt\/wp-json\/wp\/v2\/tags?post=24734"}],"curies":[{"name":"wp","href":"https:\/\/api.w.org\/{rel}","templated":true}]}}