{"id":24740,"date":"2021-10-21T18:00:53","date_gmt":"2021-10-21T17:00:53","guid":{"rendered":"https:\/\/jornaldasoficinas.com\/pt\/?p=24740"},"modified":"2023-07-19T15:48:50","modified_gmt":"2023-07-19T14:48:50","slug":"autopromotec-2022-marca-forte-evolucao-tecnologica","status":"publish","type":"post","link":"https:\/\/jornaldasoficinas.com\/pt\/autopromotec-2022-marca-forte-evolucao-tecnologica\/","title":{"rendered":"Autopromotec 2022 marca forte evolu\u00e7\u00e3o tecnol\u00f3gica"},"content":{"rendered":"<p><img loading=\"lazy\" decoding=\"async\" class=\"alignnone size-full wp-image-24726\" src=\"https:\/\/jornaldasoficinas.com\/pt\/wp-content\/uploads\/2021\/09\/Autopromotec-2022-1.jpg\" alt=\"09 - Autopromotec-2022-1\" width=\"1024\" height=\"581\" srcset=\"https:\/\/jornaldasoficinas.com\/pt\/wp-content\/uploads\/2021\/09\/Autopromotec-2022-1.jpg 1024w, https:\/\/jornaldasoficinas.com\/pt\/wp-content\/uploads\/2021\/09\/Autopromotec-2022-1-300x170.jpg 300w, https:\/\/jornaldasoficinas.com\/pt\/wp-content\/uploads\/2021\/09\/Autopromotec-2022-1-150x85.jpg 150w, https:\/\/jornaldasoficinas.com\/pt\/wp-content\/uploads\/2021\/09\/Autopromotec-2022-1-768x436.jpg 768w\" sizes=\"auto, (max-width: 1024px) 100vw, 1024px\" \/><\/p>\n<p><strong><a href=\"https:\/\/www.autopromotec.com\/en\/\" target=\"_blank\" rel=\"noopener\">Autopromotec<\/a>, a exposi\u00e7\u00e3o internacional de dois em dois anos de equipamento e aftermarket autom\u00f3vel, \u00e9 confirmada como um evento imperd\u00edvel para a ind\u00fastria<\/strong><\/p>\n<p>Muito antes da abertura no Centro de Exposi\u00e7\u00f5es de Bolonha e muito antes do prazo para a apresenta\u00e7\u00e3o de candidaturas, os organizadores anunciam n\u00fameros excepcionais, com v\u00e1rios pavilh\u00f5es j\u00e1 cheios e alguns sectores a registar um forte crescimento.<\/p>\n<p>O prazo de candidatura para a 29\u00aa exposi\u00e7\u00e3o Autopromotec, que ter\u00e1 lugar em Bolonha de 25 a 28 de Maio de 2022, expira a 30 de Outubro de 2021. As previs\u00f5es de uma campanha de inscri\u00e7\u00f5es bem sucedida &#8211; mostrando o quanto as empresas querem voltar a expor e relan\u00e7ar os seus neg\u00f3cios &#8211; s\u00e3o confirmadas pelo n\u00famero de inscri\u00e7\u00f5es comunicadas pelos organizadores.<\/p>\n<p>O atual espa\u00e7o de exposi\u00e7\u00e3o registado confirma a gama completa de produtos expostos no evento, com v\u00e1rios pavilh\u00f5es j\u00e1 cheios. Algumas \u00e1reas est\u00e3o tamb\u00e9m a registar um aumento das inscri\u00e7\u00f5es, o que levou os organizadores a reservar ainda mais espa\u00e7o para sectores espec\u00edficos do mercado.<\/p>\n<p>Depois de muito tempo, Autopromotec 2022 \u00e9 uma oportunidade para os intervenientes no mercado p\u00f3s-venda autom\u00f3vel se encontrarem e descobrirem pessoalmente todas as inova\u00e7\u00f5es envolvidas no processo de evolu\u00e7\u00e3o tecnol\u00f3gica que tem vindo a moldar o sector nos \u00faltimos anos. Este \u00e9 de facto o primeiro grande evento em presen\u00e7a desde 2019.<\/p>\n<p>Renzo Servadei, CEO da Autopromotec, comenta o elevado n\u00famero de candidaturas recebidas: &#8220;Estamos muito orgulhosos de confirmar que a Autopromotec 2022 contar\u00e1 com a presen\u00e7a maci\u00e7a de todo o sector do aftermarket autom\u00f3vel nacional e internacional. Mesmo antes do encerramento oficial das inscri\u00e7\u00f5es, que ter\u00e1 lugar a 30 de Outubro, j\u00e1 podemos anunciar que este ser\u00e1 um evento de alto n\u00edvel em termos de qualidade e n\u00famero de pessoas presentes, compar\u00e1vel \u00e0 exposi\u00e7\u00e3o de 2019&#8221;.<\/p>\n<p>O novo visual para a Autopromotec 2022 sublinha ainda mais a estreita liga\u00e7\u00e3o entre o factor humano e o mundo da tecnologia, fundindo-se para criar a pr\u00f3xima gera\u00e7\u00e3o de mobilidade sustent\u00e1vel. Nesta viagem para a exposi\u00e7\u00e3o Autopromotec 2022, o emblema do evento ir\u00e1 gradualmente revelar-se, levando os visitantes cada vez mais perto do cora\u00e7\u00e3o da tecnologia para o mercado p\u00f3s-venda autom\u00f3vel.<\/p>\n<p><strong>Setores em exposi\u00e7\u00e3o<br \/>\n<\/strong>A cerca de oito meses da abertura do evento, os organizadores est\u00e3o a anunciar os setores do espa\u00e7o de exposi\u00e7\u00e3o. O equipamento de servi\u00e7o para a ind\u00fastria de pneus e eleva\u00e7\u00e3o, que tem sido historicamente o n\u00facleo da exposi\u00e7\u00e3o, continua a ser um dos sectores l\u00edderes com um espa\u00e7o de stand registado de 70%. Na Autopromotec 2022, estes sectores estar\u00e3o expostos nos pavilh\u00f5es 19, 22 e parte do 29.<\/p>\n<p>At\u00e9 ao Hall 30 &#8211; onde ser\u00e1 exposto equipamento de diagn\u00f3stico &#8211; o espa\u00e7o de exposi\u00e7\u00e3o est\u00e1 atualmente 80% cheio. Este sector centra-se nos novos regulamentos para revis\u00f5es de ve\u00edculos, mas tamb\u00e9m na manuten\u00e7\u00e3o de ve\u00edculos cada vez mais ligados, que requerem um grande desenvolvimento tecnol\u00f3gico, bem como interfaces homem-m\u00e1quina avan\u00e7adas.<\/p>\n<p>Outro sector fundamental para a Autopromotec que est\u00e1 a mostrar um forte crescimento \u00e9 o dos equipamentos e produtos para oficinas de repara\u00e7\u00e3o de carro\u00e7arias. Aqui, para os Halls 26 e 29, a capacidade de espa\u00e7o registada \u00e9 de 90%. As inova\u00e7\u00f5es tecnol\u00f3gicas no sector ser\u00e3o aqui o foco principal.<\/p>\n<p>A ind\u00fastria de pe\u00e7as sobressalentes, que \u00e9 a mais recente a ter aderido \u00e0 exposi\u00e7\u00e3o, relata um n\u00famero significativo: A Autopromotec 2022 acolher\u00e1 4 pavilh\u00f5es especificamente para este sector, em compara\u00e7\u00e3o com os 3 da exposi\u00e7\u00e3o anterior. Todos os novos produtos na \u00e1rea das pe\u00e7as sobressalentes, componentes e servi\u00e7o autom\u00f3vel estar\u00e3o expostos nos pavilh\u00f5es 14, 16, 18 e 21, que j\u00e1 se encontram 70% cheios.<\/p>\n<p>No mercado dos pneus e rodas, muitos dos principais intervenientes da \u00faltima exposi\u00e7\u00e3o &#8211; incluindo vendedores e concession\u00e1rios &#8211; j\u00e1 se inscreveram para participar. No entanto, deve ser feita aqui uma distin\u00e7\u00e3o, uma vez que existe uma taxa de confirma\u00e7\u00e3o de 60% entre as empresas ocidentais, enquanto que se verifica um abrandamento na regi\u00e3o do Extremo Oriente em resultado das actuais restri\u00e7\u00f5es de viagem que afectam v\u00e1rios pa\u00edses da regi\u00e3o.<\/p>\n<p>Um destaque para este sector \u00e9 o evento &#8220;Recircle Awards&#8221;, realizado durante a Autopromotec 2022 e organizado em coopera\u00e7\u00e3o com revistas t\u00e3o respeitadas como &#8220;Retreading Business&#8221; e &#8220;Tyre &amp; Rubber Recycling&#8221;, ambas centradas na inova\u00e7\u00e3o, processo de produ\u00e7\u00e3o, gest\u00e3o e servi\u00e7os sustent\u00e1veis dentro dos sectores da recauchutagem e reciclagem de pneus.<\/p>\n<p>Outra \u00e1rea de especial interesse para a oficina de autom\u00f3veis \u00e9 a dos lubrificantes, com o pavilh\u00e3o 28 e parte do pavilh\u00e3o 29 reservados a este sector, que est\u00e1 actualmente 60% cheio.<\/p>\n<p>O pavilh\u00e3o 36, onde se encontram expostas ferramentas, compressores e equipamento polivalente, est\u00e1 actualmente 65% cheio.<\/p>\n<p>Finalmente, a ind\u00fastria de lavagem de autom\u00f3veis parece ser extremamente din\u00e2mica e estrat\u00e9gica para a Autopromotec. Equipamento e produtos para esta\u00e7\u00f5es de servi\u00e7o, lavagens de autom\u00f3veis e Car Care, est\u00e3o expostos no pavilh\u00e3o 25, que est\u00e1 actualmente 70% cheio.<\/p>\n<p>&#8220;Todas as inova\u00e7\u00f5es e tend\u00eancias mais quentes que impulsionam o mercado de p\u00f3s-venda autom\u00f3vel estar\u00e3o em destaque na exposi\u00e7\u00e3o &#8211; desde a mais recente tecnologia na ind\u00fastria de repara\u00e7\u00e3o autom\u00f3vel at\u00e9 ao know-how especial necess\u00e1rio para acompanhar os tempos de mudan\u00e7a&#8221;, explica Renzo Servadei, CEO da Autopromotec. &#8220;Ser\u00e1 tamb\u00e9m dada uma aten\u00e7\u00e3o especial aos carros ligados, aos novos requisitos de mobilidade para o futuro, \u00e0s novas mudan\u00e7as na ind\u00fastria da carro\u00e7aria, bem como aos \u00faltimos desenvolvimentos no sector da lavagem de pneus e autom\u00f3veis.<\/p>\n<p>Estas s\u00e3o apenas algumas das raz\u00f5es pelas quais \u00e9 t\u00e3o importante estar presente na Autopromotec 2022. Com alguns dos pavilh\u00f5es j\u00e1 perto da sua capacidade m\u00e1xima, recomenda-se a todas as empresas interessadas em expor na exposi\u00e7\u00e3o que acelerem a sua candidatura para que os organizadores respondam melhor a todos os pedidos&#8221;, conclui Servadei.<\/p>\n<p>Para se manter atualizado com a Autopromotec e os eventos da exposi\u00e7\u00e3o, recomendamos que verifique as informa\u00e7\u00f5es <a href=\"http:\/\/www.autopromotec.com\" target=\"_blank\" rel=\"noopener\"><strong>aqui<\/strong><\/a><\/p>\n","protected":false},"excerpt":{"rendered":"<p>Autopromotec, a exposi\u00e7\u00e3o internacional de dois&#8230;<\/p>\n","protected":false},"author":15,"featured_media":24726,"comment_status":"closed","ping_status":"closed","sticky":false,"template":"","format":"standard","meta":{"footnotes":""},"categories":[29],"tags":[1027],"class_list":["post-24740","post","type-post","status-publish","format-standard","has-post-thumbnail","hentry","category-empresas","tag-autopromotec"],"yoast_head":"<!-- This site is optimized with the Yoast SEO plugin v27.5 - https:\/\/yoast.com\/product\/yoast-seo-wordpress\/ -->\n<title>Autopromotec 2022 marca forte evolu\u00e7\u00e3o tecnol\u00f3gica - Jornal das Oficinas<\/title>\n<meta name=\"robots\" content=\"index, follow, max-snippet:-1, max-image-preview:large, max-video-preview:-1\" \/>\n<link rel=\"canonical\" href=\"https:\/\/jornaldasoficinas.com\/pt\/autopromotec-2022-marca-forte-evolucao-tecnologica\/\" \/>\n<meta property=\"og:locale\" content=\"pt_PT\" \/>\n<meta property=\"og:type\" content=\"article\" \/>\n<meta property=\"og:title\" content=\"Autopromotec 2022 marca forte evolu\u00e7\u00e3o tecnol\u00f3gica - Jornal das Oficinas\" \/>\n<meta property=\"og:description\" content=\"Autopromotec, a exposi\u00e7\u00e3o internacional de dois...\" \/>\n<meta property=\"og:url\" content=\"https:\/\/jornaldasoficinas.com\/pt\/autopromotec-2022-marca-forte-evolucao-tecnologica\/\" \/>\n<meta property=\"og:site_name\" content=\"Jornal das Oficinas\" \/>\n<meta property=\"article:publisher\" content=\"https:\/\/www.facebook.com\/jornaloficinas\" \/>\n<meta property=\"article:published_time\" content=\"2021-10-21T17:00:53+00:00\" \/>\n<meta property=\"article:modified_time\" content=\"2023-07-19T14:48:50+00:00\" \/>\n<meta property=\"og:image\" content=\"https:\/\/jornaldasoficinas.com\/pt\/wp-content\/uploads\/2021\/09\/Autopromotec-2022-1.jpg\" \/>\n\t<meta property=\"og:image:width\" content=\"1024\" \/>\n\t<meta property=\"og:image:height\" content=\"581\" \/>\n\t<meta property=\"og:image:type\" content=\"image\/jpeg\" \/>\n<meta name=\"author\" content=\"Reda\u00e7\u00e3o JO\" \/>\n<meta name=\"twitter:card\" content=\"summary_large_image\" \/>\n<meta name=\"twitter:creator\" content=\"@jornaloficinas\" \/>\n<meta name=\"twitter:site\" content=\"@jornaloficinas\" \/>\n<meta name=\"twitter:label1\" content=\"Escrito por\" \/>\n\t<meta name=\"twitter:data1\" content=\"Reda\u00e7\u00e3o JO\" \/>\n\t<meta name=\"twitter:label2\" content=\"Tempo estimado de leitura\" \/>\n\t<meta name=\"twitter:data2\" content=\"5 minutos\" \/>\n<script type=\"application\/ld+json\" class=\"yoast-schema-graph\">{\"@context\":\"https:\\\/\\\/schema.org\",\"@graph\":[{\"@type\":\"Article\",\"@id\":\"https:\\\/\\\/jornaldasoficinas.com\\\/pt\\\/autopromotec-2022-marca-forte-evolucao-tecnologica\\\/#article\",\"isPartOf\":{\"@id\":\"https:\\\/\\\/jornaldasoficinas.com\\\/pt\\\/autopromotec-2022-marca-forte-evolucao-tecnologica\\\/\"},\"author\":{\"name\":\"Reda\u00e7\u00e3o JO\",\"@id\":\"https:\\\/\\\/jornaldasoficinas.com\\\/pt\\\/#\\\/schema\\\/person\\\/a38eef5de2c41d9e7c9ac10141afddf3\"},\"headline\":\"Autopromotec 2022 marca forte evolu\u00e7\u00e3o tecnol\u00f3gica\",\"datePublished\":\"2021-10-21T17:00:53+00:00\",\"dateModified\":\"2023-07-19T14:48:50+00:00\",\"mainEntityOfPage\":{\"@id\":\"https:\\\/\\\/jornaldasoficinas.com\\\/pt\\\/autopromotec-2022-marca-forte-evolucao-tecnologica\\\/\"},\"wordCount\":1058,\"publisher\":{\"@id\":\"https:\\\/\\\/jornaldasoficinas.com\\\/pt\\\/#organization\"},\"image\":{\"@id\":\"https:\\\/\\\/jornaldasoficinas.com\\\/pt\\\/autopromotec-2022-marca-forte-evolucao-tecnologica\\\/#primaryimage\"},\"thumbnailUrl\":\"https:\\\/\\\/jornaldasoficinas.com\\\/pt\\\/wp-content\\\/uploads\\\/2021\\\/09\\\/Autopromotec-2022-1.jpg\",\"keywords\":[\"Autopromotec\"],\"articleSection\":[\"Empresas\"],\"inLanguage\":\"pt-PT\"},{\"@type\":\"WebPage\",\"@id\":\"https:\\\/\\\/jornaldasoficinas.com\\\/pt\\\/autopromotec-2022-marca-forte-evolucao-tecnologica\\\/\",\"url\":\"https:\\\/\\\/jornaldasoficinas.com\\\/pt\\\/autopromotec-2022-marca-forte-evolucao-tecnologica\\\/\",\"name\":\"Autopromotec 2022 marca forte evolu\u00e7\u00e3o tecnol\u00f3gica - Jornal das Oficinas\",\"isPartOf\":{\"@id\":\"https:\\\/\\\/jornaldasoficinas.com\\\/pt\\\/#website\"},\"primaryImageOfPage\":{\"@id\":\"https:\\\/\\\/jornaldasoficinas.com\\\/pt\\\/autopromotec-2022-marca-forte-evolucao-tecnologica\\\/#primaryimage\"},\"image\":{\"@id\":\"https:\\\/\\\/jornaldasoficinas.com\\\/pt\\\/autopromotec-2022-marca-forte-evolucao-tecnologica\\\/#primaryimage\"},\"thumbnailUrl\":\"https:\\\/\\\/jornaldasoficinas.com\\\/pt\\\/wp-content\\\/uploads\\\/2021\\\/09\\\/Autopromotec-2022-1.jpg\",\"datePublished\":\"2021-10-21T17:00:53+00:00\",\"dateModified\":\"2023-07-19T14:48:50+00:00\",\"breadcrumb\":{\"@id\":\"https:\\\/\\\/jornaldasoficinas.com\\\/pt\\\/autopromotec-2022-marca-forte-evolucao-tecnologica\\\/#breadcrumb\"},\"inLanguage\":\"pt-PT\",\"potentialAction\":[{\"@type\":\"ReadAction\",\"target\":[\"https:\\\/\\\/jornaldasoficinas.com\\\/pt\\\/autopromotec-2022-marca-forte-evolucao-tecnologica\\\/\"]}]},{\"@type\":\"ImageObject\",\"inLanguage\":\"pt-PT\",\"@id\":\"https:\\\/\\\/jornaldasoficinas.com\\\/pt\\\/autopromotec-2022-marca-forte-evolucao-tecnologica\\\/#primaryimage\",\"url\":\"https:\\\/\\\/jornaldasoficinas.com\\\/pt\\\/wp-content\\\/uploads\\\/2021\\\/09\\\/Autopromotec-2022-1.jpg\",\"contentUrl\":\"https:\\\/\\\/jornaldasoficinas.com\\\/pt\\\/wp-content\\\/uploads\\\/2021\\\/09\\\/Autopromotec-2022-1.jpg\",\"width\":1024,\"height\":581,\"caption\":\"09 - Autopromotec-2022-1\"},{\"@type\":\"BreadcrumbList\",\"@id\":\"https:\\\/\\\/jornaldasoficinas.com\\\/pt\\\/autopromotec-2022-marca-forte-evolucao-tecnologica\\\/#breadcrumb\",\"itemListElement\":[{\"@type\":\"ListItem\",\"position\":1,\"name\":\"In\u00edcio\",\"item\":\"https:\\\/\\\/jornaldasoficinas.com\\\/pt\\\/\"},{\"@type\":\"ListItem\",\"position\":2,\"name\":\"Autopromotec 2022 marca forte evolu\u00e7\u00e3o tecnol\u00f3gica\"}]},{\"@type\":\"WebSite\",\"@id\":\"https:\\\/\\\/jornaldasoficinas.com\\\/pt\\\/#website\",\"url\":\"https:\\\/\\\/jornaldasoficinas.com\\\/pt\\\/\",\"name\":\"Jornal das Oficinas\",\"description\":\"Jornal independente do Aftermarket Autom\u00f3vel em Portugal\",\"publisher\":{\"@id\":\"https:\\\/\\\/jornaldasoficinas.com\\\/pt\\\/#organization\"},\"potentialAction\":[{\"@type\":\"SearchAction\",\"target\":{\"@type\":\"EntryPoint\",\"urlTemplate\":\"https:\\\/\\\/jornaldasoficinas.com\\\/pt\\\/?s={search_term_string}\"},\"query-input\":{\"@type\":\"PropertyValueSpecification\",\"valueRequired\":true,\"valueName\":\"search_term_string\"}}],\"inLanguage\":\"pt-PT\"},{\"@type\":\"Organization\",\"@id\":\"https:\\\/\\\/jornaldasoficinas.com\\\/pt\\\/#organization\",\"name\":\"Jornal das Oficinas\",\"url\":\"https:\\\/\\\/jornaldasoficinas.com\\\/pt\\\/\",\"logo\":{\"@type\":\"ImageObject\",\"inLanguage\":\"pt-PT\",\"@id\":\"https:\\\/\\\/jornaldasoficinas.com\\\/pt\\\/#\\\/schema\\\/logo\\\/image\\\/\",\"url\":\"https:\\\/\\\/jornaldasoficinas.com\\\/pt\\\/wp-content\\\/uploads\\\/logoJO-SEO.png\",\"contentUrl\":\"https:\\\/\\\/jornaldasoficinas.com\\\/pt\\\/wp-content\\\/uploads\\\/logoJO-SEO.png\",\"width\":285,\"height\":450,\"caption\":\"Jornal das Oficinas\"},\"image\":{\"@id\":\"https:\\\/\\\/jornaldasoficinas.com\\\/pt\\\/#\\\/schema\\\/logo\\\/image\\\/\"},\"sameAs\":[\"https:\\\/\\\/www.facebook.com\\\/jornaloficinas\",\"https:\\\/\\\/x.com\\\/jornaloficinas\",\"https:\\\/\\\/www.instagram.com\\\/jornal_oficinas\\\/\",\"https:\\\/\\\/www.linkedin.com\\\/company\\\/jornal-das-oficinas\\\/\",\"https:\\\/\\\/www.youtube.com\\\/channel\\\/UCbQZBqtcvV-oSQrr7RzINGg\"]},{\"@type\":\"Person\",\"@id\":\"https:\\\/\\\/jornaldasoficinas.com\\\/pt\\\/#\\\/schema\\\/person\\\/a38eef5de2c41d9e7c9ac10141afddf3\",\"name\":\"Reda\u00e7\u00e3o JO\",\"image\":{\"@type\":\"ImageObject\",\"inLanguage\":\"pt-PT\",\"@id\":\"https:\\\/\\\/secure.gravatar.com\\\/avatar\\\/71f2fa71737ad68a84fea94bc708ddac8ea5b0c4788dc2ad202f3ccb2887742f?s=96&d=wp_user_avatar&r=g\",\"url\":\"https:\\\/\\\/secure.gravatar.com\\\/avatar\\\/71f2fa71737ad68a84fea94bc708ddac8ea5b0c4788dc2ad202f3ccb2887742f?s=96&d=wp_user_avatar&r=g\",\"contentUrl\":\"https:\\\/\\\/secure.gravatar.com\\\/avatar\\\/71f2fa71737ad68a84fea94bc708ddac8ea5b0c4788dc2ad202f3ccb2887742f?s=96&d=wp_user_avatar&r=g\",\"caption\":\"Reda\u00e7\u00e3o JO\"},\"url\":\"https:\\\/\\\/jornaldasoficinas.com\\\/pt\\\/author\\\/joredacao\\\/\"}]}<\/script>\n<!-- \/ Yoast SEO plugin. -->","yoast_head_json":{"title":"Autopromotec 2022 marca forte evolu\u00e7\u00e3o tecnol\u00f3gica - Jornal das Oficinas","robots":{"index":"index","follow":"follow","max-snippet":"max-snippet:-1","max-image-preview":"max-image-preview:large","max-video-preview":"max-video-preview:-1"},"canonical":"https:\/\/jornaldasoficinas.com\/pt\/autopromotec-2022-marca-forte-evolucao-tecnologica\/","og_locale":"pt_PT","og_type":"article","og_title":"Autopromotec 2022 marca forte evolu\u00e7\u00e3o tecnol\u00f3gica - Jornal das Oficinas","og_description":"Autopromotec, a exposi\u00e7\u00e3o internacional de dois...","og_url":"https:\/\/jornaldasoficinas.com\/pt\/autopromotec-2022-marca-forte-evolucao-tecnologica\/","og_site_name":"Jornal das Oficinas","article_publisher":"https:\/\/www.facebook.com\/jornaloficinas","article_published_time":"2021-10-21T17:00:53+00:00","article_modified_time":"2023-07-19T14:48:50+00:00","og_image":[{"width":1024,"height":581,"url":"https:\/\/jornaldasoficinas.com\/pt\/wp-content\/uploads\/2021\/09\/Autopromotec-2022-1.jpg","type":"image\/jpeg"}],"author":"Reda\u00e7\u00e3o JO","twitter_card":"summary_large_image","twitter_creator":"@jornaloficinas","twitter_site":"@jornaloficinas","twitter_misc":{"Escrito por":"Reda\u00e7\u00e3o JO","Tempo estimado de leitura":"5 minutos"},"schema":{"@context":"https:\/\/schema.org","@graph":[{"@type":"Article","@id":"https:\/\/jornaldasoficinas.com\/pt\/autopromotec-2022-marca-forte-evolucao-tecnologica\/#article","isPartOf":{"@id":"https:\/\/jornaldasoficinas.com\/pt\/autopromotec-2022-marca-forte-evolucao-tecnologica\/"},"author":{"name":"Reda\u00e7\u00e3o JO","@id":"https:\/\/jornaldasoficinas.com\/pt\/#\/schema\/person\/a38eef5de2c41d9e7c9ac10141afddf3"},"headline":"Autopromotec 2022 marca forte evolu\u00e7\u00e3o tecnol\u00f3gica","datePublished":"2021-10-21T17:00:53+00:00","dateModified":"2023-07-19T14:48:50+00:00","mainEntityOfPage":{"@id":"https:\/\/jornaldasoficinas.com\/pt\/autopromotec-2022-marca-forte-evolucao-tecnologica\/"},"wordCount":1058,"publisher":{"@id":"https:\/\/jornaldasoficinas.com\/pt\/#organization"},"image":{"@id":"https:\/\/jornaldasoficinas.com\/pt\/autopromotec-2022-marca-forte-evolucao-tecnologica\/#primaryimage"},"thumbnailUrl":"https:\/\/jornaldasoficinas.com\/pt\/wp-content\/uploads\/2021\/09\/Autopromotec-2022-1.jpg","keywords":["Autopromotec"],"articleSection":["Empresas"],"inLanguage":"pt-PT"},{"@type":"WebPage","@id":"https:\/\/jornaldasoficinas.com\/pt\/autopromotec-2022-marca-forte-evolucao-tecnologica\/","url":"https:\/\/jornaldasoficinas.com\/pt\/autopromotec-2022-marca-forte-evolucao-tecnologica\/","name":"Autopromotec 2022 marca forte evolu\u00e7\u00e3o tecnol\u00f3gica - Jornal das Oficinas","isPartOf":{"@id":"https:\/\/jornaldasoficinas.com\/pt\/#website"},"primaryImageOfPage":{"@id":"https:\/\/jornaldasoficinas.com\/pt\/autopromotec-2022-marca-forte-evolucao-tecnologica\/#primaryimage"},"image":{"@id":"https:\/\/jornaldasoficinas.com\/pt\/autopromotec-2022-marca-forte-evolucao-tecnologica\/#primaryimage"},"thumbnailUrl":"https:\/\/jornaldasoficinas.com\/pt\/wp-content\/uploads\/2021\/09\/Autopromotec-2022-1.jpg","datePublished":"2021-10-21T17:00:53+00:00","dateModified":"2023-07-19T14:48:50+00:00","breadcrumb":{"@id":"https:\/\/jornaldasoficinas.com\/pt\/autopromotec-2022-marca-forte-evolucao-tecnologica\/#breadcrumb"},"inLanguage":"pt-PT","potentialAction":[{"@type":"ReadAction","target":["https:\/\/jornaldasoficinas.com\/pt\/autopromotec-2022-marca-forte-evolucao-tecnologica\/"]}]},{"@type":"ImageObject","inLanguage":"pt-PT","@id":"https:\/\/jornaldasoficinas.com\/pt\/autopromotec-2022-marca-forte-evolucao-tecnologica\/#primaryimage","url":"https:\/\/jornaldasoficinas.com\/pt\/wp-content\/uploads\/2021\/09\/Autopromotec-2022-1.jpg","contentUrl":"https:\/\/jornaldasoficinas.com\/pt\/wp-content\/uploads\/2021\/09\/Autopromotec-2022-1.jpg","width":1024,"height":581,"caption":"09 - Autopromotec-2022-1"},{"@type":"BreadcrumbList","@id":"https:\/\/jornaldasoficinas.com\/pt\/autopromotec-2022-marca-forte-evolucao-tecnologica\/#breadcrumb","itemListElement":[{"@type":"ListItem","position":1,"name":"In\u00edcio","item":"https:\/\/jornaldasoficinas.com\/pt\/"},{"@type":"ListItem","position":2,"name":"Autopromotec 2022 marca forte evolu\u00e7\u00e3o tecnol\u00f3gica"}]},{"@type":"WebSite","@id":"https:\/\/jornaldasoficinas.com\/pt\/#website","url":"https:\/\/jornaldasoficinas.com\/pt\/","name":"Jornal das Oficinas","description":"Jornal independente do Aftermarket Autom\u00f3vel em Portugal","publisher":{"@id":"https:\/\/jornaldasoficinas.com\/pt\/#organization"},"potentialAction":[{"@type":"SearchAction","target":{"@type":"EntryPoint","urlTemplate":"https:\/\/jornaldasoficinas.com\/pt\/?s={search_term_string}"},"query-input":{"@type":"PropertyValueSpecification","valueRequired":true,"valueName":"search_term_string"}}],"inLanguage":"pt-PT"},{"@type":"Organization","@id":"https:\/\/jornaldasoficinas.com\/pt\/#organization","name":"Jornal das Oficinas","url":"https:\/\/jornaldasoficinas.com\/pt\/","logo":{"@type":"ImageObject","inLanguage":"pt-PT","@id":"https:\/\/jornaldasoficinas.com\/pt\/#\/schema\/logo\/image\/","url":"https:\/\/jornaldasoficinas.com\/pt\/wp-content\/uploads\/logoJO-SEO.png","contentUrl":"https:\/\/jornaldasoficinas.com\/pt\/wp-content\/uploads\/logoJO-SEO.png","width":285,"height":450,"caption":"Jornal das Oficinas"},"image":{"@id":"https:\/\/jornaldasoficinas.com\/pt\/#\/schema\/logo\/image\/"},"sameAs":["https:\/\/www.facebook.com\/jornaloficinas","https:\/\/x.com\/jornaloficinas","https:\/\/www.instagram.com\/jornal_oficinas\/","https:\/\/www.linkedin.com\/company\/jornal-das-oficinas\/","https:\/\/www.youtube.com\/channel\/UCbQZBqtcvV-oSQrr7RzINGg"]},{"@type":"Person","@id":"https:\/\/jornaldasoficinas.com\/pt\/#\/schema\/person\/a38eef5de2c41d9e7c9ac10141afddf3","name":"Reda\u00e7\u00e3o JO","image":{"@type":"ImageObject","inLanguage":"pt-PT","@id":"https:\/\/secure.gravatar.com\/avatar\/71f2fa71737ad68a84fea94bc708ddac8ea5b0c4788dc2ad202f3ccb2887742f?s=96&d=wp_user_avatar&r=g","url":"https:\/\/secure.gravatar.com\/avatar\/71f2fa71737ad68a84fea94bc708ddac8ea5b0c4788dc2ad202f3ccb2887742f?s=96&d=wp_user_avatar&r=g","contentUrl":"https:\/\/secure.gravatar.com\/avatar\/71f2fa71737ad68a84fea94bc708ddac8ea5b0c4788dc2ad202f3ccb2887742f?s=96&d=wp_user_avatar&r=g","caption":"Reda\u00e7\u00e3o JO"},"url":"https:\/\/jornaldasoficinas.com\/pt\/author\/joredacao\/"}]}},"_links":{"self":[{"href":"https:\/\/jornaldasoficinas.com\/pt\/wp-json\/wp\/v2\/posts\/24740","targetHints":{"allow":["GET"]}}],"collection":[{"href":"https:\/\/jornaldasoficinas.com\/pt\/wp-json\/wp\/v2\/posts"}],"about":[{"href":"https:\/\/jornaldasoficinas.com\/pt\/wp-json\/wp\/v2\/types\/post"}],"author":[{"embeddable":true,"href":"https:\/\/jornaldasoficinas.com\/pt\/wp-json\/wp\/v2\/users\/15"}],"replies":[{"embeddable":true,"href":"https:\/\/jornaldasoficinas.com\/pt\/wp-json\/wp\/v2\/comments?post=24740"}],"version-history":[{"count":0,"href":"https:\/\/jornaldasoficinas.com\/pt\/wp-json\/wp\/v2\/posts\/24740\/revisions"}],"wp:featuredmedia":[{"embeddable":true,"href":"https:\/\/jornaldasoficinas.com\/pt\/wp-json\/wp\/v2\/media\/24726"}],"wp:attachment":[{"href":"https:\/\/jornaldasoficinas.com\/pt\/wp-json\/wp\/v2\/media?parent=24740"}],"wp:term":[{"taxonomy":"category","embeddable":true,"href":"https:\/\/jornaldasoficinas.com\/pt\/wp-json\/wp\/v2\/categories?post=24740"},{"taxonomy":"post_tag","embeddable":true,"href":"https:\/\/jornaldasoficinas.com\/pt\/wp-json\/wp\/v2\/tags?post=24740"}],"curies":[{"name":"wp","href":"https:\/\/api.w.org\/{rel}","templated":true}]}}